{"id":222383,"date":"2025-02-03T15:40:00","date_gmt":"2025-02-03T18:40:00","guid":{"rendered":"https:\/\/www.gaveanews.com\/?p=222383"},"modified":"2025-02-03T14:34:58","modified_gmt":"2025-02-03T17:34:58","slug":"zubeldia-pode-ganhar-reforco-para-proximo-partida-do-sao-paulo","status":"publish","type":"post","link":"https:\/\/www.gaveanews.com\/index.php\/2025\/02\/03\/zubeldia-pode-ganhar-reforco-para-proximo-partida-do-sao-paulo\/","title":{"rendered":"Zubeld\u00eda pode ganhar refor\u00e7o para pr\u00f3ximo partida do S\u00e3o Paulo"},"content":{"rendered":"\n<p>O S\u00e3o Paulo est\u00e1 se preparando para o confronto contra o Mirassol, que acontece nesta quarta-feira, \u00e0s 19h30 (hor\u00e1rio de Bras\u00edlia), no Morumbi, pelo Campeonato Paulista. A partida promete ser um importante teste para o t\u00e9cnico Zubeld\u00eda, que pode contar com um refor\u00e7o crucial para a zaga: Alan Franco.&nbsp;<\/p>\n\n\n\n<p>O zagueiro argentino, que ficou de fora do cl\u00e1ssico contra o Santos devido a uma sobrecarga na coxa esquerda, deve retornar \u00e0 equipe, podendo ser uma das surpresas na escala\u00e7\u00e3o.<\/p>\n\n\n\n<h2 class=\"wp-block-heading\" id=\"h-o-que-muda-com-a-volta-de-alan-franco\">O que muda com a volta de Alan Franco?<\/h2>\n\n\n\n<figure class=\"wp-block-image size-full\"><img loading=\"lazy\" decoding=\"async\" width=\"984\" height=\"905\" src=\"http:\/\/www.gaveanews.com\/wp-content\/uploads\/Alan-Franco-e-apresentado-pelo-Sao-Paulo.webp\" alt=\"\" class=\"wp-image-170687\" srcset=\"https:\/\/www.gaveanews.com\/wp-content\/uploads\/Alan-Franco-e-apresentado-pelo-Sao-Paulo.webp 984w, https:\/\/www.gaveanews.com\/wp-content\/uploads\/Alan-Franco-e-apresentado-pelo-Sao-Paulo-300x276.webp 300w, https:\/\/www.gaveanews.com\/wp-content\/uploads\/Alan-Franco-e-apresentado-pelo-Sao-Paulo-768x706.webp 768w, https:\/\/www.gaveanews.com\/wp-content\/uploads\/Alan-Franco-e-apresentado-pelo-Sao-Paulo-457x420.webp 457w, https:\/\/www.gaveanews.com\/wp-content\/uploads\/Alan-Franco-e-apresentado-pelo-Sao-Paulo-913x840.webp 913w, https:\/\/www.gaveanews.com\/wp-content\/uploads\/Alan-Franco-e-apresentado-pelo-Sao-Paulo-640x589.webp 640w, https:\/\/www.gaveanews.com\/wp-content\/uploads\/Alan-Franco-e-apresentado-pelo-Sao-Paulo-681x626.webp 681w, https:\/\/www.gaveanews.com\/wp-content\/uploads\/Alan-Franco-e-apresentado-pelo-Sao-Paulo-100x92.webp 100w\" sizes=\"auto, (max-width: 984px) 100vw, 984px\" \/><figcaption class=\"wp-element-caption\">Alan Franco \u00e9 apresentado pelo S\u00e3o Paulo (Foto: Rubens Chiri \/ saopaulofc)<\/figcaption><\/figure>\n\n\n\n<p>A aus\u00eancia de Alan Franco no cl\u00e1ssico foi uma medida preventiva adotada pela comiss\u00e3o t\u00e9cnica, que preferiu poup\u00e1-lo para garantir que ele esteja em condi\u00e7\u00f5es ideais para os pr\u00f3ximos desafios.&nbsp;<\/p>\n\n\n\n<p>Durante sua aus\u00eancia, Sabino assumiu a fun\u00e7\u00e3o na zaga, mas n\u00e3o teve uma performance satisfat\u00f3ria, especialmente em termos de organiza\u00e7\u00e3o defensiva e aproveitamento de sua habilidade com a bola. O gramado complicado pela forte chuva na Baixada Santista pode ter dificultado ainda mais sua atua\u00e7\u00e3o.<\/p>\n\n\n\n<p>Al\u00e9m disso, a falta de entrosamento entre os defensores foi um fator que comprometeu a solidez defensiva da equipe, deixando d\u00favidas sobre quem formar\u00e1 a dupla de zaga ao lado de Arboleda no pr\u00f3ximo jogo. Sendo assim, a volta de Alan Franco se torna uma possibilidade importante, considerando sua experi\u00eancia e qualidade t\u00e9cnica.<\/p>\n\n\n\n<h2 class=\"wp-block-heading\" id=\"h-o-sao-paulo-mantem-a-lideranca-do-grupo\">O S\u00e3o Paulo mant\u00e9m a lideran\u00e7a do grupo<\/h2>\n\n\n\n<p>Apesar da derrota no cl\u00e1ssico contra o Santos, o Tricolor ainda se mant\u00e9m na lideran\u00e7a do Grupo C do Campeonato Paulista, somando dez pontos, mesmo com um jogo a menos em rela\u00e7\u00e3o aos outros clubes da chave. Com isso, Zubeld\u00eda e seus comandados sabem que precisam de uma boa recupera\u00e7\u00e3o para seguir na briga pela lideran\u00e7a e por uma vaga nas fases decisivas.<\/p>\n\n\n\n<p>Cabe ressaltar que o retorno de Alan Franco pode ser um diferencial na busca pela estabilidade defensiva do time. Dessa maneira, a expectativa \u00e9 grande para ver o zagueiro argentino em a\u00e7\u00e3o, j\u00e1 que sua presen\u00e7a pode trazer mais seguran\u00e7a \u00e0 zaga do S\u00e3o Paulo para o duelo contra o Mirassol.<\/p>\n","protected":false},"excerpt":{"rendered":"<p>O S\u00e3o Paulo est\u00e1 se preparando para o confronto contra o Mirassol, que acontece nesta quarta-feira, \u00e0s 19h30 (hor\u00e1rio de Bras\u00edlia), no Morumbi, pelo Campeonato Paulista. A partida promete ser um importante teste para o t\u00e9cnico Zubeld\u00eda, que pode contar com um refor\u00e7o crucial para a zaga: Alan Franco.&nbsp; O zagueiro argentino, que ficou de [&hellip;]<\/p>\n","protected":false},"author":25,"featured_media":143461,"comment_status":"open","ping_status":"closed","sticky":false,"template":"","format":"standard","meta":{"footnotes":""},"categories":[151],"tags":[],"class_list":["post-222383","post","type-post","status-publish","format-standard","has-post-thumbnail","hentry","category-sao-paulo"],"yoast_head":"<!-- This site is optimized with the Yoast SEO Premium plugin v24.2 (Yoast SEO v26.9) - https:\/\/yoast.com\/product\/yoast-seo-premium-wordpress\/ -->\n<title>Zubeld\u00eda pode ganhar refor\u00e7o para pr\u00f3ximo partida do S\u00e3o Paulo<\/title>\n<meta name=\"robots\" content=\"index, follow, max-snippet:-1, max-image-preview:large, max-video-preview:-1\" \/>\n<link rel=\"canonical\" href=\"https:\/\/www.gaveanews.com\/index.php\/2025\/02\/03\/zubeldia-pode-ganhar-reforco-para-proximo-partida-do-sao-paulo\/\" \/>\n<meta property=\"og:locale\" content=\"pt_BR\" \/>\n<meta property=\"og:type\" content=\"article\" \/>\n<meta property=\"og:title\" content=\"Zubeld\u00eda pode ganhar refor\u00e7o para pr\u00f3ximo partida do S\u00e3o Paulo\" \/>\n<meta property=\"og:description\" content=\"O S\u00e3o Paulo est\u00e1 se preparando para o confronto contra o Mirassol, que acontece nesta quarta-feira, \u00e0s 19h30 (hor\u00e1rio de Bras\u00edlia), no Morumbi, pelo Campeonato Paulista. A partida promete ser um importante teste para o t\u00e9cnico Zubeld\u00eda, que pode contar com um refor\u00e7o crucial para a zaga: Alan Franco.&nbsp; O zagueiro argentino, que ficou de [&hellip;]\" \/>\n<meta property=\"og:url\" content=\"https:\/\/www.gaveanews.com\/index.php\/2025\/02\/03\/zubeldia-pode-ganhar-reforco-para-proximo-partida-do-sao-paulo\/\" \/>\n<meta property=\"og:site_name\" content=\"G\u00e1vea News\" \/>\n<meta property=\"article:publisher\" content=\"https:\/\/facebook.com\/gaveaNews\/\" \/>\n<meta property=\"article:published_time\" content=\"2025-02-03T18:40:00+00:00\" \/>\n<meta property=\"og:image\" content=\"https:\/\/www.gaveanews.com\/wp-content\/uploads\/i-18.webp\" \/>\n\t<meta property=\"og:image:width\" content=\"570\" \/>\n\t<meta property=\"og:image:height\" content=\"321\" \/>\n\t<meta property=\"og:image:type\" content=\"image\/jpeg\" \/>\n<meta name=\"author\" content=\"Rafaela Ladeira\" \/>\n<meta name=\"twitter:card\" content=\"summary_large_image\" \/>\n<meta name=\"twitter:label1\" content=\"Escrito por\" \/>\n\t<meta name=\"twitter:data1\" content=\"Rafaela Ladeira\" \/>\n\t<meta name=\"twitter:label2\" content=\"Est. tempo de leitura\" \/>\n\t<meta name=\"twitter:data2\" content=\"3 minutos\" \/>\n<script type=\"application\/ld+json\" class=\"yoast-schema-graph\">{\"@context\":\"https:\/\/schema.org\",\"@graph\":[{\"@type\":\"NewsArticle\",\"@id\":\"https:\/\/www.gaveanews.com\/index.php\/2025\/02\/03\/zubeldia-pode-ganhar-reforco-para-proximo-partida-do-sao-paulo\/#article\",\"isPartOf\":{\"@id\":\"https:\/\/www.gaveanews.com\/index.php\/2025\/02\/03\/zubeldia-pode-ganhar-reforco-para-proximo-partida-do-sao-paulo\/\"},\"author\":{\"name\":\"Rafaela Ladeira\",\"@id\":\"https:\/\/www.gaveanews.com\/#\/schema\/person\/0eb3e3fe1754f0205218538adbe8f5ed\"},\"headline\":\"Zubeld\u00eda pode ganhar refor\u00e7o para pr\u00f3ximo partida do S\u00e3o Paulo\",\"datePublished\":\"2025-02-03T18:40:00+00:00\",\"mainEntityOfPage\":{\"@id\":\"https:\/\/www.gaveanews.com\/index.php\/2025\/02\/03\/zubeldia-pode-ganhar-reforco-para-proximo-partida-do-sao-paulo\/\"},\"wordCount\":402,\"commentCount\":0,\"image\":{\"@id\":\"https:\/\/www.gaveanews.com\/index.php\/2025\/02\/03\/zubeldia-pode-ganhar-reforco-para-proximo-partida-do-sao-paulo\/#primaryimage\"},\"thumbnailUrl\":\"https:\/\/www.gaveanews.com\/wp-content\/uploads\/i-18.webp\",\"articleSection\":[\"S\u00e3o Paulo\"],\"inLanguage\":\"pt-BR\",\"potentialAction\":[{\"@type\":\"CommentAction\",\"name\":\"Comment\",\"target\":[\"https:\/\/www.gaveanews.com\/index.php\/2025\/02\/03\/zubeldia-pode-ganhar-reforco-para-proximo-partida-do-sao-paulo\/#respond\"]}],\"copyrightYear\":\"2025\",\"copyrightHolder\":{\"@id\":\"https:\/\/www.gaveanews.com\/#organization\"}},{\"@type\":\"WebPage\",\"@id\":\"https:\/\/www.gaveanews.com\/index.php\/2025\/02\/03\/zubeldia-pode-ganhar-reforco-para-proximo-partida-do-sao-paulo\/\",\"url\":\"https:\/\/www.gaveanews.com\/index.php\/2025\/02\/03\/zubeldia-pode-ganhar-reforco-para-proximo-partida-do-sao-paulo\/\",\"name\":\"Zubeld\u00eda pode ganhar refor\u00e7o para pr\u00f3ximo partida do S\u00e3o Paulo\",\"isPartOf\":{\"@id\":\"https:\/\/www.gaveanews.com\/#website\"},\"primaryImageOfPage\":{\"@id\":\"https:\/\/www.gaveanews.com\/index.php\/2025\/02\/03\/zubeldia-pode-ganhar-reforco-para-proximo-partida-do-sao-paulo\/#primaryimage\"},\"image\":{\"@id\":\"https:\/\/www.gaveanews.com\/index.php\/2025\/02\/03\/zubeldia-pode-ganhar-reforco-para-proximo-partida-do-sao-paulo\/#primaryimage\"},\"thumbnailUrl\":\"https:\/\/www.gaveanews.com\/wp-content\/uploads\/i-18.webp\",\"datePublished\":\"2025-02-03T18:40:00+00:00\",\"author\":{\"@id\":\"https:\/\/www.gaveanews.com\/#\/schema\/person\/0eb3e3fe1754f0205218538adbe8f5ed\"},\"breadcrumb\":{\"@id\":\"https:\/\/www.gaveanews.com\/index.php\/2025\/02\/03\/zubeldia-pode-ganhar-reforco-para-proximo-partida-do-sao-paulo\/#breadcrumb\"},\"inLanguage\":\"pt-BR\",\"potentialAction\":[{\"@type\":\"ReadAction\",\"target\":[\"https:\/\/www.gaveanews.com\/index.php\/2025\/02\/03\/zubeldia-pode-ganhar-reforco-para-proximo-partida-do-sao-paulo\/\"]}]},{\"@type\":\"ImageObject\",\"inLanguage\":\"pt-BR\",\"@id\":\"https:\/\/www.gaveanews.com\/index.php\/2025\/02\/03\/zubeldia-pode-ganhar-reforco-para-proximo-partida-do-sao-paulo\/#primaryimage\",\"url\":\"https:\/\/www.gaveanews.com\/wp-content\/uploads\/i-18.webp\",\"contentUrl\":\"https:\/\/www.gaveanews.com\/wp-content\/uploads\/i-18.webp\",\"width\":570,\"height\":321,\"caption\":\"Luis Zubeld\u00eda durante S\u00e3o Paulo x Fluminense Alexandre Schneider\/Getty Images\"},{\"@type\":\"BreadcrumbList\",\"@id\":\"https:\/\/www.gaveanews.com\/index.php\/2025\/02\/03\/zubeldia-pode-ganhar-reforco-para-proximo-partida-do-sao-paulo\/#breadcrumb\",\"itemListElement\":[{\"@type\":\"ListItem\",\"position\":1,\"name\":\"Home\",\"item\":\"https:\/\/www.gaveanews.com\/\"},{\"@type\":\"ListItem\",\"position\":2,\"name\":\"Zubeld\u00eda pode ganhar refor\u00e7o para pr\u00f3ximo partida do S\u00e3o Paulo\"}]},{\"@type\":\"WebSite\",\"@id\":\"https:\/\/www.gaveanews.com\/#website\",\"url\":\"https:\/\/www.gaveanews.com\/\",\"name\":\"G\u00e1vea News\",\"description\":\"Veja todas as not\u00edcias sobre o Flamengo: Contrata\u00e7\u00f5es, categorias de base, resultados das partidas, tabela de classifica\u00e7\u00e3o, pr\u00f3ximos jogos!\",\"potentialAction\":[{\"@type\":\"SearchAction\",\"target\":{\"@type\":\"EntryPoint\",\"urlTemplate\":\"https:\/\/www.gaveanews.com\/?s={search_term_string}\"},\"query-input\":{\"@type\":\"PropertyValueSpecification\",\"valueRequired\":true,\"valueName\":\"search_term_string\"}}],\"inLanguage\":\"pt-BR\"},{\"@type\":\"Person\",\"@id\":\"https:\/\/www.gaveanews.com\/#\/schema\/person\/0eb3e3fe1754f0205218538adbe8f5ed\",\"name\":\"Rafaela Ladeira\",\"image\":{\"@type\":\"ImageObject\",\"inLanguage\":\"pt-BR\",\"@id\":\"https:\/\/www.gaveanews.com\/#\/schema\/person\/image\/\",\"url\":\"https:\/\/secure.gravatar.com\/avatar\/c31f513acffd85eacab5730cbdfdbbf59f21ba5aeada8cd890acea879fbb2455?s=96&d=mm&r=g\",\"contentUrl\":\"https:\/\/secure.gravatar.com\/avatar\/c31f513acffd85eacab5730cbdfdbbf59f21ba5aeada8cd890acea879fbb2455?s=96&d=mm&r=g\",\"caption\":\"Rafaela Ladeira\"}}]}<\/script>\n<!-- \/ Yoast SEO Premium plugin. -->","yoast_head_json":{"title":"Zubeld\u00eda pode ganhar refor\u00e7o para pr\u00f3ximo partida do S\u00e3o Paulo","robots":{"index":"index","follow":"follow","max-snippet":"max-snippet:-1","max-image-preview":"max-image-preview:large","max-video-preview":"max-video-preview:-1"},"canonical":"https:\/\/www.gaveanews.com\/index.php\/2025\/02\/03\/zubeldia-pode-ganhar-reforco-para-proximo-partida-do-sao-paulo\/","og_locale":"pt_BR","og_type":"article","og_title":"Zubeld\u00eda pode ganhar refor\u00e7o para pr\u00f3ximo partida do S\u00e3o Paulo","og_description":"O S\u00e3o Paulo est\u00e1 se preparando para o confronto contra o Mirassol, que acontece nesta quarta-feira, \u00e0s 19h30 (hor\u00e1rio de Bras\u00edlia), no Morumbi, pelo Campeonato Paulista. A partida promete ser um importante teste para o t\u00e9cnico Zubeld\u00eda, que pode contar com um refor\u00e7o crucial para a zaga: Alan Franco.&nbsp; O zagueiro argentino, que ficou de [&hellip;]","og_url":"https:\/\/www.gaveanews.com\/index.php\/2025\/02\/03\/zubeldia-pode-ganhar-reforco-para-proximo-partida-do-sao-paulo\/","og_site_name":"G\u00e1vea News","article_publisher":"https:\/\/facebook.com\/gaveaNews\/","article_published_time":"2025-02-03T18:40:00+00:00","og_image":[{"width":570,"height":321,"url":"https:\/\/www.gaveanews.com\/wp-content\/uploads\/i-18.webp","type":"image\/jpeg"}],"author":"Rafaela Ladeira","twitter_card":"summary_large_image","twitter_misc":{"Escrito por":"Rafaela Ladeira","Est. tempo de leitura":"3 minutos"},"schema":{"@context":"https:\/\/schema.org","@graph":[{"@type":"NewsArticle","@id":"https:\/\/www.gaveanews.com\/index.php\/2025\/02\/03\/zubeldia-pode-ganhar-reforco-para-proximo-partida-do-sao-paulo\/#article","isPartOf":{"@id":"https:\/\/www.gaveanews.com\/index.php\/2025\/02\/03\/zubeldia-pode-ganhar-reforco-para-proximo-partida-do-sao-paulo\/"},"author":{"name":"Rafaela Ladeira","@id":"https:\/\/www.gaveanews.com\/#\/schema\/person\/0eb3e3fe1754f0205218538adbe8f5ed"},"headline":"Zubeld\u00eda pode ganhar refor\u00e7o para pr\u00f3ximo partida do S\u00e3o Paulo","datePublished":"2025-02-03T18:40:00+00:00","mainEntityOfPage":{"@id":"https:\/\/www.gaveanews.com\/index.php\/2025\/02\/03\/zubeldia-pode-ganhar-reforco-para-proximo-partida-do-sao-paulo\/"},"wordCount":402,"commentCount":0,"image":{"@id":"https:\/\/www.gaveanews.com\/index.php\/2025\/02\/03\/zubeldia-pode-ganhar-reforco-para-proximo-partida-do-sao-paulo\/#primaryimage"},"thumbnailUrl":"https:\/\/www.gaveanews.com\/wp-content\/uploads\/i-18.webp","articleSection":["S\u00e3o Paulo"],"inLanguage":"pt-BR","potentialAction":[{"@type":"CommentAction","name":"Comment","target":["https:\/\/www.gaveanews.com\/index.php\/2025\/02\/03\/zubeldia-pode-ganhar-reforco-para-proximo-partida-do-sao-paulo\/#respond"]}],"copyrightYear":"2025","copyrightHolder":{"@id":"https:\/\/www.gaveanews.com\/#organization"}},{"@type":"WebPage","@id":"https:\/\/www.gaveanews.com\/index.php\/2025\/02\/03\/zubeldia-pode-ganhar-reforco-para-proximo-partida-do-sao-paulo\/","url":"https:\/\/www.gaveanews.com\/index.php\/2025\/02\/03\/zubeldia-pode-ganhar-reforco-para-proximo-partida-do-sao-paulo\/","name":"Zubeld\u00eda pode ganhar refor\u00e7o para pr\u00f3ximo partida do S\u00e3o Paulo","isPartOf":{"@id":"https:\/\/www.gaveanews.com\/#website"},"primaryImageOfPage":{"@id":"https:\/\/www.gaveanews.com\/index.php\/2025\/02\/03\/zubeldia-pode-ganhar-reforco-para-proximo-partida-do-sao-paulo\/#primaryimage"},"image":{"@id":"https:\/\/www.gaveanews.com\/index.php\/2025\/02\/03\/zubeldia-pode-ganhar-reforco-para-proximo-partida-do-sao-paulo\/#primaryimage"},"thumbnailUrl":"https:\/\/www.gaveanews.com\/wp-content\/uploads\/i-18.webp","datePublished":"2025-02-03T18:40:00+00:00","author":{"@id":"https:\/\/www.gaveanews.com\/#\/schema\/person\/0eb3e3fe1754f0205218538adbe8f5ed"},"breadcrumb":{"@id":"https:\/\/www.gaveanews.com\/index.php\/2025\/02\/03\/zubeldia-pode-ganhar-reforco-para-proximo-partida-do-sao-paulo\/#breadcrumb"},"inLanguage":"pt-BR","potentialAction":[{"@type":"ReadAction","target":["https:\/\/www.gaveanews.com\/index.php\/2025\/02\/03\/zubeldia-pode-ganhar-reforco-para-proximo-partida-do-sao-paulo\/"]}]},{"@type":"ImageObject","inLanguage":"pt-BR","@id":"https:\/\/www.gaveanews.com\/index.php\/2025\/02\/03\/zubeldia-pode-ganhar-reforco-para-proximo-partida-do-sao-paulo\/#primaryimage","url":"https:\/\/www.gaveanews.com\/wp-content\/uploads\/i-18.webp","contentUrl":"https:\/\/www.gaveanews.com\/wp-content\/uploads\/i-18.webp","width":570,"height":321,"caption":"Luis Zubeld\u00eda durante S\u00e3o Paulo x Fluminense Alexandre Schneider\/Getty Images"},{"@type":"BreadcrumbList","@id":"https:\/\/www.gaveanews.com\/index.php\/2025\/02\/03\/zubeldia-pode-ganhar-reforco-para-proximo-partida-do-sao-paulo\/#breadcrumb","itemListElement":[{"@type":"ListItem","position":1,"name":"Home","item":"https:\/\/www.gaveanews.com\/"},{"@type":"ListItem","position":2,"name":"Zubeld\u00eda pode ganhar refor\u00e7o para pr\u00f3ximo partida do S\u00e3o Paulo"}]},{"@type":"WebSite","@id":"https:\/\/www.gaveanews.com\/#website","url":"https:\/\/www.gaveanews.com\/","name":"G\u00e1vea News","description":"Veja todas as not\u00edcias sobre o Flamengo: Contrata\u00e7\u00f5es, categorias de base, resultados das partidas, tabela de classifica\u00e7\u00e3o, pr\u00f3ximos jogos!","potentialAction":[{"@type":"SearchAction","target":{"@type":"EntryPoint","urlTemplate":"https:\/\/www.gaveanews.com\/?s={search_term_string}"},"query-input":{"@type":"PropertyValueSpecification","valueRequired":true,"valueName":"search_term_string"}}],"inLanguage":"pt-BR"},{"@type":"Person","@id":"https:\/\/www.gaveanews.com\/#\/schema\/person\/0eb3e3fe1754f0205218538adbe8f5ed","name":"Rafaela Ladeira","image":{"@type":"ImageObject","inLanguage":"pt-BR","@id":"https:\/\/www.gaveanews.com\/#\/schema\/person\/image\/","url":"https:\/\/secure.gravatar.com\/avatar\/c31f513acffd85eacab5730cbdfdbbf59f21ba5aeada8cd890acea879fbb2455?s=96&d=mm&r=g","contentUrl":"https:\/\/secure.gravatar.com\/avatar\/c31f513acffd85eacab5730cbdfdbbf59f21ba5aeada8cd890acea879fbb2455?s=96&d=mm&r=g","caption":"Rafaela Ladeira"}}]}},"_links":{"self":[{"href":"https:\/\/www.gaveanews.com\/index.php\/wp-json\/wp\/v2\/posts\/222383","targetHints":{"allow":["GET"]}}],"collection":[{"href":"https:\/\/www.gaveanews.com\/index.php\/wp-json\/wp\/v2\/posts"}],"about":[{"href":"https:\/\/www.gaveanews.com\/index.php\/wp-json\/wp\/v2\/types\/post"}],"author":[{"embeddable":true,"href":"https:\/\/www.gaveanews.com\/index.php\/wp-json\/wp\/v2\/users\/25"}],"replies":[{"embeddable":true,"href":"https:\/\/www.gaveanews.com\/index.php\/wp-json\/wp\/v2\/comments?post=222383"}],"version-history":[{"count":1,"href":"https:\/\/www.gaveanews.com\/index.php\/wp-json\/wp\/v2\/posts\/222383\/revisions"}],"predecessor-version":[{"id":222386,"href":"https:\/\/www.gaveanews.com\/index.php\/wp-json\/wp\/v2\/posts\/222383\/revisions\/222386"}],"wp:featuredmedia":[{"embeddable":true,"href":"https:\/\/www.gaveanews.com\/index.php\/wp-json\/wp\/v2\/media\/143461"}],"wp:attachment":[{"href":"https:\/\/www.gaveanews.com\/index.php\/wp-json\/wp\/v2\/media?parent=222383"}],"wp:term":[{"taxonomy":"category","embeddable":true,"href":"https:\/\/www.gaveanews.com\/index.php\/wp-json\/wp\/v2\/categories?post=222383"},{"taxonomy":"post_tag","embeddable":true,"href":"https:\/\/www.gaveanews.com\/index.php\/wp-json\/wp\/v2\/tags?post=222383"}],"curies":[{"name":"wp","href":"https:\/\/api.w.org\/{rel}","templated":true}]}}