{"id":222421,"date":"2025-02-03T21:40:00","date_gmt":"2025-02-04T00:40:00","guid":{"rendered":"https:\/\/www.gaveanews.com\/?p=222421"},"modified":"2025-02-03T20:15:13","modified_gmt":"2025-02-03T23:15:13","slug":"craque-neto-e-sincero-ao-falar-sobre-o-time-do-corinthians","status":"publish","type":"post","link":"https:\/\/www.gaveanews.com\/index.php\/2025\/02\/03\/craque-neto-e-sincero-ao-falar-sobre-o-time-do-corinthians\/","title":{"rendered":"Craque Neto \u00e9 sincero ao falar sobre o time do Corinthians"},"content":{"rendered":"\n<p>Sempre pol\u00eamico, Craque Neto fez seu retorno das f\u00e9rias comentando sobre a turbulenta situa\u00e7\u00e3o financeira do Corinthians. Durante o Apito Final deste domingo (2), o \u00eddolo da torcida alvinegra ressaltou os \u00faltimos presidentes que deixaram a agremia\u00e7\u00e3o em uma fase alarmante.<\/p>\n\n\n\n<p>\u201cTodo mundo fez uma barbaridade com o Corinthians durante mais de 20 anos. Eles usufru\u00edram do Corinthians de um jeito t\u00e3o medonho, sanguin\u00e1rio, uma coisa horrorosa. Mesmo ganhando cinco, oito jogos, est\u00e1 no buraco em termos financeiros\u201d, disparou o apresentador.<\/p>\n\n\n\n<p>Em contrapartida, Craque Neto expressou uma percep\u00e7\u00e3o de que a m\u00eddia tende a perseguir o Corinthians. Ele afirmou que existem outros times no Brasil enfrentando dificuldades semelhantes, mas que recebem bem menos aten\u00e7\u00e3o da imprensa.<\/p>\n\n\n\n<p>\u201cSe o Augusto fez algo de errado, tem que tomar atitude. Agora, algu\u00e9m v\u00ea o&nbsp;S\u00e3o Paulo&nbsp;que deve 1 bilh\u00e3o? Algu\u00e9m sabe por que o&nbsp;Flamengo&nbsp;agora deve 400 milh\u00f5es? Algu\u00e9m sabe por que o Palmeiras ficou na berlinda por muito tempo? O Inter que n\u00e3o pagou o Wesley, o Bahia antes de virar SAF\u2026\u201d, acrescentou.<\/p>\n\n\n\n<p>No momento o Corinthians ostenta a maior d\u00edvida entre os clubes de futebol do pa\u00eds, que j\u00e1 supera os R$ 2 bilh\u00f5es.<\/p>\n\n\n\n<h2 class=\"wp-block-heading\" id=\"h-corinthians-e-condenado-pela-fifa-nbsp-entenda-o-motivo\">Corinthians \u00e9 condenado pela Fifa&nbsp;, entenda o motivo:<\/h2>\n\n\n\n<p>A Fifa condenou o Corinthians em processos relacionados \u00e0s aquisi\u00e7\u00f5es do meia Rodrigo Garro e do defensor F\u00e9lix Torres, realizadas em 2024. O Talleres, da Argentina, e Santos Laguna, do M\u00e9xico, apresentaram a\u00e7\u00f5es judiciais. As condena\u00e7\u00f5es totalizam mais de 9,4 milh\u00f5es de d\u00f3lares, equivalentes a aproximadamente R$ 55 milh\u00f5es na cota\u00e7\u00e3o atual.<\/p>\n\n\n\n<p>As resolu\u00e7\u00f5es da Fifa, de setembro e outubro de 2017, foram divulgadas pela entidade m\u00e1xima do futebol apenas nesta segunda-feira em seu site oficial.<\/p>\n\n\n\n<p>Durante esse intervalo, o Corinthians apresentou um recurso \u00e0 Corte Arbitral do Esporte (CAS), o \u00faltimo recurso para situa\u00e7\u00f5es como essa. Em circunst\u00e2ncias como essa, o veredicto pode demorar mais de um ano para ocorrer.<\/p>\n\n\n\n<p>Em ambas as situa\u00e7\u00f5es, a Fifa estabeleceu um prazo de 45 dias para o pagamento, sob pena de penalidade com transfer ban (impedimento de registrar novos jogadores) por tr\u00eas ciclos de transfer\u00eancia. Contudo, devido ao recurso do clube ao CAS, essa penalidade n\u00e3o foi implementada.<\/p>\n","protected":false},"excerpt":{"rendered":"<p>Sempre pol\u00eamico, Craque Neto fez seu retorno das f\u00e9rias comentando sobre a turbulenta situa\u00e7\u00e3o financeira do Corinthians. Durante o Apito Final deste domingo (2), o \u00eddolo da torcida alvinegra ressaltou os \u00faltimos presidentes que deixaram a agremia\u00e7\u00e3o em uma fase alarmante. \u201cTodo mundo fez uma barbaridade com o Corinthians durante mais de 20 anos. Eles [&hellip;]<\/p>\n","protected":false},"author":16,"featured_media":71983,"comment_status":"open","ping_status":"closed","sticky":false,"template":"","format":"standard","meta":{"footnotes":""},"categories":[141],"tags":[],"class_list":["post-222421","post","type-post","status-publish","format-standard","has-post-thumbnail","hentry","category-corinthians"],"yoast_head":"<!-- This site is optimized with the Yoast SEO Premium plugin v24.2 (Yoast SEO v26.9) - https:\/\/yoast.com\/product\/yoast-seo-premium-wordpress\/ -->\n<title>Craque Neto \u00e9 sincero ao falar sobre o time do Corinthians<\/title>\n<meta name=\"robots\" content=\"index, follow, max-snippet:-1, max-image-preview:large, max-video-preview:-1\" \/>\n<link rel=\"canonical\" href=\"https:\/\/www.gaveanews.com\/index.php\/2025\/02\/03\/craque-neto-e-sincero-ao-falar-sobre-o-time-do-corinthians\/\" \/>\n<meta property=\"og:locale\" content=\"pt_BR\" \/>\n<meta property=\"og:type\" content=\"article\" \/>\n<meta property=\"og:title\" content=\"Craque Neto \u00e9 sincero ao falar sobre o time do Corinthians\" \/>\n<meta property=\"og:description\" content=\"Sempre pol\u00eamico, Craque Neto fez seu retorno das f\u00e9rias comentando sobre a turbulenta situa\u00e7\u00e3o financeira do Corinthians. Durante o Apito Final deste domingo (2), o \u00eddolo da torcida alvinegra ressaltou os \u00faltimos presidentes que deixaram a agremia\u00e7\u00e3o em uma fase alarmante. \u201cTodo mundo fez uma barbaridade com o Corinthians durante mais de 20 anos. Eles [&hellip;]\" \/>\n<meta property=\"og:url\" content=\"https:\/\/www.gaveanews.com\/index.php\/2025\/02\/03\/craque-neto-e-sincero-ao-falar-sobre-o-time-do-corinthians\/\" \/>\n<meta property=\"og:site_name\" content=\"G\u00e1vea News\" \/>\n<meta property=\"article:publisher\" content=\"https:\/\/facebook.com\/gaveaNews\/\" \/>\n<meta property=\"article:published_time\" content=\"2025-02-04T00:40:00+00:00\" \/>\n<meta property=\"og:image\" content=\"https:\/\/www.gaveanews.com\/wp-content\/uploads\/Comentarista-Neto-em-programa-da-Band.webp\" \/>\n\t<meta property=\"og:image:width\" content=\"846\" \/>\n\t<meta property=\"og:image:height\" content=\"476\" \/>\n\t<meta property=\"og:image:type\" content=\"image\/jpeg\" \/>\n<meta name=\"author\" content=\"D\u00e9bora Figueiredo\" \/>\n<meta name=\"twitter:card\" content=\"summary_large_image\" \/>\n<meta name=\"twitter:label1\" content=\"Escrito por\" \/>\n\t<meta name=\"twitter:data1\" content=\"D\u00e9bora Figueiredo\" \/>\n\t<meta name=\"twitter:label2\" content=\"Est. tempo de leitura\" \/>\n\t<meta name=\"twitter:data2\" content=\"3 minutos\" \/>\n<script type=\"application\/ld+json\" class=\"yoast-schema-graph\">{\"@context\":\"https:\/\/schema.org\",\"@graph\":[{\"@type\":\"NewsArticle\",\"@id\":\"https:\/\/www.gaveanews.com\/index.php\/2025\/02\/03\/craque-neto-e-sincero-ao-falar-sobre-o-time-do-corinthians\/#article\",\"isPartOf\":{\"@id\":\"https:\/\/www.gaveanews.com\/index.php\/2025\/02\/03\/craque-neto-e-sincero-ao-falar-sobre-o-time-do-corinthians\/\"},\"author\":{\"name\":\"D\u00e9bora Figueiredo\",\"@id\":\"https:\/\/www.gaveanews.com\/#\/schema\/person\/37122681a8575a5c8db05a56f099a5e4\"},\"headline\":\"Craque Neto \u00e9 sincero ao falar sobre o time do Corinthians\",\"datePublished\":\"2025-02-04T00:40:00+00:00\",\"mainEntityOfPage\":{\"@id\":\"https:\/\/www.gaveanews.com\/index.php\/2025\/02\/03\/craque-neto-e-sincero-ao-falar-sobre-o-time-do-corinthians\/\"},\"wordCount\":399,\"commentCount\":0,\"image\":{\"@id\":\"https:\/\/www.gaveanews.com\/index.php\/2025\/02\/03\/craque-neto-e-sincero-ao-falar-sobre-o-time-do-corinthians\/#primaryimage\"},\"thumbnailUrl\":\"https:\/\/www.gaveanews.com\/wp-content\/uploads\/Comentarista-Neto-em-programa-da-Band.webp\",\"articleSection\":[\"Corinthians\"],\"inLanguage\":\"pt-BR\",\"potentialAction\":[{\"@type\":\"CommentAction\",\"name\":\"Comment\",\"target\":[\"https:\/\/www.gaveanews.com\/index.php\/2025\/02\/03\/craque-neto-e-sincero-ao-falar-sobre-o-time-do-corinthians\/#respond\"]}],\"copyrightYear\":\"2025\",\"copyrightHolder\":{\"@id\":\"https:\/\/www.gaveanews.com\/#organization\"}},{\"@type\":\"WebPage\",\"@id\":\"https:\/\/www.gaveanews.com\/index.php\/2025\/02\/03\/craque-neto-e-sincero-ao-falar-sobre-o-time-do-corinthians\/\",\"url\":\"https:\/\/www.gaveanews.com\/index.php\/2025\/02\/03\/craque-neto-e-sincero-ao-falar-sobre-o-time-do-corinthians\/\",\"name\":\"Craque Neto \u00e9 sincero ao falar sobre o time do Corinthians\",\"isPartOf\":{\"@id\":\"https:\/\/www.gaveanews.com\/#website\"},\"primaryImageOfPage\":{\"@id\":\"https:\/\/www.gaveanews.com\/index.php\/2025\/02\/03\/craque-neto-e-sincero-ao-falar-sobre-o-time-do-corinthians\/#primaryimage\"},\"image\":{\"@id\":\"https:\/\/www.gaveanews.com\/index.php\/2025\/02\/03\/craque-neto-e-sincero-ao-falar-sobre-o-time-do-corinthians\/#primaryimage\"},\"thumbnailUrl\":\"https:\/\/www.gaveanews.com\/wp-content\/uploads\/Comentarista-Neto-em-programa-da-Band.webp\",\"datePublished\":\"2025-02-04T00:40:00+00:00\",\"author\":{\"@id\":\"https:\/\/www.gaveanews.com\/#\/schema\/person\/37122681a8575a5c8db05a56f099a5e4\"},\"breadcrumb\":{\"@id\":\"https:\/\/www.gaveanews.com\/index.php\/2025\/02\/03\/craque-neto-e-sincero-ao-falar-sobre-o-time-do-corinthians\/#breadcrumb\"},\"inLanguage\":\"pt-BR\",\"potentialAction\":[{\"@type\":\"ReadAction\",\"target\":[\"https:\/\/www.gaveanews.com\/index.php\/2025\/02\/03\/craque-neto-e-sincero-ao-falar-sobre-o-time-do-corinthians\/\"]}]},{\"@type\":\"ImageObject\",\"inLanguage\":\"pt-BR\",\"@id\":\"https:\/\/www.gaveanews.com\/index.php\/2025\/02\/03\/craque-neto-e-sincero-ao-falar-sobre-o-time-do-corinthians\/#primaryimage\",\"url\":\"https:\/\/www.gaveanews.com\/wp-content\/uploads\/Comentarista-Neto-em-programa-da-Band.webp\",\"contentUrl\":\"https:\/\/www.gaveanews.com\/wp-content\/uploads\/Comentarista-Neto-em-programa-da-Band.webp\",\"width\":846,\"height\":476,\"caption\":\"Comentarista Neto em programa da Band (Foto: Reprodu\u00e7\u00e3o\/Band)\"},{\"@type\":\"BreadcrumbList\",\"@id\":\"https:\/\/www.gaveanews.com\/index.php\/2025\/02\/03\/craque-neto-e-sincero-ao-falar-sobre-o-time-do-corinthians\/#breadcrumb\",\"itemListElement\":[{\"@type\":\"ListItem\",\"position\":1,\"name\":\"Home\",\"item\":\"https:\/\/www.gaveanews.com\/\"},{\"@type\":\"ListItem\",\"position\":2,\"name\":\"Craque Neto \u00e9 sincero ao falar sobre o time do Corinthians\"}]},{\"@type\":\"WebSite\",\"@id\":\"https:\/\/www.gaveanews.com\/#website\",\"url\":\"https:\/\/www.gaveanews.com\/\",\"name\":\"G\u00e1vea News\",\"description\":\"Veja todas as not\u00edcias sobre o Flamengo: Contrata\u00e7\u00f5es, categorias de base, resultados das partidas, tabela de classifica\u00e7\u00e3o, pr\u00f3ximos jogos!\",\"potentialAction\":[{\"@type\":\"SearchAction\",\"target\":{\"@type\":\"EntryPoint\",\"urlTemplate\":\"https:\/\/www.gaveanews.com\/?s={search_term_string}\"},\"query-input\":{\"@type\":\"PropertyValueSpecification\",\"valueRequired\":true,\"valueName\":\"search_term_string\"}}],\"inLanguage\":\"pt-BR\"},{\"@type\":\"Person\",\"@id\":\"https:\/\/www.gaveanews.com\/#\/schema\/person\/37122681a8575a5c8db05a56f099a5e4\",\"name\":\"D\u00e9bora Figueiredo\",\"image\":{\"@type\":\"ImageObject\",\"inLanguage\":\"pt-BR\",\"@id\":\"https:\/\/www.gaveanews.com\/#\/schema\/person\/image\/\",\"url\":\"https:\/\/secure.gravatar.com\/avatar\/1f44802859351588499d26f52aed1d15796ce17e67602895b72837c08018868d?s=96&d=mm&r=g\",\"contentUrl\":\"https:\/\/secure.gravatar.com\/avatar\/1f44802859351588499d26f52aed1d15796ce17e67602895b72837c08018868d?s=96&d=mm&r=g\",\"caption\":\"D\u00e9bora Figueiredo\"}}]}<\/script>\n<!-- \/ Yoast SEO Premium plugin. -->","yoast_head_json":{"title":"Craque Neto \u00e9 sincero ao falar sobre o time do Corinthians","robots":{"index":"index","follow":"follow","max-snippet":"max-snippet:-1","max-image-preview":"max-image-preview:large","max-video-preview":"max-video-preview:-1"},"canonical":"https:\/\/www.gaveanews.com\/index.php\/2025\/02\/03\/craque-neto-e-sincero-ao-falar-sobre-o-time-do-corinthians\/","og_locale":"pt_BR","og_type":"article","og_title":"Craque Neto \u00e9 sincero ao falar sobre o time do Corinthians","og_description":"Sempre pol\u00eamico, Craque Neto fez seu retorno das f\u00e9rias comentando sobre a turbulenta situa\u00e7\u00e3o financeira do Corinthians. Durante o Apito Final deste domingo (2), o \u00eddolo da torcida alvinegra ressaltou os \u00faltimos presidentes que deixaram a agremia\u00e7\u00e3o em uma fase alarmante. \u201cTodo mundo fez uma barbaridade com o Corinthians durante mais de 20 anos. Eles [&hellip;]","og_url":"https:\/\/www.gaveanews.com\/index.php\/2025\/02\/03\/craque-neto-e-sincero-ao-falar-sobre-o-time-do-corinthians\/","og_site_name":"G\u00e1vea News","article_publisher":"https:\/\/facebook.com\/gaveaNews\/","article_published_time":"2025-02-04T00:40:00+00:00","og_image":[{"width":846,"height":476,"url":"https:\/\/www.gaveanews.com\/wp-content\/uploads\/Comentarista-Neto-em-programa-da-Band.webp","type":"image\/jpeg"}],"author":"D\u00e9bora Figueiredo","twitter_card":"summary_large_image","twitter_misc":{"Escrito por":"D\u00e9bora Figueiredo","Est. tempo de leitura":"3 minutos"},"schema":{"@context":"https:\/\/schema.org","@graph":[{"@type":"NewsArticle","@id":"https:\/\/www.gaveanews.com\/index.php\/2025\/02\/03\/craque-neto-e-sincero-ao-falar-sobre-o-time-do-corinthians\/#article","isPartOf":{"@id":"https:\/\/www.gaveanews.com\/index.php\/2025\/02\/03\/craque-neto-e-sincero-ao-falar-sobre-o-time-do-corinthians\/"},"author":{"name":"D\u00e9bora Figueiredo","@id":"https:\/\/www.gaveanews.com\/#\/schema\/person\/37122681a8575a5c8db05a56f099a5e4"},"headline":"Craque Neto \u00e9 sincero ao falar sobre o time do Corinthians","datePublished":"2025-02-04T00:40:00+00:00","mainEntityOfPage":{"@id":"https:\/\/www.gaveanews.com\/index.php\/2025\/02\/03\/craque-neto-e-sincero-ao-falar-sobre-o-time-do-corinthians\/"},"wordCount":399,"commentCount":0,"image":{"@id":"https:\/\/www.gaveanews.com\/index.php\/2025\/02\/03\/craque-neto-e-sincero-ao-falar-sobre-o-time-do-corinthians\/#primaryimage"},"thumbnailUrl":"https:\/\/www.gaveanews.com\/wp-content\/uploads\/Comentarista-Neto-em-programa-da-Band.webp","articleSection":["Corinthians"],"inLanguage":"pt-BR","potentialAction":[{"@type":"CommentAction","name":"Comment","target":["https:\/\/www.gaveanews.com\/index.php\/2025\/02\/03\/craque-neto-e-sincero-ao-falar-sobre-o-time-do-corinthians\/#respond"]}],"copyrightYear":"2025","copyrightHolder":{"@id":"https:\/\/www.gaveanews.com\/#organization"}},{"@type":"WebPage","@id":"https:\/\/www.gaveanews.com\/index.php\/2025\/02\/03\/craque-neto-e-sincero-ao-falar-sobre-o-time-do-corinthians\/","url":"https:\/\/www.gaveanews.com\/index.php\/2025\/02\/03\/craque-neto-e-sincero-ao-falar-sobre-o-time-do-corinthians\/","name":"Craque Neto \u00e9 sincero ao falar sobre o time do Corinthians","isPartOf":{"@id":"https:\/\/www.gaveanews.com\/#website"},"primaryImageOfPage":{"@id":"https:\/\/www.gaveanews.com\/index.php\/2025\/02\/03\/craque-neto-e-sincero-ao-falar-sobre-o-time-do-corinthians\/#primaryimage"},"image":{"@id":"https:\/\/www.gaveanews.com\/index.php\/2025\/02\/03\/craque-neto-e-sincero-ao-falar-sobre-o-time-do-corinthians\/#primaryimage"},"thumbnailUrl":"https:\/\/www.gaveanews.com\/wp-content\/uploads\/Comentarista-Neto-em-programa-da-Band.webp","datePublished":"2025-02-04T00:40:00+00:00","author":{"@id":"https:\/\/www.gaveanews.com\/#\/schema\/person\/37122681a8575a5c8db05a56f099a5e4"},"breadcrumb":{"@id":"https:\/\/www.gaveanews.com\/index.php\/2025\/02\/03\/craque-neto-e-sincero-ao-falar-sobre-o-time-do-corinthians\/#breadcrumb"},"inLanguage":"pt-BR","potentialAction":[{"@type":"ReadAction","target":["https:\/\/www.gaveanews.com\/index.php\/2025\/02\/03\/craque-neto-e-sincero-ao-falar-sobre-o-time-do-corinthians\/"]}]},{"@type":"ImageObject","inLanguage":"pt-BR","@id":"https:\/\/www.gaveanews.com\/index.php\/2025\/02\/03\/craque-neto-e-sincero-ao-falar-sobre-o-time-do-corinthians\/#primaryimage","url":"https:\/\/www.gaveanews.com\/wp-content\/uploads\/Comentarista-Neto-em-programa-da-Band.webp","contentUrl":"https:\/\/www.gaveanews.com\/wp-content\/uploads\/Comentarista-Neto-em-programa-da-Band.webp","width":846,"height":476,"caption":"Comentarista Neto em programa da Band (Foto: Reprodu\u00e7\u00e3o\/Band)"},{"@type":"BreadcrumbList","@id":"https:\/\/www.gaveanews.com\/index.php\/2025\/02\/03\/craque-neto-e-sincero-ao-falar-sobre-o-time-do-corinthians\/#breadcrumb","itemListElement":[{"@type":"ListItem","position":1,"name":"Home","item":"https:\/\/www.gaveanews.com\/"},{"@type":"ListItem","position":2,"name":"Craque Neto \u00e9 sincero ao falar sobre o time do Corinthians"}]},{"@type":"WebSite","@id":"https:\/\/www.gaveanews.com\/#website","url":"https:\/\/www.gaveanews.com\/","name":"G\u00e1vea News","description":"Veja todas as not\u00edcias sobre o Flamengo: Contrata\u00e7\u00f5es, categorias de base, resultados das partidas, tabela de classifica\u00e7\u00e3o, pr\u00f3ximos jogos!","potentialAction":[{"@type":"SearchAction","target":{"@type":"EntryPoint","urlTemplate":"https:\/\/www.gaveanews.com\/?s={search_term_string}"},"query-input":{"@type":"PropertyValueSpecification","valueRequired":true,"valueName":"search_term_string"}}],"inLanguage":"pt-BR"},{"@type":"Person","@id":"https:\/\/www.gaveanews.com\/#\/schema\/person\/37122681a8575a5c8db05a56f099a5e4","name":"D\u00e9bora Figueiredo","image":{"@type":"ImageObject","inLanguage":"pt-BR","@id":"https:\/\/www.gaveanews.com\/#\/schema\/person\/image\/","url":"https:\/\/secure.gravatar.com\/avatar\/1f44802859351588499d26f52aed1d15796ce17e67602895b72837c08018868d?s=96&d=mm&r=g","contentUrl":"https:\/\/secure.gravatar.com\/avatar\/1f44802859351588499d26f52aed1d15796ce17e67602895b72837c08018868d?s=96&d=mm&r=g","caption":"D\u00e9bora Figueiredo"}}]}},"_links":{"self":[{"href":"https:\/\/www.gaveanews.com\/index.php\/wp-json\/wp\/v2\/posts\/222421","targetHints":{"allow":["GET"]}}],"collection":[{"href":"https:\/\/www.gaveanews.com\/index.php\/wp-json\/wp\/v2\/posts"}],"about":[{"href":"https:\/\/www.gaveanews.com\/index.php\/wp-json\/wp\/v2\/types\/post"}],"author":[{"embeddable":true,"href":"https:\/\/www.gaveanews.com\/index.php\/wp-json\/wp\/v2\/users\/16"}],"replies":[{"embeddable":true,"href":"https:\/\/www.gaveanews.com\/index.php\/wp-json\/wp\/v2\/comments?post=222421"}],"version-history":[{"count":2,"href":"https:\/\/www.gaveanews.com\/index.php\/wp-json\/wp\/v2\/posts\/222421\/revisions"}],"predecessor-version":[{"id":222630,"href":"https:\/\/www.gaveanews.com\/index.php\/wp-json\/wp\/v2\/posts\/222421\/revisions\/222630"}],"wp:featuredmedia":[{"embeddable":true,"href":"https:\/\/www.gaveanews.com\/index.php\/wp-json\/wp\/v2\/media\/71983"}],"wp:attachment":[{"href":"https:\/\/www.gaveanews.com\/index.php\/wp-json\/wp\/v2\/media?parent=222421"}],"wp:term":[{"taxonomy":"category","embeddable":true,"href":"https:\/\/www.gaveanews.com\/index.php\/wp-json\/wp\/v2\/categories?post=222421"},{"taxonomy":"post_tag","embeddable":true,"href":"https:\/\/www.gaveanews.com\/index.php\/wp-json\/wp\/v2\/tags?post=222421"}],"curies":[{"name":"wp","href":"https:\/\/api.w.org\/{rel}","templated":true}]}}