{"id":222444,"date":"2025-02-03T21:50:00","date_gmt":"2025-02-04T00:50:00","guid":{"rendered":"https:\/\/www.gaveanews.com\/?p=222444"},"modified":"2025-02-03T20:20:20","modified_gmt":"2025-02-03T23:20:20","slug":"cruzeiro-a-declaracao-de-cassio-direcionada-a-gabigol","status":"publish","type":"post","link":"https:\/\/www.gaveanews.com\/index.php\/2025\/02\/03\/cruzeiro-a-declaracao-de-cassio-direcionada-a-gabigol\/","title":{"rendered":"Cruzeiro: a declara\u00e7\u00e3o de C\u00e1ssio direcionada a Gabigol"},"content":{"rendered":"\n<h2 class=\"wp-block-heading\" id=\"h-cassio-elogia-gabigol-e-destaca-empenho-do-atacante-no-cruzeiro\">C\u00e1ssio elogia Gabigol e destaca empenho do atacante no Cruzeiro<\/h2>\n\n\n\n<p>O goleiro C\u00e1ssio demonstrou otimismo em rela\u00e7\u00e3o ao desempenho de Gabigol no Cruzeiro. Em entrevista ao programa&nbsp;<em>CNN Esportes S\/A<\/em>, da&nbsp;<em>CNN Brasil<\/em>, na noite de domingo (2), o capit\u00e3o da equipe mineira falou sobre as primeiras impress\u00f5es ao trabalhar com o atacante e destacou a dedica\u00e7\u00e3o do novo companheiro de elenco.<\/p>\n\n\n\n<p>C\u00e1ssio revelou que n\u00e3o tinha proximidade com Gabigol antes de se encontrarem no Cruzeiro, mas destacou a entrega do jogador nos treinamentos.<\/p>\n\n\n\n<p> \u201cEu n\u00e3o conhecia muito ele n\u00e3o. Mas ele est\u00e1 com muita vontade, est\u00e1 muito empenhado. A gente fica muito feliz\u201d, afirmou o goleiro.<\/p>\n\n\n\n<p>A trajet\u00f3ria vitoriosa de Gabriel Barbosa no Flamengo, com gols decisivos em finais e papel de protagonismo, fez com que o goleiro desenvolvesse grande respeito pelo atacante.<\/p>\n\n\n\n<p>\u201cEu tenho muito respeito por ele. \u00c9 um cara que eu admiro muito. \u00c9 um cara muito bacana. Gosto dele, \u00e9 um cara decisivo, um cara que n\u00e3o corre das adversidades que acontecem. Pra mim \u00e9 um privil\u00e9gio estar trabalhando com ele. Tenho muito respeito por ele\u201d, acrescentou.<\/p>\n\n\n\n<p>A expectativa no Cruzeiro \u00e9 que Gabigol possa repetir o impacto que teve no Flamengo e contribuir com gols e boas atua\u00e7\u00f5es. C\u00e1ssio ressaltou o comprometimento do atacante e acredita que ele ser\u00e1 pe\u00e7a fundamental na equipe.<\/p>\n\n\n\n<p>\u201cTenho acompanhado ele nos treinos muito empenhado e comprometido em ajudar o Cruzeiro. Com vontade de ser vitorioso novamente, construir uma hist\u00f3ria aqui. E a gente confia muito nele. Que ele possa nos ajudar muito\u201d, concluiu.<\/p>\n\n\n\n<p>Gabigol foi uma das principais contrata\u00e7\u00f5es do Cruzeiro para a temporada e chega como esperan\u00e7a de gols no novo projeto da equipe. A torcida celeste aguarda para ver se o atacante conseguir\u00e1 manter o alto n\u00edvel de desempenho e se tornar uma refer\u00eancia no clube mineiro.<\/p>\n","protected":false},"excerpt":{"rendered":"<p>C\u00e1ssio elogia Gabigol e destaca empenho do atacante no Cruzeiro O goleiro C\u00e1ssio demonstrou otimismo em rela\u00e7\u00e3o ao desempenho de Gabigol no Cruzeiro. Em entrevista ao programa&nbsp;CNN Esportes S\/A, da&nbsp;CNN Brasil, na noite de domingo (2), o capit\u00e3o da equipe mineira falou sobre as primeiras impress\u00f5es ao trabalhar com o atacante e destacou a dedica\u00e7\u00e3o [&hellip;]<\/p>\n","protected":false},"author":17,"featured_media":160910,"comment_status":"open","ping_status":"closed","sticky":false,"template":"","format":"standard","meta":{"footnotes":""},"categories":[143],"tags":[],"class_list":["post-222444","post","type-post","status-publish","format-standard","has-post-thumbnail","hentry","category-cruzeiro"],"yoast_head":"<!-- This site is optimized with the Yoast SEO Premium plugin v24.2 (Yoast SEO v26.9) - https:\/\/yoast.com\/product\/yoast-seo-premium-wordpress\/ -->\n<title>Cruzeiro: a declara\u00e7\u00e3o de C\u00e1ssio direcionada a Gabigol<\/title>\n<meta name=\"robots\" content=\"index, follow, max-snippet:-1, max-image-preview:large, max-video-preview:-1\" \/>\n<link rel=\"canonical\" href=\"https:\/\/www.gaveanews.com\/index.php\/2025\/02\/03\/cruzeiro-a-declaracao-de-cassio-direcionada-a-gabigol\/\" \/>\n<meta property=\"og:locale\" content=\"pt_BR\" \/>\n<meta property=\"og:type\" content=\"article\" \/>\n<meta property=\"og:title\" content=\"Cruzeiro: a declara\u00e7\u00e3o de C\u00e1ssio direcionada a Gabigol\" \/>\n<meta property=\"og:description\" content=\"C\u00e1ssio elogia Gabigol e destaca empenho do atacante no Cruzeiro O goleiro C\u00e1ssio demonstrou otimismo em rela\u00e7\u00e3o ao desempenho de Gabigol no Cruzeiro. Em entrevista ao programa&nbsp;CNN Esportes S\/A, da&nbsp;CNN Brasil, na noite de domingo (2), o capit\u00e3o da equipe mineira falou sobre as primeiras impress\u00f5es ao trabalhar com o atacante e destacou a dedica\u00e7\u00e3o [&hellip;]\" \/>\n<meta property=\"og:url\" content=\"https:\/\/www.gaveanews.com\/index.php\/2025\/02\/03\/cruzeiro-a-declaracao-de-cassio-direcionada-a-gabigol\/\" \/>\n<meta property=\"og:site_name\" content=\"G\u00e1vea News\" \/>\n<meta property=\"article:publisher\" content=\"https:\/\/facebook.com\/gaveaNews\/\" \/>\n<meta property=\"article:published_time\" content=\"2025-02-04T00:50:00+00:00\" \/>\n<meta property=\"og:image\" content=\"https:\/\/www.gaveanews.com\/wp-content\/uploads\/Cassio-em-acao-pelo-Cruzeiro.webp\" \/>\n\t<meta property=\"og:image:width\" content=\"1080\" \/>\n\t<meta property=\"og:image:height\" content=\"1346\" \/>\n\t<meta property=\"og:image:type\" content=\"image\/jpeg\" \/>\n<meta name=\"author\" content=\"Geovanna Thomaz\" \/>\n<meta name=\"twitter:card\" content=\"summary_large_image\" \/>\n<meta name=\"twitter:label1\" content=\"Escrito por\" \/>\n\t<meta name=\"twitter:data1\" content=\"Geovanna Thomaz\" \/>\n\t<meta name=\"twitter:label2\" content=\"Est. tempo de leitura\" \/>\n\t<meta name=\"twitter:data2\" content=\"2 minutos\" \/>\n<script type=\"application\/ld+json\" class=\"yoast-schema-graph\">{\"@context\":\"https:\/\/schema.org\",\"@graph\":[{\"@type\":\"NewsArticle\",\"@id\":\"https:\/\/www.gaveanews.com\/index.php\/2025\/02\/03\/cruzeiro-a-declaracao-de-cassio-direcionada-a-gabigol\/#article\",\"isPartOf\":{\"@id\":\"https:\/\/www.gaveanews.com\/index.php\/2025\/02\/03\/cruzeiro-a-declaracao-de-cassio-direcionada-a-gabigol\/\"},\"author\":{\"name\":\"Geovanna Thomaz\",\"@id\":\"https:\/\/www.gaveanews.com\/#\/schema\/person\/f42654babcd2b2014a1a65af82b081f1\"},\"headline\":\"Cruzeiro: a declara\u00e7\u00e3o de C\u00e1ssio direcionada a Gabigol\",\"datePublished\":\"2025-02-04T00:50:00+00:00\",\"mainEntityOfPage\":{\"@id\":\"https:\/\/www.gaveanews.com\/index.php\/2025\/02\/03\/cruzeiro-a-declaracao-de-cassio-direcionada-a-gabigol\/\"},\"wordCount\":329,\"commentCount\":0,\"image\":{\"@id\":\"https:\/\/www.gaveanews.com\/index.php\/2025\/02\/03\/cruzeiro-a-declaracao-de-cassio-direcionada-a-gabigol\/#primaryimage\"},\"thumbnailUrl\":\"https:\/\/www.gaveanews.com\/wp-content\/uploads\/Cassio-em-acao-pelo-Cruzeiro.webp\",\"articleSection\":[\"Cruzeiro\"],\"inLanguage\":\"pt-BR\",\"potentialAction\":[{\"@type\":\"CommentAction\",\"name\":\"Comment\",\"target\":[\"https:\/\/www.gaveanews.com\/index.php\/2025\/02\/03\/cruzeiro-a-declaracao-de-cassio-direcionada-a-gabigol\/#respond\"]}],\"copyrightYear\":\"2025\",\"copyrightHolder\":{\"@id\":\"https:\/\/www.gaveanews.com\/#organization\"}},{\"@type\":\"WebPage\",\"@id\":\"https:\/\/www.gaveanews.com\/index.php\/2025\/02\/03\/cruzeiro-a-declaracao-de-cassio-direcionada-a-gabigol\/\",\"url\":\"https:\/\/www.gaveanews.com\/index.php\/2025\/02\/03\/cruzeiro-a-declaracao-de-cassio-direcionada-a-gabigol\/\",\"name\":\"Cruzeiro: a declara\u00e7\u00e3o de C\u00e1ssio direcionada a Gabigol\",\"isPartOf\":{\"@id\":\"https:\/\/www.gaveanews.com\/#website\"},\"primaryImageOfPage\":{\"@id\":\"https:\/\/www.gaveanews.com\/index.php\/2025\/02\/03\/cruzeiro-a-declaracao-de-cassio-direcionada-a-gabigol\/#primaryimage\"},\"image\":{\"@id\":\"https:\/\/www.gaveanews.com\/index.php\/2025\/02\/03\/cruzeiro-a-declaracao-de-cassio-direcionada-a-gabigol\/#primaryimage\"},\"thumbnailUrl\":\"https:\/\/www.gaveanews.com\/wp-content\/uploads\/Cassio-em-acao-pelo-Cruzeiro.webp\",\"datePublished\":\"2025-02-04T00:50:00+00:00\",\"author\":{\"@id\":\"https:\/\/www.gaveanews.com\/#\/schema\/person\/f42654babcd2b2014a1a65af82b081f1\"},\"breadcrumb\":{\"@id\":\"https:\/\/www.gaveanews.com\/index.php\/2025\/02\/03\/cruzeiro-a-declaracao-de-cassio-direcionada-a-gabigol\/#breadcrumb\"},\"inLanguage\":\"pt-BR\",\"potentialAction\":[{\"@type\":\"ReadAction\",\"target\":[\"https:\/\/www.gaveanews.com\/index.php\/2025\/02\/03\/cruzeiro-a-declaracao-de-cassio-direcionada-a-gabigol\/\"]}]},{\"@type\":\"ImageObject\",\"inLanguage\":\"pt-BR\",\"@id\":\"https:\/\/www.gaveanews.com\/index.php\/2025\/02\/03\/cruzeiro-a-declaracao-de-cassio-direcionada-a-gabigol\/#primaryimage\",\"url\":\"https:\/\/www.gaveanews.com\/wp-content\/uploads\/Cassio-em-acao-pelo-Cruzeiro.webp\",\"contentUrl\":\"https:\/\/www.gaveanews.com\/wp-content\/uploads\/Cassio-em-acao-pelo-Cruzeiro.webp\",\"width\":1080,\"height\":1346,\"caption\":\"C\u00e1ssio em a\u00e7\u00e3o pelo Cruzeiro (Foto: Reprodu\u00e7\u00e3o\/Instagram)\"},{\"@type\":\"BreadcrumbList\",\"@id\":\"https:\/\/www.gaveanews.com\/index.php\/2025\/02\/03\/cruzeiro-a-declaracao-de-cassio-direcionada-a-gabigol\/#breadcrumb\",\"itemListElement\":[{\"@type\":\"ListItem\",\"position\":1,\"name\":\"Home\",\"item\":\"https:\/\/www.gaveanews.com\/\"},{\"@type\":\"ListItem\",\"position\":2,\"name\":\"Cruzeiro: a declara\u00e7\u00e3o de C\u00e1ssio direcionada a Gabigol\"}]},{\"@type\":\"WebSite\",\"@id\":\"https:\/\/www.gaveanews.com\/#website\",\"url\":\"https:\/\/www.gaveanews.com\/\",\"name\":\"G\u00e1vea News\",\"description\":\"Veja todas as not\u00edcias sobre o Flamengo: Contrata\u00e7\u00f5es, categorias de base, resultados das partidas, tabela de classifica\u00e7\u00e3o, pr\u00f3ximos jogos!\",\"potentialAction\":[{\"@type\":\"SearchAction\",\"target\":{\"@type\":\"EntryPoint\",\"urlTemplate\":\"https:\/\/www.gaveanews.com\/?s={search_term_string}\"},\"query-input\":{\"@type\":\"PropertyValueSpecification\",\"valueRequired\":true,\"valueName\":\"search_term_string\"}}],\"inLanguage\":\"pt-BR\"},{\"@type\":\"Person\",\"@id\":\"https:\/\/www.gaveanews.com\/#\/schema\/person\/f42654babcd2b2014a1a65af82b081f1\",\"name\":\"Geovanna Thomaz\",\"image\":{\"@type\":\"ImageObject\",\"inLanguage\":\"pt-BR\",\"@id\":\"https:\/\/www.gaveanews.com\/#\/schema\/person\/image\/\",\"url\":\"https:\/\/secure.gravatar.com\/avatar\/4092073255489533afb558984b49b64268c47198af8623cc82a925ae9fb7118a?s=96&d=mm&r=g\",\"contentUrl\":\"https:\/\/secure.gravatar.com\/avatar\/4092073255489533afb558984b49b64268c47198af8623cc82a925ae9fb7118a?s=96&d=mm&r=g\",\"caption\":\"Geovanna Thomaz\"}}]}<\/script>\n<!-- \/ Yoast SEO Premium plugin. -->","yoast_head_json":{"title":"Cruzeiro: a declara\u00e7\u00e3o de C\u00e1ssio direcionada a Gabigol","robots":{"index":"index","follow":"follow","max-snippet":"max-snippet:-1","max-image-preview":"max-image-preview:large","max-video-preview":"max-video-preview:-1"},"canonical":"https:\/\/www.gaveanews.com\/index.php\/2025\/02\/03\/cruzeiro-a-declaracao-de-cassio-direcionada-a-gabigol\/","og_locale":"pt_BR","og_type":"article","og_title":"Cruzeiro: a declara\u00e7\u00e3o de C\u00e1ssio direcionada a Gabigol","og_description":"C\u00e1ssio elogia Gabigol e destaca empenho do atacante no Cruzeiro O goleiro C\u00e1ssio demonstrou otimismo em rela\u00e7\u00e3o ao desempenho de Gabigol no Cruzeiro. Em entrevista ao programa&nbsp;CNN Esportes S\/A, da&nbsp;CNN Brasil, na noite de domingo (2), o capit\u00e3o da equipe mineira falou sobre as primeiras impress\u00f5es ao trabalhar com o atacante e destacou a dedica\u00e7\u00e3o [&hellip;]","og_url":"https:\/\/www.gaveanews.com\/index.php\/2025\/02\/03\/cruzeiro-a-declaracao-de-cassio-direcionada-a-gabigol\/","og_site_name":"G\u00e1vea News","article_publisher":"https:\/\/facebook.com\/gaveaNews\/","article_published_time":"2025-02-04T00:50:00+00:00","og_image":[{"width":1080,"height":1346,"url":"https:\/\/www.gaveanews.com\/wp-content\/uploads\/Cassio-em-acao-pelo-Cruzeiro.webp","type":"image\/jpeg"}],"author":"Geovanna Thomaz","twitter_card":"summary_large_image","twitter_misc":{"Escrito por":"Geovanna Thomaz","Est. tempo de leitura":"2 minutos"},"schema":{"@context":"https:\/\/schema.org","@graph":[{"@type":"NewsArticle","@id":"https:\/\/www.gaveanews.com\/index.php\/2025\/02\/03\/cruzeiro-a-declaracao-de-cassio-direcionada-a-gabigol\/#article","isPartOf":{"@id":"https:\/\/www.gaveanews.com\/index.php\/2025\/02\/03\/cruzeiro-a-declaracao-de-cassio-direcionada-a-gabigol\/"},"author":{"name":"Geovanna Thomaz","@id":"https:\/\/www.gaveanews.com\/#\/schema\/person\/f42654babcd2b2014a1a65af82b081f1"},"headline":"Cruzeiro: a declara\u00e7\u00e3o de C\u00e1ssio direcionada a Gabigol","datePublished":"2025-02-04T00:50:00+00:00","mainEntityOfPage":{"@id":"https:\/\/www.gaveanews.com\/index.php\/2025\/02\/03\/cruzeiro-a-declaracao-de-cassio-direcionada-a-gabigol\/"},"wordCount":329,"commentCount":0,"image":{"@id":"https:\/\/www.gaveanews.com\/index.php\/2025\/02\/03\/cruzeiro-a-declaracao-de-cassio-direcionada-a-gabigol\/#primaryimage"},"thumbnailUrl":"https:\/\/www.gaveanews.com\/wp-content\/uploads\/Cassio-em-acao-pelo-Cruzeiro.webp","articleSection":["Cruzeiro"],"inLanguage":"pt-BR","potentialAction":[{"@type":"CommentAction","name":"Comment","target":["https:\/\/www.gaveanews.com\/index.php\/2025\/02\/03\/cruzeiro-a-declaracao-de-cassio-direcionada-a-gabigol\/#respond"]}],"copyrightYear":"2025","copyrightHolder":{"@id":"https:\/\/www.gaveanews.com\/#organization"}},{"@type":"WebPage","@id":"https:\/\/www.gaveanews.com\/index.php\/2025\/02\/03\/cruzeiro-a-declaracao-de-cassio-direcionada-a-gabigol\/","url":"https:\/\/www.gaveanews.com\/index.php\/2025\/02\/03\/cruzeiro-a-declaracao-de-cassio-direcionada-a-gabigol\/","name":"Cruzeiro: a declara\u00e7\u00e3o de C\u00e1ssio direcionada a Gabigol","isPartOf":{"@id":"https:\/\/www.gaveanews.com\/#website"},"primaryImageOfPage":{"@id":"https:\/\/www.gaveanews.com\/index.php\/2025\/02\/03\/cruzeiro-a-declaracao-de-cassio-direcionada-a-gabigol\/#primaryimage"},"image":{"@id":"https:\/\/www.gaveanews.com\/index.php\/2025\/02\/03\/cruzeiro-a-declaracao-de-cassio-direcionada-a-gabigol\/#primaryimage"},"thumbnailUrl":"https:\/\/www.gaveanews.com\/wp-content\/uploads\/Cassio-em-acao-pelo-Cruzeiro.webp","datePublished":"2025-02-04T00:50:00+00:00","author":{"@id":"https:\/\/www.gaveanews.com\/#\/schema\/person\/f42654babcd2b2014a1a65af82b081f1"},"breadcrumb":{"@id":"https:\/\/www.gaveanews.com\/index.php\/2025\/02\/03\/cruzeiro-a-declaracao-de-cassio-direcionada-a-gabigol\/#breadcrumb"},"inLanguage":"pt-BR","potentialAction":[{"@type":"ReadAction","target":["https:\/\/www.gaveanews.com\/index.php\/2025\/02\/03\/cruzeiro-a-declaracao-de-cassio-direcionada-a-gabigol\/"]}]},{"@type":"ImageObject","inLanguage":"pt-BR","@id":"https:\/\/www.gaveanews.com\/index.php\/2025\/02\/03\/cruzeiro-a-declaracao-de-cassio-direcionada-a-gabigol\/#primaryimage","url":"https:\/\/www.gaveanews.com\/wp-content\/uploads\/Cassio-em-acao-pelo-Cruzeiro.webp","contentUrl":"https:\/\/www.gaveanews.com\/wp-content\/uploads\/Cassio-em-acao-pelo-Cruzeiro.webp","width":1080,"height":1346,"caption":"C\u00e1ssio em a\u00e7\u00e3o pelo Cruzeiro (Foto: Reprodu\u00e7\u00e3o\/Instagram)"},{"@type":"BreadcrumbList","@id":"https:\/\/www.gaveanews.com\/index.php\/2025\/02\/03\/cruzeiro-a-declaracao-de-cassio-direcionada-a-gabigol\/#breadcrumb","itemListElement":[{"@type":"ListItem","position":1,"name":"Home","item":"https:\/\/www.gaveanews.com\/"},{"@type":"ListItem","position":2,"name":"Cruzeiro: a declara\u00e7\u00e3o de C\u00e1ssio direcionada a Gabigol"}]},{"@type":"WebSite","@id":"https:\/\/www.gaveanews.com\/#website","url":"https:\/\/www.gaveanews.com\/","name":"G\u00e1vea News","description":"Veja todas as not\u00edcias sobre o Flamengo: Contrata\u00e7\u00f5es, categorias de base, resultados das partidas, tabela de classifica\u00e7\u00e3o, pr\u00f3ximos jogos!","potentialAction":[{"@type":"SearchAction","target":{"@type":"EntryPoint","urlTemplate":"https:\/\/www.gaveanews.com\/?s={search_term_string}"},"query-input":{"@type":"PropertyValueSpecification","valueRequired":true,"valueName":"search_term_string"}}],"inLanguage":"pt-BR"},{"@type":"Person","@id":"https:\/\/www.gaveanews.com\/#\/schema\/person\/f42654babcd2b2014a1a65af82b081f1","name":"Geovanna Thomaz","image":{"@type":"ImageObject","inLanguage":"pt-BR","@id":"https:\/\/www.gaveanews.com\/#\/schema\/person\/image\/","url":"https:\/\/secure.gravatar.com\/avatar\/4092073255489533afb558984b49b64268c47198af8623cc82a925ae9fb7118a?s=96&d=mm&r=g","contentUrl":"https:\/\/secure.gravatar.com\/avatar\/4092073255489533afb558984b49b64268c47198af8623cc82a925ae9fb7118a?s=96&d=mm&r=g","caption":"Geovanna Thomaz"}}]}},"_links":{"self":[{"href":"https:\/\/www.gaveanews.com\/index.php\/wp-json\/wp\/v2\/posts\/222444","targetHints":{"allow":["GET"]}}],"collection":[{"href":"https:\/\/www.gaveanews.com\/index.php\/wp-json\/wp\/v2\/posts"}],"about":[{"href":"https:\/\/www.gaveanews.com\/index.php\/wp-json\/wp\/v2\/types\/post"}],"author":[{"embeddable":true,"href":"https:\/\/www.gaveanews.com\/index.php\/wp-json\/wp\/v2\/users\/17"}],"replies":[{"embeddable":true,"href":"https:\/\/www.gaveanews.com\/index.php\/wp-json\/wp\/v2\/comments?post=222444"}],"version-history":[{"count":1,"href":"https:\/\/www.gaveanews.com\/index.php\/wp-json\/wp\/v2\/posts\/222444\/revisions"}],"predecessor-version":[{"id":222445,"href":"https:\/\/www.gaveanews.com\/index.php\/wp-json\/wp\/v2\/posts\/222444\/revisions\/222445"}],"wp:featuredmedia":[{"embeddable":true,"href":"https:\/\/www.gaveanews.com\/index.php\/wp-json\/wp\/v2\/media\/160910"}],"wp:attachment":[{"href":"https:\/\/www.gaveanews.com\/index.php\/wp-json\/wp\/v2\/media?parent=222444"}],"wp:term":[{"taxonomy":"category","embeddable":true,"href":"https:\/\/www.gaveanews.com\/index.php\/wp-json\/wp\/v2\/categories?post=222444"},{"taxonomy":"post_tag","embeddable":true,"href":"https:\/\/www.gaveanews.com\/index.php\/wp-json\/wp\/v2\/tags?post=222444"}],"curies":[{"name":"wp","href":"https:\/\/api.w.org\/{rel}","templated":true}]}}