{"id":222460,"date":"2025-02-03T23:05:00","date_gmt":"2025-02-04T02:05:00","guid":{"rendered":"https:\/\/www.gaveanews.com\/?p=222460"},"modified":"2025-02-03T21:45:17","modified_gmt":"2025-02-04T00:45:17","slug":"santiago-ramos-mingo-manda-recada-para-torcida-do-bahia","status":"publish","type":"post","link":"https:\/\/www.gaveanews.com\/index.php\/2025\/02\/03\/santiago-ramos-mingo-manda-recada-para-torcida-do-bahia\/","title":{"rendered":"Santiago Ramos Mingo manda recada para torcida do Bahia"},"content":{"rendered":"\n<h2 class=\"wp-block-heading\" id=\"h-santiago-ramos-mingo-destaca-apoio-da-torcida-e-lamenta-empate-no-classico-ba-vi\">Santiago Ramos Mingo destaca apoio da torcida e lamenta empate no cl\u00e1ssico Ba-Vi<\/h2>\n\n\n\n<p>Santiago Ramos Mingo, o zagueiro argentino do Bahia, disputou seu segundo cl\u00e1ssico Ba-Vi neste s\u00e1bado (1\u00ba) e teve a chance de viver a intensa atmosfera do maior cl\u00e1ssico do futebol nordestino. Com menos de um m\u00eas de clube, Mingo sentiu a paix\u00e3o da torcida tricolor antes e durante a partida, o que lhe deu uma ideia do que representa esse confronto para a hist\u00f3ria do Bahia e para seus torcedores.<\/p>\n\n\n\n<p>Em sua primeira experi\u00eancia como titular em um cl\u00e1ssico, o defensor ficou bastante impressionado com o apoio da torcida, que lotou a Arena Fonte Nova e fez-se presente em todos os momentos. \u201cMuito contente com a torcida, pelo ambiente e por tudo que fizeram\u201d, afirmou, expressando sua satisfa\u00e7\u00e3o com a energia vibrante que tomou conta do est\u00e1dio.<\/p>\n\n\n\n<p>Apesar do apoio da massa tricolor, o zagueiro lamentou o fato de a equipe n\u00e3o ter conseguido corresponder em campo, especialmente por n\u00e3o ter conquistado a vit\u00f3ria.<\/p>\n\n\n\n<p> \u201cA verdade \u00e9 que n\u00f3s quer\u00edamos garantir o triunfo, mas n\u00e3o foi poss\u00edvel. Seguiremos tentando at\u00e9 o final\u201d, disse Mingo, visivelmente frustrado pelo empate. Para ele, a torcida merecia mais, mas ele se mostrou confiante de que, com o tempo, o time ser\u00e1 capaz de retribuir o apoio com resultados positivos.<\/p>\n\n\n\n<p>O defensor argentino ainda ressaltou que, embora o Bahia tenha dominado o jogo em termos de posse de bola e chances criadas, o time n\u00e3o teve sorte para marcar.<\/p>\n\n\n\n<p>\u201cAcredito que fizemos uma boa partida. Criamos v\u00e1rias situa\u00e7\u00f5es de gol, mas n\u00e3o tivemos a sorte para que a bola entrasse\u201d, destacou, apontando a efici\u00eancia no ataque como um dos pontos a serem trabalhados para melhorar nos pr\u00f3ximos jogos. Mingo tem plena confian\u00e7a de que, com o trabalho cont\u00ednuo, o Bahia conseguir\u00e1 mais vit\u00f3rias e triunfos importantes.<\/p>\n\n\n\n<p>O Bahia segue focado em sua trajet\u00f3ria na temporada e n\u00e3o tem tempo a perder. Ap\u00f3s o cl\u00e1ssico, o time se prepara para mais um desafio importante nesta quarta-feira (5), contra a Juazeirense, fora de casa, pela Copa do Nordeste. O objetivo \u00e9 garantir a vit\u00f3ria, aumentar a confian\u00e7a do grupo e seguir forte na competi\u00e7\u00e3o regional, buscando uma vaga nas fases mais avan\u00e7adas do torneio.<\/p>\n\n\n\n<p>O torcedor do Bahia, que tem apoiado sua equipe incansavelmente, pode esperar mais de Mingo e seus companheiros, que seguem trabalhando duro para oferecer um futebol competitivo e honrar as cores do clube.<\/p>\n","protected":false},"excerpt":{"rendered":"<p>Santiago Ramos Mingo destaca apoio da torcida e lamenta empate no cl\u00e1ssico Ba-Vi Santiago Ramos Mingo, o zagueiro argentino do Bahia, disputou seu segundo cl\u00e1ssico Ba-Vi neste s\u00e1bado (1\u00ba) e teve a chance de viver a intensa atmosfera do maior cl\u00e1ssico do futebol nordestino. Com menos de um m\u00eas de clube, Mingo sentiu a paix\u00e3o [&hellip;]<\/p>\n","protected":false},"author":17,"featured_media":198270,"comment_status":"open","ping_status":"closed","sticky":false,"template":"","format":"standard","meta":{"footnotes":""},"categories":[137],"tags":[],"class_list":["post-222460","post","type-post","status-publish","format-standard","has-post-thumbnail","hentry","category-bahia"],"yoast_head":"<!-- This site is optimized with the Yoast SEO Premium plugin v24.2 (Yoast SEO v26.9) - https:\/\/yoast.com\/product\/yoast-seo-premium-wordpress\/ -->\n<title>Santiago Ramos Mingo manda recada para torcida do Bahia<\/title>\n<meta name=\"robots\" content=\"index, follow, max-snippet:-1, max-image-preview:large, max-video-preview:-1\" \/>\n<link rel=\"canonical\" href=\"https:\/\/www.gaveanews.com\/index.php\/2025\/02\/03\/santiago-ramos-mingo-manda-recada-para-torcida-do-bahia\/\" \/>\n<meta property=\"og:locale\" content=\"pt_BR\" \/>\n<meta property=\"og:type\" content=\"article\" \/>\n<meta property=\"og:title\" content=\"Santiago Ramos Mingo manda recada para torcida do Bahia\" \/>\n<meta property=\"og:description\" content=\"Santiago Ramos Mingo destaca apoio da torcida e lamenta empate no cl\u00e1ssico Ba-Vi Santiago Ramos Mingo, o zagueiro argentino do Bahia, disputou seu segundo cl\u00e1ssico Ba-Vi neste s\u00e1bado (1\u00ba) e teve a chance de viver a intensa atmosfera do maior cl\u00e1ssico do futebol nordestino. Com menos de um m\u00eas de clube, Mingo sentiu a paix\u00e3o [&hellip;]\" \/>\n<meta property=\"og:url\" content=\"https:\/\/www.gaveanews.com\/index.php\/2025\/02\/03\/santiago-ramos-mingo-manda-recada-para-torcida-do-bahia\/\" \/>\n<meta property=\"og:site_name\" content=\"G\u00e1vea News\" \/>\n<meta property=\"article:publisher\" content=\"https:\/\/facebook.com\/gaveaNews\/\" \/>\n<meta property=\"article:published_time\" content=\"2025-02-04T02:05:00+00:00\" \/>\n<meta property=\"og:image\" content=\"https:\/\/www.gaveanews.com\/wp-content\/uploads\/Santiago-Mingo-ex-Barcelona.webp\" \/>\n\t<meta property=\"og:image:width\" content=\"815\" \/>\n\t<meta property=\"og:image:height\" content=\"541\" \/>\n\t<meta property=\"og:image:type\" content=\"image\/jpeg\" \/>\n<meta name=\"author\" content=\"Geovanna Thomaz\" \/>\n<meta name=\"twitter:card\" content=\"summary_large_image\" \/>\n<meta name=\"twitter:label1\" content=\"Escrito por\" \/>\n\t<meta name=\"twitter:data1\" content=\"Geovanna Thomaz\" \/>\n\t<meta name=\"twitter:label2\" content=\"Est. tempo de leitura\" \/>\n\t<meta name=\"twitter:data2\" content=\"3 minutos\" \/>\n<script type=\"application\/ld+json\" class=\"yoast-schema-graph\">{\"@context\":\"https:\/\/schema.org\",\"@graph\":[{\"@type\":\"NewsArticle\",\"@id\":\"https:\/\/www.gaveanews.com\/index.php\/2025\/02\/03\/santiago-ramos-mingo-manda-recada-para-torcida-do-bahia\/#article\",\"isPartOf\":{\"@id\":\"https:\/\/www.gaveanews.com\/index.php\/2025\/02\/03\/santiago-ramos-mingo-manda-recada-para-torcida-do-bahia\/\"},\"author\":{\"name\":\"Geovanna Thomaz\",\"@id\":\"https:\/\/www.gaveanews.com\/#\/schema\/person\/f42654babcd2b2014a1a65af82b081f1\"},\"headline\":\"Santiago Ramos Mingo manda recada para torcida do Bahia\",\"datePublished\":\"2025-02-04T02:05:00+00:00\",\"mainEntityOfPage\":{\"@id\":\"https:\/\/www.gaveanews.com\/index.php\/2025\/02\/03\/santiago-ramos-mingo-manda-recada-para-torcida-do-bahia\/\"},\"wordCount\":443,\"commentCount\":0,\"image\":{\"@id\":\"https:\/\/www.gaveanews.com\/index.php\/2025\/02\/03\/santiago-ramos-mingo-manda-recada-para-torcida-do-bahia\/#primaryimage\"},\"thumbnailUrl\":\"https:\/\/www.gaveanews.com\/wp-content\/uploads\/Santiago-Mingo-ex-Barcelona.webp\",\"articleSection\":[\"Bahia\"],\"inLanguage\":\"pt-BR\",\"potentialAction\":[{\"@type\":\"CommentAction\",\"name\":\"Comment\",\"target\":[\"https:\/\/www.gaveanews.com\/index.php\/2025\/02\/03\/santiago-ramos-mingo-manda-recada-para-torcida-do-bahia\/#respond\"]}],\"copyrightYear\":\"2025\",\"copyrightHolder\":{\"@id\":\"https:\/\/www.gaveanews.com\/#organization\"}},{\"@type\":\"WebPage\",\"@id\":\"https:\/\/www.gaveanews.com\/index.php\/2025\/02\/03\/santiago-ramos-mingo-manda-recada-para-torcida-do-bahia\/\",\"url\":\"https:\/\/www.gaveanews.com\/index.php\/2025\/02\/03\/santiago-ramos-mingo-manda-recada-para-torcida-do-bahia\/\",\"name\":\"Santiago Ramos Mingo manda recada para torcida do Bahia\",\"isPartOf\":{\"@id\":\"https:\/\/www.gaveanews.com\/#website\"},\"primaryImageOfPage\":{\"@id\":\"https:\/\/www.gaveanews.com\/index.php\/2025\/02\/03\/santiago-ramos-mingo-manda-recada-para-torcida-do-bahia\/#primaryimage\"},\"image\":{\"@id\":\"https:\/\/www.gaveanews.com\/index.php\/2025\/02\/03\/santiago-ramos-mingo-manda-recada-para-torcida-do-bahia\/#primaryimage\"},\"thumbnailUrl\":\"https:\/\/www.gaveanews.com\/wp-content\/uploads\/Santiago-Mingo-ex-Barcelona.webp\",\"datePublished\":\"2025-02-04T02:05:00+00:00\",\"author\":{\"@id\":\"https:\/\/www.gaveanews.com\/#\/schema\/person\/f42654babcd2b2014a1a65af82b081f1\"},\"breadcrumb\":{\"@id\":\"https:\/\/www.gaveanews.com\/index.php\/2025\/02\/03\/santiago-ramos-mingo-manda-recada-para-torcida-do-bahia\/#breadcrumb\"},\"inLanguage\":\"pt-BR\",\"potentialAction\":[{\"@type\":\"ReadAction\",\"target\":[\"https:\/\/www.gaveanews.com\/index.php\/2025\/02\/03\/santiago-ramos-mingo-manda-recada-para-torcida-do-bahia\/\"]}]},{\"@type\":\"ImageObject\",\"inLanguage\":\"pt-BR\",\"@id\":\"https:\/\/www.gaveanews.com\/index.php\/2025\/02\/03\/santiago-ramos-mingo-manda-recada-para-torcida-do-bahia\/#primaryimage\",\"url\":\"https:\/\/www.gaveanews.com\/wp-content\/uploads\/Santiago-Mingo-ex-Barcelona.webp\",\"contentUrl\":\"https:\/\/www.gaveanews.com\/wp-content\/uploads\/Santiago-Mingo-ex-Barcelona.webp\",\"width\":815,\"height\":541,\"caption\":\"Santiago Mingo ex-Barcelona ( Reprodu\u00e7\u00e3o\/Instagram Santiramosmingo)\"},{\"@type\":\"BreadcrumbList\",\"@id\":\"https:\/\/www.gaveanews.com\/index.php\/2025\/02\/03\/santiago-ramos-mingo-manda-recada-para-torcida-do-bahia\/#breadcrumb\",\"itemListElement\":[{\"@type\":\"ListItem\",\"position\":1,\"name\":\"Home\",\"item\":\"https:\/\/www.gaveanews.com\/\"},{\"@type\":\"ListItem\",\"position\":2,\"name\":\"Santiago Ramos Mingo manda recada para torcida do Bahia\"}]},{\"@type\":\"WebSite\",\"@id\":\"https:\/\/www.gaveanews.com\/#website\",\"url\":\"https:\/\/www.gaveanews.com\/\",\"name\":\"G\u00e1vea News\",\"description\":\"Veja todas as not\u00edcias sobre o Flamengo: Contrata\u00e7\u00f5es, categorias de base, resultados das partidas, tabela de classifica\u00e7\u00e3o, pr\u00f3ximos jogos!\",\"potentialAction\":[{\"@type\":\"SearchAction\",\"target\":{\"@type\":\"EntryPoint\",\"urlTemplate\":\"https:\/\/www.gaveanews.com\/?s={search_term_string}\"},\"query-input\":{\"@type\":\"PropertyValueSpecification\",\"valueRequired\":true,\"valueName\":\"search_term_string\"}}],\"inLanguage\":\"pt-BR\"},{\"@type\":\"Person\",\"@id\":\"https:\/\/www.gaveanews.com\/#\/schema\/person\/f42654babcd2b2014a1a65af82b081f1\",\"name\":\"Geovanna Thomaz\",\"image\":{\"@type\":\"ImageObject\",\"inLanguage\":\"pt-BR\",\"@id\":\"https:\/\/www.gaveanews.com\/#\/schema\/person\/image\/\",\"url\":\"https:\/\/secure.gravatar.com\/avatar\/4092073255489533afb558984b49b64268c47198af8623cc82a925ae9fb7118a?s=96&d=mm&r=g\",\"contentUrl\":\"https:\/\/secure.gravatar.com\/avatar\/4092073255489533afb558984b49b64268c47198af8623cc82a925ae9fb7118a?s=96&d=mm&r=g\",\"caption\":\"Geovanna Thomaz\"}}]}<\/script>\n<!-- \/ Yoast SEO Premium plugin. -->","yoast_head_json":{"title":"Santiago Ramos Mingo manda recada para torcida do Bahia","robots":{"index":"index","follow":"follow","max-snippet":"max-snippet:-1","max-image-preview":"max-image-preview:large","max-video-preview":"max-video-preview:-1"},"canonical":"https:\/\/www.gaveanews.com\/index.php\/2025\/02\/03\/santiago-ramos-mingo-manda-recada-para-torcida-do-bahia\/","og_locale":"pt_BR","og_type":"article","og_title":"Santiago Ramos Mingo manda recada para torcida do Bahia","og_description":"Santiago Ramos Mingo destaca apoio da torcida e lamenta empate no cl\u00e1ssico Ba-Vi Santiago Ramos Mingo, o zagueiro argentino do Bahia, disputou seu segundo cl\u00e1ssico Ba-Vi neste s\u00e1bado (1\u00ba) e teve a chance de viver a intensa atmosfera do maior cl\u00e1ssico do futebol nordestino. Com menos de um m\u00eas de clube, Mingo sentiu a paix\u00e3o [&hellip;]","og_url":"https:\/\/www.gaveanews.com\/index.php\/2025\/02\/03\/santiago-ramos-mingo-manda-recada-para-torcida-do-bahia\/","og_site_name":"G\u00e1vea News","article_publisher":"https:\/\/facebook.com\/gaveaNews\/","article_published_time":"2025-02-04T02:05:00+00:00","og_image":[{"width":815,"height":541,"url":"https:\/\/www.gaveanews.com\/wp-content\/uploads\/Santiago-Mingo-ex-Barcelona.webp","type":"image\/jpeg"}],"author":"Geovanna Thomaz","twitter_card":"summary_large_image","twitter_misc":{"Escrito por":"Geovanna Thomaz","Est. tempo de leitura":"3 minutos"},"schema":{"@context":"https:\/\/schema.org","@graph":[{"@type":"NewsArticle","@id":"https:\/\/www.gaveanews.com\/index.php\/2025\/02\/03\/santiago-ramos-mingo-manda-recada-para-torcida-do-bahia\/#article","isPartOf":{"@id":"https:\/\/www.gaveanews.com\/index.php\/2025\/02\/03\/santiago-ramos-mingo-manda-recada-para-torcida-do-bahia\/"},"author":{"name":"Geovanna Thomaz","@id":"https:\/\/www.gaveanews.com\/#\/schema\/person\/f42654babcd2b2014a1a65af82b081f1"},"headline":"Santiago Ramos Mingo manda recada para torcida do Bahia","datePublished":"2025-02-04T02:05:00+00:00","mainEntityOfPage":{"@id":"https:\/\/www.gaveanews.com\/index.php\/2025\/02\/03\/santiago-ramos-mingo-manda-recada-para-torcida-do-bahia\/"},"wordCount":443,"commentCount":0,"image":{"@id":"https:\/\/www.gaveanews.com\/index.php\/2025\/02\/03\/santiago-ramos-mingo-manda-recada-para-torcida-do-bahia\/#primaryimage"},"thumbnailUrl":"https:\/\/www.gaveanews.com\/wp-content\/uploads\/Santiago-Mingo-ex-Barcelona.webp","articleSection":["Bahia"],"inLanguage":"pt-BR","potentialAction":[{"@type":"CommentAction","name":"Comment","target":["https:\/\/www.gaveanews.com\/index.php\/2025\/02\/03\/santiago-ramos-mingo-manda-recada-para-torcida-do-bahia\/#respond"]}],"copyrightYear":"2025","copyrightHolder":{"@id":"https:\/\/www.gaveanews.com\/#organization"}},{"@type":"WebPage","@id":"https:\/\/www.gaveanews.com\/index.php\/2025\/02\/03\/santiago-ramos-mingo-manda-recada-para-torcida-do-bahia\/","url":"https:\/\/www.gaveanews.com\/index.php\/2025\/02\/03\/santiago-ramos-mingo-manda-recada-para-torcida-do-bahia\/","name":"Santiago Ramos Mingo manda recada para torcida do Bahia","isPartOf":{"@id":"https:\/\/www.gaveanews.com\/#website"},"primaryImageOfPage":{"@id":"https:\/\/www.gaveanews.com\/index.php\/2025\/02\/03\/santiago-ramos-mingo-manda-recada-para-torcida-do-bahia\/#primaryimage"},"image":{"@id":"https:\/\/www.gaveanews.com\/index.php\/2025\/02\/03\/santiago-ramos-mingo-manda-recada-para-torcida-do-bahia\/#primaryimage"},"thumbnailUrl":"https:\/\/www.gaveanews.com\/wp-content\/uploads\/Santiago-Mingo-ex-Barcelona.webp","datePublished":"2025-02-04T02:05:00+00:00","author":{"@id":"https:\/\/www.gaveanews.com\/#\/schema\/person\/f42654babcd2b2014a1a65af82b081f1"},"breadcrumb":{"@id":"https:\/\/www.gaveanews.com\/index.php\/2025\/02\/03\/santiago-ramos-mingo-manda-recada-para-torcida-do-bahia\/#breadcrumb"},"inLanguage":"pt-BR","potentialAction":[{"@type":"ReadAction","target":["https:\/\/www.gaveanews.com\/index.php\/2025\/02\/03\/santiago-ramos-mingo-manda-recada-para-torcida-do-bahia\/"]}]},{"@type":"ImageObject","inLanguage":"pt-BR","@id":"https:\/\/www.gaveanews.com\/index.php\/2025\/02\/03\/santiago-ramos-mingo-manda-recada-para-torcida-do-bahia\/#primaryimage","url":"https:\/\/www.gaveanews.com\/wp-content\/uploads\/Santiago-Mingo-ex-Barcelona.webp","contentUrl":"https:\/\/www.gaveanews.com\/wp-content\/uploads\/Santiago-Mingo-ex-Barcelona.webp","width":815,"height":541,"caption":"Santiago Mingo ex-Barcelona ( Reprodu\u00e7\u00e3o\/Instagram Santiramosmingo)"},{"@type":"BreadcrumbList","@id":"https:\/\/www.gaveanews.com\/index.php\/2025\/02\/03\/santiago-ramos-mingo-manda-recada-para-torcida-do-bahia\/#breadcrumb","itemListElement":[{"@type":"ListItem","position":1,"name":"Home","item":"https:\/\/www.gaveanews.com\/"},{"@type":"ListItem","position":2,"name":"Santiago Ramos Mingo manda recada para torcida do Bahia"}]},{"@type":"WebSite","@id":"https:\/\/www.gaveanews.com\/#website","url":"https:\/\/www.gaveanews.com\/","name":"G\u00e1vea News","description":"Veja todas as not\u00edcias sobre o Flamengo: Contrata\u00e7\u00f5es, categorias de base, resultados das partidas, tabela de classifica\u00e7\u00e3o, pr\u00f3ximos jogos!","potentialAction":[{"@type":"SearchAction","target":{"@type":"EntryPoint","urlTemplate":"https:\/\/www.gaveanews.com\/?s={search_term_string}"},"query-input":{"@type":"PropertyValueSpecification","valueRequired":true,"valueName":"search_term_string"}}],"inLanguage":"pt-BR"},{"@type":"Person","@id":"https:\/\/www.gaveanews.com\/#\/schema\/person\/f42654babcd2b2014a1a65af82b081f1","name":"Geovanna Thomaz","image":{"@type":"ImageObject","inLanguage":"pt-BR","@id":"https:\/\/www.gaveanews.com\/#\/schema\/person\/image\/","url":"https:\/\/secure.gravatar.com\/avatar\/4092073255489533afb558984b49b64268c47198af8623cc82a925ae9fb7118a?s=96&d=mm&r=g","contentUrl":"https:\/\/secure.gravatar.com\/avatar\/4092073255489533afb558984b49b64268c47198af8623cc82a925ae9fb7118a?s=96&d=mm&r=g","caption":"Geovanna Thomaz"}}]}},"_links":{"self":[{"href":"https:\/\/www.gaveanews.com\/index.php\/wp-json\/wp\/v2\/posts\/222460","targetHints":{"allow":["GET"]}}],"collection":[{"href":"https:\/\/www.gaveanews.com\/index.php\/wp-json\/wp\/v2\/posts"}],"about":[{"href":"https:\/\/www.gaveanews.com\/index.php\/wp-json\/wp\/v2\/types\/post"}],"author":[{"embeddable":true,"href":"https:\/\/www.gaveanews.com\/index.php\/wp-json\/wp\/v2\/users\/17"}],"replies":[{"embeddable":true,"href":"https:\/\/www.gaveanews.com\/index.php\/wp-json\/wp\/v2\/comments?post=222460"}],"version-history":[{"count":1,"href":"https:\/\/www.gaveanews.com\/index.php\/wp-json\/wp\/v2\/posts\/222460\/revisions"}],"predecessor-version":[{"id":222466,"href":"https:\/\/www.gaveanews.com\/index.php\/wp-json\/wp\/v2\/posts\/222460\/revisions\/222466"}],"wp:featuredmedia":[{"embeddable":true,"href":"https:\/\/www.gaveanews.com\/index.php\/wp-json\/wp\/v2\/media\/198270"}],"wp:attachment":[{"href":"https:\/\/www.gaveanews.com\/index.php\/wp-json\/wp\/v2\/media?parent=222460"}],"wp:term":[{"taxonomy":"category","embeddable":true,"href":"https:\/\/www.gaveanews.com\/index.php\/wp-json\/wp\/v2\/categories?post=222460"},{"taxonomy":"post_tag","embeddable":true,"href":"https:\/\/www.gaveanews.com\/index.php\/wp-json\/wp\/v2\/tags?post=222460"}],"curies":[{"name":"wp","href":"https:\/\/api.w.org\/{rel}","templated":true}]}}