{"id":22254,"date":"2019-06-27T15:16:22","date_gmt":"2019-06-27T18:16:22","guid":{"rendered":"https:\/\/www.gaveanews.com\/?p=22254"},"modified":"2019-09-20T12:56:59","modified_gmt":"2019-09-20T15:56:59","slug":"flamengo-faz-proposta-oficial-por-pedro-do-fluminense-salario-oferecido-pelo-fla-e-bem-superior","status":"publish","type":"post","link":"https:\/\/www.gaveanews.com\/index.php\/2019\/06\/27\/flamengo-faz-proposta-oficial-por-pedro-do-fluminense-salario-oferecido-pelo-fla-e-bem-superior\/","title":{"rendered":"Flamengo faz proposta oficial por Pedro, do Fluminense; sal\u00e1rio oferecido pelo Fla \u00e9 bem superior"},"content":{"rendered":"\n<p>Pedro \u00e9 o alvo do Flamengo para atender o pedido de Jorge Jesus por um centroavante. E o Fluminense j\u00e1 sabe disso. O Rubro-Negro oficializou nos \u00faltimos dias uma proposta por 70% dos direitos econ\u00f4micos do atacante e ouviu do clube das Laranjeiras que o jogador s\u00f3 sairia para o rival pela multa rescis\u00f3ria. As negocia\u00e7\u00f5es, por sua vez, est\u00e3o longe de um fim.<\/p>\n\n\n\n<p>Pedro, de 22 anos, tem contrato at\u00e9 julho de 2021 com o Fluminense, que det\u00e9m 50% de seus direitos &#8211; a outra metade pertence ao Artsul, do Rio de Janeiro. A multa rescis\u00f3ria \u00e9 de 50 milh\u00f5es de euros (aproximadamente R$ 220 milh\u00f5es na cota\u00e7\u00e3o atual) para o exterior, e um pouco menor para o mercado nacional. O Lance! divulgou primeiramente o interesse do Flamengo e o canal Paparazzo falou do desejo de compra de parte dos direitos.<\/p>\n\n\n\n<p>O site &#8220;Globo Esporte&#8221; apurou que o desejo \u00e9 adquirir 70% do montante, mas o Flamengo \u00e9 flex\u00edvel quanto a esse percentual e adota paci\u00eancia para o desenrolar da negocia\u00e7\u00e3o. Ciente que o Fluminense tem urg\u00eancia em buscar uma solu\u00e7\u00e3o para quitar os sal\u00e1rios e direitos de imagens atrasados, o Rubro-Negro promete insistir na contrata\u00e7\u00e3o. O cen\u00e1rio \u00e9 similar ao que aconteceu na negocia\u00e7\u00e3o por Henrique Dourado, h\u00e1 um ano e meio.<\/p>\n\n\n\n<p>Com dois meses de atraso de sal\u00e1rios e cinco meses de direitos de imagem, o Fluminense se divide entre a necessidade de fazer caixa com certa urg\u00eancia e o impacto de uma venda de seu principal jogador para um rival direto. Ciente deste cen\u00e1rio, o Flamengo<\/p>\n\n\n\n<p>A rec\u00e9m-empossada diretoria tricolor formada por M\u00e1rio Bittencourt e Celso Barros, por sua vez, n\u00e3o acha interessante vender seu principal jogador para o maior rival. Prefere aguardar a abertura da janela de transfer\u00eancias internacionais para os grandes centros europeus, em julho, na esperan\u00e7a de ofertas atraentes, mesmo que at\u00e9 ligeiramente inferiores ao oferecido pelo Flamengo.<\/p>\n\n\n\n<p>Em 2018, com o atacante valorizado pela artilharia no Brasileiro e a convoca\u00e7\u00e3o para a Sele\u00e7\u00e3o, o clube chegou a recusar propostas de times do exterior de at\u00e9 20 milh\u00f5es de euros, e tinha uma negocia\u00e7\u00e3o encaminhada com o Real Madrid, interrompida em raz\u00e3o da grave les\u00e3o no joelho direito sofrida pelo atacante.<\/p>\n\n\n\n<p>O panorama, no entanto, mudou. Pedro ficou fora de combate por cerca de oito meses e retornou aos gramados apenas em abril. Desde ent\u00e3o, entrou em campo sete vezes por Fluminense e sele\u00e7\u00e3o ol\u00edmpica, e marcou tr\u00eas gols.<\/p>\n\n\n\n<p>A realidade atual \u00e9 de mapeamento do mercado. Em fevereiro, o Wolfsburg, da Alemanha, consultou o Flu sobre Pedro e ouviu uma pedida de 25 milh\u00f5es de euros (quase R$ 110 milh\u00f5es). Os clubes chegaram a conversar sobre uma venda de cerca de R$ 80 milh\u00f5es, mas os alem\u00e3es recuaram. Caso n\u00e3o cheguem propostas interessantes do exterior, uma negocia\u00e7\u00e3o com o Flamengo n\u00e3o \u00e9 imposs\u00edvel. Mesmo que no fim possa ceder em uma negocia\u00e7\u00e3o com o Rubro-Negro, o Tricolor n\u00e3o abre m\u00e3o de manter ao menos 15% dos direitos.<\/p>\n\n\n\n<p>O sal\u00e1rio que o Flamengo pretende pagar para Pedro \u00e9 bem superior ao que o atacante recebe atualmente no Fluminense. O camisa 9, por sua vez, segue focado na inter temporada do Tricolor. M\u00e1rio Bittencourt e Celso Barros, no entanto, j\u00e1 entraram em contato com representantes do atleta para falar da situa\u00e7\u00e3o.<\/p>\n\n\n\n<p>Revelado pelo Fluminense, Pedro chegou a jogar nas categorias de base do Flamengo de 2007 (Sub-11) a 2011 (Sub-15). Em seguida, passou por Duquecaxiense e Artsul antes de chegar a Xer\u00e9m para integrar o Sub-17 do Tricolor. Subiu aos profissionais em 2016 e teve como grande temporada 2018, quando foi artilheiro do time no ano e chegou a ser convocado para a sele\u00e7\u00e3o brasileira &#8211; mas acabou cortado em raz\u00e3o da les\u00e3o no joelho.<\/p>\n\n\n\n\n\n<p>Retirado de: Globo Esporte<\/p>\n","protected":false},"excerpt":{"rendered":"<p>Pedro \u00e9 o alvo do Flamengo para atender o pedido de Jorge Jesus por um centroavante. E o Fluminense j\u00e1 sabe disso. O Rubro-Negro oficializou nos \u00faltimos dias uma proposta por 70% dos direitos econ\u00f4micos do atacante e ouviu do clube das Laranjeiras que o jogador s\u00f3 sairia para o rival pela multa rescis\u00f3ria. As [&hellip;]<\/p>\n","protected":false},"author":1,"featured_media":28105,"comment_status":"open","ping_status":"open","sticky":false,"template":"","format":"standard","meta":{"footnotes":""},"categories":[48],"tags":[],"class_list":["post-22254","post","type-post","status-publish","format-standard","has-post-thumbnail","hentry","category-negociacoes"],"yoast_head":"<!-- This site is optimized with the Yoast SEO Premium plugin v24.2 (Yoast SEO v26.9) - https:\/\/yoast.com\/product\/yoast-seo-premium-wordpress\/ -->\n<title>Flamengo faz proposta oficial por Pedro, do Fluminense; sal\u00e1rio oferecido pelo Fla \u00e9 bem superior<\/title>\n<meta name=\"robots\" content=\"index, follow, max-snippet:-1, max-image-preview:large, max-video-preview:-1\" \/>\n<link rel=\"canonical\" href=\"https:\/\/www.gaveanews.com\/index.php\/2019\/06\/27\/flamengo-faz-proposta-oficial-por-pedro-do-fluminense-salario-oferecido-pelo-fla-e-bem-superior\/\" \/>\n<meta property=\"og:locale\" content=\"pt_BR\" \/>\n<meta property=\"og:type\" content=\"article\" \/>\n<meta property=\"og:title\" content=\"Flamengo faz proposta oficial por Pedro, do Fluminense; sal\u00e1rio oferecido pelo Fla \u00e9 bem superior\" \/>\n<meta property=\"og:description\" content=\"Pedro \u00e9 o alvo do Flamengo para atender o pedido de Jorge Jesus por um centroavante. E o Fluminense j\u00e1 sabe disso. O Rubro-Negro oficializou nos \u00faltimos dias uma proposta por 70% dos direitos econ\u00f4micos do atacante e ouviu do clube das Laranjeiras que o jogador s\u00f3 sairia para o rival pela multa rescis\u00f3ria. As [&hellip;]\" \/>\n<meta property=\"og:url\" content=\"https:\/\/www.gaveanews.com\/index.php\/2019\/06\/27\/flamengo-faz-proposta-oficial-por-pedro-do-fluminense-salario-oferecido-pelo-fla-e-bem-superior\/\" \/>\n<meta property=\"og:site_name\" content=\"G\u00e1vea News\" \/>\n<meta property=\"article:publisher\" content=\"https:\/\/facebook.com\/gaveaNews\/\" \/>\n<meta property=\"article:published_time\" content=\"2019-06-27T18:16:22+00:00\" \/>\n<meta property=\"article:modified_time\" content=\"2019-09-20T15:56:59+00:00\" \/>\n<meta property=\"og:image\" content=\"https:\/\/www.gaveanews.com\/wp-content\/uploads\/Pedro-durante-treinamento-do-Fluminense.webp\" \/>\n\t<meta property=\"og:image:width\" content=\"924\" \/>\n\t<meta property=\"og:image:height\" content=\"520\" \/>\n\t<meta property=\"og:image:type\" content=\"image\/jpeg\" \/>\n<meta name=\"author\" content=\"Equipe G\u00e1vea News\" \/>\n<meta name=\"twitter:card\" content=\"summary_large_image\" \/>\n<meta name=\"twitter:label1\" content=\"Escrito por\" \/>\n\t<meta name=\"twitter:data1\" content=\"Equipe G\u00e1vea News\" \/>\n\t<meta name=\"twitter:label2\" content=\"Est. tempo de leitura\" \/>\n\t<meta name=\"twitter:data2\" content=\"3 minutos\" \/>\n<script type=\"application\/ld+json\" class=\"yoast-schema-graph\">{\"@context\":\"https:\/\/schema.org\",\"@graph\":[{\"@type\":\"NewsArticle\",\"@id\":\"https:\/\/www.gaveanews.com\/index.php\/2019\/06\/27\/flamengo-faz-proposta-oficial-por-pedro-do-fluminense-salario-oferecido-pelo-fla-e-bem-superior\/#article\",\"isPartOf\":{\"@id\":\"https:\/\/www.gaveanews.com\/index.php\/2019\/06\/27\/flamengo-faz-proposta-oficial-por-pedro-do-fluminense-salario-oferecido-pelo-fla-e-bem-superior\/\"},\"author\":{\"name\":\"Equipe G\u00e1vea News\",\"@id\":\"https:\/\/www.gaveanews.com\/#\/schema\/person\/2ec14f73fb96be2caf28f91afb14749d\"},\"headline\":\"Flamengo faz proposta oficial por Pedro, do Fluminense; sal\u00e1rio oferecido pelo Fla \u00e9 bem superior\",\"datePublished\":\"2019-06-27T18:16:22+00:00\",\"dateModified\":\"2019-09-20T15:56:59+00:00\",\"mainEntityOfPage\":{\"@id\":\"https:\/\/www.gaveanews.com\/index.php\/2019\/06\/27\/flamengo-faz-proposta-oficial-por-pedro-do-fluminense-salario-oferecido-pelo-fla-e-bem-superior\/\"},\"wordCount\":668,\"commentCount\":0,\"image\":{\"@id\":\"https:\/\/www.gaveanews.com\/index.php\/2019\/06\/27\/flamengo-faz-proposta-oficial-por-pedro-do-fluminense-salario-oferecido-pelo-fla-e-bem-superior\/#primaryimage\"},\"thumbnailUrl\":\"https:\/\/www.gaveanews.com\/wp-content\/uploads\/Pedro-durante-treinamento-do-Fluminense.webp\",\"articleSection\":[\"Negocia\u00e7\u00f5es\"],\"inLanguage\":\"pt-BR\",\"potentialAction\":[{\"@type\":\"CommentAction\",\"name\":\"Comment\",\"target\":[\"https:\/\/www.gaveanews.com\/index.php\/2019\/06\/27\/flamengo-faz-proposta-oficial-por-pedro-do-fluminense-salario-oferecido-pelo-fla-e-bem-superior\/#respond\"]}],\"copyrightYear\":\"2019\",\"copyrightHolder\":{\"@id\":\"https:\/\/www.gaveanews.com\/#organization\"}},{\"@type\":\"WebPage\",\"@id\":\"https:\/\/www.gaveanews.com\/index.php\/2019\/06\/27\/flamengo-faz-proposta-oficial-por-pedro-do-fluminense-salario-oferecido-pelo-fla-e-bem-superior\/\",\"url\":\"https:\/\/www.gaveanews.com\/index.php\/2019\/06\/27\/flamengo-faz-proposta-oficial-por-pedro-do-fluminense-salario-oferecido-pelo-fla-e-bem-superior\/\",\"name\":\"Flamengo faz proposta oficial por Pedro, do Fluminense; sal\u00e1rio oferecido pelo Fla \u00e9 bem superior\",\"isPartOf\":{\"@id\":\"https:\/\/www.gaveanews.com\/#website\"},\"primaryImageOfPage\":{\"@id\":\"https:\/\/www.gaveanews.com\/index.php\/2019\/06\/27\/flamengo-faz-proposta-oficial-por-pedro-do-fluminense-salario-oferecido-pelo-fla-e-bem-superior\/#primaryimage\"},\"image\":{\"@id\":\"https:\/\/www.gaveanews.com\/index.php\/2019\/06\/27\/flamengo-faz-proposta-oficial-por-pedro-do-fluminense-salario-oferecido-pelo-fla-e-bem-superior\/#primaryimage\"},\"thumbnailUrl\":\"https:\/\/www.gaveanews.com\/wp-content\/uploads\/Pedro-durante-treinamento-do-Fluminense.webp\",\"datePublished\":\"2019-06-27T18:16:22+00:00\",\"dateModified\":\"2019-09-20T15:56:59+00:00\",\"author\":{\"@id\":\"https:\/\/www.gaveanews.com\/#\/schema\/person\/2ec14f73fb96be2caf28f91afb14749d\"},\"breadcrumb\":{\"@id\":\"https:\/\/www.gaveanews.com\/index.php\/2019\/06\/27\/flamengo-faz-proposta-oficial-por-pedro-do-fluminense-salario-oferecido-pelo-fla-e-bem-superior\/#breadcrumb\"},\"inLanguage\":\"pt-BR\",\"potentialAction\":[{\"@type\":\"ReadAction\",\"target\":[\"https:\/\/www.gaveanews.com\/index.php\/2019\/06\/27\/flamengo-faz-proposta-oficial-por-pedro-do-fluminense-salario-oferecido-pelo-fla-e-bem-superior\/\"]}]},{\"@type\":\"ImageObject\",\"inLanguage\":\"pt-BR\",\"@id\":\"https:\/\/www.gaveanews.com\/index.php\/2019\/06\/27\/flamengo-faz-proposta-oficial-por-pedro-do-fluminense-salario-oferecido-pelo-fla-e-bem-superior\/#primaryimage\",\"url\":\"https:\/\/www.gaveanews.com\/wp-content\/uploads\/Pedro-durante-treinamento-do-Fluminense.webp\",\"contentUrl\":\"https:\/\/www.gaveanews.com\/wp-content\/uploads\/Pedro-durante-treinamento-do-Fluminense.webp\",\"width\":924,\"height\":520,\"caption\":\"Pedro durante treinamento do Fluminense (Foto: Lucas Mer\u00e7on\/Fluminense)\"},{\"@type\":\"BreadcrumbList\",\"@id\":\"https:\/\/www.gaveanews.com\/index.php\/2019\/06\/27\/flamengo-faz-proposta-oficial-por-pedro-do-fluminense-salario-oferecido-pelo-fla-e-bem-superior\/#breadcrumb\",\"itemListElement\":[{\"@type\":\"ListItem\",\"position\":1,\"name\":\"Home\",\"item\":\"https:\/\/www.gaveanews.com\/\"},{\"@type\":\"ListItem\",\"position\":2,\"name\":\"Flamengo faz proposta oficial por Pedro, do Fluminense; sal\u00e1rio oferecido pelo Fla \u00e9 bem superior\"}]},{\"@type\":\"WebSite\",\"@id\":\"https:\/\/www.gaveanews.com\/#website\",\"url\":\"https:\/\/www.gaveanews.com\/\",\"name\":\"G\u00e1vea News\",\"description\":\"Veja todas as not\u00edcias sobre o Flamengo: Contrata\u00e7\u00f5es, categorias de base, resultados das partidas, tabela de classifica\u00e7\u00e3o, pr\u00f3ximos jogos!\",\"potentialAction\":[{\"@type\":\"SearchAction\",\"target\":{\"@type\":\"EntryPoint\",\"urlTemplate\":\"https:\/\/www.gaveanews.com\/?s={search_term_string}\"},\"query-input\":{\"@type\":\"PropertyValueSpecification\",\"valueRequired\":true,\"valueName\":\"search_term_string\"}}],\"inLanguage\":\"pt-BR\"},{\"@type\":\"Person\",\"@id\":\"https:\/\/www.gaveanews.com\/#\/schema\/person\/2ec14f73fb96be2caf28f91afb14749d\",\"name\":\"Equipe G\u00e1vea News\",\"image\":{\"@type\":\"ImageObject\",\"inLanguage\":\"pt-BR\",\"@id\":\"https:\/\/www.gaveanews.com\/#\/schema\/person\/image\/\",\"url\":\"https:\/\/secure.gravatar.com\/avatar\/1e1956f1facbffd3f8fa53a326721950116b3b9dc9bd44939c01180fd4a745a9?s=96&d=mm&r=g\",\"contentUrl\":\"https:\/\/secure.gravatar.com\/avatar\/1e1956f1facbffd3f8fa53a326721950116b3b9dc9bd44939c01180fd4a745a9?s=96&d=mm&r=g\",\"caption\":\"Equipe G\u00e1vea News\"}}]}<\/script>\n<!-- \/ Yoast SEO Premium plugin. -->","yoast_head_json":{"title":"Flamengo faz proposta oficial por Pedro, do Fluminense; sal\u00e1rio oferecido pelo Fla \u00e9 bem superior","robots":{"index":"index","follow":"follow","max-snippet":"max-snippet:-1","max-image-preview":"max-image-preview:large","max-video-preview":"max-video-preview:-1"},"canonical":"https:\/\/www.gaveanews.com\/index.php\/2019\/06\/27\/flamengo-faz-proposta-oficial-por-pedro-do-fluminense-salario-oferecido-pelo-fla-e-bem-superior\/","og_locale":"pt_BR","og_type":"article","og_title":"Flamengo faz proposta oficial por Pedro, do Fluminense; sal\u00e1rio oferecido pelo Fla \u00e9 bem superior","og_description":"Pedro \u00e9 o alvo do Flamengo para atender o pedido de Jorge Jesus por um centroavante. E o Fluminense j\u00e1 sabe disso. O Rubro-Negro oficializou nos \u00faltimos dias uma proposta por 70% dos direitos econ\u00f4micos do atacante e ouviu do clube das Laranjeiras que o jogador s\u00f3 sairia para o rival pela multa rescis\u00f3ria. As [&hellip;]","og_url":"https:\/\/www.gaveanews.com\/index.php\/2019\/06\/27\/flamengo-faz-proposta-oficial-por-pedro-do-fluminense-salario-oferecido-pelo-fla-e-bem-superior\/","og_site_name":"G\u00e1vea News","article_publisher":"https:\/\/facebook.com\/gaveaNews\/","article_published_time":"2019-06-27T18:16:22+00:00","article_modified_time":"2019-09-20T15:56:59+00:00","og_image":[{"width":924,"height":520,"url":"https:\/\/www.gaveanews.com\/wp-content\/uploads\/Pedro-durante-treinamento-do-Fluminense.webp","type":"image\/jpeg"}],"author":"Equipe G\u00e1vea News","twitter_card":"summary_large_image","twitter_misc":{"Escrito por":"Equipe G\u00e1vea News","Est. tempo de leitura":"3 minutos"},"schema":{"@context":"https:\/\/schema.org","@graph":[{"@type":"NewsArticle","@id":"https:\/\/www.gaveanews.com\/index.php\/2019\/06\/27\/flamengo-faz-proposta-oficial-por-pedro-do-fluminense-salario-oferecido-pelo-fla-e-bem-superior\/#article","isPartOf":{"@id":"https:\/\/www.gaveanews.com\/index.php\/2019\/06\/27\/flamengo-faz-proposta-oficial-por-pedro-do-fluminense-salario-oferecido-pelo-fla-e-bem-superior\/"},"author":{"name":"Equipe G\u00e1vea News","@id":"https:\/\/www.gaveanews.com\/#\/schema\/person\/2ec14f73fb96be2caf28f91afb14749d"},"headline":"Flamengo faz proposta oficial por Pedro, do Fluminense; sal\u00e1rio oferecido pelo Fla \u00e9 bem superior","datePublished":"2019-06-27T18:16:22+00:00","dateModified":"2019-09-20T15:56:59+00:00","mainEntityOfPage":{"@id":"https:\/\/www.gaveanews.com\/index.php\/2019\/06\/27\/flamengo-faz-proposta-oficial-por-pedro-do-fluminense-salario-oferecido-pelo-fla-e-bem-superior\/"},"wordCount":668,"commentCount":0,"image":{"@id":"https:\/\/www.gaveanews.com\/index.php\/2019\/06\/27\/flamengo-faz-proposta-oficial-por-pedro-do-fluminense-salario-oferecido-pelo-fla-e-bem-superior\/#primaryimage"},"thumbnailUrl":"https:\/\/www.gaveanews.com\/wp-content\/uploads\/Pedro-durante-treinamento-do-Fluminense.webp","articleSection":["Negocia\u00e7\u00f5es"],"inLanguage":"pt-BR","potentialAction":[{"@type":"CommentAction","name":"Comment","target":["https:\/\/www.gaveanews.com\/index.php\/2019\/06\/27\/flamengo-faz-proposta-oficial-por-pedro-do-fluminense-salario-oferecido-pelo-fla-e-bem-superior\/#respond"]}],"copyrightYear":"2019","copyrightHolder":{"@id":"https:\/\/www.gaveanews.com\/#organization"}},{"@type":"WebPage","@id":"https:\/\/www.gaveanews.com\/index.php\/2019\/06\/27\/flamengo-faz-proposta-oficial-por-pedro-do-fluminense-salario-oferecido-pelo-fla-e-bem-superior\/","url":"https:\/\/www.gaveanews.com\/index.php\/2019\/06\/27\/flamengo-faz-proposta-oficial-por-pedro-do-fluminense-salario-oferecido-pelo-fla-e-bem-superior\/","name":"Flamengo faz proposta oficial por Pedro, do Fluminense; sal\u00e1rio oferecido pelo Fla \u00e9 bem superior","isPartOf":{"@id":"https:\/\/www.gaveanews.com\/#website"},"primaryImageOfPage":{"@id":"https:\/\/www.gaveanews.com\/index.php\/2019\/06\/27\/flamengo-faz-proposta-oficial-por-pedro-do-fluminense-salario-oferecido-pelo-fla-e-bem-superior\/#primaryimage"},"image":{"@id":"https:\/\/www.gaveanews.com\/index.php\/2019\/06\/27\/flamengo-faz-proposta-oficial-por-pedro-do-fluminense-salario-oferecido-pelo-fla-e-bem-superior\/#primaryimage"},"thumbnailUrl":"https:\/\/www.gaveanews.com\/wp-content\/uploads\/Pedro-durante-treinamento-do-Fluminense.webp","datePublished":"2019-06-27T18:16:22+00:00","dateModified":"2019-09-20T15:56:59+00:00","author":{"@id":"https:\/\/www.gaveanews.com\/#\/schema\/person\/2ec14f73fb96be2caf28f91afb14749d"},"breadcrumb":{"@id":"https:\/\/www.gaveanews.com\/index.php\/2019\/06\/27\/flamengo-faz-proposta-oficial-por-pedro-do-fluminense-salario-oferecido-pelo-fla-e-bem-superior\/#breadcrumb"},"inLanguage":"pt-BR","potentialAction":[{"@type":"ReadAction","target":["https:\/\/www.gaveanews.com\/index.php\/2019\/06\/27\/flamengo-faz-proposta-oficial-por-pedro-do-fluminense-salario-oferecido-pelo-fla-e-bem-superior\/"]}]},{"@type":"ImageObject","inLanguage":"pt-BR","@id":"https:\/\/www.gaveanews.com\/index.php\/2019\/06\/27\/flamengo-faz-proposta-oficial-por-pedro-do-fluminense-salario-oferecido-pelo-fla-e-bem-superior\/#primaryimage","url":"https:\/\/www.gaveanews.com\/wp-content\/uploads\/Pedro-durante-treinamento-do-Fluminense.webp","contentUrl":"https:\/\/www.gaveanews.com\/wp-content\/uploads\/Pedro-durante-treinamento-do-Fluminense.webp","width":924,"height":520,"caption":"Pedro durante treinamento do Fluminense (Foto: Lucas Mer\u00e7on\/Fluminense)"},{"@type":"BreadcrumbList","@id":"https:\/\/www.gaveanews.com\/index.php\/2019\/06\/27\/flamengo-faz-proposta-oficial-por-pedro-do-fluminense-salario-oferecido-pelo-fla-e-bem-superior\/#breadcrumb","itemListElement":[{"@type":"ListItem","position":1,"name":"Home","item":"https:\/\/www.gaveanews.com\/"},{"@type":"ListItem","position":2,"name":"Flamengo faz proposta oficial por Pedro, do Fluminense; sal\u00e1rio oferecido pelo Fla \u00e9 bem superior"}]},{"@type":"WebSite","@id":"https:\/\/www.gaveanews.com\/#website","url":"https:\/\/www.gaveanews.com\/","name":"G\u00e1vea News","description":"Veja todas as not\u00edcias sobre o Flamengo: Contrata\u00e7\u00f5es, categorias de base, resultados das partidas, tabela de classifica\u00e7\u00e3o, pr\u00f3ximos jogos!","potentialAction":[{"@type":"SearchAction","target":{"@type":"EntryPoint","urlTemplate":"https:\/\/www.gaveanews.com\/?s={search_term_string}"},"query-input":{"@type":"PropertyValueSpecification","valueRequired":true,"valueName":"search_term_string"}}],"inLanguage":"pt-BR"},{"@type":"Person","@id":"https:\/\/www.gaveanews.com\/#\/schema\/person\/2ec14f73fb96be2caf28f91afb14749d","name":"Equipe G\u00e1vea News","image":{"@type":"ImageObject","inLanguage":"pt-BR","@id":"https:\/\/www.gaveanews.com\/#\/schema\/person\/image\/","url":"https:\/\/secure.gravatar.com\/avatar\/1e1956f1facbffd3f8fa53a326721950116b3b9dc9bd44939c01180fd4a745a9?s=96&d=mm&r=g","contentUrl":"https:\/\/secure.gravatar.com\/avatar\/1e1956f1facbffd3f8fa53a326721950116b3b9dc9bd44939c01180fd4a745a9?s=96&d=mm&r=g","caption":"Equipe G\u00e1vea News"}}]}},"_links":{"self":[{"href":"https:\/\/www.gaveanews.com\/index.php\/wp-json\/wp\/v2\/posts\/22254","targetHints":{"allow":["GET"]}}],"collection":[{"href":"https:\/\/www.gaveanews.com\/index.php\/wp-json\/wp\/v2\/posts"}],"about":[{"href":"https:\/\/www.gaveanews.com\/index.php\/wp-json\/wp\/v2\/types\/post"}],"author":[{"embeddable":true,"href":"https:\/\/www.gaveanews.com\/index.php\/wp-json\/wp\/v2\/users\/1"}],"replies":[{"embeddable":true,"href":"https:\/\/www.gaveanews.com\/index.php\/wp-json\/wp\/v2\/comments?post=22254"}],"version-history":[{"count":0,"href":"https:\/\/www.gaveanews.com\/index.php\/wp-json\/wp\/v2\/posts\/22254\/revisions"}],"wp:featuredmedia":[{"embeddable":true,"href":"https:\/\/www.gaveanews.com\/index.php\/wp-json\/wp\/v2\/media\/28105"}],"wp:attachment":[{"href":"https:\/\/www.gaveanews.com\/index.php\/wp-json\/wp\/v2\/media?parent=22254"}],"wp:term":[{"taxonomy":"category","embeddable":true,"href":"https:\/\/www.gaveanews.com\/index.php\/wp-json\/wp\/v2\/categories?post=22254"},{"taxonomy":"post_tag","embeddable":true,"href":"https:\/\/www.gaveanews.com\/index.php\/wp-json\/wp\/v2\/tags?post=22254"}],"curies":[{"name":"wp","href":"https:\/\/api.w.org\/{rel}","templated":true}]}}