{"id":222559,"date":"2025-02-03T23:10:00","date_gmt":"2025-02-04T02:10:00","guid":{"rendered":"https:\/\/www.gaveanews.com\/?p=222559"},"modified":"2025-02-03T21:46:11","modified_gmt":"2025-02-04T00:46:11","slug":"campeonato-carioca-edmundo-escolhe-seu-favorito-ao-titulo","status":"publish","type":"post","link":"https:\/\/www.gaveanews.com\/index.php\/2025\/02\/03\/campeonato-carioca-edmundo-escolhe-seu-favorito-ao-titulo\/","title":{"rendered":"Campeonato Carioca: Edmundo escolhe seu favorito ao t\u00edtulo"},"content":{"rendered":"\n<p>Edmundo acredita que o Vasco pode surpreender e conquistar o t\u00edtulo do Campeonato Carioca de 2025. Mesmo com o favoritismo apontado ao Flamengo, o ex-jogador v\u00ea o Cruz-Maltino em condi\u00e7\u00f5es de disputar a ta\u00e7a, destacando o preparo f\u00edsico e o entrosamento da equipe comandada por F\u00e1bio Carille como trunfos na fase decisiva da competi\u00e7\u00e3o.<\/p>\n\n\n\n<p>O Vasco soma 13 pontos em sete jogos e ocupa a segunda coloca\u00e7\u00e3o da Ta\u00e7a Guanabara. Invicto no torneio, o time venceu tr\u00eas partidas e empatou quatro, incluindo o duelo contra o Volta Redonda no \u00faltimo s\u00e1bado, no Esp\u00edrito Santo. Para Edmundo, a equipe demonstra evolu\u00e7\u00e3o e pode crescer ainda mais na reta final.<\/p>\n\n\n\n<p>&#8220;Eu estou acreditando bastante que o Vasco tem time para ser campe\u00e3o carioca 2025. Acho que ainda estamos longe, faltam os cl\u00e1ssicos ainda. At\u00e9 aqui, o Vasco me parece o melhor time preparado fisicamente. \u00c9 claro que individualmente os outros est\u00e3o na frente, mas a parte coletiva, entrosamento, pode ser fator decisivo&#8221;, afirmou o ex-atacante em entrevista.<\/p>\n\n\n\n<p>J\u00e1 o Flamengo, atual campe\u00e3o estadual, come\u00e7ou a competi\u00e7\u00e3o utilizando uma equipe alternativa, mas n\u00e3o conseguiu bons resultados. Com o retorno dos titulares, o time conseguiu uma sequ\u00eancia de tr\u00eas vit\u00f3rias consecutivas, mas ainda se encontra fora da zona de classifica\u00e7\u00e3o para as semifinais.<\/p>\n\n\n\n<h2 class=\"wp-block-heading\" id=\"h-bruma-vem-ou-nao\">Bruma vem ou n\u00e3o?<\/h2>\n\n\n\n<p>Fora de campo, o Vasco sofreu um rev\u00e9s no mercado da bola. O clube negociava a contrata\u00e7\u00e3o do atacante Bruma, mas viu o Benfica atravessar a negocia\u00e7\u00e3o e ficar pr\u00f3ximo de fechar um acordo com o jogador. A diretoria vasca\u00edna aguardava um aval do Braga para avan\u00e7ar na tratativa, mas a sinaliza\u00e7\u00e3o positiva n\u00e3o aconteceu.<\/p>\n\n\n\n<h2 class=\"wp-block-heading\" id=\"h-vasco-saf\">Vasco SAF<\/h2>\n\n\n\n<p>Outro tema que preocupa o ex-jogador \u00e9 a situa\u00e7\u00e3o da SAF do Vasco. Ap\u00f3s o fracasso com a 777 Partners, o clube busca uma solu\u00e7\u00e3o para sua gest\u00e3o financeira e aguarda um poss\u00edvel acordo com o empres\u00e1rio grego Evangelos Marinakis. No entanto, h\u00e1 rumores de que o bilion\u00e1rio possa fechar uma parceria com o S\u00e3o Paulo para investimentos nas categorias de base, o que inviabilizaria uma compra do Vasco. Edmundo alertou para a necessidade de um projeto s\u00f3lido.<\/p>\n\n\n\n<p>\u201cO Vasco precisa de uma SAF s\u00e9ria que tenha projeto esportivo como o John Textor teve no Botafogo e como est\u00e1 fazendo o Pedrinho do Supermercados BH, que faz o time mudar de patamar contratando jogadores importantes\u201d, analisou<\/p>\n","protected":false},"excerpt":{"rendered":"<p>Edmundo acredita que o Vasco pode surpreender e conquistar o t\u00edtulo do Campeonato Carioca de 2025. Mesmo com o favoritismo apontado ao Flamengo, o ex-jogador v\u00ea o Cruz-Maltino em condi\u00e7\u00f5es de disputar a ta\u00e7a, destacando o preparo f\u00edsico e o entrosamento da equipe comandada por F\u00e1bio Carille como trunfos na fase decisiva da competi\u00e7\u00e3o. O [&hellip;]<\/p>\n","protected":false},"author":23,"featured_media":161261,"comment_status":"open","ping_status":"closed","sticky":false,"template":"","format":"standard","meta":{"footnotes":""},"categories":[152],"tags":[],"class_list":["post-222559","post","type-post","status-publish","format-standard","has-post-thumbnail","hentry","category-vasco"],"yoast_head":"<!-- This site is optimized with the Yoast SEO Premium plugin v24.2 (Yoast SEO v26.9) - https:\/\/yoast.com\/product\/yoast-seo-premium-wordpress\/ -->\n<title>Campeonato Carioca: Edmundo escolhe seu favorito ao t\u00edtulo<\/title>\n<meta name=\"robots\" content=\"index, follow, max-snippet:-1, max-image-preview:large, max-video-preview:-1\" \/>\n<link rel=\"canonical\" href=\"https:\/\/www.gaveanews.com\/index.php\/2025\/02\/03\/campeonato-carioca-edmundo-escolhe-seu-favorito-ao-titulo\/\" \/>\n<meta property=\"og:locale\" content=\"pt_BR\" \/>\n<meta property=\"og:type\" content=\"article\" \/>\n<meta property=\"og:title\" content=\"Campeonato Carioca: Edmundo escolhe seu favorito ao t\u00edtulo\" \/>\n<meta property=\"og:description\" content=\"Edmundo acredita que o Vasco pode surpreender e conquistar o t\u00edtulo do Campeonato Carioca de 2025. Mesmo com o favoritismo apontado ao Flamengo, o ex-jogador v\u00ea o Cruz-Maltino em condi\u00e7\u00f5es de disputar a ta\u00e7a, destacando o preparo f\u00edsico e o entrosamento da equipe comandada por F\u00e1bio Carille como trunfos na fase decisiva da competi\u00e7\u00e3o. O [&hellip;]\" \/>\n<meta property=\"og:url\" content=\"https:\/\/www.gaveanews.com\/index.php\/2025\/02\/03\/campeonato-carioca-edmundo-escolhe-seu-favorito-ao-titulo\/\" \/>\n<meta property=\"og:site_name\" content=\"G\u00e1vea News\" \/>\n<meta property=\"article:publisher\" content=\"https:\/\/facebook.com\/gaveaNews\/\" \/>\n<meta property=\"article:published_time\" content=\"2025-02-04T02:10:00+00:00\" \/>\n<meta property=\"og:image\" content=\"https:\/\/www.gaveanews.com\/wp-content\/uploads\/Camisa-do-Vasco-2024.webp\" \/>\n\t<meta property=\"og:image:width\" content=\"1059\" \/>\n\t<meta property=\"og:image:height\" content=\"794\" \/>\n\t<meta property=\"og:image:type\" content=\"image\/webp\" \/>\n<meta name=\"author\" content=\"Leandro Azevedo\" \/>\n<meta name=\"twitter:card\" content=\"summary_large_image\" \/>\n<meta name=\"twitter:label1\" content=\"Escrito por\" \/>\n\t<meta name=\"twitter:data1\" content=\"Leandro Azevedo\" \/>\n\t<meta name=\"twitter:label2\" content=\"Est. tempo de leitura\" \/>\n\t<meta name=\"twitter:data2\" content=\"3 minutos\" \/>\n<script type=\"application\/ld+json\" class=\"yoast-schema-graph\">{\"@context\":\"https:\/\/schema.org\",\"@graph\":[{\"@type\":\"NewsArticle\",\"@id\":\"https:\/\/www.gaveanews.com\/index.php\/2025\/02\/03\/campeonato-carioca-edmundo-escolhe-seu-favorito-ao-titulo\/#article\",\"isPartOf\":{\"@id\":\"https:\/\/www.gaveanews.com\/index.php\/2025\/02\/03\/campeonato-carioca-edmundo-escolhe-seu-favorito-ao-titulo\/\"},\"author\":{\"name\":\"Leandro Azevedo\",\"@id\":\"https:\/\/www.gaveanews.com\/#\/schema\/person\/2877169f354c4596cf5aab74ea7c56a8\"},\"headline\":\"Campeonato Carioca: Edmundo escolhe seu favorito ao t\u00edtulo\",\"datePublished\":\"2025-02-04T02:10:00+00:00\",\"mainEntityOfPage\":{\"@id\":\"https:\/\/www.gaveanews.com\/index.php\/2025\/02\/03\/campeonato-carioca-edmundo-escolhe-seu-favorito-ao-titulo\/\"},\"wordCount\":431,\"commentCount\":0,\"image\":{\"@id\":\"https:\/\/www.gaveanews.com\/index.php\/2025\/02\/03\/campeonato-carioca-edmundo-escolhe-seu-favorito-ao-titulo\/#primaryimage\"},\"thumbnailUrl\":\"https:\/\/www.gaveanews.com\/wp-content\/uploads\/Camisa-do-Vasco-2024.webp\",\"articleSection\":[\"Vasco\"],\"inLanguage\":\"pt-BR\",\"potentialAction\":[{\"@type\":\"CommentAction\",\"name\":\"Comment\",\"target\":[\"https:\/\/www.gaveanews.com\/index.php\/2025\/02\/03\/campeonato-carioca-edmundo-escolhe-seu-favorito-ao-titulo\/#respond\"]}],\"copyrightYear\":\"2025\",\"copyrightHolder\":{\"@id\":\"https:\/\/www.gaveanews.com\/#organization\"}},{\"@type\":\"WebPage\",\"@id\":\"https:\/\/www.gaveanews.com\/index.php\/2025\/02\/03\/campeonato-carioca-edmundo-escolhe-seu-favorito-ao-titulo\/\",\"url\":\"https:\/\/www.gaveanews.com\/index.php\/2025\/02\/03\/campeonato-carioca-edmundo-escolhe-seu-favorito-ao-titulo\/\",\"name\":\"Campeonato Carioca: Edmundo escolhe seu favorito ao t\u00edtulo\",\"isPartOf\":{\"@id\":\"https:\/\/www.gaveanews.com\/#website\"},\"primaryImageOfPage\":{\"@id\":\"https:\/\/www.gaveanews.com\/index.php\/2025\/02\/03\/campeonato-carioca-edmundo-escolhe-seu-favorito-ao-titulo\/#primaryimage\"},\"image\":{\"@id\":\"https:\/\/www.gaveanews.com\/index.php\/2025\/02\/03\/campeonato-carioca-edmundo-escolhe-seu-favorito-ao-titulo\/#primaryimage\"},\"thumbnailUrl\":\"https:\/\/www.gaveanews.com\/wp-content\/uploads\/Camisa-do-Vasco-2024.webp\",\"datePublished\":\"2025-02-04T02:10:00+00:00\",\"author\":{\"@id\":\"https:\/\/www.gaveanews.com\/#\/schema\/person\/2877169f354c4596cf5aab74ea7c56a8\"},\"breadcrumb\":{\"@id\":\"https:\/\/www.gaveanews.com\/index.php\/2025\/02\/03\/campeonato-carioca-edmundo-escolhe-seu-favorito-ao-titulo\/#breadcrumb\"},\"inLanguage\":\"pt-BR\",\"potentialAction\":[{\"@type\":\"ReadAction\",\"target\":[\"https:\/\/www.gaveanews.com\/index.php\/2025\/02\/03\/campeonato-carioca-edmundo-escolhe-seu-favorito-ao-titulo\/\"]}]},{\"@type\":\"ImageObject\",\"inLanguage\":\"pt-BR\",\"@id\":\"https:\/\/www.gaveanews.com\/index.php\/2025\/02\/03\/campeonato-carioca-edmundo-escolhe-seu-favorito-ao-titulo\/#primaryimage\",\"url\":\"https:\/\/www.gaveanews.com\/wp-content\/uploads\/Camisa-do-Vasco-2024.webp\",\"contentUrl\":\"https:\/\/www.gaveanews.com\/wp-content\/uploads\/Camisa-do-Vasco-2024.webp\",\"width\":1059,\"height\":794,\"caption\":\"Camisa do Vasco 2024 (Foto: Reprodu\u00e7\u00e3o\/Instagram)\"},{\"@type\":\"BreadcrumbList\",\"@id\":\"https:\/\/www.gaveanews.com\/index.php\/2025\/02\/03\/campeonato-carioca-edmundo-escolhe-seu-favorito-ao-titulo\/#breadcrumb\",\"itemListElement\":[{\"@type\":\"ListItem\",\"position\":1,\"name\":\"Home\",\"item\":\"https:\/\/www.gaveanews.com\/\"},{\"@type\":\"ListItem\",\"position\":2,\"name\":\"Campeonato Carioca: Edmundo escolhe seu favorito ao t\u00edtulo\"}]},{\"@type\":\"WebSite\",\"@id\":\"https:\/\/www.gaveanews.com\/#website\",\"url\":\"https:\/\/www.gaveanews.com\/\",\"name\":\"G\u00e1vea News\",\"description\":\"Veja todas as not\u00edcias sobre o Flamengo: Contrata\u00e7\u00f5es, categorias de base, resultados das partidas, tabela de classifica\u00e7\u00e3o, pr\u00f3ximos jogos!\",\"potentialAction\":[{\"@type\":\"SearchAction\",\"target\":{\"@type\":\"EntryPoint\",\"urlTemplate\":\"https:\/\/www.gaveanews.com\/?s={search_term_string}\"},\"query-input\":{\"@type\":\"PropertyValueSpecification\",\"valueRequired\":true,\"valueName\":\"search_term_string\"}}],\"inLanguage\":\"pt-BR\"},{\"@type\":\"Person\",\"@id\":\"https:\/\/www.gaveanews.com\/#\/schema\/person\/2877169f354c4596cf5aab74ea7c56a8\",\"name\":\"Leandro Azevedo\",\"image\":{\"@type\":\"ImageObject\",\"inLanguage\":\"pt-BR\",\"@id\":\"https:\/\/www.gaveanews.com\/#\/schema\/person\/image\/\",\"url\":\"https:\/\/secure.gravatar.com\/avatar\/e2f72eb6d986a41d592a85e4e36a6c6170e9ea8a1f433dfc29d0011a8968f89c?s=96&d=mm&r=g\",\"contentUrl\":\"https:\/\/secure.gravatar.com\/avatar\/e2f72eb6d986a41d592a85e4e36a6c6170e9ea8a1f433dfc29d0011a8968f89c?s=96&d=mm&r=g\",\"caption\":\"Leandro Azevedo\"}}]}<\/script>\n<!-- \/ Yoast SEO Premium plugin. -->","yoast_head_json":{"title":"Campeonato Carioca: Edmundo escolhe seu favorito ao t\u00edtulo","robots":{"index":"index","follow":"follow","max-snippet":"max-snippet:-1","max-image-preview":"max-image-preview:large","max-video-preview":"max-video-preview:-1"},"canonical":"https:\/\/www.gaveanews.com\/index.php\/2025\/02\/03\/campeonato-carioca-edmundo-escolhe-seu-favorito-ao-titulo\/","og_locale":"pt_BR","og_type":"article","og_title":"Campeonato Carioca: Edmundo escolhe seu favorito ao t\u00edtulo","og_description":"Edmundo acredita que o Vasco pode surpreender e conquistar o t\u00edtulo do Campeonato Carioca de 2025. Mesmo com o favoritismo apontado ao Flamengo, o ex-jogador v\u00ea o Cruz-Maltino em condi\u00e7\u00f5es de disputar a ta\u00e7a, destacando o preparo f\u00edsico e o entrosamento da equipe comandada por F\u00e1bio Carille como trunfos na fase decisiva da competi\u00e7\u00e3o. O [&hellip;]","og_url":"https:\/\/www.gaveanews.com\/index.php\/2025\/02\/03\/campeonato-carioca-edmundo-escolhe-seu-favorito-ao-titulo\/","og_site_name":"G\u00e1vea News","article_publisher":"https:\/\/facebook.com\/gaveaNews\/","article_published_time":"2025-02-04T02:10:00+00:00","og_image":[{"width":1059,"height":794,"url":"https:\/\/www.gaveanews.com\/wp-content\/uploads\/Camisa-do-Vasco-2024.webp","type":"image\/webp"}],"author":"Leandro Azevedo","twitter_card":"summary_large_image","twitter_misc":{"Escrito por":"Leandro Azevedo","Est. tempo de leitura":"3 minutos"},"schema":{"@context":"https:\/\/schema.org","@graph":[{"@type":"NewsArticle","@id":"https:\/\/www.gaveanews.com\/index.php\/2025\/02\/03\/campeonato-carioca-edmundo-escolhe-seu-favorito-ao-titulo\/#article","isPartOf":{"@id":"https:\/\/www.gaveanews.com\/index.php\/2025\/02\/03\/campeonato-carioca-edmundo-escolhe-seu-favorito-ao-titulo\/"},"author":{"name":"Leandro Azevedo","@id":"https:\/\/www.gaveanews.com\/#\/schema\/person\/2877169f354c4596cf5aab74ea7c56a8"},"headline":"Campeonato Carioca: Edmundo escolhe seu favorito ao t\u00edtulo","datePublished":"2025-02-04T02:10:00+00:00","mainEntityOfPage":{"@id":"https:\/\/www.gaveanews.com\/index.php\/2025\/02\/03\/campeonato-carioca-edmundo-escolhe-seu-favorito-ao-titulo\/"},"wordCount":431,"commentCount":0,"image":{"@id":"https:\/\/www.gaveanews.com\/index.php\/2025\/02\/03\/campeonato-carioca-edmundo-escolhe-seu-favorito-ao-titulo\/#primaryimage"},"thumbnailUrl":"https:\/\/www.gaveanews.com\/wp-content\/uploads\/Camisa-do-Vasco-2024.webp","articleSection":["Vasco"],"inLanguage":"pt-BR","potentialAction":[{"@type":"CommentAction","name":"Comment","target":["https:\/\/www.gaveanews.com\/index.php\/2025\/02\/03\/campeonato-carioca-edmundo-escolhe-seu-favorito-ao-titulo\/#respond"]}],"copyrightYear":"2025","copyrightHolder":{"@id":"https:\/\/www.gaveanews.com\/#organization"}},{"@type":"WebPage","@id":"https:\/\/www.gaveanews.com\/index.php\/2025\/02\/03\/campeonato-carioca-edmundo-escolhe-seu-favorito-ao-titulo\/","url":"https:\/\/www.gaveanews.com\/index.php\/2025\/02\/03\/campeonato-carioca-edmundo-escolhe-seu-favorito-ao-titulo\/","name":"Campeonato Carioca: Edmundo escolhe seu favorito ao t\u00edtulo","isPartOf":{"@id":"https:\/\/www.gaveanews.com\/#website"},"primaryImageOfPage":{"@id":"https:\/\/www.gaveanews.com\/index.php\/2025\/02\/03\/campeonato-carioca-edmundo-escolhe-seu-favorito-ao-titulo\/#primaryimage"},"image":{"@id":"https:\/\/www.gaveanews.com\/index.php\/2025\/02\/03\/campeonato-carioca-edmundo-escolhe-seu-favorito-ao-titulo\/#primaryimage"},"thumbnailUrl":"https:\/\/www.gaveanews.com\/wp-content\/uploads\/Camisa-do-Vasco-2024.webp","datePublished":"2025-02-04T02:10:00+00:00","author":{"@id":"https:\/\/www.gaveanews.com\/#\/schema\/person\/2877169f354c4596cf5aab74ea7c56a8"},"breadcrumb":{"@id":"https:\/\/www.gaveanews.com\/index.php\/2025\/02\/03\/campeonato-carioca-edmundo-escolhe-seu-favorito-ao-titulo\/#breadcrumb"},"inLanguage":"pt-BR","potentialAction":[{"@type":"ReadAction","target":["https:\/\/www.gaveanews.com\/index.php\/2025\/02\/03\/campeonato-carioca-edmundo-escolhe-seu-favorito-ao-titulo\/"]}]},{"@type":"ImageObject","inLanguage":"pt-BR","@id":"https:\/\/www.gaveanews.com\/index.php\/2025\/02\/03\/campeonato-carioca-edmundo-escolhe-seu-favorito-ao-titulo\/#primaryimage","url":"https:\/\/www.gaveanews.com\/wp-content\/uploads\/Camisa-do-Vasco-2024.webp","contentUrl":"https:\/\/www.gaveanews.com\/wp-content\/uploads\/Camisa-do-Vasco-2024.webp","width":1059,"height":794,"caption":"Camisa do Vasco 2024 (Foto: Reprodu\u00e7\u00e3o\/Instagram)"},{"@type":"BreadcrumbList","@id":"https:\/\/www.gaveanews.com\/index.php\/2025\/02\/03\/campeonato-carioca-edmundo-escolhe-seu-favorito-ao-titulo\/#breadcrumb","itemListElement":[{"@type":"ListItem","position":1,"name":"Home","item":"https:\/\/www.gaveanews.com\/"},{"@type":"ListItem","position":2,"name":"Campeonato Carioca: Edmundo escolhe seu favorito ao t\u00edtulo"}]},{"@type":"WebSite","@id":"https:\/\/www.gaveanews.com\/#website","url":"https:\/\/www.gaveanews.com\/","name":"G\u00e1vea News","description":"Veja todas as not\u00edcias sobre o Flamengo: Contrata\u00e7\u00f5es, categorias de base, resultados das partidas, tabela de classifica\u00e7\u00e3o, pr\u00f3ximos jogos!","potentialAction":[{"@type":"SearchAction","target":{"@type":"EntryPoint","urlTemplate":"https:\/\/www.gaveanews.com\/?s={search_term_string}"},"query-input":{"@type":"PropertyValueSpecification","valueRequired":true,"valueName":"search_term_string"}}],"inLanguage":"pt-BR"},{"@type":"Person","@id":"https:\/\/www.gaveanews.com\/#\/schema\/person\/2877169f354c4596cf5aab74ea7c56a8","name":"Leandro Azevedo","image":{"@type":"ImageObject","inLanguage":"pt-BR","@id":"https:\/\/www.gaveanews.com\/#\/schema\/person\/image\/","url":"https:\/\/secure.gravatar.com\/avatar\/e2f72eb6d986a41d592a85e4e36a6c6170e9ea8a1f433dfc29d0011a8968f89c?s=96&d=mm&r=g","contentUrl":"https:\/\/secure.gravatar.com\/avatar\/e2f72eb6d986a41d592a85e4e36a6c6170e9ea8a1f433dfc29d0011a8968f89c?s=96&d=mm&r=g","caption":"Leandro Azevedo"}}]}},"_links":{"self":[{"href":"https:\/\/www.gaveanews.com\/index.php\/wp-json\/wp\/v2\/posts\/222559","targetHints":{"allow":["GET"]}}],"collection":[{"href":"https:\/\/www.gaveanews.com\/index.php\/wp-json\/wp\/v2\/posts"}],"about":[{"href":"https:\/\/www.gaveanews.com\/index.php\/wp-json\/wp\/v2\/types\/post"}],"author":[{"embeddable":true,"href":"https:\/\/www.gaveanews.com\/index.php\/wp-json\/wp\/v2\/users\/23"}],"replies":[{"embeddable":true,"href":"https:\/\/www.gaveanews.com\/index.php\/wp-json\/wp\/v2\/comments?post=222559"}],"version-history":[{"count":1,"href":"https:\/\/www.gaveanews.com\/index.php\/wp-json\/wp\/v2\/posts\/222559\/revisions"}],"predecessor-version":[{"id":222565,"href":"https:\/\/www.gaveanews.com\/index.php\/wp-json\/wp\/v2\/posts\/222559\/revisions\/222565"}],"wp:featuredmedia":[{"embeddable":true,"href":"https:\/\/www.gaveanews.com\/index.php\/wp-json\/wp\/v2\/media\/161261"}],"wp:attachment":[{"href":"https:\/\/www.gaveanews.com\/index.php\/wp-json\/wp\/v2\/media?parent=222559"}],"wp:term":[{"taxonomy":"category","embeddable":true,"href":"https:\/\/www.gaveanews.com\/index.php\/wp-json\/wp\/v2\/categories?post=222559"},{"taxonomy":"post_tag","embeddable":true,"href":"https:\/\/www.gaveanews.com\/index.php\/wp-json\/wp\/v2\/tags?post=222559"}],"curies":[{"name":"wp","href":"https:\/\/api.w.org\/{rel}","templated":true}]}}