{"id":222564,"date":"2025-02-03T23:15:00","date_gmt":"2025-02-04T02:15:00","guid":{"rendered":"https:\/\/www.gaveanews.com\/?p=222564"},"modified":"2025-02-03T21:46:31","modified_gmt":"2025-02-04T00:46:31","slug":"corinthians-a-declaracao-de-leo-mana-direcionada-a-matheuzinho","status":"publish","type":"post","link":"https:\/\/www.gaveanews.com\/index.php\/2025\/02\/03\/corinthians-a-declaracao-de-leo-mana-direcionada-a-matheuzinho\/","title":{"rendered":"Corinthians: a declara\u00e7\u00e3o de L\u00e9o Mana direcionada a Matheuzinho"},"content":{"rendered":"\n<h2 class=\"wp-block-heading\" id=\"h-leo-mana-celebra-sequencia-como-titular-no-corinthians-e-projeta-disputa-por-posicao-com-matheuzinho\">L\u00e9o Mana celebra sequ\u00eancia como titular no Corinthians e projeta disputa por posi\u00e7\u00e3o com Matheuzinho<\/h2>\n\n\n\n<p>Na vit\u00f3ria do Corinthians por 2 a 1 sobre o Noroeste, na Neo Qu\u00edmica Arena, pela sexta rodada do Campeonato Paulista, o lateral-direito L\u00e9o Mana completou seu quarto jogo como titular na temporada de 2025. Aos 20 anos, o jogador destacou a felicidade pelo momento e a import\u00e2ncia de seguir evoluindo para se firmar na equipe principal.<\/p>\n\n\n\n<p>\u201cEstou muito feliz. Esperei as oportunidades, trabalhei para isso, estou tentando aproveitar da melhor forma e vou continuar trabalhando, continuar melhorando para os pr\u00f3ximos jogos serem melhores do que esse dia foi\u201d, afirmou o lateral na zona mista ap\u00f3s a partida.<\/p>\n\n\n\n<p>L\u00e9o Mana tamb\u00e9m comparou o momento atual com o da temporada passada, quando o Corinthians enfrentou dificuldades no in\u00edcio do ano. Para ele, a equipe est\u00e1 se entrosando, e o cen\u00e1rio \u00e9 diferente de 2024, quando o time brigava contra o rebaixamento antes da chegada do t\u00e9cnico Ram\u00f3n D\u00edaz.<\/p>\n\n\n\n<p>\u201cTem um pouco menos de press\u00e3o do que no ano passado, porque a gente estava lutando ali contra o rebaixamento antes da chegada do Ram\u00f3n. Mas \u00e9 diferente, sim. Estou tentando aproveitar da melhor forma poss\u00edvel\u201d, destacou.<\/p>\n\n\n\n<p>Al\u00e9m disso, o lateral falou sobre a disputa pela posi\u00e7\u00e3o com Matheuzinho, que terminou o ano passado como titular absoluto da lateral direita. O jovem destacou que encara a concorr\u00eancia de forma saud\u00e1vel e que a decis\u00e3o sobre quem jogar\u00e1 cabe \u00e0 comiss\u00e3o t\u00e9cnica.<\/p>\n\n\n\n<p>\u201cAcho que \u00e9 os dois (brigar pela titularidade ou ser reserva). \u00c9 a hora de eu me firmar. Se Deus quiser, vou ter mais minutos. E tamb\u00e9m \u00e9 uma disputa sadia com o Matheus (Matheuzinho). Matheus \u00e9 meu irm\u00e3o, a gente trabalha junto ali. E quem tiver melhor vai jogar. Decis\u00e3o do Ram\u00f3n e do Emiliano, mas estou pronto para isso\u201d, afirmou.<\/p>\n\n\n\n<p>Com Matheuzinho se recuperando de um inc\u00f4modo na coxa, L\u00e9o Mana pode ser titular no cl\u00e1ssico contra o Palmeiras, na pr\u00f3xima quinta-feira, no Allianz Parque. Antes disso, o Corinthians encara o Novorizontino nesta segunda-feira, e a tend\u00eancia \u00e9 que o lateral seja preservado para chegar em melhores condi\u00e7\u00f5es ao D\u00e9rbi.<\/p>\n\n\n\n<p>O Corinthians segue buscando estabilidade na temporada e v\u00ea o Campeonato Paulista como uma oportunidade para fortalecer o elenco antes das competi\u00e7\u00f5es nacionais. A disputa entre L\u00e9o Mana e Matheuzinho pela lateral direita \u00e9 um dos pontos observados pela comiss\u00e3o t\u00e9cnica, que busca definir a melhor forma\u00e7\u00e3o para os desafios do ano.<\/p>\n","protected":false},"excerpt":{"rendered":"<p>L\u00e9o Mana celebra sequ\u00eancia como titular no Corinthians e projeta disputa por posi\u00e7\u00e3o com Matheuzinho Na vit\u00f3ria do Corinthians por 2 a 1 sobre o Noroeste, na Neo Qu\u00edmica Arena, pela sexta rodada do Campeonato Paulista, o lateral-direito L\u00e9o Mana completou seu quarto jogo como titular na temporada de 2025. Aos 20 anos, o jogador [&hellip;]<\/p>\n","protected":false},"author":17,"featured_media":148711,"comment_status":"open","ping_status":"closed","sticky":false,"template":"","format":"standard","meta":{"footnotes":""},"categories":[141],"tags":[],"class_list":["post-222564","post","type-post","status-publish","format-standard","has-post-thumbnail","hentry","category-corinthians"],"yoast_head":"<!-- This site is optimized with the Yoast SEO Premium plugin v24.2 (Yoast SEO v26.9) - https:\/\/yoast.com\/product\/yoast-seo-premium-wordpress\/ -->\n<title>Corinthians: a declara\u00e7\u00e3o de L\u00e9o Mana direcionada a Matheuzinho<\/title>\n<meta name=\"robots\" content=\"index, follow, max-snippet:-1, max-image-preview:large, max-video-preview:-1\" \/>\n<link rel=\"canonical\" href=\"https:\/\/www.gaveanews.com\/index.php\/2025\/02\/03\/corinthians-a-declaracao-de-leo-mana-direcionada-a-matheuzinho\/\" \/>\n<meta property=\"og:locale\" content=\"pt_BR\" \/>\n<meta property=\"og:type\" content=\"article\" \/>\n<meta property=\"og:title\" content=\"Corinthians: a declara\u00e7\u00e3o de L\u00e9o Mana direcionada a Matheuzinho\" \/>\n<meta property=\"og:description\" content=\"L\u00e9o Mana celebra sequ\u00eancia como titular no Corinthians e projeta disputa por posi\u00e7\u00e3o com Matheuzinho Na vit\u00f3ria do Corinthians por 2 a 1 sobre o Noroeste, na Neo Qu\u00edmica Arena, pela sexta rodada do Campeonato Paulista, o lateral-direito L\u00e9o Mana completou seu quarto jogo como titular na temporada de 2025. Aos 20 anos, o jogador [&hellip;]\" \/>\n<meta property=\"og:url\" content=\"https:\/\/www.gaveanews.com\/index.php\/2025\/02\/03\/corinthians-a-declaracao-de-leo-mana-direcionada-a-matheuzinho\/\" \/>\n<meta property=\"og:site_name\" content=\"G\u00e1vea News\" \/>\n<meta property=\"article:publisher\" content=\"https:\/\/facebook.com\/gaveaNews\/\" \/>\n<meta property=\"article:published_time\" content=\"2025-02-04T02:15:00+00:00\" \/>\n<meta property=\"og:image\" content=\"https:\/\/www.gaveanews.com\/wp-content\/uploads\/Matheuzinho-em-acao-pelo-Corinthians.webp\" \/>\n\t<meta property=\"og:image:width\" content=\"1100\" \/>\n\t<meta property=\"og:image:height\" content=\"825\" \/>\n\t<meta property=\"og:image:type\" content=\"image\/webp\" \/>\n<meta name=\"author\" content=\"Geovanna Thomaz\" \/>\n<meta name=\"twitter:card\" content=\"summary_large_image\" \/>\n<meta name=\"twitter:label1\" content=\"Escrito por\" \/>\n\t<meta name=\"twitter:data1\" content=\"Geovanna Thomaz\" \/>\n\t<meta name=\"twitter:label2\" content=\"Est. tempo de leitura\" \/>\n\t<meta name=\"twitter:data2\" content=\"3 minutos\" \/>\n<script type=\"application\/ld+json\" class=\"yoast-schema-graph\">{\"@context\":\"https:\/\/schema.org\",\"@graph\":[{\"@type\":\"NewsArticle\",\"@id\":\"https:\/\/www.gaveanews.com\/index.php\/2025\/02\/03\/corinthians-a-declaracao-de-leo-mana-direcionada-a-matheuzinho\/#article\",\"isPartOf\":{\"@id\":\"https:\/\/www.gaveanews.com\/index.php\/2025\/02\/03\/corinthians-a-declaracao-de-leo-mana-direcionada-a-matheuzinho\/\"},\"author\":{\"name\":\"Geovanna Thomaz\",\"@id\":\"https:\/\/www.gaveanews.com\/#\/schema\/person\/f42654babcd2b2014a1a65af82b081f1\"},\"headline\":\"Corinthians: a declara\u00e7\u00e3o de L\u00e9o Mana direcionada a Matheuzinho\",\"datePublished\":\"2025-02-04T02:15:00+00:00\",\"mainEntityOfPage\":{\"@id\":\"https:\/\/www.gaveanews.com\/index.php\/2025\/02\/03\/corinthians-a-declaracao-de-leo-mana-direcionada-a-matheuzinho\/\"},\"wordCount\":446,\"commentCount\":0,\"image\":{\"@id\":\"https:\/\/www.gaveanews.com\/index.php\/2025\/02\/03\/corinthians-a-declaracao-de-leo-mana-direcionada-a-matheuzinho\/#primaryimage\"},\"thumbnailUrl\":\"https:\/\/www.gaveanews.com\/wp-content\/uploads\/Matheuzinho-em-acao-pelo-Corinthians.webp\",\"articleSection\":[\"Corinthians\"],\"inLanguage\":\"pt-BR\",\"potentialAction\":[{\"@type\":\"CommentAction\",\"name\":\"Comment\",\"target\":[\"https:\/\/www.gaveanews.com\/index.php\/2025\/02\/03\/corinthians-a-declaracao-de-leo-mana-direcionada-a-matheuzinho\/#respond\"]}],\"copyrightYear\":\"2025\",\"copyrightHolder\":{\"@id\":\"https:\/\/www.gaveanews.com\/#organization\"}},{\"@type\":\"WebPage\",\"@id\":\"https:\/\/www.gaveanews.com\/index.php\/2025\/02\/03\/corinthians-a-declaracao-de-leo-mana-direcionada-a-matheuzinho\/\",\"url\":\"https:\/\/www.gaveanews.com\/index.php\/2025\/02\/03\/corinthians-a-declaracao-de-leo-mana-direcionada-a-matheuzinho\/\",\"name\":\"Corinthians: a declara\u00e7\u00e3o de L\u00e9o Mana direcionada a Matheuzinho\",\"isPartOf\":{\"@id\":\"https:\/\/www.gaveanews.com\/#website\"},\"primaryImageOfPage\":{\"@id\":\"https:\/\/www.gaveanews.com\/index.php\/2025\/02\/03\/corinthians-a-declaracao-de-leo-mana-direcionada-a-matheuzinho\/#primaryimage\"},\"image\":{\"@id\":\"https:\/\/www.gaveanews.com\/index.php\/2025\/02\/03\/corinthians-a-declaracao-de-leo-mana-direcionada-a-matheuzinho\/#primaryimage\"},\"thumbnailUrl\":\"https:\/\/www.gaveanews.com\/wp-content\/uploads\/Matheuzinho-em-acao-pelo-Corinthians.webp\",\"datePublished\":\"2025-02-04T02:15:00+00:00\",\"author\":{\"@id\":\"https:\/\/www.gaveanews.com\/#\/schema\/person\/f42654babcd2b2014a1a65af82b081f1\"},\"breadcrumb\":{\"@id\":\"https:\/\/www.gaveanews.com\/index.php\/2025\/02\/03\/corinthians-a-declaracao-de-leo-mana-direcionada-a-matheuzinho\/#breadcrumb\"},\"inLanguage\":\"pt-BR\",\"potentialAction\":[{\"@type\":\"ReadAction\",\"target\":[\"https:\/\/www.gaveanews.com\/index.php\/2025\/02\/03\/corinthians-a-declaracao-de-leo-mana-direcionada-a-matheuzinho\/\"]}]},{\"@type\":\"ImageObject\",\"inLanguage\":\"pt-BR\",\"@id\":\"https:\/\/www.gaveanews.com\/index.php\/2025\/02\/03\/corinthians-a-declaracao-de-leo-mana-direcionada-a-matheuzinho\/#primaryimage\",\"url\":\"https:\/\/www.gaveanews.com\/wp-content\/uploads\/Matheuzinho-em-acao-pelo-Corinthians.webp\",\"contentUrl\":\"https:\/\/www.gaveanews.com\/wp-content\/uploads\/Matheuzinho-em-acao-pelo-Corinthians.webp\",\"width\":1100,\"height\":825,\"caption\":\"Matheuzinho em a\u00e7\u00e3o pelo Corinthians (Foto: Reprodu\u00e7\u00e3o\/Instagram)\"},{\"@type\":\"BreadcrumbList\",\"@id\":\"https:\/\/www.gaveanews.com\/index.php\/2025\/02\/03\/corinthians-a-declaracao-de-leo-mana-direcionada-a-matheuzinho\/#breadcrumb\",\"itemListElement\":[{\"@type\":\"ListItem\",\"position\":1,\"name\":\"Home\",\"item\":\"https:\/\/www.gaveanews.com\/\"},{\"@type\":\"ListItem\",\"position\":2,\"name\":\"Corinthians: a declara\u00e7\u00e3o de L\u00e9o Mana direcionada a Matheuzinho\"}]},{\"@type\":\"WebSite\",\"@id\":\"https:\/\/www.gaveanews.com\/#website\",\"url\":\"https:\/\/www.gaveanews.com\/\",\"name\":\"G\u00e1vea News\",\"description\":\"Veja todas as not\u00edcias sobre o Flamengo: Contrata\u00e7\u00f5es, categorias de base, resultados das partidas, tabela de classifica\u00e7\u00e3o, pr\u00f3ximos jogos!\",\"potentialAction\":[{\"@type\":\"SearchAction\",\"target\":{\"@type\":\"EntryPoint\",\"urlTemplate\":\"https:\/\/www.gaveanews.com\/?s={search_term_string}\"},\"query-input\":{\"@type\":\"PropertyValueSpecification\",\"valueRequired\":true,\"valueName\":\"search_term_string\"}}],\"inLanguage\":\"pt-BR\"},{\"@type\":\"Person\",\"@id\":\"https:\/\/www.gaveanews.com\/#\/schema\/person\/f42654babcd2b2014a1a65af82b081f1\",\"name\":\"Geovanna Thomaz\",\"image\":{\"@type\":\"ImageObject\",\"inLanguage\":\"pt-BR\",\"@id\":\"https:\/\/www.gaveanews.com\/#\/schema\/person\/image\/\",\"url\":\"https:\/\/secure.gravatar.com\/avatar\/4092073255489533afb558984b49b64268c47198af8623cc82a925ae9fb7118a?s=96&d=mm&r=g\",\"contentUrl\":\"https:\/\/secure.gravatar.com\/avatar\/4092073255489533afb558984b49b64268c47198af8623cc82a925ae9fb7118a?s=96&d=mm&r=g\",\"caption\":\"Geovanna Thomaz\"}}]}<\/script>\n<!-- \/ Yoast SEO Premium plugin. -->","yoast_head_json":{"title":"Corinthians: a declara\u00e7\u00e3o de L\u00e9o Mana direcionada a Matheuzinho","robots":{"index":"index","follow":"follow","max-snippet":"max-snippet:-1","max-image-preview":"max-image-preview:large","max-video-preview":"max-video-preview:-1"},"canonical":"https:\/\/www.gaveanews.com\/index.php\/2025\/02\/03\/corinthians-a-declaracao-de-leo-mana-direcionada-a-matheuzinho\/","og_locale":"pt_BR","og_type":"article","og_title":"Corinthians: a declara\u00e7\u00e3o de L\u00e9o Mana direcionada a Matheuzinho","og_description":"L\u00e9o Mana celebra sequ\u00eancia como titular no Corinthians e projeta disputa por posi\u00e7\u00e3o com Matheuzinho Na vit\u00f3ria do Corinthians por 2 a 1 sobre o Noroeste, na Neo Qu\u00edmica Arena, pela sexta rodada do Campeonato Paulista, o lateral-direito L\u00e9o Mana completou seu quarto jogo como titular na temporada de 2025. Aos 20 anos, o jogador [&hellip;]","og_url":"https:\/\/www.gaveanews.com\/index.php\/2025\/02\/03\/corinthians-a-declaracao-de-leo-mana-direcionada-a-matheuzinho\/","og_site_name":"G\u00e1vea News","article_publisher":"https:\/\/facebook.com\/gaveaNews\/","article_published_time":"2025-02-04T02:15:00+00:00","og_image":[{"width":1100,"height":825,"url":"https:\/\/www.gaveanews.com\/wp-content\/uploads\/Matheuzinho-em-acao-pelo-Corinthians.webp","type":"image\/webp"}],"author":"Geovanna Thomaz","twitter_card":"summary_large_image","twitter_misc":{"Escrito por":"Geovanna Thomaz","Est. tempo de leitura":"3 minutos"},"schema":{"@context":"https:\/\/schema.org","@graph":[{"@type":"NewsArticle","@id":"https:\/\/www.gaveanews.com\/index.php\/2025\/02\/03\/corinthians-a-declaracao-de-leo-mana-direcionada-a-matheuzinho\/#article","isPartOf":{"@id":"https:\/\/www.gaveanews.com\/index.php\/2025\/02\/03\/corinthians-a-declaracao-de-leo-mana-direcionada-a-matheuzinho\/"},"author":{"name":"Geovanna Thomaz","@id":"https:\/\/www.gaveanews.com\/#\/schema\/person\/f42654babcd2b2014a1a65af82b081f1"},"headline":"Corinthians: a declara\u00e7\u00e3o de L\u00e9o Mana direcionada a Matheuzinho","datePublished":"2025-02-04T02:15:00+00:00","mainEntityOfPage":{"@id":"https:\/\/www.gaveanews.com\/index.php\/2025\/02\/03\/corinthians-a-declaracao-de-leo-mana-direcionada-a-matheuzinho\/"},"wordCount":446,"commentCount":0,"image":{"@id":"https:\/\/www.gaveanews.com\/index.php\/2025\/02\/03\/corinthians-a-declaracao-de-leo-mana-direcionada-a-matheuzinho\/#primaryimage"},"thumbnailUrl":"https:\/\/www.gaveanews.com\/wp-content\/uploads\/Matheuzinho-em-acao-pelo-Corinthians.webp","articleSection":["Corinthians"],"inLanguage":"pt-BR","potentialAction":[{"@type":"CommentAction","name":"Comment","target":["https:\/\/www.gaveanews.com\/index.php\/2025\/02\/03\/corinthians-a-declaracao-de-leo-mana-direcionada-a-matheuzinho\/#respond"]}],"copyrightYear":"2025","copyrightHolder":{"@id":"https:\/\/www.gaveanews.com\/#organization"}},{"@type":"WebPage","@id":"https:\/\/www.gaveanews.com\/index.php\/2025\/02\/03\/corinthians-a-declaracao-de-leo-mana-direcionada-a-matheuzinho\/","url":"https:\/\/www.gaveanews.com\/index.php\/2025\/02\/03\/corinthians-a-declaracao-de-leo-mana-direcionada-a-matheuzinho\/","name":"Corinthians: a declara\u00e7\u00e3o de L\u00e9o Mana direcionada a Matheuzinho","isPartOf":{"@id":"https:\/\/www.gaveanews.com\/#website"},"primaryImageOfPage":{"@id":"https:\/\/www.gaveanews.com\/index.php\/2025\/02\/03\/corinthians-a-declaracao-de-leo-mana-direcionada-a-matheuzinho\/#primaryimage"},"image":{"@id":"https:\/\/www.gaveanews.com\/index.php\/2025\/02\/03\/corinthians-a-declaracao-de-leo-mana-direcionada-a-matheuzinho\/#primaryimage"},"thumbnailUrl":"https:\/\/www.gaveanews.com\/wp-content\/uploads\/Matheuzinho-em-acao-pelo-Corinthians.webp","datePublished":"2025-02-04T02:15:00+00:00","author":{"@id":"https:\/\/www.gaveanews.com\/#\/schema\/person\/f42654babcd2b2014a1a65af82b081f1"},"breadcrumb":{"@id":"https:\/\/www.gaveanews.com\/index.php\/2025\/02\/03\/corinthians-a-declaracao-de-leo-mana-direcionada-a-matheuzinho\/#breadcrumb"},"inLanguage":"pt-BR","potentialAction":[{"@type":"ReadAction","target":["https:\/\/www.gaveanews.com\/index.php\/2025\/02\/03\/corinthians-a-declaracao-de-leo-mana-direcionada-a-matheuzinho\/"]}]},{"@type":"ImageObject","inLanguage":"pt-BR","@id":"https:\/\/www.gaveanews.com\/index.php\/2025\/02\/03\/corinthians-a-declaracao-de-leo-mana-direcionada-a-matheuzinho\/#primaryimage","url":"https:\/\/www.gaveanews.com\/wp-content\/uploads\/Matheuzinho-em-acao-pelo-Corinthians.webp","contentUrl":"https:\/\/www.gaveanews.com\/wp-content\/uploads\/Matheuzinho-em-acao-pelo-Corinthians.webp","width":1100,"height":825,"caption":"Matheuzinho em a\u00e7\u00e3o pelo Corinthians (Foto: Reprodu\u00e7\u00e3o\/Instagram)"},{"@type":"BreadcrumbList","@id":"https:\/\/www.gaveanews.com\/index.php\/2025\/02\/03\/corinthians-a-declaracao-de-leo-mana-direcionada-a-matheuzinho\/#breadcrumb","itemListElement":[{"@type":"ListItem","position":1,"name":"Home","item":"https:\/\/www.gaveanews.com\/"},{"@type":"ListItem","position":2,"name":"Corinthians: a declara\u00e7\u00e3o de L\u00e9o Mana direcionada a Matheuzinho"}]},{"@type":"WebSite","@id":"https:\/\/www.gaveanews.com\/#website","url":"https:\/\/www.gaveanews.com\/","name":"G\u00e1vea News","description":"Veja todas as not\u00edcias sobre o Flamengo: Contrata\u00e7\u00f5es, categorias de base, resultados das partidas, tabela de classifica\u00e7\u00e3o, pr\u00f3ximos jogos!","potentialAction":[{"@type":"SearchAction","target":{"@type":"EntryPoint","urlTemplate":"https:\/\/www.gaveanews.com\/?s={search_term_string}"},"query-input":{"@type":"PropertyValueSpecification","valueRequired":true,"valueName":"search_term_string"}}],"inLanguage":"pt-BR"},{"@type":"Person","@id":"https:\/\/www.gaveanews.com\/#\/schema\/person\/f42654babcd2b2014a1a65af82b081f1","name":"Geovanna Thomaz","image":{"@type":"ImageObject","inLanguage":"pt-BR","@id":"https:\/\/www.gaveanews.com\/#\/schema\/person\/image\/","url":"https:\/\/secure.gravatar.com\/avatar\/4092073255489533afb558984b49b64268c47198af8623cc82a925ae9fb7118a?s=96&d=mm&r=g","contentUrl":"https:\/\/secure.gravatar.com\/avatar\/4092073255489533afb558984b49b64268c47198af8623cc82a925ae9fb7118a?s=96&d=mm&r=g","caption":"Geovanna Thomaz"}}]}},"_links":{"self":[{"href":"https:\/\/www.gaveanews.com\/index.php\/wp-json\/wp\/v2\/posts\/222564","targetHints":{"allow":["GET"]}}],"collection":[{"href":"https:\/\/www.gaveanews.com\/index.php\/wp-json\/wp\/v2\/posts"}],"about":[{"href":"https:\/\/www.gaveanews.com\/index.php\/wp-json\/wp\/v2\/types\/post"}],"author":[{"embeddable":true,"href":"https:\/\/www.gaveanews.com\/index.php\/wp-json\/wp\/v2\/users\/17"}],"replies":[{"embeddable":true,"href":"https:\/\/www.gaveanews.com\/index.php\/wp-json\/wp\/v2\/comments?post=222564"}],"version-history":[{"count":1,"href":"https:\/\/www.gaveanews.com\/index.php\/wp-json\/wp\/v2\/posts\/222564\/revisions"}],"predecessor-version":[{"id":222566,"href":"https:\/\/www.gaveanews.com\/index.php\/wp-json\/wp\/v2\/posts\/222564\/revisions\/222566"}],"wp:featuredmedia":[{"embeddable":true,"href":"https:\/\/www.gaveanews.com\/index.php\/wp-json\/wp\/v2\/media\/148711"}],"wp:attachment":[{"href":"https:\/\/www.gaveanews.com\/index.php\/wp-json\/wp\/v2\/media?parent=222564"}],"wp:term":[{"taxonomy":"category","embeddable":true,"href":"https:\/\/www.gaveanews.com\/index.php\/wp-json\/wp\/v2\/categories?post=222564"},{"taxonomy":"post_tag","embeddable":true,"href":"https:\/\/www.gaveanews.com\/index.php\/wp-json\/wp\/v2\/tags?post=222564"}],"curies":[{"name":"wp","href":"https:\/\/api.w.org\/{rel}","templated":true}]}}