{"id":22259,"date":"2019-06-28T01:59:01","date_gmt":"2019-06-28T04:59:01","guid":{"rendered":"https:\/\/www.gaveanews.com\/?p=22259"},"modified":"2019-06-28T02:05:03","modified_gmt":"2019-06-28T05:05:03","slug":"jornalista-revela-porque-o-ninho-do-urubu-nao-recebeu-nenhuma-selecao-durante-a-copa-america","status":"publish","type":"post","link":"https:\/\/www.gaveanews.com\/index.php\/2019\/06\/28\/jornalista-revela-porque-o-ninho-do-urubu-nao-recebeu-nenhuma-selecao-durante-a-copa-america\/","title":{"rendered":"Jornalista revela porque o Ninho do Urubu n\u00e3o recebeu nenhuma sele\u00e7\u00e3o durante a Copa Am\u00e9rica"},"content":{"rendered":"\n<p>O Centro de Treinamento George Helal, que fica localizado em Vargem Grande, no Rio de Janeiro, possui uma das melhores estruturas do Brasil e da Am\u00e9rica Latina. <\/p>\n\n\n\n<p>Este motivo daria ao Flamengo condi\u00e7\u00f5es para receber e alocar as sele\u00e7\u00f5es que disputam a Copa Am\u00e9rica, como o Fluminense tem feito, com a Argentina, Uruguai. Entretanto, o inc\u00eandio que causou a morte de dez jogadores das categorias de base do clube Rubro-Negro fez com que o Flamengo ficasse de fora dessa lista.<\/p>\n\n\n\n<p>Segundo informa\u00e7\u00f5es da jornalista Raisa Simplicio, o inc\u00eandio e logo ap\u00f3s a interdi\u00e7\u00e3o fizeram com que o Flamengo ficasse impossibilitado de recepcionar qualquer delega\u00e7\u00e3o. <\/p>\n\n\n\n<p>De acordo com a jornalista, no momento em que as inspe\u00e7\u00f5es nos Centros de Treinamento estavam sendo realizadas, o Ninho do Urubu estava fechado, por ter sido interditado. Al\u00e9m disso, naquela \u00e9poca, n\u00e3o havia garantia de que o local estaria liberado durante os meses da Copa Am\u00e9rica.<\/p>\n\n\n\n<p>A Copa Am\u00e9rica teve in\u00edcio no dia 14 de junho, com a partida entre Brasil e Bol\u00edvia, no Est\u00e1dio Morumbi. O \u00faltimo dia da competi\u00e7\u00e3o est\u00e1 marcado para 7 de julho, data em que acontecer\u00e1 a final do torneio. A sele\u00e7\u00e3o brasileira enfrenta o Paraguai pelas quartas de final, nesta quinta-feira (27), \u00e0s 21h30, hor\u00e1rio de Bras\u00edlia, na Arena do Gr\u00eamio.<\/p>\n\n\n\n\n\n<p>Retirado de: Coluna do Fla<\/p>\n","protected":false},"excerpt":{"rendered":"<p>O Centro de Treinamento George Helal, que fica localizado em Vargem Grande, no Rio de Janeiro, possui uma das melhores estruturas do Brasil e da Am\u00e9rica Latina. Este motivo daria ao Flamengo condi\u00e7\u00f5es para receber e alocar as sele\u00e7\u00f5es que disputam a Copa Am\u00e9rica, como o Fluminense tem feito, com a Argentina, Uruguai. Entretanto, o [&hellip;]<\/p>\n","protected":false},"author":1,"featured_media":15184,"comment_status":"open","ping_status":"open","sticky":false,"template":"","format":"standard","meta":{"footnotes":""},"categories":[1],"tags":[],"class_list":["post-22259","post","type-post","status-publish","format-standard","has-post-thumbnail","hentry","category-flamengo"],"yoast_head":"<!-- This site is optimized with the Yoast SEO Premium plugin v24.2 (Yoast SEO v26.9) - https:\/\/yoast.com\/product\/yoast-seo-premium-wordpress\/ -->\n<title>Jornalista revela porque o Ninho do Urubu n\u00e3o recebeu nenhuma sele\u00e7\u00e3o durante a Copa Am\u00e9rica<\/title>\n<meta name=\"robots\" content=\"index, follow, max-snippet:-1, max-image-preview:large, max-video-preview:-1\" \/>\n<link rel=\"canonical\" href=\"https:\/\/www.gaveanews.com\/index.php\/2019\/06\/28\/jornalista-revela-porque-o-ninho-do-urubu-nao-recebeu-nenhuma-selecao-durante-a-copa-america\/\" \/>\n<meta property=\"og:locale\" content=\"pt_BR\" \/>\n<meta property=\"og:type\" content=\"article\" \/>\n<meta property=\"og:title\" content=\"Jornalista revela porque o Ninho do Urubu n\u00e3o recebeu nenhuma sele\u00e7\u00e3o durante a Copa Am\u00e9rica\" \/>\n<meta property=\"og:description\" content=\"O Centro de Treinamento George Helal, que fica localizado em Vargem Grande, no Rio de Janeiro, possui uma das melhores estruturas do Brasil e da Am\u00e9rica Latina. Este motivo daria ao Flamengo condi\u00e7\u00f5es para receber e alocar as sele\u00e7\u00f5es que disputam a Copa Am\u00e9rica, como o Fluminense tem feito, com a Argentina, Uruguai. Entretanto, o [&hellip;]\" \/>\n<meta property=\"og:url\" content=\"https:\/\/www.gaveanews.com\/index.php\/2019\/06\/28\/jornalista-revela-porque-o-ninho-do-urubu-nao-recebeu-nenhuma-selecao-durante-a-copa-america\/\" \/>\n<meta property=\"og:site_name\" content=\"G\u00e1vea News\" \/>\n<meta property=\"article:publisher\" content=\"https:\/\/facebook.com\/gaveaNews\/\" \/>\n<meta property=\"article:published_time\" content=\"2019-06-28T04:59:01+00:00\" \/>\n<meta property=\"article:modified_time\" content=\"2019-06-28T05:05:03+00:00\" \/>\n<meta property=\"og:image\" content=\"https:\/\/www.gaveanews.com\/wp-content\/uploads\/2019\/03\/Entrada-do-Ninho-do-Urubu.webp\" \/>\n\t<meta property=\"og:image:width\" content=\"846\" \/>\n\t<meta property=\"og:image:height\" content=\"564\" \/>\n\t<meta property=\"og:image:type\" content=\"image\/jpeg\" \/>\n<meta name=\"author\" content=\"Equipe G\u00e1vea News\" \/>\n<meta name=\"twitter:card\" content=\"summary_large_image\" \/>\n<meta name=\"twitter:label1\" content=\"Escrito por\" \/>\n\t<meta name=\"twitter:data1\" content=\"Equipe G\u00e1vea News\" \/>\n\t<meta name=\"twitter:label2\" content=\"Est. tempo de leitura\" \/>\n\t<meta name=\"twitter:data2\" content=\"1 minuto\" \/>\n<script type=\"application\/ld+json\" class=\"yoast-schema-graph\">{\"@context\":\"https:\/\/schema.org\",\"@graph\":[{\"@type\":\"NewsArticle\",\"@id\":\"https:\/\/www.gaveanews.com\/index.php\/2019\/06\/28\/jornalista-revela-porque-o-ninho-do-urubu-nao-recebeu-nenhuma-selecao-durante-a-copa-america\/#article\",\"isPartOf\":{\"@id\":\"https:\/\/www.gaveanews.com\/index.php\/2019\/06\/28\/jornalista-revela-porque-o-ninho-do-urubu-nao-recebeu-nenhuma-selecao-durante-a-copa-america\/\"},\"author\":{\"name\":\"Equipe G\u00e1vea News\",\"@id\":\"https:\/\/www.gaveanews.com\/#\/schema\/person\/2ec14f73fb96be2caf28f91afb14749d\"},\"headline\":\"Jornalista revela porque o Ninho do Urubu n\u00e3o recebeu nenhuma sele\u00e7\u00e3o durante a Copa Am\u00e9rica\",\"datePublished\":\"2019-06-28T04:59:01+00:00\",\"dateModified\":\"2019-06-28T05:05:03+00:00\",\"mainEntityOfPage\":{\"@id\":\"https:\/\/www.gaveanews.com\/index.php\/2019\/06\/28\/jornalista-revela-porque-o-ninho-do-urubu-nao-recebeu-nenhuma-selecao-durante-a-copa-america\/\"},\"wordCount\":255,\"commentCount\":0,\"image\":{\"@id\":\"https:\/\/www.gaveanews.com\/index.php\/2019\/06\/28\/jornalista-revela-porque-o-ninho-do-urubu-nao-recebeu-nenhuma-selecao-durante-a-copa-america\/#primaryimage\"},\"thumbnailUrl\":\"https:\/\/www.gaveanews.com\/wp-content\/uploads\/2019\/03\/Entrada-do-Ninho-do-Urubu.webp\",\"articleSection\":[\"Flamengo\"],\"inLanguage\":\"pt-BR\",\"potentialAction\":[{\"@type\":\"CommentAction\",\"name\":\"Comment\",\"target\":[\"https:\/\/www.gaveanews.com\/index.php\/2019\/06\/28\/jornalista-revela-porque-o-ninho-do-urubu-nao-recebeu-nenhuma-selecao-durante-a-copa-america\/#respond\"]}],\"copyrightYear\":\"2019\",\"copyrightHolder\":{\"@id\":\"https:\/\/www.gaveanews.com\/#organization\"}},{\"@type\":\"WebPage\",\"@id\":\"https:\/\/www.gaveanews.com\/index.php\/2019\/06\/28\/jornalista-revela-porque-o-ninho-do-urubu-nao-recebeu-nenhuma-selecao-durante-a-copa-america\/\",\"url\":\"https:\/\/www.gaveanews.com\/index.php\/2019\/06\/28\/jornalista-revela-porque-o-ninho-do-urubu-nao-recebeu-nenhuma-selecao-durante-a-copa-america\/\",\"name\":\"Jornalista revela porque o Ninho do Urubu n\u00e3o recebeu nenhuma sele\u00e7\u00e3o durante a Copa Am\u00e9rica\",\"isPartOf\":{\"@id\":\"https:\/\/www.gaveanews.com\/#website\"},\"primaryImageOfPage\":{\"@id\":\"https:\/\/www.gaveanews.com\/index.php\/2019\/06\/28\/jornalista-revela-porque-o-ninho-do-urubu-nao-recebeu-nenhuma-selecao-durante-a-copa-america\/#primaryimage\"},\"image\":{\"@id\":\"https:\/\/www.gaveanews.com\/index.php\/2019\/06\/28\/jornalista-revela-porque-o-ninho-do-urubu-nao-recebeu-nenhuma-selecao-durante-a-copa-america\/#primaryimage\"},\"thumbnailUrl\":\"https:\/\/www.gaveanews.com\/wp-content\/uploads\/2019\/03\/Entrada-do-Ninho-do-Urubu.webp\",\"datePublished\":\"2019-06-28T04:59:01+00:00\",\"dateModified\":\"2019-06-28T05:05:03+00:00\",\"author\":{\"@id\":\"https:\/\/www.gaveanews.com\/#\/schema\/person\/2ec14f73fb96be2caf28f91afb14749d\"},\"breadcrumb\":{\"@id\":\"https:\/\/www.gaveanews.com\/index.php\/2019\/06\/28\/jornalista-revela-porque-o-ninho-do-urubu-nao-recebeu-nenhuma-selecao-durante-a-copa-america\/#breadcrumb\"},\"inLanguage\":\"pt-BR\",\"potentialAction\":[{\"@type\":\"ReadAction\",\"target\":[\"https:\/\/www.gaveanews.com\/index.php\/2019\/06\/28\/jornalista-revela-porque-o-ninho-do-urubu-nao-recebeu-nenhuma-selecao-durante-a-copa-america\/\"]}]},{\"@type\":\"ImageObject\",\"inLanguage\":\"pt-BR\",\"@id\":\"https:\/\/www.gaveanews.com\/index.php\/2019\/06\/28\/jornalista-revela-porque-o-ninho-do-urubu-nao-recebeu-nenhuma-selecao-durante-a-copa-america\/#primaryimage\",\"url\":\"https:\/\/www.gaveanews.com\/wp-content\/uploads\/2019\/03\/Entrada-do-Ninho-do-Urubu.webp\",\"contentUrl\":\"https:\/\/www.gaveanews.com\/wp-content\/uploads\/2019\/03\/Entrada-do-Ninho-do-Urubu.webp\",\"width\":846,\"height\":564,\"caption\":\"Entrada do Ninho do Urubu (Foto: Gilvan de Souza\/Flamengo)\"},{\"@type\":\"BreadcrumbList\",\"@id\":\"https:\/\/www.gaveanews.com\/index.php\/2019\/06\/28\/jornalista-revela-porque-o-ninho-do-urubu-nao-recebeu-nenhuma-selecao-durante-a-copa-america\/#breadcrumb\",\"itemListElement\":[{\"@type\":\"ListItem\",\"position\":1,\"name\":\"Home\",\"item\":\"https:\/\/www.gaveanews.com\/\"},{\"@type\":\"ListItem\",\"position\":2,\"name\":\"Jornalista revela porque o Ninho do Urubu n\u00e3o recebeu nenhuma sele\u00e7\u00e3o durante a Copa Am\u00e9rica\"}]},{\"@type\":\"WebSite\",\"@id\":\"https:\/\/www.gaveanews.com\/#website\",\"url\":\"https:\/\/www.gaveanews.com\/\",\"name\":\"G\u00e1vea News\",\"description\":\"Veja todas as not\u00edcias sobre o Flamengo: Contrata\u00e7\u00f5es, categorias de base, resultados das partidas, tabela de classifica\u00e7\u00e3o, pr\u00f3ximos jogos!\",\"potentialAction\":[{\"@type\":\"SearchAction\",\"target\":{\"@type\":\"EntryPoint\",\"urlTemplate\":\"https:\/\/www.gaveanews.com\/?s={search_term_string}\"},\"query-input\":{\"@type\":\"PropertyValueSpecification\",\"valueRequired\":true,\"valueName\":\"search_term_string\"}}],\"inLanguage\":\"pt-BR\"},{\"@type\":\"Person\",\"@id\":\"https:\/\/www.gaveanews.com\/#\/schema\/person\/2ec14f73fb96be2caf28f91afb14749d\",\"name\":\"Equipe G\u00e1vea News\",\"image\":{\"@type\":\"ImageObject\",\"inLanguage\":\"pt-BR\",\"@id\":\"https:\/\/www.gaveanews.com\/#\/schema\/person\/image\/\",\"url\":\"https:\/\/secure.gravatar.com\/avatar\/1e1956f1facbffd3f8fa53a326721950116b3b9dc9bd44939c01180fd4a745a9?s=96&d=mm&r=g\",\"contentUrl\":\"https:\/\/secure.gravatar.com\/avatar\/1e1956f1facbffd3f8fa53a326721950116b3b9dc9bd44939c01180fd4a745a9?s=96&d=mm&r=g\",\"caption\":\"Equipe G\u00e1vea News\"}}]}<\/script>\n<!-- \/ Yoast SEO Premium plugin. -->","yoast_head_json":{"title":"Jornalista revela porque o Ninho do Urubu n\u00e3o recebeu nenhuma sele\u00e7\u00e3o durante a Copa Am\u00e9rica","robots":{"index":"index","follow":"follow","max-snippet":"max-snippet:-1","max-image-preview":"max-image-preview:large","max-video-preview":"max-video-preview:-1"},"canonical":"https:\/\/www.gaveanews.com\/index.php\/2019\/06\/28\/jornalista-revela-porque-o-ninho-do-urubu-nao-recebeu-nenhuma-selecao-durante-a-copa-america\/","og_locale":"pt_BR","og_type":"article","og_title":"Jornalista revela porque o Ninho do Urubu n\u00e3o recebeu nenhuma sele\u00e7\u00e3o durante a Copa Am\u00e9rica","og_description":"O Centro de Treinamento George Helal, que fica localizado em Vargem Grande, no Rio de Janeiro, possui uma das melhores estruturas do Brasil e da Am\u00e9rica Latina. Este motivo daria ao Flamengo condi\u00e7\u00f5es para receber e alocar as sele\u00e7\u00f5es que disputam a Copa Am\u00e9rica, como o Fluminense tem feito, com a Argentina, Uruguai. Entretanto, o [&hellip;]","og_url":"https:\/\/www.gaveanews.com\/index.php\/2019\/06\/28\/jornalista-revela-porque-o-ninho-do-urubu-nao-recebeu-nenhuma-selecao-durante-a-copa-america\/","og_site_name":"G\u00e1vea News","article_publisher":"https:\/\/facebook.com\/gaveaNews\/","article_published_time":"2019-06-28T04:59:01+00:00","article_modified_time":"2019-06-28T05:05:03+00:00","og_image":[{"width":846,"height":564,"url":"https:\/\/www.gaveanews.com\/wp-content\/uploads\/2019\/03\/Entrada-do-Ninho-do-Urubu.webp","type":"image\/jpeg"}],"author":"Equipe G\u00e1vea News","twitter_card":"summary_large_image","twitter_misc":{"Escrito por":"Equipe G\u00e1vea News","Est. tempo de leitura":"1 minuto"},"schema":{"@context":"https:\/\/schema.org","@graph":[{"@type":"NewsArticle","@id":"https:\/\/www.gaveanews.com\/index.php\/2019\/06\/28\/jornalista-revela-porque-o-ninho-do-urubu-nao-recebeu-nenhuma-selecao-durante-a-copa-america\/#article","isPartOf":{"@id":"https:\/\/www.gaveanews.com\/index.php\/2019\/06\/28\/jornalista-revela-porque-o-ninho-do-urubu-nao-recebeu-nenhuma-selecao-durante-a-copa-america\/"},"author":{"name":"Equipe G\u00e1vea News","@id":"https:\/\/www.gaveanews.com\/#\/schema\/person\/2ec14f73fb96be2caf28f91afb14749d"},"headline":"Jornalista revela porque o Ninho do Urubu n\u00e3o recebeu nenhuma sele\u00e7\u00e3o durante a Copa Am\u00e9rica","datePublished":"2019-06-28T04:59:01+00:00","dateModified":"2019-06-28T05:05:03+00:00","mainEntityOfPage":{"@id":"https:\/\/www.gaveanews.com\/index.php\/2019\/06\/28\/jornalista-revela-porque-o-ninho-do-urubu-nao-recebeu-nenhuma-selecao-durante-a-copa-america\/"},"wordCount":255,"commentCount":0,"image":{"@id":"https:\/\/www.gaveanews.com\/index.php\/2019\/06\/28\/jornalista-revela-porque-o-ninho-do-urubu-nao-recebeu-nenhuma-selecao-durante-a-copa-america\/#primaryimage"},"thumbnailUrl":"https:\/\/www.gaveanews.com\/wp-content\/uploads\/2019\/03\/Entrada-do-Ninho-do-Urubu.webp","articleSection":["Flamengo"],"inLanguage":"pt-BR","potentialAction":[{"@type":"CommentAction","name":"Comment","target":["https:\/\/www.gaveanews.com\/index.php\/2019\/06\/28\/jornalista-revela-porque-o-ninho-do-urubu-nao-recebeu-nenhuma-selecao-durante-a-copa-america\/#respond"]}],"copyrightYear":"2019","copyrightHolder":{"@id":"https:\/\/www.gaveanews.com\/#organization"}},{"@type":"WebPage","@id":"https:\/\/www.gaveanews.com\/index.php\/2019\/06\/28\/jornalista-revela-porque-o-ninho-do-urubu-nao-recebeu-nenhuma-selecao-durante-a-copa-america\/","url":"https:\/\/www.gaveanews.com\/index.php\/2019\/06\/28\/jornalista-revela-porque-o-ninho-do-urubu-nao-recebeu-nenhuma-selecao-durante-a-copa-america\/","name":"Jornalista revela porque o Ninho do Urubu n\u00e3o recebeu nenhuma sele\u00e7\u00e3o durante a Copa Am\u00e9rica","isPartOf":{"@id":"https:\/\/www.gaveanews.com\/#website"},"primaryImageOfPage":{"@id":"https:\/\/www.gaveanews.com\/index.php\/2019\/06\/28\/jornalista-revela-porque-o-ninho-do-urubu-nao-recebeu-nenhuma-selecao-durante-a-copa-america\/#primaryimage"},"image":{"@id":"https:\/\/www.gaveanews.com\/index.php\/2019\/06\/28\/jornalista-revela-porque-o-ninho-do-urubu-nao-recebeu-nenhuma-selecao-durante-a-copa-america\/#primaryimage"},"thumbnailUrl":"https:\/\/www.gaveanews.com\/wp-content\/uploads\/2019\/03\/Entrada-do-Ninho-do-Urubu.webp","datePublished":"2019-06-28T04:59:01+00:00","dateModified":"2019-06-28T05:05:03+00:00","author":{"@id":"https:\/\/www.gaveanews.com\/#\/schema\/person\/2ec14f73fb96be2caf28f91afb14749d"},"breadcrumb":{"@id":"https:\/\/www.gaveanews.com\/index.php\/2019\/06\/28\/jornalista-revela-porque-o-ninho-do-urubu-nao-recebeu-nenhuma-selecao-durante-a-copa-america\/#breadcrumb"},"inLanguage":"pt-BR","potentialAction":[{"@type":"ReadAction","target":["https:\/\/www.gaveanews.com\/index.php\/2019\/06\/28\/jornalista-revela-porque-o-ninho-do-urubu-nao-recebeu-nenhuma-selecao-durante-a-copa-america\/"]}]},{"@type":"ImageObject","inLanguage":"pt-BR","@id":"https:\/\/www.gaveanews.com\/index.php\/2019\/06\/28\/jornalista-revela-porque-o-ninho-do-urubu-nao-recebeu-nenhuma-selecao-durante-a-copa-america\/#primaryimage","url":"https:\/\/www.gaveanews.com\/wp-content\/uploads\/2019\/03\/Entrada-do-Ninho-do-Urubu.webp","contentUrl":"https:\/\/www.gaveanews.com\/wp-content\/uploads\/2019\/03\/Entrada-do-Ninho-do-Urubu.webp","width":846,"height":564,"caption":"Entrada do Ninho do Urubu (Foto: Gilvan de Souza\/Flamengo)"},{"@type":"BreadcrumbList","@id":"https:\/\/www.gaveanews.com\/index.php\/2019\/06\/28\/jornalista-revela-porque-o-ninho-do-urubu-nao-recebeu-nenhuma-selecao-durante-a-copa-america\/#breadcrumb","itemListElement":[{"@type":"ListItem","position":1,"name":"Home","item":"https:\/\/www.gaveanews.com\/"},{"@type":"ListItem","position":2,"name":"Jornalista revela porque o Ninho do Urubu n\u00e3o recebeu nenhuma sele\u00e7\u00e3o durante a Copa Am\u00e9rica"}]},{"@type":"WebSite","@id":"https:\/\/www.gaveanews.com\/#website","url":"https:\/\/www.gaveanews.com\/","name":"G\u00e1vea News","description":"Veja todas as not\u00edcias sobre o Flamengo: Contrata\u00e7\u00f5es, categorias de base, resultados das partidas, tabela de classifica\u00e7\u00e3o, pr\u00f3ximos jogos!","potentialAction":[{"@type":"SearchAction","target":{"@type":"EntryPoint","urlTemplate":"https:\/\/www.gaveanews.com\/?s={search_term_string}"},"query-input":{"@type":"PropertyValueSpecification","valueRequired":true,"valueName":"search_term_string"}}],"inLanguage":"pt-BR"},{"@type":"Person","@id":"https:\/\/www.gaveanews.com\/#\/schema\/person\/2ec14f73fb96be2caf28f91afb14749d","name":"Equipe G\u00e1vea News","image":{"@type":"ImageObject","inLanguage":"pt-BR","@id":"https:\/\/www.gaveanews.com\/#\/schema\/person\/image\/","url":"https:\/\/secure.gravatar.com\/avatar\/1e1956f1facbffd3f8fa53a326721950116b3b9dc9bd44939c01180fd4a745a9?s=96&d=mm&r=g","contentUrl":"https:\/\/secure.gravatar.com\/avatar\/1e1956f1facbffd3f8fa53a326721950116b3b9dc9bd44939c01180fd4a745a9?s=96&d=mm&r=g","caption":"Equipe G\u00e1vea News"}}]}},"_links":{"self":[{"href":"https:\/\/www.gaveanews.com\/index.php\/wp-json\/wp\/v2\/posts\/22259","targetHints":{"allow":["GET"]}}],"collection":[{"href":"https:\/\/www.gaveanews.com\/index.php\/wp-json\/wp\/v2\/posts"}],"about":[{"href":"https:\/\/www.gaveanews.com\/index.php\/wp-json\/wp\/v2\/types\/post"}],"author":[{"embeddable":true,"href":"https:\/\/www.gaveanews.com\/index.php\/wp-json\/wp\/v2\/users\/1"}],"replies":[{"embeddable":true,"href":"https:\/\/www.gaveanews.com\/index.php\/wp-json\/wp\/v2\/comments?post=22259"}],"version-history":[{"count":0,"href":"https:\/\/www.gaveanews.com\/index.php\/wp-json\/wp\/v2\/posts\/22259\/revisions"}],"wp:featuredmedia":[{"embeddable":true,"href":"https:\/\/www.gaveanews.com\/index.php\/wp-json\/wp\/v2\/media\/15184"}],"wp:attachment":[{"href":"https:\/\/www.gaveanews.com\/index.php\/wp-json\/wp\/v2\/media?parent=22259"}],"wp:term":[{"taxonomy":"category","embeddable":true,"href":"https:\/\/www.gaveanews.com\/index.php\/wp-json\/wp\/v2\/categories?post=22259"},{"taxonomy":"post_tag","embeddable":true,"href":"https:\/\/www.gaveanews.com\/index.php\/wp-json\/wp\/v2\/tags?post=22259"}],"curies":[{"name":"wp","href":"https:\/\/api.w.org\/{rel}","templated":true}]}}