{"id":222672,"date":"2025-02-03T23:00:00","date_gmt":"2025-02-04T02:00:00","guid":{"rendered":"https:\/\/www.gaveanews.com\/?p=222672"},"modified":"2025-02-03T22:49:42","modified_gmt":"2025-02-04T01:49:42","slug":"flamengo-a-declaracao-de-zico-direcionada-a-filipe-luis-2","status":"publish","type":"post","link":"https:\/\/www.gaveanews.com\/index.php\/2025\/02\/03\/flamengo-a-declaracao-de-zico-direcionada-a-filipe-luis-2\/","title":{"rendered":"Flamengo: a declara\u00e7\u00e3o de Zico direcionada a Filipe Lu\u00eds"},"content":{"rendered":"\n<p>No \u00faltimo domingo (2), o Flamengo venceu o Botafogo por 3 a 1, na decis\u00e3o da Supercopa do Brasil, e saiu com o t\u00edtulo da competi\u00e7\u00e3o, se consagrando tricampe\u00e3o.<\/p>\n\n\n\n<p>A equipe comandada por Filipe Lu\u00eds foi totalmente dominante ao advers\u00e1rio, e como consequ\u00eancia, venceu o jogo sem dificuldades, com dois gols de Bruno Henrique e um de Luiz Ara\u00fajo. Patrick de Paula descontou para o Botafogo.<\/p>\n\n\n\n<p>Ap\u00f3s o t\u00edtulo do Meng\u00e3o, Zico, o maior \u00eddolo da hist\u00f3ria do Flamengo, comemorou a conquista de mais um trof\u00e9u, sendo o primeiro da temporada 2025. Al\u00e9m de celebrar, Arthur Antunes Coimbra mandou um recado direcionado a Filipe Lu\u00eds.<\/p>\n\n\n\n<p>\u201cParab\u00e9ns ao Clube de Regatas Flamengo por mais uma brilhante conquista da Supercopa do Brasil, o terceiro na sua hist\u00f3ria. Parab\u00e9ns a todos que fizeram parte desta conquista\u201c, celebrou Zico.<\/p>\n\n\n\n<p>\u201cParab\u00e9ns ao querido amigo Dudu Coimbra por mais uma conquista na sua carreira profissional, ele que \u00e9 uns dos analistas de desempenho do nosso Meng\u00e3o.\u00a0E parab\u00e9ns a toda na\u00e7\u00e3o rubro negra espalhada no mundo inteiro. Que venham muitos t\u00edtulos neste ano de 2025&#8243;.<\/p>\n\n\n\n<p>\u201cParab\u00e9ns ao meu Flamengo por duas grandes conquistas. Tricampe\u00e3o da Supercopa do Brasil e Tetracampe\u00e3o no basquete da Copa Super 8.\u00a0Inicio de temporada e de uma gest\u00e3o promissora. Parab\u00e9ns as Comiss\u00f5es T\u00e9cnicas, Atletas, Funcion\u00e1rios e a todos aqueles que de alguma forma ajudaram nessas conquistas.\u00a0Que venham muitas vit\u00f3rias e t\u00edtulos\u201c, pontuou.<\/p>\n\n\n\n<h2 class=\"wp-block-heading\" id=\"h-filipe-luis-como-treinador\">Filipe Lu\u00eds como treinador<\/h2>\n\n\n\n<p>Filipe Lu\u00eds se aposentou dos gramados em 2023, e no ano passado, iniciou a carreira como treinador. Primeiro, ele assumiu o comando do Sub-17, com quem foi campe\u00e3o da Copa Rio. Depois, migrou para o Sub-20, e se consagrou campe\u00e3o Mundial da categoria.<\/p>\n\n\n\n<p>O pr\u00f3ximo desafio foi assumir o time profissional do Flamengo no primeiro ano como treinador. E o resultado? Conquistou o trof\u00e9u da Copa do Brasil. E foi justamente por ganhar a Copa do Brasil, que o Fla se classificou para a Supercopa, outro t\u00edtulo para a recente carreira de treinador de Filipinho.<\/p>\n","protected":false},"excerpt":{"rendered":"<p>No \u00faltimo domingo (2), o Flamengo venceu o Botafogo por 3 a 1, na decis\u00e3o da Supercopa do Brasil, e saiu com o t\u00edtulo da competi\u00e7\u00e3o, se consagrando tricampe\u00e3o. A equipe comandada por Filipe Lu\u00eds foi totalmente dominante ao advers\u00e1rio, e como consequ\u00eancia, venceu o jogo sem dificuldades, com dois gols de Bruno Henrique e [&hellip;]<\/p>\n","protected":false},"author":18,"featured_media":171103,"comment_status":"open","ping_status":"closed","sticky":false,"template":"","format":"standard","meta":{"footnotes":""},"categories":[1],"tags":[],"class_list":["post-222672","post","type-post","status-publish","format-standard","has-post-thumbnail","hentry","category-flamengo"],"yoast_head":"<!-- This site is optimized with the Yoast SEO Premium plugin v24.2 (Yoast SEO v26.9) - https:\/\/yoast.com\/product\/yoast-seo-premium-wordpress\/ -->\n<title>Flamengo: a declara\u00e7\u00e3o de Zico direcionada a Filipe Lu\u00eds<\/title>\n<meta name=\"robots\" content=\"index, follow, max-snippet:-1, max-image-preview:large, max-video-preview:-1\" \/>\n<link rel=\"canonical\" href=\"https:\/\/www.gaveanews.com\/index.php\/2025\/02\/03\/flamengo-a-declaracao-de-zico-direcionada-a-filipe-luis-2\/\" \/>\n<meta property=\"og:locale\" content=\"pt_BR\" \/>\n<meta property=\"og:type\" content=\"article\" \/>\n<meta property=\"og:title\" content=\"Flamengo: a declara\u00e7\u00e3o de Zico direcionada a Filipe Lu\u00eds\" \/>\n<meta property=\"og:description\" content=\"No \u00faltimo domingo (2), o Flamengo venceu o Botafogo por 3 a 1, na decis\u00e3o da Supercopa do Brasil, e saiu com o t\u00edtulo da competi\u00e7\u00e3o, se consagrando tricampe\u00e3o. A equipe comandada por Filipe Lu\u00eds foi totalmente dominante ao advers\u00e1rio, e como consequ\u00eancia, venceu o jogo sem dificuldades, com dois gols de Bruno Henrique e [&hellip;]\" \/>\n<meta property=\"og:url\" content=\"https:\/\/www.gaveanews.com\/index.php\/2025\/02\/03\/flamengo-a-declaracao-de-zico-direcionada-a-filipe-luis-2\/\" \/>\n<meta property=\"og:site_name\" content=\"G\u00e1vea News\" \/>\n<meta property=\"article:publisher\" content=\"https:\/\/facebook.com\/gaveaNews\/\" \/>\n<meta property=\"article:published_time\" content=\"2025-02-04T02:00:00+00:00\" \/>\n<meta property=\"og:image\" content=\"https:\/\/www.gaveanews.com\/wp-content\/uploads\/Filipe-Luis-durante-jogo-entre-Flamengo-e-Corinthians-pela-semifinal-da-Copa-do-Brasil-no-Maracana.webp\" \/>\n\t<meta property=\"og:image:width\" content=\"742\" \/>\n\t<meta property=\"og:image:height\" content=\"493\" \/>\n\t<meta property=\"og:image:type\" content=\"image\/jpeg\" \/>\n<meta name=\"author\" content=\"Paula Silva\" \/>\n<meta name=\"twitter:card\" content=\"summary_large_image\" \/>\n<meta name=\"twitter:label1\" content=\"Escrito por\" \/>\n\t<meta name=\"twitter:data1\" content=\"Paula Silva\" \/>\n\t<meta name=\"twitter:label2\" content=\"Est. tempo de leitura\" \/>\n\t<meta name=\"twitter:data2\" content=\"3 minutos\" \/>\n<script type=\"application\/ld+json\" class=\"yoast-schema-graph\">{\"@context\":\"https:\/\/schema.org\",\"@graph\":[{\"@type\":\"NewsArticle\",\"@id\":\"https:\/\/www.gaveanews.com\/index.php\/2025\/02\/03\/flamengo-a-declaracao-de-zico-direcionada-a-filipe-luis-2\/#article\",\"isPartOf\":{\"@id\":\"https:\/\/www.gaveanews.com\/index.php\/2025\/02\/03\/flamengo-a-declaracao-de-zico-direcionada-a-filipe-luis-2\/\"},\"author\":{\"name\":\"Paula Silva\",\"@id\":\"https:\/\/www.gaveanews.com\/#\/schema\/person\/daf63eec72e1164eb13dc35096c2b8da\"},\"headline\":\"Flamengo: a declara\u00e7\u00e3o de Zico direcionada a Filipe Lu\u00eds\",\"datePublished\":\"2025-02-04T02:00:00+00:00\",\"mainEntityOfPage\":{\"@id\":\"https:\/\/www.gaveanews.com\/index.php\/2025\/02\/03\/flamengo-a-declaracao-de-zico-direcionada-a-filipe-luis-2\/\"},\"wordCount\":374,\"commentCount\":0,\"image\":{\"@id\":\"https:\/\/www.gaveanews.com\/index.php\/2025\/02\/03\/flamengo-a-declaracao-de-zico-direcionada-a-filipe-luis-2\/#primaryimage\"},\"thumbnailUrl\":\"https:\/\/www.gaveanews.com\/wp-content\/uploads\/Filipe-Luis-durante-jogo-entre-Flamengo-e-Corinthians-pela-semifinal-da-Copa-do-Brasil-no-Maracana.webp\",\"articleSection\":[\"Flamengo\"],\"inLanguage\":\"pt-BR\",\"potentialAction\":[{\"@type\":\"CommentAction\",\"name\":\"Comment\",\"target\":[\"https:\/\/www.gaveanews.com\/index.php\/2025\/02\/03\/flamengo-a-declaracao-de-zico-direcionada-a-filipe-luis-2\/#respond\"]}],\"copyrightYear\":\"2025\",\"copyrightHolder\":{\"@id\":\"https:\/\/www.gaveanews.com\/#organization\"}},{\"@type\":\"WebPage\",\"@id\":\"https:\/\/www.gaveanews.com\/index.php\/2025\/02\/03\/flamengo-a-declaracao-de-zico-direcionada-a-filipe-luis-2\/\",\"url\":\"https:\/\/www.gaveanews.com\/index.php\/2025\/02\/03\/flamengo-a-declaracao-de-zico-direcionada-a-filipe-luis-2\/\",\"name\":\"Flamengo: a declara\u00e7\u00e3o de Zico direcionada a Filipe Lu\u00eds\",\"isPartOf\":{\"@id\":\"https:\/\/www.gaveanews.com\/#website\"},\"primaryImageOfPage\":{\"@id\":\"https:\/\/www.gaveanews.com\/index.php\/2025\/02\/03\/flamengo-a-declaracao-de-zico-direcionada-a-filipe-luis-2\/#primaryimage\"},\"image\":{\"@id\":\"https:\/\/www.gaveanews.com\/index.php\/2025\/02\/03\/flamengo-a-declaracao-de-zico-direcionada-a-filipe-luis-2\/#primaryimage\"},\"thumbnailUrl\":\"https:\/\/www.gaveanews.com\/wp-content\/uploads\/Filipe-Luis-durante-jogo-entre-Flamengo-e-Corinthians-pela-semifinal-da-Copa-do-Brasil-no-Maracana.webp\",\"datePublished\":\"2025-02-04T02:00:00+00:00\",\"author\":{\"@id\":\"https:\/\/www.gaveanews.com\/#\/schema\/person\/daf63eec72e1164eb13dc35096c2b8da\"},\"breadcrumb\":{\"@id\":\"https:\/\/www.gaveanews.com\/index.php\/2025\/02\/03\/flamengo-a-declaracao-de-zico-direcionada-a-filipe-luis-2\/#breadcrumb\"},\"inLanguage\":\"pt-BR\",\"potentialAction\":[{\"@type\":\"ReadAction\",\"target\":[\"https:\/\/www.gaveanews.com\/index.php\/2025\/02\/03\/flamengo-a-declaracao-de-zico-direcionada-a-filipe-luis-2\/\"]}]},{\"@type\":\"ImageObject\",\"inLanguage\":\"pt-BR\",\"@id\":\"https:\/\/www.gaveanews.com\/index.php\/2025\/02\/03\/flamengo-a-declaracao-de-zico-direcionada-a-filipe-luis-2\/#primaryimage\",\"url\":\"https:\/\/www.gaveanews.com\/wp-content\/uploads\/Filipe-Luis-durante-jogo-entre-Flamengo-e-Corinthians-pela-semifinal-da-Copa-do-Brasil-no-Maracana.webp\",\"contentUrl\":\"https:\/\/www.gaveanews.com\/wp-content\/uploads\/Filipe-Luis-durante-jogo-entre-Flamengo-e-Corinthians-pela-semifinal-da-Copa-do-Brasil-no-Maracana.webp\",\"width\":742,\"height\":493,\"caption\":\"Filipe Lu\u00eds durante jogo entre Flamengo e Corinthians, pela semifinal da Copa do Brasil, no Maracan\u00e3 (Foto: Gilvan de Souza\/Flamengo)\"},{\"@type\":\"BreadcrumbList\",\"@id\":\"https:\/\/www.gaveanews.com\/index.php\/2025\/02\/03\/flamengo-a-declaracao-de-zico-direcionada-a-filipe-luis-2\/#breadcrumb\",\"itemListElement\":[{\"@type\":\"ListItem\",\"position\":1,\"name\":\"Home\",\"item\":\"https:\/\/www.gaveanews.com\/\"},{\"@type\":\"ListItem\",\"position\":2,\"name\":\"Flamengo: a declara\u00e7\u00e3o de Zico direcionada a Filipe Lu\u00eds\"}]},{\"@type\":\"WebSite\",\"@id\":\"https:\/\/www.gaveanews.com\/#website\",\"url\":\"https:\/\/www.gaveanews.com\/\",\"name\":\"G\u00e1vea News\",\"description\":\"Veja todas as not\u00edcias sobre o Flamengo: Contrata\u00e7\u00f5es, categorias de base, resultados das partidas, tabela de classifica\u00e7\u00e3o, pr\u00f3ximos jogos!\",\"potentialAction\":[{\"@type\":\"SearchAction\",\"target\":{\"@type\":\"EntryPoint\",\"urlTemplate\":\"https:\/\/www.gaveanews.com\/?s={search_term_string}\"},\"query-input\":{\"@type\":\"PropertyValueSpecification\",\"valueRequired\":true,\"valueName\":\"search_term_string\"}}],\"inLanguage\":\"pt-BR\"},{\"@type\":\"Person\",\"@id\":\"https:\/\/www.gaveanews.com\/#\/schema\/person\/daf63eec72e1164eb13dc35096c2b8da\",\"name\":\"Paula Silva\",\"image\":{\"@type\":\"ImageObject\",\"inLanguage\":\"pt-BR\",\"@id\":\"https:\/\/www.gaveanews.com\/#\/schema\/person\/image\/\",\"url\":\"https:\/\/secure.gravatar.com\/avatar\/eda381c845527cc5d64c13b901833cda29d97500ba040d3e6461f76f51d163bb?s=96&d=mm&r=g\",\"contentUrl\":\"https:\/\/secure.gravatar.com\/avatar\/eda381c845527cc5d64c13b901833cda29d97500ba040d3e6461f76f51d163bb?s=96&d=mm&r=g\",\"caption\":\"Paula Silva\"}}]}<\/script>\n<!-- \/ Yoast SEO Premium plugin. -->","yoast_head_json":{"title":"Flamengo: a declara\u00e7\u00e3o de Zico direcionada a Filipe Lu\u00eds","robots":{"index":"index","follow":"follow","max-snippet":"max-snippet:-1","max-image-preview":"max-image-preview:large","max-video-preview":"max-video-preview:-1"},"canonical":"https:\/\/www.gaveanews.com\/index.php\/2025\/02\/03\/flamengo-a-declaracao-de-zico-direcionada-a-filipe-luis-2\/","og_locale":"pt_BR","og_type":"article","og_title":"Flamengo: a declara\u00e7\u00e3o de Zico direcionada a Filipe Lu\u00eds","og_description":"No \u00faltimo domingo (2), o Flamengo venceu o Botafogo por 3 a 1, na decis\u00e3o da Supercopa do Brasil, e saiu com o t\u00edtulo da competi\u00e7\u00e3o, se consagrando tricampe\u00e3o. A equipe comandada por Filipe Lu\u00eds foi totalmente dominante ao advers\u00e1rio, e como consequ\u00eancia, venceu o jogo sem dificuldades, com dois gols de Bruno Henrique e [&hellip;]","og_url":"https:\/\/www.gaveanews.com\/index.php\/2025\/02\/03\/flamengo-a-declaracao-de-zico-direcionada-a-filipe-luis-2\/","og_site_name":"G\u00e1vea News","article_publisher":"https:\/\/facebook.com\/gaveaNews\/","article_published_time":"2025-02-04T02:00:00+00:00","og_image":[{"width":742,"height":493,"url":"https:\/\/www.gaveanews.com\/wp-content\/uploads\/Filipe-Luis-durante-jogo-entre-Flamengo-e-Corinthians-pela-semifinal-da-Copa-do-Brasil-no-Maracana.webp","type":"image\/jpeg"}],"author":"Paula Silva","twitter_card":"summary_large_image","twitter_misc":{"Escrito por":"Paula Silva","Est. tempo de leitura":"3 minutos"},"schema":{"@context":"https:\/\/schema.org","@graph":[{"@type":"NewsArticle","@id":"https:\/\/www.gaveanews.com\/index.php\/2025\/02\/03\/flamengo-a-declaracao-de-zico-direcionada-a-filipe-luis-2\/#article","isPartOf":{"@id":"https:\/\/www.gaveanews.com\/index.php\/2025\/02\/03\/flamengo-a-declaracao-de-zico-direcionada-a-filipe-luis-2\/"},"author":{"name":"Paula Silva","@id":"https:\/\/www.gaveanews.com\/#\/schema\/person\/daf63eec72e1164eb13dc35096c2b8da"},"headline":"Flamengo: a declara\u00e7\u00e3o de Zico direcionada a Filipe Lu\u00eds","datePublished":"2025-02-04T02:00:00+00:00","mainEntityOfPage":{"@id":"https:\/\/www.gaveanews.com\/index.php\/2025\/02\/03\/flamengo-a-declaracao-de-zico-direcionada-a-filipe-luis-2\/"},"wordCount":374,"commentCount":0,"image":{"@id":"https:\/\/www.gaveanews.com\/index.php\/2025\/02\/03\/flamengo-a-declaracao-de-zico-direcionada-a-filipe-luis-2\/#primaryimage"},"thumbnailUrl":"https:\/\/www.gaveanews.com\/wp-content\/uploads\/Filipe-Luis-durante-jogo-entre-Flamengo-e-Corinthians-pela-semifinal-da-Copa-do-Brasil-no-Maracana.webp","articleSection":["Flamengo"],"inLanguage":"pt-BR","potentialAction":[{"@type":"CommentAction","name":"Comment","target":["https:\/\/www.gaveanews.com\/index.php\/2025\/02\/03\/flamengo-a-declaracao-de-zico-direcionada-a-filipe-luis-2\/#respond"]}],"copyrightYear":"2025","copyrightHolder":{"@id":"https:\/\/www.gaveanews.com\/#organization"}},{"@type":"WebPage","@id":"https:\/\/www.gaveanews.com\/index.php\/2025\/02\/03\/flamengo-a-declaracao-de-zico-direcionada-a-filipe-luis-2\/","url":"https:\/\/www.gaveanews.com\/index.php\/2025\/02\/03\/flamengo-a-declaracao-de-zico-direcionada-a-filipe-luis-2\/","name":"Flamengo: a declara\u00e7\u00e3o de Zico direcionada a Filipe Lu\u00eds","isPartOf":{"@id":"https:\/\/www.gaveanews.com\/#website"},"primaryImageOfPage":{"@id":"https:\/\/www.gaveanews.com\/index.php\/2025\/02\/03\/flamengo-a-declaracao-de-zico-direcionada-a-filipe-luis-2\/#primaryimage"},"image":{"@id":"https:\/\/www.gaveanews.com\/index.php\/2025\/02\/03\/flamengo-a-declaracao-de-zico-direcionada-a-filipe-luis-2\/#primaryimage"},"thumbnailUrl":"https:\/\/www.gaveanews.com\/wp-content\/uploads\/Filipe-Luis-durante-jogo-entre-Flamengo-e-Corinthians-pela-semifinal-da-Copa-do-Brasil-no-Maracana.webp","datePublished":"2025-02-04T02:00:00+00:00","author":{"@id":"https:\/\/www.gaveanews.com\/#\/schema\/person\/daf63eec72e1164eb13dc35096c2b8da"},"breadcrumb":{"@id":"https:\/\/www.gaveanews.com\/index.php\/2025\/02\/03\/flamengo-a-declaracao-de-zico-direcionada-a-filipe-luis-2\/#breadcrumb"},"inLanguage":"pt-BR","potentialAction":[{"@type":"ReadAction","target":["https:\/\/www.gaveanews.com\/index.php\/2025\/02\/03\/flamengo-a-declaracao-de-zico-direcionada-a-filipe-luis-2\/"]}]},{"@type":"ImageObject","inLanguage":"pt-BR","@id":"https:\/\/www.gaveanews.com\/index.php\/2025\/02\/03\/flamengo-a-declaracao-de-zico-direcionada-a-filipe-luis-2\/#primaryimage","url":"https:\/\/www.gaveanews.com\/wp-content\/uploads\/Filipe-Luis-durante-jogo-entre-Flamengo-e-Corinthians-pela-semifinal-da-Copa-do-Brasil-no-Maracana.webp","contentUrl":"https:\/\/www.gaveanews.com\/wp-content\/uploads\/Filipe-Luis-durante-jogo-entre-Flamengo-e-Corinthians-pela-semifinal-da-Copa-do-Brasil-no-Maracana.webp","width":742,"height":493,"caption":"Filipe Lu\u00eds durante jogo entre Flamengo e Corinthians, pela semifinal da Copa do Brasil, no Maracan\u00e3 (Foto: Gilvan de Souza\/Flamengo)"},{"@type":"BreadcrumbList","@id":"https:\/\/www.gaveanews.com\/index.php\/2025\/02\/03\/flamengo-a-declaracao-de-zico-direcionada-a-filipe-luis-2\/#breadcrumb","itemListElement":[{"@type":"ListItem","position":1,"name":"Home","item":"https:\/\/www.gaveanews.com\/"},{"@type":"ListItem","position":2,"name":"Flamengo: a declara\u00e7\u00e3o de Zico direcionada a Filipe Lu\u00eds"}]},{"@type":"WebSite","@id":"https:\/\/www.gaveanews.com\/#website","url":"https:\/\/www.gaveanews.com\/","name":"G\u00e1vea News","description":"Veja todas as not\u00edcias sobre o Flamengo: Contrata\u00e7\u00f5es, categorias de base, resultados das partidas, tabela de classifica\u00e7\u00e3o, pr\u00f3ximos jogos!","potentialAction":[{"@type":"SearchAction","target":{"@type":"EntryPoint","urlTemplate":"https:\/\/www.gaveanews.com\/?s={search_term_string}"},"query-input":{"@type":"PropertyValueSpecification","valueRequired":true,"valueName":"search_term_string"}}],"inLanguage":"pt-BR"},{"@type":"Person","@id":"https:\/\/www.gaveanews.com\/#\/schema\/person\/daf63eec72e1164eb13dc35096c2b8da","name":"Paula Silva","image":{"@type":"ImageObject","inLanguage":"pt-BR","@id":"https:\/\/www.gaveanews.com\/#\/schema\/person\/image\/","url":"https:\/\/secure.gravatar.com\/avatar\/eda381c845527cc5d64c13b901833cda29d97500ba040d3e6461f76f51d163bb?s=96&d=mm&r=g","contentUrl":"https:\/\/secure.gravatar.com\/avatar\/eda381c845527cc5d64c13b901833cda29d97500ba040d3e6461f76f51d163bb?s=96&d=mm&r=g","caption":"Paula Silva"}}]}},"_links":{"self":[{"href":"https:\/\/www.gaveanews.com\/index.php\/wp-json\/wp\/v2\/posts\/222672","targetHints":{"allow":["GET"]}}],"collection":[{"href":"https:\/\/www.gaveanews.com\/index.php\/wp-json\/wp\/v2\/posts"}],"about":[{"href":"https:\/\/www.gaveanews.com\/index.php\/wp-json\/wp\/v2\/types\/post"}],"author":[{"embeddable":true,"href":"https:\/\/www.gaveanews.com\/index.php\/wp-json\/wp\/v2\/users\/18"}],"replies":[{"embeddable":true,"href":"https:\/\/www.gaveanews.com\/index.php\/wp-json\/wp\/v2\/comments?post=222672"}],"version-history":[{"count":1,"href":"https:\/\/www.gaveanews.com\/index.php\/wp-json\/wp\/v2\/posts\/222672\/revisions"}],"predecessor-version":[{"id":222707,"href":"https:\/\/www.gaveanews.com\/index.php\/wp-json\/wp\/v2\/posts\/222672\/revisions\/222707"}],"wp:featuredmedia":[{"embeddable":true,"href":"https:\/\/www.gaveanews.com\/index.php\/wp-json\/wp\/v2\/media\/171103"}],"wp:attachment":[{"href":"https:\/\/www.gaveanews.com\/index.php\/wp-json\/wp\/v2\/media?parent=222672"}],"wp:term":[{"taxonomy":"category","embeddable":true,"href":"https:\/\/www.gaveanews.com\/index.php\/wp-json\/wp\/v2\/categories?post=222672"},{"taxonomy":"post_tag","embeddable":true,"href":"https:\/\/www.gaveanews.com\/index.php\/wp-json\/wp\/v2\/tags?post=222672"}],"curies":[{"name":"wp","href":"https:\/\/api.w.org\/{rel}","templated":true}]}}