{"id":222782,"date":"2025-02-04T05:25:00","date_gmt":"2025-02-04T08:25:00","guid":{"rendered":"https:\/\/www.gaveanews.com\/?p=222782"},"modified":"2025-02-04T01:26:33","modified_gmt":"2025-02-04T04:26:33","slug":"recado-para-estevao-campeoes-do-sec-21-e-jogadores-que-sairam-as-ultimas-noticias-do-palmeiras","status":"publish","type":"post","link":"https:\/\/www.gaveanews.com\/index.php\/2025\/02\/04\/recado-para-estevao-campeoes-do-sec-21-e-jogadores-que-sairam-as-ultimas-noticias-do-palmeiras\/","title":{"rendered":"Recado para Est\u00eav\u00e3o, campe\u00f5es do S\u00e9c.21 e jogadores que sa\u00edram: as \u00faltimas not\u00edcias do Palmeiras"},"content":{"rendered":"\n<p>Nas \u00faltimas horas, o foco das not\u00edcias sobre o Palmeiras se concentram nos bastidores do<br>clube, com destaques do dia a dia do time.<\/p>\n\n\n\n<p>Por conta deste contexto, leia abaixo um resumo preparado pela equipe do portal G\u00e1vea News para lhe manter muito bem informado!<\/p>\n\n\n\n<h2 class=\"wp-block-heading\" id=\"h-jogadores-que-sairam\">Jogadores que sa\u00edram <\/h2>\n\n\n\n<p>Ap\u00f3s uma temporada abaixo das expectativas, o Palmeiras passou por uma reformula\u00e7\u00e3o no elenco, resultando na sa\u00edda de v\u00e1rios jogadores importantes. Entre eles, Rony, que quase foi para o Al-Rayyan, mas pode acabar em um clube brasileiro, e Dudu, que finalmente concretizou sua ida ao Cruzeiro ap\u00f3s uma tentativa frustrada no ano anterior. L\u00e1zaro, que n\u00e3o conseguiu se firmar no time, retornou ao Almer\u00eda, da Espanha, ap\u00f3s o fim do seu contrato de empr\u00e9stimo <strong><a href=\"https:\/\/www.gaveanews.com\/index.php\/2025\/02\/03\/vitor-reis-ze-rafael-gabriel-menino-lazaro-dudu-rony-os-jogadores-que-deixaram-o-palmeiras-em-2025\/\">(leia a mat\u00e9ria completa).<\/a><\/strong><\/p>\n\n\n\n<figure class=\"wp-block-image size-full\"><img loading=\"lazy\" decoding=\"async\" width=\"734\" height=\"800\" src=\"http:\/\/www.gaveanews.com\/wp-content\/uploads\/dudu-palmeiras.webp\" alt=\"\" class=\"wp-image-91497\" srcset=\"https:\/\/www.gaveanews.com\/wp-content\/uploads\/dudu-palmeiras.webp 734w, https:\/\/www.gaveanews.com\/wp-content\/uploads\/dudu-palmeiras-275x300.webp 275w, https:\/\/www.gaveanews.com\/wp-content\/uploads\/dudu-palmeiras-385x420.webp 385w, https:\/\/www.gaveanews.com\/wp-content\/uploads\/dudu-palmeiras-640x698.webp 640w, https:\/\/www.gaveanews.com\/wp-content\/uploads\/dudu-palmeiras-681x742.webp 681w, https:\/\/www.gaveanews.com\/wp-content\/uploads\/dudu-palmeiras-100x109.webp 100w\" sizes=\"auto, (max-width: 734px) 100vw, 734px\" \/><figcaption class=\"wp-element-caption\">Dudu em partida do Palmeiras (Foto: Cesar Greco\/Palmeiras)<\/figcaption><\/figure>\n\n\n\n<p>Outra movimenta\u00e7\u00e3o significativa foi a ida de Gabriel Menino para o Atl\u00e9tico-MG, como parte da negocia\u00e7\u00e3o pela contrata\u00e7\u00e3o de Paulinho, que envolveu tamb\u00e9m o jogador Patrick e um pagamento de R$ 115 milh\u00f5es. <\/p>\n\n\n\n<p>Z\u00e9 Rafael, no clube desde 2019, est\u00e1 pr\u00f3ximo de se transferir para o Santos, alinhado ao interesse das duas diretorias e do pr\u00f3prio atleta. Essas mudan\u00e7as fazem parte da estrat\u00e9gia do Palmeiras para renovar o elenco e buscar melhores resultados na pr\u00f3xima temporada.<\/p>\n\n\n\n<p>A maior transa\u00e7\u00e3o foi a venda do jovem zagueiro Vitor Reis para o Manchester City por 35 milh\u00f5es de euros (cerca de R$ 219 milh\u00f5es), uma negocia\u00e7\u00e3o que refor\u00e7a a pol\u00edtica do clube de valorizar seus ativos no mercado internacional. Com essa reformula\u00e7\u00e3o, o Palmeiras busca reestruturar seu time para voltar a competir em alto n\u00edvel nas principais competi\u00e7\u00f5es nacionais e internacionais.<\/p>\n\n\n\n<h2 class=\"wp-block-heading\" id=\"h-campeoes-do-sec-21\">Campe\u00f5es do S\u00e9c.21<\/h2>\n\n\n\n<p>O Flamengo consolidou sua posi\u00e7\u00e3o como o clube brasileiro com mais t\u00edtulos no s\u00e9culo 21 ao conquistar a Supercopa do Brasil, somando agora 26 trof\u00e9us desde 2001. A equipe carioca lidera com folga o ranking nacional, superando Fortaleza, Cruzeiro e Internacional, que possuem 18 t\u00edtulos cada. Al\u00e9m das conquistas estaduais, o Rubro-Negro se destaca internacionalmente, tendo vencido duas Libertadores, tr\u00eas Campeonatos Brasileiros, quatro Copas do Brasil, tr\u00eas Supercopas do Brasil e uma Recopa Sul-Americana<strong><a href=\"https:\/\/www.gaveanews.com\/index.php\/2025\/02\/03\/flamengo-lidera-ranking-de-clubes-brasileiros-com-mais-titulos-no-seculo-21-veja\/\"> (leia a mat\u00e9ria completa).<\/a><\/strong><\/p>\n\n\n\n<figure class=\"wp-block-image size-full\"><img loading=\"lazy\" decoding=\"async\" width=\"984\" height=\"656\" src=\"http:\/\/www.gaveanews.com\/wp-content\/uploads\/trofeu-brasileirao.webp\" alt=\"\" class=\"wp-image-110475\" srcset=\"https:\/\/www.gaveanews.com\/wp-content\/uploads\/trofeu-brasileirao.webp 984w, https:\/\/www.gaveanews.com\/wp-content\/uploads\/trofeu-brasileirao-300x200.webp 300w, https:\/\/www.gaveanews.com\/wp-content\/uploads\/trofeu-brasileirao-768x512.webp 768w, https:\/\/www.gaveanews.com\/wp-content\/uploads\/trofeu-brasileirao-630x420.webp 630w, https:\/\/www.gaveanews.com\/wp-content\/uploads\/trofeu-brasileirao-640x427.webp 640w, https:\/\/www.gaveanews.com\/wp-content\/uploads\/trofeu-brasileirao-681x454.webp 681w, https:\/\/www.gaveanews.com\/wp-content\/uploads\/trofeu-brasileirao-100x67.webp 100w\" sizes=\"auto, (max-width: 984px) 100vw, 984px\" \/><figcaption class=\"wp-element-caption\">Trof\u00e9u do Brasileir\u00e3o (Foto: Lucas Figueiredo\/ CBF)<\/figcaption><\/figure>\n\n\n\n<p>Com um elenco forte e estruturado, o Flamengo ainda tem chances de ampliar essa marca em 2025, pois disputa mais cinco torneios ao longo do ano: Campeonato Carioca, Brasileir\u00e3o, Copa do Brasil, Libertadores e Super Mundial de Clubes. Nos \u00faltimos anos, o clube tem se mantido como protagonista em diversas competi\u00e7\u00f5es, gra\u00e7as a uma gest\u00e3o eficiente e investimentos estrat\u00e9gicos, consolidando-se como a principal pot\u00eancia do futebol brasileiro na atualidade.<\/p>\n\n\n\n<p>O ranking atualizado dos clubes com mais t\u00edtulos no s\u00e9culo 21 coloca Flamengo no topo, seguido por Fortaleza, Cruzeiro e Internacional (18), Atl\u00e9tico-MG, Corinthians e Paysandu (17), Palmeiras (16) e Cuiab\u00e1 e Gr\u00eamio (15). Dessa forma, o dom\u00ednio rubro-negro se mant\u00e9m evidente, e a tend\u00eancia \u00e9 que o clube continue ampliando sua cole\u00e7\u00e3o de trof\u00e9us nos pr\u00f3ximos anos.<\/p>\n\n\n\n<h2 class=\"wp-block-heading\" id=\"h-recado-para-estevao\">Recado para Est\u00eav\u00e3o<\/h2>\n\n\n\n<p>O ex-vice-presidente do Cruzeiro, Bruno Vicintin, lamentou publicamente a perda de duas promessas formadas no clube: Est\u00eav\u00e3o, atualmente no Palmeiras, e Vitor Roque, que se transferiu para o Barcelona. Segundo Vicintin, as negocia\u00e7\u00f5es envolvendo os dois jogadores somaram mais de 100 milh\u00f5es de euros, valor que poderia ter sido aproveitado pelo Cruzeiro para fortalecer sua estrutura e elenco. Ele relembrou a disputa do clube mineiro com o Santos para manter Est\u00eav\u00e3o, que acabou sendo vendido ao Palmeiras por um valor significativo antes de ser negociado com o Chelsea <strong><a href=\"https:\/\/www.gaveanews.com\/index.php\/2025\/02\/03\/a-declaracao-de-bruno-vicintin-direcionada-a-estevao-do-palmeiras-e-vitor-roque-do-barcelona\/\">(leia a mat\u00e9ria completa).<\/a><\/strong><\/p>\n\n\n\n<figure class=\"wp-block-image size-full\"><img loading=\"lazy\" decoding=\"async\" width=\"1024\" height=\"576\" src=\"http:\/\/www.gaveanews.com\/wp-content\/uploads\/O-jogador-Estevao-da-SE-Palmeiras-comemora-seu-contra-a-equipe-do-Botafogo-FC-durante-partida-valida-pela-terceira-fase-da-Copa-do-Brasil-na-arena-Allianz-Parque-1024x576-1.webp\" alt=\"\" class=\"wp-image-141974\" srcset=\"https:\/\/www.gaveanews.com\/wp-content\/uploads\/O-jogador-Estevao-da-SE-Palmeiras-comemora-seu-contra-a-equipe-do-Botafogo-FC-durante-partida-valida-pela-terceira-fase-da-Copa-do-Brasil-na-arena-Allianz-Parque-1024x576-1.webp 1024w, https:\/\/www.gaveanews.com\/wp-content\/uploads\/O-jogador-Estevao-da-SE-Palmeiras-comemora-seu-contra-a-equipe-do-Botafogo-FC-durante-partida-valida-pela-terceira-fase-da-Copa-do-Brasil-na-arena-Allianz-Parque-1024x576-1-300x169.webp 300w, https:\/\/www.gaveanews.com\/wp-content\/uploads\/O-jogador-Estevao-da-SE-Palmeiras-comemora-seu-contra-a-equipe-do-Botafogo-FC-durante-partida-valida-pela-terceira-fase-da-Copa-do-Brasil-na-arena-Allianz-Parque-1024x576-1-768x432.webp 768w, https:\/\/www.gaveanews.com\/wp-content\/uploads\/O-jogador-Estevao-da-SE-Palmeiras-comemora-seu-contra-a-equipe-do-Botafogo-FC-durante-partida-valida-pela-terceira-fase-da-Copa-do-Brasil-na-arena-Allianz-Parque-1024x576-1-747x420.webp 747w, https:\/\/www.gaveanews.com\/wp-content\/uploads\/O-jogador-Estevao-da-SE-Palmeiras-comemora-seu-contra-a-equipe-do-Botafogo-FC-durante-partida-valida-pela-terceira-fase-da-Copa-do-Brasil-na-arena-Allianz-Parque-1024x576-1-640x360.webp 640w, https:\/\/www.gaveanews.com\/wp-content\/uploads\/O-jogador-Estevao-da-SE-Palmeiras-comemora-seu-contra-a-equipe-do-Botafogo-FC-durante-partida-valida-pela-terceira-fase-da-Copa-do-Brasil-na-arena-Allianz-Parque-1024x576-1-681x383.webp 681w, https:\/\/www.gaveanews.com\/wp-content\/uploads\/O-jogador-Estevao-da-SE-Palmeiras-comemora-seu-contra-a-equipe-do-Botafogo-FC-durante-partida-valida-pela-terceira-fase-da-Copa-do-Brasil-na-arena-Allianz-Parque-1024x576-1-1022x576.webp 1022w, https:\/\/www.gaveanews.com\/wp-content\/uploads\/O-jogador-Estevao-da-SE-Palmeiras-comemora-seu-contra-a-equipe-do-Botafogo-FC-durante-partida-valida-pela-terceira-fase-da-Copa-do-Brasil-na-arena-Allianz-Parque-1024x576-1-100x56.webp 100w\" sizes=\"auto, (max-width: 1024px) 100vw, 1024px\" \/><figcaption class=\"wp-element-caption\">O jogador Est\u00eav\u00e3o &#8211; Foto: Cesar Greco\/Palmeiras\/by Canon<\/figcaption><\/figure>\n\n\n\n<p>Al\u00e9m de Est\u00eav\u00e3o, Vitor Roque tamb\u00e9m representou uma perda consider\u00e1vel para o Cruzeiro. O jogador foi vendido ao Athletico-PR por R$ 24 milh\u00f5es, antes de ser negociado com o Barcelona por 40 milh\u00f5es de euros, podendo chegar a 61 milh\u00f5es com b\u00f4nus. Vicintin expressou sua frustra\u00e7\u00e3o ao ver o clube perder dois atletas de grande potencial sem obter retorno financeiro \u00e0 altura. Para ele, essas sa\u00eddas s\u00e3o reflexo de uma gest\u00e3o que precisa repensar sua estrat\u00e9gia na valoriza\u00e7\u00e3o de jovens talentos e evitar perdas semelhantes no futuro.<\/p>\n\n\n\n<p>O impacto dessas negocia\u00e7\u00f5es vai al\u00e9m do aspecto financeiro, influenciando tamb\u00e9m o planejamento esportivo do Cruzeiro. Com a sa\u00edda de atletas promissores sem um retorno imediato ao clube, h\u00e1 um alerta sobre a necessidade de melhor estrutura\u00e7\u00e3o das categorias de base e prote\u00e7\u00e3o dos jogadores formados no clube. A torcida espera que a diretoria aprenda com esses epis\u00f3dios e adote medidas para evitar que outras joias da base deixem o clube precocemente, sem que a Raposa possa usufruir plenamente de seus talentos.<\/p>\n","protected":false},"excerpt":{"rendered":"<p>Nas \u00faltimas horas, o foco das not\u00edcias sobre o Palmeiras se concentram nos bastidores doclube, com destaques do dia a dia do time. Por conta deste contexto, leia abaixo um resumo preparado pela equipe do portal G\u00e1vea News para lhe manter muito bem informado! Jogadores que sa\u00edram Ap\u00f3s uma temporada abaixo das expectativas, o Palmeiras [&hellip;]<\/p>\n","protected":false},"author":27,"featured_media":158317,"comment_status":"open","ping_status":"closed","sticky":false,"template":"","format":"standard","meta":{"footnotes":""},"categories":[150],"tags":[],"class_list":["post-222782","post","type-post","status-publish","format-standard","has-post-thumbnail","hentry","category-palmeiras"],"yoast_head":"<!-- This site is optimized with the Yoast SEO Premium plugin v24.2 (Yoast SEO v26.9) - https:\/\/yoast.com\/product\/yoast-seo-premium-wordpress\/ -->\n<title>Recado para Est\u00eav\u00e3o, campe\u00f5es do S\u00e9c.21 e jogadores que sa\u00edram: as \u00faltimas not\u00edcias do Palmeiras<\/title>\n<meta name=\"robots\" content=\"index, follow, max-snippet:-1, max-image-preview:large, max-video-preview:-1\" \/>\n<link rel=\"canonical\" href=\"https:\/\/www.gaveanews.com\/index.php\/2025\/02\/04\/recado-para-estevao-campeoes-do-sec-21-e-jogadores-que-sairam-as-ultimas-noticias-do-palmeiras\/\" \/>\n<meta property=\"og:locale\" content=\"pt_BR\" \/>\n<meta property=\"og:type\" content=\"article\" \/>\n<meta property=\"og:title\" content=\"Recado para Est\u00eav\u00e3o, campe\u00f5es do S\u00e9c.21 e jogadores que sa\u00edram: as \u00faltimas not\u00edcias do Palmeiras\" \/>\n<meta property=\"og:description\" content=\"Nas \u00faltimas horas, o foco das not\u00edcias sobre o Palmeiras se concentram nos bastidores doclube, com destaques do dia a dia do time. Por conta deste contexto, leia abaixo um resumo preparado pela equipe do portal G\u00e1vea News para lhe manter muito bem informado! Jogadores que sa\u00edram Ap\u00f3s uma temporada abaixo das expectativas, o Palmeiras [&hellip;]\" \/>\n<meta property=\"og:url\" content=\"https:\/\/www.gaveanews.com\/index.php\/2025\/02\/04\/recado-para-estevao-campeoes-do-sec-21-e-jogadores-que-sairam-as-ultimas-noticias-do-palmeiras\/\" \/>\n<meta property=\"og:site_name\" content=\"G\u00e1vea News\" \/>\n<meta property=\"article:publisher\" content=\"https:\/\/facebook.com\/gaveaNews\/\" \/>\n<meta property=\"article:published_time\" content=\"2025-02-04T08:25:00+00:00\" \/>\n<meta property=\"og:image\" content=\"https:\/\/www.gaveanews.com\/wp-content\/uploads\/Jogadores-do-Palmeiras-reunidos-durante-partida-da-Copa-do-Brasil-2024.webp\" \/>\n\t<meta property=\"og:image:width\" content=\"1187\" \/>\n\t<meta property=\"og:image:height\" content=\"792\" \/>\n\t<meta property=\"og:image:type\" content=\"image\/webp\" \/>\n<meta name=\"author\" content=\"Matheus Felipe\" \/>\n<meta name=\"twitter:card\" content=\"summary_large_image\" \/>\n<meta name=\"twitter:label1\" content=\"Escrito por\" \/>\n\t<meta name=\"twitter:data1\" content=\"Matheus Felipe\" \/>\n\t<meta name=\"twitter:label2\" content=\"Est. tempo de leitura\" \/>\n\t<meta name=\"twitter:data2\" content=\"5 minutos\" \/>\n<script type=\"application\/ld+json\" class=\"yoast-schema-graph\">{\"@context\":\"https:\/\/schema.org\",\"@graph\":[{\"@type\":\"NewsArticle\",\"@id\":\"https:\/\/www.gaveanews.com\/index.php\/2025\/02\/04\/recado-para-estevao-campeoes-do-sec-21-e-jogadores-que-sairam-as-ultimas-noticias-do-palmeiras\/#article\",\"isPartOf\":{\"@id\":\"https:\/\/www.gaveanews.com\/index.php\/2025\/02\/04\/recado-para-estevao-campeoes-do-sec-21-e-jogadores-que-sairam-as-ultimas-noticias-do-palmeiras\/\"},\"author\":{\"name\":\"Matheus Felipe\",\"@id\":\"https:\/\/www.gaveanews.com\/#\/schema\/person\/8207cd4627f56151707418bfc835b2fb\"},\"headline\":\"Recado para Est\u00eav\u00e3o, campe\u00f5es do S\u00e9c.21 e jogadores que sa\u00edram: as \u00faltimas not\u00edcias do Palmeiras\",\"datePublished\":\"2025-02-04T08:25:00+00:00\",\"mainEntityOfPage\":{\"@id\":\"https:\/\/www.gaveanews.com\/index.php\/2025\/02\/04\/recado-para-estevao-campeoes-do-sec-21-e-jogadores-que-sairam-as-ultimas-noticias-do-palmeiras\/\"},\"wordCount\":858,\"commentCount\":0,\"image\":{\"@id\":\"https:\/\/www.gaveanews.com\/index.php\/2025\/02\/04\/recado-para-estevao-campeoes-do-sec-21-e-jogadores-que-sairam-as-ultimas-noticias-do-palmeiras\/#primaryimage\"},\"thumbnailUrl\":\"https:\/\/www.gaveanews.com\/wp-content\/uploads\/Jogadores-do-Palmeiras-reunidos-durante-partida-da-Copa-do-Brasil-2024.webp\",\"articleSection\":[\"Palmeiras\"],\"inLanguage\":\"pt-BR\",\"potentialAction\":[{\"@type\":\"CommentAction\",\"name\":\"Comment\",\"target\":[\"https:\/\/www.gaveanews.com\/index.php\/2025\/02\/04\/recado-para-estevao-campeoes-do-sec-21-e-jogadores-que-sairam-as-ultimas-noticias-do-palmeiras\/#respond\"]}],\"copyrightYear\":\"2025\",\"copyrightHolder\":{\"@id\":\"https:\/\/www.gaveanews.com\/#organization\"}},{\"@type\":\"WebPage\",\"@id\":\"https:\/\/www.gaveanews.com\/index.php\/2025\/02\/04\/recado-para-estevao-campeoes-do-sec-21-e-jogadores-que-sairam-as-ultimas-noticias-do-palmeiras\/\",\"url\":\"https:\/\/www.gaveanews.com\/index.php\/2025\/02\/04\/recado-para-estevao-campeoes-do-sec-21-e-jogadores-que-sairam-as-ultimas-noticias-do-palmeiras\/\",\"name\":\"Recado para Est\u00eav\u00e3o, campe\u00f5es do S\u00e9c.21 e jogadores que sa\u00edram: as \u00faltimas not\u00edcias do Palmeiras\",\"isPartOf\":{\"@id\":\"https:\/\/www.gaveanews.com\/#website\"},\"primaryImageOfPage\":{\"@id\":\"https:\/\/www.gaveanews.com\/index.php\/2025\/02\/04\/recado-para-estevao-campeoes-do-sec-21-e-jogadores-que-sairam-as-ultimas-noticias-do-palmeiras\/#primaryimage\"},\"image\":{\"@id\":\"https:\/\/www.gaveanews.com\/index.php\/2025\/02\/04\/recado-para-estevao-campeoes-do-sec-21-e-jogadores-que-sairam-as-ultimas-noticias-do-palmeiras\/#primaryimage\"},\"thumbnailUrl\":\"https:\/\/www.gaveanews.com\/wp-content\/uploads\/Jogadores-do-Palmeiras-reunidos-durante-partida-da-Copa-do-Brasil-2024.webp\",\"datePublished\":\"2025-02-04T08:25:00+00:00\",\"author\":{\"@id\":\"https:\/\/www.gaveanews.com\/#\/schema\/person\/8207cd4627f56151707418bfc835b2fb\"},\"breadcrumb\":{\"@id\":\"https:\/\/www.gaveanews.com\/index.php\/2025\/02\/04\/recado-para-estevao-campeoes-do-sec-21-e-jogadores-que-sairam-as-ultimas-noticias-do-palmeiras\/#breadcrumb\"},\"inLanguage\":\"pt-BR\",\"potentialAction\":[{\"@type\":\"ReadAction\",\"target\":[\"https:\/\/www.gaveanews.com\/index.php\/2025\/02\/04\/recado-para-estevao-campeoes-do-sec-21-e-jogadores-que-sairam-as-ultimas-noticias-do-palmeiras\/\"]}]},{\"@type\":\"ImageObject\",\"inLanguage\":\"pt-BR\",\"@id\":\"https:\/\/www.gaveanews.com\/index.php\/2025\/02\/04\/recado-para-estevao-campeoes-do-sec-21-e-jogadores-que-sairam-as-ultimas-noticias-do-palmeiras\/#primaryimage\",\"url\":\"https:\/\/www.gaveanews.com\/wp-content\/uploads\/Jogadores-do-Palmeiras-reunidos-durante-partida-da-Copa-do-Brasil-2024.webp\",\"contentUrl\":\"https:\/\/www.gaveanews.com\/wp-content\/uploads\/Jogadores-do-Palmeiras-reunidos-durante-partida-da-Copa-do-Brasil-2024.webp\",\"width\":1187,\"height\":792,\"caption\":\"Jogadores do Palmeiras reunidos durante partida da Copa do Brasil 2024 (Foto: Reprodu\u00e7\u00e3o\/Palmeiras)\"},{\"@type\":\"BreadcrumbList\",\"@id\":\"https:\/\/www.gaveanews.com\/index.php\/2025\/02\/04\/recado-para-estevao-campeoes-do-sec-21-e-jogadores-que-sairam-as-ultimas-noticias-do-palmeiras\/#breadcrumb\",\"itemListElement\":[{\"@type\":\"ListItem\",\"position\":1,\"name\":\"Home\",\"item\":\"https:\/\/www.gaveanews.com\/\"},{\"@type\":\"ListItem\",\"position\":2,\"name\":\"Recado para Est\u00eav\u00e3o, campe\u00f5es do S\u00e9c.21 e jogadores que sa\u00edram: as \u00faltimas not\u00edcias do Palmeiras\"}]},{\"@type\":\"WebSite\",\"@id\":\"https:\/\/www.gaveanews.com\/#website\",\"url\":\"https:\/\/www.gaveanews.com\/\",\"name\":\"G\u00e1vea News\",\"description\":\"Veja todas as not\u00edcias sobre o Flamengo: Contrata\u00e7\u00f5es, categorias de base, resultados das partidas, tabela de classifica\u00e7\u00e3o, pr\u00f3ximos jogos!\",\"potentialAction\":[{\"@type\":\"SearchAction\",\"target\":{\"@type\":\"EntryPoint\",\"urlTemplate\":\"https:\/\/www.gaveanews.com\/?s={search_term_string}\"},\"query-input\":{\"@type\":\"PropertyValueSpecification\",\"valueRequired\":true,\"valueName\":\"search_term_string\"}}],\"inLanguage\":\"pt-BR\"},{\"@type\":\"Person\",\"@id\":\"https:\/\/www.gaveanews.com\/#\/schema\/person\/8207cd4627f56151707418bfc835b2fb\",\"name\":\"Matheus Felipe\",\"image\":{\"@type\":\"ImageObject\",\"inLanguage\":\"pt-BR\",\"@id\":\"https:\/\/www.gaveanews.com\/#\/schema\/person\/image\/\",\"url\":\"https:\/\/secure.gravatar.com\/avatar\/a452ffbed9130f726358b298bb3a99ce4bd3c5338411f8440e87e14d74c7c087?s=96&d=mm&r=g\",\"contentUrl\":\"https:\/\/secure.gravatar.com\/avatar\/a452ffbed9130f726358b298bb3a99ce4bd3c5338411f8440e87e14d74c7c087?s=96&d=mm&r=g\",\"caption\":\"Matheus Felipe\"}}]}<\/script>\n<!-- \/ Yoast SEO Premium plugin. -->","yoast_head_json":{"title":"Recado para Est\u00eav\u00e3o, campe\u00f5es do S\u00e9c.21 e jogadores que sa\u00edram: as \u00faltimas not\u00edcias do Palmeiras","robots":{"index":"index","follow":"follow","max-snippet":"max-snippet:-1","max-image-preview":"max-image-preview:large","max-video-preview":"max-video-preview:-1"},"canonical":"https:\/\/www.gaveanews.com\/index.php\/2025\/02\/04\/recado-para-estevao-campeoes-do-sec-21-e-jogadores-que-sairam-as-ultimas-noticias-do-palmeiras\/","og_locale":"pt_BR","og_type":"article","og_title":"Recado para Est\u00eav\u00e3o, campe\u00f5es do S\u00e9c.21 e jogadores que sa\u00edram: as \u00faltimas not\u00edcias do Palmeiras","og_description":"Nas \u00faltimas horas, o foco das not\u00edcias sobre o Palmeiras se concentram nos bastidores doclube, com destaques do dia a dia do time. Por conta deste contexto, leia abaixo um resumo preparado pela equipe do portal G\u00e1vea News para lhe manter muito bem informado! Jogadores que sa\u00edram Ap\u00f3s uma temporada abaixo das expectativas, o Palmeiras [&hellip;]","og_url":"https:\/\/www.gaveanews.com\/index.php\/2025\/02\/04\/recado-para-estevao-campeoes-do-sec-21-e-jogadores-que-sairam-as-ultimas-noticias-do-palmeiras\/","og_site_name":"G\u00e1vea News","article_publisher":"https:\/\/facebook.com\/gaveaNews\/","article_published_time":"2025-02-04T08:25:00+00:00","og_image":[{"width":1187,"height":792,"url":"https:\/\/www.gaveanews.com\/wp-content\/uploads\/Jogadores-do-Palmeiras-reunidos-durante-partida-da-Copa-do-Brasil-2024.webp","type":"image\/webp"}],"author":"Matheus Felipe","twitter_card":"summary_large_image","twitter_misc":{"Escrito por":"Matheus Felipe","Est. tempo de leitura":"5 minutos"},"schema":{"@context":"https:\/\/schema.org","@graph":[{"@type":"NewsArticle","@id":"https:\/\/www.gaveanews.com\/index.php\/2025\/02\/04\/recado-para-estevao-campeoes-do-sec-21-e-jogadores-que-sairam-as-ultimas-noticias-do-palmeiras\/#article","isPartOf":{"@id":"https:\/\/www.gaveanews.com\/index.php\/2025\/02\/04\/recado-para-estevao-campeoes-do-sec-21-e-jogadores-que-sairam-as-ultimas-noticias-do-palmeiras\/"},"author":{"name":"Matheus Felipe","@id":"https:\/\/www.gaveanews.com\/#\/schema\/person\/8207cd4627f56151707418bfc835b2fb"},"headline":"Recado para Est\u00eav\u00e3o, campe\u00f5es do S\u00e9c.21 e jogadores que sa\u00edram: as \u00faltimas not\u00edcias do Palmeiras","datePublished":"2025-02-04T08:25:00+00:00","mainEntityOfPage":{"@id":"https:\/\/www.gaveanews.com\/index.php\/2025\/02\/04\/recado-para-estevao-campeoes-do-sec-21-e-jogadores-que-sairam-as-ultimas-noticias-do-palmeiras\/"},"wordCount":858,"commentCount":0,"image":{"@id":"https:\/\/www.gaveanews.com\/index.php\/2025\/02\/04\/recado-para-estevao-campeoes-do-sec-21-e-jogadores-que-sairam-as-ultimas-noticias-do-palmeiras\/#primaryimage"},"thumbnailUrl":"https:\/\/www.gaveanews.com\/wp-content\/uploads\/Jogadores-do-Palmeiras-reunidos-durante-partida-da-Copa-do-Brasil-2024.webp","articleSection":["Palmeiras"],"inLanguage":"pt-BR","potentialAction":[{"@type":"CommentAction","name":"Comment","target":["https:\/\/www.gaveanews.com\/index.php\/2025\/02\/04\/recado-para-estevao-campeoes-do-sec-21-e-jogadores-que-sairam-as-ultimas-noticias-do-palmeiras\/#respond"]}],"copyrightYear":"2025","copyrightHolder":{"@id":"https:\/\/www.gaveanews.com\/#organization"}},{"@type":"WebPage","@id":"https:\/\/www.gaveanews.com\/index.php\/2025\/02\/04\/recado-para-estevao-campeoes-do-sec-21-e-jogadores-que-sairam-as-ultimas-noticias-do-palmeiras\/","url":"https:\/\/www.gaveanews.com\/index.php\/2025\/02\/04\/recado-para-estevao-campeoes-do-sec-21-e-jogadores-que-sairam-as-ultimas-noticias-do-palmeiras\/","name":"Recado para Est\u00eav\u00e3o, campe\u00f5es do S\u00e9c.21 e jogadores que sa\u00edram: as \u00faltimas not\u00edcias do Palmeiras","isPartOf":{"@id":"https:\/\/www.gaveanews.com\/#website"},"primaryImageOfPage":{"@id":"https:\/\/www.gaveanews.com\/index.php\/2025\/02\/04\/recado-para-estevao-campeoes-do-sec-21-e-jogadores-que-sairam-as-ultimas-noticias-do-palmeiras\/#primaryimage"},"image":{"@id":"https:\/\/www.gaveanews.com\/index.php\/2025\/02\/04\/recado-para-estevao-campeoes-do-sec-21-e-jogadores-que-sairam-as-ultimas-noticias-do-palmeiras\/#primaryimage"},"thumbnailUrl":"https:\/\/www.gaveanews.com\/wp-content\/uploads\/Jogadores-do-Palmeiras-reunidos-durante-partida-da-Copa-do-Brasil-2024.webp","datePublished":"2025-02-04T08:25:00+00:00","author":{"@id":"https:\/\/www.gaveanews.com\/#\/schema\/person\/8207cd4627f56151707418bfc835b2fb"},"breadcrumb":{"@id":"https:\/\/www.gaveanews.com\/index.php\/2025\/02\/04\/recado-para-estevao-campeoes-do-sec-21-e-jogadores-que-sairam-as-ultimas-noticias-do-palmeiras\/#breadcrumb"},"inLanguage":"pt-BR","potentialAction":[{"@type":"ReadAction","target":["https:\/\/www.gaveanews.com\/index.php\/2025\/02\/04\/recado-para-estevao-campeoes-do-sec-21-e-jogadores-que-sairam-as-ultimas-noticias-do-palmeiras\/"]}]},{"@type":"ImageObject","inLanguage":"pt-BR","@id":"https:\/\/www.gaveanews.com\/index.php\/2025\/02\/04\/recado-para-estevao-campeoes-do-sec-21-e-jogadores-que-sairam-as-ultimas-noticias-do-palmeiras\/#primaryimage","url":"https:\/\/www.gaveanews.com\/wp-content\/uploads\/Jogadores-do-Palmeiras-reunidos-durante-partida-da-Copa-do-Brasil-2024.webp","contentUrl":"https:\/\/www.gaveanews.com\/wp-content\/uploads\/Jogadores-do-Palmeiras-reunidos-durante-partida-da-Copa-do-Brasil-2024.webp","width":1187,"height":792,"caption":"Jogadores do Palmeiras reunidos durante partida da Copa do Brasil 2024 (Foto: Reprodu\u00e7\u00e3o\/Palmeiras)"},{"@type":"BreadcrumbList","@id":"https:\/\/www.gaveanews.com\/index.php\/2025\/02\/04\/recado-para-estevao-campeoes-do-sec-21-e-jogadores-que-sairam-as-ultimas-noticias-do-palmeiras\/#breadcrumb","itemListElement":[{"@type":"ListItem","position":1,"name":"Home","item":"https:\/\/www.gaveanews.com\/"},{"@type":"ListItem","position":2,"name":"Recado para Est\u00eav\u00e3o, campe\u00f5es do S\u00e9c.21 e jogadores que sa\u00edram: as \u00faltimas not\u00edcias do Palmeiras"}]},{"@type":"WebSite","@id":"https:\/\/www.gaveanews.com\/#website","url":"https:\/\/www.gaveanews.com\/","name":"G\u00e1vea News","description":"Veja todas as not\u00edcias sobre o Flamengo: Contrata\u00e7\u00f5es, categorias de base, resultados das partidas, tabela de classifica\u00e7\u00e3o, pr\u00f3ximos jogos!","potentialAction":[{"@type":"SearchAction","target":{"@type":"EntryPoint","urlTemplate":"https:\/\/www.gaveanews.com\/?s={search_term_string}"},"query-input":{"@type":"PropertyValueSpecification","valueRequired":true,"valueName":"search_term_string"}}],"inLanguage":"pt-BR"},{"@type":"Person","@id":"https:\/\/www.gaveanews.com\/#\/schema\/person\/8207cd4627f56151707418bfc835b2fb","name":"Matheus Felipe","image":{"@type":"ImageObject","inLanguage":"pt-BR","@id":"https:\/\/www.gaveanews.com\/#\/schema\/person\/image\/","url":"https:\/\/secure.gravatar.com\/avatar\/a452ffbed9130f726358b298bb3a99ce4bd3c5338411f8440e87e14d74c7c087?s=96&d=mm&r=g","contentUrl":"https:\/\/secure.gravatar.com\/avatar\/a452ffbed9130f726358b298bb3a99ce4bd3c5338411f8440e87e14d74c7c087?s=96&d=mm&r=g","caption":"Matheus Felipe"}}]}},"_links":{"self":[{"href":"https:\/\/www.gaveanews.com\/index.php\/wp-json\/wp\/v2\/posts\/222782","targetHints":{"allow":["GET"]}}],"collection":[{"href":"https:\/\/www.gaveanews.com\/index.php\/wp-json\/wp\/v2\/posts"}],"about":[{"href":"https:\/\/www.gaveanews.com\/index.php\/wp-json\/wp\/v2\/types\/post"}],"author":[{"embeddable":true,"href":"https:\/\/www.gaveanews.com\/index.php\/wp-json\/wp\/v2\/users\/27"}],"replies":[{"embeddable":true,"href":"https:\/\/www.gaveanews.com\/index.php\/wp-json\/wp\/v2\/comments?post=222782"}],"version-history":[{"count":1,"href":"https:\/\/www.gaveanews.com\/index.php\/wp-json\/wp\/v2\/posts\/222782\/revisions"}],"predecessor-version":[{"id":222785,"href":"https:\/\/www.gaveanews.com\/index.php\/wp-json\/wp\/v2\/posts\/222782\/revisions\/222785"}],"wp:featuredmedia":[{"embeddable":true,"href":"https:\/\/www.gaveanews.com\/index.php\/wp-json\/wp\/v2\/media\/158317"}],"wp:attachment":[{"href":"https:\/\/www.gaveanews.com\/index.php\/wp-json\/wp\/v2\/media?parent=222782"}],"wp:term":[{"taxonomy":"category","embeddable":true,"href":"https:\/\/www.gaveanews.com\/index.php\/wp-json\/wp\/v2\/categories?post=222782"},{"taxonomy":"post_tag","embeddable":true,"href":"https:\/\/www.gaveanews.com\/index.php\/wp-json\/wp\/v2\/tags?post=222782"}],"curies":[{"name":"wp","href":"https:\/\/api.w.org\/{rel}","templated":true}]}}