{"id":222786,"date":"2025-02-04T05:30:00","date_gmt":"2025-02-04T08:30:00","guid":{"rendered":"https:\/\/www.gaveanews.com\/?p=222786"},"modified":"2025-02-04T01:35:25","modified_gmt":"2025-02-04T04:35:25","slug":"declaracao-de-cristiano-ronaldo-criticas-ao-vini-jr-e-novo-dono-de-clube-as-ultimas-noticias-do-real-madrid","status":"publish","type":"post","link":"https:\/\/www.gaveanews.com\/index.php\/2025\/02\/04\/declaracao-de-cristiano-ronaldo-criticas-ao-vini-jr-e-novo-dono-de-clube-as-ultimas-noticias-do-real-madrid\/","title":{"rendered":"Declara\u00e7\u00e3o de Cristiano Ronaldo, cr\u00edticas ao Vini Jr e novo dono de clube: as \u00faltimas not\u00edcias do Real Madrid"},"content":{"rendered":"\n<p>Nas \u00faltimas horas, o foco das not\u00edcias sobre o Real Madrid se concentram nos bastidores do<br>clube, com destaques do dia a dia do time.<\/p>\n\n\n\n<p>Por conta deste contexto, leia abaixo um resumo preparado pela equipe do portal G\u00e1vea News para lhe manter muito bem informado!<\/p>\n\n\n\n<h2 class=\"wp-block-heading\" id=\"h-novo-dono-de-clube\">Novo dono de clube<\/h2>\n\n\n\n<p>Th\u00e1ssilo Soares, representante de Vini Jr, adquiriu a maior parte das a\u00e7\u00f5es da SAF do Athletic, clube mineiro que disputar\u00e1 a S\u00e9rie B do Campeonato Brasileiro em 2025. A compra foi feita por meio da F&amp;P Gest\u00e3o Esportiva, que detinha o controle da sociedade an\u00f4nima. A oficializa\u00e7\u00e3o do neg\u00f3cio ainda depende de tr\u00e2mites burocr\u00e1ticos, mas a transa\u00e7\u00e3o j\u00e1 \u00e9 considerada certa. Uma Assembleia Geral Extraordin\u00e1ria foi agendada para o dia 6 de fevereiro para comunicar os acionistas minorit\u00e1rios sobre a mudan\u00e7a no comando da equipe <strong><a href=\"https:\/\/www.gaveanews.com\/index.php\/2025\/02\/03\/representante-de-vini-jr-do-real-madrid-compra-saf-de-clube-do-brasileirao\/\">(leia a mat\u00e9ria completa).<\/a><\/strong><\/p>\n\n\n\n<figure class=\"wp-block-image size-full\"><img loading=\"lazy\" decoding=\"async\" width=\"593\" height=\"593\" src=\"http:\/\/www.gaveanews.com\/wp-content\/uploads\/vini-jr-selecao-brasileira-cordao.webp\" alt=\"\" class=\"wp-image-131906\" srcset=\"https:\/\/www.gaveanews.com\/wp-content\/uploads\/vini-jr-selecao-brasileira-cordao.webp 593w, https:\/\/www.gaveanews.com\/wp-content\/uploads\/vini-jr-selecao-brasileira-cordao-300x300.webp 300w, https:\/\/www.gaveanews.com\/wp-content\/uploads\/vini-jr-selecao-brasileira-cordao-150x150.webp 150w, https:\/\/www.gaveanews.com\/wp-content\/uploads\/vini-jr-selecao-brasileira-cordao-420x420.webp 420w, https:\/\/www.gaveanews.com\/wp-content\/uploads\/vini-jr-selecao-brasileira-cordao-100x100.webp 100w\" sizes=\"auto, (max-width: 593px) 100vw, 593px\" \/><figcaption class=\"wp-element-caption\">Vini Jr se apresenta \u00e0 Sele\u00e7\u00e3o Brasileira (Foto: Reprodu\u00e7\u00e3o)<\/figcaption><\/figure>\n\n\n\n<p>Com a negocia\u00e7\u00e3o, Th\u00e1ssilo Soares passa a deter 53,5% das a\u00e7\u00f5es do Athletic, tornando-se o maior acionista da SAF, enquanto F\u00e1bio Mineiro mant\u00e9m 10% e segue como diretor de futebol. Al\u00e9m deles, outras empresas e investidores dividem participa\u00e7\u00e3o no clube, como a Tiberis Holding e a Fam\u00edlia Lago de Minas. <\/p>\n\n\n\n<p>A aquisi\u00e7\u00e3o ocorre em meio a uma crise na SAF, com a Tiberis Holding acusando a antiga gest\u00e3o de falta de transpar\u00eancia financeira e questionando a recusa de um investimento de R$ 15 milh\u00f5es que poderia fortalecer a equipe.<\/p>\n\n\n\n<p>O Athletic vive um momento esportivo promissor, liderando o Campeonato Mineiro e perto de garantir vaga nas semifinais. Apesar dos desafios administrativos, o clube tem crescido no cen\u00e1rio nacional e, pela primeira vez, disputar\u00e1 a S\u00e9rie B do Brasileir\u00e3o. A chegada de um novo gestor pode trazer maior estabilidade financeira e estrutural ao time, que busca se consolidar como uma for\u00e7a emergente no futebol brasileiro.<\/p>\n\n\n\n<h2 class=\"wp-block-heading\" id=\"h-criticas-ao-vini-jr\">Cr\u00edticas ao Vini Jr<\/h2>\n\n\n\n<p>Vin\u00edcius J\u00fanior foi alvo de cr\u00edticas da m\u00eddia espanhola ap\u00f3s a derrota do Real Madrid para o Espanyol por 1 a 0, pela 22\u00aa rodada da LaLiga. O jornal <em>Marca<\/em> destacou que, mesmo retornando ao time ap\u00f3s suspens\u00e3o, o brasileiro n\u00e3o conseguiu corresponder \u00e0s expectativas e teve atua\u00e7\u00e3o discreta. Apesar de marcar um belo gol, o lance foi anulado devido a uma falta de Mbapp\u00e9 na jogada. Al\u00e9m disso, a arbitragem foi contestada por n\u00e3o punir uma entrada dura de Carlos Romero em Mbapp\u00e9, que gerou indigna\u00e7\u00e3o entre os torcedores do Real Madrid <strong><a href=\"https:\/\/www.gaveanews.com\/index.php\/2025\/02\/03\/real-madrid-vini-jr-e-alvo-de-criticas-pela-midia-internacional\/\">(leia a mat\u00e9ria completa).<\/a><\/strong><\/p>\n\n\n\n<figure class=\"wp-block-image size-large\"><img loading=\"lazy\" decoding=\"async\" width=\"1024\" height=\"576\" src=\"http:\/\/www.gaveanews.com\/wp-content\/uploads\/vinicius-junior-hat-trick-real-madrid-barcelona-1024x576.webp\" alt=\"\" class=\"wp-image-131354\" srcset=\"https:\/\/www.gaveanews.com\/wp-content\/uploads\/vinicius-junior-hat-trick-real-madrid-barcelona-1024x576.webp 1024w, https:\/\/www.gaveanews.com\/wp-content\/uploads\/vinicius-junior-hat-trick-real-madrid-barcelona-300x169.webp 300w, https:\/\/www.gaveanews.com\/wp-content\/uploads\/vinicius-junior-hat-trick-real-madrid-barcelona-768x432.webp 768w, https:\/\/www.gaveanews.com\/wp-content\/uploads\/vinicius-junior-hat-trick-real-madrid-barcelona-747x420.webp 747w, https:\/\/www.gaveanews.com\/wp-content\/uploads\/vinicius-junior-hat-trick-real-madrid-barcelona-640x360.webp 640w, https:\/\/www.gaveanews.com\/wp-content\/uploads\/vinicius-junior-hat-trick-real-madrid-barcelona-681x383.webp 681w, https:\/\/www.gaveanews.com\/wp-content\/uploads\/vinicius-junior-hat-trick-real-madrid-barcelona-100x56.webp 100w, https:\/\/www.gaveanews.com\/wp-content\/uploads\/vinicius-junior-hat-trick-real-madrid-barcelona.webp 1080w\" sizes=\"auto, (max-width: 1024px) 100vw, 1024px\" \/><figcaption class=\"wp-element-caption\">Vin\u00edcius J\u00fanior comemora gol marcado contra o Barcelona (Foto: Reprodu\u00e7\u00e3o\/Real Madrid)<\/figcaption><\/figure>\n\n\n\n<p>Com a derrota, o time merengue permaneceu com 49 pontos, vendo sua vantagem na lideran\u00e7a diminuir. O Atl\u00e9tico de Madrid chegou a 48 pontos ap\u00f3s vencer o Mallorca por 2 a 0, enquanto o Barcelona ainda tinha um jogo a disputar na rodada. O pr\u00f3ximo compromisso do Real Madrid ser\u00e1 contra o Legan\u00e9s, pela Copa do Rei, em uma partida decisiva para o t\u00e9cnico Carlo Ancelotti, que busca recuperar a confian\u00e7a da equipe ap\u00f3s o rev\u00e9s.<\/p>\n\n\n\n<p>Nos bastidores, Ancelotti solicitou \u00e0 diretoria a contrata\u00e7\u00e3o de um zagueiro devido \u00e0 les\u00e3o de R\u00fcdiger, que deve ficar afastado por at\u00e9 um m\u00eas. No entanto, segundo o portal <em>Defensa Central<\/em>, o clube n\u00e3o planeja refor\u00e7os na atual janela de transfer\u00eancias. Assim, o treinador ter\u00e1 apenas tr\u00eas defensores de origem \u00e0 disposi\u00e7\u00e3o para os pr\u00f3ximos desafios, incluindo o confronto contra o Manchester City pela Liga dos Campe\u00f5es.<\/p>\n\n\n\n<h2 class=\"wp-block-heading\" id=\"h-declaracao-de-cristiano-ronaldo\">Declara\u00e7\u00e3o de Cristiano Ronaldo<\/h2>\n\n\n\n<p>Cristiano Ronaldo, ex-astro do Real Madrid e atualmente no Al-Nassr, fez uma declara\u00e7\u00e3o de apoio a Kylian Mbapp\u00e9, refor\u00e7o do clube merengue. O portugu\u00eas elogiou o talento do atacante franc\u00eas e pediu aos torcedores que o apoiem, destacando a import\u00e2ncia de cuidar de um jogador com tanto potencial. A fala surge em um momento de press\u00e3o sobre Mbapp\u00e9, que enfrentou cr\u00edticas desde sua chegada \u00e0 equipe espanhola <strong><a href=\"https:\/\/www.gaveanews.com\/index.php\/2025\/02\/03\/a-declaracao-de-cristiano-ronaldo-direcionada-a-mbappe-do-real-madrid\/\">(leia a mat\u00e9ria completa).<\/a><\/strong><\/p>\n\n\n\n<figure class=\"wp-block-image size-large\"><img loading=\"lazy\" decoding=\"async\" width=\"1024\" height=\"682\" src=\"http:\/\/www.gaveanews.com\/wp-content\/uploads\/Cristiano-Ronaldo-com-a-camisa-do-Al-Nassr-em-2024-1024x682.webp\" alt=\"\" class=\"wp-image-167469\" srcset=\"https:\/\/www.gaveanews.com\/wp-content\/uploads\/Cristiano-Ronaldo-com-a-camisa-do-Al-Nassr-em-2024-1024x682.webp 1024w, https:\/\/www.gaveanews.com\/wp-content\/uploads\/Cristiano-Ronaldo-com-a-camisa-do-Al-Nassr-em-2024-300x200.webp 300w, https:\/\/www.gaveanews.com\/wp-content\/uploads\/Cristiano-Ronaldo-com-a-camisa-do-Al-Nassr-em-2024-768x512.webp 768w, https:\/\/www.gaveanews.com\/wp-content\/uploads\/Cristiano-Ronaldo-com-a-camisa-do-Al-Nassr-em-2024-630x420.webp 630w, https:\/\/www.gaveanews.com\/wp-content\/uploads\/Cristiano-Ronaldo-com-a-camisa-do-Al-Nassr-em-2024-1260x840.webp 1260w, https:\/\/www.gaveanews.com\/wp-content\/uploads\/Cristiano-Ronaldo-com-a-camisa-do-Al-Nassr-em-2024-640x427.webp 640w, https:\/\/www.gaveanews.com\/wp-content\/uploads\/Cristiano-Ronaldo-com-a-camisa-do-Al-Nassr-em-2024-1280x853.webp 1280w, https:\/\/www.gaveanews.com\/wp-content\/uploads\/Cristiano-Ronaldo-com-a-camisa-do-Al-Nassr-em-2024-681x454.webp 681w, https:\/\/www.gaveanews.com\/wp-content\/uploads\/Cristiano-Ronaldo-com-a-camisa-do-Al-Nassr-em-2024-1362x908.webp 1362w, https:\/\/www.gaveanews.com\/wp-content\/uploads\/Cristiano-Ronaldo-com-a-camisa-do-Al-Nassr-em-2024-100x67.webp 100w, https:\/\/www.gaveanews.com\/wp-content\/uploads\/Cristiano-Ronaldo-com-a-camisa-do-Al-Nassr-em-2024.webp 1397w\" sizes=\"auto, (max-width: 1024px) 100vw, 1024px\" \/><figcaption class=\"wp-element-caption\">Cristiano Ronaldo com a camisa do Al Nassr em 2024 (Foto: Reprodu\u00e7\u00e3o\/Al Nassr)<\/figcaption><\/figure>\n\n\n\n<p>Mbapp\u00e9, que assinou com o Real Madrid sem custos de transfer\u00eancia ap\u00f3s o fim de seu contrato com o PSG, tornou-se a principal contrata\u00e7\u00e3o do clube na temporada. Apesar disso, sua chegada envolveu altos valores em luvas e sal\u00e1rios, com um contrato de cinco anos que ultrapassa R$ 1,2 bilh\u00e3o. Ele recebeu a ic\u00f4nica camisa 7, anteriormente usada por grandes \u00eddolos do clube, incluindo Cristiano Ronaldo.<\/p>\n\n\n\n<p>Ap\u00f3s um in\u00edcio abaixo das expectativas, o franc\u00eas conseguiu se recuperar e vem mostrando sua import\u00e2ncia para o time comandado por Carlo Ancelotti. Em 33 partidas, marcou 21 gols e deu tr\u00eas assist\u00eancias, mantendo uma m\u00e9dia de um gol a cada 128 minutos. A declara\u00e7\u00e3o de Ronaldo refor\u00e7a o respaldo ao atacante, que busca consolidar seu nome na hist\u00f3ria do Real Madrid.<\/p>\n","protected":false},"excerpt":{"rendered":"<p>Nas \u00faltimas horas, o foco das not\u00edcias sobre o Real Madrid se concentram nos bastidores doclube, com destaques do dia a dia do time. Por conta deste contexto, leia abaixo um resumo preparado pela equipe do portal G\u00e1vea News para lhe manter muito bem informado! Novo dono de clube Th\u00e1ssilo Soares, representante de Vini Jr, [&hellip;]<\/p>\n","protected":false},"author":27,"featured_media":115908,"comment_status":"open","ping_status":"closed","sticky":false,"template":"","format":"standard","meta":{"footnotes":""},"categories":[88],"tags":[],"class_list":["post-222786","post","type-post","status-publish","format-standard","has-post-thumbnail","hentry","category-real-madrid"],"yoast_head":"<!-- This site is optimized with the Yoast SEO Premium plugin v24.2 (Yoast SEO v26.9) - https:\/\/yoast.com\/product\/yoast-seo-premium-wordpress\/ -->\n<title>Declara\u00e7\u00e3o de Cristiano Ronaldo, cr\u00edticas ao Vini Jr e novo dono de clube: as \u00faltimas not\u00edcias do Real Madrid<\/title>\n<meta name=\"robots\" content=\"index, follow, max-snippet:-1, max-image-preview:large, max-video-preview:-1\" \/>\n<link rel=\"canonical\" href=\"https:\/\/www.gaveanews.com\/index.php\/2025\/02\/04\/declaracao-de-cristiano-ronaldo-criticas-ao-vini-jr-e-novo-dono-de-clube-as-ultimas-noticias-do-real-madrid\/\" \/>\n<meta property=\"og:locale\" content=\"pt_BR\" \/>\n<meta property=\"og:type\" content=\"article\" \/>\n<meta property=\"og:title\" content=\"Declara\u00e7\u00e3o de Cristiano Ronaldo, cr\u00edticas ao Vini Jr e novo dono de clube: as \u00faltimas not\u00edcias do Real Madrid\" \/>\n<meta property=\"og:description\" content=\"Nas \u00faltimas horas, o foco das not\u00edcias sobre o Real Madrid se concentram nos bastidores doclube, com destaques do dia a dia do time. Por conta deste contexto, leia abaixo um resumo preparado pela equipe do portal G\u00e1vea News para lhe manter muito bem informado! Novo dono de clube Th\u00e1ssilo Soares, representante de Vini Jr, [&hellip;]\" \/>\n<meta property=\"og:url\" content=\"https:\/\/www.gaveanews.com\/index.php\/2025\/02\/04\/declaracao-de-cristiano-ronaldo-criticas-ao-vini-jr-e-novo-dono-de-clube-as-ultimas-noticias-do-real-madrid\/\" \/>\n<meta property=\"og:site_name\" content=\"G\u00e1vea News\" \/>\n<meta property=\"article:publisher\" content=\"https:\/\/facebook.com\/gaveaNews\/\" \/>\n<meta property=\"article:published_time\" content=\"2025-02-04T08:30:00+00:00\" \/>\n<meta property=\"og:image\" content=\"https:\/\/www.gaveanews.com\/wp-content\/uploads\/1668150552493_000_32NB2V9.webp\" \/>\n\t<meta property=\"og:image:width\" content=\"825\" \/>\n\t<meta property=\"og:image:height\" content=\"464\" \/>\n\t<meta property=\"og:image:type\" content=\"image\/jpeg\" \/>\n<meta name=\"author\" content=\"Matheus Felipe\" \/>\n<meta name=\"twitter:card\" content=\"summary_large_image\" \/>\n<meta name=\"twitter:label1\" content=\"Escrito por\" \/>\n\t<meta name=\"twitter:data1\" content=\"Matheus Felipe\" \/>\n\t<meta name=\"twitter:label2\" content=\"Est. tempo de leitura\" \/>\n\t<meta name=\"twitter:data2\" content=\"6 minutos\" \/>\n<script type=\"application\/ld+json\" class=\"yoast-schema-graph\">{\"@context\":\"https:\/\/schema.org\",\"@graph\":[{\"@type\":\"NewsArticle\",\"@id\":\"https:\/\/www.gaveanews.com\/index.php\/2025\/02\/04\/declaracao-de-cristiano-ronaldo-criticas-ao-vini-jr-e-novo-dono-de-clube-as-ultimas-noticias-do-real-madrid\/#article\",\"isPartOf\":{\"@id\":\"https:\/\/www.gaveanews.com\/index.php\/2025\/02\/04\/declaracao-de-cristiano-ronaldo-criticas-ao-vini-jr-e-novo-dono-de-clube-as-ultimas-noticias-do-real-madrid\/\"},\"author\":{\"name\":\"Matheus Felipe\",\"@id\":\"https:\/\/www.gaveanews.com\/#\/schema\/person\/8207cd4627f56151707418bfc835b2fb\"},\"headline\":\"Declara\u00e7\u00e3o de Cristiano Ronaldo, cr\u00edticas ao Vini Jr e novo dono de clube: as \u00faltimas not\u00edcias do Real Madrid\",\"datePublished\":\"2025-02-04T08:30:00+00:00\",\"mainEntityOfPage\":{\"@id\":\"https:\/\/www.gaveanews.com\/index.php\/2025\/02\/04\/declaracao-de-cristiano-ronaldo-criticas-ao-vini-jr-e-novo-dono-de-clube-as-ultimas-noticias-do-real-madrid\/\"},\"wordCount\":871,\"commentCount\":0,\"image\":{\"@id\":\"https:\/\/www.gaveanews.com\/index.php\/2025\/02\/04\/declaracao-de-cristiano-ronaldo-criticas-ao-vini-jr-e-novo-dono-de-clube-as-ultimas-noticias-do-real-madrid\/#primaryimage\"},\"thumbnailUrl\":\"https:\/\/www.gaveanews.com\/wp-content\/uploads\/1668150552493_000_32NB2V9.webp\",\"articleSection\":[\"Real Madrid\"],\"inLanguage\":\"pt-BR\",\"potentialAction\":[{\"@type\":\"CommentAction\",\"name\":\"Comment\",\"target\":[\"https:\/\/www.gaveanews.com\/index.php\/2025\/02\/04\/declaracao-de-cristiano-ronaldo-criticas-ao-vini-jr-e-novo-dono-de-clube-as-ultimas-noticias-do-real-madrid\/#respond\"]}],\"copyrightYear\":\"2025\",\"copyrightHolder\":{\"@id\":\"https:\/\/www.gaveanews.com\/#organization\"}},{\"@type\":\"WebPage\",\"@id\":\"https:\/\/www.gaveanews.com\/index.php\/2025\/02\/04\/declaracao-de-cristiano-ronaldo-criticas-ao-vini-jr-e-novo-dono-de-clube-as-ultimas-noticias-do-real-madrid\/\",\"url\":\"https:\/\/www.gaveanews.com\/index.php\/2025\/02\/04\/declaracao-de-cristiano-ronaldo-criticas-ao-vini-jr-e-novo-dono-de-clube-as-ultimas-noticias-do-real-madrid\/\",\"name\":\"Declara\u00e7\u00e3o de Cristiano Ronaldo, cr\u00edticas ao Vini Jr e novo dono de clube: as \u00faltimas not\u00edcias do Real Madrid\",\"isPartOf\":{\"@id\":\"https:\/\/www.gaveanews.com\/#website\"},\"primaryImageOfPage\":{\"@id\":\"https:\/\/www.gaveanews.com\/index.php\/2025\/02\/04\/declaracao-de-cristiano-ronaldo-criticas-ao-vini-jr-e-novo-dono-de-clube-as-ultimas-noticias-do-real-madrid\/#primaryimage\"},\"image\":{\"@id\":\"https:\/\/www.gaveanews.com\/index.php\/2025\/02\/04\/declaracao-de-cristiano-ronaldo-criticas-ao-vini-jr-e-novo-dono-de-clube-as-ultimas-noticias-do-real-madrid\/#primaryimage\"},\"thumbnailUrl\":\"https:\/\/www.gaveanews.com\/wp-content\/uploads\/1668150552493_000_32NB2V9.webp\",\"datePublished\":\"2025-02-04T08:30:00+00:00\",\"author\":{\"@id\":\"https:\/\/www.gaveanews.com\/#\/schema\/person\/8207cd4627f56151707418bfc835b2fb\"},\"breadcrumb\":{\"@id\":\"https:\/\/www.gaveanews.com\/index.php\/2025\/02\/04\/declaracao-de-cristiano-ronaldo-criticas-ao-vini-jr-e-novo-dono-de-clube-as-ultimas-noticias-do-real-madrid\/#breadcrumb\"},\"inLanguage\":\"pt-BR\",\"potentialAction\":[{\"@type\":\"ReadAction\",\"target\":[\"https:\/\/www.gaveanews.com\/index.php\/2025\/02\/04\/declaracao-de-cristiano-ronaldo-criticas-ao-vini-jr-e-novo-dono-de-clube-as-ultimas-noticias-do-real-madrid\/\"]}]},{\"@type\":\"ImageObject\",\"inLanguage\":\"pt-BR\",\"@id\":\"https:\/\/www.gaveanews.com\/index.php\/2025\/02\/04\/declaracao-de-cristiano-ronaldo-criticas-ao-vini-jr-e-novo-dono-de-clube-as-ultimas-noticias-do-real-madrid\/#primaryimage\",\"url\":\"https:\/\/www.gaveanews.com\/wp-content\/uploads\/1668150552493_000_32NB2V9.webp\",\"contentUrl\":\"https:\/\/www.gaveanews.com\/wp-content\/uploads\/1668150552493_000_32NB2V9.webp\",\"width\":825,\"height\":464,\"caption\":\"Jogadores do Real Madrid comemorando (Foto: Pierre-Philippe Marcou \/ AFP)\"},{\"@type\":\"BreadcrumbList\",\"@id\":\"https:\/\/www.gaveanews.com\/index.php\/2025\/02\/04\/declaracao-de-cristiano-ronaldo-criticas-ao-vini-jr-e-novo-dono-de-clube-as-ultimas-noticias-do-real-madrid\/#breadcrumb\",\"itemListElement\":[{\"@type\":\"ListItem\",\"position\":1,\"name\":\"Home\",\"item\":\"https:\/\/www.gaveanews.com\/\"},{\"@type\":\"ListItem\",\"position\":2,\"name\":\"Declara\u00e7\u00e3o de Cristiano Ronaldo, cr\u00edticas ao Vini Jr e novo dono de clube: as \u00faltimas not\u00edcias do Real Madrid\"}]},{\"@type\":\"WebSite\",\"@id\":\"https:\/\/www.gaveanews.com\/#website\",\"url\":\"https:\/\/www.gaveanews.com\/\",\"name\":\"G\u00e1vea News\",\"description\":\"Veja todas as not\u00edcias sobre o Flamengo: Contrata\u00e7\u00f5es, categorias de base, resultados das partidas, tabela de classifica\u00e7\u00e3o, pr\u00f3ximos jogos!\",\"potentialAction\":[{\"@type\":\"SearchAction\",\"target\":{\"@type\":\"EntryPoint\",\"urlTemplate\":\"https:\/\/www.gaveanews.com\/?s={search_term_string}\"},\"query-input\":{\"@type\":\"PropertyValueSpecification\",\"valueRequired\":true,\"valueName\":\"search_term_string\"}}],\"inLanguage\":\"pt-BR\"},{\"@type\":\"Person\",\"@id\":\"https:\/\/www.gaveanews.com\/#\/schema\/person\/8207cd4627f56151707418bfc835b2fb\",\"name\":\"Matheus Felipe\",\"image\":{\"@type\":\"ImageObject\",\"inLanguage\":\"pt-BR\",\"@id\":\"https:\/\/www.gaveanews.com\/#\/schema\/person\/image\/\",\"url\":\"https:\/\/secure.gravatar.com\/avatar\/a452ffbed9130f726358b298bb3a99ce4bd3c5338411f8440e87e14d74c7c087?s=96&d=mm&r=g\",\"contentUrl\":\"https:\/\/secure.gravatar.com\/avatar\/a452ffbed9130f726358b298bb3a99ce4bd3c5338411f8440e87e14d74c7c087?s=96&d=mm&r=g\",\"caption\":\"Matheus Felipe\"}}]}<\/script>\n<!-- \/ Yoast SEO Premium plugin. -->","yoast_head_json":{"title":"Declara\u00e7\u00e3o de Cristiano Ronaldo, cr\u00edticas ao Vini Jr e novo dono de clube: as \u00faltimas not\u00edcias do Real Madrid","robots":{"index":"index","follow":"follow","max-snippet":"max-snippet:-1","max-image-preview":"max-image-preview:large","max-video-preview":"max-video-preview:-1"},"canonical":"https:\/\/www.gaveanews.com\/index.php\/2025\/02\/04\/declaracao-de-cristiano-ronaldo-criticas-ao-vini-jr-e-novo-dono-de-clube-as-ultimas-noticias-do-real-madrid\/","og_locale":"pt_BR","og_type":"article","og_title":"Declara\u00e7\u00e3o de Cristiano Ronaldo, cr\u00edticas ao Vini Jr e novo dono de clube: as \u00faltimas not\u00edcias do Real Madrid","og_description":"Nas \u00faltimas horas, o foco das not\u00edcias sobre o Real Madrid se concentram nos bastidores doclube, com destaques do dia a dia do time. Por conta deste contexto, leia abaixo um resumo preparado pela equipe do portal G\u00e1vea News para lhe manter muito bem informado! Novo dono de clube Th\u00e1ssilo Soares, representante de Vini Jr, [&hellip;]","og_url":"https:\/\/www.gaveanews.com\/index.php\/2025\/02\/04\/declaracao-de-cristiano-ronaldo-criticas-ao-vini-jr-e-novo-dono-de-clube-as-ultimas-noticias-do-real-madrid\/","og_site_name":"G\u00e1vea News","article_publisher":"https:\/\/facebook.com\/gaveaNews\/","article_published_time":"2025-02-04T08:30:00+00:00","og_image":[{"width":825,"height":464,"url":"https:\/\/www.gaveanews.com\/wp-content\/uploads\/1668150552493_000_32NB2V9.webp","type":"image\/jpeg"}],"author":"Matheus Felipe","twitter_card":"summary_large_image","twitter_misc":{"Escrito por":"Matheus Felipe","Est. tempo de leitura":"6 minutos"},"schema":{"@context":"https:\/\/schema.org","@graph":[{"@type":"NewsArticle","@id":"https:\/\/www.gaveanews.com\/index.php\/2025\/02\/04\/declaracao-de-cristiano-ronaldo-criticas-ao-vini-jr-e-novo-dono-de-clube-as-ultimas-noticias-do-real-madrid\/#article","isPartOf":{"@id":"https:\/\/www.gaveanews.com\/index.php\/2025\/02\/04\/declaracao-de-cristiano-ronaldo-criticas-ao-vini-jr-e-novo-dono-de-clube-as-ultimas-noticias-do-real-madrid\/"},"author":{"name":"Matheus Felipe","@id":"https:\/\/www.gaveanews.com\/#\/schema\/person\/8207cd4627f56151707418bfc835b2fb"},"headline":"Declara\u00e7\u00e3o de Cristiano Ronaldo, cr\u00edticas ao Vini Jr e novo dono de clube: as \u00faltimas not\u00edcias do Real Madrid","datePublished":"2025-02-04T08:30:00+00:00","mainEntityOfPage":{"@id":"https:\/\/www.gaveanews.com\/index.php\/2025\/02\/04\/declaracao-de-cristiano-ronaldo-criticas-ao-vini-jr-e-novo-dono-de-clube-as-ultimas-noticias-do-real-madrid\/"},"wordCount":871,"commentCount":0,"image":{"@id":"https:\/\/www.gaveanews.com\/index.php\/2025\/02\/04\/declaracao-de-cristiano-ronaldo-criticas-ao-vini-jr-e-novo-dono-de-clube-as-ultimas-noticias-do-real-madrid\/#primaryimage"},"thumbnailUrl":"https:\/\/www.gaveanews.com\/wp-content\/uploads\/1668150552493_000_32NB2V9.webp","articleSection":["Real Madrid"],"inLanguage":"pt-BR","potentialAction":[{"@type":"CommentAction","name":"Comment","target":["https:\/\/www.gaveanews.com\/index.php\/2025\/02\/04\/declaracao-de-cristiano-ronaldo-criticas-ao-vini-jr-e-novo-dono-de-clube-as-ultimas-noticias-do-real-madrid\/#respond"]}],"copyrightYear":"2025","copyrightHolder":{"@id":"https:\/\/www.gaveanews.com\/#organization"}},{"@type":"WebPage","@id":"https:\/\/www.gaveanews.com\/index.php\/2025\/02\/04\/declaracao-de-cristiano-ronaldo-criticas-ao-vini-jr-e-novo-dono-de-clube-as-ultimas-noticias-do-real-madrid\/","url":"https:\/\/www.gaveanews.com\/index.php\/2025\/02\/04\/declaracao-de-cristiano-ronaldo-criticas-ao-vini-jr-e-novo-dono-de-clube-as-ultimas-noticias-do-real-madrid\/","name":"Declara\u00e7\u00e3o de Cristiano Ronaldo, cr\u00edticas ao Vini Jr e novo dono de clube: as \u00faltimas not\u00edcias do Real Madrid","isPartOf":{"@id":"https:\/\/www.gaveanews.com\/#website"},"primaryImageOfPage":{"@id":"https:\/\/www.gaveanews.com\/index.php\/2025\/02\/04\/declaracao-de-cristiano-ronaldo-criticas-ao-vini-jr-e-novo-dono-de-clube-as-ultimas-noticias-do-real-madrid\/#primaryimage"},"image":{"@id":"https:\/\/www.gaveanews.com\/index.php\/2025\/02\/04\/declaracao-de-cristiano-ronaldo-criticas-ao-vini-jr-e-novo-dono-de-clube-as-ultimas-noticias-do-real-madrid\/#primaryimage"},"thumbnailUrl":"https:\/\/www.gaveanews.com\/wp-content\/uploads\/1668150552493_000_32NB2V9.webp","datePublished":"2025-02-04T08:30:00+00:00","author":{"@id":"https:\/\/www.gaveanews.com\/#\/schema\/person\/8207cd4627f56151707418bfc835b2fb"},"breadcrumb":{"@id":"https:\/\/www.gaveanews.com\/index.php\/2025\/02\/04\/declaracao-de-cristiano-ronaldo-criticas-ao-vini-jr-e-novo-dono-de-clube-as-ultimas-noticias-do-real-madrid\/#breadcrumb"},"inLanguage":"pt-BR","potentialAction":[{"@type":"ReadAction","target":["https:\/\/www.gaveanews.com\/index.php\/2025\/02\/04\/declaracao-de-cristiano-ronaldo-criticas-ao-vini-jr-e-novo-dono-de-clube-as-ultimas-noticias-do-real-madrid\/"]}]},{"@type":"ImageObject","inLanguage":"pt-BR","@id":"https:\/\/www.gaveanews.com\/index.php\/2025\/02\/04\/declaracao-de-cristiano-ronaldo-criticas-ao-vini-jr-e-novo-dono-de-clube-as-ultimas-noticias-do-real-madrid\/#primaryimage","url":"https:\/\/www.gaveanews.com\/wp-content\/uploads\/1668150552493_000_32NB2V9.webp","contentUrl":"https:\/\/www.gaveanews.com\/wp-content\/uploads\/1668150552493_000_32NB2V9.webp","width":825,"height":464,"caption":"Jogadores do Real Madrid comemorando (Foto: Pierre-Philippe Marcou \/ AFP)"},{"@type":"BreadcrumbList","@id":"https:\/\/www.gaveanews.com\/index.php\/2025\/02\/04\/declaracao-de-cristiano-ronaldo-criticas-ao-vini-jr-e-novo-dono-de-clube-as-ultimas-noticias-do-real-madrid\/#breadcrumb","itemListElement":[{"@type":"ListItem","position":1,"name":"Home","item":"https:\/\/www.gaveanews.com\/"},{"@type":"ListItem","position":2,"name":"Declara\u00e7\u00e3o de Cristiano Ronaldo, cr\u00edticas ao Vini Jr e novo dono de clube: as \u00faltimas not\u00edcias do Real Madrid"}]},{"@type":"WebSite","@id":"https:\/\/www.gaveanews.com\/#website","url":"https:\/\/www.gaveanews.com\/","name":"G\u00e1vea News","description":"Veja todas as not\u00edcias sobre o Flamengo: Contrata\u00e7\u00f5es, categorias de base, resultados das partidas, tabela de classifica\u00e7\u00e3o, pr\u00f3ximos jogos!","potentialAction":[{"@type":"SearchAction","target":{"@type":"EntryPoint","urlTemplate":"https:\/\/www.gaveanews.com\/?s={search_term_string}"},"query-input":{"@type":"PropertyValueSpecification","valueRequired":true,"valueName":"search_term_string"}}],"inLanguage":"pt-BR"},{"@type":"Person","@id":"https:\/\/www.gaveanews.com\/#\/schema\/person\/8207cd4627f56151707418bfc835b2fb","name":"Matheus Felipe","image":{"@type":"ImageObject","inLanguage":"pt-BR","@id":"https:\/\/www.gaveanews.com\/#\/schema\/person\/image\/","url":"https:\/\/secure.gravatar.com\/avatar\/a452ffbed9130f726358b298bb3a99ce4bd3c5338411f8440e87e14d74c7c087?s=96&d=mm&r=g","contentUrl":"https:\/\/secure.gravatar.com\/avatar\/a452ffbed9130f726358b298bb3a99ce4bd3c5338411f8440e87e14d74c7c087?s=96&d=mm&r=g","caption":"Matheus Felipe"}}]}},"_links":{"self":[{"href":"https:\/\/www.gaveanews.com\/index.php\/wp-json\/wp\/v2\/posts\/222786","targetHints":{"allow":["GET"]}}],"collection":[{"href":"https:\/\/www.gaveanews.com\/index.php\/wp-json\/wp\/v2\/posts"}],"about":[{"href":"https:\/\/www.gaveanews.com\/index.php\/wp-json\/wp\/v2\/types\/post"}],"author":[{"embeddable":true,"href":"https:\/\/www.gaveanews.com\/index.php\/wp-json\/wp\/v2\/users\/27"}],"replies":[{"embeddable":true,"href":"https:\/\/www.gaveanews.com\/index.php\/wp-json\/wp\/v2\/comments?post=222786"}],"version-history":[{"count":1,"href":"https:\/\/www.gaveanews.com\/index.php\/wp-json\/wp\/v2\/posts\/222786\/revisions"}],"predecessor-version":[{"id":222787,"href":"https:\/\/www.gaveanews.com\/index.php\/wp-json\/wp\/v2\/posts\/222786\/revisions\/222787"}],"wp:featuredmedia":[{"embeddable":true,"href":"https:\/\/www.gaveanews.com\/index.php\/wp-json\/wp\/v2\/media\/115908"}],"wp:attachment":[{"href":"https:\/\/www.gaveanews.com\/index.php\/wp-json\/wp\/v2\/media?parent=222786"}],"wp:term":[{"taxonomy":"category","embeddable":true,"href":"https:\/\/www.gaveanews.com\/index.php\/wp-json\/wp\/v2\/categories?post=222786"},{"taxonomy":"post_tag","embeddable":true,"href":"https:\/\/www.gaveanews.com\/index.php\/wp-json\/wp\/v2\/tags?post=222786"}],"curies":[{"name":"wp","href":"https:\/\/api.w.org\/{rel}","templated":true}]}}