{"id":222791,"date":"2025-02-04T06:40:00","date_gmt":"2025-02-04T09:40:00","guid":{"rendered":"https:\/\/www.gaveanews.com\/?p=222791"},"modified":"2025-02-04T02:37:15","modified_gmt":"2025-02-04T05:37:15","slug":"decisao-importante-declaracao-de-david-luiz-e-os-jogadores-em-fim-de-contrato-as-ultimas-noticias-do-fortaleza","status":"publish","type":"post","link":"https:\/\/www.gaveanews.com\/index.php\/2025\/02\/04\/decisao-importante-declaracao-de-david-luiz-e-os-jogadores-em-fim-de-contrato-as-ultimas-noticias-do-fortaleza\/","title":{"rendered":"Decis\u00e3o importante, declara\u00e7\u00e3o de David Luiz e os jogadores em fim de contrato: as \u00faltimas not\u00edcias do Fortaleza"},"content":{"rendered":"\n<p>Nas \u00faltimas horas, o foco das not\u00edcias sobre o Fortaleza se concentram nos bastidores do clube, com destaques do dia a dia do time.<\/p>\n\n\n\n<p>Por conta deste contexto, leia abaixo um resumo preparado pela equipe do portal G\u00e1vea News para lhe manter muito bem informado!<\/p>\n\n\n\n<h2 class=\"wp-block-heading\" id=\"h-os-jogadores-em-fim-de-contrato\">Os jogadores em fim de contrato<\/h2>\n\n\n\n<p>O Fortaleza iniciou a temporada monitorando atentamente o elenco, avaliando poss\u00edveis renova\u00e7\u00f5es e movimenta\u00e7\u00f5es no mercado. Com o Campeonato Estadual em andamento, a diretoria trabalha junto \u00e0 comiss\u00e3o t\u00e9cnica para definir quais jogadores permanecer\u00e3o no clube. Nesse cen\u00e1rio, diversos atletas est\u00e3o em fim de contrato, o que abre espa\u00e7o para negocia\u00e7\u00f5es e poss\u00edveis mudan\u00e7as no plantel at\u00e9 o final do ano <strong><a href=\"https:\/\/www.gaveanews.com\/index.php\/2025\/01\/25\/pochettino-gaston-avila-britez-pikachu-renato-kayzer-marinho-thiago-galhardo-lucas-sasha-e-titi-os-jogadores-do-fortaleza-em-fim-de-contrato\/\">(leia a mat\u00e9ria completa).<\/a><\/strong><\/p>\n\n\n\n<figure class=\"wp-block-image size-full\"><img loading=\"lazy\" decoding=\"async\" width=\"1024\" height=\"576\" src=\"http:\/\/www.gaveanews.com\/wp-content\/uploads\/Titi-zagueiro-do-Fortaleza.webp\" alt=\"\" class=\"wp-image-166416\" srcset=\"https:\/\/www.gaveanews.com\/wp-content\/uploads\/Titi-zagueiro-do-Fortaleza.webp 1024w, https:\/\/www.gaveanews.com\/wp-content\/uploads\/Titi-zagueiro-do-Fortaleza-300x169.webp 300w, https:\/\/www.gaveanews.com\/wp-content\/uploads\/Titi-zagueiro-do-Fortaleza-768x432.webp 768w, https:\/\/www.gaveanews.com\/wp-content\/uploads\/Titi-zagueiro-do-Fortaleza-747x420.webp 747w, https:\/\/www.gaveanews.com\/wp-content\/uploads\/Titi-zagueiro-do-Fortaleza-640x360.webp 640w, https:\/\/www.gaveanews.com\/wp-content\/uploads\/Titi-zagueiro-do-Fortaleza-681x383.webp 681w, https:\/\/www.gaveanews.com\/wp-content\/uploads\/Titi-zagueiro-do-Fortaleza-1022x576.webp 1022w, https:\/\/www.gaveanews.com\/wp-content\/uploads\/Titi-zagueiro-do-Fortaleza-100x56.webp 100w\" sizes=\"auto, (max-width: 1024px) 100vw, 1024px\" \/><figcaption class=\"wp-element-caption\">Titi, zagueiro do Fortaleza (Foto: Divulga\u00e7\u00e3o\/Fortaleza)<\/figcaption><\/figure>\n\n\n\n<p>Entre os nomes que podem deixar o Fortaleza, destacam-se o zagueiro Titi, o volante Lucas Sasha e o atacante Thiago Galhardo, todos com v\u00ednculos at\u00e9 dezembro de 2025. Al\u00e9m deles, Marinho, Renato Kayzer e Emanuel Br\u00edtez tamb\u00e9m t\u00eam contratos se encerrando no mesmo per\u00edodo, o que pode gerar movimenta\u00e7\u00f5es no mercado. Jogadores como Yago Pikachu, Gast\u00f3n \u00c1vila e Tom\u00e1s Pochettino figuram entre os mais valiosos do elenco, com valores de mercado elevados, tornando sua perman\u00eancia uma quest\u00e3o estrat\u00e9gica para o clube.<\/p>\n\n\n\n<p>A situa\u00e7\u00e3o desses atletas exige aten\u00e7\u00e3o da diretoria, que precisa equilibrar o planejamento financeiro com a manuten\u00e7\u00e3o da competitividade do time. As decis\u00f5es sobre renova\u00e7\u00f5es ou sa\u00eddas depender\u00e3o do desempenho ao longo da temporada e das oportunidades que surgirem no mercado. Enquanto isso, o Fortaleza segue focado em fortalecer seu elenco para alcan\u00e7ar bons resultados nas competi\u00e7\u00f5es que disputa.<\/p>\n\n\n\n<h2 class=\"wp-block-heading\" id=\"h-declaracao-de-david-luiz\">Declara\u00e7\u00e3o de David Luiz<\/h2>\n\n\n\n<p>O zagueiro David Luiz foi apresentado oficialmente pelo Fortaleza na Arena Castel\u00e3o e destacou sua felicidade em vestir a camisa do clube. Durante a coletiva, ele afirmou que, mesmo tendo recebido outras propostas, escolheu o Le\u00e3o do Pici por sentir que era o lugar certo para estar. O defensor, que chega como principal refor\u00e7o para a temporada de 2025, expressou sua ambi\u00e7\u00e3o em conquistar t\u00edtulos e contribuir para o crescimento do time dentro e fora de campo<strong> <a href=\"https:\/\/www.gaveanews.com\/index.php\/2025\/01\/24\/fortaleza-a-declaracao-de-david-luiz-em-sua-apresentacao\/\">(leia a mat\u00e9ria completa).<\/a><\/strong><\/p>\n\n\n\n<figure class=\"wp-block-image size-full\"><img loading=\"lazy\" decoding=\"async\" width=\"565\" height=\"419\" src=\"http:\/\/www.gaveanews.com\/wp-content\/uploads\/David-Luiz-e-apresentado-no-Fortaleza.webp\" alt=\"\" class=\"wp-image-217587\" srcset=\"https:\/\/www.gaveanews.com\/wp-content\/uploads\/David-Luiz-e-apresentado-no-Fortaleza.webp 565w, https:\/\/www.gaveanews.com\/wp-content\/uploads\/David-Luiz-e-apresentado-no-Fortaleza-300x222.webp 300w, https:\/\/www.gaveanews.com\/wp-content\/uploads\/David-Luiz-e-apresentado-no-Fortaleza-80x60.webp 80w, https:\/\/www.gaveanews.com\/wp-content\/uploads\/David-Luiz-e-apresentado-no-Fortaleza-160x120.webp 160w, https:\/\/www.gaveanews.com\/wp-content\/uploads\/David-Luiz-e-apresentado-no-Fortaleza-100x74.webp 100w\" sizes=\"auto, (max-width: 565px) 100vw, 565px\" \/><figcaption class=\"wp-element-caption\">David Luiz \u00e9 apresentado no Fortaleza (Foto: Reprodu\u00e7\u00e3o\/Instagram David Luiz)<\/figcaption><\/figure>\n\n\n\n<p>Em suas declara\u00e7\u00f5es, David Luiz ressaltou a dificuldade que sempre enfrentou ao jogar contra o Fortaleza e disse estar animado para agora ter essa for\u00e7a ao seu lado. <\/p>\n\n\n\n<p>Com um contrato v\u00e1lido por dois anos, podendo ser estendido at\u00e9 2026, ele enfatizou a necessidade de trabalho e dedica\u00e7\u00e3o para alcan\u00e7ar o sucesso. Al\u00e9m disso, comentou sobre a recep\u00e7\u00e3o calorosa que teve da torcida cearense, refor\u00e7ando o desejo de retribuir esse carinho com boas atua\u00e7\u00f5es e conquistas.<\/p>\n\n\n\n<p>O experiente zagueiro afirmou que o clube j\u00e1 tem uma base s\u00f3lida e que falta apenas um &#8220;toque final&#8221; para levar o Fortaleza a voos ainda maiores. Com sua chegada, a expectativa \u00e9 que ele traga lideran\u00e7a e experi\u00eancia ao elenco, ajudando a equipe a competir em alto n\u00edvel nas competi\u00e7\u00f5es que disputar\u00e1 nesta temporada.<\/p>\n\n\n\n<h2 class=\"wp-block-heading\" id=\"h-decisao-importante\">Decis\u00e3o importante<\/h2>\n\n\n\n<p>Ap\u00f3s a vit\u00f3ria do Fortaleza por 3 a 1 sobre o Horizonte pelo Campeonato Cearense, cenas de viol\u00eancia entre torcidas organizadas marcaram negativamente a partida. A confus\u00e3o nas arquibancadas incluiu empurra-empurra, barulhos de tiro e a necessidade de interven\u00e7\u00e3o policial, levando \u00e0 paralisa\u00e7\u00e3o do jogo. O lateral-direito Tinga chegou a se aproximar da torcida para tentar acalmar os \u00e2nimos. O incidente n\u00e3o foi um caso isolado, j\u00e1 que essas mesmas torcidas j\u00e1 haviam protagonizado confrontos anteriormente, tanto no futsal em 2024 quanto em um duelo contra o Corinthians pela Sul-Americana em 2023<strong><a href=\"https:\/\/www.gaveanews.com\/index.php\/2025\/01\/27\/ceo-do-fortaleza-marcelo-paz-toma-decisao-importante-apos-briga-entre-torcidas\/\"> (leia a mat\u00e9ria completa).<\/a><\/strong><\/p>\n\n\n\n<figure class=\"wp-block-image size-large\"><img loading=\"lazy\" decoding=\"async\" width=\"1024\" height=\"576\" src=\"http:\/\/www.gaveanews.com\/wp-content\/uploads\/Marcelo-Paz-durante-uma-entrevista-com-a-camisa-do-Fortaleza-1024x576.webp\" alt=\"\" class=\"wp-image-109227\" srcset=\"https:\/\/www.gaveanews.com\/wp-content\/uploads\/Marcelo-Paz-durante-uma-entrevista-com-a-camisa-do-Fortaleza-1024x576.webp 1024w, https:\/\/www.gaveanews.com\/wp-content\/uploads\/Marcelo-Paz-durante-uma-entrevista-com-a-camisa-do-Fortaleza-300x169.webp 300w, https:\/\/www.gaveanews.com\/wp-content\/uploads\/Marcelo-Paz-durante-uma-entrevista-com-a-camisa-do-Fortaleza-768x432.webp 768w, https:\/\/www.gaveanews.com\/wp-content\/uploads\/Marcelo-Paz-durante-uma-entrevista-com-a-camisa-do-Fortaleza-747x420.webp 747w, https:\/\/www.gaveanews.com\/wp-content\/uploads\/Marcelo-Paz-durante-uma-entrevista-com-a-camisa-do-Fortaleza-640x360.webp 640w, https:\/\/www.gaveanews.com\/wp-content\/uploads\/Marcelo-Paz-durante-uma-entrevista-com-a-camisa-do-Fortaleza-681x383.webp 681w, https:\/\/www.gaveanews.com\/wp-content\/uploads\/Marcelo-Paz-durante-uma-entrevista-com-a-camisa-do-Fortaleza-100x56.webp 100w, https:\/\/www.gaveanews.com\/wp-content\/uploads\/Marcelo-Paz-durante-uma-entrevista-com-a-camisa-do-Fortaleza.webp 1280w\" sizes=\"auto, (max-width: 1024px) 100vw, 1024px\" \/><figcaption class=\"wp-element-caption\">Marcelo Paz durante uma entrevista com a camisa do Fortaleza (Foto: Fabiane de Paula\/Reprodu\u00e7\u00e3o\/Di\u00e1rio do Nordeste)<\/figcaption><\/figure>\n\n\n\n<p>O CEO do Fortaleza, Marcelo Paz, usou as redes sociais para repudiar veementemente a atitude dos torcedores envolvidos na briga. Em sua publica\u00e7\u00e3o, ele afirmou que esses indiv\u00edduos &#8220;n\u00e3o representam os valores do clube&#8221; e garantiu que a chegada do sistema de reconhecimento facial nos est\u00e1dios ajudar\u00e1 a impedir a entrada dos infratores. Al\u00e9m disso, refor\u00e7ou o compromisso do clube em apoiar as autoridades na identifica\u00e7\u00e3o e puni\u00e7\u00e3o dos respons\u00e1veis, deixando claro que o futebol deve ser um espa\u00e7o de alegria e lazer.<\/p>\n\n\n\n<p>Mesmo com o epis\u00f3dio lament\u00e1vel, o Fortaleza segue focado na temporada e no desenvolvimento de seus jovens talentos, j\u00e1 que a partida contou com uma boa participa\u00e7\u00e3o de jogadores da base. A diretoria agora trabalha para garantir mais seguran\u00e7a nos est\u00e1dios, visando evitar novas confus\u00f5es e preservar o ambiente esportivo para torcedores que desejam apoiar o time de maneira pac\u00edfica.<\/p>\n","protected":false},"excerpt":{"rendered":"<p>Nas \u00faltimas horas, o foco das not\u00edcias sobre o Fortaleza se concentram nos bastidores do clube, com destaques do dia a dia do time. Por conta deste contexto, leia abaixo um resumo preparado pela equipe do portal G\u00e1vea News para lhe manter muito bem informado! Os jogadores em fim de contrato O Fortaleza iniciou a [&hellip;]<\/p>\n","protected":false},"author":27,"featured_media":171654,"comment_status":"open","ping_status":"closed","sticky":false,"template":"","format":"standard","meta":{"footnotes":""},"categories":[146],"tags":[],"class_list":["post-222791","post","type-post","status-publish","format-standard","has-post-thumbnail","hentry","category-fortaleza"],"yoast_head":"<!-- This site is optimized with the Yoast SEO Premium plugin v24.2 (Yoast SEO v26.9) - https:\/\/yoast.com\/product\/yoast-seo-premium-wordpress\/ -->\n<title>Decis\u00e3o importante, declara\u00e7\u00e3o de David Luiz e os jogadores em fim de contrato: as \u00faltimas not\u00edcias do Fortaleza<\/title>\n<meta name=\"robots\" content=\"index, follow, max-snippet:-1, max-image-preview:large, max-video-preview:-1\" \/>\n<link rel=\"canonical\" href=\"https:\/\/www.gaveanews.com\/index.php\/2025\/02\/04\/decisao-importante-declaracao-de-david-luiz-e-os-jogadores-em-fim-de-contrato-as-ultimas-noticias-do-fortaleza\/\" \/>\n<meta property=\"og:locale\" content=\"pt_BR\" \/>\n<meta property=\"og:type\" content=\"article\" \/>\n<meta property=\"og:title\" content=\"Decis\u00e3o importante, declara\u00e7\u00e3o de David Luiz e os jogadores em fim de contrato: as \u00faltimas not\u00edcias do Fortaleza\" \/>\n<meta property=\"og:description\" content=\"Nas \u00faltimas horas, o foco das not\u00edcias sobre o Fortaleza se concentram nos bastidores do clube, com destaques do dia a dia do time. Por conta deste contexto, leia abaixo um resumo preparado pela equipe do portal G\u00e1vea News para lhe manter muito bem informado! Os jogadores em fim de contrato O Fortaleza iniciou a [&hellip;]\" \/>\n<meta property=\"og:url\" content=\"https:\/\/www.gaveanews.com\/index.php\/2025\/02\/04\/decisao-importante-declaracao-de-david-luiz-e-os-jogadores-em-fim-de-contrato-as-ultimas-noticias-do-fortaleza\/\" \/>\n<meta property=\"og:site_name\" content=\"G\u00e1vea News\" \/>\n<meta property=\"article:publisher\" content=\"https:\/\/facebook.com\/gaveaNews\/\" \/>\n<meta property=\"article:published_time\" content=\"2025-02-04T09:40:00+00:00\" \/>\n<meta property=\"og:image\" content=\"https:\/\/www.gaveanews.com\/wp-content\/uploads\/Renato-Kayzer-pelo-Fortaleza.webp\" \/>\n\t<meta property=\"og:image:width\" content=\"1321\" \/>\n\t<meta property=\"og:image:height\" content=\"1066\" \/>\n\t<meta property=\"og:image:type\" content=\"image\/jpeg\" \/>\n<meta name=\"author\" content=\"Matheus Felipe\" \/>\n<meta name=\"twitter:card\" content=\"summary_large_image\" \/>\n<meta name=\"twitter:label1\" content=\"Escrito por\" \/>\n\t<meta name=\"twitter:data1\" content=\"Matheus Felipe\" \/>\n\t<meta name=\"twitter:label2\" content=\"Est. tempo de leitura\" \/>\n\t<meta name=\"twitter:data2\" content=\"5 minutos\" \/>\n<script type=\"application\/ld+json\" class=\"yoast-schema-graph\">{\"@context\":\"https:\/\/schema.org\",\"@graph\":[{\"@type\":\"NewsArticle\",\"@id\":\"https:\/\/www.gaveanews.com\/index.php\/2025\/02\/04\/decisao-importante-declaracao-de-david-luiz-e-os-jogadores-em-fim-de-contrato-as-ultimas-noticias-do-fortaleza\/#article\",\"isPartOf\":{\"@id\":\"https:\/\/www.gaveanews.com\/index.php\/2025\/02\/04\/decisao-importante-declaracao-de-david-luiz-e-os-jogadores-em-fim-de-contrato-as-ultimas-noticias-do-fortaleza\/\"},\"author\":{\"name\":\"Matheus Felipe\",\"@id\":\"https:\/\/www.gaveanews.com\/#\/schema\/person\/8207cd4627f56151707418bfc835b2fb\"},\"headline\":\"Decis\u00e3o importante, declara\u00e7\u00e3o de David Luiz e os jogadores em fim de contrato: as \u00faltimas not\u00edcias do Fortaleza\",\"datePublished\":\"2025-02-04T09:40:00+00:00\",\"mainEntityOfPage\":{\"@id\":\"https:\/\/www.gaveanews.com\/index.php\/2025\/02\/04\/decisao-importante-declaracao-de-david-luiz-e-os-jogadores-em-fim-de-contrato-as-ultimas-noticias-do-fortaleza\/\"},\"wordCount\":846,\"commentCount\":0,\"image\":{\"@id\":\"https:\/\/www.gaveanews.com\/index.php\/2025\/02\/04\/decisao-importante-declaracao-de-david-luiz-e-os-jogadores-em-fim-de-contrato-as-ultimas-noticias-do-fortaleza\/#primaryimage\"},\"thumbnailUrl\":\"https:\/\/www.gaveanews.com\/wp-content\/uploads\/Renato-Kayzer-pelo-Fortaleza.webp\",\"articleSection\":[\"Fortaleza\"],\"inLanguage\":\"pt-BR\",\"potentialAction\":[{\"@type\":\"CommentAction\",\"name\":\"Comment\",\"target\":[\"https:\/\/www.gaveanews.com\/index.php\/2025\/02\/04\/decisao-importante-declaracao-de-david-luiz-e-os-jogadores-em-fim-de-contrato-as-ultimas-noticias-do-fortaleza\/#respond\"]}],\"copyrightYear\":\"2025\",\"copyrightHolder\":{\"@id\":\"https:\/\/www.gaveanews.com\/#organization\"}},{\"@type\":\"WebPage\",\"@id\":\"https:\/\/www.gaveanews.com\/index.php\/2025\/02\/04\/decisao-importante-declaracao-de-david-luiz-e-os-jogadores-em-fim-de-contrato-as-ultimas-noticias-do-fortaleza\/\",\"url\":\"https:\/\/www.gaveanews.com\/index.php\/2025\/02\/04\/decisao-importante-declaracao-de-david-luiz-e-os-jogadores-em-fim-de-contrato-as-ultimas-noticias-do-fortaleza\/\",\"name\":\"Decis\u00e3o importante, declara\u00e7\u00e3o de David Luiz e os jogadores em fim de contrato: as \u00faltimas not\u00edcias do Fortaleza\",\"isPartOf\":{\"@id\":\"https:\/\/www.gaveanews.com\/#website\"},\"primaryImageOfPage\":{\"@id\":\"https:\/\/www.gaveanews.com\/index.php\/2025\/02\/04\/decisao-importante-declaracao-de-david-luiz-e-os-jogadores-em-fim-de-contrato-as-ultimas-noticias-do-fortaleza\/#primaryimage\"},\"image\":{\"@id\":\"https:\/\/www.gaveanews.com\/index.php\/2025\/02\/04\/decisao-importante-declaracao-de-david-luiz-e-os-jogadores-em-fim-de-contrato-as-ultimas-noticias-do-fortaleza\/#primaryimage\"},\"thumbnailUrl\":\"https:\/\/www.gaveanews.com\/wp-content\/uploads\/Renato-Kayzer-pelo-Fortaleza.webp\",\"datePublished\":\"2025-02-04T09:40:00+00:00\",\"author\":{\"@id\":\"https:\/\/www.gaveanews.com\/#\/schema\/person\/8207cd4627f56151707418bfc835b2fb\"},\"breadcrumb\":{\"@id\":\"https:\/\/www.gaveanews.com\/index.php\/2025\/02\/04\/decisao-importante-declaracao-de-david-luiz-e-os-jogadores-em-fim-de-contrato-as-ultimas-noticias-do-fortaleza\/#breadcrumb\"},\"inLanguage\":\"pt-BR\",\"potentialAction\":[{\"@type\":\"ReadAction\",\"target\":[\"https:\/\/www.gaveanews.com\/index.php\/2025\/02\/04\/decisao-importante-declaracao-de-david-luiz-e-os-jogadores-em-fim-de-contrato-as-ultimas-noticias-do-fortaleza\/\"]}]},{\"@type\":\"ImageObject\",\"inLanguage\":\"pt-BR\",\"@id\":\"https:\/\/www.gaveanews.com\/index.php\/2025\/02\/04\/decisao-importante-declaracao-de-david-luiz-e-os-jogadores-em-fim-de-contrato-as-ultimas-noticias-do-fortaleza\/#primaryimage\",\"url\":\"https:\/\/www.gaveanews.com\/wp-content\/uploads\/Renato-Kayzer-pelo-Fortaleza.webp\",\"contentUrl\":\"https:\/\/www.gaveanews.com\/wp-content\/uploads\/Renato-Kayzer-pelo-Fortaleza.webp\",\"width\":1321,\"height\":1066,\"caption\":\"Renato Kayzer pelo Fortaleza (Foto: Mateus Lotif \/ Fortaleza EC)\"},{\"@type\":\"BreadcrumbList\",\"@id\":\"https:\/\/www.gaveanews.com\/index.php\/2025\/02\/04\/decisao-importante-declaracao-de-david-luiz-e-os-jogadores-em-fim-de-contrato-as-ultimas-noticias-do-fortaleza\/#breadcrumb\",\"itemListElement\":[{\"@type\":\"ListItem\",\"position\":1,\"name\":\"Home\",\"item\":\"https:\/\/www.gaveanews.com\/\"},{\"@type\":\"ListItem\",\"position\":2,\"name\":\"Decis\u00e3o importante, declara\u00e7\u00e3o de David Luiz e os jogadores em fim de contrato: as \u00faltimas not\u00edcias do Fortaleza\"}]},{\"@type\":\"WebSite\",\"@id\":\"https:\/\/www.gaveanews.com\/#website\",\"url\":\"https:\/\/www.gaveanews.com\/\",\"name\":\"G\u00e1vea News\",\"description\":\"Veja todas as not\u00edcias sobre o Flamengo: Contrata\u00e7\u00f5es, categorias de base, resultados das partidas, tabela de classifica\u00e7\u00e3o, pr\u00f3ximos jogos!\",\"potentialAction\":[{\"@type\":\"SearchAction\",\"target\":{\"@type\":\"EntryPoint\",\"urlTemplate\":\"https:\/\/www.gaveanews.com\/?s={search_term_string}\"},\"query-input\":{\"@type\":\"PropertyValueSpecification\",\"valueRequired\":true,\"valueName\":\"search_term_string\"}}],\"inLanguage\":\"pt-BR\"},{\"@type\":\"Person\",\"@id\":\"https:\/\/www.gaveanews.com\/#\/schema\/person\/8207cd4627f56151707418bfc835b2fb\",\"name\":\"Matheus Felipe\",\"image\":{\"@type\":\"ImageObject\",\"inLanguage\":\"pt-BR\",\"@id\":\"https:\/\/www.gaveanews.com\/#\/schema\/person\/image\/\",\"url\":\"https:\/\/secure.gravatar.com\/avatar\/a452ffbed9130f726358b298bb3a99ce4bd3c5338411f8440e87e14d74c7c087?s=96&d=mm&r=g\",\"contentUrl\":\"https:\/\/secure.gravatar.com\/avatar\/a452ffbed9130f726358b298bb3a99ce4bd3c5338411f8440e87e14d74c7c087?s=96&d=mm&r=g\",\"caption\":\"Matheus Felipe\"}}]}<\/script>\n<!-- \/ Yoast SEO Premium plugin. -->","yoast_head_json":{"title":"Decis\u00e3o importante, declara\u00e7\u00e3o de David Luiz e os jogadores em fim de contrato: as \u00faltimas not\u00edcias do Fortaleza","robots":{"index":"index","follow":"follow","max-snippet":"max-snippet:-1","max-image-preview":"max-image-preview:large","max-video-preview":"max-video-preview:-1"},"canonical":"https:\/\/www.gaveanews.com\/index.php\/2025\/02\/04\/decisao-importante-declaracao-de-david-luiz-e-os-jogadores-em-fim-de-contrato-as-ultimas-noticias-do-fortaleza\/","og_locale":"pt_BR","og_type":"article","og_title":"Decis\u00e3o importante, declara\u00e7\u00e3o de David Luiz e os jogadores em fim de contrato: as \u00faltimas not\u00edcias do Fortaleza","og_description":"Nas \u00faltimas horas, o foco das not\u00edcias sobre o Fortaleza se concentram nos bastidores do clube, com destaques do dia a dia do time. Por conta deste contexto, leia abaixo um resumo preparado pela equipe do portal G\u00e1vea News para lhe manter muito bem informado! Os jogadores em fim de contrato O Fortaleza iniciou a [&hellip;]","og_url":"https:\/\/www.gaveanews.com\/index.php\/2025\/02\/04\/decisao-importante-declaracao-de-david-luiz-e-os-jogadores-em-fim-de-contrato-as-ultimas-noticias-do-fortaleza\/","og_site_name":"G\u00e1vea News","article_publisher":"https:\/\/facebook.com\/gaveaNews\/","article_published_time":"2025-02-04T09:40:00+00:00","og_image":[{"width":1321,"height":1066,"url":"https:\/\/www.gaveanews.com\/wp-content\/uploads\/Renato-Kayzer-pelo-Fortaleza.webp","type":"image\/jpeg"}],"author":"Matheus Felipe","twitter_card":"summary_large_image","twitter_misc":{"Escrito por":"Matheus Felipe","Est. tempo de leitura":"5 minutos"},"schema":{"@context":"https:\/\/schema.org","@graph":[{"@type":"NewsArticle","@id":"https:\/\/www.gaveanews.com\/index.php\/2025\/02\/04\/decisao-importante-declaracao-de-david-luiz-e-os-jogadores-em-fim-de-contrato-as-ultimas-noticias-do-fortaleza\/#article","isPartOf":{"@id":"https:\/\/www.gaveanews.com\/index.php\/2025\/02\/04\/decisao-importante-declaracao-de-david-luiz-e-os-jogadores-em-fim-de-contrato-as-ultimas-noticias-do-fortaleza\/"},"author":{"name":"Matheus Felipe","@id":"https:\/\/www.gaveanews.com\/#\/schema\/person\/8207cd4627f56151707418bfc835b2fb"},"headline":"Decis\u00e3o importante, declara\u00e7\u00e3o de David Luiz e os jogadores em fim de contrato: as \u00faltimas not\u00edcias do Fortaleza","datePublished":"2025-02-04T09:40:00+00:00","mainEntityOfPage":{"@id":"https:\/\/www.gaveanews.com\/index.php\/2025\/02\/04\/decisao-importante-declaracao-de-david-luiz-e-os-jogadores-em-fim-de-contrato-as-ultimas-noticias-do-fortaleza\/"},"wordCount":846,"commentCount":0,"image":{"@id":"https:\/\/www.gaveanews.com\/index.php\/2025\/02\/04\/decisao-importante-declaracao-de-david-luiz-e-os-jogadores-em-fim-de-contrato-as-ultimas-noticias-do-fortaleza\/#primaryimage"},"thumbnailUrl":"https:\/\/www.gaveanews.com\/wp-content\/uploads\/Renato-Kayzer-pelo-Fortaleza.webp","articleSection":["Fortaleza"],"inLanguage":"pt-BR","potentialAction":[{"@type":"CommentAction","name":"Comment","target":["https:\/\/www.gaveanews.com\/index.php\/2025\/02\/04\/decisao-importante-declaracao-de-david-luiz-e-os-jogadores-em-fim-de-contrato-as-ultimas-noticias-do-fortaleza\/#respond"]}],"copyrightYear":"2025","copyrightHolder":{"@id":"https:\/\/www.gaveanews.com\/#organization"}},{"@type":"WebPage","@id":"https:\/\/www.gaveanews.com\/index.php\/2025\/02\/04\/decisao-importante-declaracao-de-david-luiz-e-os-jogadores-em-fim-de-contrato-as-ultimas-noticias-do-fortaleza\/","url":"https:\/\/www.gaveanews.com\/index.php\/2025\/02\/04\/decisao-importante-declaracao-de-david-luiz-e-os-jogadores-em-fim-de-contrato-as-ultimas-noticias-do-fortaleza\/","name":"Decis\u00e3o importante, declara\u00e7\u00e3o de David Luiz e os jogadores em fim de contrato: as \u00faltimas not\u00edcias do Fortaleza","isPartOf":{"@id":"https:\/\/www.gaveanews.com\/#website"},"primaryImageOfPage":{"@id":"https:\/\/www.gaveanews.com\/index.php\/2025\/02\/04\/decisao-importante-declaracao-de-david-luiz-e-os-jogadores-em-fim-de-contrato-as-ultimas-noticias-do-fortaleza\/#primaryimage"},"image":{"@id":"https:\/\/www.gaveanews.com\/index.php\/2025\/02\/04\/decisao-importante-declaracao-de-david-luiz-e-os-jogadores-em-fim-de-contrato-as-ultimas-noticias-do-fortaleza\/#primaryimage"},"thumbnailUrl":"https:\/\/www.gaveanews.com\/wp-content\/uploads\/Renato-Kayzer-pelo-Fortaleza.webp","datePublished":"2025-02-04T09:40:00+00:00","author":{"@id":"https:\/\/www.gaveanews.com\/#\/schema\/person\/8207cd4627f56151707418bfc835b2fb"},"breadcrumb":{"@id":"https:\/\/www.gaveanews.com\/index.php\/2025\/02\/04\/decisao-importante-declaracao-de-david-luiz-e-os-jogadores-em-fim-de-contrato-as-ultimas-noticias-do-fortaleza\/#breadcrumb"},"inLanguage":"pt-BR","potentialAction":[{"@type":"ReadAction","target":["https:\/\/www.gaveanews.com\/index.php\/2025\/02\/04\/decisao-importante-declaracao-de-david-luiz-e-os-jogadores-em-fim-de-contrato-as-ultimas-noticias-do-fortaleza\/"]}]},{"@type":"ImageObject","inLanguage":"pt-BR","@id":"https:\/\/www.gaveanews.com\/index.php\/2025\/02\/04\/decisao-importante-declaracao-de-david-luiz-e-os-jogadores-em-fim-de-contrato-as-ultimas-noticias-do-fortaleza\/#primaryimage","url":"https:\/\/www.gaveanews.com\/wp-content\/uploads\/Renato-Kayzer-pelo-Fortaleza.webp","contentUrl":"https:\/\/www.gaveanews.com\/wp-content\/uploads\/Renato-Kayzer-pelo-Fortaleza.webp","width":1321,"height":1066,"caption":"Renato Kayzer pelo Fortaleza (Foto: Mateus Lotif \/ Fortaleza EC)"},{"@type":"BreadcrumbList","@id":"https:\/\/www.gaveanews.com\/index.php\/2025\/02\/04\/decisao-importante-declaracao-de-david-luiz-e-os-jogadores-em-fim-de-contrato-as-ultimas-noticias-do-fortaleza\/#breadcrumb","itemListElement":[{"@type":"ListItem","position":1,"name":"Home","item":"https:\/\/www.gaveanews.com\/"},{"@type":"ListItem","position":2,"name":"Decis\u00e3o importante, declara\u00e7\u00e3o de David Luiz e os jogadores em fim de contrato: as \u00faltimas not\u00edcias do Fortaleza"}]},{"@type":"WebSite","@id":"https:\/\/www.gaveanews.com\/#website","url":"https:\/\/www.gaveanews.com\/","name":"G\u00e1vea News","description":"Veja todas as not\u00edcias sobre o Flamengo: Contrata\u00e7\u00f5es, categorias de base, resultados das partidas, tabela de classifica\u00e7\u00e3o, pr\u00f3ximos jogos!","potentialAction":[{"@type":"SearchAction","target":{"@type":"EntryPoint","urlTemplate":"https:\/\/www.gaveanews.com\/?s={search_term_string}"},"query-input":{"@type":"PropertyValueSpecification","valueRequired":true,"valueName":"search_term_string"}}],"inLanguage":"pt-BR"},{"@type":"Person","@id":"https:\/\/www.gaveanews.com\/#\/schema\/person\/8207cd4627f56151707418bfc835b2fb","name":"Matheus Felipe","image":{"@type":"ImageObject","inLanguage":"pt-BR","@id":"https:\/\/www.gaveanews.com\/#\/schema\/person\/image\/","url":"https:\/\/secure.gravatar.com\/avatar\/a452ffbed9130f726358b298bb3a99ce4bd3c5338411f8440e87e14d74c7c087?s=96&d=mm&r=g","contentUrl":"https:\/\/secure.gravatar.com\/avatar\/a452ffbed9130f726358b298bb3a99ce4bd3c5338411f8440e87e14d74c7c087?s=96&d=mm&r=g","caption":"Matheus Felipe"}}]}},"_links":{"self":[{"href":"https:\/\/www.gaveanews.com\/index.php\/wp-json\/wp\/v2\/posts\/222791","targetHints":{"allow":["GET"]}}],"collection":[{"href":"https:\/\/www.gaveanews.com\/index.php\/wp-json\/wp\/v2\/posts"}],"about":[{"href":"https:\/\/www.gaveanews.com\/index.php\/wp-json\/wp\/v2\/types\/post"}],"author":[{"embeddable":true,"href":"https:\/\/www.gaveanews.com\/index.php\/wp-json\/wp\/v2\/users\/27"}],"replies":[{"embeddable":true,"href":"https:\/\/www.gaveanews.com\/index.php\/wp-json\/wp\/v2\/comments?post=222791"}],"version-history":[{"count":1,"href":"https:\/\/www.gaveanews.com\/index.php\/wp-json\/wp\/v2\/posts\/222791\/revisions"}],"predecessor-version":[{"id":222810,"href":"https:\/\/www.gaveanews.com\/index.php\/wp-json\/wp\/v2\/posts\/222791\/revisions\/222810"}],"wp:featuredmedia":[{"embeddable":true,"href":"https:\/\/www.gaveanews.com\/index.php\/wp-json\/wp\/v2\/media\/171654"}],"wp:attachment":[{"href":"https:\/\/www.gaveanews.com\/index.php\/wp-json\/wp\/v2\/media?parent=222791"}],"wp:term":[{"taxonomy":"category","embeddable":true,"href":"https:\/\/www.gaveanews.com\/index.php\/wp-json\/wp\/v2\/categories?post=222791"},{"taxonomy":"post_tag","embeddable":true,"href":"https:\/\/www.gaveanews.com\/index.php\/wp-json\/wp\/v2\/tags?post=222791"}],"curies":[{"name":"wp","href":"https:\/\/api.w.org\/{rel}","templated":true}]}}