{"id":222792,"date":"2025-02-04T06:50:00","date_gmt":"2025-02-04T09:50:00","guid":{"rendered":"https:\/\/www.gaveanews.com\/?p=222792"},"modified":"2025-02-04T02:47:09","modified_gmt":"2025-02-04T05:47:09","slug":"desejo-por-ansu-fati-janela-de-transferencias-e-vlahovic-na-mira-as-ultimas-noticias-do-barcelona","status":"publish","type":"post","link":"https:\/\/www.gaveanews.com\/index.php\/2025\/02\/04\/desejo-por-ansu-fati-janela-de-transferencias-e-vlahovic-na-mira-as-ultimas-noticias-do-barcelona\/","title":{"rendered":"Desejo por Ansu Fati, janela de transfer\u00eancias e Vlahovic na mira: as \u00faltimas not\u00edcias do Barcelona"},"content":{"rendered":"\n<p>Nas \u00faltimas horas, o foco das not\u00edcias sobre o Barcelona se concentram nos bastidores do clube, com destaques do dia a dia do time.<\/p>\n\n\n\n<p>Por conta deste contexto, leia abaixo um resumo preparado pela equipe do portal G\u00e1vea News para lhe manter muito bem informado!<\/p>\n\n\n\n<h2 class=\"wp-block-heading\" id=\"h-vlahovic-na-mira\">Vlahovic na mira<\/h2>\n\n\n\n<p>O atacante s\u00e9rvio Dusan Vlahovic pode estar de sa\u00edda da Juventus ap\u00f3s perder espa\u00e7o com a chegada do t\u00e9cnico Thiago Motta. Contratado em 2022 por 75 milh\u00f5es de euros, o jogador de 25 anos desperta interesse de grandes clubes europeus, com Barcelona e PSG sendo apontados como poss\u00edveis destinos. No entanto, desafios financeiros e t\u00e1ticos podem dificultar a concretiza\u00e7\u00e3o da transfer\u00eancia, especialmente para o clube catal\u00e3o, que v\u00ea Vlahovic como sucessor de Robert Lewandowski, mas enfrenta dificuldades econ\u00f4micas para antecipar a negocia\u00e7\u00e3o <strong><a href=\"https:\/\/www.gaveanews.com\/index.php\/2025\/01\/30\/ele-vai-deixar-a-juventus-para-jogar-no-barcelona\/\">(leia a mat\u00e9ria completa).<\/a><\/strong><\/p>\n\n\n\n<figure class=\"wp-block-image size-large\"><img loading=\"lazy\" decoding=\"async\" width=\"819\" height=\"1024\" src=\"http:\/\/www.gaveanews.com\/wp-content\/uploads\/Dusan-Vlahovic-durante-treino-da-Juventus-819x1024.webp\" alt=\"\" class=\"wp-image-112315\" srcset=\"https:\/\/www.gaveanews.com\/wp-content\/uploads\/Dusan-Vlahovic-durante-treino-da-Juventus-819x1024.webp 819w, https:\/\/www.gaveanews.com\/wp-content\/uploads\/Dusan-Vlahovic-durante-treino-da-Juventus-240x300.webp 240w, https:\/\/www.gaveanews.com\/wp-content\/uploads\/Dusan-Vlahovic-durante-treino-da-Juventus-768x960.webp 768w, https:\/\/www.gaveanews.com\/wp-content\/uploads\/Dusan-Vlahovic-durante-treino-da-Juventus-336x420.webp 336w, https:\/\/www.gaveanews.com\/wp-content\/uploads\/Dusan-Vlahovic-durante-treino-da-Juventus-672x840.webp 672w, https:\/\/www.gaveanews.com\/wp-content\/uploads\/Dusan-Vlahovic-durante-treino-da-Juventus-640x800.webp 640w, https:\/\/www.gaveanews.com\/wp-content\/uploads\/Dusan-Vlahovic-durante-treino-da-Juventus-681x851.webp 681w, https:\/\/www.gaveanews.com\/wp-content\/uploads\/Dusan-Vlahovic-durante-treino-da-Juventus-100x125.webp 100w, https:\/\/www.gaveanews.com\/wp-content\/uploads\/Dusan-Vlahovic-durante-treino-da-Juventus.webp 1080w\" sizes=\"auto, (max-width: 819px) 100vw, 819px\" \/><figcaption class=\"wp-element-caption\">Dusan Vlahovic durante treino da Juventus (Foto: Reprodu\u00e7\u00e3o\/Instagram)<\/figcaption><\/figure>\n\n\n\n<p>No caso do PSG, o esquema t\u00e1tico de Luis Enrique, que prioriza um ataque sem um centroavante fixo, pode dificultar a adapta\u00e7\u00e3o de Vlahovic, assim como aconteceu com Kolo Muani. <\/p>\n\n\n\n<p>Al\u00e9m disso, o alto sal\u00e1rio do s\u00e9rvio representa um entrave para o clube franc\u00eas. Enquanto isso, a Juventus estaria disposta a negoci\u00e1-lo por cerca de 20 milh\u00f5es de euros, o que abre possibilidades para clubes interessados, incluindo o Arsenal, que monitora a situa\u00e7\u00e3o, mas busca atacantes mais vers\u00e1teis para o esquema de Mikel Arteta.<\/p>\n\n\n\n<p>Com o mercado de transfer\u00eancias se movimentando, o futuro de Vlahovic ainda \u00e9 incerto, e os pr\u00f3ximos meses ser\u00e3o decisivos para definir seu pr\u00f3ximo destino. A Juventus parece disposta a negoci\u00e1-lo, mas resta saber se o Barcelona conseguir\u00e1 viabilizar o neg\u00f3cio ou se outra equipe entrar\u00e1 na disputa pelo centroavante.<\/p>\n\n\n\n<h2 class=\"wp-block-heading\" id=\"h-janela-de-transferencias\">Janela de transfer\u00eancias<\/h2>\n\n\n\n<p>O Barcelona j\u00e1 est\u00e1 planejando sua pr\u00f3xima temporada e definiu que a prioridade na janela de transfer\u00eancias do meio do ano ser\u00e1 refor\u00e7ar o setor defensivo. A diretoria e o t\u00e9cnico Hansi Flick concordam que o clube precisa de um zagueiro e um lateral-esquerdo para aumentar a solidez da equipe e oferecer mais op\u00e7\u00f5es ao elenco. Com dificuldades financeiras limitando grandes investimentos, a estrat\u00e9gia ser\u00e1 buscar jogadores experientes que possam agregar qualidade sem comprometer a estabilidade econ\u00f4mica do time <strong><a href=\"https:\/\/www.gaveanews.com\/index.php\/2025\/01\/30\/reforcos-barcelona-define-prioridades-na-janela-de-transferencias\/\">(leia a mat\u00e9ria completa).<\/a><\/strong><\/p>\n\n\n\n<figure class=\"wp-block-image size-large\"><img loading=\"lazy\" decoding=\"async\" width=\"820\" height=\"1024\" src=\"http:\/\/www.gaveanews.com\/wp-content\/uploads\/jkeey4_1708708995664-820x1024.webp\" alt=\"\" class=\"wp-image-128500\" srcset=\"https:\/\/www.gaveanews.com\/wp-content\/uploads\/jkeey4_1708708995664-820x1024.webp 820w, https:\/\/www.gaveanews.com\/wp-content\/uploads\/jkeey4_1708708995664-240x300.webp 240w, https:\/\/www.gaveanews.com\/wp-content\/uploads\/jkeey4_1708708995664-768x959.webp 768w, https:\/\/www.gaveanews.com\/wp-content\/uploads\/jkeey4_1708708995664-1229x1536.webp 1229w, https:\/\/www.gaveanews.com\/wp-content\/uploads\/jkeey4_1708708995664-336x420.webp 336w, https:\/\/www.gaveanews.com\/wp-content\/uploads\/jkeey4_1708708995664-672x840.webp 672w, https:\/\/www.gaveanews.com\/wp-content\/uploads\/jkeey4_1708708995664-640x800.webp 640w, https:\/\/www.gaveanews.com\/wp-content\/uploads\/jkeey4_1708708995664-1280x1599.webp 1280w, https:\/\/www.gaveanews.com\/wp-content\/uploads\/jkeey4_1708708995664-681x851.webp 681w, https:\/\/www.gaveanews.com\/wp-content\/uploads\/jkeey4_1708708995664-1362x1702.webp 1362w, https:\/\/www.gaveanews.com\/wp-content\/uploads\/jkeey4_1708708995664-100x125.webp 100w, https:\/\/www.gaveanews.com\/wp-content\/uploads\/jkeey4_1708708995664.webp 1440w\" sizes=\"auto, (max-width: 820px) 100vw, 820px\" \/><figcaption class=\"wp-element-caption\">Jules Kound\u00e9 pela sele\u00e7\u00e3o da Fran\u00e7a (Foto: Reprodu\u00e7\u00e3o\/Instagram)<\/figcaption><\/figure>\n\n\n\n<p>Al\u00e9m das contrata\u00e7\u00f5es, o Barcelona tamb\u00e9m monitora poss\u00edveis sa\u00eddas que podem impactar seu planejamento. Ronald Ara\u00fajo e Frenkie de Jong s\u00e3o jogadores que despertam interesse no mercado e, caso sejam negociados, podem gerar recursos para novos refor\u00e7os. A diretoria busca equilibrar a necessidade de manter um elenco competitivo com a responsabilidade financeira, garantindo que o clube continue forte tanto no cen\u00e1rio nacional quanto internacional.<\/p>\n\n\n\n<p>Enquanto define seus pr\u00f3ximos passos no mercado, o Barcelona segue focado na temporada atual e garantiu vaga direta para as oitavas de final da Champions League. No \u00faltimo jogo da fase de grupos, empatou em 2 a 2 com a Atalanta, com gols de Lamine Yamal e Ronald Ara\u00fajo. A equipe busca manter o bom desempenho e seguir avan\u00e7ando na competi\u00e7\u00e3o, enquanto se prepara para as mudan\u00e7as previstas para o pr\u00f3ximo ciclo.<\/p>\n\n\n\n<h2 class=\"wp-block-heading\" id=\"h-desejo-por-ansu-fati\">Desejo por Ansu Fati<\/h2>\n\n\n\n<p>Ansu Fati, uma das grandes promessas do Barcelona nos \u00faltimos anos, pode estar de sa\u00edda do clube. O atacante, que herdou a camisa 10 de Lionel Messi, n\u00e3o conseguiu se firmar na equipe principal devido a constantes les\u00f5es e perda de espa\u00e7o no elenco. Com poucas oportunidades sob o comando de Hansi Flick, o jogador despertou o interesse do Ajax, que avalia a viabilidade de sua contrata\u00e7\u00e3o para refor\u00e7ar o ataque na pr\u00f3xima temporada <strong><a href=\"https:\/\/www.gaveanews.com\/index.php\/2025\/01\/30\/barcelona-ansu-fati-e-desejado-por-gigante-da-europa\/\">(leia a mat\u00e9ria completa).<\/a><\/strong><\/p>\n\n\n\n<figure class=\"wp-block-image size-large\"><img loading=\"lazy\" decoding=\"async\" width=\"1024\" height=\"576\" src=\"http:\/\/www.gaveanews.com\/wp-content\/uploads\/raphinha-ansu-fati-barcelona-1-1024x576.webp\" alt=\"\" class=\"wp-image-125761\" srcset=\"https:\/\/www.gaveanews.com\/wp-content\/uploads\/raphinha-ansu-fati-barcelona-1-1024x576.webp 1024w, https:\/\/www.gaveanews.com\/wp-content\/uploads\/raphinha-ansu-fati-barcelona-1-300x169.webp 300w, https:\/\/www.gaveanews.com\/wp-content\/uploads\/raphinha-ansu-fati-barcelona-1-768x432.webp 768w, https:\/\/www.gaveanews.com\/wp-content\/uploads\/raphinha-ansu-fati-barcelona-1-1536x864.webp 1536w, https:\/\/www.gaveanews.com\/wp-content\/uploads\/raphinha-ansu-fati-barcelona-1-747x420.webp 747w, https:\/\/www.gaveanews.com\/wp-content\/uploads\/raphinha-ansu-fati-barcelona-1-1493x840.webp 1493w, https:\/\/www.gaveanews.com\/wp-content\/uploads\/raphinha-ansu-fati-barcelona-1-640x360.webp 640w, https:\/\/www.gaveanews.com\/wp-content\/uploads\/raphinha-ansu-fati-barcelona-1-1280x720.webp 1280w, https:\/\/www.gaveanews.com\/wp-content\/uploads\/raphinha-ansu-fati-barcelona-1-681x383.webp 681w, https:\/\/www.gaveanews.com\/wp-content\/uploads\/raphinha-ansu-fati-barcelona-1-1362x766.webp 1362w, https:\/\/www.gaveanews.com\/wp-content\/uploads\/raphinha-ansu-fati-barcelona-1-100x56.webp 100w, https:\/\/www.gaveanews.com\/wp-content\/uploads\/raphinha-ansu-fati-barcelona-1.webp 1600w\" sizes=\"auto, (max-width: 1024px) 100vw, 1024px\" \/><figcaption class=\"wp-element-caption\">Raphinha e Ansu Fati em a\u00e7\u00e3o pelo Barcelona (Foto: Reprodu\u00e7\u00e3o)<\/figcaption><\/figure>\n\n\n\n<p>A poss\u00edvel transfer\u00eancia de Ansu Fati tamb\u00e9m pode estar relacionada aos planos do Barcelona de trazer Marcus Rashford, do Manchester United. Para viabilizar a chegada do atacante ingl\u00eas, o clube catal\u00e3o precisa aliviar sua folha salarial e abrir espa\u00e7o no elenco, tornando a venda de Fati uma alternativa plaus\u00edvel. Atualmente, o jogador est\u00e1 avaliado em 10 milh\u00f5es de euros e tem contrato com o Bar\u00e7a at\u00e9 2027, mas seu futuro segue incerto.<\/p>\n\n\n\n<p>Ap\u00f3s uma passagem discreta pelo Brighton, onde n\u00e3o conseguiu recuperar sua melhor forma, Fati se encontra em um momento decisivo da carreira. O interesse do Ajax pode representar uma oportunidade para um recome\u00e7o em um clube com hist\u00f3rico de desenvolver jovens talentos. Se a negocia\u00e7\u00e3o avan\u00e7ar, o atacante ter\u00e1 a chance de reencontrar seu melhor futebol e reconquistar seu prest\u00edgio no cen\u00e1rio europeu.<\/p>\n","protected":false},"excerpt":{"rendered":"<p>Nas \u00faltimas horas, o foco das not\u00edcias sobre o Barcelona se concentram nos bastidores do clube, com destaques do dia a dia do time. Por conta deste contexto, leia abaixo um resumo preparado pela equipe do portal G\u00e1vea News para lhe manter muito bem informado! Vlahovic na mira O atacante s\u00e9rvio Dusan Vlahovic pode estar [&hellip;]<\/p>\n","protected":false},"author":27,"featured_media":116268,"comment_status":"open","ping_status":"closed","sticky":false,"template":"","format":"standard","meta":{"footnotes":""},"categories":[87],"tags":[],"class_list":["post-222792","post","type-post","status-publish","format-standard","has-post-thumbnail","hentry","category-barcelona"],"yoast_head":"<!-- This site is optimized with the Yoast SEO Premium plugin v24.2 (Yoast SEO v26.9) - https:\/\/yoast.com\/product\/yoast-seo-premium-wordpress\/ -->\n<title>Desejo por Ansu Fati, janela de transfer\u00eancias e Vlahovic na mira: as \u00faltimas not\u00edcias do Barcelona<\/title>\n<meta name=\"robots\" content=\"index, follow, max-snippet:-1, max-image-preview:large, max-video-preview:-1\" \/>\n<link rel=\"canonical\" href=\"https:\/\/www.gaveanews.com\/index.php\/2025\/02\/04\/desejo-por-ansu-fati-janela-de-transferencias-e-vlahovic-na-mira-as-ultimas-noticias-do-barcelona\/\" \/>\n<meta property=\"og:locale\" content=\"pt_BR\" \/>\n<meta property=\"og:type\" content=\"article\" \/>\n<meta property=\"og:title\" content=\"Desejo por Ansu Fati, janela de transfer\u00eancias e Vlahovic na mira: as \u00faltimas not\u00edcias do Barcelona\" \/>\n<meta property=\"og:description\" content=\"Nas \u00faltimas horas, o foco das not\u00edcias sobre o Barcelona se concentram nos bastidores do clube, com destaques do dia a dia do time. Por conta deste contexto, leia abaixo um resumo preparado pela equipe do portal G\u00e1vea News para lhe manter muito bem informado! Vlahovic na mira O atacante s\u00e9rvio Dusan Vlahovic pode estar [&hellip;]\" \/>\n<meta property=\"og:url\" content=\"https:\/\/www.gaveanews.com\/index.php\/2025\/02\/04\/desejo-por-ansu-fati-janela-de-transferencias-e-vlahovic-na-mira-as-ultimas-noticias-do-barcelona\/\" \/>\n<meta property=\"og:site_name\" content=\"G\u00e1vea News\" \/>\n<meta property=\"article:publisher\" content=\"https:\/\/facebook.com\/gaveaNews\/\" \/>\n<meta property=\"article:published_time\" content=\"2025-02-04T09:50:00+00:00\" \/>\n<meta property=\"og:image\" content=\"https:\/\/www.gaveanews.com\/wp-content\/uploads\/philippe-coutinho-lionel-messi-luis-suarez-barcelona-girona-la-liga_1c2tt6dlw6rhn14f0bs2ogct4b.webp\" \/>\n\t<meta property=\"og:image:width\" content=\"1920\" \/>\n\t<meta property=\"og:image:height\" content=\"1080\" \/>\n\t<meta property=\"og:image:type\" content=\"image\/webp\" \/>\n<meta name=\"author\" content=\"Matheus Felipe\" \/>\n<meta name=\"twitter:card\" content=\"summary_large_image\" \/>\n<meta name=\"twitter:label1\" content=\"Escrito por\" \/>\n\t<meta name=\"twitter:data1\" content=\"Matheus Felipe\" \/>\n\t<meta name=\"twitter:label2\" content=\"Est. tempo de leitura\" \/>\n\t<meta name=\"twitter:data2\" content=\"5 minutos\" \/>\n<script type=\"application\/ld+json\" class=\"yoast-schema-graph\">{\"@context\":\"https:\/\/schema.org\",\"@graph\":[{\"@type\":\"NewsArticle\",\"@id\":\"https:\/\/www.gaveanews.com\/index.php\/2025\/02\/04\/desejo-por-ansu-fati-janela-de-transferencias-e-vlahovic-na-mira-as-ultimas-noticias-do-barcelona\/#article\",\"isPartOf\":{\"@id\":\"https:\/\/www.gaveanews.com\/index.php\/2025\/02\/04\/desejo-por-ansu-fati-janela-de-transferencias-e-vlahovic-na-mira-as-ultimas-noticias-do-barcelona\/\"},\"author\":{\"name\":\"Matheus Felipe\",\"@id\":\"https:\/\/www.gaveanews.com\/#\/schema\/person\/8207cd4627f56151707418bfc835b2fb\"},\"headline\":\"Desejo por Ansu Fati, janela de transfer\u00eancias e Vlahovic na mira: as \u00faltimas not\u00edcias do Barcelona\",\"datePublished\":\"2025-02-04T09:50:00+00:00\",\"mainEntityOfPage\":{\"@id\":\"https:\/\/www.gaveanews.com\/index.php\/2025\/02\/04\/desejo-por-ansu-fati-janela-de-transferencias-e-vlahovic-na-mira-as-ultimas-noticias-do-barcelona\/\"},\"wordCount\":830,\"commentCount\":0,\"image\":{\"@id\":\"https:\/\/www.gaveanews.com\/index.php\/2025\/02\/04\/desejo-por-ansu-fati-janela-de-transferencias-e-vlahovic-na-mira-as-ultimas-noticias-do-barcelona\/#primaryimage\"},\"thumbnailUrl\":\"https:\/\/www.gaveanews.com\/wp-content\/uploads\/philippe-coutinho-lionel-messi-luis-suarez-barcelona-girona-la-liga_1c2tt6dlw6rhn14f0bs2ogct4b.webp\",\"articleSection\":[\"Barcelona\"],\"inLanguage\":\"pt-BR\",\"potentialAction\":[{\"@type\":\"CommentAction\",\"name\":\"Comment\",\"target\":[\"https:\/\/www.gaveanews.com\/index.php\/2025\/02\/04\/desejo-por-ansu-fati-janela-de-transferencias-e-vlahovic-na-mira-as-ultimas-noticias-do-barcelona\/#respond\"]}],\"copyrightYear\":\"2025\",\"copyrightHolder\":{\"@id\":\"https:\/\/www.gaveanews.com\/#organization\"}},{\"@type\":\"WebPage\",\"@id\":\"https:\/\/www.gaveanews.com\/index.php\/2025\/02\/04\/desejo-por-ansu-fati-janela-de-transferencias-e-vlahovic-na-mira-as-ultimas-noticias-do-barcelona\/\",\"url\":\"https:\/\/www.gaveanews.com\/index.php\/2025\/02\/04\/desejo-por-ansu-fati-janela-de-transferencias-e-vlahovic-na-mira-as-ultimas-noticias-do-barcelona\/\",\"name\":\"Desejo por Ansu Fati, janela de transfer\u00eancias e Vlahovic na mira: as \u00faltimas not\u00edcias do Barcelona\",\"isPartOf\":{\"@id\":\"https:\/\/www.gaveanews.com\/#website\"},\"primaryImageOfPage\":{\"@id\":\"https:\/\/www.gaveanews.com\/index.php\/2025\/02\/04\/desejo-por-ansu-fati-janela-de-transferencias-e-vlahovic-na-mira-as-ultimas-noticias-do-barcelona\/#primaryimage\"},\"image\":{\"@id\":\"https:\/\/www.gaveanews.com\/index.php\/2025\/02\/04\/desejo-por-ansu-fati-janela-de-transferencias-e-vlahovic-na-mira-as-ultimas-noticias-do-barcelona\/#primaryimage\"},\"thumbnailUrl\":\"https:\/\/www.gaveanews.com\/wp-content\/uploads\/philippe-coutinho-lionel-messi-luis-suarez-barcelona-girona-la-liga_1c2tt6dlw6rhn14f0bs2ogct4b.webp\",\"datePublished\":\"2025-02-04T09:50:00+00:00\",\"author\":{\"@id\":\"https:\/\/www.gaveanews.com\/#\/schema\/person\/8207cd4627f56151707418bfc835b2fb\"},\"breadcrumb\":{\"@id\":\"https:\/\/www.gaveanews.com\/index.php\/2025\/02\/04\/desejo-por-ansu-fati-janela-de-transferencias-e-vlahovic-na-mira-as-ultimas-noticias-do-barcelona\/#breadcrumb\"},\"inLanguage\":\"pt-BR\",\"potentialAction\":[{\"@type\":\"ReadAction\",\"target\":[\"https:\/\/www.gaveanews.com\/index.php\/2025\/02\/04\/desejo-por-ansu-fati-janela-de-transferencias-e-vlahovic-na-mira-as-ultimas-noticias-do-barcelona\/\"]}]},{\"@type\":\"ImageObject\",\"inLanguage\":\"pt-BR\",\"@id\":\"https:\/\/www.gaveanews.com\/index.php\/2025\/02\/04\/desejo-por-ansu-fati-janela-de-transferencias-e-vlahovic-na-mira-as-ultimas-noticias-do-barcelona\/#primaryimage\",\"url\":\"https:\/\/www.gaveanews.com\/wp-content\/uploads\/philippe-coutinho-lionel-messi-luis-suarez-barcelona-girona-la-liga_1c2tt6dlw6rhn14f0bs2ogct4b.webp\",\"contentUrl\":\"https:\/\/www.gaveanews.com\/wp-content\/uploads\/philippe-coutinho-lionel-messi-luis-suarez-barcelona-girona-la-liga_1c2tt6dlw6rhn14f0bs2ogct4b.webp\",\"width\":1920,\"height\":1080},{\"@type\":\"BreadcrumbList\",\"@id\":\"https:\/\/www.gaveanews.com\/index.php\/2025\/02\/04\/desejo-por-ansu-fati-janela-de-transferencias-e-vlahovic-na-mira-as-ultimas-noticias-do-barcelona\/#breadcrumb\",\"itemListElement\":[{\"@type\":\"ListItem\",\"position\":1,\"name\":\"Home\",\"item\":\"https:\/\/www.gaveanews.com\/\"},{\"@type\":\"ListItem\",\"position\":2,\"name\":\"Desejo por Ansu Fati, janela de transfer\u00eancias e Vlahovic na mira: as \u00faltimas not\u00edcias do Barcelona\"}]},{\"@type\":\"WebSite\",\"@id\":\"https:\/\/www.gaveanews.com\/#website\",\"url\":\"https:\/\/www.gaveanews.com\/\",\"name\":\"G\u00e1vea News\",\"description\":\"Veja todas as not\u00edcias sobre o Flamengo: Contrata\u00e7\u00f5es, categorias de base, resultados das partidas, tabela de classifica\u00e7\u00e3o, pr\u00f3ximos jogos!\",\"potentialAction\":[{\"@type\":\"SearchAction\",\"target\":{\"@type\":\"EntryPoint\",\"urlTemplate\":\"https:\/\/www.gaveanews.com\/?s={search_term_string}\"},\"query-input\":{\"@type\":\"PropertyValueSpecification\",\"valueRequired\":true,\"valueName\":\"search_term_string\"}}],\"inLanguage\":\"pt-BR\"},{\"@type\":\"Person\",\"@id\":\"https:\/\/www.gaveanews.com\/#\/schema\/person\/8207cd4627f56151707418bfc835b2fb\",\"name\":\"Matheus Felipe\",\"image\":{\"@type\":\"ImageObject\",\"inLanguage\":\"pt-BR\",\"@id\":\"https:\/\/www.gaveanews.com\/#\/schema\/person\/image\/\",\"url\":\"https:\/\/secure.gravatar.com\/avatar\/a452ffbed9130f726358b298bb3a99ce4bd3c5338411f8440e87e14d74c7c087?s=96&d=mm&r=g\",\"contentUrl\":\"https:\/\/secure.gravatar.com\/avatar\/a452ffbed9130f726358b298bb3a99ce4bd3c5338411f8440e87e14d74c7c087?s=96&d=mm&r=g\",\"caption\":\"Matheus Felipe\"}}]}<\/script>\n<!-- \/ Yoast SEO Premium plugin. -->","yoast_head_json":{"title":"Desejo por Ansu Fati, janela de transfer\u00eancias e Vlahovic na mira: as \u00faltimas not\u00edcias do Barcelona","robots":{"index":"index","follow":"follow","max-snippet":"max-snippet:-1","max-image-preview":"max-image-preview:large","max-video-preview":"max-video-preview:-1"},"canonical":"https:\/\/www.gaveanews.com\/index.php\/2025\/02\/04\/desejo-por-ansu-fati-janela-de-transferencias-e-vlahovic-na-mira-as-ultimas-noticias-do-barcelona\/","og_locale":"pt_BR","og_type":"article","og_title":"Desejo por Ansu Fati, janela de transfer\u00eancias e Vlahovic na mira: as \u00faltimas not\u00edcias do Barcelona","og_description":"Nas \u00faltimas horas, o foco das not\u00edcias sobre o Barcelona se concentram nos bastidores do clube, com destaques do dia a dia do time. Por conta deste contexto, leia abaixo um resumo preparado pela equipe do portal G\u00e1vea News para lhe manter muito bem informado! Vlahovic na mira O atacante s\u00e9rvio Dusan Vlahovic pode estar [&hellip;]","og_url":"https:\/\/www.gaveanews.com\/index.php\/2025\/02\/04\/desejo-por-ansu-fati-janela-de-transferencias-e-vlahovic-na-mira-as-ultimas-noticias-do-barcelona\/","og_site_name":"G\u00e1vea News","article_publisher":"https:\/\/facebook.com\/gaveaNews\/","article_published_time":"2025-02-04T09:50:00+00:00","og_image":[{"width":1920,"height":1080,"url":"https:\/\/www.gaveanews.com\/wp-content\/uploads\/philippe-coutinho-lionel-messi-luis-suarez-barcelona-girona-la-liga_1c2tt6dlw6rhn14f0bs2ogct4b.webp","type":"image\/webp"}],"author":"Matheus Felipe","twitter_card":"summary_large_image","twitter_misc":{"Escrito por":"Matheus Felipe","Est. tempo de leitura":"5 minutos"},"schema":{"@context":"https:\/\/schema.org","@graph":[{"@type":"NewsArticle","@id":"https:\/\/www.gaveanews.com\/index.php\/2025\/02\/04\/desejo-por-ansu-fati-janela-de-transferencias-e-vlahovic-na-mira-as-ultimas-noticias-do-barcelona\/#article","isPartOf":{"@id":"https:\/\/www.gaveanews.com\/index.php\/2025\/02\/04\/desejo-por-ansu-fati-janela-de-transferencias-e-vlahovic-na-mira-as-ultimas-noticias-do-barcelona\/"},"author":{"name":"Matheus Felipe","@id":"https:\/\/www.gaveanews.com\/#\/schema\/person\/8207cd4627f56151707418bfc835b2fb"},"headline":"Desejo por Ansu Fati, janela de transfer\u00eancias e Vlahovic na mira: as \u00faltimas not\u00edcias do Barcelona","datePublished":"2025-02-04T09:50:00+00:00","mainEntityOfPage":{"@id":"https:\/\/www.gaveanews.com\/index.php\/2025\/02\/04\/desejo-por-ansu-fati-janela-de-transferencias-e-vlahovic-na-mira-as-ultimas-noticias-do-barcelona\/"},"wordCount":830,"commentCount":0,"image":{"@id":"https:\/\/www.gaveanews.com\/index.php\/2025\/02\/04\/desejo-por-ansu-fati-janela-de-transferencias-e-vlahovic-na-mira-as-ultimas-noticias-do-barcelona\/#primaryimage"},"thumbnailUrl":"https:\/\/www.gaveanews.com\/wp-content\/uploads\/philippe-coutinho-lionel-messi-luis-suarez-barcelona-girona-la-liga_1c2tt6dlw6rhn14f0bs2ogct4b.webp","articleSection":["Barcelona"],"inLanguage":"pt-BR","potentialAction":[{"@type":"CommentAction","name":"Comment","target":["https:\/\/www.gaveanews.com\/index.php\/2025\/02\/04\/desejo-por-ansu-fati-janela-de-transferencias-e-vlahovic-na-mira-as-ultimas-noticias-do-barcelona\/#respond"]}],"copyrightYear":"2025","copyrightHolder":{"@id":"https:\/\/www.gaveanews.com\/#organization"}},{"@type":"WebPage","@id":"https:\/\/www.gaveanews.com\/index.php\/2025\/02\/04\/desejo-por-ansu-fati-janela-de-transferencias-e-vlahovic-na-mira-as-ultimas-noticias-do-barcelona\/","url":"https:\/\/www.gaveanews.com\/index.php\/2025\/02\/04\/desejo-por-ansu-fati-janela-de-transferencias-e-vlahovic-na-mira-as-ultimas-noticias-do-barcelona\/","name":"Desejo por Ansu Fati, janela de transfer\u00eancias e Vlahovic na mira: as \u00faltimas not\u00edcias do Barcelona","isPartOf":{"@id":"https:\/\/www.gaveanews.com\/#website"},"primaryImageOfPage":{"@id":"https:\/\/www.gaveanews.com\/index.php\/2025\/02\/04\/desejo-por-ansu-fati-janela-de-transferencias-e-vlahovic-na-mira-as-ultimas-noticias-do-barcelona\/#primaryimage"},"image":{"@id":"https:\/\/www.gaveanews.com\/index.php\/2025\/02\/04\/desejo-por-ansu-fati-janela-de-transferencias-e-vlahovic-na-mira-as-ultimas-noticias-do-barcelona\/#primaryimage"},"thumbnailUrl":"https:\/\/www.gaveanews.com\/wp-content\/uploads\/philippe-coutinho-lionel-messi-luis-suarez-barcelona-girona-la-liga_1c2tt6dlw6rhn14f0bs2ogct4b.webp","datePublished":"2025-02-04T09:50:00+00:00","author":{"@id":"https:\/\/www.gaveanews.com\/#\/schema\/person\/8207cd4627f56151707418bfc835b2fb"},"breadcrumb":{"@id":"https:\/\/www.gaveanews.com\/index.php\/2025\/02\/04\/desejo-por-ansu-fati-janela-de-transferencias-e-vlahovic-na-mira-as-ultimas-noticias-do-barcelona\/#breadcrumb"},"inLanguage":"pt-BR","potentialAction":[{"@type":"ReadAction","target":["https:\/\/www.gaveanews.com\/index.php\/2025\/02\/04\/desejo-por-ansu-fati-janela-de-transferencias-e-vlahovic-na-mira-as-ultimas-noticias-do-barcelona\/"]}]},{"@type":"ImageObject","inLanguage":"pt-BR","@id":"https:\/\/www.gaveanews.com\/index.php\/2025\/02\/04\/desejo-por-ansu-fati-janela-de-transferencias-e-vlahovic-na-mira-as-ultimas-noticias-do-barcelona\/#primaryimage","url":"https:\/\/www.gaveanews.com\/wp-content\/uploads\/philippe-coutinho-lionel-messi-luis-suarez-barcelona-girona-la-liga_1c2tt6dlw6rhn14f0bs2ogct4b.webp","contentUrl":"https:\/\/www.gaveanews.com\/wp-content\/uploads\/philippe-coutinho-lionel-messi-luis-suarez-barcelona-girona-la-liga_1c2tt6dlw6rhn14f0bs2ogct4b.webp","width":1920,"height":1080},{"@type":"BreadcrumbList","@id":"https:\/\/www.gaveanews.com\/index.php\/2025\/02\/04\/desejo-por-ansu-fati-janela-de-transferencias-e-vlahovic-na-mira-as-ultimas-noticias-do-barcelona\/#breadcrumb","itemListElement":[{"@type":"ListItem","position":1,"name":"Home","item":"https:\/\/www.gaveanews.com\/"},{"@type":"ListItem","position":2,"name":"Desejo por Ansu Fati, janela de transfer\u00eancias e Vlahovic na mira: as \u00faltimas not\u00edcias do Barcelona"}]},{"@type":"WebSite","@id":"https:\/\/www.gaveanews.com\/#website","url":"https:\/\/www.gaveanews.com\/","name":"G\u00e1vea News","description":"Veja todas as not\u00edcias sobre o Flamengo: Contrata\u00e7\u00f5es, categorias de base, resultados das partidas, tabela de classifica\u00e7\u00e3o, pr\u00f3ximos jogos!","potentialAction":[{"@type":"SearchAction","target":{"@type":"EntryPoint","urlTemplate":"https:\/\/www.gaveanews.com\/?s={search_term_string}"},"query-input":{"@type":"PropertyValueSpecification","valueRequired":true,"valueName":"search_term_string"}}],"inLanguage":"pt-BR"},{"@type":"Person","@id":"https:\/\/www.gaveanews.com\/#\/schema\/person\/8207cd4627f56151707418bfc835b2fb","name":"Matheus Felipe","image":{"@type":"ImageObject","inLanguage":"pt-BR","@id":"https:\/\/www.gaveanews.com\/#\/schema\/person\/image\/","url":"https:\/\/secure.gravatar.com\/avatar\/a452ffbed9130f726358b298bb3a99ce4bd3c5338411f8440e87e14d74c7c087?s=96&d=mm&r=g","contentUrl":"https:\/\/secure.gravatar.com\/avatar\/a452ffbed9130f726358b298bb3a99ce4bd3c5338411f8440e87e14d74c7c087?s=96&d=mm&r=g","caption":"Matheus Felipe"}}]}},"_links":{"self":[{"href":"https:\/\/www.gaveanews.com\/index.php\/wp-json\/wp\/v2\/posts\/222792","targetHints":{"allow":["GET"]}}],"collection":[{"href":"https:\/\/www.gaveanews.com\/index.php\/wp-json\/wp\/v2\/posts"}],"about":[{"href":"https:\/\/www.gaveanews.com\/index.php\/wp-json\/wp\/v2\/types\/post"}],"author":[{"embeddable":true,"href":"https:\/\/www.gaveanews.com\/index.php\/wp-json\/wp\/v2\/users\/27"}],"replies":[{"embeddable":true,"href":"https:\/\/www.gaveanews.com\/index.php\/wp-json\/wp\/v2\/comments?post=222792"}],"version-history":[{"count":1,"href":"https:\/\/www.gaveanews.com\/index.php\/wp-json\/wp\/v2\/posts\/222792\/revisions"}],"predecessor-version":[{"id":222812,"href":"https:\/\/www.gaveanews.com\/index.php\/wp-json\/wp\/v2\/posts\/222792\/revisions\/222812"}],"wp:featuredmedia":[{"embeddable":true,"href":"https:\/\/www.gaveanews.com\/index.php\/wp-json\/wp\/v2\/media\/116268"}],"wp:attachment":[{"href":"https:\/\/www.gaveanews.com\/index.php\/wp-json\/wp\/v2\/media?parent=222792"}],"wp:term":[{"taxonomy":"category","embeddable":true,"href":"https:\/\/www.gaveanews.com\/index.php\/wp-json\/wp\/v2\/categories?post=222792"},{"taxonomy":"post_tag","embeddable":true,"href":"https:\/\/www.gaveanews.com\/index.php\/wp-json\/wp\/v2\/tags?post=222792"}],"curies":[{"name":"wp","href":"https:\/\/api.w.org\/{rel}","templated":true}]}}