{"id":222796,"date":"2025-02-04T06:45:00","date_gmt":"2025-02-04T09:45:00","guid":{"rendered":"https:\/\/www.gaveanews.com\/?p=222796"},"modified":"2025-02-04T02:41:45","modified_gmt":"2025-02-04T05:41:45","slug":"caso-de-injuria-racial-situacao-de-di-yorio-e-os-jogadores-em-fim-de-contrato-as-ultimas-noticias-do-athletico-pr","status":"publish","type":"post","link":"https:\/\/www.gaveanews.com\/index.php\/2025\/02\/04\/caso-de-injuria-racial-situacao-de-di-yorio-e-os-jogadores-em-fim-de-contrato-as-ultimas-noticias-do-athletico-pr\/","title":{"rendered":"Caso de inj\u00faria racial, situa\u00e7\u00e3o de Di Yorio e os jogadores em fim de contrato: as \u00faltimas not\u00edcias do Athletico-PR"},"content":{"rendered":"\n<p>Nas \u00faltimas horas, o foco das not\u00edcias sobre o Athletico-PR se concentram nos bastidores do clube, com destaques do dia a dia do time.<\/p>\n\n\n\n<p>Por conta deste contexto, leia abaixo um resumo preparado pela equipe do portal G\u00e1vea News para lhe manter muito bem informado!<\/p>\n\n\n\n<h2 class=\"wp-block-heading\" id=\"h-os-jogadores-em-fim-de-contrato\">Os jogadores em fim de contrato<\/h2>\n\n\n\n<p>O Athletico-PR iniciou a temporada avaliando a situa\u00e7\u00e3o de diversos jogadores com contratos pr\u00f3ximos do fim. Com o elenco mesclando juventude e experi\u00eancia, a diretoria trabalha para definir quais atletas ter\u00e3o seus v\u00ednculos renovados e quais podem deixar o clube ao t\u00e9rmino da temporada. Essa an\u00e1lise \u00e9 fundamental para manter a competitividade da equipe e garantir um planejamento eficiente para o restante do ano<strong><a href=\"https:\/\/www.gaveanews.com\/index.php\/2025\/01\/25\/cuello-pablo-lucas-belezi-luciano-arriagada-matheus-babi-thiago-heleno-e-alan-kardec-os-jogadores-do-athletico-pr-em-fim-de-contrato\/\"> (leia a mat\u00e9ria completa).<\/a><\/strong><\/p>\n\n\n\n<figure class=\"wp-block-image size-full\"><img loading=\"lazy\" decoding=\"async\" width=\"984\" height=\"722\" src=\"http:\/\/www.gaveanews.com\/wp-content\/uploads\/Tomas-Cuello-pelo-Athletico-PR.webp\" alt=\"\" class=\"wp-image-168214\" srcset=\"https:\/\/www.gaveanews.com\/wp-content\/uploads\/Tomas-Cuello-pelo-Athletico-PR.webp 984w, https:\/\/www.gaveanews.com\/wp-content\/uploads\/Tomas-Cuello-pelo-Athletico-PR-300x220.webp 300w, https:\/\/www.gaveanews.com\/wp-content\/uploads\/Tomas-Cuello-pelo-Athletico-PR-768x564.webp 768w, https:\/\/www.gaveanews.com\/wp-content\/uploads\/Tomas-Cuello-pelo-Athletico-PR-572x420.webp 572w, https:\/\/www.gaveanews.com\/wp-content\/uploads\/Tomas-Cuello-pelo-Athletico-PR-80x60.webp 80w, https:\/\/www.gaveanews.com\/wp-content\/uploads\/Tomas-Cuello-pelo-Athletico-PR-640x470.webp 640w, https:\/\/www.gaveanews.com\/wp-content\/uploads\/Tomas-Cuello-pelo-Athletico-PR-681x500.webp 681w, https:\/\/www.gaveanews.com\/wp-content\/uploads\/Tomas-Cuello-pelo-Athletico-PR-100x73.webp 100w\" sizes=\"auto, (max-width: 984px) 100vw, 984px\" \/><figcaption class=\"wp-element-caption\">Tom\u00e1s Cuello pelo Athletico-PR (Foto: Jos\u00e9 Tramontin\/Athletico)<\/figcaption><\/figure>\n\n\n\n<p>Entre os jogadores com contratos se encerrando, destacam-se Thiago Heleno, refer\u00eancia defensiva do clube, e Pablo, \u00eddolo da torcida e pe\u00e7a importante no ataque. Al\u00e9m deles, Matheus Babi, emprestado ao Pe\u00f1arol, e Luciano Arriagada tamb\u00e9m est\u00e3o nessa situa\u00e7\u00e3o, assim como o jovem zagueiro Lucas Belezi. J\u00e1 Tom\u00e1s Cuello, alvo de especula\u00e7\u00f5es no mercado, e Alan Kardec, contratado no ano passado, completam a lista de atletas que podem sair ao fim da temporada.<\/p>\n\n\n\n<p>A diretoria do Furac\u00e3o ter\u00e1 que tomar decis\u00f5es estrat\u00e9gicas para equilibrar a manuten\u00e7\u00e3o de pe\u00e7as-chave com poss\u00edveis refor\u00e7os. A perman\u00eancia desses jogadores depender\u00e1 do desempenho ao longo do ano e das oportunidades que surgirem no mercado. Enquanto isso, o Athletico-PR segue focado em suas competi\u00e7\u00f5es, buscando manter um elenco forte e competitivo para os desafios da temporada.<\/p>\n\n\n\n<h2 class=\"wp-block-heading\" id=\"h-situacao-de-di-yorio\">Situa\u00e7\u00e3o de Di Yorio<\/h2>\n\n\n\n<p>O Athletico-PR est\u00e1 avan\u00e7ando nas negocia\u00e7\u00f5es para o empr\u00e9stimo de Lucas Di Yorio \u00e0 Universidad de Chile, em um acordo que incluiria op\u00e7\u00e3o de compra ao final do contrato. O clube chileno busca refor\u00e7ar seu ataque e v\u00ea o argentino como uma pe\u00e7a importante para a temporada de 2025. Embora a transa\u00e7\u00e3o ainda n\u00e3o tenha sido finalizada, as perspectivas s\u00e3o positivas para a conclus\u00e3o do neg\u00f3cio nos pr\u00f3ximos dias <strong><a href=\"https:\/\/www.gaveanews.com\/index.php\/2025\/01\/27\/athletico-pr-atualizacao-sobre-a-situacao-de-di-yorio\/\">(leia a mat\u00e9ria completa).<\/a><\/strong><\/p>\n\n\n\n<figure class=\"wp-block-image size-full\"><img loading=\"lazy\" decoding=\"async\" width=\"895\" height=\"674\" src=\"http:\/\/www.gaveanews.com\/wp-content\/uploads\/Lucas-Di-Yorio-pelo-Athletico-PR.webp\" alt=\"\" class=\"wp-image-173988\" srcset=\"https:\/\/www.gaveanews.com\/wp-content\/uploads\/Lucas-Di-Yorio-pelo-Athletico-PR.webp 895w, https:\/\/www.gaveanews.com\/wp-content\/uploads\/Lucas-Di-Yorio-pelo-Athletico-PR-300x226.webp 300w, https:\/\/www.gaveanews.com\/wp-content\/uploads\/Lucas-Di-Yorio-pelo-Athletico-PR-768x578.webp 768w, https:\/\/www.gaveanews.com\/wp-content\/uploads\/Lucas-Di-Yorio-pelo-Athletico-PR-558x420.webp 558w, https:\/\/www.gaveanews.com\/wp-content\/uploads\/Lucas-Di-Yorio-pelo-Athletico-PR-80x60.webp 80w, https:\/\/www.gaveanews.com\/wp-content\/uploads\/Lucas-Di-Yorio-pelo-Athletico-PR-160x120.webp 160w, https:\/\/www.gaveanews.com\/wp-content\/uploads\/Lucas-Di-Yorio-pelo-Athletico-PR-100x75.webp 100w, https:\/\/www.gaveanews.com\/wp-content\/uploads\/Lucas-Di-Yorio-pelo-Athletico-PR-200x150.webp 200w, https:\/\/www.gaveanews.com\/wp-content\/uploads\/Lucas-Di-Yorio-pelo-Athletico-PR-180x135.webp 180w, https:\/\/www.gaveanews.com\/wp-content\/uploads\/Lucas-Di-Yorio-pelo-Athletico-PR-360x270.webp 360w, https:\/\/www.gaveanews.com\/wp-content\/uploads\/Lucas-Di-Yorio-pelo-Athletico-PR-238x178.webp 238w, https:\/\/www.gaveanews.com\/wp-content\/uploads\/Lucas-Di-Yorio-pelo-Athletico-PR-640x482.webp 640w, https:\/\/www.gaveanews.com\/wp-content\/uploads\/Lucas-Di-Yorio-pelo-Athletico-PR-681x513.webp 681w\" sizes=\"auto, (max-width: 895px) 100vw, 895px\" \/><figcaption class=\"wp-element-caption\">Lucas Di Yorio pelo Athletico-PR (Foto: Divulga\u00e7\u00e3o\/CAP)<\/figcaption><\/figure>\n\n\n\n<p>Enquanto isso, o Athletico-PR segue lidando com a situa\u00e7\u00e3o de Mastriani, que se recupera de uma cirurgia no joelho e foi reintegrado ao elenco recentemente. <\/p>\n\n\n\n<p>O atacante uruguaio, que chegou a ser liberado para procurar um novo clube devido ao alto sal\u00e1rio, deve voltar a ser relacionado apenas na 8\u00aa rodada do campeonato estadual. Com sua aus\u00eancia inicial, Alan Kardec e Di Yorio disputaram a titularidade no setor ofensivo da equipe.<\/p>\n\n\n\n<p>Al\u00e9m do interesse da Universidad de Chile, Di Yorio enfrenta uma rela\u00e7\u00e3o conturbada com a torcida athleticana ap\u00f3s uma comemora\u00e7\u00e3o provocativa que gerou vaias nas arquibancadas. Apesar de ter se desculpado em seguida, o epis\u00f3dio n\u00e3o foi totalmente esquecido pelos torcedores. O alto sal\u00e1rio do atacante, em torno de R$ 400 mil mensais, tamb\u00e9m gerou questionamentos dentro do clube, tornando sua sa\u00edda uma possibilidade cada vez mais concreta.<\/p>\n\n\n\n<h2 class=\"wp-block-heading\" id=\"h-caso-de-injuria-racial\">Caso de inj\u00faria racial<\/h2>\n\n\n\n<p>O zagueiro L\u00e9o Pel\u00e9, do Athletico-PR, denunciou um caso de inj\u00faria racial ocorrido durante o cl\u00e1ssico contra o Coritiba, pelo Campeonato Paranaense. Expulso ainda no primeiro tempo da partida, o jogador foi alvo de ofensas racistas por parte de um torcedor advers\u00e1rio, que registrou e divulgou um v\u00eddeo com insultos. Indignado, L\u00e9o se manifestou em suas redes sociais, classificando o epis\u00f3dio como &#8220;inadmiss\u00edvel&#8221; e afirmando que tomar\u00e1 todas as medidas cab\u00edveis contra o agressor<strong><a href=\"https:\/\/www.gaveanews.com\/index.php\/2025\/01\/26\/leo-pele-se-manifesta-sobre-caso-de-injuria-racial-atraves-do-instagram\/\"> (leia a mat\u00e9ria completa).<\/a><\/strong><\/p>\n\n\n\n<figure class=\"wp-block-image size-full\"><img loading=\"lazy\" decoding=\"async\" width=\"727\" height=\"700\" src=\"http:\/\/www.gaveanews.com\/wp-content\/uploads\/Leo-Pele-Athletico.webp\" alt=\"\" class=\"wp-image-218239\"\/><figcaption class=\"wp-element-caption\">Foto: Divulga\u00e7\u00e3o\/Athletico<\/figcaption><\/figure>\n\n\n\n<p>Ap\u00f3s o jogo, o atleta tentou registrar um boletim de ocorr\u00eancia na Delegacia M\u00f3vel de Atendimento a Futebol e Eventos (Demafe), localizada no est\u00e1dio Couto Pereira, mas n\u00e3o encontrou nenhum agente dispon\u00edvel no local. No dia seguinte, o delegado Luiz Carlos de Oliveira confirmou que o caso ser\u00e1 investigado e que a pol\u00edcia j\u00e1 est\u00e1 trabalhando para identificar o respons\u00e1vel pelas ofensas. O epis\u00f3dio gerou grande repercuss\u00e3o e intensificou debates sobre o combate ao racismo no futebol brasileiro.<\/p>\n\n\n\n<p>Al\u00e9m da den\u00fancia, L\u00e9o Pel\u00e9 refor\u00e7ou a import\u00e2ncia da luta contra o preconceito, destacando que o sil\u00eancio diante dessas atitudes tamb\u00e9m contribui para sua perpetua\u00e7\u00e3o. O Athletico-PR e outras entidades esportivas demonstraram apoio ao jogador e pediram provid\u00eancias rigorosas contra o caso. O epis\u00f3dio evidencia a necessidade de a\u00e7\u00f5es mais efetivas para erradicar o racismo dos est\u00e1dios, garantindo que o futebol continue sendo um espa\u00e7o de inclus\u00e3o e respeito.<\/p>\n","protected":false},"excerpt":{"rendered":"<p>Nas \u00faltimas horas, o foco das not\u00edcias sobre o Athletico-PR se concentram nos bastidores do clube, com destaques do dia a dia do time. Por conta deste contexto, leia abaixo um resumo preparado pela equipe do portal G\u00e1vea News para lhe manter muito bem informado! Os jogadores em fim de contrato O Athletico-PR iniciou a [&hellip;]<\/p>\n","protected":false},"author":27,"featured_media":171383,"comment_status":"open","ping_status":"closed","sticky":false,"template":"","format":"standard","meta":{"footnotes":""},"categories":[134],"tags":[],"class_list":["post-222796","post","type-post","status-publish","format-standard","has-post-thumbnail","hentry","category-athletico-pr"],"yoast_head":"<!-- This site is optimized with the Yoast SEO Premium plugin v24.2 (Yoast SEO v26.9) - https:\/\/yoast.com\/product\/yoast-seo-premium-wordpress\/ -->\n<title>Caso de inj\u00faria racial, situa\u00e7\u00e3o de Di Yorio e os jogadores em fim de contrato: as \u00faltimas not\u00edcias do Athletico-PR<\/title>\n<meta name=\"robots\" content=\"index, follow, max-snippet:-1, max-image-preview:large, max-video-preview:-1\" \/>\n<link rel=\"canonical\" href=\"https:\/\/www.gaveanews.com\/index.php\/2025\/02\/04\/caso-de-injuria-racial-situacao-de-di-yorio-e-os-jogadores-em-fim-de-contrato-as-ultimas-noticias-do-athletico-pr\/\" \/>\n<meta property=\"og:locale\" content=\"pt_BR\" \/>\n<meta property=\"og:type\" content=\"article\" \/>\n<meta property=\"og:title\" content=\"Caso de inj\u00faria racial, situa\u00e7\u00e3o de Di Yorio e os jogadores em fim de contrato: as \u00faltimas not\u00edcias do Athletico-PR\" \/>\n<meta property=\"og:description\" content=\"Nas \u00faltimas horas, o foco das not\u00edcias sobre o Athletico-PR se concentram nos bastidores do clube, com destaques do dia a dia do time. Por conta deste contexto, leia abaixo um resumo preparado pela equipe do portal G\u00e1vea News para lhe manter muito bem informado! Os jogadores em fim de contrato O Athletico-PR iniciou a [&hellip;]\" \/>\n<meta property=\"og:url\" content=\"https:\/\/www.gaveanews.com\/index.php\/2025\/02\/04\/caso-de-injuria-racial-situacao-de-di-yorio-e-os-jogadores-em-fim-de-contrato-as-ultimas-noticias-do-athletico-pr\/\" \/>\n<meta property=\"og:site_name\" content=\"G\u00e1vea News\" \/>\n<meta property=\"article:publisher\" content=\"https:\/\/facebook.com\/gaveaNews\/\" \/>\n<meta property=\"article:published_time\" content=\"2025-02-04T09:45:00+00:00\" \/>\n<meta property=\"og:image\" content=\"https:\/\/www.gaveanews.com\/wp-content\/uploads\/Pablo-em-acao-pelo-Athletico-PR.webp\" \/>\n\t<meta property=\"og:image:width\" content=\"588\" \/>\n\t<meta property=\"og:image:height\" content=\"546\" \/>\n\t<meta property=\"og:image:type\" content=\"image\/jpeg\" \/>\n<meta name=\"author\" content=\"Matheus Felipe\" \/>\n<meta name=\"twitter:card\" content=\"summary_large_image\" \/>\n<meta name=\"twitter:label1\" content=\"Escrito por\" \/>\n\t<meta name=\"twitter:data1\" content=\"Matheus Felipe\" \/>\n\t<meta name=\"twitter:label2\" content=\"Est. tempo de leitura\" \/>\n\t<meta name=\"twitter:data2\" content=\"5 minutos\" \/>\n<script type=\"application\/ld+json\" class=\"yoast-schema-graph\">{\"@context\":\"https:\/\/schema.org\",\"@graph\":[{\"@type\":\"NewsArticle\",\"@id\":\"https:\/\/www.gaveanews.com\/index.php\/2025\/02\/04\/caso-de-injuria-racial-situacao-de-di-yorio-e-os-jogadores-em-fim-de-contrato-as-ultimas-noticias-do-athletico-pr\/#article\",\"isPartOf\":{\"@id\":\"https:\/\/www.gaveanews.com\/index.php\/2025\/02\/04\/caso-de-injuria-racial-situacao-de-di-yorio-e-os-jogadores-em-fim-de-contrato-as-ultimas-noticias-do-athletico-pr\/\"},\"author\":{\"name\":\"Matheus Felipe\",\"@id\":\"https:\/\/www.gaveanews.com\/#\/schema\/person\/8207cd4627f56151707418bfc835b2fb\"},\"headline\":\"Caso de inj\u00faria racial, situa\u00e7\u00e3o de Di Yorio e os jogadores em fim de contrato: as \u00faltimas not\u00edcias do Athletico-PR\",\"datePublished\":\"2025-02-04T09:45:00+00:00\",\"mainEntityOfPage\":{\"@id\":\"https:\/\/www.gaveanews.com\/index.php\/2025\/02\/04\/caso-de-injuria-racial-situacao-de-di-yorio-e-os-jogadores-em-fim-de-contrato-as-ultimas-noticias-do-athletico-pr\/\"},\"wordCount\":822,\"commentCount\":0,\"image\":{\"@id\":\"https:\/\/www.gaveanews.com\/index.php\/2025\/02\/04\/caso-de-injuria-racial-situacao-de-di-yorio-e-os-jogadores-em-fim-de-contrato-as-ultimas-noticias-do-athletico-pr\/#primaryimage\"},\"thumbnailUrl\":\"https:\/\/www.gaveanews.com\/wp-content\/uploads\/Pablo-em-acao-pelo-Athletico-PR.webp\",\"articleSection\":[\"Athletico-PR\"],\"inLanguage\":\"pt-BR\",\"potentialAction\":[{\"@type\":\"CommentAction\",\"name\":\"Comment\",\"target\":[\"https:\/\/www.gaveanews.com\/index.php\/2025\/02\/04\/caso-de-injuria-racial-situacao-de-di-yorio-e-os-jogadores-em-fim-de-contrato-as-ultimas-noticias-do-athletico-pr\/#respond\"]}],\"copyrightYear\":\"2025\",\"copyrightHolder\":{\"@id\":\"https:\/\/www.gaveanews.com\/#organization\"}},{\"@type\":\"WebPage\",\"@id\":\"https:\/\/www.gaveanews.com\/index.php\/2025\/02\/04\/caso-de-injuria-racial-situacao-de-di-yorio-e-os-jogadores-em-fim-de-contrato-as-ultimas-noticias-do-athletico-pr\/\",\"url\":\"https:\/\/www.gaveanews.com\/index.php\/2025\/02\/04\/caso-de-injuria-racial-situacao-de-di-yorio-e-os-jogadores-em-fim-de-contrato-as-ultimas-noticias-do-athletico-pr\/\",\"name\":\"Caso de inj\u00faria racial, situa\u00e7\u00e3o de Di Yorio e os jogadores em fim de contrato: as \u00faltimas not\u00edcias do Athletico-PR\",\"isPartOf\":{\"@id\":\"https:\/\/www.gaveanews.com\/#website\"},\"primaryImageOfPage\":{\"@id\":\"https:\/\/www.gaveanews.com\/index.php\/2025\/02\/04\/caso-de-injuria-racial-situacao-de-di-yorio-e-os-jogadores-em-fim-de-contrato-as-ultimas-noticias-do-athletico-pr\/#primaryimage\"},\"image\":{\"@id\":\"https:\/\/www.gaveanews.com\/index.php\/2025\/02\/04\/caso-de-injuria-racial-situacao-de-di-yorio-e-os-jogadores-em-fim-de-contrato-as-ultimas-noticias-do-athletico-pr\/#primaryimage\"},\"thumbnailUrl\":\"https:\/\/www.gaveanews.com\/wp-content\/uploads\/Pablo-em-acao-pelo-Athletico-PR.webp\",\"datePublished\":\"2025-02-04T09:45:00+00:00\",\"author\":{\"@id\":\"https:\/\/www.gaveanews.com\/#\/schema\/person\/8207cd4627f56151707418bfc835b2fb\"},\"breadcrumb\":{\"@id\":\"https:\/\/www.gaveanews.com\/index.php\/2025\/02\/04\/caso-de-injuria-racial-situacao-de-di-yorio-e-os-jogadores-em-fim-de-contrato-as-ultimas-noticias-do-athletico-pr\/#breadcrumb\"},\"inLanguage\":\"pt-BR\",\"potentialAction\":[{\"@type\":\"ReadAction\",\"target\":[\"https:\/\/www.gaveanews.com\/index.php\/2025\/02\/04\/caso-de-injuria-racial-situacao-de-di-yorio-e-os-jogadores-em-fim-de-contrato-as-ultimas-noticias-do-athletico-pr\/\"]}]},{\"@type\":\"ImageObject\",\"inLanguage\":\"pt-BR\",\"@id\":\"https:\/\/www.gaveanews.com\/index.php\/2025\/02\/04\/caso-de-injuria-racial-situacao-de-di-yorio-e-os-jogadores-em-fim-de-contrato-as-ultimas-noticias-do-athletico-pr\/#primaryimage\",\"url\":\"https:\/\/www.gaveanews.com\/wp-content\/uploads\/Pablo-em-acao-pelo-Athletico-PR.webp\",\"contentUrl\":\"https:\/\/www.gaveanews.com\/wp-content\/uploads\/Pablo-em-acao-pelo-Athletico-PR.webp\",\"width\":588,\"height\":546,\"caption\":\"Pablo em a\u00e7\u00e3o pelo Athletico-PR (Foto: Jos\u00e9 Tramontin\/Athletico)\"},{\"@type\":\"BreadcrumbList\",\"@id\":\"https:\/\/www.gaveanews.com\/index.php\/2025\/02\/04\/caso-de-injuria-racial-situacao-de-di-yorio-e-os-jogadores-em-fim-de-contrato-as-ultimas-noticias-do-athletico-pr\/#breadcrumb\",\"itemListElement\":[{\"@type\":\"ListItem\",\"position\":1,\"name\":\"Home\",\"item\":\"https:\/\/www.gaveanews.com\/\"},{\"@type\":\"ListItem\",\"position\":2,\"name\":\"Caso de inj\u00faria racial, situa\u00e7\u00e3o de Di Yorio e os jogadores em fim de contrato: as \u00faltimas not\u00edcias do Athletico-PR\"}]},{\"@type\":\"WebSite\",\"@id\":\"https:\/\/www.gaveanews.com\/#website\",\"url\":\"https:\/\/www.gaveanews.com\/\",\"name\":\"G\u00e1vea News\",\"description\":\"Veja todas as not\u00edcias sobre o Flamengo: Contrata\u00e7\u00f5es, categorias de base, resultados das partidas, tabela de classifica\u00e7\u00e3o, pr\u00f3ximos jogos!\",\"potentialAction\":[{\"@type\":\"SearchAction\",\"target\":{\"@type\":\"EntryPoint\",\"urlTemplate\":\"https:\/\/www.gaveanews.com\/?s={search_term_string}\"},\"query-input\":{\"@type\":\"PropertyValueSpecification\",\"valueRequired\":true,\"valueName\":\"search_term_string\"}}],\"inLanguage\":\"pt-BR\"},{\"@type\":\"Person\",\"@id\":\"https:\/\/www.gaveanews.com\/#\/schema\/person\/8207cd4627f56151707418bfc835b2fb\",\"name\":\"Matheus Felipe\",\"image\":{\"@type\":\"ImageObject\",\"inLanguage\":\"pt-BR\",\"@id\":\"https:\/\/www.gaveanews.com\/#\/schema\/person\/image\/\",\"url\":\"https:\/\/secure.gravatar.com\/avatar\/a452ffbed9130f726358b298bb3a99ce4bd3c5338411f8440e87e14d74c7c087?s=96&d=mm&r=g\",\"contentUrl\":\"https:\/\/secure.gravatar.com\/avatar\/a452ffbed9130f726358b298bb3a99ce4bd3c5338411f8440e87e14d74c7c087?s=96&d=mm&r=g\",\"caption\":\"Matheus Felipe\"}}]}<\/script>\n<!-- \/ Yoast SEO Premium plugin. -->","yoast_head_json":{"title":"Caso de inj\u00faria racial, situa\u00e7\u00e3o de Di Yorio e os jogadores em fim de contrato: as \u00faltimas not\u00edcias do Athletico-PR","robots":{"index":"index","follow":"follow","max-snippet":"max-snippet:-1","max-image-preview":"max-image-preview:large","max-video-preview":"max-video-preview:-1"},"canonical":"https:\/\/www.gaveanews.com\/index.php\/2025\/02\/04\/caso-de-injuria-racial-situacao-de-di-yorio-e-os-jogadores-em-fim-de-contrato-as-ultimas-noticias-do-athletico-pr\/","og_locale":"pt_BR","og_type":"article","og_title":"Caso de inj\u00faria racial, situa\u00e7\u00e3o de Di Yorio e os jogadores em fim de contrato: as \u00faltimas not\u00edcias do Athletico-PR","og_description":"Nas \u00faltimas horas, o foco das not\u00edcias sobre o Athletico-PR se concentram nos bastidores do clube, com destaques do dia a dia do time. Por conta deste contexto, leia abaixo um resumo preparado pela equipe do portal G\u00e1vea News para lhe manter muito bem informado! Os jogadores em fim de contrato O Athletico-PR iniciou a [&hellip;]","og_url":"https:\/\/www.gaveanews.com\/index.php\/2025\/02\/04\/caso-de-injuria-racial-situacao-de-di-yorio-e-os-jogadores-em-fim-de-contrato-as-ultimas-noticias-do-athletico-pr\/","og_site_name":"G\u00e1vea News","article_publisher":"https:\/\/facebook.com\/gaveaNews\/","article_published_time":"2025-02-04T09:45:00+00:00","og_image":[{"width":588,"height":546,"url":"https:\/\/www.gaveanews.com\/wp-content\/uploads\/Pablo-em-acao-pelo-Athletico-PR.webp","type":"image\/jpeg"}],"author":"Matheus Felipe","twitter_card":"summary_large_image","twitter_misc":{"Escrito por":"Matheus Felipe","Est. tempo de leitura":"5 minutos"},"schema":{"@context":"https:\/\/schema.org","@graph":[{"@type":"NewsArticle","@id":"https:\/\/www.gaveanews.com\/index.php\/2025\/02\/04\/caso-de-injuria-racial-situacao-de-di-yorio-e-os-jogadores-em-fim-de-contrato-as-ultimas-noticias-do-athletico-pr\/#article","isPartOf":{"@id":"https:\/\/www.gaveanews.com\/index.php\/2025\/02\/04\/caso-de-injuria-racial-situacao-de-di-yorio-e-os-jogadores-em-fim-de-contrato-as-ultimas-noticias-do-athletico-pr\/"},"author":{"name":"Matheus Felipe","@id":"https:\/\/www.gaveanews.com\/#\/schema\/person\/8207cd4627f56151707418bfc835b2fb"},"headline":"Caso de inj\u00faria racial, situa\u00e7\u00e3o de Di Yorio e os jogadores em fim de contrato: as \u00faltimas not\u00edcias do Athletico-PR","datePublished":"2025-02-04T09:45:00+00:00","mainEntityOfPage":{"@id":"https:\/\/www.gaveanews.com\/index.php\/2025\/02\/04\/caso-de-injuria-racial-situacao-de-di-yorio-e-os-jogadores-em-fim-de-contrato-as-ultimas-noticias-do-athletico-pr\/"},"wordCount":822,"commentCount":0,"image":{"@id":"https:\/\/www.gaveanews.com\/index.php\/2025\/02\/04\/caso-de-injuria-racial-situacao-de-di-yorio-e-os-jogadores-em-fim-de-contrato-as-ultimas-noticias-do-athletico-pr\/#primaryimage"},"thumbnailUrl":"https:\/\/www.gaveanews.com\/wp-content\/uploads\/Pablo-em-acao-pelo-Athletico-PR.webp","articleSection":["Athletico-PR"],"inLanguage":"pt-BR","potentialAction":[{"@type":"CommentAction","name":"Comment","target":["https:\/\/www.gaveanews.com\/index.php\/2025\/02\/04\/caso-de-injuria-racial-situacao-de-di-yorio-e-os-jogadores-em-fim-de-contrato-as-ultimas-noticias-do-athletico-pr\/#respond"]}],"copyrightYear":"2025","copyrightHolder":{"@id":"https:\/\/www.gaveanews.com\/#organization"}},{"@type":"WebPage","@id":"https:\/\/www.gaveanews.com\/index.php\/2025\/02\/04\/caso-de-injuria-racial-situacao-de-di-yorio-e-os-jogadores-em-fim-de-contrato-as-ultimas-noticias-do-athletico-pr\/","url":"https:\/\/www.gaveanews.com\/index.php\/2025\/02\/04\/caso-de-injuria-racial-situacao-de-di-yorio-e-os-jogadores-em-fim-de-contrato-as-ultimas-noticias-do-athletico-pr\/","name":"Caso de inj\u00faria racial, situa\u00e7\u00e3o de Di Yorio e os jogadores em fim de contrato: as \u00faltimas not\u00edcias do Athletico-PR","isPartOf":{"@id":"https:\/\/www.gaveanews.com\/#website"},"primaryImageOfPage":{"@id":"https:\/\/www.gaveanews.com\/index.php\/2025\/02\/04\/caso-de-injuria-racial-situacao-de-di-yorio-e-os-jogadores-em-fim-de-contrato-as-ultimas-noticias-do-athletico-pr\/#primaryimage"},"image":{"@id":"https:\/\/www.gaveanews.com\/index.php\/2025\/02\/04\/caso-de-injuria-racial-situacao-de-di-yorio-e-os-jogadores-em-fim-de-contrato-as-ultimas-noticias-do-athletico-pr\/#primaryimage"},"thumbnailUrl":"https:\/\/www.gaveanews.com\/wp-content\/uploads\/Pablo-em-acao-pelo-Athletico-PR.webp","datePublished":"2025-02-04T09:45:00+00:00","author":{"@id":"https:\/\/www.gaveanews.com\/#\/schema\/person\/8207cd4627f56151707418bfc835b2fb"},"breadcrumb":{"@id":"https:\/\/www.gaveanews.com\/index.php\/2025\/02\/04\/caso-de-injuria-racial-situacao-de-di-yorio-e-os-jogadores-em-fim-de-contrato-as-ultimas-noticias-do-athletico-pr\/#breadcrumb"},"inLanguage":"pt-BR","potentialAction":[{"@type":"ReadAction","target":["https:\/\/www.gaveanews.com\/index.php\/2025\/02\/04\/caso-de-injuria-racial-situacao-de-di-yorio-e-os-jogadores-em-fim-de-contrato-as-ultimas-noticias-do-athletico-pr\/"]}]},{"@type":"ImageObject","inLanguage":"pt-BR","@id":"https:\/\/www.gaveanews.com\/index.php\/2025\/02\/04\/caso-de-injuria-racial-situacao-de-di-yorio-e-os-jogadores-em-fim-de-contrato-as-ultimas-noticias-do-athletico-pr\/#primaryimage","url":"https:\/\/www.gaveanews.com\/wp-content\/uploads\/Pablo-em-acao-pelo-Athletico-PR.webp","contentUrl":"https:\/\/www.gaveanews.com\/wp-content\/uploads\/Pablo-em-acao-pelo-Athletico-PR.webp","width":588,"height":546,"caption":"Pablo em a\u00e7\u00e3o pelo Athletico-PR (Foto: Jos\u00e9 Tramontin\/Athletico)"},{"@type":"BreadcrumbList","@id":"https:\/\/www.gaveanews.com\/index.php\/2025\/02\/04\/caso-de-injuria-racial-situacao-de-di-yorio-e-os-jogadores-em-fim-de-contrato-as-ultimas-noticias-do-athletico-pr\/#breadcrumb","itemListElement":[{"@type":"ListItem","position":1,"name":"Home","item":"https:\/\/www.gaveanews.com\/"},{"@type":"ListItem","position":2,"name":"Caso de inj\u00faria racial, situa\u00e7\u00e3o de Di Yorio e os jogadores em fim de contrato: as \u00faltimas not\u00edcias do Athletico-PR"}]},{"@type":"WebSite","@id":"https:\/\/www.gaveanews.com\/#website","url":"https:\/\/www.gaveanews.com\/","name":"G\u00e1vea News","description":"Veja todas as not\u00edcias sobre o Flamengo: Contrata\u00e7\u00f5es, categorias de base, resultados das partidas, tabela de classifica\u00e7\u00e3o, pr\u00f3ximos jogos!","potentialAction":[{"@type":"SearchAction","target":{"@type":"EntryPoint","urlTemplate":"https:\/\/www.gaveanews.com\/?s={search_term_string}"},"query-input":{"@type":"PropertyValueSpecification","valueRequired":true,"valueName":"search_term_string"}}],"inLanguage":"pt-BR"},{"@type":"Person","@id":"https:\/\/www.gaveanews.com\/#\/schema\/person\/8207cd4627f56151707418bfc835b2fb","name":"Matheus Felipe","image":{"@type":"ImageObject","inLanguage":"pt-BR","@id":"https:\/\/www.gaveanews.com\/#\/schema\/person\/image\/","url":"https:\/\/secure.gravatar.com\/avatar\/a452ffbed9130f726358b298bb3a99ce4bd3c5338411f8440e87e14d74c7c087?s=96&d=mm&r=g","contentUrl":"https:\/\/secure.gravatar.com\/avatar\/a452ffbed9130f726358b298bb3a99ce4bd3c5338411f8440e87e14d74c7c087?s=96&d=mm&r=g","caption":"Matheus Felipe"}}]}},"_links":{"self":[{"href":"https:\/\/www.gaveanews.com\/index.php\/wp-json\/wp\/v2\/posts\/222796","targetHints":{"allow":["GET"]}}],"collection":[{"href":"https:\/\/www.gaveanews.com\/index.php\/wp-json\/wp\/v2\/posts"}],"about":[{"href":"https:\/\/www.gaveanews.com\/index.php\/wp-json\/wp\/v2\/types\/post"}],"author":[{"embeddable":true,"href":"https:\/\/www.gaveanews.com\/index.php\/wp-json\/wp\/v2\/users\/27"}],"replies":[{"embeddable":true,"href":"https:\/\/www.gaveanews.com\/index.php\/wp-json\/wp\/v2\/comments?post=222796"}],"version-history":[{"count":1,"href":"https:\/\/www.gaveanews.com\/index.php\/wp-json\/wp\/v2\/posts\/222796\/revisions"}],"predecessor-version":[{"id":222811,"href":"https:\/\/www.gaveanews.com\/index.php\/wp-json\/wp\/v2\/posts\/222796\/revisions\/222811"}],"wp:featuredmedia":[{"embeddable":true,"href":"https:\/\/www.gaveanews.com\/index.php\/wp-json\/wp\/v2\/media\/171383"}],"wp:attachment":[{"href":"https:\/\/www.gaveanews.com\/index.php\/wp-json\/wp\/v2\/media?parent=222796"}],"wp:term":[{"taxonomy":"category","embeddable":true,"href":"https:\/\/www.gaveanews.com\/index.php\/wp-json\/wp\/v2\/categories?post=222796"},{"taxonomy":"post_tag","embeddable":true,"href":"https:\/\/www.gaveanews.com\/index.php\/wp-json\/wp\/v2\/tags?post=222796"}],"curies":[{"name":"wp","href":"https:\/\/api.w.org\/{rel}","templated":true}]}}