{"id":222800,"date":"2025-02-04T06:55:00","date_gmt":"2025-02-04T09:55:00","guid":{"rendered":"https:\/\/www.gaveanews.com\/?p=222800"},"modified":"2025-02-04T02:51:58","modified_gmt":"2025-02-04T05:51:58","slug":"situacao-de-arthur-recado-de-marcelo-teixeira-e-declaracao-de-neymar-as-ultimas-noticias-do-santos","status":"publish","type":"post","link":"https:\/\/www.gaveanews.com\/index.php\/2025\/02\/04\/situacao-de-arthur-recado-de-marcelo-teixeira-e-declaracao-de-neymar-as-ultimas-noticias-do-santos\/","title":{"rendered":"Situa\u00e7\u00e3o de Arthur, recado de Marcelo Teixeira e declara\u00e7\u00e3o de Neymar: as \u00faltimas not\u00edcias do Santos"},"content":{"rendered":"\n<p>Nas \u00faltimas horas, o foco das not\u00edcias sobre o Santos se concentram nos bastidores do clube, com destaques do dia a dia do time.<\/p>\n\n\n\n<p>Por conta deste contexto, leia abaixo um resumo preparado pela equipe do portal G\u00e1vea News para lhe manter muito bem informado!<\/p>\n\n\n\n<h2 class=\"wp-block-heading\" id=\"h-declaracao-de-neymar\">Declara\u00e7\u00e3o de Neymar<\/h2>\n\n\n\n<p>O retorno de Neymar ao Santos, ap\u00f3s 12 anos no futebol europeu, foi um momento marcante para o jogador, o clube e seus torcedores. Entre as muitas rea\u00e7\u00f5es \u00e0 sua volta, Robson Junior, filho do ex-atacante Robinho, celebrou a reestreia do craque com uma mensagem emocionada nas redes sociais. O jovem destacou a felicidade de ver Neymar novamente vestindo a camisa do Peixe e mencionou a admira\u00e7\u00e3o que sente pelo jogador, que respondeu com carinho, refor\u00e7ando o v\u00ednculo com a fam\u00edlia de seu ex-companheiro de equipe <strong><a href=\"https:\/\/www.gaveanews.com\/index.php\/2025\/02\/01\/a-declaracao-de-neymar-para-o-filho-de-robinho\/\">(leia a mat\u00e9ria completa).<\/a><\/strong><\/p>\n\n\n\n<figure class=\"wp-block-image size-full\"><img loading=\"lazy\" decoding=\"async\" width=\"573\" height=\"636\" src=\"http:\/\/www.gaveanews.com\/wp-content\/uploads\/Neymar-volta-ao-Santos.webp\" alt=\"\" class=\"wp-image-221593\"\/><figcaption class=\"wp-element-caption\">Neymar volta ao Santos (Foto: GuilhermeKastner \/ Santos FC)<\/figcaption><\/figure>\n\n\n\n<p>Neymar respondeu \u00e0 publica\u00e7\u00e3o de Robson Junior com uma mensagem que demonstrou a forte rela\u00e7\u00e3o constru\u00edda ao longo dos anos: &#8220;Bora moleque, teu pai cuidou de mim e eu cuidarei de voc\u00ea&#8221;. <\/p>\n\n\n\n<p>A frase refor\u00e7a a conex\u00e3o entre as gera\u00e7\u00f5es e mostra que o craque n\u00e3o apenas reconhece a import\u00e2ncia de Robinho em sua trajet\u00f3ria, mas tamb\u00e9m se v\u00ea como um mentor para o filho do ex-jogador. Essa intera\u00e7\u00e3o gerou grande repercuss\u00e3o entre os torcedores santistas, que enxergam no retorno de Neymar um novo cap\u00edtulo de gl\u00f3rias para o clube.<\/p>\n\n\n\n<p>A volta do atacante ao Santos, com um contrato inicial de seis meses, renova as esperan\u00e7as da torcida em um per\u00edodo de reconstru\u00e7\u00e3o para o time. Apesar dos desafios enfrentados recentemente no futebol saudita, Neymar chega motivado para ajudar o Peixe a recuperar seu prest\u00edgio. Sua experi\u00eancia internacional e qualidade t\u00e9cnica podem ser decisivas para impulsionar o clube e reacender a paix\u00e3o dos torcedores, consolidando ainda mais seu legado na hist\u00f3ria santista.<\/p>\n\n\n\n<h2 class=\"wp-block-heading\" id=\"h-recado-de-marcelo-teixeira\">Recado de Marcelo Teixeira<\/h2>\n\n\n\n<p>O presidente do Santos, Marcelo Teixeira, detalhou o retorno de Neymar ao clube e garantiu que h\u00e1 um plano para mant\u00ea-lo al\u00e9m do contrato inicial, que vai at\u00e9 junho deste ano. Em entrevista, Teixeira destacou que a contrata\u00e7\u00e3o do craque foi um movimento ousado, mas planejado, e que o mercado j\u00e1 reagiu positivamente \u00e0 sua chegada. Segundo ele, o impacto financeiro da volta do jogador j\u00e1 pode ser sentido, com o aumento significativo nas receitas do clube, o que refor\u00e7a a viabilidade do projeto para a perman\u00eancia do \u00eddolo santista<strong><a href=\"https:\/\/www.gaveanews.com\/index.php\/2025\/02\/01\/santos-marcelo-teixeira-fala-com-detalhes-sobre-retorno-de-neymar\/\"> (leia a mat\u00e9ria completa).<\/a><\/strong><\/p>\n\n\n\n<figure class=\"wp-block-image size-full\"><img loading=\"lazy\" decoding=\"async\" width=\"1024\" height=\"683\" src=\"http:\/\/www.gaveanews.com\/wp-content\/uploads\/Marcelo-Teixeira-apos-a-eleicao-do-Santos-em-2023.webp\" alt=\"\" class=\"wp-image-147635\" srcset=\"https:\/\/www.gaveanews.com\/wp-content\/uploads\/Marcelo-Teixeira-apos-a-eleicao-do-Santos-em-2023.webp 1024w, https:\/\/www.gaveanews.com\/wp-content\/uploads\/Marcelo-Teixeira-apos-a-eleicao-do-Santos-em-2023-300x200.webp 300w, https:\/\/www.gaveanews.com\/wp-content\/uploads\/Marcelo-Teixeira-apos-a-eleicao-do-Santos-em-2023-768x512.webp 768w, https:\/\/www.gaveanews.com\/wp-content\/uploads\/Marcelo-Teixeira-apos-a-eleicao-do-Santos-em-2023-630x420.webp 630w, https:\/\/www.gaveanews.com\/wp-content\/uploads\/Marcelo-Teixeira-apos-a-eleicao-do-Santos-em-2023-640x427.webp 640w, https:\/\/www.gaveanews.com\/wp-content\/uploads\/Marcelo-Teixeira-apos-a-eleicao-do-Santos-em-2023-681x454.webp 681w, https:\/\/www.gaveanews.com\/wp-content\/uploads\/Marcelo-Teixeira-apos-a-eleicao-do-Santos-em-2023-1022x683.webp 1022w, https:\/\/www.gaveanews.com\/wp-content\/uploads\/Marcelo-Teixeira-apos-a-eleicao-do-Santos-em-2023-100x67.webp 100w\" sizes=\"auto, (max-width: 1024px) 100vw, 1024px\" \/><figcaption class=\"wp-element-caption\">Marcelo Teixeira ap\u00f3s a elei\u00e7\u00e3o do Santos em 2023 (Foto: Reprodu\u00e7\u00e3o\/Santos)<\/figcaption><\/figure>\n\n\n\n<p>O dirigente revelou que as negocia\u00e7\u00f5es com Neymar come\u00e7aram em dezembro de 2024 e foram conduzidas com paci\u00eancia, respeitando o tempo do jogador e de sua fam\u00edlia. Ele afirmou que o principal objetivo foi concretizar o retorno do craque e, agora, o foco ser\u00e1 criar as condi\u00e7\u00f5es para que ele continue no clube por mais tempo. Teixeira ressaltou que Neymar acreditou no projeto do Santos, o que pode facilitar a renova\u00e7\u00e3o do v\u00ednculo ap\u00f3s o fim do atual contrato.<\/p>\n\n\n\n<p>Apesar da curta dura\u00e7\u00e3o do acordo, o presidente santista demonstrou otimismo quanto \u00e0 perman\u00eancia do atacante, afirmando que a energia da torcida e a recep\u00e7\u00e3o calorosa podem influenciar sua decis\u00e3o de estender o compromisso com o clube. Com Neymar de volta, o Santos busca n\u00e3o apenas melhorar seu desempenho esportivo, mas tamb\u00e9m consolidar sua recupera\u00e7\u00e3o financeira e fortalecer sua marca no futebol brasileiro e internacional.<\/p>\n\n\n\n<h2 class=\"wp-block-heading\" id=\"h-situacao-de-arthur\">Situa\u00e7\u00e3o de Arthur<\/h2>\n\n\n\n<p>Com o retorno de Neymar ao Santos, cresce a especula\u00e7\u00e3o sobre a chegada de outros jogadores para refor\u00e7ar a equipe. Um dos nomes mais comentados \u00e9 o de Arthur Melo, meio-campista da Juventus, que pode ser emprestado ao Peixe com op\u00e7\u00e3o de compra. Revelado pelo Gr\u00eamio, Arthur teve passagens por Barcelona e Juventus, mas sofreu com les\u00f5es e falta de sequ\u00eancia. Segundo o jornalista Fabrizio Romano, as negocia\u00e7\u00f5es entre Santos e Juventus est\u00e3o em andamento e podem resultar na vinda do jogador nos pr\u00f3ximos meses <strong><a href=\"https:\/\/www.gaveanews.com\/index.php\/2025\/01\/29\/ele-quer-jogar-no-santos-para-ser-companheiro-de-neymar\/\">(leia a mat\u00e9ria completa).<\/a><\/strong><\/p>\n\n\n\n<figure class=\"wp-block-image size-full\"><img loading=\"lazy\" decoding=\"async\" width=\"720\" height=\"406\" src=\"http:\/\/www.gaveanews.com\/wp-content\/uploads\/Arthur-Juventus.webp\" alt=\"Arthur Juventus\" class=\"wp-image-219303\"\/><figcaption class=\"wp-element-caption\">Arthur em a\u00e7\u00e3o pela Juventus (Foto: Divulga\u00e7\u00e3o)<\/figcaption><\/figure>\n\n\n\n<p>A trajet\u00f3ria de Arthur na Europa teve momentos promissores, mas tamb\u00e9m desafios. Ele se destacou ao vencer a Libertadores com o Gr\u00eamio em 2017 e iniciou bem no Barcelona, conquistando La Liga e a Supercopa da Espanha. Por\u00e9m, perdeu espa\u00e7o e foi transferido para a Juventus em 2020, onde tamb\u00e9m n\u00e3o conseguiu se firmar. Empr\u00e9stimos ao Liverpool e \u00e0 Fiorentina nos \u00faltimos anos n\u00e3o foram suficientes para recuperar seu melhor futebol, tornando uma volta ao Brasil uma alternativa interessante para retomar a carreira.<\/p>\n\n\n\n<p>O Santos enxerga em Arthur um refor\u00e7o de peso para fortalecer o meio-campo e criar um time competitivo ao lado de Neymar. Caso a negocia\u00e7\u00e3o se concretize, o jogador ter\u00e1 a chance de recome\u00e7ar no futebol brasileiro, buscando regularidade e um papel de destaque na equipe. A torcida santista, empolgada com a volta do \u00eddolo Neymar, aguarda ansiosamente por novas contrata\u00e7\u00f5es que possam elevar o n\u00edvel do time na temporada.<\/p>\n","protected":false},"excerpt":{"rendered":"<p>Nas \u00faltimas horas, o foco das not\u00edcias sobre o Santos se concentram nos bastidores do clube, com destaques do dia a dia do time. Por conta deste contexto, leia abaixo um resumo preparado pela equipe do portal G\u00e1vea News para lhe manter muito bem informado! Declara\u00e7\u00e3o de Neymar O retorno de Neymar ao Santos, ap\u00f3s [&hellip;]<\/p>\n","protected":false},"author":27,"featured_media":152156,"comment_status":"open","ping_status":"closed","sticky":false,"template":"","format":"standard","meta":{"footnotes":""},"categories":[139],"tags":[],"class_list":["post-222800","post","type-post","status-publish","format-standard","has-post-thumbnail","hentry","category-santos"],"yoast_head":"<!-- This site is optimized with the Yoast SEO Premium plugin v24.2 (Yoast SEO v26.9) - https:\/\/yoast.com\/product\/yoast-seo-premium-wordpress\/ -->\n<title>Situa\u00e7\u00e3o de Arthur, recado de Marcelo Teixeira e declara\u00e7\u00e3o de Neymar: as \u00faltimas not\u00edcias do Santos<\/title>\n<meta name=\"robots\" content=\"index, follow, max-snippet:-1, max-image-preview:large, max-video-preview:-1\" \/>\n<link rel=\"canonical\" href=\"https:\/\/www.gaveanews.com\/index.php\/2025\/02\/04\/situacao-de-arthur-recado-de-marcelo-teixeira-e-declaracao-de-neymar-as-ultimas-noticias-do-santos\/\" \/>\n<meta property=\"og:locale\" content=\"pt_BR\" \/>\n<meta property=\"og:type\" content=\"article\" \/>\n<meta property=\"og:title\" content=\"Situa\u00e7\u00e3o de Arthur, recado de Marcelo Teixeira e declara\u00e7\u00e3o de Neymar: as \u00faltimas not\u00edcias do Santos\" \/>\n<meta property=\"og:description\" content=\"Nas \u00faltimas horas, o foco das not\u00edcias sobre o Santos se concentram nos bastidores do clube, com destaques do dia a dia do time. Por conta deste contexto, leia abaixo um resumo preparado pela equipe do portal G\u00e1vea News para lhe manter muito bem informado! Declara\u00e7\u00e3o de Neymar O retorno de Neymar ao Santos, ap\u00f3s [&hellip;]\" \/>\n<meta property=\"og:url\" content=\"https:\/\/www.gaveanews.com\/index.php\/2025\/02\/04\/situacao-de-arthur-recado-de-marcelo-teixeira-e-declaracao-de-neymar-as-ultimas-noticias-do-santos\/\" \/>\n<meta property=\"og:site_name\" content=\"G\u00e1vea News\" \/>\n<meta property=\"article:publisher\" content=\"https:\/\/facebook.com\/gaveaNews\/\" \/>\n<meta property=\"article:published_time\" content=\"2025-02-04T09:55:00+00:00\" \/>\n<meta property=\"og:image\" content=\"https:\/\/www.gaveanews.com\/wp-content\/uploads\/Escudo-do-Santos-1.webp\" \/>\n\t<meta property=\"og:image:width\" content=\"1300\" \/>\n\t<meta property=\"og:image:height\" content=\"1056\" \/>\n\t<meta property=\"og:image:type\" content=\"image\/webp\" \/>\n<meta name=\"author\" content=\"Matheus Felipe\" \/>\n<meta name=\"twitter:card\" content=\"summary_large_image\" \/>\n<meta name=\"twitter:label1\" content=\"Escrito por\" \/>\n\t<meta name=\"twitter:data1\" content=\"Matheus Felipe\" \/>\n\t<meta name=\"twitter:label2\" content=\"Est. tempo de leitura\" \/>\n\t<meta name=\"twitter:data2\" content=\"6 minutos\" \/>\n<script type=\"application\/ld+json\" class=\"yoast-schema-graph\">{\"@context\":\"https:\/\/schema.org\",\"@graph\":[{\"@type\":\"NewsArticle\",\"@id\":\"https:\/\/www.gaveanews.com\/index.php\/2025\/02\/04\/situacao-de-arthur-recado-de-marcelo-teixeira-e-declaracao-de-neymar-as-ultimas-noticias-do-santos\/#article\",\"isPartOf\":{\"@id\":\"https:\/\/www.gaveanews.com\/index.php\/2025\/02\/04\/situacao-de-arthur-recado-de-marcelo-teixeira-e-declaracao-de-neymar-as-ultimas-noticias-do-santos\/\"},\"author\":{\"name\":\"Matheus Felipe\",\"@id\":\"https:\/\/www.gaveanews.com\/#\/schema\/person\/8207cd4627f56151707418bfc835b2fb\"},\"headline\":\"Situa\u00e7\u00e3o de Arthur, recado de Marcelo Teixeira e declara\u00e7\u00e3o de Neymar: as \u00faltimas not\u00edcias do Santos\",\"datePublished\":\"2025-02-04T09:55:00+00:00\",\"mainEntityOfPage\":{\"@id\":\"https:\/\/www.gaveanews.com\/index.php\/2025\/02\/04\/situacao-de-arthur-recado-de-marcelo-teixeira-e-declaracao-de-neymar-as-ultimas-noticias-do-santos\/\"},\"wordCount\":905,\"commentCount\":0,\"image\":{\"@id\":\"https:\/\/www.gaveanews.com\/index.php\/2025\/02\/04\/situacao-de-arthur-recado-de-marcelo-teixeira-e-declaracao-de-neymar-as-ultimas-noticias-do-santos\/#primaryimage\"},\"thumbnailUrl\":\"https:\/\/www.gaveanews.com\/wp-content\/uploads\/Escudo-do-Santos-1.webp\",\"articleSection\":[\"Santos\"],\"inLanguage\":\"pt-BR\",\"potentialAction\":[{\"@type\":\"CommentAction\",\"name\":\"Comment\",\"target\":[\"https:\/\/www.gaveanews.com\/index.php\/2025\/02\/04\/situacao-de-arthur-recado-de-marcelo-teixeira-e-declaracao-de-neymar-as-ultimas-noticias-do-santos\/#respond\"]}],\"copyrightYear\":\"2025\",\"copyrightHolder\":{\"@id\":\"https:\/\/www.gaveanews.com\/#organization\"}},{\"@type\":\"WebPage\",\"@id\":\"https:\/\/www.gaveanews.com\/index.php\/2025\/02\/04\/situacao-de-arthur-recado-de-marcelo-teixeira-e-declaracao-de-neymar-as-ultimas-noticias-do-santos\/\",\"url\":\"https:\/\/www.gaveanews.com\/index.php\/2025\/02\/04\/situacao-de-arthur-recado-de-marcelo-teixeira-e-declaracao-de-neymar-as-ultimas-noticias-do-santos\/\",\"name\":\"Situa\u00e7\u00e3o de Arthur, recado de Marcelo Teixeira e declara\u00e7\u00e3o de Neymar: as \u00faltimas not\u00edcias do Santos\",\"isPartOf\":{\"@id\":\"https:\/\/www.gaveanews.com\/#website\"},\"primaryImageOfPage\":{\"@id\":\"https:\/\/www.gaveanews.com\/index.php\/2025\/02\/04\/situacao-de-arthur-recado-de-marcelo-teixeira-e-declaracao-de-neymar-as-ultimas-noticias-do-santos\/#primaryimage\"},\"image\":{\"@id\":\"https:\/\/www.gaveanews.com\/index.php\/2025\/02\/04\/situacao-de-arthur-recado-de-marcelo-teixeira-e-declaracao-de-neymar-as-ultimas-noticias-do-santos\/#primaryimage\"},\"thumbnailUrl\":\"https:\/\/www.gaveanews.com\/wp-content\/uploads\/Escudo-do-Santos-1.webp\",\"datePublished\":\"2025-02-04T09:55:00+00:00\",\"author\":{\"@id\":\"https:\/\/www.gaveanews.com\/#\/schema\/person\/8207cd4627f56151707418bfc835b2fb\"},\"breadcrumb\":{\"@id\":\"https:\/\/www.gaveanews.com\/index.php\/2025\/02\/04\/situacao-de-arthur-recado-de-marcelo-teixeira-e-declaracao-de-neymar-as-ultimas-noticias-do-santos\/#breadcrumb\"},\"inLanguage\":\"pt-BR\",\"potentialAction\":[{\"@type\":\"ReadAction\",\"target\":[\"https:\/\/www.gaveanews.com\/index.php\/2025\/02\/04\/situacao-de-arthur-recado-de-marcelo-teixeira-e-declaracao-de-neymar-as-ultimas-noticias-do-santos\/\"]}]},{\"@type\":\"ImageObject\",\"inLanguage\":\"pt-BR\",\"@id\":\"https:\/\/www.gaveanews.com\/index.php\/2025\/02\/04\/situacao-de-arthur-recado-de-marcelo-teixeira-e-declaracao-de-neymar-as-ultimas-noticias-do-santos\/#primaryimage\",\"url\":\"https:\/\/www.gaveanews.com\/wp-content\/uploads\/Escudo-do-Santos-1.webp\",\"contentUrl\":\"https:\/\/www.gaveanews.com\/wp-content\/uploads\/Escudo-do-Santos-1.webp\",\"width\":1300,\"height\":1056,\"caption\":\"Escudo do Santos (Foto: Reprodu\u00e7\u00e3o\/Instagram)\"},{\"@type\":\"BreadcrumbList\",\"@id\":\"https:\/\/www.gaveanews.com\/index.php\/2025\/02\/04\/situacao-de-arthur-recado-de-marcelo-teixeira-e-declaracao-de-neymar-as-ultimas-noticias-do-santos\/#breadcrumb\",\"itemListElement\":[{\"@type\":\"ListItem\",\"position\":1,\"name\":\"Home\",\"item\":\"https:\/\/www.gaveanews.com\/\"},{\"@type\":\"ListItem\",\"position\":2,\"name\":\"Situa\u00e7\u00e3o de Arthur, recado de Marcelo Teixeira e declara\u00e7\u00e3o de Neymar: as \u00faltimas not\u00edcias do Santos\"}]},{\"@type\":\"WebSite\",\"@id\":\"https:\/\/www.gaveanews.com\/#website\",\"url\":\"https:\/\/www.gaveanews.com\/\",\"name\":\"G\u00e1vea News\",\"description\":\"Veja todas as not\u00edcias sobre o Flamengo: Contrata\u00e7\u00f5es, categorias de base, resultados das partidas, tabela de classifica\u00e7\u00e3o, pr\u00f3ximos jogos!\",\"potentialAction\":[{\"@type\":\"SearchAction\",\"target\":{\"@type\":\"EntryPoint\",\"urlTemplate\":\"https:\/\/www.gaveanews.com\/?s={search_term_string}\"},\"query-input\":{\"@type\":\"PropertyValueSpecification\",\"valueRequired\":true,\"valueName\":\"search_term_string\"}}],\"inLanguage\":\"pt-BR\"},{\"@type\":\"Person\",\"@id\":\"https:\/\/www.gaveanews.com\/#\/schema\/person\/8207cd4627f56151707418bfc835b2fb\",\"name\":\"Matheus Felipe\",\"image\":{\"@type\":\"ImageObject\",\"inLanguage\":\"pt-BR\",\"@id\":\"https:\/\/www.gaveanews.com\/#\/schema\/person\/image\/\",\"url\":\"https:\/\/secure.gravatar.com\/avatar\/a452ffbed9130f726358b298bb3a99ce4bd3c5338411f8440e87e14d74c7c087?s=96&d=mm&r=g\",\"contentUrl\":\"https:\/\/secure.gravatar.com\/avatar\/a452ffbed9130f726358b298bb3a99ce4bd3c5338411f8440e87e14d74c7c087?s=96&d=mm&r=g\",\"caption\":\"Matheus Felipe\"}}]}<\/script>\n<!-- \/ Yoast SEO Premium plugin. -->","yoast_head_json":{"title":"Situa\u00e7\u00e3o de Arthur, recado de Marcelo Teixeira e declara\u00e7\u00e3o de Neymar: as \u00faltimas not\u00edcias do Santos","robots":{"index":"index","follow":"follow","max-snippet":"max-snippet:-1","max-image-preview":"max-image-preview:large","max-video-preview":"max-video-preview:-1"},"canonical":"https:\/\/www.gaveanews.com\/index.php\/2025\/02\/04\/situacao-de-arthur-recado-de-marcelo-teixeira-e-declaracao-de-neymar-as-ultimas-noticias-do-santos\/","og_locale":"pt_BR","og_type":"article","og_title":"Situa\u00e7\u00e3o de Arthur, recado de Marcelo Teixeira e declara\u00e7\u00e3o de Neymar: as \u00faltimas not\u00edcias do Santos","og_description":"Nas \u00faltimas horas, o foco das not\u00edcias sobre o Santos se concentram nos bastidores do clube, com destaques do dia a dia do time. Por conta deste contexto, leia abaixo um resumo preparado pela equipe do portal G\u00e1vea News para lhe manter muito bem informado! Declara\u00e7\u00e3o de Neymar O retorno de Neymar ao Santos, ap\u00f3s [&hellip;]","og_url":"https:\/\/www.gaveanews.com\/index.php\/2025\/02\/04\/situacao-de-arthur-recado-de-marcelo-teixeira-e-declaracao-de-neymar-as-ultimas-noticias-do-santos\/","og_site_name":"G\u00e1vea News","article_publisher":"https:\/\/facebook.com\/gaveaNews\/","article_published_time":"2025-02-04T09:55:00+00:00","og_image":[{"width":1300,"height":1056,"url":"https:\/\/www.gaveanews.com\/wp-content\/uploads\/Escudo-do-Santos-1.webp","type":"image\/webp"}],"author":"Matheus Felipe","twitter_card":"summary_large_image","twitter_misc":{"Escrito por":"Matheus Felipe","Est. tempo de leitura":"6 minutos"},"schema":{"@context":"https:\/\/schema.org","@graph":[{"@type":"NewsArticle","@id":"https:\/\/www.gaveanews.com\/index.php\/2025\/02\/04\/situacao-de-arthur-recado-de-marcelo-teixeira-e-declaracao-de-neymar-as-ultimas-noticias-do-santos\/#article","isPartOf":{"@id":"https:\/\/www.gaveanews.com\/index.php\/2025\/02\/04\/situacao-de-arthur-recado-de-marcelo-teixeira-e-declaracao-de-neymar-as-ultimas-noticias-do-santos\/"},"author":{"name":"Matheus Felipe","@id":"https:\/\/www.gaveanews.com\/#\/schema\/person\/8207cd4627f56151707418bfc835b2fb"},"headline":"Situa\u00e7\u00e3o de Arthur, recado de Marcelo Teixeira e declara\u00e7\u00e3o de Neymar: as \u00faltimas not\u00edcias do Santos","datePublished":"2025-02-04T09:55:00+00:00","mainEntityOfPage":{"@id":"https:\/\/www.gaveanews.com\/index.php\/2025\/02\/04\/situacao-de-arthur-recado-de-marcelo-teixeira-e-declaracao-de-neymar-as-ultimas-noticias-do-santos\/"},"wordCount":905,"commentCount":0,"image":{"@id":"https:\/\/www.gaveanews.com\/index.php\/2025\/02\/04\/situacao-de-arthur-recado-de-marcelo-teixeira-e-declaracao-de-neymar-as-ultimas-noticias-do-santos\/#primaryimage"},"thumbnailUrl":"https:\/\/www.gaveanews.com\/wp-content\/uploads\/Escudo-do-Santos-1.webp","articleSection":["Santos"],"inLanguage":"pt-BR","potentialAction":[{"@type":"CommentAction","name":"Comment","target":["https:\/\/www.gaveanews.com\/index.php\/2025\/02\/04\/situacao-de-arthur-recado-de-marcelo-teixeira-e-declaracao-de-neymar-as-ultimas-noticias-do-santos\/#respond"]}],"copyrightYear":"2025","copyrightHolder":{"@id":"https:\/\/www.gaveanews.com\/#organization"}},{"@type":"WebPage","@id":"https:\/\/www.gaveanews.com\/index.php\/2025\/02\/04\/situacao-de-arthur-recado-de-marcelo-teixeira-e-declaracao-de-neymar-as-ultimas-noticias-do-santos\/","url":"https:\/\/www.gaveanews.com\/index.php\/2025\/02\/04\/situacao-de-arthur-recado-de-marcelo-teixeira-e-declaracao-de-neymar-as-ultimas-noticias-do-santos\/","name":"Situa\u00e7\u00e3o de Arthur, recado de Marcelo Teixeira e declara\u00e7\u00e3o de Neymar: as \u00faltimas not\u00edcias do Santos","isPartOf":{"@id":"https:\/\/www.gaveanews.com\/#website"},"primaryImageOfPage":{"@id":"https:\/\/www.gaveanews.com\/index.php\/2025\/02\/04\/situacao-de-arthur-recado-de-marcelo-teixeira-e-declaracao-de-neymar-as-ultimas-noticias-do-santos\/#primaryimage"},"image":{"@id":"https:\/\/www.gaveanews.com\/index.php\/2025\/02\/04\/situacao-de-arthur-recado-de-marcelo-teixeira-e-declaracao-de-neymar-as-ultimas-noticias-do-santos\/#primaryimage"},"thumbnailUrl":"https:\/\/www.gaveanews.com\/wp-content\/uploads\/Escudo-do-Santos-1.webp","datePublished":"2025-02-04T09:55:00+00:00","author":{"@id":"https:\/\/www.gaveanews.com\/#\/schema\/person\/8207cd4627f56151707418bfc835b2fb"},"breadcrumb":{"@id":"https:\/\/www.gaveanews.com\/index.php\/2025\/02\/04\/situacao-de-arthur-recado-de-marcelo-teixeira-e-declaracao-de-neymar-as-ultimas-noticias-do-santos\/#breadcrumb"},"inLanguage":"pt-BR","potentialAction":[{"@type":"ReadAction","target":["https:\/\/www.gaveanews.com\/index.php\/2025\/02\/04\/situacao-de-arthur-recado-de-marcelo-teixeira-e-declaracao-de-neymar-as-ultimas-noticias-do-santos\/"]}]},{"@type":"ImageObject","inLanguage":"pt-BR","@id":"https:\/\/www.gaveanews.com\/index.php\/2025\/02\/04\/situacao-de-arthur-recado-de-marcelo-teixeira-e-declaracao-de-neymar-as-ultimas-noticias-do-santos\/#primaryimage","url":"https:\/\/www.gaveanews.com\/wp-content\/uploads\/Escudo-do-Santos-1.webp","contentUrl":"https:\/\/www.gaveanews.com\/wp-content\/uploads\/Escudo-do-Santos-1.webp","width":1300,"height":1056,"caption":"Escudo do Santos (Foto: Reprodu\u00e7\u00e3o\/Instagram)"},{"@type":"BreadcrumbList","@id":"https:\/\/www.gaveanews.com\/index.php\/2025\/02\/04\/situacao-de-arthur-recado-de-marcelo-teixeira-e-declaracao-de-neymar-as-ultimas-noticias-do-santos\/#breadcrumb","itemListElement":[{"@type":"ListItem","position":1,"name":"Home","item":"https:\/\/www.gaveanews.com\/"},{"@type":"ListItem","position":2,"name":"Situa\u00e7\u00e3o de Arthur, recado de Marcelo Teixeira e declara\u00e7\u00e3o de Neymar: as \u00faltimas not\u00edcias do Santos"}]},{"@type":"WebSite","@id":"https:\/\/www.gaveanews.com\/#website","url":"https:\/\/www.gaveanews.com\/","name":"G\u00e1vea News","description":"Veja todas as not\u00edcias sobre o Flamengo: Contrata\u00e7\u00f5es, categorias de base, resultados das partidas, tabela de classifica\u00e7\u00e3o, pr\u00f3ximos jogos!","potentialAction":[{"@type":"SearchAction","target":{"@type":"EntryPoint","urlTemplate":"https:\/\/www.gaveanews.com\/?s={search_term_string}"},"query-input":{"@type":"PropertyValueSpecification","valueRequired":true,"valueName":"search_term_string"}}],"inLanguage":"pt-BR"},{"@type":"Person","@id":"https:\/\/www.gaveanews.com\/#\/schema\/person\/8207cd4627f56151707418bfc835b2fb","name":"Matheus Felipe","image":{"@type":"ImageObject","inLanguage":"pt-BR","@id":"https:\/\/www.gaveanews.com\/#\/schema\/person\/image\/","url":"https:\/\/secure.gravatar.com\/avatar\/a452ffbed9130f726358b298bb3a99ce4bd3c5338411f8440e87e14d74c7c087?s=96&d=mm&r=g","contentUrl":"https:\/\/secure.gravatar.com\/avatar\/a452ffbed9130f726358b298bb3a99ce4bd3c5338411f8440e87e14d74c7c087?s=96&d=mm&r=g","caption":"Matheus Felipe"}}]}},"_links":{"self":[{"href":"https:\/\/www.gaveanews.com\/index.php\/wp-json\/wp\/v2\/posts\/222800","targetHints":{"allow":["GET"]}}],"collection":[{"href":"https:\/\/www.gaveanews.com\/index.php\/wp-json\/wp\/v2\/posts"}],"about":[{"href":"https:\/\/www.gaveanews.com\/index.php\/wp-json\/wp\/v2\/types\/post"}],"author":[{"embeddable":true,"href":"https:\/\/www.gaveanews.com\/index.php\/wp-json\/wp\/v2\/users\/27"}],"replies":[{"embeddable":true,"href":"https:\/\/www.gaveanews.com\/index.php\/wp-json\/wp\/v2\/comments?post=222800"}],"version-history":[{"count":1,"href":"https:\/\/www.gaveanews.com\/index.php\/wp-json\/wp\/v2\/posts\/222800\/revisions"}],"predecessor-version":[{"id":222813,"href":"https:\/\/www.gaveanews.com\/index.php\/wp-json\/wp\/v2\/posts\/222800\/revisions\/222813"}],"wp:featuredmedia":[{"embeddable":true,"href":"https:\/\/www.gaveanews.com\/index.php\/wp-json\/wp\/v2\/media\/152156"}],"wp:attachment":[{"href":"https:\/\/www.gaveanews.com\/index.php\/wp-json\/wp\/v2\/media?parent=222800"}],"wp:term":[{"taxonomy":"category","embeddable":true,"href":"https:\/\/www.gaveanews.com\/index.php\/wp-json\/wp\/v2\/categories?post=222800"},{"taxonomy":"post_tag","embeddable":true,"href":"https:\/\/www.gaveanews.com\/index.php\/wp-json\/wp\/v2\/tags?post=222800"}],"curies":[{"name":"wp","href":"https:\/\/api.w.org\/{rel}","templated":true}]}}