{"id":22290,"date":"2019-06-28T16:10:56","date_gmt":"2019-06-28T19:10:56","guid":{"rendered":"https:\/\/www.gaveanews.com\/?p=22290"},"modified":"2019-06-28T16:10:57","modified_gmt":"2019-06-28T19:10:57","slug":"jornalista-crava-chegadas-de-dois-reforcos-ao-flamengo-apos-copa-america","status":"publish","type":"post","link":"https:\/\/www.gaveanews.com\/index.php\/2019\/06\/28\/jornalista-crava-chegadas-de-dois-reforcos-ao-flamengo-apos-copa-america\/","title":{"rendered":"Jornalista crava chegadas de dois refor\u00e7os ao Flamengo ap\u00f3s Copa Am\u00e9rica"},"content":{"rendered":"\n<p>A pausa para a Copa Am\u00e9rica trouxe novos rostos para o dia a dia do Flamengo. Al\u00e9m do lateral Rafinha, chegaram ao Mais Querido o treinador Jorge Jesus e sua comiss\u00e3o t\u00e9cnica. E pode ter mais gente chegando em breve.<\/p>\n\n\n\n<p>Em meio a especula\u00e7\u00f5es sobre poss\u00edveis contrata\u00e7\u00f5es rubro-negras, o jornalista Francisco Aiello, da R\u00e1dio Globo e do SporTV, cravou duas novas chegadas de peso para a defesa do Flamengo: o lateral Filipe Lu\u00eds e o zagueiro Miranda. Segundo tweet publicado nesta sexta-feira (27), a dupla se apresenta ao Mais Querido ao fim da Copa Am\u00e9rica \u2013 competi\u00e7\u00e3o que disputam pela Sele\u00e7\u00e3o Brasileira \u2013 caso n\u00e3o receba proposta de clubes de fora do Brasil.<\/p>\n\n\n\n<p><strong>Confira a publica\u00e7\u00e3o abaixo:<\/strong><\/p>\n\n\n\n<figure class=\"wp-block-image\"><img decoding=\"async\" src=\"https:\/\/1.bp.blogspot.com\/-bPqzGamnU04\/XRZl22OBu0I\/AAAAAAAAbqk\/G8oi-PP0CGYK_A67yM8gpTSmWhcNHbkUQCLcBGAs\/s1600\/8.PNG\" alt=\"\"\/><\/figure>\n\n\n\n<p>Tanto Filipe Lu\u00eds quanto Miranda j\u00e1 foram especulados no Flamengo em 2019. O lateral esquerdo teria negocia\u00e7\u00f5es avan\u00e7adas com o Rubro-Negro, mas o pr\u00f3prio garante que n\u00e3o tomaria nenhuma decis\u00e3o antes do final da Copa Am\u00e9rica.<\/p>\n\n\n\n<p>O zagueiro da Internazionale tem longa hist\u00f3ria na Europa e \u00e9 figura frequente na Sele\u00e7\u00e3o Brasileira nos \u00faltimos anos. Seu nome teria aparecido no radar rubro-negro no in\u00edcio do ano, quando Flamengo e Inter negociavam a contrata\u00e7\u00e3o de Gabigol.<\/p>\n\n\n\n\n\n<p>Retirado de: Coluna do Fla<\/p>\n","protected":false},"excerpt":{"rendered":"<p>A pausa para a Copa Am\u00e9rica trouxe novos rostos para o dia a dia do Flamengo. Al\u00e9m do lateral Rafinha, chegaram ao Mais Querido o treinador Jorge Jesus e sua comiss\u00e3o t\u00e9cnica. E pode ter mais gente chegando em breve. Em meio a especula\u00e7\u00f5es sobre poss\u00edveis contrata\u00e7\u00f5es rubro-negras, o jornalista Francisco Aiello, da R\u00e1dio Globo [&hellip;]<\/p>\n","protected":false},"author":1,"featured_media":17006,"comment_status":"open","ping_status":"open","sticky":false,"template":"","format":"standard","meta":{"footnotes":""},"categories":[48],"tags":[],"class_list":["post-22290","post","type-post","status-publish","format-standard","has-post-thumbnail","hentry","category-negociacoes"],"yoast_head":"<!-- This site is optimized with the Yoast SEO Premium plugin v24.2 (Yoast SEO v26.9) - https:\/\/yoast.com\/product\/yoast-seo-premium-wordpress\/ -->\n<title>Jornalista crava chegadas de dois refor\u00e7os ao Flamengo ap\u00f3s Copa Am\u00e9rica<\/title>\n<meta name=\"robots\" content=\"index, follow, max-snippet:-1, max-image-preview:large, max-video-preview:-1\" \/>\n<link rel=\"canonical\" href=\"https:\/\/www.gaveanews.com\/index.php\/2019\/06\/28\/jornalista-crava-chegadas-de-dois-reforcos-ao-flamengo-apos-copa-america\/\" \/>\n<meta property=\"og:locale\" content=\"pt_BR\" \/>\n<meta property=\"og:type\" content=\"article\" \/>\n<meta property=\"og:title\" content=\"Jornalista crava chegadas de dois refor\u00e7os ao Flamengo ap\u00f3s Copa Am\u00e9rica\" \/>\n<meta property=\"og:description\" content=\"A pausa para a Copa Am\u00e9rica trouxe novos rostos para o dia a dia do Flamengo. Al\u00e9m do lateral Rafinha, chegaram ao Mais Querido o treinador Jorge Jesus e sua comiss\u00e3o t\u00e9cnica. E pode ter mais gente chegando em breve. Em meio a especula\u00e7\u00f5es sobre poss\u00edveis contrata\u00e7\u00f5es rubro-negras, o jornalista Francisco Aiello, da R\u00e1dio Globo [&hellip;]\" \/>\n<meta property=\"og:url\" content=\"https:\/\/www.gaveanews.com\/index.php\/2019\/06\/28\/jornalista-crava-chegadas-de-dois-reforcos-ao-flamengo-apos-copa-america\/\" \/>\n<meta property=\"og:site_name\" content=\"G\u00e1vea News\" \/>\n<meta property=\"article:publisher\" content=\"https:\/\/facebook.com\/gaveaNews\/\" \/>\n<meta property=\"article:published_time\" content=\"2019-06-28T19:10:56+00:00\" \/>\n<meta property=\"article:modified_time\" content=\"2019-06-28T19:10:57+00:00\" \/>\n<meta property=\"og:image\" content=\"https:\/\/www.gaveanews.com\/wp-content\/uploads\/2019\/04\/Filipe-Luis-em-acao-pelo-Brasil.webp\" \/>\n\t<meta property=\"og:image:width\" content=\"1\" \/>\n\t<meta property=\"og:image:height\" content=\"1\" \/>\n\t<meta property=\"og:image:type\" content=\"image\/jpeg\" \/>\n<meta name=\"author\" content=\"Equipe G\u00e1vea News\" \/>\n<meta name=\"twitter:card\" content=\"summary_large_image\" \/>\n<meta name=\"twitter:label1\" content=\"Escrito por\" \/>\n\t<meta name=\"twitter:data1\" content=\"Equipe G\u00e1vea News\" \/>\n\t<meta name=\"twitter:label2\" content=\"Est. tempo de leitura\" \/>\n\t<meta name=\"twitter:data2\" content=\"1 minuto\" \/>\n<script type=\"application\/ld+json\" class=\"yoast-schema-graph\">{\"@context\":\"https:\/\/schema.org\",\"@graph\":[{\"@type\":\"NewsArticle\",\"@id\":\"https:\/\/www.gaveanews.com\/index.php\/2019\/06\/28\/jornalista-crava-chegadas-de-dois-reforcos-ao-flamengo-apos-copa-america\/#article\",\"isPartOf\":{\"@id\":\"https:\/\/www.gaveanews.com\/index.php\/2019\/06\/28\/jornalista-crava-chegadas-de-dois-reforcos-ao-flamengo-apos-copa-america\/\"},\"author\":{\"name\":\"Equipe G\u00e1vea News\",\"@id\":\"https:\/\/www.gaveanews.com\/#\/schema\/person\/2ec14f73fb96be2caf28f91afb14749d\"},\"headline\":\"Jornalista crava chegadas de dois refor\u00e7os ao Flamengo ap\u00f3s Copa Am\u00e9rica\",\"datePublished\":\"2019-06-28T19:10:56+00:00\",\"dateModified\":\"2019-06-28T19:10:57+00:00\",\"mainEntityOfPage\":{\"@id\":\"https:\/\/www.gaveanews.com\/index.php\/2019\/06\/28\/jornalista-crava-chegadas-de-dois-reforcos-ao-flamengo-apos-copa-america\/\"},\"wordCount\":231,\"commentCount\":0,\"image\":{\"@id\":\"https:\/\/www.gaveanews.com\/index.php\/2019\/06\/28\/jornalista-crava-chegadas-de-dois-reforcos-ao-flamengo-apos-copa-america\/#primaryimage\"},\"thumbnailUrl\":\"https:\/\/www.gaveanews.com\/wp-content\/uploads\/2019\/04\/Filipe-Luis-em-acao-pelo-Brasil.webp\",\"articleSection\":[\"Negocia\u00e7\u00f5es\"],\"inLanguage\":\"pt-BR\",\"potentialAction\":[{\"@type\":\"CommentAction\",\"name\":\"Comment\",\"target\":[\"https:\/\/www.gaveanews.com\/index.php\/2019\/06\/28\/jornalista-crava-chegadas-de-dois-reforcos-ao-flamengo-apos-copa-america\/#respond\"]}],\"copyrightYear\":\"2019\",\"copyrightHolder\":{\"@id\":\"https:\/\/www.gaveanews.com\/#organization\"}},{\"@type\":\"WebPage\",\"@id\":\"https:\/\/www.gaveanews.com\/index.php\/2019\/06\/28\/jornalista-crava-chegadas-de-dois-reforcos-ao-flamengo-apos-copa-america\/\",\"url\":\"https:\/\/www.gaveanews.com\/index.php\/2019\/06\/28\/jornalista-crava-chegadas-de-dois-reforcos-ao-flamengo-apos-copa-america\/\",\"name\":\"Jornalista crava chegadas de dois refor\u00e7os ao Flamengo ap\u00f3s Copa Am\u00e9rica\",\"isPartOf\":{\"@id\":\"https:\/\/www.gaveanews.com\/#website\"},\"primaryImageOfPage\":{\"@id\":\"https:\/\/www.gaveanews.com\/index.php\/2019\/06\/28\/jornalista-crava-chegadas-de-dois-reforcos-ao-flamengo-apos-copa-america\/#primaryimage\"},\"image\":{\"@id\":\"https:\/\/www.gaveanews.com\/index.php\/2019\/06\/28\/jornalista-crava-chegadas-de-dois-reforcos-ao-flamengo-apos-copa-america\/#primaryimage\"},\"thumbnailUrl\":\"https:\/\/www.gaveanews.com\/wp-content\/uploads\/2019\/04\/Filipe-Luis-em-acao-pelo-Brasil.webp\",\"datePublished\":\"2019-06-28T19:10:56+00:00\",\"dateModified\":\"2019-06-28T19:10:57+00:00\",\"author\":{\"@id\":\"https:\/\/www.gaveanews.com\/#\/schema\/person\/2ec14f73fb96be2caf28f91afb14749d\"},\"breadcrumb\":{\"@id\":\"https:\/\/www.gaveanews.com\/index.php\/2019\/06\/28\/jornalista-crava-chegadas-de-dois-reforcos-ao-flamengo-apos-copa-america\/#breadcrumb\"},\"inLanguage\":\"pt-BR\",\"potentialAction\":[{\"@type\":\"ReadAction\",\"target\":[\"https:\/\/www.gaveanews.com\/index.php\/2019\/06\/28\/jornalista-crava-chegadas-de-dois-reforcos-ao-flamengo-apos-copa-america\/\"]}]},{\"@type\":\"ImageObject\",\"inLanguage\":\"pt-BR\",\"@id\":\"https:\/\/www.gaveanews.com\/index.php\/2019\/06\/28\/jornalista-crava-chegadas-de-dois-reforcos-ao-flamengo-apos-copa-america\/#primaryimage\",\"url\":\"https:\/\/www.gaveanews.com\/wp-content\/uploads\/2019\/04\/Filipe-Luis-em-acao-pelo-Brasil.webp\",\"contentUrl\":\"https:\/\/www.gaveanews.com\/wp-content\/uploads\/2019\/04\/Filipe-Luis-em-acao-pelo-Brasil.webp\",\"caption\":\"Filipe Luis em a\u00e7\u00e3o pelo Brasil (Foto: Leo Correa\/MoWa Press)\"},{\"@type\":\"BreadcrumbList\",\"@id\":\"https:\/\/www.gaveanews.com\/index.php\/2019\/06\/28\/jornalista-crava-chegadas-de-dois-reforcos-ao-flamengo-apos-copa-america\/#breadcrumb\",\"itemListElement\":[{\"@type\":\"ListItem\",\"position\":1,\"name\":\"Home\",\"item\":\"https:\/\/www.gaveanews.com\/\"},{\"@type\":\"ListItem\",\"position\":2,\"name\":\"Jornalista crava chegadas de dois refor\u00e7os ao Flamengo ap\u00f3s Copa Am\u00e9rica\"}]},{\"@type\":\"WebSite\",\"@id\":\"https:\/\/www.gaveanews.com\/#website\",\"url\":\"https:\/\/www.gaveanews.com\/\",\"name\":\"G\u00e1vea News\",\"description\":\"Veja todas as not\u00edcias sobre o Flamengo: Contrata\u00e7\u00f5es, categorias de base, resultados das partidas, tabela de classifica\u00e7\u00e3o, pr\u00f3ximos jogos!\",\"potentialAction\":[{\"@type\":\"SearchAction\",\"target\":{\"@type\":\"EntryPoint\",\"urlTemplate\":\"https:\/\/www.gaveanews.com\/?s={search_term_string}\"},\"query-input\":{\"@type\":\"PropertyValueSpecification\",\"valueRequired\":true,\"valueName\":\"search_term_string\"}}],\"inLanguage\":\"pt-BR\"},{\"@type\":\"Person\",\"@id\":\"https:\/\/www.gaveanews.com\/#\/schema\/person\/2ec14f73fb96be2caf28f91afb14749d\",\"name\":\"Equipe G\u00e1vea News\",\"image\":{\"@type\":\"ImageObject\",\"inLanguage\":\"pt-BR\",\"@id\":\"https:\/\/www.gaveanews.com\/#\/schema\/person\/image\/\",\"url\":\"https:\/\/secure.gravatar.com\/avatar\/1e1956f1facbffd3f8fa53a326721950116b3b9dc9bd44939c01180fd4a745a9?s=96&d=mm&r=g\",\"contentUrl\":\"https:\/\/secure.gravatar.com\/avatar\/1e1956f1facbffd3f8fa53a326721950116b3b9dc9bd44939c01180fd4a745a9?s=96&d=mm&r=g\",\"caption\":\"Equipe G\u00e1vea News\"}}]}<\/script>\n<!-- \/ Yoast SEO Premium plugin. -->","yoast_head_json":{"title":"Jornalista crava chegadas de dois refor\u00e7os ao Flamengo ap\u00f3s Copa Am\u00e9rica","robots":{"index":"index","follow":"follow","max-snippet":"max-snippet:-1","max-image-preview":"max-image-preview:large","max-video-preview":"max-video-preview:-1"},"canonical":"https:\/\/www.gaveanews.com\/index.php\/2019\/06\/28\/jornalista-crava-chegadas-de-dois-reforcos-ao-flamengo-apos-copa-america\/","og_locale":"pt_BR","og_type":"article","og_title":"Jornalista crava chegadas de dois refor\u00e7os ao Flamengo ap\u00f3s Copa Am\u00e9rica","og_description":"A pausa para a Copa Am\u00e9rica trouxe novos rostos para o dia a dia do Flamengo. Al\u00e9m do lateral Rafinha, chegaram ao Mais Querido o treinador Jorge Jesus e sua comiss\u00e3o t\u00e9cnica. E pode ter mais gente chegando em breve. Em meio a especula\u00e7\u00f5es sobre poss\u00edveis contrata\u00e7\u00f5es rubro-negras, o jornalista Francisco Aiello, da R\u00e1dio Globo [&hellip;]","og_url":"https:\/\/www.gaveanews.com\/index.php\/2019\/06\/28\/jornalista-crava-chegadas-de-dois-reforcos-ao-flamengo-apos-copa-america\/","og_site_name":"G\u00e1vea News","article_publisher":"https:\/\/facebook.com\/gaveaNews\/","article_published_time":"2019-06-28T19:10:56+00:00","article_modified_time":"2019-06-28T19:10:57+00:00","og_image":[{"url":"https:\/\/www.gaveanews.com\/wp-content\/uploads\/2019\/04\/Filipe-Luis-em-acao-pelo-Brasil.webp","width":1,"height":1,"type":"image\/jpeg"}],"author":"Equipe G\u00e1vea News","twitter_card":"summary_large_image","twitter_misc":{"Escrito por":"Equipe G\u00e1vea News","Est. tempo de leitura":"1 minuto"},"schema":{"@context":"https:\/\/schema.org","@graph":[{"@type":"NewsArticle","@id":"https:\/\/www.gaveanews.com\/index.php\/2019\/06\/28\/jornalista-crava-chegadas-de-dois-reforcos-ao-flamengo-apos-copa-america\/#article","isPartOf":{"@id":"https:\/\/www.gaveanews.com\/index.php\/2019\/06\/28\/jornalista-crava-chegadas-de-dois-reforcos-ao-flamengo-apos-copa-america\/"},"author":{"name":"Equipe G\u00e1vea News","@id":"https:\/\/www.gaveanews.com\/#\/schema\/person\/2ec14f73fb96be2caf28f91afb14749d"},"headline":"Jornalista crava chegadas de dois refor\u00e7os ao Flamengo ap\u00f3s Copa Am\u00e9rica","datePublished":"2019-06-28T19:10:56+00:00","dateModified":"2019-06-28T19:10:57+00:00","mainEntityOfPage":{"@id":"https:\/\/www.gaveanews.com\/index.php\/2019\/06\/28\/jornalista-crava-chegadas-de-dois-reforcos-ao-flamengo-apos-copa-america\/"},"wordCount":231,"commentCount":0,"image":{"@id":"https:\/\/www.gaveanews.com\/index.php\/2019\/06\/28\/jornalista-crava-chegadas-de-dois-reforcos-ao-flamengo-apos-copa-america\/#primaryimage"},"thumbnailUrl":"https:\/\/www.gaveanews.com\/wp-content\/uploads\/2019\/04\/Filipe-Luis-em-acao-pelo-Brasil.webp","articleSection":["Negocia\u00e7\u00f5es"],"inLanguage":"pt-BR","potentialAction":[{"@type":"CommentAction","name":"Comment","target":["https:\/\/www.gaveanews.com\/index.php\/2019\/06\/28\/jornalista-crava-chegadas-de-dois-reforcos-ao-flamengo-apos-copa-america\/#respond"]}],"copyrightYear":"2019","copyrightHolder":{"@id":"https:\/\/www.gaveanews.com\/#organization"}},{"@type":"WebPage","@id":"https:\/\/www.gaveanews.com\/index.php\/2019\/06\/28\/jornalista-crava-chegadas-de-dois-reforcos-ao-flamengo-apos-copa-america\/","url":"https:\/\/www.gaveanews.com\/index.php\/2019\/06\/28\/jornalista-crava-chegadas-de-dois-reforcos-ao-flamengo-apos-copa-america\/","name":"Jornalista crava chegadas de dois refor\u00e7os ao Flamengo ap\u00f3s Copa Am\u00e9rica","isPartOf":{"@id":"https:\/\/www.gaveanews.com\/#website"},"primaryImageOfPage":{"@id":"https:\/\/www.gaveanews.com\/index.php\/2019\/06\/28\/jornalista-crava-chegadas-de-dois-reforcos-ao-flamengo-apos-copa-america\/#primaryimage"},"image":{"@id":"https:\/\/www.gaveanews.com\/index.php\/2019\/06\/28\/jornalista-crava-chegadas-de-dois-reforcos-ao-flamengo-apos-copa-america\/#primaryimage"},"thumbnailUrl":"https:\/\/www.gaveanews.com\/wp-content\/uploads\/2019\/04\/Filipe-Luis-em-acao-pelo-Brasil.webp","datePublished":"2019-06-28T19:10:56+00:00","dateModified":"2019-06-28T19:10:57+00:00","author":{"@id":"https:\/\/www.gaveanews.com\/#\/schema\/person\/2ec14f73fb96be2caf28f91afb14749d"},"breadcrumb":{"@id":"https:\/\/www.gaveanews.com\/index.php\/2019\/06\/28\/jornalista-crava-chegadas-de-dois-reforcos-ao-flamengo-apos-copa-america\/#breadcrumb"},"inLanguage":"pt-BR","potentialAction":[{"@type":"ReadAction","target":["https:\/\/www.gaveanews.com\/index.php\/2019\/06\/28\/jornalista-crava-chegadas-de-dois-reforcos-ao-flamengo-apos-copa-america\/"]}]},{"@type":"ImageObject","inLanguage":"pt-BR","@id":"https:\/\/www.gaveanews.com\/index.php\/2019\/06\/28\/jornalista-crava-chegadas-de-dois-reforcos-ao-flamengo-apos-copa-america\/#primaryimage","url":"https:\/\/www.gaveanews.com\/wp-content\/uploads\/2019\/04\/Filipe-Luis-em-acao-pelo-Brasil.webp","contentUrl":"https:\/\/www.gaveanews.com\/wp-content\/uploads\/2019\/04\/Filipe-Luis-em-acao-pelo-Brasil.webp","caption":"Filipe Luis em a\u00e7\u00e3o pelo Brasil (Foto: Leo Correa\/MoWa Press)"},{"@type":"BreadcrumbList","@id":"https:\/\/www.gaveanews.com\/index.php\/2019\/06\/28\/jornalista-crava-chegadas-de-dois-reforcos-ao-flamengo-apos-copa-america\/#breadcrumb","itemListElement":[{"@type":"ListItem","position":1,"name":"Home","item":"https:\/\/www.gaveanews.com\/"},{"@type":"ListItem","position":2,"name":"Jornalista crava chegadas de dois refor\u00e7os ao Flamengo ap\u00f3s Copa Am\u00e9rica"}]},{"@type":"WebSite","@id":"https:\/\/www.gaveanews.com\/#website","url":"https:\/\/www.gaveanews.com\/","name":"G\u00e1vea News","description":"Veja todas as not\u00edcias sobre o Flamengo: Contrata\u00e7\u00f5es, categorias de base, resultados das partidas, tabela de classifica\u00e7\u00e3o, pr\u00f3ximos jogos!","potentialAction":[{"@type":"SearchAction","target":{"@type":"EntryPoint","urlTemplate":"https:\/\/www.gaveanews.com\/?s={search_term_string}"},"query-input":{"@type":"PropertyValueSpecification","valueRequired":true,"valueName":"search_term_string"}}],"inLanguage":"pt-BR"},{"@type":"Person","@id":"https:\/\/www.gaveanews.com\/#\/schema\/person\/2ec14f73fb96be2caf28f91afb14749d","name":"Equipe G\u00e1vea News","image":{"@type":"ImageObject","inLanguage":"pt-BR","@id":"https:\/\/www.gaveanews.com\/#\/schema\/person\/image\/","url":"https:\/\/secure.gravatar.com\/avatar\/1e1956f1facbffd3f8fa53a326721950116b3b9dc9bd44939c01180fd4a745a9?s=96&d=mm&r=g","contentUrl":"https:\/\/secure.gravatar.com\/avatar\/1e1956f1facbffd3f8fa53a326721950116b3b9dc9bd44939c01180fd4a745a9?s=96&d=mm&r=g","caption":"Equipe G\u00e1vea News"}}]}},"_links":{"self":[{"href":"https:\/\/www.gaveanews.com\/index.php\/wp-json\/wp\/v2\/posts\/22290","targetHints":{"allow":["GET"]}}],"collection":[{"href":"https:\/\/www.gaveanews.com\/index.php\/wp-json\/wp\/v2\/posts"}],"about":[{"href":"https:\/\/www.gaveanews.com\/index.php\/wp-json\/wp\/v2\/types\/post"}],"author":[{"embeddable":true,"href":"https:\/\/www.gaveanews.com\/index.php\/wp-json\/wp\/v2\/users\/1"}],"replies":[{"embeddable":true,"href":"https:\/\/www.gaveanews.com\/index.php\/wp-json\/wp\/v2\/comments?post=22290"}],"version-history":[{"count":0,"href":"https:\/\/www.gaveanews.com\/index.php\/wp-json\/wp\/v2\/posts\/22290\/revisions"}],"wp:featuredmedia":[{"embeddable":true,"href":"https:\/\/www.gaveanews.com\/index.php\/wp-json\/wp\/v2\/media\/17006"}],"wp:attachment":[{"href":"https:\/\/www.gaveanews.com\/index.php\/wp-json\/wp\/v2\/media?parent=22290"}],"wp:term":[{"taxonomy":"category","embeddable":true,"href":"https:\/\/www.gaveanews.com\/index.php\/wp-json\/wp\/v2\/categories?post=22290"},{"taxonomy":"post_tag","embeddable":true,"href":"https:\/\/www.gaveanews.com\/index.php\/wp-json\/wp\/v2\/tags?post=22290"}],"curies":[{"name":"wp","href":"https:\/\/api.w.org\/{rel}","templated":true}]}}