{"id":222994,"date":"2025-02-04T15:45:54","date_gmt":"2025-02-04T18:45:54","guid":{"rendered":"https:\/\/www.gaveanews.com\/?p=222994"},"modified":"2025-02-04T15:04:01","modified_gmt":"2025-02-04T18:04:01","slug":"neymar-chama-atencao-durante-treinamento-do-santos","status":"publish","type":"post","link":"https:\/\/www.gaveanews.com\/index.php\/2025\/02\/04\/neymar-chama-atencao-durante-treinamento-do-santos\/","title":{"rendered":"Neymar chama aten\u00e7\u00e3o durante treinamento do Santos"},"content":{"rendered":"\n<p>A expectativa em ver Neymar atuando no futebol brasileiro s\u00f3 aumenta e ela pode ser em breve atendida. O jogador participou de um primeiro treinamento com a camisa do Santos no CT Rei Pel\u00e9 e chamou aten\u00e7\u00e3o pelo preparo f\u00edsico. Ele demonstrou estar recuperado da les\u00e3o na coxa, ao ponto de j\u00e1 poder estrear no Campeonato Paulista.<\/p>\n\n\n\n<p>Neymar foi apresentado \u00e0 torcida do Santos na \u00faltima sexta-feira (31\/1) com uma grande festa na Vila Belmiro. O jogador assinou com o clube at\u00e9 o meio do ano, que \u00e9 quando o contrato com o Al-Hilal se encerra.<\/p>\n\n\n\n<p>Para fechar com o Peixe, Neymar aceitou uma redu\u00e7\u00e3o dr\u00e1stica de sal\u00e1rio. No clube saudita, ele recebia algo em torno de 100 milh\u00f5es de reais por m\u00eas, enquanto que no Alvinegro Praiano ter\u00e1 vencimentos na casa dos 160 mil euros mensais, cerca de 960 mil reais. Embora seja um valor bem menor, o atacante ainda ser\u00e1 um dos mais bem pagos do Brasil.<\/p>\n\n\n\n<p>Neymar conviveu com graves problemas de les\u00e3o nas duas \u00faltimas temporadas. A mais marcante foi na derrota por 2 a 0 para o Uruguai, pelas Eliminat\u00f3rias para a Copa do Mundo de 2026, ainda em outubro de 2023. Ele ficou fora de combate por mais de um ano, por ter sofrido uma ruptura no ligamento anterior do joelho esquerdo. Retornou aos gramados um ano depois e sofreu um rompimento do tend\u00e3o da coxa, ficando de fora dos gramados desde ent\u00e3o.<\/p>\n\n\n\n<p>At\u00e9 a sacramenta\u00e7\u00e3o da volta ao Santos, ele n\u00e3o havia jogado mais pelo Al-Hilal, o que preocupava. No entanto, depois do primeiro treinamento com bola no CT Rei Pel\u00e9, ele chamou aten\u00e7\u00e3o pelo preparo f\u00edsico e por demonstrar estar 100% recuperado da les\u00e3o na coxa.<\/p>\n\n\n\n<p>Ele se movimentou bem, durante atividades com os reservas do Santos, e pode pintar na escala\u00e7\u00e3o do jogo contra o Botafogo, de Ribeir\u00e3o Preto, pelo Campeonato Paulista, na pr\u00f3xima quarta-feira (5\/2), na Vila Belmiro, \u00e0s 21h35.&nbsp;<\/p>\n","protected":false},"excerpt":{"rendered":"<p>A expectativa em ver Neymar atuando no futebol brasileiro s\u00f3 aumenta e ela pode ser em breve atendida. O jogador participou de um primeiro treinamento com a camisa do Santos no CT Rei Pel\u00e9 e chamou aten\u00e7\u00e3o pelo preparo f\u00edsico. Ele demonstrou estar recuperado da les\u00e3o na coxa, ao ponto de j\u00e1 poder estrear no [&hellip;]<\/p>\n","protected":false},"author":29,"featured_media":220190,"comment_status":"open","ping_status":"closed","sticky":false,"template":"","format":"standard","meta":{"footnotes":""},"categories":[139],"tags":[],"class_list":["post-222994","post","type-post","status-publish","format-standard","has-post-thumbnail","hentry","category-santos"],"yoast_head":"<!-- This site is optimized with the Yoast SEO Premium plugin v24.2 (Yoast SEO v26.9) - https:\/\/yoast.com\/product\/yoast-seo-premium-wordpress\/ -->\n<title>Neymar chama aten\u00e7\u00e3o durante treinamento do Santos<\/title>\n<meta name=\"robots\" content=\"index, follow, max-snippet:-1, max-image-preview:large, max-video-preview:-1\" \/>\n<link rel=\"canonical\" href=\"https:\/\/www.gaveanews.com\/index.php\/2025\/02\/04\/neymar-chama-atencao-durante-treinamento-do-santos\/\" \/>\n<meta property=\"og:locale\" content=\"pt_BR\" \/>\n<meta property=\"og:type\" content=\"article\" \/>\n<meta property=\"og:title\" content=\"Neymar chama aten\u00e7\u00e3o durante treinamento do Santos\" \/>\n<meta property=\"og:description\" content=\"A expectativa em ver Neymar atuando no futebol brasileiro s\u00f3 aumenta e ela pode ser em breve atendida. O jogador participou de um primeiro treinamento com a camisa do Santos no CT Rei Pel\u00e9 e chamou aten\u00e7\u00e3o pelo preparo f\u00edsico. Ele demonstrou estar recuperado da les\u00e3o na coxa, ao ponto de j\u00e1 poder estrear no [&hellip;]\" \/>\n<meta property=\"og:url\" content=\"https:\/\/www.gaveanews.com\/index.php\/2025\/02\/04\/neymar-chama-atencao-durante-treinamento-do-santos\/\" \/>\n<meta property=\"og:site_name\" content=\"G\u00e1vea News\" \/>\n<meta property=\"article:publisher\" content=\"https:\/\/facebook.com\/gaveaNews\/\" \/>\n<meta property=\"article:published_time\" content=\"2025-02-04T18:45:54+00:00\" \/>\n<meta property=\"og:image\" content=\"https:\/\/www.gaveanews.com\/wp-content\/uploads\/image-28.webp\" \/>\n\t<meta property=\"og:image:width\" content=\"984\" \/>\n\t<meta property=\"og:image:height\" content=\"709\" \/>\n\t<meta property=\"og:image:type\" content=\"image\/png\" \/>\n<meta name=\"author\" content=\"Marco Menezes\" \/>\n<meta name=\"twitter:card\" content=\"summary_large_image\" \/>\n<meta name=\"twitter:label1\" content=\"Escrito por\" \/>\n\t<meta name=\"twitter:data1\" content=\"Marco Menezes\" \/>\n\t<meta name=\"twitter:label2\" content=\"Est. tempo de leitura\" \/>\n\t<meta name=\"twitter:data2\" content=\"2 minutos\" \/>\n<script type=\"application\/ld+json\" class=\"yoast-schema-graph\">{\"@context\":\"https:\/\/schema.org\",\"@graph\":[{\"@type\":\"NewsArticle\",\"@id\":\"https:\/\/www.gaveanews.com\/index.php\/2025\/02\/04\/neymar-chama-atencao-durante-treinamento-do-santos\/#article\",\"isPartOf\":{\"@id\":\"https:\/\/www.gaveanews.com\/index.php\/2025\/02\/04\/neymar-chama-atencao-durante-treinamento-do-santos\/\"},\"author\":{\"name\":\"Marco Menezes\",\"@id\":\"https:\/\/www.gaveanews.com\/#\/schema\/person\/a9f62fe75380c6bada1b2fc49bc23d69\"},\"headline\":\"Neymar chama aten\u00e7\u00e3o durante treinamento do Santos\",\"datePublished\":\"2025-02-04T18:45:54+00:00\",\"mainEntityOfPage\":{\"@id\":\"https:\/\/www.gaveanews.com\/index.php\/2025\/02\/04\/neymar-chama-atencao-durante-treinamento-do-santos\/\"},\"wordCount\":337,\"commentCount\":0,\"image\":{\"@id\":\"https:\/\/www.gaveanews.com\/index.php\/2025\/02\/04\/neymar-chama-atencao-durante-treinamento-do-santos\/#primaryimage\"},\"thumbnailUrl\":\"https:\/\/www.gaveanews.com\/wp-content\/uploads\/image-28.webp\",\"articleSection\":[\"Santos\"],\"inLanguage\":\"pt-BR\",\"potentialAction\":[{\"@type\":\"CommentAction\",\"name\":\"Comment\",\"target\":[\"https:\/\/www.gaveanews.com\/index.php\/2025\/02\/04\/neymar-chama-atencao-durante-treinamento-do-santos\/#respond\"]}],\"copyrightYear\":\"2025\",\"copyrightHolder\":{\"@id\":\"https:\/\/www.gaveanews.com\/#organization\"}},{\"@type\":\"WebPage\",\"@id\":\"https:\/\/www.gaveanews.com\/index.php\/2025\/02\/04\/neymar-chama-atencao-durante-treinamento-do-santos\/\",\"url\":\"https:\/\/www.gaveanews.com\/index.php\/2025\/02\/04\/neymar-chama-atencao-durante-treinamento-do-santos\/\",\"name\":\"Neymar chama aten\u00e7\u00e3o durante treinamento do Santos\",\"isPartOf\":{\"@id\":\"https:\/\/www.gaveanews.com\/#website\"},\"primaryImageOfPage\":{\"@id\":\"https:\/\/www.gaveanews.com\/index.php\/2025\/02\/04\/neymar-chama-atencao-durante-treinamento-do-santos\/#primaryimage\"},\"image\":{\"@id\":\"https:\/\/www.gaveanews.com\/index.php\/2025\/02\/04\/neymar-chama-atencao-durante-treinamento-do-santos\/#primaryimage\"},\"thumbnailUrl\":\"https:\/\/www.gaveanews.com\/wp-content\/uploads\/image-28.webp\",\"datePublished\":\"2025-02-04T18:45:54+00:00\",\"author\":{\"@id\":\"https:\/\/www.gaveanews.com\/#\/schema\/person\/a9f62fe75380c6bada1b2fc49bc23d69\"},\"breadcrumb\":{\"@id\":\"https:\/\/www.gaveanews.com\/index.php\/2025\/02\/04\/neymar-chama-atencao-durante-treinamento-do-santos\/#breadcrumb\"},\"inLanguage\":\"pt-BR\",\"potentialAction\":[{\"@type\":\"ReadAction\",\"target\":[\"https:\/\/www.gaveanews.com\/index.php\/2025\/02\/04\/neymar-chama-atencao-durante-treinamento-do-santos\/\"]}]},{\"@type\":\"ImageObject\",\"inLanguage\":\"pt-BR\",\"@id\":\"https:\/\/www.gaveanews.com\/index.php\/2025\/02\/04\/neymar-chama-atencao-durante-treinamento-do-santos\/#primaryimage\",\"url\":\"https:\/\/www.gaveanews.com\/wp-content\/uploads\/image-28.webp\",\"contentUrl\":\"https:\/\/www.gaveanews.com\/wp-content\/uploads\/image-28.webp\",\"width\":984,\"height\":709,\"caption\":\"Neymar no Santos - Foto: Divulga\u00e7\u00e3o\/SFC\"},{\"@type\":\"BreadcrumbList\",\"@id\":\"https:\/\/www.gaveanews.com\/index.php\/2025\/02\/04\/neymar-chama-atencao-durante-treinamento-do-santos\/#breadcrumb\",\"itemListElement\":[{\"@type\":\"ListItem\",\"position\":1,\"name\":\"Home\",\"item\":\"https:\/\/www.gaveanews.com\/\"},{\"@type\":\"ListItem\",\"position\":2,\"name\":\"Neymar chama aten\u00e7\u00e3o durante treinamento do Santos\"}]},{\"@type\":\"WebSite\",\"@id\":\"https:\/\/www.gaveanews.com\/#website\",\"url\":\"https:\/\/www.gaveanews.com\/\",\"name\":\"G\u00e1vea News\",\"description\":\"Veja todas as not\u00edcias sobre o Flamengo: Contrata\u00e7\u00f5es, categorias de base, resultados das partidas, tabela de classifica\u00e7\u00e3o, pr\u00f3ximos jogos!\",\"potentialAction\":[{\"@type\":\"SearchAction\",\"target\":{\"@type\":\"EntryPoint\",\"urlTemplate\":\"https:\/\/www.gaveanews.com\/?s={search_term_string}\"},\"query-input\":{\"@type\":\"PropertyValueSpecification\",\"valueRequired\":true,\"valueName\":\"search_term_string\"}}],\"inLanguage\":\"pt-BR\"},{\"@type\":\"Person\",\"@id\":\"https:\/\/www.gaveanews.com\/#\/schema\/person\/a9f62fe75380c6bada1b2fc49bc23d69\",\"name\":\"Marco Menezes\",\"image\":{\"@type\":\"ImageObject\",\"inLanguage\":\"pt-BR\",\"@id\":\"https:\/\/www.gaveanews.com\/#\/schema\/person\/image\/\",\"url\":\"https:\/\/secure.gravatar.com\/avatar\/a1d148ae17fc8bfc5dbccffd07979e8bd2c9ba494221779de86ec2c7907b71ec?s=96&d=mm&r=g\",\"contentUrl\":\"https:\/\/secure.gravatar.com\/avatar\/a1d148ae17fc8bfc5dbccffd07979e8bd2c9ba494221779de86ec2c7907b71ec?s=96&d=mm&r=g\",\"caption\":\"Marco Menezes\"}}]}<\/script>\n<!-- \/ Yoast SEO Premium plugin. -->","yoast_head_json":{"title":"Neymar chama aten\u00e7\u00e3o durante treinamento do Santos","robots":{"index":"index","follow":"follow","max-snippet":"max-snippet:-1","max-image-preview":"max-image-preview:large","max-video-preview":"max-video-preview:-1"},"canonical":"https:\/\/www.gaveanews.com\/index.php\/2025\/02\/04\/neymar-chama-atencao-durante-treinamento-do-santos\/","og_locale":"pt_BR","og_type":"article","og_title":"Neymar chama aten\u00e7\u00e3o durante treinamento do Santos","og_description":"A expectativa em ver Neymar atuando no futebol brasileiro s\u00f3 aumenta e ela pode ser em breve atendida. O jogador participou de um primeiro treinamento com a camisa do Santos no CT Rei Pel\u00e9 e chamou aten\u00e7\u00e3o pelo preparo f\u00edsico. Ele demonstrou estar recuperado da les\u00e3o na coxa, ao ponto de j\u00e1 poder estrear no [&hellip;]","og_url":"https:\/\/www.gaveanews.com\/index.php\/2025\/02\/04\/neymar-chama-atencao-durante-treinamento-do-santos\/","og_site_name":"G\u00e1vea News","article_publisher":"https:\/\/facebook.com\/gaveaNews\/","article_published_time":"2025-02-04T18:45:54+00:00","og_image":[{"width":984,"height":709,"url":"https:\/\/www.gaveanews.com\/wp-content\/uploads\/image-28.webp","type":"image\/png"}],"author":"Marco Menezes","twitter_card":"summary_large_image","twitter_misc":{"Escrito por":"Marco Menezes","Est. tempo de leitura":"2 minutos"},"schema":{"@context":"https:\/\/schema.org","@graph":[{"@type":"NewsArticle","@id":"https:\/\/www.gaveanews.com\/index.php\/2025\/02\/04\/neymar-chama-atencao-durante-treinamento-do-santos\/#article","isPartOf":{"@id":"https:\/\/www.gaveanews.com\/index.php\/2025\/02\/04\/neymar-chama-atencao-durante-treinamento-do-santos\/"},"author":{"name":"Marco Menezes","@id":"https:\/\/www.gaveanews.com\/#\/schema\/person\/a9f62fe75380c6bada1b2fc49bc23d69"},"headline":"Neymar chama aten\u00e7\u00e3o durante treinamento do Santos","datePublished":"2025-02-04T18:45:54+00:00","mainEntityOfPage":{"@id":"https:\/\/www.gaveanews.com\/index.php\/2025\/02\/04\/neymar-chama-atencao-durante-treinamento-do-santos\/"},"wordCount":337,"commentCount":0,"image":{"@id":"https:\/\/www.gaveanews.com\/index.php\/2025\/02\/04\/neymar-chama-atencao-durante-treinamento-do-santos\/#primaryimage"},"thumbnailUrl":"https:\/\/www.gaveanews.com\/wp-content\/uploads\/image-28.webp","articleSection":["Santos"],"inLanguage":"pt-BR","potentialAction":[{"@type":"CommentAction","name":"Comment","target":["https:\/\/www.gaveanews.com\/index.php\/2025\/02\/04\/neymar-chama-atencao-durante-treinamento-do-santos\/#respond"]}],"copyrightYear":"2025","copyrightHolder":{"@id":"https:\/\/www.gaveanews.com\/#organization"}},{"@type":"WebPage","@id":"https:\/\/www.gaveanews.com\/index.php\/2025\/02\/04\/neymar-chama-atencao-durante-treinamento-do-santos\/","url":"https:\/\/www.gaveanews.com\/index.php\/2025\/02\/04\/neymar-chama-atencao-durante-treinamento-do-santos\/","name":"Neymar chama aten\u00e7\u00e3o durante treinamento do Santos","isPartOf":{"@id":"https:\/\/www.gaveanews.com\/#website"},"primaryImageOfPage":{"@id":"https:\/\/www.gaveanews.com\/index.php\/2025\/02\/04\/neymar-chama-atencao-durante-treinamento-do-santos\/#primaryimage"},"image":{"@id":"https:\/\/www.gaveanews.com\/index.php\/2025\/02\/04\/neymar-chama-atencao-durante-treinamento-do-santos\/#primaryimage"},"thumbnailUrl":"https:\/\/www.gaveanews.com\/wp-content\/uploads\/image-28.webp","datePublished":"2025-02-04T18:45:54+00:00","author":{"@id":"https:\/\/www.gaveanews.com\/#\/schema\/person\/a9f62fe75380c6bada1b2fc49bc23d69"},"breadcrumb":{"@id":"https:\/\/www.gaveanews.com\/index.php\/2025\/02\/04\/neymar-chama-atencao-durante-treinamento-do-santos\/#breadcrumb"},"inLanguage":"pt-BR","potentialAction":[{"@type":"ReadAction","target":["https:\/\/www.gaveanews.com\/index.php\/2025\/02\/04\/neymar-chama-atencao-durante-treinamento-do-santos\/"]}]},{"@type":"ImageObject","inLanguage":"pt-BR","@id":"https:\/\/www.gaveanews.com\/index.php\/2025\/02\/04\/neymar-chama-atencao-durante-treinamento-do-santos\/#primaryimage","url":"https:\/\/www.gaveanews.com\/wp-content\/uploads\/image-28.webp","contentUrl":"https:\/\/www.gaveanews.com\/wp-content\/uploads\/image-28.webp","width":984,"height":709,"caption":"Neymar no Santos - Foto: Divulga\u00e7\u00e3o\/SFC"},{"@type":"BreadcrumbList","@id":"https:\/\/www.gaveanews.com\/index.php\/2025\/02\/04\/neymar-chama-atencao-durante-treinamento-do-santos\/#breadcrumb","itemListElement":[{"@type":"ListItem","position":1,"name":"Home","item":"https:\/\/www.gaveanews.com\/"},{"@type":"ListItem","position":2,"name":"Neymar chama aten\u00e7\u00e3o durante treinamento do Santos"}]},{"@type":"WebSite","@id":"https:\/\/www.gaveanews.com\/#website","url":"https:\/\/www.gaveanews.com\/","name":"G\u00e1vea News","description":"Veja todas as not\u00edcias sobre o Flamengo: Contrata\u00e7\u00f5es, categorias de base, resultados das partidas, tabela de classifica\u00e7\u00e3o, pr\u00f3ximos jogos!","potentialAction":[{"@type":"SearchAction","target":{"@type":"EntryPoint","urlTemplate":"https:\/\/www.gaveanews.com\/?s={search_term_string}"},"query-input":{"@type":"PropertyValueSpecification","valueRequired":true,"valueName":"search_term_string"}}],"inLanguage":"pt-BR"},{"@type":"Person","@id":"https:\/\/www.gaveanews.com\/#\/schema\/person\/a9f62fe75380c6bada1b2fc49bc23d69","name":"Marco Menezes","image":{"@type":"ImageObject","inLanguage":"pt-BR","@id":"https:\/\/www.gaveanews.com\/#\/schema\/person\/image\/","url":"https:\/\/secure.gravatar.com\/avatar\/a1d148ae17fc8bfc5dbccffd07979e8bd2c9ba494221779de86ec2c7907b71ec?s=96&d=mm&r=g","contentUrl":"https:\/\/secure.gravatar.com\/avatar\/a1d148ae17fc8bfc5dbccffd07979e8bd2c9ba494221779de86ec2c7907b71ec?s=96&d=mm&r=g","caption":"Marco Menezes"}}]}},"_links":{"self":[{"href":"https:\/\/www.gaveanews.com\/index.php\/wp-json\/wp\/v2\/posts\/222994","targetHints":{"allow":["GET"]}}],"collection":[{"href":"https:\/\/www.gaveanews.com\/index.php\/wp-json\/wp\/v2\/posts"}],"about":[{"href":"https:\/\/www.gaveanews.com\/index.php\/wp-json\/wp\/v2\/types\/post"}],"author":[{"embeddable":true,"href":"https:\/\/www.gaveanews.com\/index.php\/wp-json\/wp\/v2\/users\/29"}],"replies":[{"embeddable":true,"href":"https:\/\/www.gaveanews.com\/index.php\/wp-json\/wp\/v2\/comments?post=222994"}],"version-history":[{"count":1,"href":"https:\/\/www.gaveanews.com\/index.php\/wp-json\/wp\/v2\/posts\/222994\/revisions"}],"predecessor-version":[{"id":222995,"href":"https:\/\/www.gaveanews.com\/index.php\/wp-json\/wp\/v2\/posts\/222994\/revisions\/222995"}],"wp:featuredmedia":[{"embeddable":true,"href":"https:\/\/www.gaveanews.com\/index.php\/wp-json\/wp\/v2\/media\/220190"}],"wp:attachment":[{"href":"https:\/\/www.gaveanews.com\/index.php\/wp-json\/wp\/v2\/media?parent=222994"}],"wp:term":[{"taxonomy":"category","embeddable":true,"href":"https:\/\/www.gaveanews.com\/index.php\/wp-json\/wp\/v2\/categories?post=222994"},{"taxonomy":"post_tag","embeddable":true,"href":"https:\/\/www.gaveanews.com\/index.php\/wp-json\/wp\/v2\/tags?post=222994"}],"curies":[{"name":"wp","href":"https:\/\/api.w.org\/{rel}","templated":true}]}}