{"id":223009,"date":"2025-02-04T17:15:00","date_gmt":"2025-02-04T20:15:00","guid":{"rendered":"https:\/\/www.gaveanews.com\/?p=223009"},"modified":"2025-02-04T16:24:23","modified_gmt":"2025-02-04T19:24:23","slug":"situacao-de-endrick-causa-problemao-para-ancelotti-no-real-madrid","status":"publish","type":"post","link":"https:\/\/www.gaveanews.com\/index.php\/2025\/02\/04\/situacao-de-endrick-causa-problemao-para-ancelotti-no-real-madrid\/","title":{"rendered":"Situa\u00e7\u00e3o de Endrick causa &#8216;problem\u00e3o&#8217; para Ancelotti no Real Madrid"},"content":{"rendered":"\n<p>Carlo Ancelotti n\u00e3o vive dias tranquilos no Real Madrid. Apesar dos bons resultados na temporada, o treinador italiano tem sido alvo de cr\u00edticas intensas, tanto da imprensa quanto da torcida, por conta de suas decis\u00f5es sobre alguns jogadores. Entre eles, Endrick, Tchouam\u00e9ni, Asencio e Vallejo. A insatisfa\u00e7\u00e3o cresce, e o clima nos bastidores n\u00e3o \u00e9 dos melhores.<\/p>\n\n\n\n<h2 class=\"wp-block-heading\" id=\"h-escalacoes-contestadas-e-duvidas-na-zaga\">Escala\u00e7\u00f5es contestadas e d\u00favidas na zaga<\/h2>\n\n\n\n<p>A partida contra o Manchester City pela Champions League promete ser um verdadeiro teste para Ancelotti. Isso porque o treinador ter\u00e1 que montar um setor defensivo enfraquecido pela aus\u00eancia de R\u00fcdiger, lesionado. Dessa maneira, Tchouam\u00e9ni, que \u00e9 volante de origem, formar\u00e1 a zaga ao lado de Asencio, jogador que n\u00e3o tem a confian\u00e7a do t\u00e9cnico.<\/p>\n\n\n\n<p>Vale destacar que o Real Madrid tem um zagueiro de of\u00edcio no elenco, Jesus Vallejo, mas Ancelotti insiste em n\u00e3o utiliz\u00e1-lo. O espanhol treina normalmente e est\u00e1 fisicamente apto para atuar, mas segue fora dos planos. Sendo assim, o treinador opta por improvisa\u00e7\u00f5es em vez de dar uma chance ao defensor, o que aumenta ainda mais as cr\u00edticas sobre seu trabalho.<\/p>\n\n\n\n<h2 class=\"wp-block-heading\" id=\"h-endrick-brilha-mas-segue-sem-espaco\">Endrick brilha, mas segue sem espa\u00e7o<\/h2>\n\n\n\n<p>Outro ponto que gera insatisfa\u00e7\u00e3o em Madrid \u00e9 a falta de oportunidades para Endrick. O jovem brasileiro j\u00e1 mostrou que pode ser decisivo, como na partida contra o Celta de Vigo, quando entrou na prorroga\u00e7\u00e3o e marcou dois gols que garantiram a vit\u00f3ria do Real Madrid.<\/p>\n\n\n\n<p>Por isso, torcedores e jornalistas n\u00e3o entendem por que Ancelotti ainda n\u00e3o d\u00e1 mais minutos ao atacante. Isso porque sempre que entra, Endrick responde com boas atua\u00e7\u00f5es. No entanto, ele segue sendo pouco utilizado, algo que pode se tornar um problema ainda maior conforme a temporada avan\u00e7a.<\/p>\n\n\n\n<h2 class=\"wp-block-heading\" id=\"h-pressao-sobre-ancelotti-so-aumenta\">Press\u00e3o sobre Ancelotti s\u00f3 aumenta<\/h2>\n\n\n\n<p>Com isso, Carlo Ancelotti tem decis\u00f5es importantes pela frente. A torcida espera que ele consiga resolver os problemas defensivos sem abrir m\u00e3o da qualidade do time. Al\u00e9m disso, a cobran\u00e7a por mais oportunidades a Endrick s\u00f3 cresce. Cabe ressaltar que a reta final da temporada ser\u00e1 fundamental para definir o futuro do t\u00e9cnico no clube. Se as escolhas continuarem sendo contestadas, a press\u00e3o pode se tornar insustent\u00e1vel.<\/p>\n","protected":false},"excerpt":{"rendered":"<p>Carlo Ancelotti n\u00e3o vive dias tranquilos no Real Madrid. Apesar dos bons resultados na temporada, o treinador italiano tem sido alvo de cr\u00edticas intensas, tanto da imprensa quanto da torcida, por conta de suas decis\u00f5es sobre alguns jogadores. Entre eles, Endrick, Tchouam\u00e9ni, Asencio e Vallejo. A insatisfa\u00e7\u00e3o cresce, e o clima nos bastidores n\u00e3o \u00e9 [&hellip;]<\/p>\n","protected":false},"author":24,"featured_media":161086,"comment_status":"open","ping_status":"closed","sticky":false,"template":"","format":"standard","meta":{"footnotes":""},"categories":[88],"tags":[],"class_list":["post-223009","post","type-post","status-publish","format-standard","has-post-thumbnail","hentry","category-real-madrid"],"yoast_head":"<!-- This site is optimized with the Yoast SEO Premium plugin v24.2 (Yoast SEO v26.9) - https:\/\/yoast.com\/product\/yoast-seo-premium-wordpress\/ -->\n<title>Situa\u00e7\u00e3o de Endrick causa &#039;problem\u00e3o&#039; para Ancelotti no Real Madrid<\/title>\n<meta name=\"robots\" content=\"index, follow, max-snippet:-1, max-image-preview:large, max-video-preview:-1\" \/>\n<link rel=\"canonical\" href=\"https:\/\/www.gaveanews.com\/index.php\/2025\/02\/04\/situacao-de-endrick-causa-problemao-para-ancelotti-no-real-madrid\/\" \/>\n<meta property=\"og:locale\" content=\"pt_BR\" \/>\n<meta property=\"og:type\" content=\"article\" \/>\n<meta property=\"og:title\" content=\"Situa\u00e7\u00e3o de Endrick causa &#039;problem\u00e3o&#039; para Ancelotti no Real Madrid\" \/>\n<meta property=\"og:description\" content=\"Carlo Ancelotti n\u00e3o vive dias tranquilos no Real Madrid. Apesar dos bons resultados na temporada, o treinador italiano tem sido alvo de cr\u00edticas intensas, tanto da imprensa quanto da torcida, por conta de suas decis\u00f5es sobre alguns jogadores. Entre eles, Endrick, Tchouam\u00e9ni, Asencio e Vallejo. A insatisfa\u00e7\u00e3o cresce, e o clima nos bastidores n\u00e3o \u00e9 [&hellip;]\" \/>\n<meta property=\"og:url\" content=\"https:\/\/www.gaveanews.com\/index.php\/2025\/02\/04\/situacao-de-endrick-causa-problemao-para-ancelotti-no-real-madrid\/\" \/>\n<meta property=\"og:site_name\" content=\"G\u00e1vea News\" \/>\n<meta property=\"article:publisher\" content=\"https:\/\/facebook.com\/gaveaNews\/\" \/>\n<meta property=\"article:published_time\" content=\"2025-02-04T20:15:00+00:00\" \/>\n<meta property=\"og:image\" content=\"https:\/\/www.gaveanews.com\/wp-content\/uploads\/endrick_-_real_madrid_1.jpg_554688468.webp\" \/>\n\t<meta property=\"og:image:width\" content=\"1200\" \/>\n\t<meta property=\"og:image:height\" content=\"675\" \/>\n\t<meta property=\"og:image:type\" content=\"image\/webp\" \/>\n<meta name=\"author\" content=\"Leandro Cardoso\" \/>\n<meta name=\"twitter:card\" content=\"summary_large_image\" \/>\n<meta name=\"twitter:label1\" content=\"Escrito por\" \/>\n\t<meta name=\"twitter:data1\" content=\"Leandro Cardoso\" \/>\n\t<meta name=\"twitter:label2\" content=\"Est. tempo de leitura\" \/>\n\t<meta name=\"twitter:data2\" content=\"3 minutos\" \/>\n<script type=\"application\/ld+json\" class=\"yoast-schema-graph\">{\"@context\":\"https:\/\/schema.org\",\"@graph\":[{\"@type\":\"NewsArticle\",\"@id\":\"https:\/\/www.gaveanews.com\/index.php\/2025\/02\/04\/situacao-de-endrick-causa-problemao-para-ancelotti-no-real-madrid\/#article\",\"isPartOf\":{\"@id\":\"https:\/\/www.gaveanews.com\/index.php\/2025\/02\/04\/situacao-de-endrick-causa-problemao-para-ancelotti-no-real-madrid\/\"},\"author\":{\"name\":\"Leandro Cardoso\",\"@id\":\"https:\/\/www.gaveanews.com\/#\/schema\/person\/2424ec6409bc3f068411fc5e4e9b6168\"},\"headline\":\"Situa\u00e7\u00e3o de Endrick causa &#8216;problem\u00e3o&#8217; para Ancelotti no Real Madrid\",\"datePublished\":\"2025-02-04T20:15:00+00:00\",\"mainEntityOfPage\":{\"@id\":\"https:\/\/www.gaveanews.com\/index.php\/2025\/02\/04\/situacao-de-endrick-causa-problemao-para-ancelotti-no-real-madrid\/\"},\"wordCount\":394,\"commentCount\":0,\"image\":{\"@id\":\"https:\/\/www.gaveanews.com\/index.php\/2025\/02\/04\/situacao-de-endrick-causa-problemao-para-ancelotti-no-real-madrid\/#primaryimage\"},\"thumbnailUrl\":\"https:\/\/www.gaveanews.com\/wp-content\/uploads\/endrick_-_real_madrid_1.jpg_554688468.webp\",\"articleSection\":[\"Real Madrid\"],\"inLanguage\":\"pt-BR\",\"potentialAction\":[{\"@type\":\"CommentAction\",\"name\":\"Comment\",\"target\":[\"https:\/\/www.gaveanews.com\/index.php\/2025\/02\/04\/situacao-de-endrick-causa-problemao-para-ancelotti-no-real-madrid\/#respond\"]}],\"copyrightYear\":\"2025\",\"copyrightHolder\":{\"@id\":\"https:\/\/www.gaveanews.com\/#organization\"}},{\"@type\":\"WebPage\",\"@id\":\"https:\/\/www.gaveanews.com\/index.php\/2025\/02\/04\/situacao-de-endrick-causa-problemao-para-ancelotti-no-real-madrid\/\",\"url\":\"https:\/\/www.gaveanews.com\/index.php\/2025\/02\/04\/situacao-de-endrick-causa-problemao-para-ancelotti-no-real-madrid\/\",\"name\":\"Situa\u00e7\u00e3o de Endrick causa 'problem\u00e3o' para Ancelotti no Real Madrid\",\"isPartOf\":{\"@id\":\"https:\/\/www.gaveanews.com\/#website\"},\"primaryImageOfPage\":{\"@id\":\"https:\/\/www.gaveanews.com\/index.php\/2025\/02\/04\/situacao-de-endrick-causa-problemao-para-ancelotti-no-real-madrid\/#primaryimage\"},\"image\":{\"@id\":\"https:\/\/www.gaveanews.com\/index.php\/2025\/02\/04\/situacao-de-endrick-causa-problemao-para-ancelotti-no-real-madrid\/#primaryimage\"},\"thumbnailUrl\":\"https:\/\/www.gaveanews.com\/wp-content\/uploads\/endrick_-_real_madrid_1.jpg_554688468.webp\",\"datePublished\":\"2025-02-04T20:15:00+00:00\",\"author\":{\"@id\":\"https:\/\/www.gaveanews.com\/#\/schema\/person\/2424ec6409bc3f068411fc5e4e9b6168\"},\"breadcrumb\":{\"@id\":\"https:\/\/www.gaveanews.com\/index.php\/2025\/02\/04\/situacao-de-endrick-causa-problemao-para-ancelotti-no-real-madrid\/#breadcrumb\"},\"inLanguage\":\"pt-BR\",\"potentialAction\":[{\"@type\":\"ReadAction\",\"target\":[\"https:\/\/www.gaveanews.com\/index.php\/2025\/02\/04\/situacao-de-endrick-causa-problemao-para-ancelotti-no-real-madrid\/\"]}]},{\"@type\":\"ImageObject\",\"inLanguage\":\"pt-BR\",\"@id\":\"https:\/\/www.gaveanews.com\/index.php\/2025\/02\/04\/situacao-de-endrick-causa-problemao-para-ancelotti-no-real-madrid\/#primaryimage\",\"url\":\"https:\/\/www.gaveanews.com\/wp-content\/uploads\/endrick_-_real_madrid_1.jpg_554688468.webp\",\"contentUrl\":\"https:\/\/www.gaveanews.com\/wp-content\/uploads\/endrick_-_real_madrid_1.jpg_554688468.webp\",\"width\":1200,\"height\":675,\"caption\":\"Endrick marcou seu primeiro gol pelo Real Madrid - Angel Martinez (2024 Getty Images, Getty Images Europe)\"},{\"@type\":\"BreadcrumbList\",\"@id\":\"https:\/\/www.gaveanews.com\/index.php\/2025\/02\/04\/situacao-de-endrick-causa-problemao-para-ancelotti-no-real-madrid\/#breadcrumb\",\"itemListElement\":[{\"@type\":\"ListItem\",\"position\":1,\"name\":\"Home\",\"item\":\"https:\/\/www.gaveanews.com\/\"},{\"@type\":\"ListItem\",\"position\":2,\"name\":\"Situa\u00e7\u00e3o de Endrick causa &#8216;problem\u00e3o&#8217; para Ancelotti no Real Madrid\"}]},{\"@type\":\"WebSite\",\"@id\":\"https:\/\/www.gaveanews.com\/#website\",\"url\":\"https:\/\/www.gaveanews.com\/\",\"name\":\"G\u00e1vea News\",\"description\":\"Veja todas as not\u00edcias sobre o Flamengo: Contrata\u00e7\u00f5es, categorias de base, resultados das partidas, tabela de classifica\u00e7\u00e3o, pr\u00f3ximos jogos!\",\"potentialAction\":[{\"@type\":\"SearchAction\",\"target\":{\"@type\":\"EntryPoint\",\"urlTemplate\":\"https:\/\/www.gaveanews.com\/?s={search_term_string}\"},\"query-input\":{\"@type\":\"PropertyValueSpecification\",\"valueRequired\":true,\"valueName\":\"search_term_string\"}}],\"inLanguage\":\"pt-BR\"},{\"@type\":\"Person\",\"@id\":\"https:\/\/www.gaveanews.com\/#\/schema\/person\/2424ec6409bc3f068411fc5e4e9b6168\",\"name\":\"Leandro Cardoso\",\"image\":{\"@type\":\"ImageObject\",\"inLanguage\":\"pt-BR\",\"@id\":\"https:\/\/www.gaveanews.com\/#\/schema\/person\/image\/\",\"url\":\"https:\/\/secure.gravatar.com\/avatar\/8ca179f9b55eefe9f376f5493ef25475bfa59fbc28ce937f6076ce20e523098f?s=96&d=mm&r=g\",\"contentUrl\":\"https:\/\/secure.gravatar.com\/avatar\/8ca179f9b55eefe9f376f5493ef25475bfa59fbc28ce937f6076ce20e523098f?s=96&d=mm&r=g\",\"caption\":\"Leandro Cardoso\"}}]}<\/script>\n<!-- \/ Yoast SEO Premium plugin. -->","yoast_head_json":{"title":"Situa\u00e7\u00e3o de Endrick causa 'problem\u00e3o' para Ancelotti no Real Madrid","robots":{"index":"index","follow":"follow","max-snippet":"max-snippet:-1","max-image-preview":"max-image-preview:large","max-video-preview":"max-video-preview:-1"},"canonical":"https:\/\/www.gaveanews.com\/index.php\/2025\/02\/04\/situacao-de-endrick-causa-problemao-para-ancelotti-no-real-madrid\/","og_locale":"pt_BR","og_type":"article","og_title":"Situa\u00e7\u00e3o de Endrick causa 'problem\u00e3o' para Ancelotti no Real Madrid","og_description":"Carlo Ancelotti n\u00e3o vive dias tranquilos no Real Madrid. Apesar dos bons resultados na temporada, o treinador italiano tem sido alvo de cr\u00edticas intensas, tanto da imprensa quanto da torcida, por conta de suas decis\u00f5es sobre alguns jogadores. Entre eles, Endrick, Tchouam\u00e9ni, Asencio e Vallejo. A insatisfa\u00e7\u00e3o cresce, e o clima nos bastidores n\u00e3o \u00e9 [&hellip;]","og_url":"https:\/\/www.gaveanews.com\/index.php\/2025\/02\/04\/situacao-de-endrick-causa-problemao-para-ancelotti-no-real-madrid\/","og_site_name":"G\u00e1vea News","article_publisher":"https:\/\/facebook.com\/gaveaNews\/","article_published_time":"2025-02-04T20:15:00+00:00","og_image":[{"width":1200,"height":675,"url":"https:\/\/www.gaveanews.com\/wp-content\/uploads\/endrick_-_real_madrid_1.jpg_554688468.webp","type":"image\/webp"}],"author":"Leandro Cardoso","twitter_card":"summary_large_image","twitter_misc":{"Escrito por":"Leandro Cardoso","Est. tempo de leitura":"3 minutos"},"schema":{"@context":"https:\/\/schema.org","@graph":[{"@type":"NewsArticle","@id":"https:\/\/www.gaveanews.com\/index.php\/2025\/02\/04\/situacao-de-endrick-causa-problemao-para-ancelotti-no-real-madrid\/#article","isPartOf":{"@id":"https:\/\/www.gaveanews.com\/index.php\/2025\/02\/04\/situacao-de-endrick-causa-problemao-para-ancelotti-no-real-madrid\/"},"author":{"name":"Leandro Cardoso","@id":"https:\/\/www.gaveanews.com\/#\/schema\/person\/2424ec6409bc3f068411fc5e4e9b6168"},"headline":"Situa\u00e7\u00e3o de Endrick causa &#8216;problem\u00e3o&#8217; para Ancelotti no Real Madrid","datePublished":"2025-02-04T20:15:00+00:00","mainEntityOfPage":{"@id":"https:\/\/www.gaveanews.com\/index.php\/2025\/02\/04\/situacao-de-endrick-causa-problemao-para-ancelotti-no-real-madrid\/"},"wordCount":394,"commentCount":0,"image":{"@id":"https:\/\/www.gaveanews.com\/index.php\/2025\/02\/04\/situacao-de-endrick-causa-problemao-para-ancelotti-no-real-madrid\/#primaryimage"},"thumbnailUrl":"https:\/\/www.gaveanews.com\/wp-content\/uploads\/endrick_-_real_madrid_1.jpg_554688468.webp","articleSection":["Real Madrid"],"inLanguage":"pt-BR","potentialAction":[{"@type":"CommentAction","name":"Comment","target":["https:\/\/www.gaveanews.com\/index.php\/2025\/02\/04\/situacao-de-endrick-causa-problemao-para-ancelotti-no-real-madrid\/#respond"]}],"copyrightYear":"2025","copyrightHolder":{"@id":"https:\/\/www.gaveanews.com\/#organization"}},{"@type":"WebPage","@id":"https:\/\/www.gaveanews.com\/index.php\/2025\/02\/04\/situacao-de-endrick-causa-problemao-para-ancelotti-no-real-madrid\/","url":"https:\/\/www.gaveanews.com\/index.php\/2025\/02\/04\/situacao-de-endrick-causa-problemao-para-ancelotti-no-real-madrid\/","name":"Situa\u00e7\u00e3o de Endrick causa 'problem\u00e3o' para Ancelotti no Real Madrid","isPartOf":{"@id":"https:\/\/www.gaveanews.com\/#website"},"primaryImageOfPage":{"@id":"https:\/\/www.gaveanews.com\/index.php\/2025\/02\/04\/situacao-de-endrick-causa-problemao-para-ancelotti-no-real-madrid\/#primaryimage"},"image":{"@id":"https:\/\/www.gaveanews.com\/index.php\/2025\/02\/04\/situacao-de-endrick-causa-problemao-para-ancelotti-no-real-madrid\/#primaryimage"},"thumbnailUrl":"https:\/\/www.gaveanews.com\/wp-content\/uploads\/endrick_-_real_madrid_1.jpg_554688468.webp","datePublished":"2025-02-04T20:15:00+00:00","author":{"@id":"https:\/\/www.gaveanews.com\/#\/schema\/person\/2424ec6409bc3f068411fc5e4e9b6168"},"breadcrumb":{"@id":"https:\/\/www.gaveanews.com\/index.php\/2025\/02\/04\/situacao-de-endrick-causa-problemao-para-ancelotti-no-real-madrid\/#breadcrumb"},"inLanguage":"pt-BR","potentialAction":[{"@type":"ReadAction","target":["https:\/\/www.gaveanews.com\/index.php\/2025\/02\/04\/situacao-de-endrick-causa-problemao-para-ancelotti-no-real-madrid\/"]}]},{"@type":"ImageObject","inLanguage":"pt-BR","@id":"https:\/\/www.gaveanews.com\/index.php\/2025\/02\/04\/situacao-de-endrick-causa-problemao-para-ancelotti-no-real-madrid\/#primaryimage","url":"https:\/\/www.gaveanews.com\/wp-content\/uploads\/endrick_-_real_madrid_1.jpg_554688468.webp","contentUrl":"https:\/\/www.gaveanews.com\/wp-content\/uploads\/endrick_-_real_madrid_1.jpg_554688468.webp","width":1200,"height":675,"caption":"Endrick marcou seu primeiro gol pelo Real Madrid - Angel Martinez (2024 Getty Images, Getty Images Europe)"},{"@type":"BreadcrumbList","@id":"https:\/\/www.gaveanews.com\/index.php\/2025\/02\/04\/situacao-de-endrick-causa-problemao-para-ancelotti-no-real-madrid\/#breadcrumb","itemListElement":[{"@type":"ListItem","position":1,"name":"Home","item":"https:\/\/www.gaveanews.com\/"},{"@type":"ListItem","position":2,"name":"Situa\u00e7\u00e3o de Endrick causa &#8216;problem\u00e3o&#8217; para Ancelotti no Real Madrid"}]},{"@type":"WebSite","@id":"https:\/\/www.gaveanews.com\/#website","url":"https:\/\/www.gaveanews.com\/","name":"G\u00e1vea News","description":"Veja todas as not\u00edcias sobre o Flamengo: Contrata\u00e7\u00f5es, categorias de base, resultados das partidas, tabela de classifica\u00e7\u00e3o, pr\u00f3ximos jogos!","potentialAction":[{"@type":"SearchAction","target":{"@type":"EntryPoint","urlTemplate":"https:\/\/www.gaveanews.com\/?s={search_term_string}"},"query-input":{"@type":"PropertyValueSpecification","valueRequired":true,"valueName":"search_term_string"}}],"inLanguage":"pt-BR"},{"@type":"Person","@id":"https:\/\/www.gaveanews.com\/#\/schema\/person\/2424ec6409bc3f068411fc5e4e9b6168","name":"Leandro Cardoso","image":{"@type":"ImageObject","inLanguage":"pt-BR","@id":"https:\/\/www.gaveanews.com\/#\/schema\/person\/image\/","url":"https:\/\/secure.gravatar.com\/avatar\/8ca179f9b55eefe9f376f5493ef25475bfa59fbc28ce937f6076ce20e523098f?s=96&d=mm&r=g","contentUrl":"https:\/\/secure.gravatar.com\/avatar\/8ca179f9b55eefe9f376f5493ef25475bfa59fbc28ce937f6076ce20e523098f?s=96&d=mm&r=g","caption":"Leandro Cardoso"}}]}},"_links":{"self":[{"href":"https:\/\/www.gaveanews.com\/index.php\/wp-json\/wp\/v2\/posts\/223009","targetHints":{"allow":["GET"]}}],"collection":[{"href":"https:\/\/www.gaveanews.com\/index.php\/wp-json\/wp\/v2\/posts"}],"about":[{"href":"https:\/\/www.gaveanews.com\/index.php\/wp-json\/wp\/v2\/types\/post"}],"author":[{"embeddable":true,"href":"https:\/\/www.gaveanews.com\/index.php\/wp-json\/wp\/v2\/users\/24"}],"replies":[{"embeddable":true,"href":"https:\/\/www.gaveanews.com\/index.php\/wp-json\/wp\/v2\/comments?post=223009"}],"version-history":[{"count":1,"href":"https:\/\/www.gaveanews.com\/index.php\/wp-json\/wp\/v2\/posts\/223009\/revisions"}],"predecessor-version":[{"id":223018,"href":"https:\/\/www.gaveanews.com\/index.php\/wp-json\/wp\/v2\/posts\/223009\/revisions\/223018"}],"wp:featuredmedia":[{"embeddable":true,"href":"https:\/\/www.gaveanews.com\/index.php\/wp-json\/wp\/v2\/media\/161086"}],"wp:attachment":[{"href":"https:\/\/www.gaveanews.com\/index.php\/wp-json\/wp\/v2\/media?parent=223009"}],"wp:term":[{"taxonomy":"category","embeddable":true,"href":"https:\/\/www.gaveanews.com\/index.php\/wp-json\/wp\/v2\/categories?post=223009"},{"taxonomy":"post_tag","embeddable":true,"href":"https:\/\/www.gaveanews.com\/index.php\/wp-json\/wp\/v2\/tags?post=223009"}],"curies":[{"name":"wp","href":"https:\/\/api.w.org\/{rel}","templated":true}]}}