{"id":223014,"date":"2025-02-04T17:10:00","date_gmt":"2025-02-04T20:10:00","guid":{"rendered":"https:\/\/www.gaveanews.com\/?p=223014"},"modified":"2025-02-04T16:24:06","modified_gmt":"2025-02-04T19:24:06","slug":"apos-se-destacar-em-2024-ele-recebeu-um-aumento-salarial-no-fluminense","status":"publish","type":"post","link":"https:\/\/www.gaveanews.com\/index.php\/2025\/02\/04\/apos-se-destacar-em-2024-ele-recebeu-um-aumento-salarial-no-fluminense\/","title":{"rendered":"Ap\u00f3s se destacar em 2024 ele recebeu um aumento salarial no Fluminense"},"content":{"rendered":"\n<p>O Fluminense preparou uma valoriza\u00e7\u00e3o salarial para o goleiro F\u00e1bio depois de mais um ano de bom desempenho. O time carioca tenta se precaver das investidas de clubes brasileiros, que j\u00e1 demonstraram interesse em contratar o arqueiro de 44 anos e \u00e9 considerado um dos pilares da equipe.<\/p>\n\n\n\n<p>O veterano foi contratado em 2023, ao ter se desvinculado do Cruzeiro depois de ter defendido a Raposa entre 2005 e 2021. Ele chegou ao clube recebendo algo em torno dos 150 mil reais mensais e recebeu um aumento significativo quando renovou o contrato ao fim da temporada, tendo se sagrado campe\u00e3o da Copa Libertadores da Am\u00e9rica.&nbsp;<\/p>\n\n\n\n<p>Agora, mais uma vez. F\u00e1bio foi um dos destaques da equipe durante todo o ano passado e ganhou outro aumento salarial. Al\u00e9m de valorizar o atleta por servi\u00e7os prestados, a diretoria tricolor pretende afastar as amea\u00e7as do mercado. Ele recebeu sondagens de clubes brasileiros, mas n\u00e3o tem a inten\u00e7\u00e3o de deixar o Fluminense.&nbsp;<\/p>\n\n\n\n<p>Mas, embora tenha tido essa altera\u00e7\u00e3o nos vencimentos, o jogador continua com o mesmo tempo de contrato, indo at\u00e9 o fim de 2025.<\/p>\n\n\n\n<figure class=\"wp-block-image size-large\"><img loading=\"lazy\" decoding=\"async\" width=\"1024\" height=\"576\" src=\"http:\/\/www.gaveanews.com\/wp-content\/uploads\/Fabio-pelo-Fluminense-1024x576.webp\" alt=\"\" class=\"wp-image-167657\" srcset=\"https:\/\/www.gaveanews.com\/wp-content\/uploads\/Fabio-pelo-Fluminense-1024x576.webp 1024w, https:\/\/www.gaveanews.com\/wp-content\/uploads\/Fabio-pelo-Fluminense-300x169.webp 300w, https:\/\/www.gaveanews.com\/wp-content\/uploads\/Fabio-pelo-Fluminense-768x432.webp 768w, https:\/\/www.gaveanews.com\/wp-content\/uploads\/Fabio-pelo-Fluminense-1536x864.webp 1536w, https:\/\/www.gaveanews.com\/wp-content\/uploads\/Fabio-pelo-Fluminense-747x420.webp 747w, https:\/\/www.gaveanews.com\/wp-content\/uploads\/Fabio-pelo-Fluminense-1493x840.webp 1493w, https:\/\/www.gaveanews.com\/wp-content\/uploads\/Fabio-pelo-Fluminense-640x360.webp 640w, https:\/\/www.gaveanews.com\/wp-content\/uploads\/Fabio-pelo-Fluminense-1280x720.webp 1280w, https:\/\/www.gaveanews.com\/wp-content\/uploads\/Fabio-pelo-Fluminense-681x383.webp 681w, https:\/\/www.gaveanews.com\/wp-content\/uploads\/Fabio-pelo-Fluminense-1362x766.webp 1362w, https:\/\/www.gaveanews.com\/wp-content\/uploads\/Fabio-pelo-Fluminense-100x56.webp 100w, https:\/\/www.gaveanews.com\/wp-content\/uploads\/Fabio-pelo-Fluminense.webp 1600w\" sizes=\"auto, (max-width: 1024px) 100vw, 1024px\" \/><figcaption class=\"wp-element-caption\">F\u00e1bio pelo Fluminense (Foto: Divulga\u00e7\u00e3o\/Fluminense)<\/figcaption><\/figure>\n\n\n\n<p>Nesta temporada, ele entrou em campo 4 vezes pelo Campeonato Carioca e acumulou 191 jogos com a camisa do Tricolor das Laranjeiras. F\u00e1bio deve entrar a campo novamente na pr\u00f3xima quarta-feira (4\/2), contra o clube que o revelou para o futebol.<\/p>\n\n\n\n<p>O goleiro surgiu nas categorias de base do Vasco da Gama e era tido como uma das grandes promessas do Cruz-Maltino, cotado a sucessor de Helton, que havia se transferido para o Porto, de Portugal.<\/p>\n\n\n\n<p>No entanto, com o mau relacionamento com o ex-presidente Eurico Miranda, acabou se transferindo para o Cruzeiro em 2005. Entre 2000 e 2004, ele atuou 150 vezes pelo time carioca. Inclusive, o jogo pela oitava rodada do Campeonato Carioca, no Man\u00e9 Garrincha, \u00e0s 21h30, pode significar a recupera\u00e7\u00e3o do Fluminense na competi\u00e7\u00e3o.<\/p>\n\n\n\n<p>O Tricolor das Laranjeiras tem 7 pontos e ocupa a 10\u00aa coloca\u00e7\u00e3o, quatro pontos abaixo da fase classificat\u00f3ria para as semifinais do estadual. Se depender do retrospecto de F\u00e1bio contra o ex-clube, o torcedor pode ficar tranquilo. Dos 31 confrontos que teve contra o Vasco, o goleiro venceu 16, empatou 10 e perdeu 5. Apenas 2 foi como jogador do Fluminense.<\/p>\n","protected":false},"excerpt":{"rendered":"<p>O Fluminense preparou uma valoriza\u00e7\u00e3o salarial para o goleiro F\u00e1bio depois de mais um ano de bom desempenho. O time carioca tenta se precaver das investidas de clubes brasileiros, que j\u00e1 demonstraram interesse em contratar o arqueiro de 44 anos e \u00e9 considerado um dos pilares da equipe. O veterano foi contratado em 2023, ao [&hellip;]<\/p>\n","protected":false},"author":29,"featured_media":144992,"comment_status":"open","ping_status":"closed","sticky":false,"template":"","format":"standard","meta":{"footnotes":""},"categories":[145],"tags":[],"class_list":["post-223014","post","type-post","status-publish","format-standard","has-post-thumbnail","hentry","category-fluminense"],"yoast_head":"<!-- This site is optimized with the Yoast SEO Premium plugin v24.2 (Yoast SEO v26.9) - https:\/\/yoast.com\/product\/yoast-seo-premium-wordpress\/ -->\n<title>Ap\u00f3s se destacar em 2024 ele recebeu um aumento salarial no Fluminense<\/title>\n<meta name=\"robots\" content=\"index, follow, max-snippet:-1, max-image-preview:large, max-video-preview:-1\" \/>\n<link rel=\"canonical\" href=\"https:\/\/www.gaveanews.com\/index.php\/2025\/02\/04\/apos-se-destacar-em-2024-ele-recebeu-um-aumento-salarial-no-fluminense\/\" \/>\n<meta property=\"og:locale\" content=\"pt_BR\" \/>\n<meta property=\"og:type\" content=\"article\" \/>\n<meta property=\"og:title\" content=\"Ap\u00f3s se destacar em 2024 ele recebeu um aumento salarial no Fluminense\" \/>\n<meta property=\"og:description\" content=\"O Fluminense preparou uma valoriza\u00e7\u00e3o salarial para o goleiro F\u00e1bio depois de mais um ano de bom desempenho. O time carioca tenta se precaver das investidas de clubes brasileiros, que j\u00e1 demonstraram interesse em contratar o arqueiro de 44 anos e \u00e9 considerado um dos pilares da equipe. O veterano foi contratado em 2023, ao [&hellip;]\" \/>\n<meta property=\"og:url\" content=\"https:\/\/www.gaveanews.com\/index.php\/2025\/02\/04\/apos-se-destacar-em-2024-ele-recebeu-um-aumento-salarial-no-fluminense\/\" \/>\n<meta property=\"og:site_name\" content=\"G\u00e1vea News\" \/>\n<meta property=\"article:publisher\" content=\"https:\/\/facebook.com\/gaveaNews\/\" \/>\n<meta property=\"article:published_time\" content=\"2025-02-04T20:10:00+00:00\" \/>\n<meta property=\"og:image\" content=\"https:\/\/www.gaveanews.com\/wp-content\/uploads\/Escudo-do-Fluminense.webp\" \/>\n\t<meta property=\"og:image:width\" content=\"1000\" \/>\n\t<meta property=\"og:image:height\" content=\"667\" \/>\n\t<meta property=\"og:image:type\" content=\"image\/webp\" \/>\n<meta name=\"author\" content=\"Marco Menezes\" \/>\n<meta name=\"twitter:card\" content=\"summary_large_image\" \/>\n<meta name=\"twitter:label1\" content=\"Escrito por\" \/>\n\t<meta name=\"twitter:data1\" content=\"Marco Menezes\" \/>\n\t<meta name=\"twitter:label2\" content=\"Est. tempo de leitura\" \/>\n\t<meta name=\"twitter:data2\" content=\"3 minutos\" \/>\n<script type=\"application\/ld+json\" class=\"yoast-schema-graph\">{\"@context\":\"https:\/\/schema.org\",\"@graph\":[{\"@type\":\"NewsArticle\",\"@id\":\"https:\/\/www.gaveanews.com\/index.php\/2025\/02\/04\/apos-se-destacar-em-2024-ele-recebeu-um-aumento-salarial-no-fluminense\/#article\",\"isPartOf\":{\"@id\":\"https:\/\/www.gaveanews.com\/index.php\/2025\/02\/04\/apos-se-destacar-em-2024-ele-recebeu-um-aumento-salarial-no-fluminense\/\"},\"author\":{\"name\":\"Marco Menezes\",\"@id\":\"https:\/\/www.gaveanews.com\/#\/schema\/person\/a9f62fe75380c6bada1b2fc49bc23d69\"},\"headline\":\"Ap\u00f3s se destacar em 2024 ele recebeu um aumento salarial no Fluminense\",\"datePublished\":\"2025-02-04T20:10:00+00:00\",\"mainEntityOfPage\":{\"@id\":\"https:\/\/www.gaveanews.com\/index.php\/2025\/02\/04\/apos-se-destacar-em-2024-ele-recebeu-um-aumento-salarial-no-fluminense\/\"},\"wordCount\":389,\"commentCount\":0,\"image\":{\"@id\":\"https:\/\/www.gaveanews.com\/index.php\/2025\/02\/04\/apos-se-destacar-em-2024-ele-recebeu-um-aumento-salarial-no-fluminense\/#primaryimage\"},\"thumbnailUrl\":\"https:\/\/www.gaveanews.com\/wp-content\/uploads\/Escudo-do-Fluminense.webp\",\"articleSection\":[\"Fluminense\"],\"inLanguage\":\"pt-BR\",\"potentialAction\":[{\"@type\":\"CommentAction\",\"name\":\"Comment\",\"target\":[\"https:\/\/www.gaveanews.com\/index.php\/2025\/02\/04\/apos-se-destacar-em-2024-ele-recebeu-um-aumento-salarial-no-fluminense\/#respond\"]}],\"copyrightYear\":\"2025\",\"copyrightHolder\":{\"@id\":\"https:\/\/www.gaveanews.com\/#organization\"}},{\"@type\":\"WebPage\",\"@id\":\"https:\/\/www.gaveanews.com\/index.php\/2025\/02\/04\/apos-se-destacar-em-2024-ele-recebeu-um-aumento-salarial-no-fluminense\/\",\"url\":\"https:\/\/www.gaveanews.com\/index.php\/2025\/02\/04\/apos-se-destacar-em-2024-ele-recebeu-um-aumento-salarial-no-fluminense\/\",\"name\":\"Ap\u00f3s se destacar em 2024 ele recebeu um aumento salarial no Fluminense\",\"isPartOf\":{\"@id\":\"https:\/\/www.gaveanews.com\/#website\"},\"primaryImageOfPage\":{\"@id\":\"https:\/\/www.gaveanews.com\/index.php\/2025\/02\/04\/apos-se-destacar-em-2024-ele-recebeu-um-aumento-salarial-no-fluminense\/#primaryimage\"},\"image\":{\"@id\":\"https:\/\/www.gaveanews.com\/index.php\/2025\/02\/04\/apos-se-destacar-em-2024-ele-recebeu-um-aumento-salarial-no-fluminense\/#primaryimage\"},\"thumbnailUrl\":\"https:\/\/www.gaveanews.com\/wp-content\/uploads\/Escudo-do-Fluminense.webp\",\"datePublished\":\"2025-02-04T20:10:00+00:00\",\"author\":{\"@id\":\"https:\/\/www.gaveanews.com\/#\/schema\/person\/a9f62fe75380c6bada1b2fc49bc23d69\"},\"breadcrumb\":{\"@id\":\"https:\/\/www.gaveanews.com\/index.php\/2025\/02\/04\/apos-se-destacar-em-2024-ele-recebeu-um-aumento-salarial-no-fluminense\/#breadcrumb\"},\"inLanguage\":\"pt-BR\",\"potentialAction\":[{\"@type\":\"ReadAction\",\"target\":[\"https:\/\/www.gaveanews.com\/index.php\/2025\/02\/04\/apos-se-destacar-em-2024-ele-recebeu-um-aumento-salarial-no-fluminense\/\"]}]},{\"@type\":\"ImageObject\",\"inLanguage\":\"pt-BR\",\"@id\":\"https:\/\/www.gaveanews.com\/index.php\/2025\/02\/04\/apos-se-destacar-em-2024-ele-recebeu-um-aumento-salarial-no-fluminense\/#primaryimage\",\"url\":\"https:\/\/www.gaveanews.com\/wp-content\/uploads\/Escudo-do-Fluminense.webp\",\"contentUrl\":\"https:\/\/www.gaveanews.com\/wp-content\/uploads\/Escudo-do-Fluminense.webp\",\"width\":1000,\"height\":667,\"caption\":\"Escudo do Fluminense (Foto Reprodu\u00e7\u00e3o\/Instagram)\"},{\"@type\":\"BreadcrumbList\",\"@id\":\"https:\/\/www.gaveanews.com\/index.php\/2025\/02\/04\/apos-se-destacar-em-2024-ele-recebeu-um-aumento-salarial-no-fluminense\/#breadcrumb\",\"itemListElement\":[{\"@type\":\"ListItem\",\"position\":1,\"name\":\"Home\",\"item\":\"https:\/\/www.gaveanews.com\/\"},{\"@type\":\"ListItem\",\"position\":2,\"name\":\"Ap\u00f3s se destacar em 2024 ele recebeu um aumento salarial no Fluminense\"}]},{\"@type\":\"WebSite\",\"@id\":\"https:\/\/www.gaveanews.com\/#website\",\"url\":\"https:\/\/www.gaveanews.com\/\",\"name\":\"G\u00e1vea News\",\"description\":\"Veja todas as not\u00edcias sobre o Flamengo: Contrata\u00e7\u00f5es, categorias de base, resultados das partidas, tabela de classifica\u00e7\u00e3o, pr\u00f3ximos jogos!\",\"potentialAction\":[{\"@type\":\"SearchAction\",\"target\":{\"@type\":\"EntryPoint\",\"urlTemplate\":\"https:\/\/www.gaveanews.com\/?s={search_term_string}\"},\"query-input\":{\"@type\":\"PropertyValueSpecification\",\"valueRequired\":true,\"valueName\":\"search_term_string\"}}],\"inLanguage\":\"pt-BR\"},{\"@type\":\"Person\",\"@id\":\"https:\/\/www.gaveanews.com\/#\/schema\/person\/a9f62fe75380c6bada1b2fc49bc23d69\",\"name\":\"Marco Menezes\",\"image\":{\"@type\":\"ImageObject\",\"inLanguage\":\"pt-BR\",\"@id\":\"https:\/\/www.gaveanews.com\/#\/schema\/person\/image\/\",\"url\":\"https:\/\/secure.gravatar.com\/avatar\/a1d148ae17fc8bfc5dbccffd07979e8bd2c9ba494221779de86ec2c7907b71ec?s=96&d=mm&r=g\",\"contentUrl\":\"https:\/\/secure.gravatar.com\/avatar\/a1d148ae17fc8bfc5dbccffd07979e8bd2c9ba494221779de86ec2c7907b71ec?s=96&d=mm&r=g\",\"caption\":\"Marco Menezes\"}}]}<\/script>\n<!-- \/ Yoast SEO Premium plugin. -->","yoast_head_json":{"title":"Ap\u00f3s se destacar em 2024 ele recebeu um aumento salarial no Fluminense","robots":{"index":"index","follow":"follow","max-snippet":"max-snippet:-1","max-image-preview":"max-image-preview:large","max-video-preview":"max-video-preview:-1"},"canonical":"https:\/\/www.gaveanews.com\/index.php\/2025\/02\/04\/apos-se-destacar-em-2024-ele-recebeu-um-aumento-salarial-no-fluminense\/","og_locale":"pt_BR","og_type":"article","og_title":"Ap\u00f3s se destacar em 2024 ele recebeu um aumento salarial no Fluminense","og_description":"O Fluminense preparou uma valoriza\u00e7\u00e3o salarial para o goleiro F\u00e1bio depois de mais um ano de bom desempenho. O time carioca tenta se precaver das investidas de clubes brasileiros, que j\u00e1 demonstraram interesse em contratar o arqueiro de 44 anos e \u00e9 considerado um dos pilares da equipe. O veterano foi contratado em 2023, ao [&hellip;]","og_url":"https:\/\/www.gaveanews.com\/index.php\/2025\/02\/04\/apos-se-destacar-em-2024-ele-recebeu-um-aumento-salarial-no-fluminense\/","og_site_name":"G\u00e1vea News","article_publisher":"https:\/\/facebook.com\/gaveaNews\/","article_published_time":"2025-02-04T20:10:00+00:00","og_image":[{"width":1000,"height":667,"url":"https:\/\/www.gaveanews.com\/wp-content\/uploads\/Escudo-do-Fluminense.webp","type":"image\/webp"}],"author":"Marco Menezes","twitter_card":"summary_large_image","twitter_misc":{"Escrito por":"Marco Menezes","Est. tempo de leitura":"3 minutos"},"schema":{"@context":"https:\/\/schema.org","@graph":[{"@type":"NewsArticle","@id":"https:\/\/www.gaveanews.com\/index.php\/2025\/02\/04\/apos-se-destacar-em-2024-ele-recebeu-um-aumento-salarial-no-fluminense\/#article","isPartOf":{"@id":"https:\/\/www.gaveanews.com\/index.php\/2025\/02\/04\/apos-se-destacar-em-2024-ele-recebeu-um-aumento-salarial-no-fluminense\/"},"author":{"name":"Marco Menezes","@id":"https:\/\/www.gaveanews.com\/#\/schema\/person\/a9f62fe75380c6bada1b2fc49bc23d69"},"headline":"Ap\u00f3s se destacar em 2024 ele recebeu um aumento salarial no Fluminense","datePublished":"2025-02-04T20:10:00+00:00","mainEntityOfPage":{"@id":"https:\/\/www.gaveanews.com\/index.php\/2025\/02\/04\/apos-se-destacar-em-2024-ele-recebeu-um-aumento-salarial-no-fluminense\/"},"wordCount":389,"commentCount":0,"image":{"@id":"https:\/\/www.gaveanews.com\/index.php\/2025\/02\/04\/apos-se-destacar-em-2024-ele-recebeu-um-aumento-salarial-no-fluminense\/#primaryimage"},"thumbnailUrl":"https:\/\/www.gaveanews.com\/wp-content\/uploads\/Escudo-do-Fluminense.webp","articleSection":["Fluminense"],"inLanguage":"pt-BR","potentialAction":[{"@type":"CommentAction","name":"Comment","target":["https:\/\/www.gaveanews.com\/index.php\/2025\/02\/04\/apos-se-destacar-em-2024-ele-recebeu-um-aumento-salarial-no-fluminense\/#respond"]}],"copyrightYear":"2025","copyrightHolder":{"@id":"https:\/\/www.gaveanews.com\/#organization"}},{"@type":"WebPage","@id":"https:\/\/www.gaveanews.com\/index.php\/2025\/02\/04\/apos-se-destacar-em-2024-ele-recebeu-um-aumento-salarial-no-fluminense\/","url":"https:\/\/www.gaveanews.com\/index.php\/2025\/02\/04\/apos-se-destacar-em-2024-ele-recebeu-um-aumento-salarial-no-fluminense\/","name":"Ap\u00f3s se destacar em 2024 ele recebeu um aumento salarial no Fluminense","isPartOf":{"@id":"https:\/\/www.gaveanews.com\/#website"},"primaryImageOfPage":{"@id":"https:\/\/www.gaveanews.com\/index.php\/2025\/02\/04\/apos-se-destacar-em-2024-ele-recebeu-um-aumento-salarial-no-fluminense\/#primaryimage"},"image":{"@id":"https:\/\/www.gaveanews.com\/index.php\/2025\/02\/04\/apos-se-destacar-em-2024-ele-recebeu-um-aumento-salarial-no-fluminense\/#primaryimage"},"thumbnailUrl":"https:\/\/www.gaveanews.com\/wp-content\/uploads\/Escudo-do-Fluminense.webp","datePublished":"2025-02-04T20:10:00+00:00","author":{"@id":"https:\/\/www.gaveanews.com\/#\/schema\/person\/a9f62fe75380c6bada1b2fc49bc23d69"},"breadcrumb":{"@id":"https:\/\/www.gaveanews.com\/index.php\/2025\/02\/04\/apos-se-destacar-em-2024-ele-recebeu-um-aumento-salarial-no-fluminense\/#breadcrumb"},"inLanguage":"pt-BR","potentialAction":[{"@type":"ReadAction","target":["https:\/\/www.gaveanews.com\/index.php\/2025\/02\/04\/apos-se-destacar-em-2024-ele-recebeu-um-aumento-salarial-no-fluminense\/"]}]},{"@type":"ImageObject","inLanguage":"pt-BR","@id":"https:\/\/www.gaveanews.com\/index.php\/2025\/02\/04\/apos-se-destacar-em-2024-ele-recebeu-um-aumento-salarial-no-fluminense\/#primaryimage","url":"https:\/\/www.gaveanews.com\/wp-content\/uploads\/Escudo-do-Fluminense.webp","contentUrl":"https:\/\/www.gaveanews.com\/wp-content\/uploads\/Escudo-do-Fluminense.webp","width":1000,"height":667,"caption":"Escudo do Fluminense (Foto Reprodu\u00e7\u00e3o\/Instagram)"},{"@type":"BreadcrumbList","@id":"https:\/\/www.gaveanews.com\/index.php\/2025\/02\/04\/apos-se-destacar-em-2024-ele-recebeu-um-aumento-salarial-no-fluminense\/#breadcrumb","itemListElement":[{"@type":"ListItem","position":1,"name":"Home","item":"https:\/\/www.gaveanews.com\/"},{"@type":"ListItem","position":2,"name":"Ap\u00f3s se destacar em 2024 ele recebeu um aumento salarial no Fluminense"}]},{"@type":"WebSite","@id":"https:\/\/www.gaveanews.com\/#website","url":"https:\/\/www.gaveanews.com\/","name":"G\u00e1vea News","description":"Veja todas as not\u00edcias sobre o Flamengo: Contrata\u00e7\u00f5es, categorias de base, resultados das partidas, tabela de classifica\u00e7\u00e3o, pr\u00f3ximos jogos!","potentialAction":[{"@type":"SearchAction","target":{"@type":"EntryPoint","urlTemplate":"https:\/\/www.gaveanews.com\/?s={search_term_string}"},"query-input":{"@type":"PropertyValueSpecification","valueRequired":true,"valueName":"search_term_string"}}],"inLanguage":"pt-BR"},{"@type":"Person","@id":"https:\/\/www.gaveanews.com\/#\/schema\/person\/a9f62fe75380c6bada1b2fc49bc23d69","name":"Marco Menezes","image":{"@type":"ImageObject","inLanguage":"pt-BR","@id":"https:\/\/www.gaveanews.com\/#\/schema\/person\/image\/","url":"https:\/\/secure.gravatar.com\/avatar\/a1d148ae17fc8bfc5dbccffd07979e8bd2c9ba494221779de86ec2c7907b71ec?s=96&d=mm&r=g","contentUrl":"https:\/\/secure.gravatar.com\/avatar\/a1d148ae17fc8bfc5dbccffd07979e8bd2c9ba494221779de86ec2c7907b71ec?s=96&d=mm&r=g","caption":"Marco Menezes"}}]}},"_links":{"self":[{"href":"https:\/\/www.gaveanews.com\/index.php\/wp-json\/wp\/v2\/posts\/223014","targetHints":{"allow":["GET"]}}],"collection":[{"href":"https:\/\/www.gaveanews.com\/index.php\/wp-json\/wp\/v2\/posts"}],"about":[{"href":"https:\/\/www.gaveanews.com\/index.php\/wp-json\/wp\/v2\/types\/post"}],"author":[{"embeddable":true,"href":"https:\/\/www.gaveanews.com\/index.php\/wp-json\/wp\/v2\/users\/29"}],"replies":[{"embeddable":true,"href":"https:\/\/www.gaveanews.com\/index.php\/wp-json\/wp\/v2\/comments?post=223014"}],"version-history":[{"count":1,"href":"https:\/\/www.gaveanews.com\/index.php\/wp-json\/wp\/v2\/posts\/223014\/revisions"}],"predecessor-version":[{"id":223016,"href":"https:\/\/www.gaveanews.com\/index.php\/wp-json\/wp\/v2\/posts\/223014\/revisions\/223016"}],"wp:featuredmedia":[{"embeddable":true,"href":"https:\/\/www.gaveanews.com\/index.php\/wp-json\/wp\/v2\/media\/144992"}],"wp:attachment":[{"href":"https:\/\/www.gaveanews.com\/index.php\/wp-json\/wp\/v2\/media?parent=223014"}],"wp:term":[{"taxonomy":"category","embeddable":true,"href":"https:\/\/www.gaveanews.com\/index.php\/wp-json\/wp\/v2\/categories?post=223014"},{"taxonomy":"post_tag","embeddable":true,"href":"https:\/\/www.gaveanews.com\/index.php\/wp-json\/wp\/v2\/tags?post=223014"}],"curies":[{"name":"wp","href":"https:\/\/api.w.org\/{rel}","templated":true}]}}