{"id":223022,"date":"2025-02-04T17:05:00","date_gmt":"2025-02-04T20:05:00","guid":{"rendered":"https:\/\/www.gaveanews.com\/?p=223022"},"modified":"2025-02-04T16:23:53","modified_gmt":"2025-02-04T19:23:53","slug":"renato-mauricio-prado-aponta-o-melhor-tecnico-do-brasil-em-2025-eu-so-bato-palmas","status":"publish","type":"post","link":"https:\/\/www.gaveanews.com\/index.php\/2025\/02\/04\/renato-mauricio-prado-aponta-o-melhor-tecnico-do-brasil-em-2025-eu-so-bato-palmas\/","title":{"rendered":"Renato Maur\u00edcio Prado aponta o melhor t\u00e9cnico do Brasil em 2025: &#8220;eu s\u00f3 bato palmas\u201d"},"content":{"rendered":"\n<p>O ano de 2025 j\u00e1 tem um nome em destaque quando se trata de comando t\u00e9cnico no futebol brasileiro: Filipe Lu\u00eds. O ex-lateral, atualmente \u00e0 frente do Flamengo, conquistou recentemente seu segundo t\u00edtulo como treinador, mostrando uma compet\u00eancia que j\u00e1 coloca seu nome entre os grandes do futebol nacional.<\/p>\n\n\n\n<h2 class=\"wp-block-heading\" id=\"h-renato-mauricio-prado-rasga-elogios-a-filipe-luis\">Renato Maur\u00edcio Prado rasga elogios a Filipe Lu\u00eds<\/h2>\n\n\n\n<p>Com apenas alguns meses de trabalho como treinador, Filipe Lu\u00eds tem mostrado um trabalho not\u00e1vel no Flamengo, o que n\u00e3o passou despercebido pelo jornalista Renato Maur\u00edcio Prado, o RMP. Durante uma live no YouTube, RMP n\u00e3o teve d\u00favidas em elogiar o ex-lateral. \u201c<em>Eu n\u00e3o discuto mais decis\u00f5es do Filipe Lu\u00eds. Ele acerta tudo, eu s\u00f3 bato palmas<\/em>\u201d, afirmou o comunicador, destacando a forma como o jovem t\u00e9cnico tem conduzido a equipe.<\/p>\n\n\n\n<figure class=\"wp-block-image size-full\"><img loading=\"lazy\" decoding=\"async\" width=\"1065\" height=\"710\" src=\"http:\/\/www.gaveanews.com\/wp-content\/uploads\/Filipe-Luis-como-tecnico-do-Flamengo-em-2024.webp\" alt=\"\" class=\"wp-image-171213\" srcset=\"https:\/\/www.gaveanews.com\/wp-content\/uploads\/Filipe-Luis-como-tecnico-do-Flamengo-em-2024.webp 1065w, https:\/\/www.gaveanews.com\/wp-content\/uploads\/Filipe-Luis-como-tecnico-do-Flamengo-em-2024-300x200.webp 300w, https:\/\/www.gaveanews.com\/wp-content\/uploads\/Filipe-Luis-como-tecnico-do-Flamengo-em-2024-1024x683.webp 1024w, https:\/\/www.gaveanews.com\/wp-content\/uploads\/Filipe-Luis-como-tecnico-do-Flamengo-em-2024-768x512.webp 768w, https:\/\/www.gaveanews.com\/wp-content\/uploads\/Filipe-Luis-como-tecnico-do-Flamengo-em-2024-630x420.webp 630w, https:\/\/www.gaveanews.com\/wp-content\/uploads\/Filipe-Luis-como-tecnico-do-Flamengo-em-2024-640x427.webp 640w, https:\/\/www.gaveanews.com\/wp-content\/uploads\/Filipe-Luis-como-tecnico-do-Flamengo-em-2024-681x454.webp 681w, https:\/\/www.gaveanews.com\/wp-content\/uploads\/Filipe-Luis-como-tecnico-do-Flamengo-em-2024-100x67.webp 100w\" sizes=\"auto, (max-width: 1065px) 100vw, 1065px\" \/><figcaption class=\"wp-element-caption\">Filipe Lu\u00eds como t\u00e9cnico do Flamengo em 2024 (Foto: Gilvan de Souza e Marcelo Cortes \/ CRF)<\/figcaption><\/figure>\n\n\n\n<p>Al\u00e9m disso, RMP concordou com um internauta que afirmou: \u201c<em>Al\u00e9m de termos o melhor elenco, temos o melhor t\u00e9cnico, o Filipe Lu\u00eds<\/em>\u201d. &#8220;<em>Eu tamb\u00e9m acho<\/em>&#8220;, disse o jornalista, refor\u00e7ando o reconhecimento de um trabalho de excel\u00eancia \u00e0 frente do time carioca. Isso porque, em poucos meses de comando, o ex-jogador j\u00e1 demonstrou um estilo de gest\u00e3o eficaz e resultados tang\u00edveis, ganhando a confian\u00e7a tanto de jogadores quanto de torcedores.<\/p>\n\n\n\n<h2 class=\"wp-block-heading\" id=\"h-a-comparacao-com-jorge-jesus\">A compara\u00e7\u00e3o com Jorge Jesus<\/h2>\n\n\n\n<p>O sucesso de Filipe Lu\u00eds tem sido comparado ao de Jorge Jesus, o treinador que deixou uma marca hist\u00f3rica no Flamengo. RMP fez uma an\u00e1lise do in\u00edcio da trajet\u00f3ria do novo comandante rubro-negro: \u201c<em>Dois t\u00edtulos e uma derrota. Me digam que esse cara n\u00e3o est\u00e1 segundo a trilha do Jorge Jesus\u2026 JJ teve em um ano de Flamengo quatro derrotas e cinco t\u00edtulos<\/em>\u201d, comentou. Cabe ressaltar que, em termos de conquistas e estilo de jogo, Filipe Lu\u00eds est\u00e1 no caminho certo para se consolidar como um dos maiores t\u00e9cnicos da hist\u00f3ria recente do futebol brasileiro.<\/p>\n\n\n\n<figure class=\"wp-block-image size-full\"><img loading=\"lazy\" decoding=\"async\" width=\"640\" height=\"400\" src=\"http:\/\/www.gaveanews.com\/wp-content\/uploads\/Jorge-Jesus-e-Filipe-Luis-pelo-Flamengo.webp\" alt=\"\" class=\"wp-image-170129\" srcset=\"https:\/\/www.gaveanews.com\/wp-content\/uploads\/Jorge-Jesus-e-Filipe-Luis-pelo-Flamengo.webp 640w, https:\/\/www.gaveanews.com\/wp-content\/uploads\/Jorge-Jesus-e-Filipe-Luis-pelo-Flamengo-300x188.webp 300w, https:\/\/www.gaveanews.com\/wp-content\/uploads\/Jorge-Jesus-e-Filipe-Luis-pelo-Flamengo-100x63.webp 100w\" sizes=\"auto, (max-width: 640px) 100vw, 640px\" \/><figcaption class=\"wp-element-caption\">Jorge Jesus e Filipe Luis pelo Flamengo (Foto: Alexandre Vidal)<\/figcaption><\/figure>\n\n\n\n<p>Por outro lado, o ex-t\u00e9cnico do Palmeiras, Abel Ferreira, que por muito tempo foi visto como um dos maiores nomes do futebol brasileiro, vive um momento de desgaste. Apesar de ter conquistado 10 t\u00edtulos com o Verd\u00e3o, o treinador n\u00e3o conseguiu t\u00edtulos significativos em 2024, o que levou parte da torcida a demonstrar insatisfa\u00e7\u00e3o, chegando at\u00e9 a vai\u00e1-lo. Portanto, a ascens\u00e3o de Filipe Lu\u00eds no cen\u00e1rio nacional tamb\u00e9m tem refletido o desgaste de outros grandes nomes, como Abel.<\/p>\n\n\n\n<p>Com isso, o futebol brasileiro parece estar passando por uma renova\u00e7\u00e3o de lideran\u00e7as, com jovens treinadores ganhando espa\u00e7o e conquistando t\u00edtulos. Dessa maneira, Filipe Lu\u00eds surge como uma grande promessa e j\u00e1 \u00e9 considerado por muitos como o melhor t\u00e9cnico do Brasil em 2025. Isso porque sua trajet\u00f3ria no Flamengo promete mais gl\u00f3rias para o clube e para sua carreira.<\/p>\n","protected":false},"excerpt":{"rendered":"<p>O ano de 2025 j\u00e1 tem um nome em destaque quando se trata de comando t\u00e9cnico no futebol brasileiro: Filipe Lu\u00eds. O ex-lateral, atualmente \u00e0 frente do Flamengo, conquistou recentemente seu segundo t\u00edtulo como treinador, mostrando uma compet\u00eancia que j\u00e1 coloca seu nome entre os grandes do futebol nacional. Renato Maur\u00edcio Prado rasga elogios a [&hellip;]<\/p>\n","protected":false},"author":24,"featured_media":142549,"comment_status":"open","ping_status":"closed","sticky":false,"template":"","format":"standard","meta":{"footnotes":""},"categories":[478,1],"tags":[],"class_list":["post-223022","post","type-post","status-publish","format-standard","has-post-thumbnail","hentry","category-brasil","category-flamengo"],"yoast_head":"<!-- This site is optimized with the Yoast SEO Premium plugin v24.2 (Yoast SEO v26.9) - https:\/\/yoast.com\/product\/yoast-seo-premium-wordpress\/ -->\n<title>Renato Maur\u00edcio Prado aponta o melhor t\u00e9cnico do Brasil em 2025: &quot;eu s\u00f3 bato palmas\u201d<\/title>\n<meta name=\"robots\" content=\"index, follow, max-snippet:-1, max-image-preview:large, max-video-preview:-1\" \/>\n<link rel=\"canonical\" href=\"https:\/\/www.gaveanews.com\/index.php\/2025\/02\/04\/renato-mauricio-prado-aponta-o-melhor-tecnico-do-brasil-em-2025-eu-so-bato-palmas\/\" \/>\n<meta property=\"og:locale\" content=\"pt_BR\" \/>\n<meta property=\"og:type\" content=\"article\" \/>\n<meta property=\"og:title\" content=\"Renato Maur\u00edcio Prado aponta o melhor t\u00e9cnico do Brasil em 2025: &quot;eu s\u00f3 bato palmas\u201d\" \/>\n<meta property=\"og:description\" content=\"O ano de 2025 j\u00e1 tem um nome em destaque quando se trata de comando t\u00e9cnico no futebol brasileiro: Filipe Lu\u00eds. O ex-lateral, atualmente \u00e0 frente do Flamengo, conquistou recentemente seu segundo t\u00edtulo como treinador, mostrando uma compet\u00eancia que j\u00e1 coloca seu nome entre os grandes do futebol nacional. Renato Maur\u00edcio Prado rasga elogios a [&hellip;]\" \/>\n<meta property=\"og:url\" content=\"https:\/\/www.gaveanews.com\/index.php\/2025\/02\/04\/renato-mauricio-prado-aponta-o-melhor-tecnico-do-brasil-em-2025-eu-so-bato-palmas\/\" \/>\n<meta property=\"og:site_name\" content=\"G\u00e1vea News\" \/>\n<meta property=\"article:publisher\" content=\"https:\/\/facebook.com\/gaveaNews\/\" \/>\n<meta property=\"article:published_time\" content=\"2025-02-04T20:05:00+00:00\" \/>\n<meta property=\"og:image\" content=\"https:\/\/www.gaveanews.com\/wp-content\/uploads\/rmp-flamengo-tite-729x400-1.webp\" \/>\n\t<meta property=\"og:image:width\" content=\"729\" \/>\n\t<meta property=\"og:image:height\" content=\"400\" \/>\n\t<meta property=\"og:image:type\" content=\"image\/jpeg\" \/>\n<meta name=\"author\" content=\"Leandro Cardoso\" \/>\n<meta name=\"twitter:card\" content=\"summary_large_image\" \/>\n<meta name=\"twitter:label1\" content=\"Escrito por\" \/>\n\t<meta name=\"twitter:data1\" content=\"Leandro Cardoso\" \/>\n\t<meta name=\"twitter:label2\" content=\"Est. tempo de leitura\" \/>\n\t<meta name=\"twitter:data2\" content=\"4 minutos\" \/>\n<script type=\"application\/ld+json\" class=\"yoast-schema-graph\">{\"@context\":\"https:\/\/schema.org\",\"@graph\":[{\"@type\":\"NewsArticle\",\"@id\":\"https:\/\/www.gaveanews.com\/index.php\/2025\/02\/04\/renato-mauricio-prado-aponta-o-melhor-tecnico-do-brasil-em-2025-eu-so-bato-palmas\/#article\",\"isPartOf\":{\"@id\":\"https:\/\/www.gaveanews.com\/index.php\/2025\/02\/04\/renato-mauricio-prado-aponta-o-melhor-tecnico-do-brasil-em-2025-eu-so-bato-palmas\/\"},\"author\":{\"name\":\"Leandro Cardoso\",\"@id\":\"https:\/\/www.gaveanews.com\/#\/schema\/person\/2424ec6409bc3f068411fc5e4e9b6168\"},\"headline\":\"Renato Maur\u00edcio Prado aponta o melhor t\u00e9cnico do Brasil em 2025: &#8220;eu s\u00f3 bato palmas\u201d\",\"datePublished\":\"2025-02-04T20:05:00+00:00\",\"mainEntityOfPage\":{\"@id\":\"https:\/\/www.gaveanews.com\/index.php\/2025\/02\/04\/renato-mauricio-prado-aponta-o-melhor-tecnico-do-brasil-em-2025-eu-so-bato-palmas\/\"},\"wordCount\":528,\"commentCount\":0,\"image\":{\"@id\":\"https:\/\/www.gaveanews.com\/index.php\/2025\/02\/04\/renato-mauricio-prado-aponta-o-melhor-tecnico-do-brasil-em-2025-eu-so-bato-palmas\/#primaryimage\"},\"thumbnailUrl\":\"https:\/\/www.gaveanews.com\/wp-content\/uploads\/rmp-flamengo-tite-729x400-1.webp\",\"articleSection\":[\"Brasil\",\"Flamengo\"],\"inLanguage\":\"pt-BR\",\"potentialAction\":[{\"@type\":\"CommentAction\",\"name\":\"Comment\",\"target\":[\"https:\/\/www.gaveanews.com\/index.php\/2025\/02\/04\/renato-mauricio-prado-aponta-o-melhor-tecnico-do-brasil-em-2025-eu-so-bato-palmas\/#respond\"]}],\"copyrightYear\":\"2025\",\"copyrightHolder\":{\"@id\":\"https:\/\/www.gaveanews.com\/#organization\"}},{\"@type\":\"WebPage\",\"@id\":\"https:\/\/www.gaveanews.com\/index.php\/2025\/02\/04\/renato-mauricio-prado-aponta-o-melhor-tecnico-do-brasil-em-2025-eu-so-bato-palmas\/\",\"url\":\"https:\/\/www.gaveanews.com\/index.php\/2025\/02\/04\/renato-mauricio-prado-aponta-o-melhor-tecnico-do-brasil-em-2025-eu-so-bato-palmas\/\",\"name\":\"Renato Maur\u00edcio Prado aponta o melhor t\u00e9cnico do Brasil em 2025: \\\"eu s\u00f3 bato palmas\u201d\",\"isPartOf\":{\"@id\":\"https:\/\/www.gaveanews.com\/#website\"},\"primaryImageOfPage\":{\"@id\":\"https:\/\/www.gaveanews.com\/index.php\/2025\/02\/04\/renato-mauricio-prado-aponta-o-melhor-tecnico-do-brasil-em-2025-eu-so-bato-palmas\/#primaryimage\"},\"image\":{\"@id\":\"https:\/\/www.gaveanews.com\/index.php\/2025\/02\/04\/renato-mauricio-prado-aponta-o-melhor-tecnico-do-brasil-em-2025-eu-so-bato-palmas\/#primaryimage\"},\"thumbnailUrl\":\"https:\/\/www.gaveanews.com\/wp-content\/uploads\/rmp-flamengo-tite-729x400-1.webp\",\"datePublished\":\"2025-02-04T20:05:00+00:00\",\"author\":{\"@id\":\"https:\/\/www.gaveanews.com\/#\/schema\/person\/2424ec6409bc3f068411fc5e4e9b6168\"},\"breadcrumb\":{\"@id\":\"https:\/\/www.gaveanews.com\/index.php\/2025\/02\/04\/renato-mauricio-prado-aponta-o-melhor-tecnico-do-brasil-em-2025-eu-so-bato-palmas\/#breadcrumb\"},\"inLanguage\":\"pt-BR\",\"potentialAction\":[{\"@type\":\"ReadAction\",\"target\":[\"https:\/\/www.gaveanews.com\/index.php\/2025\/02\/04\/renato-mauricio-prado-aponta-o-melhor-tecnico-do-brasil-em-2025-eu-so-bato-palmas\/\"]}]},{\"@type\":\"ImageObject\",\"inLanguage\":\"pt-BR\",\"@id\":\"https:\/\/www.gaveanews.com\/index.php\/2025\/02\/04\/renato-mauricio-prado-aponta-o-melhor-tecnico-do-brasil-em-2025-eu-so-bato-palmas\/#primaryimage\",\"url\":\"https:\/\/www.gaveanews.com\/wp-content\/uploads\/rmp-flamengo-tite-729x400-1.webp\",\"contentUrl\":\"https:\/\/www.gaveanews.com\/wp-content\/uploads\/rmp-flamengo-tite-729x400-1.webp\",\"width\":729,\"height\":400,\"caption\":\"RMP, em live no YouTube (Foto: Reprodu\u00e7\u00e3o)\"},{\"@type\":\"BreadcrumbList\",\"@id\":\"https:\/\/www.gaveanews.com\/index.php\/2025\/02\/04\/renato-mauricio-prado-aponta-o-melhor-tecnico-do-brasil-em-2025-eu-so-bato-palmas\/#breadcrumb\",\"itemListElement\":[{\"@type\":\"ListItem\",\"position\":1,\"name\":\"Home\",\"item\":\"https:\/\/www.gaveanews.com\/\"},{\"@type\":\"ListItem\",\"position\":2,\"name\":\"Renato Maur\u00edcio Prado aponta o melhor t\u00e9cnico do Brasil em 2025: &#8220;eu s\u00f3 bato palmas\u201d\"}]},{\"@type\":\"WebSite\",\"@id\":\"https:\/\/www.gaveanews.com\/#website\",\"url\":\"https:\/\/www.gaveanews.com\/\",\"name\":\"G\u00e1vea News\",\"description\":\"Veja todas as not\u00edcias sobre o Flamengo: Contrata\u00e7\u00f5es, categorias de base, resultados das partidas, tabela de classifica\u00e7\u00e3o, pr\u00f3ximos jogos!\",\"potentialAction\":[{\"@type\":\"SearchAction\",\"target\":{\"@type\":\"EntryPoint\",\"urlTemplate\":\"https:\/\/www.gaveanews.com\/?s={search_term_string}\"},\"query-input\":{\"@type\":\"PropertyValueSpecification\",\"valueRequired\":true,\"valueName\":\"search_term_string\"}}],\"inLanguage\":\"pt-BR\"},{\"@type\":\"Person\",\"@id\":\"https:\/\/www.gaveanews.com\/#\/schema\/person\/2424ec6409bc3f068411fc5e4e9b6168\",\"name\":\"Leandro Cardoso\",\"image\":{\"@type\":\"ImageObject\",\"inLanguage\":\"pt-BR\",\"@id\":\"https:\/\/www.gaveanews.com\/#\/schema\/person\/image\/\",\"url\":\"https:\/\/secure.gravatar.com\/avatar\/8ca179f9b55eefe9f376f5493ef25475bfa59fbc28ce937f6076ce20e523098f?s=96&d=mm&r=g\",\"contentUrl\":\"https:\/\/secure.gravatar.com\/avatar\/8ca179f9b55eefe9f376f5493ef25475bfa59fbc28ce937f6076ce20e523098f?s=96&d=mm&r=g\",\"caption\":\"Leandro Cardoso\"}}]}<\/script>\n<!-- \/ Yoast SEO Premium plugin. -->","yoast_head_json":{"title":"Renato Maur\u00edcio Prado aponta o melhor t\u00e9cnico do Brasil em 2025: \"eu s\u00f3 bato palmas\u201d","robots":{"index":"index","follow":"follow","max-snippet":"max-snippet:-1","max-image-preview":"max-image-preview:large","max-video-preview":"max-video-preview:-1"},"canonical":"https:\/\/www.gaveanews.com\/index.php\/2025\/02\/04\/renato-mauricio-prado-aponta-o-melhor-tecnico-do-brasil-em-2025-eu-so-bato-palmas\/","og_locale":"pt_BR","og_type":"article","og_title":"Renato Maur\u00edcio Prado aponta o melhor t\u00e9cnico do Brasil em 2025: \"eu s\u00f3 bato palmas\u201d","og_description":"O ano de 2025 j\u00e1 tem um nome em destaque quando se trata de comando t\u00e9cnico no futebol brasileiro: Filipe Lu\u00eds. O ex-lateral, atualmente \u00e0 frente do Flamengo, conquistou recentemente seu segundo t\u00edtulo como treinador, mostrando uma compet\u00eancia que j\u00e1 coloca seu nome entre os grandes do futebol nacional. Renato Maur\u00edcio Prado rasga elogios a [&hellip;]","og_url":"https:\/\/www.gaveanews.com\/index.php\/2025\/02\/04\/renato-mauricio-prado-aponta-o-melhor-tecnico-do-brasil-em-2025-eu-so-bato-palmas\/","og_site_name":"G\u00e1vea News","article_publisher":"https:\/\/facebook.com\/gaveaNews\/","article_published_time":"2025-02-04T20:05:00+00:00","og_image":[{"width":729,"height":400,"url":"https:\/\/www.gaveanews.com\/wp-content\/uploads\/rmp-flamengo-tite-729x400-1.webp","type":"image\/jpeg"}],"author":"Leandro Cardoso","twitter_card":"summary_large_image","twitter_misc":{"Escrito por":"Leandro Cardoso","Est. tempo de leitura":"4 minutos"},"schema":{"@context":"https:\/\/schema.org","@graph":[{"@type":"NewsArticle","@id":"https:\/\/www.gaveanews.com\/index.php\/2025\/02\/04\/renato-mauricio-prado-aponta-o-melhor-tecnico-do-brasil-em-2025-eu-so-bato-palmas\/#article","isPartOf":{"@id":"https:\/\/www.gaveanews.com\/index.php\/2025\/02\/04\/renato-mauricio-prado-aponta-o-melhor-tecnico-do-brasil-em-2025-eu-so-bato-palmas\/"},"author":{"name":"Leandro Cardoso","@id":"https:\/\/www.gaveanews.com\/#\/schema\/person\/2424ec6409bc3f068411fc5e4e9b6168"},"headline":"Renato Maur\u00edcio Prado aponta o melhor t\u00e9cnico do Brasil em 2025: &#8220;eu s\u00f3 bato palmas\u201d","datePublished":"2025-02-04T20:05:00+00:00","mainEntityOfPage":{"@id":"https:\/\/www.gaveanews.com\/index.php\/2025\/02\/04\/renato-mauricio-prado-aponta-o-melhor-tecnico-do-brasil-em-2025-eu-so-bato-palmas\/"},"wordCount":528,"commentCount":0,"image":{"@id":"https:\/\/www.gaveanews.com\/index.php\/2025\/02\/04\/renato-mauricio-prado-aponta-o-melhor-tecnico-do-brasil-em-2025-eu-so-bato-palmas\/#primaryimage"},"thumbnailUrl":"https:\/\/www.gaveanews.com\/wp-content\/uploads\/rmp-flamengo-tite-729x400-1.webp","articleSection":["Brasil","Flamengo"],"inLanguage":"pt-BR","potentialAction":[{"@type":"CommentAction","name":"Comment","target":["https:\/\/www.gaveanews.com\/index.php\/2025\/02\/04\/renato-mauricio-prado-aponta-o-melhor-tecnico-do-brasil-em-2025-eu-so-bato-palmas\/#respond"]}],"copyrightYear":"2025","copyrightHolder":{"@id":"https:\/\/www.gaveanews.com\/#organization"}},{"@type":"WebPage","@id":"https:\/\/www.gaveanews.com\/index.php\/2025\/02\/04\/renato-mauricio-prado-aponta-o-melhor-tecnico-do-brasil-em-2025-eu-so-bato-palmas\/","url":"https:\/\/www.gaveanews.com\/index.php\/2025\/02\/04\/renato-mauricio-prado-aponta-o-melhor-tecnico-do-brasil-em-2025-eu-so-bato-palmas\/","name":"Renato Maur\u00edcio Prado aponta o melhor t\u00e9cnico do Brasil em 2025: \"eu s\u00f3 bato palmas\u201d","isPartOf":{"@id":"https:\/\/www.gaveanews.com\/#website"},"primaryImageOfPage":{"@id":"https:\/\/www.gaveanews.com\/index.php\/2025\/02\/04\/renato-mauricio-prado-aponta-o-melhor-tecnico-do-brasil-em-2025-eu-so-bato-palmas\/#primaryimage"},"image":{"@id":"https:\/\/www.gaveanews.com\/index.php\/2025\/02\/04\/renato-mauricio-prado-aponta-o-melhor-tecnico-do-brasil-em-2025-eu-so-bato-palmas\/#primaryimage"},"thumbnailUrl":"https:\/\/www.gaveanews.com\/wp-content\/uploads\/rmp-flamengo-tite-729x400-1.webp","datePublished":"2025-02-04T20:05:00+00:00","author":{"@id":"https:\/\/www.gaveanews.com\/#\/schema\/person\/2424ec6409bc3f068411fc5e4e9b6168"},"breadcrumb":{"@id":"https:\/\/www.gaveanews.com\/index.php\/2025\/02\/04\/renato-mauricio-prado-aponta-o-melhor-tecnico-do-brasil-em-2025-eu-so-bato-palmas\/#breadcrumb"},"inLanguage":"pt-BR","potentialAction":[{"@type":"ReadAction","target":["https:\/\/www.gaveanews.com\/index.php\/2025\/02\/04\/renato-mauricio-prado-aponta-o-melhor-tecnico-do-brasil-em-2025-eu-so-bato-palmas\/"]}]},{"@type":"ImageObject","inLanguage":"pt-BR","@id":"https:\/\/www.gaveanews.com\/index.php\/2025\/02\/04\/renato-mauricio-prado-aponta-o-melhor-tecnico-do-brasil-em-2025-eu-so-bato-palmas\/#primaryimage","url":"https:\/\/www.gaveanews.com\/wp-content\/uploads\/rmp-flamengo-tite-729x400-1.webp","contentUrl":"https:\/\/www.gaveanews.com\/wp-content\/uploads\/rmp-flamengo-tite-729x400-1.webp","width":729,"height":400,"caption":"RMP, em live no YouTube (Foto: Reprodu\u00e7\u00e3o)"},{"@type":"BreadcrumbList","@id":"https:\/\/www.gaveanews.com\/index.php\/2025\/02\/04\/renato-mauricio-prado-aponta-o-melhor-tecnico-do-brasil-em-2025-eu-so-bato-palmas\/#breadcrumb","itemListElement":[{"@type":"ListItem","position":1,"name":"Home","item":"https:\/\/www.gaveanews.com\/"},{"@type":"ListItem","position":2,"name":"Renato Maur\u00edcio Prado aponta o melhor t\u00e9cnico do Brasil em 2025: &#8220;eu s\u00f3 bato palmas\u201d"}]},{"@type":"WebSite","@id":"https:\/\/www.gaveanews.com\/#website","url":"https:\/\/www.gaveanews.com\/","name":"G\u00e1vea News","description":"Veja todas as not\u00edcias sobre o Flamengo: Contrata\u00e7\u00f5es, categorias de base, resultados das partidas, tabela de classifica\u00e7\u00e3o, pr\u00f3ximos jogos!","potentialAction":[{"@type":"SearchAction","target":{"@type":"EntryPoint","urlTemplate":"https:\/\/www.gaveanews.com\/?s={search_term_string}"},"query-input":{"@type":"PropertyValueSpecification","valueRequired":true,"valueName":"search_term_string"}}],"inLanguage":"pt-BR"},{"@type":"Person","@id":"https:\/\/www.gaveanews.com\/#\/schema\/person\/2424ec6409bc3f068411fc5e4e9b6168","name":"Leandro Cardoso","image":{"@type":"ImageObject","inLanguage":"pt-BR","@id":"https:\/\/www.gaveanews.com\/#\/schema\/person\/image\/","url":"https:\/\/secure.gravatar.com\/avatar\/8ca179f9b55eefe9f376f5493ef25475bfa59fbc28ce937f6076ce20e523098f?s=96&d=mm&r=g","contentUrl":"https:\/\/secure.gravatar.com\/avatar\/8ca179f9b55eefe9f376f5493ef25475bfa59fbc28ce937f6076ce20e523098f?s=96&d=mm&r=g","caption":"Leandro Cardoso"}}]}},"_links":{"self":[{"href":"https:\/\/www.gaveanews.com\/index.php\/wp-json\/wp\/v2\/posts\/223022","targetHints":{"allow":["GET"]}}],"collection":[{"href":"https:\/\/www.gaveanews.com\/index.php\/wp-json\/wp\/v2\/posts"}],"about":[{"href":"https:\/\/www.gaveanews.com\/index.php\/wp-json\/wp\/v2\/types\/post"}],"author":[{"embeddable":true,"href":"https:\/\/www.gaveanews.com\/index.php\/wp-json\/wp\/v2\/users\/24"}],"replies":[{"embeddable":true,"href":"https:\/\/www.gaveanews.com\/index.php\/wp-json\/wp\/v2\/comments?post=223022"}],"version-history":[{"count":1,"href":"https:\/\/www.gaveanews.com\/index.php\/wp-json\/wp\/v2\/posts\/223022\/revisions"}],"predecessor-version":[{"id":223023,"href":"https:\/\/www.gaveanews.com\/index.php\/wp-json\/wp\/v2\/posts\/223022\/revisions\/223023"}],"wp:featuredmedia":[{"embeddable":true,"href":"https:\/\/www.gaveanews.com\/index.php\/wp-json\/wp\/v2\/media\/142549"}],"wp:attachment":[{"href":"https:\/\/www.gaveanews.com\/index.php\/wp-json\/wp\/v2\/media?parent=223022"}],"wp:term":[{"taxonomy":"category","embeddable":true,"href":"https:\/\/www.gaveanews.com\/index.php\/wp-json\/wp\/v2\/categories?post=223022"},{"taxonomy":"post_tag","embeddable":true,"href":"https:\/\/www.gaveanews.com\/index.php\/wp-json\/wp\/v2\/tags?post=223022"}],"curies":[{"name":"wp","href":"https:\/\/api.w.org\/{rel}","templated":true}]}}