{"id":223041,"date":"2025-02-04T18:25:00","date_gmt":"2025-02-04T21:25:00","guid":{"rendered":"https:\/\/www.gaveanews.com\/?p=223041"},"modified":"2025-02-04T17:05:04","modified_gmt":"2025-02-04T20:05:04","slug":"jogador-portugues-negocia-com-clube-da-serie-a-do-brasileirao","status":"publish","type":"post","link":"https:\/\/www.gaveanews.com\/index.php\/2025\/02\/04\/jogador-portugues-negocia-com-clube-da-serie-a-do-brasileirao\/","title":{"rendered":"Jogador portugu\u00eas negocia com clube da S\u00e9rie A do Brasileir\u00e3o"},"content":{"rendered":"\n<p>O Sport est\u00e1 em negocia\u00e7\u00f5es com o Olympiacos, da Gr\u00e9cia, para a aquisi\u00e7\u00e3o do meio-campista S\u00e9rgio Oliveira. De acordo com a m\u00eddia global, a negocia\u00e7\u00e3o j\u00e1 estaria na etapa de acordo salarial, j\u00e1 que o clube j\u00e1 teria aceitado a proposta do rubro-negro. O conte\u00fado \u00e9 proveniente do site grego Sport24.<\/p>\n\n\n\n<p>No entanto, o Sport enfrentaria a disputa de clubes americanos pelo atleta de 32 anos, que passou pouco tempo no Olympiakos. No total, participou de apenas 14 partidas pelo clube grego. S\u00e9rgio Oliveira atuou ao lado de Gon\u00e7alo Paci\u00eancia na equipe de Portugal que competiu nos Jogos Ol\u00edmpicos do Rio. Ambos compartilham a forma\u00e7\u00e3o nas categorias de base do Porto, onde trabalharam juntos na temporada 2017\/18.<\/p>\n\n\n\n<p>O Porto revelou o volante, que passou a maior parte de sua carreira l\u00e1. No entanto, tamb\u00e9m utilizou alguns empr\u00e9stimos durante a estadia. Alguns exemplos incluem Nantes, na Fran\u00e7a, PAOK, na Gr\u00e9cia e Roma, na It\u00e1lia. Antes de se transferir para o Olympiakos, ele jogou pelo Galatasaray, da Turquia, onde permaneceu por duas temporadas.<\/p>\n\n\n\n<figure class=\"wp-block-embed is-type-photo is-provider-flickr wp-block-embed-flickr\"><div class=\"wp-block-embed__wrapper\">\n<a href=\"https:\/\/www.flickr.com\/photos\/201636948@N07\/54306902596\/in\/dateposted-public\/\"><img loading=\"lazy\" decoding=\"async\" src=\"https:\/\/live.staticflickr.com\/65535\/54306902596_4a0b37bc8b_z.webp\" alt=\"afp-20220116-9wb6ge-v1-preview-fblitaseriearomacagliari\" width=\"640\" height=\"427\" \/><\/a>\n<\/div><\/figure>\n\n\n\n<p>O atleta ganhou espa\u00e7o na equipe depois de se sobressair no Pa\u00e7os de Ferreira, onde jogou de 2013 a 2015. No Porto, o meio-campista participou de 174 jogos, tendo marcado 39 gols. O seu per\u00edodo mais not\u00e1vel foi a temporada 2020-21, quando se destacou na campanha da equipe na Liga dos Campe\u00f5es.<\/p>\n\n\n\n<p>O jogador desempenhou um papel crucial na passagem do time \u00e0s quartas de final ao marcar dois gols contra a Juventus de Cristiano Ronaldo. Um dos tentos foi obtido atrav\u00e9s de uma cobran\u00e7a de falta.<\/p>\n\n\n\n<p>Depois, S\u00e9rgio Oliveira desempenhou um papel na Roma. Em sua primeira temporada na equipe italiana, o atleta participou de 22 jogos e anotou um gol. O Galatasaray, da Turquia, contratou o meia em 2022, que jogou por duas temporadas. S\u00e9rgio participou de 58 partidas pelo clube de Istambul, tendo marcado 6 gols.<\/p>\n\n\n\n<p>O Olympiacos foi seu \u00faltimo clube, onde participou de apenas 14 jogos, sem marcar gols. O clube da Gr\u00e9cia n\u00e3o tem interesse em manter o jogador.<\/p>\n","protected":false},"excerpt":{"rendered":"<p>O Sport est\u00e1 em negocia\u00e7\u00f5es com o Olympiacos, da Gr\u00e9cia, para a aquisi\u00e7\u00e3o do meio-campista S\u00e9rgio Oliveira. De acordo com a m\u00eddia global, a negocia\u00e7\u00e3o j\u00e1 estaria na etapa de acordo salarial, j\u00e1 que o clube j\u00e1 teria aceitado a proposta do rubro-negro. O conte\u00fado \u00e9 proveniente do site grego Sport24. No entanto, o Sport [&hellip;]<\/p>\n","protected":false},"author":16,"featured_media":114117,"comment_status":"open","ping_status":"closed","sticky":false,"template":"","format":"standard","meta":{"footnotes":""},"categories":[133],"tags":[],"class_list":["post-223041","post","type-post","status-publish","format-standard","has-post-thumbnail","hentry","category-brasileirao"],"yoast_head":"<!-- This site is optimized with the Yoast SEO Premium plugin v24.2 (Yoast SEO v26.9) - https:\/\/yoast.com\/product\/yoast-seo-premium-wordpress\/ -->\n<title>Jogador portugu\u00eas negocia com clube da S\u00e9rie A do Brasileir\u00e3o<\/title>\n<meta name=\"robots\" content=\"index, follow, max-snippet:-1, max-image-preview:large, max-video-preview:-1\" \/>\n<link rel=\"canonical\" href=\"https:\/\/www.gaveanews.com\/index.php\/2025\/02\/04\/jogador-portugues-negocia-com-clube-da-serie-a-do-brasileirao\/\" \/>\n<meta property=\"og:locale\" content=\"pt_BR\" \/>\n<meta property=\"og:type\" content=\"article\" \/>\n<meta property=\"og:title\" content=\"Jogador portugu\u00eas negocia com clube da S\u00e9rie A do Brasileir\u00e3o\" \/>\n<meta property=\"og:description\" content=\"O Sport est\u00e1 em negocia\u00e7\u00f5es com o Olympiacos, da Gr\u00e9cia, para a aquisi\u00e7\u00e3o do meio-campista S\u00e9rgio Oliveira. De acordo com a m\u00eddia global, a negocia\u00e7\u00e3o j\u00e1 estaria na etapa de acordo salarial, j\u00e1 que o clube j\u00e1 teria aceitado a proposta do rubro-negro. O conte\u00fado \u00e9 proveniente do site grego Sport24. No entanto, o Sport [&hellip;]\" \/>\n<meta property=\"og:url\" content=\"https:\/\/www.gaveanews.com\/index.php\/2025\/02\/04\/jogador-portugues-negocia-com-clube-da-serie-a-do-brasileirao\/\" \/>\n<meta property=\"og:site_name\" content=\"G\u00e1vea News\" \/>\n<meta property=\"article:publisher\" content=\"https:\/\/facebook.com\/gaveaNews\/\" \/>\n<meta property=\"article:published_time\" content=\"2025-02-04T21:25:00+00:00\" \/>\n<meta property=\"og:image\" content=\"https:\/\/www.gaveanews.com\/wp-content\/uploads\/taca-brasileiro-.webp\" \/>\n\t<meta property=\"og:image:width\" content=\"690\" \/>\n\t<meta property=\"og:image:height\" content=\"470\" \/>\n\t<meta property=\"og:image:type\" content=\"image\/webp\" \/>\n<meta name=\"author\" content=\"D\u00e9bora Figueiredo\" \/>\n<meta name=\"twitter:card\" content=\"summary_large_image\" \/>\n<meta name=\"twitter:label1\" content=\"Escrito por\" \/>\n\t<meta name=\"twitter:data1\" content=\"D\u00e9bora Figueiredo\" \/>\n\t<meta name=\"twitter:label2\" content=\"Est. tempo de leitura\" \/>\n\t<meta name=\"twitter:data2\" content=\"3 minutos\" \/>\n<script type=\"application\/ld+json\" class=\"yoast-schema-graph\">{\"@context\":\"https:\/\/schema.org\",\"@graph\":[{\"@type\":\"NewsArticle\",\"@id\":\"https:\/\/www.gaveanews.com\/index.php\/2025\/02\/04\/jogador-portugues-negocia-com-clube-da-serie-a-do-brasileirao\/#article\",\"isPartOf\":{\"@id\":\"https:\/\/www.gaveanews.com\/index.php\/2025\/02\/04\/jogador-portugues-negocia-com-clube-da-serie-a-do-brasileirao\/\"},\"author\":{\"name\":\"D\u00e9bora Figueiredo\",\"@id\":\"https:\/\/www.gaveanews.com\/#\/schema\/person\/37122681a8575a5c8db05a56f099a5e4\"},\"headline\":\"Jogador portugu\u00eas negocia com clube da S\u00e9rie A do Brasileir\u00e3o\",\"datePublished\":\"2025-02-04T21:25:00+00:00\",\"mainEntityOfPage\":{\"@id\":\"https:\/\/www.gaveanews.com\/index.php\/2025\/02\/04\/jogador-portugues-negocia-com-clube-da-serie-a-do-brasileirao\/\"},\"wordCount\":372,\"commentCount\":0,\"image\":{\"@id\":\"https:\/\/www.gaveanews.com\/index.php\/2025\/02\/04\/jogador-portugues-negocia-com-clube-da-serie-a-do-brasileirao\/#primaryimage\"},\"thumbnailUrl\":\"https:\/\/www.gaveanews.com\/wp-content\/uploads\/taca-brasileiro-.webp\",\"articleSection\":[\"Brasileir\u00e3o\"],\"inLanguage\":\"pt-BR\",\"potentialAction\":[{\"@type\":\"CommentAction\",\"name\":\"Comment\",\"target\":[\"https:\/\/www.gaveanews.com\/index.php\/2025\/02\/04\/jogador-portugues-negocia-com-clube-da-serie-a-do-brasileirao\/#respond\"]}],\"copyrightYear\":\"2025\",\"copyrightHolder\":{\"@id\":\"https:\/\/www.gaveanews.com\/#organization\"}},{\"@type\":\"WebPage\",\"@id\":\"https:\/\/www.gaveanews.com\/index.php\/2025\/02\/04\/jogador-portugues-negocia-com-clube-da-serie-a-do-brasileirao\/\",\"url\":\"https:\/\/www.gaveanews.com\/index.php\/2025\/02\/04\/jogador-portugues-negocia-com-clube-da-serie-a-do-brasileirao\/\",\"name\":\"Jogador portugu\u00eas negocia com clube da S\u00e9rie A do Brasileir\u00e3o\",\"isPartOf\":{\"@id\":\"https:\/\/www.gaveanews.com\/#website\"},\"primaryImageOfPage\":{\"@id\":\"https:\/\/www.gaveanews.com\/index.php\/2025\/02\/04\/jogador-portugues-negocia-com-clube-da-serie-a-do-brasileirao\/#primaryimage\"},\"image\":{\"@id\":\"https:\/\/www.gaveanews.com\/index.php\/2025\/02\/04\/jogador-portugues-negocia-com-clube-da-serie-a-do-brasileirao\/#primaryimage\"},\"thumbnailUrl\":\"https:\/\/www.gaveanews.com\/wp-content\/uploads\/taca-brasileiro-.webp\",\"datePublished\":\"2025-02-04T21:25:00+00:00\",\"author\":{\"@id\":\"https:\/\/www.gaveanews.com\/#\/schema\/person\/37122681a8575a5c8db05a56f099a5e4\"},\"breadcrumb\":{\"@id\":\"https:\/\/www.gaveanews.com\/index.php\/2025\/02\/04\/jogador-portugues-negocia-com-clube-da-serie-a-do-brasileirao\/#breadcrumb\"},\"inLanguage\":\"pt-BR\",\"potentialAction\":[{\"@type\":\"ReadAction\",\"target\":[\"https:\/\/www.gaveanews.com\/index.php\/2025\/02\/04\/jogador-portugues-negocia-com-clube-da-serie-a-do-brasileirao\/\"]}]},{\"@type\":\"ImageObject\",\"inLanguage\":\"pt-BR\",\"@id\":\"https:\/\/www.gaveanews.com\/index.php\/2025\/02\/04\/jogador-portugues-negocia-com-clube-da-serie-a-do-brasileirao\/#primaryimage\",\"url\":\"https:\/\/www.gaveanews.com\/wp-content\/uploads\/taca-brasileiro-.webp\",\"contentUrl\":\"https:\/\/www.gaveanews.com\/wp-content\/uploads\/taca-brasileiro-.webp\",\"width\":690,\"height\":470},{\"@type\":\"BreadcrumbList\",\"@id\":\"https:\/\/www.gaveanews.com\/index.php\/2025\/02\/04\/jogador-portugues-negocia-com-clube-da-serie-a-do-brasileirao\/#breadcrumb\",\"itemListElement\":[{\"@type\":\"ListItem\",\"position\":1,\"name\":\"Home\",\"item\":\"https:\/\/www.gaveanews.com\/\"},{\"@type\":\"ListItem\",\"position\":2,\"name\":\"Jogador portugu\u00eas negocia com clube da S\u00e9rie A do Brasileir\u00e3o\"}]},{\"@type\":\"WebSite\",\"@id\":\"https:\/\/www.gaveanews.com\/#website\",\"url\":\"https:\/\/www.gaveanews.com\/\",\"name\":\"G\u00e1vea News\",\"description\":\"Veja todas as not\u00edcias sobre o Flamengo: Contrata\u00e7\u00f5es, categorias de base, resultados das partidas, tabela de classifica\u00e7\u00e3o, pr\u00f3ximos jogos!\",\"potentialAction\":[{\"@type\":\"SearchAction\",\"target\":{\"@type\":\"EntryPoint\",\"urlTemplate\":\"https:\/\/www.gaveanews.com\/?s={search_term_string}\"},\"query-input\":{\"@type\":\"PropertyValueSpecification\",\"valueRequired\":true,\"valueName\":\"search_term_string\"}}],\"inLanguage\":\"pt-BR\"},{\"@type\":\"Person\",\"@id\":\"https:\/\/www.gaveanews.com\/#\/schema\/person\/37122681a8575a5c8db05a56f099a5e4\",\"name\":\"D\u00e9bora Figueiredo\",\"image\":{\"@type\":\"ImageObject\",\"inLanguage\":\"pt-BR\",\"@id\":\"https:\/\/www.gaveanews.com\/#\/schema\/person\/image\/\",\"url\":\"https:\/\/secure.gravatar.com\/avatar\/1f44802859351588499d26f52aed1d15796ce17e67602895b72837c08018868d?s=96&d=mm&r=g\",\"contentUrl\":\"https:\/\/secure.gravatar.com\/avatar\/1f44802859351588499d26f52aed1d15796ce17e67602895b72837c08018868d?s=96&d=mm&r=g\",\"caption\":\"D\u00e9bora Figueiredo\"}}]}<\/script>\n<!-- \/ Yoast SEO Premium plugin. -->","yoast_head_json":{"title":"Jogador portugu\u00eas negocia com clube da S\u00e9rie A do Brasileir\u00e3o","robots":{"index":"index","follow":"follow","max-snippet":"max-snippet:-1","max-image-preview":"max-image-preview:large","max-video-preview":"max-video-preview:-1"},"canonical":"https:\/\/www.gaveanews.com\/index.php\/2025\/02\/04\/jogador-portugues-negocia-com-clube-da-serie-a-do-brasileirao\/","og_locale":"pt_BR","og_type":"article","og_title":"Jogador portugu\u00eas negocia com clube da S\u00e9rie A do Brasileir\u00e3o","og_description":"O Sport est\u00e1 em negocia\u00e7\u00f5es com o Olympiacos, da Gr\u00e9cia, para a aquisi\u00e7\u00e3o do meio-campista S\u00e9rgio Oliveira. De acordo com a m\u00eddia global, a negocia\u00e7\u00e3o j\u00e1 estaria na etapa de acordo salarial, j\u00e1 que o clube j\u00e1 teria aceitado a proposta do rubro-negro. O conte\u00fado \u00e9 proveniente do site grego Sport24. No entanto, o Sport [&hellip;]","og_url":"https:\/\/www.gaveanews.com\/index.php\/2025\/02\/04\/jogador-portugues-negocia-com-clube-da-serie-a-do-brasileirao\/","og_site_name":"G\u00e1vea News","article_publisher":"https:\/\/facebook.com\/gaveaNews\/","article_published_time":"2025-02-04T21:25:00+00:00","og_image":[{"width":690,"height":470,"url":"https:\/\/www.gaveanews.com\/wp-content\/uploads\/taca-brasileiro-.webp","type":"image\/webp"}],"author":"D\u00e9bora Figueiredo","twitter_card":"summary_large_image","twitter_misc":{"Escrito por":"D\u00e9bora Figueiredo","Est. tempo de leitura":"3 minutos"},"schema":{"@context":"https:\/\/schema.org","@graph":[{"@type":"NewsArticle","@id":"https:\/\/www.gaveanews.com\/index.php\/2025\/02\/04\/jogador-portugues-negocia-com-clube-da-serie-a-do-brasileirao\/#article","isPartOf":{"@id":"https:\/\/www.gaveanews.com\/index.php\/2025\/02\/04\/jogador-portugues-negocia-com-clube-da-serie-a-do-brasileirao\/"},"author":{"name":"D\u00e9bora Figueiredo","@id":"https:\/\/www.gaveanews.com\/#\/schema\/person\/37122681a8575a5c8db05a56f099a5e4"},"headline":"Jogador portugu\u00eas negocia com clube da S\u00e9rie A do Brasileir\u00e3o","datePublished":"2025-02-04T21:25:00+00:00","mainEntityOfPage":{"@id":"https:\/\/www.gaveanews.com\/index.php\/2025\/02\/04\/jogador-portugues-negocia-com-clube-da-serie-a-do-brasileirao\/"},"wordCount":372,"commentCount":0,"image":{"@id":"https:\/\/www.gaveanews.com\/index.php\/2025\/02\/04\/jogador-portugues-negocia-com-clube-da-serie-a-do-brasileirao\/#primaryimage"},"thumbnailUrl":"https:\/\/www.gaveanews.com\/wp-content\/uploads\/taca-brasileiro-.webp","articleSection":["Brasileir\u00e3o"],"inLanguage":"pt-BR","potentialAction":[{"@type":"CommentAction","name":"Comment","target":["https:\/\/www.gaveanews.com\/index.php\/2025\/02\/04\/jogador-portugues-negocia-com-clube-da-serie-a-do-brasileirao\/#respond"]}],"copyrightYear":"2025","copyrightHolder":{"@id":"https:\/\/www.gaveanews.com\/#organization"}},{"@type":"WebPage","@id":"https:\/\/www.gaveanews.com\/index.php\/2025\/02\/04\/jogador-portugues-negocia-com-clube-da-serie-a-do-brasileirao\/","url":"https:\/\/www.gaveanews.com\/index.php\/2025\/02\/04\/jogador-portugues-negocia-com-clube-da-serie-a-do-brasileirao\/","name":"Jogador portugu\u00eas negocia com clube da S\u00e9rie A do Brasileir\u00e3o","isPartOf":{"@id":"https:\/\/www.gaveanews.com\/#website"},"primaryImageOfPage":{"@id":"https:\/\/www.gaveanews.com\/index.php\/2025\/02\/04\/jogador-portugues-negocia-com-clube-da-serie-a-do-brasileirao\/#primaryimage"},"image":{"@id":"https:\/\/www.gaveanews.com\/index.php\/2025\/02\/04\/jogador-portugues-negocia-com-clube-da-serie-a-do-brasileirao\/#primaryimage"},"thumbnailUrl":"https:\/\/www.gaveanews.com\/wp-content\/uploads\/taca-brasileiro-.webp","datePublished":"2025-02-04T21:25:00+00:00","author":{"@id":"https:\/\/www.gaveanews.com\/#\/schema\/person\/37122681a8575a5c8db05a56f099a5e4"},"breadcrumb":{"@id":"https:\/\/www.gaveanews.com\/index.php\/2025\/02\/04\/jogador-portugues-negocia-com-clube-da-serie-a-do-brasileirao\/#breadcrumb"},"inLanguage":"pt-BR","potentialAction":[{"@type":"ReadAction","target":["https:\/\/www.gaveanews.com\/index.php\/2025\/02\/04\/jogador-portugues-negocia-com-clube-da-serie-a-do-brasileirao\/"]}]},{"@type":"ImageObject","inLanguage":"pt-BR","@id":"https:\/\/www.gaveanews.com\/index.php\/2025\/02\/04\/jogador-portugues-negocia-com-clube-da-serie-a-do-brasileirao\/#primaryimage","url":"https:\/\/www.gaveanews.com\/wp-content\/uploads\/taca-brasileiro-.webp","contentUrl":"https:\/\/www.gaveanews.com\/wp-content\/uploads\/taca-brasileiro-.webp","width":690,"height":470},{"@type":"BreadcrumbList","@id":"https:\/\/www.gaveanews.com\/index.php\/2025\/02\/04\/jogador-portugues-negocia-com-clube-da-serie-a-do-brasileirao\/#breadcrumb","itemListElement":[{"@type":"ListItem","position":1,"name":"Home","item":"https:\/\/www.gaveanews.com\/"},{"@type":"ListItem","position":2,"name":"Jogador portugu\u00eas negocia com clube da S\u00e9rie A do Brasileir\u00e3o"}]},{"@type":"WebSite","@id":"https:\/\/www.gaveanews.com\/#website","url":"https:\/\/www.gaveanews.com\/","name":"G\u00e1vea News","description":"Veja todas as not\u00edcias sobre o Flamengo: Contrata\u00e7\u00f5es, categorias de base, resultados das partidas, tabela de classifica\u00e7\u00e3o, pr\u00f3ximos jogos!","potentialAction":[{"@type":"SearchAction","target":{"@type":"EntryPoint","urlTemplate":"https:\/\/www.gaveanews.com\/?s={search_term_string}"},"query-input":{"@type":"PropertyValueSpecification","valueRequired":true,"valueName":"search_term_string"}}],"inLanguage":"pt-BR"},{"@type":"Person","@id":"https:\/\/www.gaveanews.com\/#\/schema\/person\/37122681a8575a5c8db05a56f099a5e4","name":"D\u00e9bora Figueiredo","image":{"@type":"ImageObject","inLanguage":"pt-BR","@id":"https:\/\/www.gaveanews.com\/#\/schema\/person\/image\/","url":"https:\/\/secure.gravatar.com\/avatar\/1f44802859351588499d26f52aed1d15796ce17e67602895b72837c08018868d?s=96&d=mm&r=g","contentUrl":"https:\/\/secure.gravatar.com\/avatar\/1f44802859351588499d26f52aed1d15796ce17e67602895b72837c08018868d?s=96&d=mm&r=g","caption":"D\u00e9bora Figueiredo"}}]}},"_links":{"self":[{"href":"https:\/\/www.gaveanews.com\/index.php\/wp-json\/wp\/v2\/posts\/223041","targetHints":{"allow":["GET"]}}],"collection":[{"href":"https:\/\/www.gaveanews.com\/index.php\/wp-json\/wp\/v2\/posts"}],"about":[{"href":"https:\/\/www.gaveanews.com\/index.php\/wp-json\/wp\/v2\/types\/post"}],"author":[{"embeddable":true,"href":"https:\/\/www.gaveanews.com\/index.php\/wp-json\/wp\/v2\/users\/16"}],"replies":[{"embeddable":true,"href":"https:\/\/www.gaveanews.com\/index.php\/wp-json\/wp\/v2\/comments?post=223041"}],"version-history":[{"count":2,"href":"https:\/\/www.gaveanews.com\/index.php\/wp-json\/wp\/v2\/posts\/223041\/revisions"}],"predecessor-version":[{"id":223111,"href":"https:\/\/www.gaveanews.com\/index.php\/wp-json\/wp\/v2\/posts\/223041\/revisions\/223111"}],"wp:featuredmedia":[{"embeddable":true,"href":"https:\/\/www.gaveanews.com\/index.php\/wp-json\/wp\/v2\/media\/114117"}],"wp:attachment":[{"href":"https:\/\/www.gaveanews.com\/index.php\/wp-json\/wp\/v2\/media?parent=223041"}],"wp:term":[{"taxonomy":"category","embeddable":true,"href":"https:\/\/www.gaveanews.com\/index.php\/wp-json\/wp\/v2\/categories?post=223041"},{"taxonomy":"post_tag","embeddable":true,"href":"https:\/\/www.gaveanews.com\/index.php\/wp-json\/wp\/v2\/tags?post=223041"}],"curies":[{"name":"wp","href":"https:\/\/api.w.org\/{rel}","templated":true}]}}