{"id":223047,"date":"2025-02-04T17:35:00","date_gmt":"2025-02-04T20:35:00","guid":{"rendered":"https:\/\/www.gaveanews.com\/?p=223047"},"modified":"2025-02-04T17:35:41","modified_gmt":"2025-02-04T20:35:41","slug":"vasco-assina-contrato-com-empresa-de-inteligencia-artificial","status":"publish","type":"post","link":"https:\/\/www.gaveanews.com\/index.php\/2025\/02\/04\/vasco-assina-contrato-com-empresa-de-inteligencia-artificial\/","title":{"rendered":"Vasco assina contrato com empresa de intelig\u00eancia artificial"},"content":{"rendered":"\n<h2 class=\"wp-block-heading\" id=\"h-vasco-fecha-acordo-com-empresa-de-ia-nbsp\">Vasco fecha acordo com empresa de IA&nbsp;<\/h2>\n\n\n\n<p>O <a href=\"https:\/\/vasconoticias.com.br\/\">Vasco <\/a>vai utilizar um recurso de intelig\u00eancia artificial para aprimorar o servi\u00e7o aos s\u00f3cios-torcedores, em parceria com a Somos Young, uma companhia especializada em intera\u00e7\u00e3o digital com consumidores.<\/p>\n\n\n\n<p>A ferramenta estar\u00e1 dispon\u00edvel 24 horas por dia, todos os dias da semana, para satisfazer as necessidades do p\u00fablico. A Intelig\u00eancia Artificial, que se ajusta \u00e0 medida que recebe mais informa\u00e7\u00f5es, imita o comportamento humano e emprega uma linguagem compreens\u00edvel.<\/p>\n\n\n\n<p>E a assist\u00eancia ser\u00e1 realizada atrav\u00e9s do WhatsApp, oferecendo detalhes sobre o programa de associados, calend\u00e1rio de partidas, ingressos e outros assuntos ligados ao clube.<\/p>\n\n\n\n<figure class=\"wp-block-image size-large\"><img loading=\"lazy\" decoding=\"async\" width=\"1024\" height=\"683\" src=\"http:\/\/www.gaveanews.com\/wp-content\/uploads\/Camisa-do-Vasco-da-Gama-1024x683.webp\" alt=\"\" class=\"wp-image-147443\" srcset=\"https:\/\/www.gaveanews.com\/wp-content\/uploads\/Camisa-do-Vasco-da-Gama-1024x683.webp 1024w, https:\/\/www.gaveanews.com\/wp-content\/uploads\/Camisa-do-Vasco-da-Gama-300x200.webp 300w, https:\/\/www.gaveanews.com\/wp-content\/uploads\/Camisa-do-Vasco-da-Gama-768x512.webp 768w, https:\/\/www.gaveanews.com\/wp-content\/uploads\/Camisa-do-Vasco-da-Gama-630x420.webp 630w, https:\/\/www.gaveanews.com\/wp-content\/uploads\/Camisa-do-Vasco-da-Gama-1260x840.webp 1260w, https:\/\/www.gaveanews.com\/wp-content\/uploads\/Camisa-do-Vasco-da-Gama-640x427.webp 640w, https:\/\/www.gaveanews.com\/wp-content\/uploads\/Camisa-do-Vasco-da-Gama-1280x853.webp 1280w, https:\/\/www.gaveanews.com\/wp-content\/uploads\/Camisa-do-Vasco-da-Gama-681x454.webp 681w, https:\/\/www.gaveanews.com\/wp-content\/uploads\/Camisa-do-Vasco-da-Gama-1362x908.webp 1362w, https:\/\/www.gaveanews.com\/wp-content\/uploads\/Camisa-do-Vasco-da-Gama-100x67.webp 100w, https:\/\/www.gaveanews.com\/wp-content\/uploads\/Camisa-do-Vasco-da-Gama.webp 1440w\" sizes=\"auto, (max-width: 1024px) 100vw, 1024px\" \/><figcaption class=\"wp-element-caption\">Camisa do Vasco da Gama (Foto: Reprodu\u00e7\u00e3o\/Instagram)<\/figcaption><\/figure>\n\n\n\n<p>\u201cO&nbsp;Vasco est\u00e1 implementando uma estrat\u00e9gia&nbsp;para fortalecer seu v\u00ednculo com a torcida atrav\u00e9s da campanha \u2018Eu sou vasca\u00edno\u2019, que utiliza a primeira pessoa para criar uma conex\u00e3o mais pessoal e direta. Esta iniciativa abrange diversos aspectos, com foco principal na melhoria da experi\u00eancia e da jornada do torcedor. Um ponto crucial identificado como uma dor hist\u00f3rica \u00e9 a qualidade do atendimento aos vasca\u00ednos\u201d , come\u00e7ou Carlos Amodeo.<\/p>\n\n\n\n<p>\u201cEste acordo com a Somos Young, que possui tecnologia avan\u00e7ada nessa \u00e1rea, promete revolucionar a forma como o clube se comunica e atende \u00e0s necessidades de seus torcedores. Assim,&nbsp;pretendemos melhorar significativamente a satisfa\u00e7\u00e3o dos nossos s\u00f3cios e estabelecer um novo padr\u00e3o de excel\u00eancia em atendimento no futebol brasileiro\u201d&nbsp;, concluiu o CEO.<\/p>\n\n\n\n<h2 class=\"wp-block-heading\" id=\"h-quando-o-vasco-volta-em-campo\">Quando o Vasco volta em campo?<\/h2>\n\n\n\n<p>Nesta quarta-feira (5), o Vasco volta aos campos para enfrentar o segundo cl\u00e1ssico do ano. O grupo joga contra o Fluminense, \u00e0s 21h30, no Est\u00e1dio Nacional Man\u00e9 Garrincha, em Bras\u00edlia.<\/p>\n\n\n\n<p>O jogo do Campeonato Carioca ser\u00e1 disputado fora do Rio de Janeiro, conforme um acordo firmado no come\u00e7o de 2024 entre a SAF do Gigante da Colina e a empresa respons\u00e1vel pela organiza\u00e7\u00e3o do evento.<\/p>\n\n\n\n<h2 class=\"wp-block-heading\">Onde assistir Vasco x Fluminense?<\/h2>\n\n\n\n<p>O confronto ter\u00e1 transmiss\u00e3o da&nbsp;Band&nbsp;(TV aberta),&nbsp;Premiere&nbsp;(Pay-per-view),&nbsp;Canal GOAT&nbsp;(YouTube) e&nbsp;VascoTV&nbsp;(YouTube). A bola rola no Man\u00e9 Garrincha a partir das 21h30 (de Bras\u00edlia).<\/p>\n","protected":false},"excerpt":{"rendered":"<p>Vasco fecha acordo com empresa de IA&nbsp; O Vasco vai utilizar um recurso de intelig\u00eancia artificial para aprimorar o servi\u00e7o aos s\u00f3cios-torcedores, em parceria com a Somos Young, uma companhia especializada em intera\u00e7\u00e3o digital com consumidores. A ferramenta estar\u00e1 dispon\u00edvel 24 horas por dia, todos os dias da semana, para satisfazer as necessidades do p\u00fablico. [&hellip;]<\/p>\n","protected":false},"author":16,"featured_media":161261,"comment_status":"open","ping_status":"closed","sticky":false,"template":"","format":"standard","meta":{"footnotes":""},"categories":[152],"tags":[],"class_list":["post-223047","post","type-post","status-publish","format-standard","has-post-thumbnail","hentry","category-vasco"],"yoast_head":"<!-- This site is optimized with the Yoast SEO Premium plugin v24.2 (Yoast SEO v26.9) - https:\/\/yoast.com\/product\/yoast-seo-premium-wordpress\/ -->\n<title>Vasco assina contrato com empresa de intelig\u00eancia artificial<\/title>\n<meta name=\"robots\" content=\"index, follow, max-snippet:-1, max-image-preview:large, max-video-preview:-1\" \/>\n<link rel=\"canonical\" href=\"https:\/\/www.gaveanews.com\/index.php\/2025\/02\/04\/vasco-assina-contrato-com-empresa-de-inteligencia-artificial\/\" \/>\n<meta property=\"og:locale\" content=\"pt_BR\" \/>\n<meta property=\"og:type\" content=\"article\" \/>\n<meta property=\"og:title\" content=\"Vasco assina contrato com empresa de intelig\u00eancia artificial\" \/>\n<meta property=\"og:description\" content=\"Vasco fecha acordo com empresa de IA&nbsp; O Vasco vai utilizar um recurso de intelig\u00eancia artificial para aprimorar o servi\u00e7o aos s\u00f3cios-torcedores, em parceria com a Somos Young, uma companhia especializada em intera\u00e7\u00e3o digital com consumidores. A ferramenta estar\u00e1 dispon\u00edvel 24 horas por dia, todos os dias da semana, para satisfazer as necessidades do p\u00fablico. [&hellip;]\" \/>\n<meta property=\"og:url\" content=\"https:\/\/www.gaveanews.com\/index.php\/2025\/02\/04\/vasco-assina-contrato-com-empresa-de-inteligencia-artificial\/\" \/>\n<meta property=\"og:site_name\" content=\"G\u00e1vea News\" \/>\n<meta property=\"article:publisher\" content=\"https:\/\/facebook.com\/gaveaNews\/\" \/>\n<meta property=\"article:published_time\" content=\"2025-02-04T20:35:00+00:00\" \/>\n<meta property=\"article:modified_time\" content=\"2025-02-04T20:35:41+00:00\" \/>\n<meta property=\"og:image\" content=\"http:\/\/www.gaveanews.com\/wp-content\/uploads\/Camisa-do-Vasco-2024.webp\" \/>\n\t<meta property=\"og:image:width\" content=\"1059\" \/>\n\t<meta property=\"og:image:height\" content=\"794\" \/>\n\t<meta property=\"og:image:type\" content=\"image\/webp\" \/>\n<meta name=\"author\" content=\"D\u00e9bora Figueiredo\" \/>\n<meta name=\"twitter:card\" content=\"summary_large_image\" \/>\n<meta name=\"twitter:label1\" content=\"Escrito por\" \/>\n\t<meta name=\"twitter:data1\" content=\"D\u00e9bora Figueiredo\" \/>\n\t<meta name=\"twitter:label2\" content=\"Est. tempo de leitura\" \/>\n\t<meta name=\"twitter:data2\" content=\"3 minutos\" \/>\n<script type=\"application\/ld+json\" class=\"yoast-schema-graph\">{\"@context\":\"https:\/\/schema.org\",\"@graph\":[{\"@type\":\"NewsArticle\",\"@id\":\"https:\/\/www.gaveanews.com\/index.php\/2025\/02\/04\/vasco-assina-contrato-com-empresa-de-inteligencia-artificial\/#article\",\"isPartOf\":{\"@id\":\"https:\/\/www.gaveanews.com\/index.php\/2025\/02\/04\/vasco-assina-contrato-com-empresa-de-inteligencia-artificial\/\"},\"author\":{\"name\":\"D\u00e9bora Figueiredo\",\"@id\":\"https:\/\/www.gaveanews.com\/#\/schema\/person\/37122681a8575a5c8db05a56f099a5e4\"},\"headline\":\"Vasco assina contrato com empresa de intelig\u00eancia artificial\",\"datePublished\":\"2025-02-04T20:35:00+00:00\",\"dateModified\":\"2025-02-04T20:35:41+00:00\",\"mainEntityOfPage\":{\"@id\":\"https:\/\/www.gaveanews.com\/index.php\/2025\/02\/04\/vasco-assina-contrato-com-empresa-de-inteligencia-artificial\/\"},\"wordCount\":384,\"commentCount\":0,\"image\":{\"@id\":\"https:\/\/www.gaveanews.com\/index.php\/2025\/02\/04\/vasco-assina-contrato-com-empresa-de-inteligencia-artificial\/#primaryimage\"},\"thumbnailUrl\":\"https:\/\/www.gaveanews.com\/wp-content\/uploads\/Camisa-do-Vasco-2024.webp\",\"articleSection\":[\"Vasco\"],\"inLanguage\":\"pt-BR\",\"potentialAction\":[{\"@type\":\"CommentAction\",\"name\":\"Comment\",\"target\":[\"https:\/\/www.gaveanews.com\/index.php\/2025\/02\/04\/vasco-assina-contrato-com-empresa-de-inteligencia-artificial\/#respond\"]}],\"copyrightYear\":\"2025\",\"copyrightHolder\":{\"@id\":\"https:\/\/www.gaveanews.com\/#organization\"}},{\"@type\":\"WebPage\",\"@id\":\"https:\/\/www.gaveanews.com\/index.php\/2025\/02\/04\/vasco-assina-contrato-com-empresa-de-inteligencia-artificial\/\",\"url\":\"https:\/\/www.gaveanews.com\/index.php\/2025\/02\/04\/vasco-assina-contrato-com-empresa-de-inteligencia-artificial\/\",\"name\":\"Vasco assina contrato com empresa de intelig\u00eancia artificial\",\"isPartOf\":{\"@id\":\"https:\/\/www.gaveanews.com\/#website\"},\"primaryImageOfPage\":{\"@id\":\"https:\/\/www.gaveanews.com\/index.php\/2025\/02\/04\/vasco-assina-contrato-com-empresa-de-inteligencia-artificial\/#primaryimage\"},\"image\":{\"@id\":\"https:\/\/www.gaveanews.com\/index.php\/2025\/02\/04\/vasco-assina-contrato-com-empresa-de-inteligencia-artificial\/#primaryimage\"},\"thumbnailUrl\":\"https:\/\/www.gaveanews.com\/wp-content\/uploads\/Camisa-do-Vasco-2024.webp\",\"datePublished\":\"2025-02-04T20:35:00+00:00\",\"dateModified\":\"2025-02-04T20:35:41+00:00\",\"author\":{\"@id\":\"https:\/\/www.gaveanews.com\/#\/schema\/person\/37122681a8575a5c8db05a56f099a5e4\"},\"breadcrumb\":{\"@id\":\"https:\/\/www.gaveanews.com\/index.php\/2025\/02\/04\/vasco-assina-contrato-com-empresa-de-inteligencia-artificial\/#breadcrumb\"},\"inLanguage\":\"pt-BR\",\"potentialAction\":[{\"@type\":\"ReadAction\",\"target\":[\"https:\/\/www.gaveanews.com\/index.php\/2025\/02\/04\/vasco-assina-contrato-com-empresa-de-inteligencia-artificial\/\"]}]},{\"@type\":\"ImageObject\",\"inLanguage\":\"pt-BR\",\"@id\":\"https:\/\/www.gaveanews.com\/index.php\/2025\/02\/04\/vasco-assina-contrato-com-empresa-de-inteligencia-artificial\/#primaryimage\",\"url\":\"https:\/\/www.gaveanews.com\/wp-content\/uploads\/Camisa-do-Vasco-2024.webp\",\"contentUrl\":\"https:\/\/www.gaveanews.com\/wp-content\/uploads\/Camisa-do-Vasco-2024.webp\",\"width\":1059,\"height\":794,\"caption\":\"Camisa do Vasco 2024 (Foto: Reprodu\u00e7\u00e3o\/Instagram)\"},{\"@type\":\"BreadcrumbList\",\"@id\":\"https:\/\/www.gaveanews.com\/index.php\/2025\/02\/04\/vasco-assina-contrato-com-empresa-de-inteligencia-artificial\/#breadcrumb\",\"itemListElement\":[{\"@type\":\"ListItem\",\"position\":1,\"name\":\"Home\",\"item\":\"https:\/\/www.gaveanews.com\/\"},{\"@type\":\"ListItem\",\"position\":2,\"name\":\"Vasco assina contrato com empresa de intelig\u00eancia artificial\"}]},{\"@type\":\"WebSite\",\"@id\":\"https:\/\/www.gaveanews.com\/#website\",\"url\":\"https:\/\/www.gaveanews.com\/\",\"name\":\"G\u00e1vea News\",\"description\":\"Veja todas as not\u00edcias sobre o Flamengo: Contrata\u00e7\u00f5es, categorias de base, resultados das partidas, tabela de classifica\u00e7\u00e3o, pr\u00f3ximos jogos!\",\"potentialAction\":[{\"@type\":\"SearchAction\",\"target\":{\"@type\":\"EntryPoint\",\"urlTemplate\":\"https:\/\/www.gaveanews.com\/?s={search_term_string}\"},\"query-input\":{\"@type\":\"PropertyValueSpecification\",\"valueRequired\":true,\"valueName\":\"search_term_string\"}}],\"inLanguage\":\"pt-BR\"},{\"@type\":\"Person\",\"@id\":\"https:\/\/www.gaveanews.com\/#\/schema\/person\/37122681a8575a5c8db05a56f099a5e4\",\"name\":\"D\u00e9bora Figueiredo\",\"image\":{\"@type\":\"ImageObject\",\"inLanguage\":\"pt-BR\",\"@id\":\"https:\/\/www.gaveanews.com\/#\/schema\/person\/image\/\",\"url\":\"https:\/\/secure.gravatar.com\/avatar\/1f44802859351588499d26f52aed1d15796ce17e67602895b72837c08018868d?s=96&d=mm&r=g\",\"contentUrl\":\"https:\/\/secure.gravatar.com\/avatar\/1f44802859351588499d26f52aed1d15796ce17e67602895b72837c08018868d?s=96&d=mm&r=g\",\"caption\":\"D\u00e9bora Figueiredo\"}}]}<\/script>\n<!-- \/ Yoast SEO Premium plugin. -->","yoast_head_json":{"title":"Vasco assina contrato com empresa de intelig\u00eancia artificial","robots":{"index":"index","follow":"follow","max-snippet":"max-snippet:-1","max-image-preview":"max-image-preview:large","max-video-preview":"max-video-preview:-1"},"canonical":"https:\/\/www.gaveanews.com\/index.php\/2025\/02\/04\/vasco-assina-contrato-com-empresa-de-inteligencia-artificial\/","og_locale":"pt_BR","og_type":"article","og_title":"Vasco assina contrato com empresa de intelig\u00eancia artificial","og_description":"Vasco fecha acordo com empresa de IA&nbsp; O Vasco vai utilizar um recurso de intelig\u00eancia artificial para aprimorar o servi\u00e7o aos s\u00f3cios-torcedores, em parceria com a Somos Young, uma companhia especializada em intera\u00e7\u00e3o digital com consumidores. A ferramenta estar\u00e1 dispon\u00edvel 24 horas por dia, todos os dias da semana, para satisfazer as necessidades do p\u00fablico. [&hellip;]","og_url":"https:\/\/www.gaveanews.com\/index.php\/2025\/02\/04\/vasco-assina-contrato-com-empresa-de-inteligencia-artificial\/","og_site_name":"G\u00e1vea News","article_publisher":"https:\/\/facebook.com\/gaveaNews\/","article_published_time":"2025-02-04T20:35:00+00:00","article_modified_time":"2025-02-04T20:35:41+00:00","og_image":[{"width":1059,"height":794,"url":"http:\/\/www.gaveanews.com\/wp-content\/uploads\/Camisa-do-Vasco-2024.webp","type":"image\/webp"}],"author":"D\u00e9bora Figueiredo","twitter_card":"summary_large_image","twitter_misc":{"Escrito por":"D\u00e9bora Figueiredo","Est. tempo de leitura":"3 minutos"},"schema":{"@context":"https:\/\/schema.org","@graph":[{"@type":"NewsArticle","@id":"https:\/\/www.gaveanews.com\/index.php\/2025\/02\/04\/vasco-assina-contrato-com-empresa-de-inteligencia-artificial\/#article","isPartOf":{"@id":"https:\/\/www.gaveanews.com\/index.php\/2025\/02\/04\/vasco-assina-contrato-com-empresa-de-inteligencia-artificial\/"},"author":{"name":"D\u00e9bora Figueiredo","@id":"https:\/\/www.gaveanews.com\/#\/schema\/person\/37122681a8575a5c8db05a56f099a5e4"},"headline":"Vasco assina contrato com empresa de intelig\u00eancia artificial","datePublished":"2025-02-04T20:35:00+00:00","dateModified":"2025-02-04T20:35:41+00:00","mainEntityOfPage":{"@id":"https:\/\/www.gaveanews.com\/index.php\/2025\/02\/04\/vasco-assina-contrato-com-empresa-de-inteligencia-artificial\/"},"wordCount":384,"commentCount":0,"image":{"@id":"https:\/\/www.gaveanews.com\/index.php\/2025\/02\/04\/vasco-assina-contrato-com-empresa-de-inteligencia-artificial\/#primaryimage"},"thumbnailUrl":"https:\/\/www.gaveanews.com\/wp-content\/uploads\/Camisa-do-Vasco-2024.webp","articleSection":["Vasco"],"inLanguage":"pt-BR","potentialAction":[{"@type":"CommentAction","name":"Comment","target":["https:\/\/www.gaveanews.com\/index.php\/2025\/02\/04\/vasco-assina-contrato-com-empresa-de-inteligencia-artificial\/#respond"]}],"copyrightYear":"2025","copyrightHolder":{"@id":"https:\/\/www.gaveanews.com\/#organization"}},{"@type":"WebPage","@id":"https:\/\/www.gaveanews.com\/index.php\/2025\/02\/04\/vasco-assina-contrato-com-empresa-de-inteligencia-artificial\/","url":"https:\/\/www.gaveanews.com\/index.php\/2025\/02\/04\/vasco-assina-contrato-com-empresa-de-inteligencia-artificial\/","name":"Vasco assina contrato com empresa de intelig\u00eancia artificial","isPartOf":{"@id":"https:\/\/www.gaveanews.com\/#website"},"primaryImageOfPage":{"@id":"https:\/\/www.gaveanews.com\/index.php\/2025\/02\/04\/vasco-assina-contrato-com-empresa-de-inteligencia-artificial\/#primaryimage"},"image":{"@id":"https:\/\/www.gaveanews.com\/index.php\/2025\/02\/04\/vasco-assina-contrato-com-empresa-de-inteligencia-artificial\/#primaryimage"},"thumbnailUrl":"https:\/\/www.gaveanews.com\/wp-content\/uploads\/Camisa-do-Vasco-2024.webp","datePublished":"2025-02-04T20:35:00+00:00","dateModified":"2025-02-04T20:35:41+00:00","author":{"@id":"https:\/\/www.gaveanews.com\/#\/schema\/person\/37122681a8575a5c8db05a56f099a5e4"},"breadcrumb":{"@id":"https:\/\/www.gaveanews.com\/index.php\/2025\/02\/04\/vasco-assina-contrato-com-empresa-de-inteligencia-artificial\/#breadcrumb"},"inLanguage":"pt-BR","potentialAction":[{"@type":"ReadAction","target":["https:\/\/www.gaveanews.com\/index.php\/2025\/02\/04\/vasco-assina-contrato-com-empresa-de-inteligencia-artificial\/"]}]},{"@type":"ImageObject","inLanguage":"pt-BR","@id":"https:\/\/www.gaveanews.com\/index.php\/2025\/02\/04\/vasco-assina-contrato-com-empresa-de-inteligencia-artificial\/#primaryimage","url":"https:\/\/www.gaveanews.com\/wp-content\/uploads\/Camisa-do-Vasco-2024.webp","contentUrl":"https:\/\/www.gaveanews.com\/wp-content\/uploads\/Camisa-do-Vasco-2024.webp","width":1059,"height":794,"caption":"Camisa do Vasco 2024 (Foto: Reprodu\u00e7\u00e3o\/Instagram)"},{"@type":"BreadcrumbList","@id":"https:\/\/www.gaveanews.com\/index.php\/2025\/02\/04\/vasco-assina-contrato-com-empresa-de-inteligencia-artificial\/#breadcrumb","itemListElement":[{"@type":"ListItem","position":1,"name":"Home","item":"https:\/\/www.gaveanews.com\/"},{"@type":"ListItem","position":2,"name":"Vasco assina contrato com empresa de intelig\u00eancia artificial"}]},{"@type":"WebSite","@id":"https:\/\/www.gaveanews.com\/#website","url":"https:\/\/www.gaveanews.com\/","name":"G\u00e1vea News","description":"Veja todas as not\u00edcias sobre o Flamengo: Contrata\u00e7\u00f5es, categorias de base, resultados das partidas, tabela de classifica\u00e7\u00e3o, pr\u00f3ximos jogos!","potentialAction":[{"@type":"SearchAction","target":{"@type":"EntryPoint","urlTemplate":"https:\/\/www.gaveanews.com\/?s={search_term_string}"},"query-input":{"@type":"PropertyValueSpecification","valueRequired":true,"valueName":"search_term_string"}}],"inLanguage":"pt-BR"},{"@type":"Person","@id":"https:\/\/www.gaveanews.com\/#\/schema\/person\/37122681a8575a5c8db05a56f099a5e4","name":"D\u00e9bora Figueiredo","image":{"@type":"ImageObject","inLanguage":"pt-BR","@id":"https:\/\/www.gaveanews.com\/#\/schema\/person\/image\/","url":"https:\/\/secure.gravatar.com\/avatar\/1f44802859351588499d26f52aed1d15796ce17e67602895b72837c08018868d?s=96&d=mm&r=g","contentUrl":"https:\/\/secure.gravatar.com\/avatar\/1f44802859351588499d26f52aed1d15796ce17e67602895b72837c08018868d?s=96&d=mm&r=g","caption":"D\u00e9bora Figueiredo"}}]}},"_links":{"self":[{"href":"https:\/\/www.gaveanews.com\/index.php\/wp-json\/wp\/v2\/posts\/223047","targetHints":{"allow":["GET"]}}],"collection":[{"href":"https:\/\/www.gaveanews.com\/index.php\/wp-json\/wp\/v2\/posts"}],"about":[{"href":"https:\/\/www.gaveanews.com\/index.php\/wp-json\/wp\/v2\/types\/post"}],"author":[{"embeddable":true,"href":"https:\/\/www.gaveanews.com\/index.php\/wp-json\/wp\/v2\/users\/16"}],"replies":[{"embeddable":true,"href":"https:\/\/www.gaveanews.com\/index.php\/wp-json\/wp\/v2\/comments?post=223047"}],"version-history":[{"count":2,"href":"https:\/\/www.gaveanews.com\/index.php\/wp-json\/wp\/v2\/posts\/223047\/revisions"}],"predecessor-version":[{"id":223136,"href":"https:\/\/www.gaveanews.com\/index.php\/wp-json\/wp\/v2\/posts\/223047\/revisions\/223136"}],"wp:featuredmedia":[{"embeddable":true,"href":"https:\/\/www.gaveanews.com\/index.php\/wp-json\/wp\/v2\/media\/161261"}],"wp:attachment":[{"href":"https:\/\/www.gaveanews.com\/index.php\/wp-json\/wp\/v2\/media?parent=223047"}],"wp:term":[{"taxonomy":"category","embeddable":true,"href":"https:\/\/www.gaveanews.com\/index.php\/wp-json\/wp\/v2\/categories?post=223047"},{"taxonomy":"post_tag","embeddable":true,"href":"https:\/\/www.gaveanews.com\/index.php\/wp-json\/wp\/v2\/tags?post=223047"}],"curies":[{"name":"wp","href":"https:\/\/api.w.org\/{rel}","templated":true}]}}