{"id":223144,"date":"2025-02-04T22:00:00","date_gmt":"2025-02-05T01:00:00","guid":{"rendered":"https:\/\/www.gaveanews.com\/?p=223144"},"modified":"2025-02-04T20:43:49","modified_gmt":"2025-02-04T23:43:49","slug":"a-declaracao-de-jorge-jesus-direcionada-a-filipe-luis-do-flamengo","status":"publish","type":"post","link":"https:\/\/www.gaveanews.com\/index.php\/2025\/02\/04\/a-declaracao-de-jorge-jesus-direcionada-a-filipe-luis-do-flamengo\/","title":{"rendered":"A declara\u00e7\u00e3o de Jorge Jesus direcionada a Filipe Lu\u00eds, do Flamengo"},"content":{"rendered":"\n<h2 class=\"wp-block-heading\" id=\"h-jorge-jesus-elogia-filipe-luis-e-preve-sucesso-como-treinador-do-flamengo\">Jorge Jesus elogia Filipe Lu\u00eds e prev\u00ea sucesso como treinador do Flamengo<\/h2>\n\n\n\n<p>O t\u00e9cnico Jorge Jesus rasgou elogios a Filipe Lu\u00eds e projetou uma carreira vitoriosa para o ex-lateral na nova fun\u00e7\u00e3o de treinador. Em entrevista ao jornalista Cah\u00ea Mota, do ge, divulgada nesta ter\u00e7a-feira (4), o Mister destacou a intelig\u00eancia do atual comandante rubro-negro e relembrou o per\u00edodo em que trabalharam juntos no Flamengo.<\/p>\n\n\n\n<p>\u201cFilipe Lu\u00eds sempre teve uma paix\u00e3o pelo futebol, j\u00e1 como jogador me fazia v\u00e1rias perguntas. Eu acredito que ele vai ser um bom treinador. Nos primeiros anos \u00e9 dif\u00edcil para todos, temos muito que aprender. Acredito que ele vai fazer uma carreira brilhante, bonita, porque sabe o que quer\u201d, afirmou Jorge Jesus.<\/p>\n\n\n\n<p>O treinador portugu\u00eas revelou que teve diversas conversas com Filipe Lu\u00eds sobre a possibilidade de seguir a carreira como t\u00e9cnico. Segundo JJ, o ex-lateral foi convidado para ser auxiliar antes de assumir o comando do Flamengo, mas optou por come\u00e7ar diretamente como treinador principal.<\/p>\n\n\n\n<p>\u201cSim, nos falamos v\u00e1rias vezes nessa hip\u00f3tese. Sei que ele foi convidado para ser assistente e n\u00e3o aceitou. E agora \u00e9 ele que vai ter que quebrar a cabe\u00e7a sozinho, ficar muitas horas sem dormir, mas isso faz parte\u201d, disse.<\/p>\n\n\n\n<p>Jorge Jesus comandou o Flamengo entre 2019 e 2020, conquistando cinco t\u00edtulos e se tornando uma refer\u00eancia para a torcida. Durante esse per\u00edodo, Filipe Lu\u00eds chegou ao clube e disputou 23 partidas sob o comando do Mister. A rela\u00e7\u00e3o entre os dois sempre foi pr\u00f3xima, com constantes trocas de ideias sobre t\u00e1ticas e estrat\u00e9gias.<\/p>\n\n\n\n<p>Agora como treinador, Filipe Lu\u00eds j\u00e1 conquistou dois t\u00edtulos pelo Flamengo: a Copa do Brasil de 2024 e a Supercopa do Brasil de 2025. Desde que assumiu a equipe, soma 12 vit\u00f3rias, cinco empates e apenas uma derrota.<\/p>\n\n\n\n<p>O pr\u00f3ximo desafio do Flamengo sob o comando de Filipe Lu\u00eds ser\u00e1 nesta quarta-feira (5), \u00e0s 19h (de Bras\u00edlia), contra a Portuguesa-RJ, pelo Campeonato Carioca. O confronto antecede uma sequ\u00eancia de tr\u00eas cl\u00e1ssicos contra Fluminense, Botafogo e Vasco.<\/p>\n","protected":false},"excerpt":{"rendered":"<p>Jorge Jesus elogia Filipe Lu\u00eds e prev\u00ea sucesso como treinador do Flamengo O t\u00e9cnico Jorge Jesus rasgou elogios a Filipe Lu\u00eds e projetou uma carreira vitoriosa para o ex-lateral na nova fun\u00e7\u00e3o de treinador. Em entrevista ao jornalista Cah\u00ea Mota, do ge, divulgada nesta ter\u00e7a-feira (4), o Mister destacou a intelig\u00eancia do atual comandante rubro-negro [&hellip;]<\/p>\n","protected":false},"author":17,"featured_media":171213,"comment_status":"open","ping_status":"closed","sticky":false,"template":"","format":"standard","meta":{"footnotes":""},"categories":[1],"tags":[],"class_list":["post-223144","post","type-post","status-publish","format-standard","has-post-thumbnail","hentry","category-flamengo"],"yoast_head":"<!-- This site is optimized with the Yoast SEO Premium plugin v24.2 (Yoast SEO v26.9) - https:\/\/yoast.com\/product\/yoast-seo-premium-wordpress\/ -->\n<title>A declara\u00e7\u00e3o de Jorge Jesus direcionada a Filipe Lu\u00eds, do Flamengo<\/title>\n<meta name=\"robots\" content=\"index, follow, max-snippet:-1, max-image-preview:large, max-video-preview:-1\" \/>\n<link rel=\"canonical\" href=\"https:\/\/www.gaveanews.com\/index.php\/2025\/02\/04\/a-declaracao-de-jorge-jesus-direcionada-a-filipe-luis-do-flamengo\/\" \/>\n<meta property=\"og:locale\" content=\"pt_BR\" \/>\n<meta property=\"og:type\" content=\"article\" \/>\n<meta property=\"og:title\" content=\"A declara\u00e7\u00e3o de Jorge Jesus direcionada a Filipe Lu\u00eds, do Flamengo\" \/>\n<meta property=\"og:description\" content=\"Jorge Jesus elogia Filipe Lu\u00eds e prev\u00ea sucesso como treinador do Flamengo O t\u00e9cnico Jorge Jesus rasgou elogios a Filipe Lu\u00eds e projetou uma carreira vitoriosa para o ex-lateral na nova fun\u00e7\u00e3o de treinador. Em entrevista ao jornalista Cah\u00ea Mota, do ge, divulgada nesta ter\u00e7a-feira (4), o Mister destacou a intelig\u00eancia do atual comandante rubro-negro [&hellip;]\" \/>\n<meta property=\"og:url\" content=\"https:\/\/www.gaveanews.com\/index.php\/2025\/02\/04\/a-declaracao-de-jorge-jesus-direcionada-a-filipe-luis-do-flamengo\/\" \/>\n<meta property=\"og:site_name\" content=\"G\u00e1vea News\" \/>\n<meta property=\"article:publisher\" content=\"https:\/\/facebook.com\/gaveaNews\/\" \/>\n<meta property=\"article:published_time\" content=\"2025-02-05T01:00:00+00:00\" \/>\n<meta property=\"og:image\" content=\"https:\/\/www.gaveanews.com\/wp-content\/uploads\/Filipe-Luis-como-tecnico-do-Flamengo-em-2024.webp\" \/>\n\t<meta property=\"og:image:width\" content=\"1065\" \/>\n\t<meta property=\"og:image:height\" content=\"710\" \/>\n\t<meta property=\"og:image:type\" content=\"image\/webp\" \/>\n<meta name=\"author\" content=\"Geovanna Thomaz\" \/>\n<meta name=\"twitter:card\" content=\"summary_large_image\" \/>\n<meta name=\"twitter:label1\" content=\"Escrito por\" \/>\n\t<meta name=\"twitter:data1\" content=\"Geovanna Thomaz\" \/>\n\t<meta name=\"twitter:label2\" content=\"Est. tempo de leitura\" \/>\n\t<meta name=\"twitter:data2\" content=\"3 minutos\" \/>\n<script type=\"application\/ld+json\" class=\"yoast-schema-graph\">{\"@context\":\"https:\/\/schema.org\",\"@graph\":[{\"@type\":\"NewsArticle\",\"@id\":\"https:\/\/www.gaveanews.com\/index.php\/2025\/02\/04\/a-declaracao-de-jorge-jesus-direcionada-a-filipe-luis-do-flamengo\/#article\",\"isPartOf\":{\"@id\":\"https:\/\/www.gaveanews.com\/index.php\/2025\/02\/04\/a-declaracao-de-jorge-jesus-direcionada-a-filipe-luis-do-flamengo\/\"},\"author\":{\"name\":\"Geovanna Thomaz\",\"@id\":\"https:\/\/www.gaveanews.com\/#\/schema\/person\/f42654babcd2b2014a1a65af82b081f1\"},\"headline\":\"A declara\u00e7\u00e3o de Jorge Jesus direcionada a Filipe Lu\u00eds, do Flamengo\",\"datePublished\":\"2025-02-05T01:00:00+00:00\",\"mainEntityOfPage\":{\"@id\":\"https:\/\/www.gaveanews.com\/index.php\/2025\/02\/04\/a-declaracao-de-jorge-jesus-direcionada-a-filipe-luis-do-flamengo\/\"},\"wordCount\":370,\"commentCount\":0,\"image\":{\"@id\":\"https:\/\/www.gaveanews.com\/index.php\/2025\/02\/04\/a-declaracao-de-jorge-jesus-direcionada-a-filipe-luis-do-flamengo\/#primaryimage\"},\"thumbnailUrl\":\"https:\/\/www.gaveanews.com\/wp-content\/uploads\/Filipe-Luis-como-tecnico-do-Flamengo-em-2024.webp\",\"articleSection\":[\"Flamengo\"],\"inLanguage\":\"pt-BR\",\"potentialAction\":[{\"@type\":\"CommentAction\",\"name\":\"Comment\",\"target\":[\"https:\/\/www.gaveanews.com\/index.php\/2025\/02\/04\/a-declaracao-de-jorge-jesus-direcionada-a-filipe-luis-do-flamengo\/#respond\"]}],\"copyrightYear\":\"2025\",\"copyrightHolder\":{\"@id\":\"https:\/\/www.gaveanews.com\/#organization\"}},{\"@type\":\"WebPage\",\"@id\":\"https:\/\/www.gaveanews.com\/index.php\/2025\/02\/04\/a-declaracao-de-jorge-jesus-direcionada-a-filipe-luis-do-flamengo\/\",\"url\":\"https:\/\/www.gaveanews.com\/index.php\/2025\/02\/04\/a-declaracao-de-jorge-jesus-direcionada-a-filipe-luis-do-flamengo\/\",\"name\":\"A declara\u00e7\u00e3o de Jorge Jesus direcionada a Filipe Lu\u00eds, do Flamengo\",\"isPartOf\":{\"@id\":\"https:\/\/www.gaveanews.com\/#website\"},\"primaryImageOfPage\":{\"@id\":\"https:\/\/www.gaveanews.com\/index.php\/2025\/02\/04\/a-declaracao-de-jorge-jesus-direcionada-a-filipe-luis-do-flamengo\/#primaryimage\"},\"image\":{\"@id\":\"https:\/\/www.gaveanews.com\/index.php\/2025\/02\/04\/a-declaracao-de-jorge-jesus-direcionada-a-filipe-luis-do-flamengo\/#primaryimage\"},\"thumbnailUrl\":\"https:\/\/www.gaveanews.com\/wp-content\/uploads\/Filipe-Luis-como-tecnico-do-Flamengo-em-2024.webp\",\"datePublished\":\"2025-02-05T01:00:00+00:00\",\"author\":{\"@id\":\"https:\/\/www.gaveanews.com\/#\/schema\/person\/f42654babcd2b2014a1a65af82b081f1\"},\"breadcrumb\":{\"@id\":\"https:\/\/www.gaveanews.com\/index.php\/2025\/02\/04\/a-declaracao-de-jorge-jesus-direcionada-a-filipe-luis-do-flamengo\/#breadcrumb\"},\"inLanguage\":\"pt-BR\",\"potentialAction\":[{\"@type\":\"ReadAction\",\"target\":[\"https:\/\/www.gaveanews.com\/index.php\/2025\/02\/04\/a-declaracao-de-jorge-jesus-direcionada-a-filipe-luis-do-flamengo\/\"]}]},{\"@type\":\"ImageObject\",\"inLanguage\":\"pt-BR\",\"@id\":\"https:\/\/www.gaveanews.com\/index.php\/2025\/02\/04\/a-declaracao-de-jorge-jesus-direcionada-a-filipe-luis-do-flamengo\/#primaryimage\",\"url\":\"https:\/\/www.gaveanews.com\/wp-content\/uploads\/Filipe-Luis-como-tecnico-do-Flamengo-em-2024.webp\",\"contentUrl\":\"https:\/\/www.gaveanews.com\/wp-content\/uploads\/Filipe-Luis-como-tecnico-do-Flamengo-em-2024.webp\",\"width\":1065,\"height\":710,\"caption\":\"Filipe Lu\u00eds como t\u00e9cnico do Flamengo em (Foto: Gilvan de Souza e Marcelo Cortes \/ CRF)\"},{\"@type\":\"BreadcrumbList\",\"@id\":\"https:\/\/www.gaveanews.com\/index.php\/2025\/02\/04\/a-declaracao-de-jorge-jesus-direcionada-a-filipe-luis-do-flamengo\/#breadcrumb\",\"itemListElement\":[{\"@type\":\"ListItem\",\"position\":1,\"name\":\"Home\",\"item\":\"https:\/\/www.gaveanews.com\/\"},{\"@type\":\"ListItem\",\"position\":2,\"name\":\"A declara\u00e7\u00e3o de Jorge Jesus direcionada a Filipe Lu\u00eds, do Flamengo\"}]},{\"@type\":\"WebSite\",\"@id\":\"https:\/\/www.gaveanews.com\/#website\",\"url\":\"https:\/\/www.gaveanews.com\/\",\"name\":\"G\u00e1vea News\",\"description\":\"Veja todas as not\u00edcias sobre o Flamengo: Contrata\u00e7\u00f5es, categorias de base, resultados das partidas, tabela de classifica\u00e7\u00e3o, pr\u00f3ximos jogos!\",\"potentialAction\":[{\"@type\":\"SearchAction\",\"target\":{\"@type\":\"EntryPoint\",\"urlTemplate\":\"https:\/\/www.gaveanews.com\/?s={search_term_string}\"},\"query-input\":{\"@type\":\"PropertyValueSpecification\",\"valueRequired\":true,\"valueName\":\"search_term_string\"}}],\"inLanguage\":\"pt-BR\"},{\"@type\":\"Person\",\"@id\":\"https:\/\/www.gaveanews.com\/#\/schema\/person\/f42654babcd2b2014a1a65af82b081f1\",\"name\":\"Geovanna Thomaz\",\"image\":{\"@type\":\"ImageObject\",\"inLanguage\":\"pt-BR\",\"@id\":\"https:\/\/www.gaveanews.com\/#\/schema\/person\/image\/\",\"url\":\"https:\/\/secure.gravatar.com\/avatar\/4092073255489533afb558984b49b64268c47198af8623cc82a925ae9fb7118a?s=96&d=mm&r=g\",\"contentUrl\":\"https:\/\/secure.gravatar.com\/avatar\/4092073255489533afb558984b49b64268c47198af8623cc82a925ae9fb7118a?s=96&d=mm&r=g\",\"caption\":\"Geovanna Thomaz\"}}]}<\/script>\n<!-- \/ Yoast SEO Premium plugin. -->","yoast_head_json":{"title":"A declara\u00e7\u00e3o de Jorge Jesus direcionada a Filipe Lu\u00eds, do Flamengo","robots":{"index":"index","follow":"follow","max-snippet":"max-snippet:-1","max-image-preview":"max-image-preview:large","max-video-preview":"max-video-preview:-1"},"canonical":"https:\/\/www.gaveanews.com\/index.php\/2025\/02\/04\/a-declaracao-de-jorge-jesus-direcionada-a-filipe-luis-do-flamengo\/","og_locale":"pt_BR","og_type":"article","og_title":"A declara\u00e7\u00e3o de Jorge Jesus direcionada a Filipe Lu\u00eds, do Flamengo","og_description":"Jorge Jesus elogia Filipe Lu\u00eds e prev\u00ea sucesso como treinador do Flamengo O t\u00e9cnico Jorge Jesus rasgou elogios a Filipe Lu\u00eds e projetou uma carreira vitoriosa para o ex-lateral na nova fun\u00e7\u00e3o de treinador. Em entrevista ao jornalista Cah\u00ea Mota, do ge, divulgada nesta ter\u00e7a-feira (4), o Mister destacou a intelig\u00eancia do atual comandante rubro-negro [&hellip;]","og_url":"https:\/\/www.gaveanews.com\/index.php\/2025\/02\/04\/a-declaracao-de-jorge-jesus-direcionada-a-filipe-luis-do-flamengo\/","og_site_name":"G\u00e1vea News","article_publisher":"https:\/\/facebook.com\/gaveaNews\/","article_published_time":"2025-02-05T01:00:00+00:00","og_image":[{"width":1065,"height":710,"url":"https:\/\/www.gaveanews.com\/wp-content\/uploads\/Filipe-Luis-como-tecnico-do-Flamengo-em-2024.webp","type":"image\/webp"}],"author":"Geovanna Thomaz","twitter_card":"summary_large_image","twitter_misc":{"Escrito por":"Geovanna Thomaz","Est. tempo de leitura":"3 minutos"},"schema":{"@context":"https:\/\/schema.org","@graph":[{"@type":"NewsArticle","@id":"https:\/\/www.gaveanews.com\/index.php\/2025\/02\/04\/a-declaracao-de-jorge-jesus-direcionada-a-filipe-luis-do-flamengo\/#article","isPartOf":{"@id":"https:\/\/www.gaveanews.com\/index.php\/2025\/02\/04\/a-declaracao-de-jorge-jesus-direcionada-a-filipe-luis-do-flamengo\/"},"author":{"name":"Geovanna Thomaz","@id":"https:\/\/www.gaveanews.com\/#\/schema\/person\/f42654babcd2b2014a1a65af82b081f1"},"headline":"A declara\u00e7\u00e3o de Jorge Jesus direcionada a Filipe Lu\u00eds, do Flamengo","datePublished":"2025-02-05T01:00:00+00:00","mainEntityOfPage":{"@id":"https:\/\/www.gaveanews.com\/index.php\/2025\/02\/04\/a-declaracao-de-jorge-jesus-direcionada-a-filipe-luis-do-flamengo\/"},"wordCount":370,"commentCount":0,"image":{"@id":"https:\/\/www.gaveanews.com\/index.php\/2025\/02\/04\/a-declaracao-de-jorge-jesus-direcionada-a-filipe-luis-do-flamengo\/#primaryimage"},"thumbnailUrl":"https:\/\/www.gaveanews.com\/wp-content\/uploads\/Filipe-Luis-como-tecnico-do-Flamengo-em-2024.webp","articleSection":["Flamengo"],"inLanguage":"pt-BR","potentialAction":[{"@type":"CommentAction","name":"Comment","target":["https:\/\/www.gaveanews.com\/index.php\/2025\/02\/04\/a-declaracao-de-jorge-jesus-direcionada-a-filipe-luis-do-flamengo\/#respond"]}],"copyrightYear":"2025","copyrightHolder":{"@id":"https:\/\/www.gaveanews.com\/#organization"}},{"@type":"WebPage","@id":"https:\/\/www.gaveanews.com\/index.php\/2025\/02\/04\/a-declaracao-de-jorge-jesus-direcionada-a-filipe-luis-do-flamengo\/","url":"https:\/\/www.gaveanews.com\/index.php\/2025\/02\/04\/a-declaracao-de-jorge-jesus-direcionada-a-filipe-luis-do-flamengo\/","name":"A declara\u00e7\u00e3o de Jorge Jesus direcionada a Filipe Lu\u00eds, do Flamengo","isPartOf":{"@id":"https:\/\/www.gaveanews.com\/#website"},"primaryImageOfPage":{"@id":"https:\/\/www.gaveanews.com\/index.php\/2025\/02\/04\/a-declaracao-de-jorge-jesus-direcionada-a-filipe-luis-do-flamengo\/#primaryimage"},"image":{"@id":"https:\/\/www.gaveanews.com\/index.php\/2025\/02\/04\/a-declaracao-de-jorge-jesus-direcionada-a-filipe-luis-do-flamengo\/#primaryimage"},"thumbnailUrl":"https:\/\/www.gaveanews.com\/wp-content\/uploads\/Filipe-Luis-como-tecnico-do-Flamengo-em-2024.webp","datePublished":"2025-02-05T01:00:00+00:00","author":{"@id":"https:\/\/www.gaveanews.com\/#\/schema\/person\/f42654babcd2b2014a1a65af82b081f1"},"breadcrumb":{"@id":"https:\/\/www.gaveanews.com\/index.php\/2025\/02\/04\/a-declaracao-de-jorge-jesus-direcionada-a-filipe-luis-do-flamengo\/#breadcrumb"},"inLanguage":"pt-BR","potentialAction":[{"@type":"ReadAction","target":["https:\/\/www.gaveanews.com\/index.php\/2025\/02\/04\/a-declaracao-de-jorge-jesus-direcionada-a-filipe-luis-do-flamengo\/"]}]},{"@type":"ImageObject","inLanguage":"pt-BR","@id":"https:\/\/www.gaveanews.com\/index.php\/2025\/02\/04\/a-declaracao-de-jorge-jesus-direcionada-a-filipe-luis-do-flamengo\/#primaryimage","url":"https:\/\/www.gaveanews.com\/wp-content\/uploads\/Filipe-Luis-como-tecnico-do-Flamengo-em-2024.webp","contentUrl":"https:\/\/www.gaveanews.com\/wp-content\/uploads\/Filipe-Luis-como-tecnico-do-Flamengo-em-2024.webp","width":1065,"height":710,"caption":"Filipe Lu\u00eds como t\u00e9cnico do Flamengo em (Foto: Gilvan de Souza e Marcelo Cortes \/ CRF)"},{"@type":"BreadcrumbList","@id":"https:\/\/www.gaveanews.com\/index.php\/2025\/02\/04\/a-declaracao-de-jorge-jesus-direcionada-a-filipe-luis-do-flamengo\/#breadcrumb","itemListElement":[{"@type":"ListItem","position":1,"name":"Home","item":"https:\/\/www.gaveanews.com\/"},{"@type":"ListItem","position":2,"name":"A declara\u00e7\u00e3o de Jorge Jesus direcionada a Filipe Lu\u00eds, do Flamengo"}]},{"@type":"WebSite","@id":"https:\/\/www.gaveanews.com\/#website","url":"https:\/\/www.gaveanews.com\/","name":"G\u00e1vea News","description":"Veja todas as not\u00edcias sobre o Flamengo: Contrata\u00e7\u00f5es, categorias de base, resultados das partidas, tabela de classifica\u00e7\u00e3o, pr\u00f3ximos jogos!","potentialAction":[{"@type":"SearchAction","target":{"@type":"EntryPoint","urlTemplate":"https:\/\/www.gaveanews.com\/?s={search_term_string}"},"query-input":{"@type":"PropertyValueSpecification","valueRequired":true,"valueName":"search_term_string"}}],"inLanguage":"pt-BR"},{"@type":"Person","@id":"https:\/\/www.gaveanews.com\/#\/schema\/person\/f42654babcd2b2014a1a65af82b081f1","name":"Geovanna Thomaz","image":{"@type":"ImageObject","inLanguage":"pt-BR","@id":"https:\/\/www.gaveanews.com\/#\/schema\/person\/image\/","url":"https:\/\/secure.gravatar.com\/avatar\/4092073255489533afb558984b49b64268c47198af8623cc82a925ae9fb7118a?s=96&d=mm&r=g","contentUrl":"https:\/\/secure.gravatar.com\/avatar\/4092073255489533afb558984b49b64268c47198af8623cc82a925ae9fb7118a?s=96&d=mm&r=g","caption":"Geovanna Thomaz"}}]}},"_links":{"self":[{"href":"https:\/\/www.gaveanews.com\/index.php\/wp-json\/wp\/v2\/posts\/223144","targetHints":{"allow":["GET"]}}],"collection":[{"href":"https:\/\/www.gaveanews.com\/index.php\/wp-json\/wp\/v2\/posts"}],"about":[{"href":"https:\/\/www.gaveanews.com\/index.php\/wp-json\/wp\/v2\/types\/post"}],"author":[{"embeddable":true,"href":"https:\/\/www.gaveanews.com\/index.php\/wp-json\/wp\/v2\/users\/17"}],"replies":[{"embeddable":true,"href":"https:\/\/www.gaveanews.com\/index.php\/wp-json\/wp\/v2\/comments?post=223144"}],"version-history":[{"count":2,"href":"https:\/\/www.gaveanews.com\/index.php\/wp-json\/wp\/v2\/posts\/223144\/revisions"}],"predecessor-version":[{"id":223175,"href":"https:\/\/www.gaveanews.com\/index.php\/wp-json\/wp\/v2\/posts\/223144\/revisions\/223175"}],"wp:featuredmedia":[{"embeddable":true,"href":"https:\/\/www.gaveanews.com\/index.php\/wp-json\/wp\/v2\/media\/171213"}],"wp:attachment":[{"href":"https:\/\/www.gaveanews.com\/index.php\/wp-json\/wp\/v2\/media?parent=223144"}],"wp:term":[{"taxonomy":"category","embeddable":true,"href":"https:\/\/www.gaveanews.com\/index.php\/wp-json\/wp\/v2\/categories?post=223144"},{"taxonomy":"post_tag","embeddable":true,"href":"https:\/\/www.gaveanews.com\/index.php\/wp-json\/wp\/v2\/tags?post=223144"}],"curies":[{"name":"wp","href":"https:\/\/api.w.org\/{rel}","templated":true}]}}