{"id":223156,"date":"2025-02-04T20:10:00","date_gmt":"2025-02-04T23:10:00","guid":{"rendered":"https:\/\/www.gaveanews.com\/?p=223156"},"modified":"2025-02-04T19:25:02","modified_gmt":"2025-02-04T22:25:02","slug":"jogador-confirma-que-deseja-deixar-o-atletico-mg-em-definitivo-2","status":"publish","type":"post","link":"https:\/\/www.gaveanews.com\/index.php\/2025\/02\/04\/jogador-confirma-que-deseja-deixar-o-atletico-mg-em-definitivo-2\/","title":{"rendered":"Jogador confirma que deseja deixar o Atl\u00e9tico-MG em definitivo"},"content":{"rendered":"\n<p>Informa\u00e7\u00f5es mais recentes indicam um poss\u00edvel interesse do Sport na contrata\u00e7\u00e3o de Igor Gomes, do Atl\u00e9tico-MG. Al\u00e9m de considerar o meio-campista uma boa op\u00e7\u00e3o para reformula\u00e7\u00e3o do elenco, o Le\u00e3o da Ilha tamb\u00e9m se interessa pela admiss\u00edvel libera\u00e7\u00e3o junto ao Galo, visto que o atleta est\u00e1 longe de ser um dos protagonistas do elenco mineiro.<\/p>\n\n\n\n<p>O Atl\u00e9tico-MG pode at\u00e9 n\u00e3o ser empecilho na negocia\u00e7\u00e3o, mas talvez o desejo do jogador seja. Isso porque, de acordo com Jorge Nicola, Igor Gomes tem interesse em deixar o Galo para buscar novos ares desde que seja por outra equipe capaz de brigar por t\u00edtulos importantes na temporada. Um cen\u00e1rio avesso aos objetivos do Rubro-Negro para 2025 &#8211; que acabou de regressar \u00e0 S\u00e9rie A.<\/p>\n\n\n\n<p>Vale destacar que o neg\u00f3cio ainda est\u00e1 no est\u00e1gio das sondagens e n\u00e3o houve proposta oficial por parte do Sport. Sendo assim, o Le\u00e3o da Ilha analisa as possibilidade de efetividade no neg\u00f3cio e, paralelamente, estuda outras op\u00e7\u00f5es de mercado.<\/p>\n\n\n\n<h2 class=\"wp-block-heading\" id=\"h-igor-gomes-no-atletico-mg\">Igor Gomes no Atl\u00e9tico-MG<\/h2>\n\n\n\n<p>O meia chegou a ostentar um papel de titular sob o comando de Gabriel Milito na temporada passada, mas j\u00e1 estava em decrescente no clube. Isso porque em 2023, ano de sua chegada ao Galo, Igor Gomes participou de 53 partidas e contabilizou 2.414 minutos em campo, com cinco gols e tr\u00eas assist\u00eancias.<\/p>\n\n\n\n<p>Em 2024, mesmo titular, o n\u00famero de partidas caiu para 46 &#8211; apesar da minutagem ter aumentado para 2.430. Foram cinco participa\u00e7\u00f5es em gols nessa temporada, sendo quatro assist\u00eancias aos companheiros.<\/p>\n\n\n\n<p>Igor participou de apenas seis minutos na temporada 2025 sob o comando de Cuca. Ou seja, um jogo dos cinco disputados pelo Galo no ano. O meia esteve em campo na vit\u00f3ria pelo placar m\u00ednimo sobre o Vila Nova-MG, no dia 1 de fevereiro.<\/p>\n","protected":false},"excerpt":{"rendered":"<p>Informa\u00e7\u00f5es mais recentes indicam um poss\u00edvel interesse do Sport na contrata\u00e7\u00e3o de Igor Gomes, do Atl\u00e9tico-MG. Al\u00e9m de considerar o meio-campista uma boa op\u00e7\u00e3o para reformula\u00e7\u00e3o do elenco, o Le\u00e3o da Ilha tamb\u00e9m se interessa pela admiss\u00edvel libera\u00e7\u00e3o junto ao Galo, visto que o atleta est\u00e1 longe de ser um dos protagonistas do elenco mineiro. [&hellip;]<\/p>\n","protected":false},"author":30,"featured_media":157061,"comment_status":"open","ping_status":"closed","sticky":false,"template":"","format":"standard","meta":{"footnotes":""},"categories":[136],"tags":[],"class_list":["post-223156","post","type-post","status-publish","format-standard","has-post-thumbnail","hentry","category-atletico-mg"],"yoast_head":"<!-- This site is optimized with the Yoast SEO Premium plugin v24.2 (Yoast SEO v26.9) - https:\/\/yoast.com\/product\/yoast-seo-premium-wordpress\/ -->\n<title>Jogador confirma que deseja deixar o Atl\u00e9tico-MG em definitivo<\/title>\n<meta name=\"robots\" content=\"index, follow, max-snippet:-1, max-image-preview:large, max-video-preview:-1\" \/>\n<link rel=\"canonical\" href=\"https:\/\/www.gaveanews.com\/index.php\/2025\/02\/04\/jogador-confirma-que-deseja-deixar-o-atletico-mg-em-definitivo-2\/\" \/>\n<meta property=\"og:locale\" content=\"pt_BR\" \/>\n<meta property=\"og:type\" content=\"article\" \/>\n<meta property=\"og:title\" content=\"Jogador confirma que deseja deixar o Atl\u00e9tico-MG em definitivo\" \/>\n<meta property=\"og:description\" content=\"Informa\u00e7\u00f5es mais recentes indicam um poss\u00edvel interesse do Sport na contrata\u00e7\u00e3o de Igor Gomes, do Atl\u00e9tico-MG. Al\u00e9m de considerar o meio-campista uma boa op\u00e7\u00e3o para reformula\u00e7\u00e3o do elenco, o Le\u00e3o da Ilha tamb\u00e9m se interessa pela admiss\u00edvel libera\u00e7\u00e3o junto ao Galo, visto que o atleta est\u00e1 longe de ser um dos protagonistas do elenco mineiro. [&hellip;]\" \/>\n<meta property=\"og:url\" content=\"https:\/\/www.gaveanews.com\/index.php\/2025\/02\/04\/jogador-confirma-que-deseja-deixar-o-atletico-mg-em-definitivo-2\/\" \/>\n<meta property=\"og:site_name\" content=\"G\u00e1vea News\" \/>\n<meta property=\"article:publisher\" content=\"https:\/\/facebook.com\/gaveaNews\/\" \/>\n<meta property=\"article:published_time\" content=\"2025-02-04T23:10:00+00:00\" \/>\n<meta property=\"og:image\" content=\"https:\/\/www.gaveanews.com\/wp-content\/uploads\/Camisa-do-Atletico-MG.webp\" \/>\n\t<meta property=\"og:image:width\" content=\"1080\" \/>\n\t<meta property=\"og:image:height\" content=\"720\" \/>\n\t<meta property=\"og:image:type\" content=\"image\/webp\" \/>\n<meta name=\"author\" content=\"Ana Teixeira\" \/>\n<meta name=\"twitter:card\" content=\"summary_large_image\" \/>\n<meta name=\"twitter:label1\" content=\"Escrito por\" \/>\n\t<meta name=\"twitter:data1\" content=\"Ana Teixeira\" \/>\n\t<meta name=\"twitter:label2\" content=\"Est. tempo de leitura\" \/>\n\t<meta name=\"twitter:data2\" content=\"2 minutos\" \/>\n<script type=\"application\/ld+json\" class=\"yoast-schema-graph\">{\"@context\":\"https:\/\/schema.org\",\"@graph\":[{\"@type\":\"NewsArticle\",\"@id\":\"https:\/\/www.gaveanews.com\/index.php\/2025\/02\/04\/jogador-confirma-que-deseja-deixar-o-atletico-mg-em-definitivo-2\/#article\",\"isPartOf\":{\"@id\":\"https:\/\/www.gaveanews.com\/index.php\/2025\/02\/04\/jogador-confirma-que-deseja-deixar-o-atletico-mg-em-definitivo-2\/\"},\"author\":{\"name\":\"Ana Teixeira\",\"@id\":\"https:\/\/www.gaveanews.com\/#\/schema\/person\/3b19f7288b0ce20372991275e4f2e6c2\"},\"headline\":\"Jogador confirma que deseja deixar o Atl\u00e9tico-MG em definitivo\",\"datePublished\":\"2025-02-04T23:10:00+00:00\",\"mainEntityOfPage\":{\"@id\":\"https:\/\/www.gaveanews.com\/index.php\/2025\/02\/04\/jogador-confirma-que-deseja-deixar-o-atletico-mg-em-definitivo-2\/\"},\"wordCount\":324,\"commentCount\":0,\"image\":{\"@id\":\"https:\/\/www.gaveanews.com\/index.php\/2025\/02\/04\/jogador-confirma-que-deseja-deixar-o-atletico-mg-em-definitivo-2\/#primaryimage\"},\"thumbnailUrl\":\"https:\/\/www.gaveanews.com\/wp-content\/uploads\/Camisa-do-Atletico-MG.webp\",\"articleSection\":[\"Atl\u00e9tico-MG\"],\"inLanguage\":\"pt-BR\",\"potentialAction\":[{\"@type\":\"CommentAction\",\"name\":\"Comment\",\"target\":[\"https:\/\/www.gaveanews.com\/index.php\/2025\/02\/04\/jogador-confirma-que-deseja-deixar-o-atletico-mg-em-definitivo-2\/#respond\"]}],\"copyrightYear\":\"2025\",\"copyrightHolder\":{\"@id\":\"https:\/\/www.gaveanews.com\/#organization\"}},{\"@type\":\"WebPage\",\"@id\":\"https:\/\/www.gaveanews.com\/index.php\/2025\/02\/04\/jogador-confirma-que-deseja-deixar-o-atletico-mg-em-definitivo-2\/\",\"url\":\"https:\/\/www.gaveanews.com\/index.php\/2025\/02\/04\/jogador-confirma-que-deseja-deixar-o-atletico-mg-em-definitivo-2\/\",\"name\":\"Jogador confirma que deseja deixar o Atl\u00e9tico-MG em definitivo\",\"isPartOf\":{\"@id\":\"https:\/\/www.gaveanews.com\/#website\"},\"primaryImageOfPage\":{\"@id\":\"https:\/\/www.gaveanews.com\/index.php\/2025\/02\/04\/jogador-confirma-que-deseja-deixar-o-atletico-mg-em-definitivo-2\/#primaryimage\"},\"image\":{\"@id\":\"https:\/\/www.gaveanews.com\/index.php\/2025\/02\/04\/jogador-confirma-que-deseja-deixar-o-atletico-mg-em-definitivo-2\/#primaryimage\"},\"thumbnailUrl\":\"https:\/\/www.gaveanews.com\/wp-content\/uploads\/Camisa-do-Atletico-MG.webp\",\"datePublished\":\"2025-02-04T23:10:00+00:00\",\"author\":{\"@id\":\"https:\/\/www.gaveanews.com\/#\/schema\/person\/3b19f7288b0ce20372991275e4f2e6c2\"},\"breadcrumb\":{\"@id\":\"https:\/\/www.gaveanews.com\/index.php\/2025\/02\/04\/jogador-confirma-que-deseja-deixar-o-atletico-mg-em-definitivo-2\/#breadcrumb\"},\"inLanguage\":\"pt-BR\",\"potentialAction\":[{\"@type\":\"ReadAction\",\"target\":[\"https:\/\/www.gaveanews.com\/index.php\/2025\/02\/04\/jogador-confirma-que-deseja-deixar-o-atletico-mg-em-definitivo-2\/\"]}]},{\"@type\":\"ImageObject\",\"inLanguage\":\"pt-BR\",\"@id\":\"https:\/\/www.gaveanews.com\/index.php\/2025\/02\/04\/jogador-confirma-que-deseja-deixar-o-atletico-mg-em-definitivo-2\/#primaryimage\",\"url\":\"https:\/\/www.gaveanews.com\/wp-content\/uploads\/Camisa-do-Atletico-MG.webp\",\"contentUrl\":\"https:\/\/www.gaveanews.com\/wp-content\/uploads\/Camisa-do-Atletico-MG.webp\",\"width\":1080,\"height\":720,\"caption\":\"Camisa do Atl\u00e9tico-MG (Foto: Reprodu\u00e7\u00e3o\/Instagram)\"},{\"@type\":\"BreadcrumbList\",\"@id\":\"https:\/\/www.gaveanews.com\/index.php\/2025\/02\/04\/jogador-confirma-que-deseja-deixar-o-atletico-mg-em-definitivo-2\/#breadcrumb\",\"itemListElement\":[{\"@type\":\"ListItem\",\"position\":1,\"name\":\"Home\",\"item\":\"https:\/\/www.gaveanews.com\/\"},{\"@type\":\"ListItem\",\"position\":2,\"name\":\"Jogador confirma que deseja deixar o Atl\u00e9tico-MG em definitivo\"}]},{\"@type\":\"WebSite\",\"@id\":\"https:\/\/www.gaveanews.com\/#website\",\"url\":\"https:\/\/www.gaveanews.com\/\",\"name\":\"G\u00e1vea News\",\"description\":\"Veja todas as not\u00edcias sobre o Flamengo: Contrata\u00e7\u00f5es, categorias de base, resultados das partidas, tabela de classifica\u00e7\u00e3o, pr\u00f3ximos jogos!\",\"potentialAction\":[{\"@type\":\"SearchAction\",\"target\":{\"@type\":\"EntryPoint\",\"urlTemplate\":\"https:\/\/www.gaveanews.com\/?s={search_term_string}\"},\"query-input\":{\"@type\":\"PropertyValueSpecification\",\"valueRequired\":true,\"valueName\":\"search_term_string\"}}],\"inLanguage\":\"pt-BR\"},{\"@type\":\"Person\",\"@id\":\"https:\/\/www.gaveanews.com\/#\/schema\/person\/3b19f7288b0ce20372991275e4f2e6c2\",\"name\":\"Ana Teixeira\",\"image\":{\"@type\":\"ImageObject\",\"inLanguage\":\"pt-BR\",\"@id\":\"https:\/\/www.gaveanews.com\/#\/schema\/person\/image\/\",\"url\":\"https:\/\/secure.gravatar.com\/avatar\/0a73f5a5258f3fed37fc2fa641892f3f7a4748456d4d4792f9bc550e6c19e06c?s=96&d=mm&r=g\",\"contentUrl\":\"https:\/\/secure.gravatar.com\/avatar\/0a73f5a5258f3fed37fc2fa641892f3f7a4748456d4d4792f9bc550e6c19e06c?s=96&d=mm&r=g\",\"caption\":\"Ana Teixeira\"}}]}<\/script>\n<!-- \/ Yoast SEO Premium plugin. -->","yoast_head_json":{"title":"Jogador confirma que deseja deixar o Atl\u00e9tico-MG em definitivo","robots":{"index":"index","follow":"follow","max-snippet":"max-snippet:-1","max-image-preview":"max-image-preview:large","max-video-preview":"max-video-preview:-1"},"canonical":"https:\/\/www.gaveanews.com\/index.php\/2025\/02\/04\/jogador-confirma-que-deseja-deixar-o-atletico-mg-em-definitivo-2\/","og_locale":"pt_BR","og_type":"article","og_title":"Jogador confirma que deseja deixar o Atl\u00e9tico-MG em definitivo","og_description":"Informa\u00e7\u00f5es mais recentes indicam um poss\u00edvel interesse do Sport na contrata\u00e7\u00e3o de Igor Gomes, do Atl\u00e9tico-MG. Al\u00e9m de considerar o meio-campista uma boa op\u00e7\u00e3o para reformula\u00e7\u00e3o do elenco, o Le\u00e3o da Ilha tamb\u00e9m se interessa pela admiss\u00edvel libera\u00e7\u00e3o junto ao Galo, visto que o atleta est\u00e1 longe de ser um dos protagonistas do elenco mineiro. [&hellip;]","og_url":"https:\/\/www.gaveanews.com\/index.php\/2025\/02\/04\/jogador-confirma-que-deseja-deixar-o-atletico-mg-em-definitivo-2\/","og_site_name":"G\u00e1vea News","article_publisher":"https:\/\/facebook.com\/gaveaNews\/","article_published_time":"2025-02-04T23:10:00+00:00","og_image":[{"width":1080,"height":720,"url":"https:\/\/www.gaveanews.com\/wp-content\/uploads\/Camisa-do-Atletico-MG.webp","type":"image\/webp"}],"author":"Ana Teixeira","twitter_card":"summary_large_image","twitter_misc":{"Escrito por":"Ana Teixeira","Est. tempo de leitura":"2 minutos"},"schema":{"@context":"https:\/\/schema.org","@graph":[{"@type":"NewsArticle","@id":"https:\/\/www.gaveanews.com\/index.php\/2025\/02\/04\/jogador-confirma-que-deseja-deixar-o-atletico-mg-em-definitivo-2\/#article","isPartOf":{"@id":"https:\/\/www.gaveanews.com\/index.php\/2025\/02\/04\/jogador-confirma-que-deseja-deixar-o-atletico-mg-em-definitivo-2\/"},"author":{"name":"Ana Teixeira","@id":"https:\/\/www.gaveanews.com\/#\/schema\/person\/3b19f7288b0ce20372991275e4f2e6c2"},"headline":"Jogador confirma que deseja deixar o Atl\u00e9tico-MG em definitivo","datePublished":"2025-02-04T23:10:00+00:00","mainEntityOfPage":{"@id":"https:\/\/www.gaveanews.com\/index.php\/2025\/02\/04\/jogador-confirma-que-deseja-deixar-o-atletico-mg-em-definitivo-2\/"},"wordCount":324,"commentCount":0,"image":{"@id":"https:\/\/www.gaveanews.com\/index.php\/2025\/02\/04\/jogador-confirma-que-deseja-deixar-o-atletico-mg-em-definitivo-2\/#primaryimage"},"thumbnailUrl":"https:\/\/www.gaveanews.com\/wp-content\/uploads\/Camisa-do-Atletico-MG.webp","articleSection":["Atl\u00e9tico-MG"],"inLanguage":"pt-BR","potentialAction":[{"@type":"CommentAction","name":"Comment","target":["https:\/\/www.gaveanews.com\/index.php\/2025\/02\/04\/jogador-confirma-que-deseja-deixar-o-atletico-mg-em-definitivo-2\/#respond"]}],"copyrightYear":"2025","copyrightHolder":{"@id":"https:\/\/www.gaveanews.com\/#organization"}},{"@type":"WebPage","@id":"https:\/\/www.gaveanews.com\/index.php\/2025\/02\/04\/jogador-confirma-que-deseja-deixar-o-atletico-mg-em-definitivo-2\/","url":"https:\/\/www.gaveanews.com\/index.php\/2025\/02\/04\/jogador-confirma-que-deseja-deixar-o-atletico-mg-em-definitivo-2\/","name":"Jogador confirma que deseja deixar o Atl\u00e9tico-MG em definitivo","isPartOf":{"@id":"https:\/\/www.gaveanews.com\/#website"},"primaryImageOfPage":{"@id":"https:\/\/www.gaveanews.com\/index.php\/2025\/02\/04\/jogador-confirma-que-deseja-deixar-o-atletico-mg-em-definitivo-2\/#primaryimage"},"image":{"@id":"https:\/\/www.gaveanews.com\/index.php\/2025\/02\/04\/jogador-confirma-que-deseja-deixar-o-atletico-mg-em-definitivo-2\/#primaryimage"},"thumbnailUrl":"https:\/\/www.gaveanews.com\/wp-content\/uploads\/Camisa-do-Atletico-MG.webp","datePublished":"2025-02-04T23:10:00+00:00","author":{"@id":"https:\/\/www.gaveanews.com\/#\/schema\/person\/3b19f7288b0ce20372991275e4f2e6c2"},"breadcrumb":{"@id":"https:\/\/www.gaveanews.com\/index.php\/2025\/02\/04\/jogador-confirma-que-deseja-deixar-o-atletico-mg-em-definitivo-2\/#breadcrumb"},"inLanguage":"pt-BR","potentialAction":[{"@type":"ReadAction","target":["https:\/\/www.gaveanews.com\/index.php\/2025\/02\/04\/jogador-confirma-que-deseja-deixar-o-atletico-mg-em-definitivo-2\/"]}]},{"@type":"ImageObject","inLanguage":"pt-BR","@id":"https:\/\/www.gaveanews.com\/index.php\/2025\/02\/04\/jogador-confirma-que-deseja-deixar-o-atletico-mg-em-definitivo-2\/#primaryimage","url":"https:\/\/www.gaveanews.com\/wp-content\/uploads\/Camisa-do-Atletico-MG.webp","contentUrl":"https:\/\/www.gaveanews.com\/wp-content\/uploads\/Camisa-do-Atletico-MG.webp","width":1080,"height":720,"caption":"Camisa do Atl\u00e9tico-MG (Foto: Reprodu\u00e7\u00e3o\/Instagram)"},{"@type":"BreadcrumbList","@id":"https:\/\/www.gaveanews.com\/index.php\/2025\/02\/04\/jogador-confirma-que-deseja-deixar-o-atletico-mg-em-definitivo-2\/#breadcrumb","itemListElement":[{"@type":"ListItem","position":1,"name":"Home","item":"https:\/\/www.gaveanews.com\/"},{"@type":"ListItem","position":2,"name":"Jogador confirma que deseja deixar o Atl\u00e9tico-MG em definitivo"}]},{"@type":"WebSite","@id":"https:\/\/www.gaveanews.com\/#website","url":"https:\/\/www.gaveanews.com\/","name":"G\u00e1vea News","description":"Veja todas as not\u00edcias sobre o Flamengo: Contrata\u00e7\u00f5es, categorias de base, resultados das partidas, tabela de classifica\u00e7\u00e3o, pr\u00f3ximos jogos!","potentialAction":[{"@type":"SearchAction","target":{"@type":"EntryPoint","urlTemplate":"https:\/\/www.gaveanews.com\/?s={search_term_string}"},"query-input":{"@type":"PropertyValueSpecification","valueRequired":true,"valueName":"search_term_string"}}],"inLanguage":"pt-BR"},{"@type":"Person","@id":"https:\/\/www.gaveanews.com\/#\/schema\/person\/3b19f7288b0ce20372991275e4f2e6c2","name":"Ana Teixeira","image":{"@type":"ImageObject","inLanguage":"pt-BR","@id":"https:\/\/www.gaveanews.com\/#\/schema\/person\/image\/","url":"https:\/\/secure.gravatar.com\/avatar\/0a73f5a5258f3fed37fc2fa641892f3f7a4748456d4d4792f9bc550e6c19e06c?s=96&d=mm&r=g","contentUrl":"https:\/\/secure.gravatar.com\/avatar\/0a73f5a5258f3fed37fc2fa641892f3f7a4748456d4d4792f9bc550e6c19e06c?s=96&d=mm&r=g","caption":"Ana Teixeira"}}]}},"_links":{"self":[{"href":"https:\/\/www.gaveanews.com\/index.php\/wp-json\/wp\/v2\/posts\/223156","targetHints":{"allow":["GET"]}}],"collection":[{"href":"https:\/\/www.gaveanews.com\/index.php\/wp-json\/wp\/v2\/posts"}],"about":[{"href":"https:\/\/www.gaveanews.com\/index.php\/wp-json\/wp\/v2\/types\/post"}],"author":[{"embeddable":true,"href":"https:\/\/www.gaveanews.com\/index.php\/wp-json\/wp\/v2\/users\/30"}],"replies":[{"embeddable":true,"href":"https:\/\/www.gaveanews.com\/index.php\/wp-json\/wp\/v2\/comments?post=223156"}],"version-history":[{"count":1,"href":"https:\/\/www.gaveanews.com\/index.php\/wp-json\/wp\/v2\/posts\/223156\/revisions"}],"predecessor-version":[{"id":223157,"href":"https:\/\/www.gaveanews.com\/index.php\/wp-json\/wp\/v2\/posts\/223156\/revisions\/223157"}],"wp:featuredmedia":[{"embeddable":true,"href":"https:\/\/www.gaveanews.com\/index.php\/wp-json\/wp\/v2\/media\/157061"}],"wp:attachment":[{"href":"https:\/\/www.gaveanews.com\/index.php\/wp-json\/wp\/v2\/media?parent=223156"}],"wp:term":[{"taxonomy":"category","embeddable":true,"href":"https:\/\/www.gaveanews.com\/index.php\/wp-json\/wp\/v2\/categories?post=223156"},{"taxonomy":"post_tag","embeddable":true,"href":"https:\/\/www.gaveanews.com\/index.php\/wp-json\/wp\/v2\/tags?post=223156"}],"curies":[{"name":"wp","href":"https:\/\/api.w.org\/{rel}","templated":true}]}}