{"id":223160,"date":"2025-02-04T21:05:00","date_gmt":"2025-02-05T00:05:00","guid":{"rendered":"https:\/\/www.gaveanews.com\/?p=223160"},"modified":"2025-02-04T20:32:44","modified_gmt":"2025-02-04T23:32:44","slug":"video-a-declaracao-de-andre-rizek-direcionada-a-cristiano-ronaldo","status":"publish","type":"post","link":"https:\/\/www.gaveanews.com\/index.php\/2025\/02\/04\/video-a-declaracao-de-andre-rizek-direcionada-a-cristiano-ronaldo\/","title":{"rendered":"V\u00eddeo: a declara\u00e7\u00e3o de Andr\u00e9 Rizek direcionada a Cristiano Ronaldo"},"content":{"rendered":"\n<p>Andr\u00e9 Rizek repercutiu a declara\u00e7\u00e3o de Cristiano Ronaldo na qual ele se coloca como o melhor e mais completo jogador da hist\u00f3ria do futebol. O jornalista do Grupo Globo ponderou com tom de cr\u00edtica, delimitando que o portugu\u00eas pode sim ser tudo isso, mas apenas na Europa.<\/p>\n\n\n\n<p>\u201cCristiano Ronaldo, no alto de sua imod\u00e9stia absoluta, disse ter certeza que \u00e9 o maior jogador da hist\u00f3ria. O argumento que o portugu\u00eas usou \u00e9 que ele \u00e9 o mais completo: chuta bem com os dois p\u00e9s, cabeceia bem para caramba, bate falta. Ningu\u00e9m, segundo ele, foi mais completo que Cristiano Ronaldo. Ele tem raz\u00e3o, mas faltou dizer que ele \u00e9 o maior e mais completo jogador da Europa. T\u00eam alguns sul-americanos ainda na frente do portugu\u00eas\u201d, iniciou.<\/p>\n\n\n\n<p>Cristiano Ronaldo j\u00e1 marcou 923 gols em toda a carreira e segue em busca do 1000\u00b0 gol, jogando pelo Al-Nassr, da Ar\u00e1bia Saudita, e ainda pela Sele\u00e7\u00e3o Portuguesa. No v\u00eddeo, Andr\u00e9 Rizek elenca a forma e quantidade de vezes que o portugu\u00eas balan\u00e7ou as redes. Mas afirma que apesar dos n\u00fameros, Pel\u00e9 fez tudo isso, mas com um encantamento maior.<\/p>\n\n\n\n<p>\u201cTudo o que ele diz fazer dele \u00e9 mais completo, o Pel\u00e9 fez antes e com o selo Pel\u00e9 de qualidade. Ent\u00e3o, no topo, vou colocar o Pel\u00e9 e n\u00e3o se discute esse quesito para mim. O mais completo e maior \u00e9 o Pel\u00e9. O Pel\u00e9 inclusive \u00e9 a fus\u00e3o da genialidade do Messi com o lado m\u00e1quina, atleta m\u00e1quina que \u00e9 o Cristiano\u201d, continuou.<\/p>\n\n\n\n<p>Na discuss\u00e3o sobre quem \u00e9 maior ou melhor da hist\u00f3ria, o jornalista escolheu, al\u00e9m do tricampe\u00e3o mundial, outros quatro atletas.<\/p>\n\n\n\n<p>\u201cO Cristiano \u00e9 o maior da hist\u00f3ria? Da Europa, eu acho que n\u00e3o se discute. Mas, o mundo \u00e9 maior que a Europa. Pel\u00e9 no topo, em segundo Messi, em terceiro Maradona. Ronaldo e Garrincha eu tenho dificuldade em estabelecer a ordem e a\u00ed vem o Cristiano na sexta posi\u00e7\u00e3o\u201d, finalizou.<\/p>\n\n\n\n<blockquote class=\"twitter-tweet\" data-media-max-width=\"560\"><p lang=\"pt\" dir=\"ltr\">&quot;Cristiano Ronaldo n\u00e3o \u00e9 nem o mais completo da hist\u00f3ria&quot;, diz Andr\u00e9 Rizek. Concorda? <a href=\"https:\/\/t.co\/sdAQCUmrFk\">pic.twitter.com\/sdAQCUmrFk<\/a><\/p>&mdash; ge (@geglobo) <a href=\"https:\/\/twitter.com\/geglobo\/status\/1886812581928583328?ref_src=twsrc%5Etfw\">February 4, 2025<\/a><\/blockquote> <script async src=\"https:\/\/platform.twitter.com\/widgets.js\" charset=\"utf-8\"><\/script>\n\n\n\n<h2 class=\"wp-block-heading\" id=\"h-o-que-cristiano-ronaldo-disse\">O que Cristiano Ronaldo disse?<\/h2>\n\n\n\n<p>\u201cEu fa\u00e7o tudo no futebol. Sou bom de cabe\u00e7a, bato bem faltas, chuto bem de esquerda, sou r\u00e1pido, sou forte. Uma coisa s\u00e3o gostos, uns gostam mais de Messi, Pel\u00e9 ou Maradona. Eu entendo isso, e respeito. Mas dizer que Cristiano n\u00e3o \u00e9 completo \u00e9 mentira. Sou o mais completo\u201d, declarou em entrevista ao programa espanhol \u201cLa Sexta\u201d<\/p>\n","protected":false},"excerpt":{"rendered":"<p>Andr\u00e9 Rizek repercutiu a declara\u00e7\u00e3o de Cristiano Ronaldo na qual ele se coloca como o melhor e mais completo jogador da hist\u00f3ria do futebol. O jornalista do Grupo Globo ponderou com tom de cr\u00edtica, delimitando que o portugu\u00eas pode sim ser tudo isso, mas apenas na Europa. \u201cCristiano Ronaldo, no alto de sua imod\u00e9stia absoluta, [&hellip;]<\/p>\n","protected":false},"author":29,"featured_media":167469,"comment_status":"open","ping_status":"closed","sticky":false,"template":"","format":"standard","meta":{"footnotes":""},"categories":[246,496],"tags":[],"class_list":["post-223160","post","type-post","status-publish","format-standard","has-post-thumbnail","hentry","category-al-nassr","category-portugal"],"yoast_head":"<!-- This site is optimized with the Yoast SEO Premium plugin v24.2 (Yoast SEO v26.9) - https:\/\/yoast.com\/product\/yoast-seo-premium-wordpress\/ -->\n<title>V\u00eddeo: a declara\u00e7\u00e3o de Andr\u00e9 Rizek direcionada a Cristiano Ronaldo<\/title>\n<meta name=\"robots\" content=\"index, follow, max-snippet:-1, max-image-preview:large, max-video-preview:-1\" \/>\n<link rel=\"canonical\" href=\"https:\/\/www.gaveanews.com\/index.php\/2025\/02\/04\/video-a-declaracao-de-andre-rizek-direcionada-a-cristiano-ronaldo\/\" \/>\n<meta property=\"og:locale\" content=\"pt_BR\" \/>\n<meta property=\"og:type\" content=\"article\" \/>\n<meta property=\"og:title\" content=\"V\u00eddeo: a declara\u00e7\u00e3o de Andr\u00e9 Rizek direcionada a Cristiano Ronaldo\" \/>\n<meta property=\"og:description\" content=\"Andr\u00e9 Rizek repercutiu a declara\u00e7\u00e3o de Cristiano Ronaldo na qual ele se coloca como o melhor e mais completo jogador da hist\u00f3ria do futebol. O jornalista do Grupo Globo ponderou com tom de cr\u00edtica, delimitando que o portugu\u00eas pode sim ser tudo isso, mas apenas na Europa. \u201cCristiano Ronaldo, no alto de sua imod\u00e9stia absoluta, [&hellip;]\" \/>\n<meta property=\"og:url\" content=\"https:\/\/www.gaveanews.com\/index.php\/2025\/02\/04\/video-a-declaracao-de-andre-rizek-direcionada-a-cristiano-ronaldo\/\" \/>\n<meta property=\"og:site_name\" content=\"G\u00e1vea News\" \/>\n<meta property=\"article:publisher\" content=\"https:\/\/facebook.com\/gaveaNews\/\" \/>\n<meta property=\"article:published_time\" content=\"2025-02-05T00:05:00+00:00\" \/>\n<meta property=\"og:image\" content=\"https:\/\/www.gaveanews.com\/wp-content\/uploads\/Cristiano-Ronaldo-com-a-camisa-do-Al-Nassr-em-2024.webp\" \/>\n\t<meta property=\"og:image:width\" content=\"1397\" \/>\n\t<meta property=\"og:image:height\" content=\"931\" \/>\n\t<meta property=\"og:image:type\" content=\"image\/webp\" \/>\n<meta name=\"author\" content=\"Marco Menezes\" \/>\n<meta name=\"twitter:card\" content=\"summary_large_image\" \/>\n<meta name=\"twitter:label1\" content=\"Escrito por\" \/>\n\t<meta name=\"twitter:data1\" content=\"Marco Menezes\" \/>\n\t<meta name=\"twitter:label2\" content=\"Est. tempo de leitura\" \/>\n\t<meta name=\"twitter:data2\" content=\"3 minutos\" \/>\n<script type=\"application\/ld+json\" class=\"yoast-schema-graph\">{\"@context\":\"https:\/\/schema.org\",\"@graph\":[{\"@type\":\"NewsArticle\",\"@id\":\"https:\/\/www.gaveanews.com\/index.php\/2025\/02\/04\/video-a-declaracao-de-andre-rizek-direcionada-a-cristiano-ronaldo\/#article\",\"isPartOf\":{\"@id\":\"https:\/\/www.gaveanews.com\/index.php\/2025\/02\/04\/video-a-declaracao-de-andre-rizek-direcionada-a-cristiano-ronaldo\/\"},\"author\":{\"name\":\"Marco Menezes\",\"@id\":\"https:\/\/www.gaveanews.com\/#\/schema\/person\/a9f62fe75380c6bada1b2fc49bc23d69\"},\"headline\":\"V\u00eddeo: a declara\u00e7\u00e3o de Andr\u00e9 Rizek direcionada a Cristiano Ronaldo\",\"datePublished\":\"2025-02-05T00:05:00+00:00\",\"mainEntityOfPage\":{\"@id\":\"https:\/\/www.gaveanews.com\/index.php\/2025\/02\/04\/video-a-declaracao-de-andre-rizek-direcionada-a-cristiano-ronaldo\/\"},\"wordCount\":441,\"commentCount\":0,\"image\":{\"@id\":\"https:\/\/www.gaveanews.com\/index.php\/2025\/02\/04\/video-a-declaracao-de-andre-rizek-direcionada-a-cristiano-ronaldo\/#primaryimage\"},\"thumbnailUrl\":\"https:\/\/www.gaveanews.com\/wp-content\/uploads\/Cristiano-Ronaldo-com-a-camisa-do-Al-Nassr-em-2024.webp\",\"articleSection\":[\"Al-Nassr\",\"Portugal\"],\"inLanguage\":\"pt-BR\",\"potentialAction\":[{\"@type\":\"CommentAction\",\"name\":\"Comment\",\"target\":[\"https:\/\/www.gaveanews.com\/index.php\/2025\/02\/04\/video-a-declaracao-de-andre-rizek-direcionada-a-cristiano-ronaldo\/#respond\"]}],\"copyrightYear\":\"2025\",\"copyrightHolder\":{\"@id\":\"https:\/\/www.gaveanews.com\/#organization\"}},{\"@type\":\"WebPage\",\"@id\":\"https:\/\/www.gaveanews.com\/index.php\/2025\/02\/04\/video-a-declaracao-de-andre-rizek-direcionada-a-cristiano-ronaldo\/\",\"url\":\"https:\/\/www.gaveanews.com\/index.php\/2025\/02\/04\/video-a-declaracao-de-andre-rizek-direcionada-a-cristiano-ronaldo\/\",\"name\":\"V\u00eddeo: a declara\u00e7\u00e3o de Andr\u00e9 Rizek direcionada a Cristiano Ronaldo\",\"isPartOf\":{\"@id\":\"https:\/\/www.gaveanews.com\/#website\"},\"primaryImageOfPage\":{\"@id\":\"https:\/\/www.gaveanews.com\/index.php\/2025\/02\/04\/video-a-declaracao-de-andre-rizek-direcionada-a-cristiano-ronaldo\/#primaryimage\"},\"image\":{\"@id\":\"https:\/\/www.gaveanews.com\/index.php\/2025\/02\/04\/video-a-declaracao-de-andre-rizek-direcionada-a-cristiano-ronaldo\/#primaryimage\"},\"thumbnailUrl\":\"https:\/\/www.gaveanews.com\/wp-content\/uploads\/Cristiano-Ronaldo-com-a-camisa-do-Al-Nassr-em-2024.webp\",\"datePublished\":\"2025-02-05T00:05:00+00:00\",\"author\":{\"@id\":\"https:\/\/www.gaveanews.com\/#\/schema\/person\/a9f62fe75380c6bada1b2fc49bc23d69\"},\"breadcrumb\":{\"@id\":\"https:\/\/www.gaveanews.com\/index.php\/2025\/02\/04\/video-a-declaracao-de-andre-rizek-direcionada-a-cristiano-ronaldo\/#breadcrumb\"},\"inLanguage\":\"pt-BR\",\"potentialAction\":[{\"@type\":\"ReadAction\",\"target\":[\"https:\/\/www.gaveanews.com\/index.php\/2025\/02\/04\/video-a-declaracao-de-andre-rizek-direcionada-a-cristiano-ronaldo\/\"]}]},{\"@type\":\"ImageObject\",\"inLanguage\":\"pt-BR\",\"@id\":\"https:\/\/www.gaveanews.com\/index.php\/2025\/02\/04\/video-a-declaracao-de-andre-rizek-direcionada-a-cristiano-ronaldo\/#primaryimage\",\"url\":\"https:\/\/www.gaveanews.com\/wp-content\/uploads\/Cristiano-Ronaldo-com-a-camisa-do-Al-Nassr-em-2024.webp\",\"contentUrl\":\"https:\/\/www.gaveanews.com\/wp-content\/uploads\/Cristiano-Ronaldo-com-a-camisa-do-Al-Nassr-em-2024.webp\",\"width\":1397,\"height\":931,\"caption\":\"Cristiano Ronaldo com a camisa do Al Nassr em 2024 (Foto: Reprodu\u00e7\u00e3o\/Al Nassr)\"},{\"@type\":\"BreadcrumbList\",\"@id\":\"https:\/\/www.gaveanews.com\/index.php\/2025\/02\/04\/video-a-declaracao-de-andre-rizek-direcionada-a-cristiano-ronaldo\/#breadcrumb\",\"itemListElement\":[{\"@type\":\"ListItem\",\"position\":1,\"name\":\"Home\",\"item\":\"https:\/\/www.gaveanews.com\/\"},{\"@type\":\"ListItem\",\"position\":2,\"name\":\"V\u00eddeo: a declara\u00e7\u00e3o de Andr\u00e9 Rizek direcionada a Cristiano Ronaldo\"}]},{\"@type\":\"WebSite\",\"@id\":\"https:\/\/www.gaveanews.com\/#website\",\"url\":\"https:\/\/www.gaveanews.com\/\",\"name\":\"G\u00e1vea News\",\"description\":\"Veja todas as not\u00edcias sobre o Flamengo: Contrata\u00e7\u00f5es, categorias de base, resultados das partidas, tabela de classifica\u00e7\u00e3o, pr\u00f3ximos jogos!\",\"potentialAction\":[{\"@type\":\"SearchAction\",\"target\":{\"@type\":\"EntryPoint\",\"urlTemplate\":\"https:\/\/www.gaveanews.com\/?s={search_term_string}\"},\"query-input\":{\"@type\":\"PropertyValueSpecification\",\"valueRequired\":true,\"valueName\":\"search_term_string\"}}],\"inLanguage\":\"pt-BR\"},{\"@type\":\"Person\",\"@id\":\"https:\/\/www.gaveanews.com\/#\/schema\/person\/a9f62fe75380c6bada1b2fc49bc23d69\",\"name\":\"Marco Menezes\",\"image\":{\"@type\":\"ImageObject\",\"inLanguage\":\"pt-BR\",\"@id\":\"https:\/\/www.gaveanews.com\/#\/schema\/person\/image\/\",\"url\":\"https:\/\/secure.gravatar.com\/avatar\/a1d148ae17fc8bfc5dbccffd07979e8bd2c9ba494221779de86ec2c7907b71ec?s=96&d=mm&r=g\",\"contentUrl\":\"https:\/\/secure.gravatar.com\/avatar\/a1d148ae17fc8bfc5dbccffd07979e8bd2c9ba494221779de86ec2c7907b71ec?s=96&d=mm&r=g\",\"caption\":\"Marco Menezes\"}}]}<\/script>\n<!-- \/ Yoast SEO Premium plugin. -->","yoast_head_json":{"title":"V\u00eddeo: a declara\u00e7\u00e3o de Andr\u00e9 Rizek direcionada a Cristiano Ronaldo","robots":{"index":"index","follow":"follow","max-snippet":"max-snippet:-1","max-image-preview":"max-image-preview:large","max-video-preview":"max-video-preview:-1"},"canonical":"https:\/\/www.gaveanews.com\/index.php\/2025\/02\/04\/video-a-declaracao-de-andre-rizek-direcionada-a-cristiano-ronaldo\/","og_locale":"pt_BR","og_type":"article","og_title":"V\u00eddeo: a declara\u00e7\u00e3o de Andr\u00e9 Rizek direcionada a Cristiano Ronaldo","og_description":"Andr\u00e9 Rizek repercutiu a declara\u00e7\u00e3o de Cristiano Ronaldo na qual ele se coloca como o melhor e mais completo jogador da hist\u00f3ria do futebol. O jornalista do Grupo Globo ponderou com tom de cr\u00edtica, delimitando que o portugu\u00eas pode sim ser tudo isso, mas apenas na Europa. \u201cCristiano Ronaldo, no alto de sua imod\u00e9stia absoluta, [&hellip;]","og_url":"https:\/\/www.gaveanews.com\/index.php\/2025\/02\/04\/video-a-declaracao-de-andre-rizek-direcionada-a-cristiano-ronaldo\/","og_site_name":"G\u00e1vea News","article_publisher":"https:\/\/facebook.com\/gaveaNews\/","article_published_time":"2025-02-05T00:05:00+00:00","og_image":[{"width":1397,"height":931,"url":"https:\/\/www.gaveanews.com\/wp-content\/uploads\/Cristiano-Ronaldo-com-a-camisa-do-Al-Nassr-em-2024.webp","type":"image\/webp"}],"author":"Marco Menezes","twitter_card":"summary_large_image","twitter_misc":{"Escrito por":"Marco Menezes","Est. tempo de leitura":"3 minutos"},"schema":{"@context":"https:\/\/schema.org","@graph":[{"@type":"NewsArticle","@id":"https:\/\/www.gaveanews.com\/index.php\/2025\/02\/04\/video-a-declaracao-de-andre-rizek-direcionada-a-cristiano-ronaldo\/#article","isPartOf":{"@id":"https:\/\/www.gaveanews.com\/index.php\/2025\/02\/04\/video-a-declaracao-de-andre-rizek-direcionada-a-cristiano-ronaldo\/"},"author":{"name":"Marco Menezes","@id":"https:\/\/www.gaveanews.com\/#\/schema\/person\/a9f62fe75380c6bada1b2fc49bc23d69"},"headline":"V\u00eddeo: a declara\u00e7\u00e3o de Andr\u00e9 Rizek direcionada a Cristiano Ronaldo","datePublished":"2025-02-05T00:05:00+00:00","mainEntityOfPage":{"@id":"https:\/\/www.gaveanews.com\/index.php\/2025\/02\/04\/video-a-declaracao-de-andre-rizek-direcionada-a-cristiano-ronaldo\/"},"wordCount":441,"commentCount":0,"image":{"@id":"https:\/\/www.gaveanews.com\/index.php\/2025\/02\/04\/video-a-declaracao-de-andre-rizek-direcionada-a-cristiano-ronaldo\/#primaryimage"},"thumbnailUrl":"https:\/\/www.gaveanews.com\/wp-content\/uploads\/Cristiano-Ronaldo-com-a-camisa-do-Al-Nassr-em-2024.webp","articleSection":["Al-Nassr","Portugal"],"inLanguage":"pt-BR","potentialAction":[{"@type":"CommentAction","name":"Comment","target":["https:\/\/www.gaveanews.com\/index.php\/2025\/02\/04\/video-a-declaracao-de-andre-rizek-direcionada-a-cristiano-ronaldo\/#respond"]}],"copyrightYear":"2025","copyrightHolder":{"@id":"https:\/\/www.gaveanews.com\/#organization"}},{"@type":"WebPage","@id":"https:\/\/www.gaveanews.com\/index.php\/2025\/02\/04\/video-a-declaracao-de-andre-rizek-direcionada-a-cristiano-ronaldo\/","url":"https:\/\/www.gaveanews.com\/index.php\/2025\/02\/04\/video-a-declaracao-de-andre-rizek-direcionada-a-cristiano-ronaldo\/","name":"V\u00eddeo: a declara\u00e7\u00e3o de Andr\u00e9 Rizek direcionada a Cristiano Ronaldo","isPartOf":{"@id":"https:\/\/www.gaveanews.com\/#website"},"primaryImageOfPage":{"@id":"https:\/\/www.gaveanews.com\/index.php\/2025\/02\/04\/video-a-declaracao-de-andre-rizek-direcionada-a-cristiano-ronaldo\/#primaryimage"},"image":{"@id":"https:\/\/www.gaveanews.com\/index.php\/2025\/02\/04\/video-a-declaracao-de-andre-rizek-direcionada-a-cristiano-ronaldo\/#primaryimage"},"thumbnailUrl":"https:\/\/www.gaveanews.com\/wp-content\/uploads\/Cristiano-Ronaldo-com-a-camisa-do-Al-Nassr-em-2024.webp","datePublished":"2025-02-05T00:05:00+00:00","author":{"@id":"https:\/\/www.gaveanews.com\/#\/schema\/person\/a9f62fe75380c6bada1b2fc49bc23d69"},"breadcrumb":{"@id":"https:\/\/www.gaveanews.com\/index.php\/2025\/02\/04\/video-a-declaracao-de-andre-rizek-direcionada-a-cristiano-ronaldo\/#breadcrumb"},"inLanguage":"pt-BR","potentialAction":[{"@type":"ReadAction","target":["https:\/\/www.gaveanews.com\/index.php\/2025\/02\/04\/video-a-declaracao-de-andre-rizek-direcionada-a-cristiano-ronaldo\/"]}]},{"@type":"ImageObject","inLanguage":"pt-BR","@id":"https:\/\/www.gaveanews.com\/index.php\/2025\/02\/04\/video-a-declaracao-de-andre-rizek-direcionada-a-cristiano-ronaldo\/#primaryimage","url":"https:\/\/www.gaveanews.com\/wp-content\/uploads\/Cristiano-Ronaldo-com-a-camisa-do-Al-Nassr-em-2024.webp","contentUrl":"https:\/\/www.gaveanews.com\/wp-content\/uploads\/Cristiano-Ronaldo-com-a-camisa-do-Al-Nassr-em-2024.webp","width":1397,"height":931,"caption":"Cristiano Ronaldo com a camisa do Al Nassr em 2024 (Foto: Reprodu\u00e7\u00e3o\/Al Nassr)"},{"@type":"BreadcrumbList","@id":"https:\/\/www.gaveanews.com\/index.php\/2025\/02\/04\/video-a-declaracao-de-andre-rizek-direcionada-a-cristiano-ronaldo\/#breadcrumb","itemListElement":[{"@type":"ListItem","position":1,"name":"Home","item":"https:\/\/www.gaveanews.com\/"},{"@type":"ListItem","position":2,"name":"V\u00eddeo: a declara\u00e7\u00e3o de Andr\u00e9 Rizek direcionada a Cristiano Ronaldo"}]},{"@type":"WebSite","@id":"https:\/\/www.gaveanews.com\/#website","url":"https:\/\/www.gaveanews.com\/","name":"G\u00e1vea News","description":"Veja todas as not\u00edcias sobre o Flamengo: Contrata\u00e7\u00f5es, categorias de base, resultados das partidas, tabela de classifica\u00e7\u00e3o, pr\u00f3ximos jogos!","potentialAction":[{"@type":"SearchAction","target":{"@type":"EntryPoint","urlTemplate":"https:\/\/www.gaveanews.com\/?s={search_term_string}"},"query-input":{"@type":"PropertyValueSpecification","valueRequired":true,"valueName":"search_term_string"}}],"inLanguage":"pt-BR"},{"@type":"Person","@id":"https:\/\/www.gaveanews.com\/#\/schema\/person\/a9f62fe75380c6bada1b2fc49bc23d69","name":"Marco Menezes","image":{"@type":"ImageObject","inLanguage":"pt-BR","@id":"https:\/\/www.gaveanews.com\/#\/schema\/person\/image\/","url":"https:\/\/secure.gravatar.com\/avatar\/a1d148ae17fc8bfc5dbccffd07979e8bd2c9ba494221779de86ec2c7907b71ec?s=96&d=mm&r=g","contentUrl":"https:\/\/secure.gravatar.com\/avatar\/a1d148ae17fc8bfc5dbccffd07979e8bd2c9ba494221779de86ec2c7907b71ec?s=96&d=mm&r=g","caption":"Marco Menezes"}}]}},"_links":{"self":[{"href":"https:\/\/www.gaveanews.com\/index.php\/wp-json\/wp\/v2\/posts\/223160","targetHints":{"allow":["GET"]}}],"collection":[{"href":"https:\/\/www.gaveanews.com\/index.php\/wp-json\/wp\/v2\/posts"}],"about":[{"href":"https:\/\/www.gaveanews.com\/index.php\/wp-json\/wp\/v2\/types\/post"}],"author":[{"embeddable":true,"href":"https:\/\/www.gaveanews.com\/index.php\/wp-json\/wp\/v2\/users\/29"}],"replies":[{"embeddable":true,"href":"https:\/\/www.gaveanews.com\/index.php\/wp-json\/wp\/v2\/comments?post=223160"}],"version-history":[{"count":1,"href":"https:\/\/www.gaveanews.com\/index.php\/wp-json\/wp\/v2\/posts\/223160\/revisions"}],"predecessor-version":[{"id":223162,"href":"https:\/\/www.gaveanews.com\/index.php\/wp-json\/wp\/v2\/posts\/223160\/revisions\/223162"}],"wp:featuredmedia":[{"embeddable":true,"href":"https:\/\/www.gaveanews.com\/index.php\/wp-json\/wp\/v2\/media\/167469"}],"wp:attachment":[{"href":"https:\/\/www.gaveanews.com\/index.php\/wp-json\/wp\/v2\/media?parent=223160"}],"wp:term":[{"taxonomy":"category","embeddable":true,"href":"https:\/\/www.gaveanews.com\/index.php\/wp-json\/wp\/v2\/categories?post=223160"},{"taxonomy":"post_tag","embeddable":true,"href":"https:\/\/www.gaveanews.com\/index.php\/wp-json\/wp\/v2\/tags?post=223160"}],"curies":[{"name":"wp","href":"https:\/\/api.w.org\/{rel}","templated":true}]}}