{"id":223164,"date":"2025-02-04T21:10:00","date_gmt":"2025-02-05T00:10:00","guid":{"rendered":"https:\/\/www.gaveanews.com\/?p=223164"},"modified":"2025-02-04T20:33:25","modified_gmt":"2025-02-04T23:33:25","slug":"video-denilson-invade-programa-da-rede-globo-e-viraliza","status":"publish","type":"post","link":"https:\/\/www.gaveanews.com\/index.php\/2025\/02\/04\/video-denilson-invade-programa-da-rede-globo-e-viraliza\/","title":{"rendered":"V\u00eddeo: Den\u00edlson invade programa da Rede Globo e viraliza"},"content":{"rendered":"\n<p>Uma das primeiras apari\u00e7\u00f5es de Den\u00edlson como comentarista esportivo da Globo ocorreu por meio de uma &#8216;invas\u00e3o&#8217; e terminou com um recado direcionado ao Santos de Neymar. O ex-jogador fez uma breve &#8211; e inesperada &#8211; participa\u00e7\u00e3o no &#8216;Reda\u00e7\u00e3o SporTV&#8217; desta ter\u00e7a-feira, 4, e j\u00e1 trocou figurinhas com o jornalista Luiz Teixeira.<\/p>\n\n\n\n<p>O pentacampe\u00e3o brincou sobre a chegada de helic\u00f3ptero, em alus\u00e3o ao primeiro treino de Neymar no Santos, e falou sobre os primeiros dias de casa nova. Vale destacar que Den\u00edlson assinou com a Globo no in\u00edcio deste ano, ap\u00f3s mais de uma d\u00e9cada na Band.<\/p>\n\n\n\n<p>&#8220;Ainda n\u00e3o [andei no helic\u00f3ptero do Neymar]. S\u00f3 no avi\u00e3o. N\u00e3o tenho helic\u00f3ptero, s\u00f3 na cabeceira [risos], mas tenho crach\u00e1 da Globo. Agora estou de crach\u00e1. A recep\u00e7\u00e3o tem sido maravilhosa! Tem sido \u00f3tima essa minha chegada&#8221;, disse o comentarista.<\/p>\n\n\n\n<p>O papo prosseguiu, e Den\u00edlson tamb\u00e9m comentou sobre a possibilidade de um treino aberto do Santos. O comunicador se mostrou entusiasta da ideia principalmente pela mobiliza\u00e7\u00e3o em torno da volta de Neymar.<\/p>\n\n\n\n<p>&#8220;Nossa! Quantos anos n\u00e3o tem um treino aberto l\u00e1 [na Vila Belmiro]? Acho que desde minha \u00e9poca, em 95 ou 96, por ai. Tinha que voltar isso a\u00ed&#8221;, completou.<\/p>\n\n\n\n<blockquote class=\"twitter-tweet\" data-media-max-width=\"560\"><p lang=\"pt\" dir=\"ltr\">Plim plim, agora t\u00f4 at\u00e9 de cracha hein!! <a href=\"https:\/\/t.co\/llXOzepEx5\">pic.twitter.com\/llXOzepEx5<\/a><\/p>&mdash; Denilson Show (@denilsonshow) <a href=\"https:\/\/twitter.com\/denilsonshow\/status\/1886784691480461720?ref_src=twsrc%5Etfw\">February 4, 2025<\/a><\/blockquote> <script async src=\"https:\/\/platform.twitter.com\/widgets.js\" charset=\"utf-8\"><\/script>\n\n\n\n<h2 class=\"wp-block-heading\" id=\"h-reforco-da-globo\">Refor\u00e7o da Globo<\/h2>\n\n\n\n<p>A emissora oficializou a chegada do refor\u00e7o no dia 6 de janeiro, como parte da equipe de tr\u00eas exibi\u00e7\u00f5es do canal &#8211; incluindo uma programa\u00e7\u00e3o in\u00e9dita na grade. &#8220;Comentarista far\u00e1 parte do novo programa do SporTV, da edi\u00e7\u00e3o paulista do Globo Esporte e da cobertura dos jogos da sele\u00e7\u00e3o brasileira&#8221;.<\/p>\n\n\n\n<p>O Grupo Globo promoveu uma reformula\u00e7\u00e3o no time de comentaristas e jornalistas esportivos para 2025. A ideia da emissora \u00e9 ampliar o dom\u00ednio em rela\u00e7\u00e3o \u00e0s concorrentes, principalmente nos canais fechados &#8211; caso do SporTV. J\u00e1 na TV aberta, o pentacampe\u00e3o formar\u00e1 time com outro rec\u00e9m-chegado \u00e0 edi\u00e7\u00e3o paulista do Globo Esporte: Fred Bruno.<\/p>\n\n\n\n<blockquote class=\"instagram-media\" data-instgrm-captioned data-instgrm-permalink=\"https:\/\/www.instagram.com\/reel\/DFqmkp8vpS5\/?utm_source=ig_embed&amp;utm_campaign=loading\" data-instgrm-version=\"14\" style=\" background:#FFF; border:0; border-radius:3px; box-shadow:0 0 1px 0 rgba(0,0,0,0.5),0 1px 10px 0 rgba(0,0,0,0.15); margin: 1px; max-width:540px; min-width:326px; padding:0; width:99.375%; width:-webkit-calc(100% - 2px); width:calc(100% - 2px);\"><div style=\"padding:16px;\"> <a href=\"https:\/\/www.instagram.com\/reel\/DFqmkp8vpS5\/?utm_source=ig_embed&amp;utm_campaign=loading\" style=\" background:#FFFFFF; line-height:0; padding:0 0; text-align:center; text-decoration:none; width:100%;\" target=\"_blank\"> <div style=\" display: flex; flex-direction: row; align-items: center;\"> <div style=\"background-color: #F4F4F4; border-radius: 50%; flex-grow: 0; height: 40px; margin-right: 14px; width: 40px;\"><\/div> <div style=\"display: flex; flex-direction: column; flex-grow: 1; justify-content: center;\"> <div style=\" background-color: #F4F4F4; border-radius: 4px; flex-grow: 0; height: 14px; margin-bottom: 6px; width: 100px;\"><\/div> <div style=\" background-color: #F4F4F4; border-radius: 4px; flex-grow: 0; height: 14px; width: 60px;\"><\/div><\/div><\/div><div style=\"padding: 19% 0;\"><\/div> <div style=\"display:block; height:50px; margin:0 auto 12px; width:50px;\"><svg width=\"50px\" height=\"50px\" viewBox=\"0 0 60 60\" version=\"1.1\" xmlns=\"https:\/\/www.w3.org\/2000\/svg\" xmlns:xlink=\"https:\/\/www.w3.org\/1999\/xlink\"><g stroke=\"none\" stroke-width=\"1\" fill=\"none\" fill-rule=\"evenodd\"><g transform=\"translate(-511.000000, -20.000000)\" fill=\"#000000\"><g><path d=\"M556.869,30.41 C554.814,30.41 553.148,32.076 553.148,34.131 C553.148,36.186 554.814,37.852 556.869,37.852 C558.924,37.852 560.59,36.186 560.59,34.131 C560.59,32.076 558.924,30.41 556.869,30.41 M541,60.657 C535.114,60.657 530.342,55.887 530.342,50 C530.342,44.114 535.114,39.342 541,39.342 C546.887,39.342 551.658,44.114 551.658,50 C551.658,55.887 546.887,60.657 541,60.657 M541,33.886 C532.1,33.886 524.886,41.1 524.886,50 C524.886,58.899 532.1,66.113 541,66.113 C549.9,66.113 557.115,58.899 557.115,50 C557.115,41.1 549.9,33.886 541,33.886 M565.378,62.101 C565.244,65.022 564.756,66.606 564.346,67.663 C563.803,69.06 563.154,70.057 562.106,71.106 C561.058,72.155 560.06,72.803 558.662,73.347 C557.607,73.757 556.021,74.244 553.102,74.378 C549.944,74.521 548.997,74.552 541,74.552 C533.003,74.552 532.056,74.521 528.898,74.378 C525.979,74.244 524.393,73.757 523.338,73.347 C521.94,72.803 520.942,72.155 519.894,71.106 C518.846,70.057 518.197,69.06 517.654,67.663 C517.244,66.606 516.755,65.022 516.623,62.101 C516.479,58.943 516.448,57.996 516.448,50 C516.448,42.003 516.479,41.056 516.623,37.899 C516.755,34.978 517.244,33.391 517.654,32.338 C518.197,30.938 518.846,29.942 519.894,28.894 C520.942,27.846 521.94,27.196 523.338,26.654 C524.393,26.244 525.979,25.756 528.898,25.623 C532.057,25.479 533.004,25.448 541,25.448 C548.997,25.448 549.943,25.479 553.102,25.623 C556.021,25.756 557.607,26.244 558.662,26.654 C560.06,27.196 561.058,27.846 562.106,28.894 C563.154,29.942 563.803,30.938 564.346,32.338 C564.756,33.391 565.244,34.978 565.378,37.899 C565.522,41.056 565.552,42.003 565.552,50 C565.552,57.996 565.522,58.943 565.378,62.101 M570.82,37.631 C570.674,34.438 570.167,32.258 569.425,30.349 C568.659,28.377 567.633,26.702 565.965,25.035 C564.297,23.368 562.623,22.342 560.652,21.575 C558.743,20.834 556.562,20.326 553.369,20.18 C550.169,20.033 549.148,20 541,20 C532.853,20 531.831,20.033 528.631,20.18 C525.438,20.326 523.257,20.834 521.349,21.575 C519.376,22.342 517.703,23.368 516.035,25.035 C514.368,26.702 513.342,28.377 512.574,30.349 C511.834,32.258 511.326,34.438 511.181,37.631 C511.035,40.831 511,41.851 511,50 C511,58.147 511.035,59.17 511.181,62.369 C511.326,65.562 511.834,67.743 512.574,69.651 C513.342,71.625 514.368,73.296 516.035,74.965 C517.703,76.634 519.376,77.658 521.349,78.425 C523.257,79.167 525.438,79.673 528.631,79.82 C531.831,79.965 532.853,80.001 541,80.001 C549.148,80.001 550.169,79.965 553.369,79.82 C556.562,79.673 558.743,79.167 560.652,78.425 C562.623,77.658 564.297,76.634 565.965,74.965 C567.633,73.296 568.659,71.625 569.425,69.651 C570.167,67.743 570.674,65.562 570.82,62.369 C570.966,59.17 571,58.147 571,50 C571,41.851 570.966,40.831 570.82,37.631\"><\/path><\/g><\/g><\/g><\/svg><\/div><div style=\"padding-top: 8px;\"> <div style=\" color:#3897f0; font-family:Arial,sans-serif; font-size:14px; font-style:normal; font-weight:550; line-height:18px;\">Ver essa foto no Instagram<\/div><\/div><div style=\"padding: 12.5% 0;\"><\/div> <div style=\"display: flex; flex-direction: row; margin-bottom: 14px; align-items: center;\"><div> <div style=\"background-color: #F4F4F4; border-radius: 50%; height: 12.5px; width: 12.5px; transform: translateX(0px) translateY(7px);\"><\/div> <div style=\"background-color: #F4F4F4; height: 12.5px; transform: rotate(-45deg) translateX(3px) translateY(1px); width: 12.5px; flex-grow: 0; margin-right: 14px; margin-left: 2px;\"><\/div> <div style=\"background-color: #F4F4F4; border-radius: 50%; height: 12.5px; width: 12.5px; transform: translateX(9px) translateY(-18px);\"><\/div><\/div><div style=\"margin-left: 8px;\"> <div style=\" background-color: #F4F4F4; border-radius: 50%; flex-grow: 0; height: 20px; width: 20px;\"><\/div> <div style=\" width: 0; height: 0; border-top: 2px solid transparent; border-left: 6px solid #f4f4f4; border-bottom: 2px solid transparent; transform: translateX(16px) translateY(-4px) rotate(30deg)\"><\/div><\/div><div style=\"margin-left: auto;\"> <div style=\" width: 0px; border-top: 8px solid #F4F4F4; border-right: 8px solid transparent; transform: translateY(16px);\"><\/div> <div style=\" background-color: #F4F4F4; flex-grow: 0; height: 12px; width: 16px; transform: translateY(-4px);\"><\/div> <div style=\" width: 0; height: 0; border-top: 8px solid #F4F4F4; border-left: 8px solid transparent; transform: translateY(-4px) translateX(8px);\"><\/div><\/div><\/div> <div style=\"display: flex; flex-direction: column; flex-grow: 1; justify-content: center; margin-bottom: 24px;\"> <div style=\" background-color: #F4F4F4; border-radius: 4px; flex-grow: 0; height: 14px; margin-bottom: 6px; width: 224px;\"><\/div> <div style=\" background-color: #F4F4F4; border-radius: 4px; flex-grow: 0; height: 14px; width: 144px;\"><\/div><\/div><\/a><p style=\" color:#c9c8cd; font-family:Arial,sans-serif; font-size:14px; line-height:17px; margin-bottom:0; margin-top:8px; overflow:hidden; padding:8px 0 7px; text-align:center; text-overflow:ellipsis; white-space:nowrap;\"><a href=\"https:\/\/www.instagram.com\/reel\/DFqmkp8vpS5\/?utm_source=ig_embed&amp;utm_campaign=loading\" style=\" color:#c9c8cd; font-family:Arial,sans-serif; font-size:14px; font-style:normal; font-weight:normal; line-height:17px; text-decoration:none;\" target=\"_blank\">Uma publica\u00e7\u00e3o compartilhada por Fred Bruno (@fred)<\/a><\/p><\/div><\/blockquote>\n<script async src=\"\/\/www.instagram.com\/embed.js\"><\/script>\n\n\n\n<p>&#8220;Estou muito honrado. Nestes quase 15 anos de carreira, tive o desafio de encontrar um equil\u00edbrio entre as brincadeiras e a informa\u00e7\u00e3o, acho que consegui alcan\u00e7ar, comentando e informando de maneira leve e bem-humorada. Agora estou concretizando o objetivo de trabalhar no maior grupo de comunica\u00e7\u00e3o do pa\u00eds. A forma como eu estou sendo recebido tem me deixado bastante seguro, confiante e com muita vontade de continuar evoluindo&#8221;, celebrou Den\u00edlson em seu an\u00fancio.<\/p>\n\n\n\n<p>O ex-jogador alegou para necessidade de &#8220;novos ares&#8221; e de &#8220;tempinho para respirar&#8221; em sua despedida da Band. Den\u00edlson formou dupla com a apresentadora Renata Fan, no &#8216;Jogo Aberto, por 14 anos.<\/p>\n\n\n\n<p>&#8220;Tenho certeza de que vou crescer muito como comunicador aqui, esse \u00e9 o meu grande objetivo. Eu come\u00e7o um novo caminho, uma nova hist\u00f3ria e estou cheio de expectativas. N\u00e3o tem lugar melhor para poder dar esse salto profissional, continuar a evoluir e aprender. Ent\u00e3o \u00e9 unir conhecimento, for\u00e7as e fazer um grande 2025&#8221;, completou o comentarista da Globo.<\/p>\n","protected":false},"excerpt":{"rendered":"<p>Uma das primeiras apari\u00e7\u00f5es de Den\u00edlson como comentarista esportivo da Globo ocorreu por meio de uma &#8216;invas\u00e3o&#8217; e terminou com um recado direcionado ao Santos de Neymar. O ex-jogador fez uma breve &#8211; e inesperada &#8211; participa\u00e7\u00e3o no &#8216;Reda\u00e7\u00e3o SporTV&#8217; desta ter\u00e7a-feira, 4, e j\u00e1 trocou figurinhas com o jornalista Luiz Teixeira. O pentacampe\u00e3o brincou [&hellip;]<\/p>\n","protected":false},"author":30,"featured_media":142066,"comment_status":"open","ping_status":"closed","sticky":false,"template":"","format":"standard","meta":{"footnotes":""},"categories":[81,47],"tags":[],"class_list":["post-223164","post","type-post","status-publish","format-standard","has-post-thumbnail","hentry","category-celebridades","category-destaques"],"yoast_head":"<!-- This site is optimized with the Yoast SEO Premium plugin v24.2 (Yoast SEO v26.9) - https:\/\/yoast.com\/product\/yoast-seo-premium-wordpress\/ -->\n<title>V\u00eddeo: Den\u00edlson invade programa da Rede Globo e viraliza<\/title>\n<meta name=\"robots\" content=\"index, follow, max-snippet:-1, max-image-preview:large, max-video-preview:-1\" \/>\n<link rel=\"canonical\" href=\"https:\/\/www.gaveanews.com\/index.php\/2025\/02\/04\/video-denilson-invade-programa-da-rede-globo-e-viraliza\/\" \/>\n<meta property=\"og:locale\" content=\"pt_BR\" \/>\n<meta property=\"og:type\" content=\"article\" \/>\n<meta property=\"og:title\" content=\"V\u00eddeo: Den\u00edlson invade programa da Rede Globo e viraliza\" \/>\n<meta property=\"og:description\" content=\"Uma das primeiras apari\u00e7\u00f5es de Den\u00edlson como comentarista esportivo da Globo ocorreu por meio de uma &#8216;invas\u00e3o&#8217; e terminou com um recado direcionado ao Santos de Neymar. O ex-jogador fez uma breve &#8211; e inesperada &#8211; participa\u00e7\u00e3o no &#8216;Reda\u00e7\u00e3o SporTV&#8217; desta ter\u00e7a-feira, 4, e j\u00e1 trocou figurinhas com o jornalista Luiz Teixeira. O pentacampe\u00e3o brincou [&hellip;]\" \/>\n<meta property=\"og:url\" content=\"https:\/\/www.gaveanews.com\/index.php\/2025\/02\/04\/video-denilson-invade-programa-da-rede-globo-e-viraliza\/\" \/>\n<meta property=\"og:site_name\" content=\"G\u00e1vea News\" \/>\n<meta property=\"article:publisher\" content=\"https:\/\/facebook.com\/gaveaNews\/\" \/>\n<meta property=\"article:published_time\" content=\"2025-02-05T00:10:00+00:00\" \/>\n<meta property=\"og:image\" content=\"https:\/\/www.gaveanews.com\/wp-content\/uploads\/denilson-ex-jogador.webp\" \/>\n\t<meta property=\"og:image:width\" content=\"729\" \/>\n\t<meta property=\"og:image:height\" content=\"400\" \/>\n\t<meta property=\"og:image:type\" content=\"image\/jpeg\" \/>\n<meta name=\"author\" content=\"Ana Teixeira\" \/>\n<meta name=\"twitter:card\" content=\"summary_large_image\" \/>\n<meta name=\"twitter:label1\" content=\"Escrito por\" \/>\n\t<meta name=\"twitter:data1\" content=\"Ana Teixeira\" \/>\n\t<meta name=\"twitter:label2\" content=\"Est. tempo de leitura\" \/>\n\t<meta name=\"twitter:data2\" content=\"3 minutos\" \/>\n<script type=\"application\/ld+json\" class=\"yoast-schema-graph\">{\"@context\":\"https:\/\/schema.org\",\"@graph\":[{\"@type\":\"NewsArticle\",\"@id\":\"https:\/\/www.gaveanews.com\/index.php\/2025\/02\/04\/video-denilson-invade-programa-da-rede-globo-e-viraliza\/#article\",\"isPartOf\":{\"@id\":\"https:\/\/www.gaveanews.com\/index.php\/2025\/02\/04\/video-denilson-invade-programa-da-rede-globo-e-viraliza\/\"},\"author\":{\"name\":\"Ana Teixeira\",\"@id\":\"https:\/\/www.gaveanews.com\/#\/schema\/person\/3b19f7288b0ce20372991275e4f2e6c2\"},\"headline\":\"V\u00eddeo: Den\u00edlson invade programa da Rede Globo e viraliza\",\"datePublished\":\"2025-02-05T00:10:00+00:00\",\"mainEntityOfPage\":{\"@id\":\"https:\/\/www.gaveanews.com\/index.php\/2025\/02\/04\/video-denilson-invade-programa-da-rede-globo-e-viraliza\/\"},\"wordCount\":548,\"commentCount\":0,\"image\":{\"@id\":\"https:\/\/www.gaveanews.com\/index.php\/2025\/02\/04\/video-denilson-invade-programa-da-rede-globo-e-viraliza\/#primaryimage\"},\"thumbnailUrl\":\"https:\/\/www.gaveanews.com\/wp-content\/uploads\/denilson-ex-jogador.webp\",\"articleSection\":[\"Celebridades\",\"Destaques\"],\"inLanguage\":\"pt-BR\",\"potentialAction\":[{\"@type\":\"CommentAction\",\"name\":\"Comment\",\"target\":[\"https:\/\/www.gaveanews.com\/index.php\/2025\/02\/04\/video-denilson-invade-programa-da-rede-globo-e-viraliza\/#respond\"]}],\"copyrightYear\":\"2025\",\"copyrightHolder\":{\"@id\":\"https:\/\/www.gaveanews.com\/#organization\"}},{\"@type\":\"WebPage\",\"@id\":\"https:\/\/www.gaveanews.com\/index.php\/2025\/02\/04\/video-denilson-invade-programa-da-rede-globo-e-viraliza\/\",\"url\":\"https:\/\/www.gaveanews.com\/index.php\/2025\/02\/04\/video-denilson-invade-programa-da-rede-globo-e-viraliza\/\",\"name\":\"V\u00eddeo: Den\u00edlson invade programa da Rede Globo e viraliza\",\"isPartOf\":{\"@id\":\"https:\/\/www.gaveanews.com\/#website\"},\"primaryImageOfPage\":{\"@id\":\"https:\/\/www.gaveanews.com\/index.php\/2025\/02\/04\/video-denilson-invade-programa-da-rede-globo-e-viraliza\/#primaryimage\"},\"image\":{\"@id\":\"https:\/\/www.gaveanews.com\/index.php\/2025\/02\/04\/video-denilson-invade-programa-da-rede-globo-e-viraliza\/#primaryimage\"},\"thumbnailUrl\":\"https:\/\/www.gaveanews.com\/wp-content\/uploads\/denilson-ex-jogador.webp\",\"datePublished\":\"2025-02-05T00:10:00+00:00\",\"author\":{\"@id\":\"https:\/\/www.gaveanews.com\/#\/schema\/person\/3b19f7288b0ce20372991275e4f2e6c2\"},\"breadcrumb\":{\"@id\":\"https:\/\/www.gaveanews.com\/index.php\/2025\/02\/04\/video-denilson-invade-programa-da-rede-globo-e-viraliza\/#breadcrumb\"},\"inLanguage\":\"pt-BR\",\"potentialAction\":[{\"@type\":\"ReadAction\",\"target\":[\"https:\/\/www.gaveanews.com\/index.php\/2025\/02\/04\/video-denilson-invade-programa-da-rede-globo-e-viraliza\/\"]}]},{\"@type\":\"ImageObject\",\"inLanguage\":\"pt-BR\",\"@id\":\"https:\/\/www.gaveanews.com\/index.php\/2025\/02\/04\/video-denilson-invade-programa-da-rede-globo-e-viraliza\/#primaryimage\",\"url\":\"https:\/\/www.gaveanews.com\/wp-content\/uploads\/denilson-ex-jogador.webp\",\"contentUrl\":\"https:\/\/www.gaveanews.com\/wp-content\/uploads\/denilson-ex-jogador.webp\",\"width\":729,\"height\":400,\"caption\":\"Den\u00edlson em participa\u00e7\u00e3o no programa Jogo Aberto (Foto: Reprodu\u00e7\u00e3o\/Band)\"},{\"@type\":\"BreadcrumbList\",\"@id\":\"https:\/\/www.gaveanews.com\/index.php\/2025\/02\/04\/video-denilson-invade-programa-da-rede-globo-e-viraliza\/#breadcrumb\",\"itemListElement\":[{\"@type\":\"ListItem\",\"position\":1,\"name\":\"Home\",\"item\":\"https:\/\/www.gaveanews.com\/\"},{\"@type\":\"ListItem\",\"position\":2,\"name\":\"V\u00eddeo: Den\u00edlson invade programa da Rede Globo e viraliza\"}]},{\"@type\":\"WebSite\",\"@id\":\"https:\/\/www.gaveanews.com\/#website\",\"url\":\"https:\/\/www.gaveanews.com\/\",\"name\":\"G\u00e1vea News\",\"description\":\"Veja todas as not\u00edcias sobre o Flamengo: Contrata\u00e7\u00f5es, categorias de base, resultados das partidas, tabela de classifica\u00e7\u00e3o, pr\u00f3ximos jogos!\",\"potentialAction\":[{\"@type\":\"SearchAction\",\"target\":{\"@type\":\"EntryPoint\",\"urlTemplate\":\"https:\/\/www.gaveanews.com\/?s={search_term_string}\"},\"query-input\":{\"@type\":\"PropertyValueSpecification\",\"valueRequired\":true,\"valueName\":\"search_term_string\"}}],\"inLanguage\":\"pt-BR\"},{\"@type\":\"Person\",\"@id\":\"https:\/\/www.gaveanews.com\/#\/schema\/person\/3b19f7288b0ce20372991275e4f2e6c2\",\"name\":\"Ana Teixeira\",\"image\":{\"@type\":\"ImageObject\",\"inLanguage\":\"pt-BR\",\"@id\":\"https:\/\/www.gaveanews.com\/#\/schema\/person\/image\/\",\"url\":\"https:\/\/secure.gravatar.com\/avatar\/0a73f5a5258f3fed37fc2fa641892f3f7a4748456d4d4792f9bc550e6c19e06c?s=96&d=mm&r=g\",\"contentUrl\":\"https:\/\/secure.gravatar.com\/avatar\/0a73f5a5258f3fed37fc2fa641892f3f7a4748456d4d4792f9bc550e6c19e06c?s=96&d=mm&r=g\",\"caption\":\"Ana Teixeira\"}}]}<\/script>\n<!-- \/ Yoast SEO Premium plugin. -->","yoast_head_json":{"title":"V\u00eddeo: Den\u00edlson invade programa da Rede Globo e viraliza","robots":{"index":"index","follow":"follow","max-snippet":"max-snippet:-1","max-image-preview":"max-image-preview:large","max-video-preview":"max-video-preview:-1"},"canonical":"https:\/\/www.gaveanews.com\/index.php\/2025\/02\/04\/video-denilson-invade-programa-da-rede-globo-e-viraliza\/","og_locale":"pt_BR","og_type":"article","og_title":"V\u00eddeo: Den\u00edlson invade programa da Rede Globo e viraliza","og_description":"Uma das primeiras apari\u00e7\u00f5es de Den\u00edlson como comentarista esportivo da Globo ocorreu por meio de uma &#8216;invas\u00e3o&#8217; e terminou com um recado direcionado ao Santos de Neymar. O ex-jogador fez uma breve &#8211; e inesperada &#8211; participa\u00e7\u00e3o no &#8216;Reda\u00e7\u00e3o SporTV&#8217; desta ter\u00e7a-feira, 4, e j\u00e1 trocou figurinhas com o jornalista Luiz Teixeira. O pentacampe\u00e3o brincou [&hellip;]","og_url":"https:\/\/www.gaveanews.com\/index.php\/2025\/02\/04\/video-denilson-invade-programa-da-rede-globo-e-viraliza\/","og_site_name":"G\u00e1vea News","article_publisher":"https:\/\/facebook.com\/gaveaNews\/","article_published_time":"2025-02-05T00:10:00+00:00","og_image":[{"width":729,"height":400,"url":"https:\/\/www.gaveanews.com\/wp-content\/uploads\/denilson-ex-jogador.webp","type":"image\/jpeg"}],"author":"Ana Teixeira","twitter_card":"summary_large_image","twitter_misc":{"Escrito por":"Ana Teixeira","Est. tempo de leitura":"3 minutos"},"schema":{"@context":"https:\/\/schema.org","@graph":[{"@type":"NewsArticle","@id":"https:\/\/www.gaveanews.com\/index.php\/2025\/02\/04\/video-denilson-invade-programa-da-rede-globo-e-viraliza\/#article","isPartOf":{"@id":"https:\/\/www.gaveanews.com\/index.php\/2025\/02\/04\/video-denilson-invade-programa-da-rede-globo-e-viraliza\/"},"author":{"name":"Ana Teixeira","@id":"https:\/\/www.gaveanews.com\/#\/schema\/person\/3b19f7288b0ce20372991275e4f2e6c2"},"headline":"V\u00eddeo: Den\u00edlson invade programa da Rede Globo e viraliza","datePublished":"2025-02-05T00:10:00+00:00","mainEntityOfPage":{"@id":"https:\/\/www.gaveanews.com\/index.php\/2025\/02\/04\/video-denilson-invade-programa-da-rede-globo-e-viraliza\/"},"wordCount":548,"commentCount":0,"image":{"@id":"https:\/\/www.gaveanews.com\/index.php\/2025\/02\/04\/video-denilson-invade-programa-da-rede-globo-e-viraliza\/#primaryimage"},"thumbnailUrl":"https:\/\/www.gaveanews.com\/wp-content\/uploads\/denilson-ex-jogador.webp","articleSection":["Celebridades","Destaques"],"inLanguage":"pt-BR","potentialAction":[{"@type":"CommentAction","name":"Comment","target":["https:\/\/www.gaveanews.com\/index.php\/2025\/02\/04\/video-denilson-invade-programa-da-rede-globo-e-viraliza\/#respond"]}],"copyrightYear":"2025","copyrightHolder":{"@id":"https:\/\/www.gaveanews.com\/#organization"}},{"@type":"WebPage","@id":"https:\/\/www.gaveanews.com\/index.php\/2025\/02\/04\/video-denilson-invade-programa-da-rede-globo-e-viraliza\/","url":"https:\/\/www.gaveanews.com\/index.php\/2025\/02\/04\/video-denilson-invade-programa-da-rede-globo-e-viraliza\/","name":"V\u00eddeo: Den\u00edlson invade programa da Rede Globo e viraliza","isPartOf":{"@id":"https:\/\/www.gaveanews.com\/#website"},"primaryImageOfPage":{"@id":"https:\/\/www.gaveanews.com\/index.php\/2025\/02\/04\/video-denilson-invade-programa-da-rede-globo-e-viraliza\/#primaryimage"},"image":{"@id":"https:\/\/www.gaveanews.com\/index.php\/2025\/02\/04\/video-denilson-invade-programa-da-rede-globo-e-viraliza\/#primaryimage"},"thumbnailUrl":"https:\/\/www.gaveanews.com\/wp-content\/uploads\/denilson-ex-jogador.webp","datePublished":"2025-02-05T00:10:00+00:00","author":{"@id":"https:\/\/www.gaveanews.com\/#\/schema\/person\/3b19f7288b0ce20372991275e4f2e6c2"},"breadcrumb":{"@id":"https:\/\/www.gaveanews.com\/index.php\/2025\/02\/04\/video-denilson-invade-programa-da-rede-globo-e-viraliza\/#breadcrumb"},"inLanguage":"pt-BR","potentialAction":[{"@type":"ReadAction","target":["https:\/\/www.gaveanews.com\/index.php\/2025\/02\/04\/video-denilson-invade-programa-da-rede-globo-e-viraliza\/"]}]},{"@type":"ImageObject","inLanguage":"pt-BR","@id":"https:\/\/www.gaveanews.com\/index.php\/2025\/02\/04\/video-denilson-invade-programa-da-rede-globo-e-viraliza\/#primaryimage","url":"https:\/\/www.gaveanews.com\/wp-content\/uploads\/denilson-ex-jogador.webp","contentUrl":"https:\/\/www.gaveanews.com\/wp-content\/uploads\/denilson-ex-jogador.webp","width":729,"height":400,"caption":"Den\u00edlson em participa\u00e7\u00e3o no programa Jogo Aberto (Foto: Reprodu\u00e7\u00e3o\/Band)"},{"@type":"BreadcrumbList","@id":"https:\/\/www.gaveanews.com\/index.php\/2025\/02\/04\/video-denilson-invade-programa-da-rede-globo-e-viraliza\/#breadcrumb","itemListElement":[{"@type":"ListItem","position":1,"name":"Home","item":"https:\/\/www.gaveanews.com\/"},{"@type":"ListItem","position":2,"name":"V\u00eddeo: Den\u00edlson invade programa da Rede Globo e viraliza"}]},{"@type":"WebSite","@id":"https:\/\/www.gaveanews.com\/#website","url":"https:\/\/www.gaveanews.com\/","name":"G\u00e1vea News","description":"Veja todas as not\u00edcias sobre o Flamengo: Contrata\u00e7\u00f5es, categorias de base, resultados das partidas, tabela de classifica\u00e7\u00e3o, pr\u00f3ximos jogos!","potentialAction":[{"@type":"SearchAction","target":{"@type":"EntryPoint","urlTemplate":"https:\/\/www.gaveanews.com\/?s={search_term_string}"},"query-input":{"@type":"PropertyValueSpecification","valueRequired":true,"valueName":"search_term_string"}}],"inLanguage":"pt-BR"},{"@type":"Person","@id":"https:\/\/www.gaveanews.com\/#\/schema\/person\/3b19f7288b0ce20372991275e4f2e6c2","name":"Ana Teixeira","image":{"@type":"ImageObject","inLanguage":"pt-BR","@id":"https:\/\/www.gaveanews.com\/#\/schema\/person\/image\/","url":"https:\/\/secure.gravatar.com\/avatar\/0a73f5a5258f3fed37fc2fa641892f3f7a4748456d4d4792f9bc550e6c19e06c?s=96&d=mm&r=g","contentUrl":"https:\/\/secure.gravatar.com\/avatar\/0a73f5a5258f3fed37fc2fa641892f3f7a4748456d4d4792f9bc550e6c19e06c?s=96&d=mm&r=g","caption":"Ana Teixeira"}}]}},"_links":{"self":[{"href":"https:\/\/www.gaveanews.com\/index.php\/wp-json\/wp\/v2\/posts\/223164","targetHints":{"allow":["GET"]}}],"collection":[{"href":"https:\/\/www.gaveanews.com\/index.php\/wp-json\/wp\/v2\/posts"}],"about":[{"href":"https:\/\/www.gaveanews.com\/index.php\/wp-json\/wp\/v2\/types\/post"}],"author":[{"embeddable":true,"href":"https:\/\/www.gaveanews.com\/index.php\/wp-json\/wp\/v2\/users\/30"}],"replies":[{"embeddable":true,"href":"https:\/\/www.gaveanews.com\/index.php\/wp-json\/wp\/v2\/comments?post=223164"}],"version-history":[{"count":2,"href":"https:\/\/www.gaveanews.com\/index.php\/wp-json\/wp\/v2\/posts\/223164\/revisions"}],"predecessor-version":[{"id":223167,"href":"https:\/\/www.gaveanews.com\/index.php\/wp-json\/wp\/v2\/posts\/223164\/revisions\/223167"}],"wp:featuredmedia":[{"embeddable":true,"href":"https:\/\/www.gaveanews.com\/index.php\/wp-json\/wp\/v2\/media\/142066"}],"wp:attachment":[{"href":"https:\/\/www.gaveanews.com\/index.php\/wp-json\/wp\/v2\/media?parent=223164"}],"wp:term":[{"taxonomy":"category","embeddable":true,"href":"https:\/\/www.gaveanews.com\/index.php\/wp-json\/wp\/v2\/categories?post=223164"},{"taxonomy":"post_tag","embeddable":true,"href":"https:\/\/www.gaveanews.com\/index.php\/wp-json\/wp\/v2\/tags?post=223164"}],"curies":[{"name":"wp","href":"https:\/\/api.w.org\/{rel}","templated":true}]}}