{"id":223168,"date":"2025-02-04T20:30:00","date_gmt":"2025-02-04T23:30:00","guid":{"rendered":"https:\/\/www.gaveanews.com\/?p=223168"},"modified":"2025-02-04T19:29:45","modified_gmt":"2025-02-04T22:29:45","slug":"ele-pode-trocar-o-flamengo-pelo-manchester-united","status":"publish","type":"post","link":"https:\/\/www.gaveanews.com\/index.php\/2025\/02\/04\/ele-pode-trocar-o-flamengo-pelo-manchester-united\/","title":{"rendered":"Ele pode trocar o Flamengo pelo Manchester United"},"content":{"rendered":"\n<h2 class=\"wp-block-heading\" id=\"h-manchester-united-monitora-wesley-mas-flamengo-mantem-postura-firme-sobre-venda\">Manchester United monitora Wesley, mas Flamengo mant\u00e9m postura firme sobre venda<\/h2>\n\n\n\n<p>O lateral-direito Wesley, um dos destaques do Flamengo na temporada de 2024 e in\u00edcio de 2025, atrai o interesse de clubes europeus. O Manchester United acompanha de perto o jogador e estuda formalizar uma proposta na pr\u00f3xima janela de transfer\u00eancias, em meio ao processo de reformula\u00e7\u00e3o do elenco ingl\u00eas.<\/p>\n\n\n\n<figure class=\"wp-block-image size-large\"><img loading=\"lazy\" decoding=\"async\" width=\"1024\" height=\"576\" src=\"http:\/\/www.gaveanews.com\/wp-content\/uploads\/GgZnA0yXYAAykTp-1024x576.webp\" alt=\"Lateral Wesley, do Flamengo\" class=\"wp-image-207524\" srcset=\"https:\/\/www.gaveanews.com\/wp-content\/uploads\/GgZnA0yXYAAykTp-1024x576.webp 1024w, https:\/\/www.gaveanews.com\/wp-content\/uploads\/GgZnA0yXYAAykTp-300x169.webp 300w, https:\/\/www.gaveanews.com\/wp-content\/uploads\/GgZnA0yXYAAykTp-768x432.webp 768w, https:\/\/www.gaveanews.com\/wp-content\/uploads\/GgZnA0yXYAAykTp-1536x864.webp 1536w, https:\/\/www.gaveanews.com\/wp-content\/uploads\/GgZnA0yXYAAykTp-747x420.webp 747w, https:\/\/www.gaveanews.com\/wp-content\/uploads\/GgZnA0yXYAAykTp-1493x840.webp 1493w, https:\/\/www.gaveanews.com\/wp-content\/uploads\/GgZnA0yXYAAykTp-640x360.webp 640w, https:\/\/www.gaveanews.com\/wp-content\/uploads\/GgZnA0yXYAAykTp-1280x720.webp 1280w, https:\/\/www.gaveanews.com\/wp-content\/uploads\/GgZnA0yXYAAykTp-681x383.webp 681w, https:\/\/www.gaveanews.com\/wp-content\/uploads\/GgZnA0yXYAAykTp-1362x766.webp 1362w, https:\/\/www.gaveanews.com\/wp-content\/uploads\/GgZnA0yXYAAykTp-100x56.webp 100w, https:\/\/www.gaveanews.com\/wp-content\/uploads\/GgZnA0yXYAAykTp.webp 1920w\" sizes=\"auto, (max-width: 1024px) 100vw, 1024px\" \/><figcaption class=\"wp-element-caption\">Lateral Wesley, do Flamengo (Foto: Divulga\u00e7\u00e3o)<\/figcaption><\/figure>\n\n\n\n<p>De acordo com o jornalista Pablo Raphael, o clube ingl\u00eas considera Wesley uma das prioridades para refor\u00e7ar o setor defensivo. No entanto, o Flamengo j\u00e1 estabeleceu que n\u00e3o negociar\u00e1 titulares neste momento. O Rubro-Negro tem como foco a disputa do Mundial de Clubes da FIFA, em junho e julho, e entende que perder um jogador fundamental poderia comprometer o planejamento para a competi\u00e7\u00e3o.<\/p>\n\n\n\n<p>Antes do interesse do Manchester United, o Flamengo recusou uma proposta do Zenit, da R\u00fassia, que ofereceu 25 milh\u00f5es de euros (cerca de R$ 150 milh\u00f5es) pelo lateral. A diretoria do clube carioca entendeu que o valor pode aumentar ap\u00f3s a participa\u00e7\u00e3o no Mundial e, al\u00e9m disso, o jogador n\u00e3o demonstrou interesse em atuar no futebol russo.<\/p>\n\n\n\n<p>A decis\u00e3o do Flamengo foi refor\u00e7ada por Jos\u00e9 Boto, diretor de futebol do clube. O dirigente comunicou que nenhum titular ser\u00e1 negociado antes do torneio da FIFA. O Rubro-Negro pretende segurar seus principais jogadores para aumentar as chances de um desempenho positivo no Mundial, onde enfrentar\u00e1 equipes como Manchester City e Real Madrid.<\/p>\n\n\n\n<p>Enquanto os rumores de transfer\u00eancia seguem, Wesley continua sua prepara\u00e7\u00e3o com o elenco rubro-negro. No entanto, ele n\u00e3o foi relacionado para o jogo desta quarta-feira (5) contra a Portuguesa-RJ, pelo Campeonato Carioca.<\/p>\n\n\n\n<p> O lateral atuou os 90 minutos na decis\u00e3o da Supercopa do Brasil contra o Botafogo e ser\u00e1 preservado. O Flamengo entra em campo \u00e0s 19h (de Bras\u00edlia), no Est\u00e1dio Parque do Sabi\u00e1, pela oitava rodada do Estadual.<\/p>\n","protected":false},"excerpt":{"rendered":"<p>Manchester United monitora Wesley, mas Flamengo mant\u00e9m postura firme sobre venda O lateral-direito Wesley, um dos destaques do Flamengo na temporada de 2024 e in\u00edcio de 2025, atrai o interesse de clubes europeus. O Manchester United acompanha de perto o jogador e estuda formalizar uma proposta na pr\u00f3xima janela de transfer\u00eancias, em meio ao processo [&hellip;]<\/p>\n","protected":false},"author":17,"featured_media":124684,"comment_status":"open","ping_status":"closed","sticky":false,"template":"","format":"standard","meta":{"footnotes":""},"categories":[1],"tags":[],"class_list":["post-223168","post","type-post","status-publish","format-standard","has-post-thumbnail","hentry","category-flamengo"],"yoast_head":"<!-- This site is optimized with the Yoast SEO Premium plugin v24.2 (Yoast SEO v26.9) - https:\/\/yoast.com\/product\/yoast-seo-premium-wordpress\/ -->\n<title>Ele pode trocar o Flamengo pelo Manchester United<\/title>\n<meta name=\"robots\" content=\"index, follow, max-snippet:-1, max-image-preview:large, max-video-preview:-1\" \/>\n<link rel=\"canonical\" href=\"https:\/\/www.gaveanews.com\/index.php\/2025\/02\/04\/ele-pode-trocar-o-flamengo-pelo-manchester-united\/\" \/>\n<meta property=\"og:locale\" content=\"pt_BR\" \/>\n<meta property=\"og:type\" content=\"article\" \/>\n<meta property=\"og:title\" content=\"Ele pode trocar o Flamengo pelo Manchester United\" \/>\n<meta property=\"og:description\" content=\"Manchester United monitora Wesley, mas Flamengo mant\u00e9m postura firme sobre venda O lateral-direito Wesley, um dos destaques do Flamengo na temporada de 2024 e in\u00edcio de 2025, atrai o interesse de clubes europeus. O Manchester United acompanha de perto o jogador e estuda formalizar uma proposta na pr\u00f3xima janela de transfer\u00eancias, em meio ao processo [&hellip;]\" \/>\n<meta property=\"og:url\" content=\"https:\/\/www.gaveanews.com\/index.php\/2025\/02\/04\/ele-pode-trocar-o-flamengo-pelo-manchester-united\/\" \/>\n<meta property=\"og:site_name\" content=\"G\u00e1vea News\" \/>\n<meta property=\"article:publisher\" content=\"https:\/\/facebook.com\/gaveaNews\/\" \/>\n<meta property=\"article:published_time\" content=\"2025-02-04T23:30:00+00:00\" \/>\n<meta property=\"og:image\" content=\"https:\/\/www.gaveanews.com\/wp-content\/uploads\/escudoDoFlamengo.webp\" \/>\n\t<meta property=\"og:image:width\" content=\"1095\" \/>\n\t<meta property=\"og:image:height\" content=\"730\" \/>\n\t<meta property=\"og:image:type\" content=\"image\/webp\" \/>\n<meta name=\"author\" content=\"Geovanna Thomaz\" \/>\n<meta name=\"twitter:card\" content=\"summary_large_image\" \/>\n<meta name=\"twitter:label1\" content=\"Escrito por\" \/>\n\t<meta name=\"twitter:data1\" content=\"Geovanna Thomaz\" \/>\n\t<meta name=\"twitter:label2\" content=\"Est. tempo de leitura\" \/>\n\t<meta name=\"twitter:data2\" content=\"3 minutos\" \/>\n<script type=\"application\/ld+json\" class=\"yoast-schema-graph\">{\"@context\":\"https:\/\/schema.org\",\"@graph\":[{\"@type\":\"NewsArticle\",\"@id\":\"https:\/\/www.gaveanews.com\/index.php\/2025\/02\/04\/ele-pode-trocar-o-flamengo-pelo-manchester-united\/#article\",\"isPartOf\":{\"@id\":\"https:\/\/www.gaveanews.com\/index.php\/2025\/02\/04\/ele-pode-trocar-o-flamengo-pelo-manchester-united\/\"},\"author\":{\"name\":\"Geovanna Thomaz\",\"@id\":\"https:\/\/www.gaveanews.com\/#\/schema\/person\/f42654babcd2b2014a1a65af82b081f1\"},\"headline\":\"Ele pode trocar o Flamengo pelo Manchester United\",\"datePublished\":\"2025-02-04T23:30:00+00:00\",\"mainEntityOfPage\":{\"@id\":\"https:\/\/www.gaveanews.com\/index.php\/2025\/02\/04\/ele-pode-trocar-o-flamengo-pelo-manchester-united\/\"},\"wordCount\":336,\"commentCount\":0,\"image\":{\"@id\":\"https:\/\/www.gaveanews.com\/index.php\/2025\/02\/04\/ele-pode-trocar-o-flamengo-pelo-manchester-united\/#primaryimage\"},\"thumbnailUrl\":\"https:\/\/www.gaveanews.com\/wp-content\/uploads\/escudoDoFlamengo.webp\",\"articleSection\":[\"Flamengo\"],\"inLanguage\":\"pt-BR\",\"potentialAction\":[{\"@type\":\"CommentAction\",\"name\":\"Comment\",\"target\":[\"https:\/\/www.gaveanews.com\/index.php\/2025\/02\/04\/ele-pode-trocar-o-flamengo-pelo-manchester-united\/#respond\"]}],\"copyrightYear\":\"2025\",\"copyrightHolder\":{\"@id\":\"https:\/\/www.gaveanews.com\/#organization\"}},{\"@type\":\"WebPage\",\"@id\":\"https:\/\/www.gaveanews.com\/index.php\/2025\/02\/04\/ele-pode-trocar-o-flamengo-pelo-manchester-united\/\",\"url\":\"https:\/\/www.gaveanews.com\/index.php\/2025\/02\/04\/ele-pode-trocar-o-flamengo-pelo-manchester-united\/\",\"name\":\"Ele pode trocar o Flamengo pelo Manchester United\",\"isPartOf\":{\"@id\":\"https:\/\/www.gaveanews.com\/#website\"},\"primaryImageOfPage\":{\"@id\":\"https:\/\/www.gaveanews.com\/index.php\/2025\/02\/04\/ele-pode-trocar-o-flamengo-pelo-manchester-united\/#primaryimage\"},\"image\":{\"@id\":\"https:\/\/www.gaveanews.com\/index.php\/2025\/02\/04\/ele-pode-trocar-o-flamengo-pelo-manchester-united\/#primaryimage\"},\"thumbnailUrl\":\"https:\/\/www.gaveanews.com\/wp-content\/uploads\/escudoDoFlamengo.webp\",\"datePublished\":\"2025-02-04T23:30:00+00:00\",\"author\":{\"@id\":\"https:\/\/www.gaveanews.com\/#\/schema\/person\/f42654babcd2b2014a1a65af82b081f1\"},\"breadcrumb\":{\"@id\":\"https:\/\/www.gaveanews.com\/index.php\/2025\/02\/04\/ele-pode-trocar-o-flamengo-pelo-manchester-united\/#breadcrumb\"},\"inLanguage\":\"pt-BR\",\"potentialAction\":[{\"@type\":\"ReadAction\",\"target\":[\"https:\/\/www.gaveanews.com\/index.php\/2025\/02\/04\/ele-pode-trocar-o-flamengo-pelo-manchester-united\/\"]}]},{\"@type\":\"ImageObject\",\"inLanguage\":\"pt-BR\",\"@id\":\"https:\/\/www.gaveanews.com\/index.php\/2025\/02\/04\/ele-pode-trocar-o-flamengo-pelo-manchester-united\/#primaryimage\",\"url\":\"https:\/\/www.gaveanews.com\/wp-content\/uploads\/escudoDoFlamengo.webp\",\"contentUrl\":\"https:\/\/www.gaveanews.com\/wp-content\/uploads\/escudoDoFlamengo.webp\",\"width\":1095,\"height\":730,\"caption\":\"Centro de treinamento do Flamengo (Foto: Reprodu\u00e7\u00e3o)\"},{\"@type\":\"BreadcrumbList\",\"@id\":\"https:\/\/www.gaveanews.com\/index.php\/2025\/02\/04\/ele-pode-trocar-o-flamengo-pelo-manchester-united\/#breadcrumb\",\"itemListElement\":[{\"@type\":\"ListItem\",\"position\":1,\"name\":\"Home\",\"item\":\"https:\/\/www.gaveanews.com\/\"},{\"@type\":\"ListItem\",\"position\":2,\"name\":\"Ele pode trocar o Flamengo pelo Manchester United\"}]},{\"@type\":\"WebSite\",\"@id\":\"https:\/\/www.gaveanews.com\/#website\",\"url\":\"https:\/\/www.gaveanews.com\/\",\"name\":\"G\u00e1vea News\",\"description\":\"Veja todas as not\u00edcias sobre o Flamengo: Contrata\u00e7\u00f5es, categorias de base, resultados das partidas, tabela de classifica\u00e7\u00e3o, pr\u00f3ximos jogos!\",\"potentialAction\":[{\"@type\":\"SearchAction\",\"target\":{\"@type\":\"EntryPoint\",\"urlTemplate\":\"https:\/\/www.gaveanews.com\/?s={search_term_string}\"},\"query-input\":{\"@type\":\"PropertyValueSpecification\",\"valueRequired\":true,\"valueName\":\"search_term_string\"}}],\"inLanguage\":\"pt-BR\"},{\"@type\":\"Person\",\"@id\":\"https:\/\/www.gaveanews.com\/#\/schema\/person\/f42654babcd2b2014a1a65af82b081f1\",\"name\":\"Geovanna Thomaz\",\"image\":{\"@type\":\"ImageObject\",\"inLanguage\":\"pt-BR\",\"@id\":\"https:\/\/www.gaveanews.com\/#\/schema\/person\/image\/\",\"url\":\"https:\/\/secure.gravatar.com\/avatar\/4092073255489533afb558984b49b64268c47198af8623cc82a925ae9fb7118a?s=96&d=mm&r=g\",\"contentUrl\":\"https:\/\/secure.gravatar.com\/avatar\/4092073255489533afb558984b49b64268c47198af8623cc82a925ae9fb7118a?s=96&d=mm&r=g\",\"caption\":\"Geovanna Thomaz\"}}]}<\/script>\n<!-- \/ Yoast SEO Premium plugin. -->","yoast_head_json":{"title":"Ele pode trocar o Flamengo pelo Manchester United","robots":{"index":"index","follow":"follow","max-snippet":"max-snippet:-1","max-image-preview":"max-image-preview:large","max-video-preview":"max-video-preview:-1"},"canonical":"https:\/\/www.gaveanews.com\/index.php\/2025\/02\/04\/ele-pode-trocar-o-flamengo-pelo-manchester-united\/","og_locale":"pt_BR","og_type":"article","og_title":"Ele pode trocar o Flamengo pelo Manchester United","og_description":"Manchester United monitora Wesley, mas Flamengo mant\u00e9m postura firme sobre venda O lateral-direito Wesley, um dos destaques do Flamengo na temporada de 2024 e in\u00edcio de 2025, atrai o interesse de clubes europeus. O Manchester United acompanha de perto o jogador e estuda formalizar uma proposta na pr\u00f3xima janela de transfer\u00eancias, em meio ao processo [&hellip;]","og_url":"https:\/\/www.gaveanews.com\/index.php\/2025\/02\/04\/ele-pode-trocar-o-flamengo-pelo-manchester-united\/","og_site_name":"G\u00e1vea News","article_publisher":"https:\/\/facebook.com\/gaveaNews\/","article_published_time":"2025-02-04T23:30:00+00:00","og_image":[{"width":1095,"height":730,"url":"https:\/\/www.gaveanews.com\/wp-content\/uploads\/escudoDoFlamengo.webp","type":"image\/webp"}],"author":"Geovanna Thomaz","twitter_card":"summary_large_image","twitter_misc":{"Escrito por":"Geovanna Thomaz","Est. tempo de leitura":"3 minutos"},"schema":{"@context":"https:\/\/schema.org","@graph":[{"@type":"NewsArticle","@id":"https:\/\/www.gaveanews.com\/index.php\/2025\/02\/04\/ele-pode-trocar-o-flamengo-pelo-manchester-united\/#article","isPartOf":{"@id":"https:\/\/www.gaveanews.com\/index.php\/2025\/02\/04\/ele-pode-trocar-o-flamengo-pelo-manchester-united\/"},"author":{"name":"Geovanna Thomaz","@id":"https:\/\/www.gaveanews.com\/#\/schema\/person\/f42654babcd2b2014a1a65af82b081f1"},"headline":"Ele pode trocar o Flamengo pelo Manchester United","datePublished":"2025-02-04T23:30:00+00:00","mainEntityOfPage":{"@id":"https:\/\/www.gaveanews.com\/index.php\/2025\/02\/04\/ele-pode-trocar-o-flamengo-pelo-manchester-united\/"},"wordCount":336,"commentCount":0,"image":{"@id":"https:\/\/www.gaveanews.com\/index.php\/2025\/02\/04\/ele-pode-trocar-o-flamengo-pelo-manchester-united\/#primaryimage"},"thumbnailUrl":"https:\/\/www.gaveanews.com\/wp-content\/uploads\/escudoDoFlamengo.webp","articleSection":["Flamengo"],"inLanguage":"pt-BR","potentialAction":[{"@type":"CommentAction","name":"Comment","target":["https:\/\/www.gaveanews.com\/index.php\/2025\/02\/04\/ele-pode-trocar-o-flamengo-pelo-manchester-united\/#respond"]}],"copyrightYear":"2025","copyrightHolder":{"@id":"https:\/\/www.gaveanews.com\/#organization"}},{"@type":"WebPage","@id":"https:\/\/www.gaveanews.com\/index.php\/2025\/02\/04\/ele-pode-trocar-o-flamengo-pelo-manchester-united\/","url":"https:\/\/www.gaveanews.com\/index.php\/2025\/02\/04\/ele-pode-trocar-o-flamengo-pelo-manchester-united\/","name":"Ele pode trocar o Flamengo pelo Manchester United","isPartOf":{"@id":"https:\/\/www.gaveanews.com\/#website"},"primaryImageOfPage":{"@id":"https:\/\/www.gaveanews.com\/index.php\/2025\/02\/04\/ele-pode-trocar-o-flamengo-pelo-manchester-united\/#primaryimage"},"image":{"@id":"https:\/\/www.gaveanews.com\/index.php\/2025\/02\/04\/ele-pode-trocar-o-flamengo-pelo-manchester-united\/#primaryimage"},"thumbnailUrl":"https:\/\/www.gaveanews.com\/wp-content\/uploads\/escudoDoFlamengo.webp","datePublished":"2025-02-04T23:30:00+00:00","author":{"@id":"https:\/\/www.gaveanews.com\/#\/schema\/person\/f42654babcd2b2014a1a65af82b081f1"},"breadcrumb":{"@id":"https:\/\/www.gaveanews.com\/index.php\/2025\/02\/04\/ele-pode-trocar-o-flamengo-pelo-manchester-united\/#breadcrumb"},"inLanguage":"pt-BR","potentialAction":[{"@type":"ReadAction","target":["https:\/\/www.gaveanews.com\/index.php\/2025\/02\/04\/ele-pode-trocar-o-flamengo-pelo-manchester-united\/"]}]},{"@type":"ImageObject","inLanguage":"pt-BR","@id":"https:\/\/www.gaveanews.com\/index.php\/2025\/02\/04\/ele-pode-trocar-o-flamengo-pelo-manchester-united\/#primaryimage","url":"https:\/\/www.gaveanews.com\/wp-content\/uploads\/escudoDoFlamengo.webp","contentUrl":"https:\/\/www.gaveanews.com\/wp-content\/uploads\/escudoDoFlamengo.webp","width":1095,"height":730,"caption":"Centro de treinamento do Flamengo (Foto: Reprodu\u00e7\u00e3o)"},{"@type":"BreadcrumbList","@id":"https:\/\/www.gaveanews.com\/index.php\/2025\/02\/04\/ele-pode-trocar-o-flamengo-pelo-manchester-united\/#breadcrumb","itemListElement":[{"@type":"ListItem","position":1,"name":"Home","item":"https:\/\/www.gaveanews.com\/"},{"@type":"ListItem","position":2,"name":"Ele pode trocar o Flamengo pelo Manchester United"}]},{"@type":"WebSite","@id":"https:\/\/www.gaveanews.com\/#website","url":"https:\/\/www.gaveanews.com\/","name":"G\u00e1vea News","description":"Veja todas as not\u00edcias sobre o Flamengo: Contrata\u00e7\u00f5es, categorias de base, resultados das partidas, tabela de classifica\u00e7\u00e3o, pr\u00f3ximos jogos!","potentialAction":[{"@type":"SearchAction","target":{"@type":"EntryPoint","urlTemplate":"https:\/\/www.gaveanews.com\/?s={search_term_string}"},"query-input":{"@type":"PropertyValueSpecification","valueRequired":true,"valueName":"search_term_string"}}],"inLanguage":"pt-BR"},{"@type":"Person","@id":"https:\/\/www.gaveanews.com\/#\/schema\/person\/f42654babcd2b2014a1a65af82b081f1","name":"Geovanna Thomaz","image":{"@type":"ImageObject","inLanguage":"pt-BR","@id":"https:\/\/www.gaveanews.com\/#\/schema\/person\/image\/","url":"https:\/\/secure.gravatar.com\/avatar\/4092073255489533afb558984b49b64268c47198af8623cc82a925ae9fb7118a?s=96&d=mm&r=g","contentUrl":"https:\/\/secure.gravatar.com\/avatar\/4092073255489533afb558984b49b64268c47198af8623cc82a925ae9fb7118a?s=96&d=mm&r=g","caption":"Geovanna Thomaz"}}]}},"_links":{"self":[{"href":"https:\/\/www.gaveanews.com\/index.php\/wp-json\/wp\/v2\/posts\/223168","targetHints":{"allow":["GET"]}}],"collection":[{"href":"https:\/\/www.gaveanews.com\/index.php\/wp-json\/wp\/v2\/posts"}],"about":[{"href":"https:\/\/www.gaveanews.com\/index.php\/wp-json\/wp\/v2\/types\/post"}],"author":[{"embeddable":true,"href":"https:\/\/www.gaveanews.com\/index.php\/wp-json\/wp\/v2\/users\/17"}],"replies":[{"embeddable":true,"href":"https:\/\/www.gaveanews.com\/index.php\/wp-json\/wp\/v2\/comments?post=223168"}],"version-history":[{"count":2,"href":"https:\/\/www.gaveanews.com\/index.php\/wp-json\/wp\/v2\/posts\/223168\/revisions"}],"predecessor-version":[{"id":223199,"href":"https:\/\/www.gaveanews.com\/index.php\/wp-json\/wp\/v2\/posts\/223168\/revisions\/223199"}],"wp:featuredmedia":[{"embeddable":true,"href":"https:\/\/www.gaveanews.com\/index.php\/wp-json\/wp\/v2\/media\/124684"}],"wp:attachment":[{"href":"https:\/\/www.gaveanews.com\/index.php\/wp-json\/wp\/v2\/media?parent=223168"}],"wp:term":[{"taxonomy":"category","embeddable":true,"href":"https:\/\/www.gaveanews.com\/index.php\/wp-json\/wp\/v2\/categories?post=223168"},{"taxonomy":"post_tag","embeddable":true,"href":"https:\/\/www.gaveanews.com\/index.php\/wp-json\/wp\/v2\/tags?post=223168"}],"curies":[{"name":"wp","href":"https:\/\/api.w.org\/{rel}","templated":true}]}}