{"id":223182,"date":"2025-02-04T21:05:00","date_gmt":"2025-02-05T00:05:00","guid":{"rendered":"https:\/\/www.gaveanews.com\/?p=223182"},"modified":"2025-02-04T20:31:06","modified_gmt":"2025-02-04T23:31:06","slug":"tite-no-botafogo-a-declaracao-de-fernanda-maia","status":"publish","type":"post","link":"https:\/\/www.gaveanews.com\/index.php\/2025\/02\/04\/tite-no-botafogo-a-declaracao-de-fernanda-maia\/","title":{"rendered":"Tite no Botafogo: a declara\u00e7\u00e3o de Fernanda Maia"},"content":{"rendered":"\n<p>A apresentadora Fernanda Maia, do SBT Sports, repercutiu a possibilidade do treinador Tite assumir o comando do Botafogo. A apresentadora revelou que John Textor ter\u00e1 papel fundamental na escolha, mas que pela an\u00e1lise que ela tem feito, o torcedor n\u00e3o gostou muito da ideia.<\/p>\n\n\n\n<p>Desde que Artur Jorge foi embora para o Al-Rayyan, do Catar, o Botafogo segue sem um treinador. Durante a prepara\u00e7\u00e3o do elenco na pr\u00e9-temporada, no Campeonato Carioca e na Supercopa do Brasil, quem esteve \u00e0 beira do gramado foi o t\u00e9cnico interino Carlos Leiria.<\/p>\n\n\n\n<p>Neste come\u00e7o de temporada, o dono da SAF botafoguense John Textor n\u00e3o se mostrou incomodado com a aus\u00eancia de algu\u00e9m no comando da equipe e tem pregado cautela para contratar. Ele quer um profissional que se adeque e tenha o perfil correto para o clube.&nbsp;<\/p>\n\n\n\n<p>Embora ele seja a autoridade m\u00e1xima no Glorioso, ele n\u00e3o determina tudo sobre os rumos do futebol. An\u00e1lise de mercado, oportunidades de jogadores e treinadores fica a cargo de Alessandro Brito, head scout do Alvinegro. Por\u00e9m, de acordo com a apresentadora do SBT Sports, Fernanda Maia, John Textor ter\u00e1 papel fundamental na contrata\u00e7\u00e3o de um novo t\u00e9cnico.<\/p>\n\n\n\n<p>\u201cO John n\u00e3o bateu o carimbo de ningu\u00e9m. O John est\u00e1 conversando, est\u00e1 pensando e a gente sabe como na escolha do treinador ele \u00e9 muito efetivo. Porque ele tem o gosto dele, ele tem as ideias dele. O John \u00e9 um cara que saca muito de futebol, ele n\u00e3o \u00e9 s\u00f3 um cara que \u00e9 dono do Botafogo. Ele se envolve, n\u00e3o s\u00f3 emocionalmente, mas tamb\u00e9m efetivamente nas escolhas\u201d, disse.<\/p>\n\n\n\n<p>A jornalista ainda revela que o empres\u00e1rio estadunidense escolheu todos os treinadores, com exce\u00e7\u00e3o de Tiago Nunes.<\/p>\n\n\n\n<p>\u201cDe todos os treinadores da era SAF apenas o Tiago Nunes n\u00e3o foi escolhido pelo John Textor. Todos os outros foram escolhidos por ele\u201d, disse.<\/p>\n\n\n\n<p>Por fim, ela comentou sobre a possibilidade de Tite, ex-treinador da Sele\u00e7\u00e3o Brasileira, assumir a equipe neste momento. Segundo ela, o torcedor botafoguense n\u00e3o gostou muito da ideia.<\/p>\n\n\n\n<p>\u201cEu fico vendo tudo que a torcida do Botafogo fala e a maioria n\u00e3o curtiu o nome do Tite\u201d, finalizou.<\/p>\n\n\n\n<p>Tite est\u00e1 sem clube desde que foi demitido do arquirrival Flamengo no meio da \u00faltima temporada, ap\u00f3s a elimina\u00e7\u00e3o na Copa Libertadores da Am\u00e9rica para o Pe\u00f1arol, do Uruguai, nas quartas de final da competi\u00e7\u00e3o.<\/p>\n\n\n\n<blockquote class=\"twitter-tweet\" data-media-max-width=\"560\"><p lang=\"pt\" dir=\"ltr\">TITE NO GLORIOSO? \ud83d\udd25\u2b50\ufe0f<br><br>&quot;Eu acompanho tudo que a torcida do Botafogo fala. A maioria que eu vi ali, n\u00e3o curtiu muito o nome do Tite.&quot; &#8211; <a href=\"https:\/\/twitter.com\/fernandamaia88?ref_src=twsrc%5Etfw\">@fernandamaia88<\/a> <a href=\"https:\/\/twitter.com\/hashtag\/sbtsportsrio?src=hash&amp;ref_src=twsrc%5Etfw\">#sbtsportsrio<\/a> <a href=\"https:\/\/twitter.com\/hashtag\/sbt?src=hash&amp;ref_src=twsrc%5Etfw\">#sbt<\/a> <a href=\"https:\/\/twitter.com\/hashtag\/futebol?src=hash&amp;ref_src=twsrc%5Etfw\">#futebol<\/a> <a href=\"https:\/\/t.co\/6XP4xeHskd\">pic.twitter.com\/6XP4xeHskd<\/a><\/p>&mdash; SBT Rio (@sbtrio) <a href=\"https:\/\/twitter.com\/sbtrio\/status\/1886817714133721457?ref_src=twsrc%5Etfw\">February 4, 2025<\/a><\/blockquote> <script async src=\"https:\/\/platform.twitter.com\/widgets.js\" charset=\"utf-8\"><\/script>\n","protected":false},"excerpt":{"rendered":"<p>A apresentadora Fernanda Maia, do SBT Sports, repercutiu a possibilidade do treinador Tite assumir o comando do Botafogo. A apresentadora revelou que John Textor ter\u00e1 papel fundamental na escolha, mas que pela an\u00e1lise que ela tem feito, o torcedor n\u00e3o gostou muito da ideia. Desde que Artur Jorge foi embora para o Al-Rayyan, do Catar, [&hellip;]<\/p>\n","protected":false},"author":29,"featured_media":170055,"comment_status":"open","ping_status":"closed","sticky":false,"template":"","format":"standard","meta":{"footnotes":""},"categories":[138],"tags":[],"class_list":["post-223182","post","type-post","status-publish","format-standard","has-post-thumbnail","hentry","category-botafogo"],"yoast_head":"<!-- This site is optimized with the Yoast SEO Premium plugin v24.2 (Yoast SEO v26.9) - https:\/\/yoast.com\/product\/yoast-seo-premium-wordpress\/ -->\n<title>Tite no Botafogo: a declara\u00e7\u00e3o de Fernanda Maia<\/title>\n<meta name=\"robots\" content=\"index, follow, max-snippet:-1, max-image-preview:large, max-video-preview:-1\" \/>\n<link rel=\"canonical\" href=\"https:\/\/www.gaveanews.com\/index.php\/2025\/02\/04\/tite-no-botafogo-a-declaracao-de-fernanda-maia\/\" \/>\n<meta property=\"og:locale\" content=\"pt_BR\" \/>\n<meta property=\"og:type\" content=\"article\" \/>\n<meta property=\"og:title\" content=\"Tite no Botafogo: a declara\u00e7\u00e3o de Fernanda Maia\" \/>\n<meta property=\"og:description\" content=\"A apresentadora Fernanda Maia, do SBT Sports, repercutiu a possibilidade do treinador Tite assumir o comando do Botafogo. A apresentadora revelou que John Textor ter\u00e1 papel fundamental na escolha, mas que pela an\u00e1lise que ela tem feito, o torcedor n\u00e3o gostou muito da ideia. Desde que Artur Jorge foi embora para o Al-Rayyan, do Catar, [&hellip;]\" \/>\n<meta property=\"og:url\" content=\"https:\/\/www.gaveanews.com\/index.php\/2025\/02\/04\/tite-no-botafogo-a-declaracao-de-fernanda-maia\/\" \/>\n<meta property=\"og:site_name\" content=\"G\u00e1vea News\" \/>\n<meta property=\"article:publisher\" content=\"https:\/\/facebook.com\/gaveaNews\/\" \/>\n<meta property=\"article:published_time\" content=\"2025-02-05T00:05:00+00:00\" \/>\n<meta property=\"og:image\" content=\"https:\/\/www.gaveanews.com\/wp-content\/uploads\/Tite-durante-entrevista-coletiva.webp\" \/>\n\t<meta property=\"og:image:width\" content=\"489\" \/>\n\t<meta property=\"og:image:height\" content=\"349\" \/>\n\t<meta property=\"og:image:type\" content=\"image\/jpeg\" \/>\n<meta name=\"author\" content=\"Marco Menezes\" \/>\n<meta name=\"twitter:card\" content=\"summary_large_image\" \/>\n<meta name=\"twitter:label1\" content=\"Escrito por\" \/>\n\t<meta name=\"twitter:data1\" content=\"Marco Menezes\" \/>\n\t<meta name=\"twitter:label2\" content=\"Est. tempo de leitura\" \/>\n\t<meta name=\"twitter:data2\" content=\"3 minutos\" \/>\n<script type=\"application\/ld+json\" class=\"yoast-schema-graph\">{\"@context\":\"https:\/\/schema.org\",\"@graph\":[{\"@type\":\"NewsArticle\",\"@id\":\"https:\/\/www.gaveanews.com\/index.php\/2025\/02\/04\/tite-no-botafogo-a-declaracao-de-fernanda-maia\/#article\",\"isPartOf\":{\"@id\":\"https:\/\/www.gaveanews.com\/index.php\/2025\/02\/04\/tite-no-botafogo-a-declaracao-de-fernanda-maia\/\"},\"author\":{\"name\":\"Marco Menezes\",\"@id\":\"https:\/\/www.gaveanews.com\/#\/schema\/person\/a9f62fe75380c6bada1b2fc49bc23d69\"},\"headline\":\"Tite no Botafogo: a declara\u00e7\u00e3o de Fernanda Maia\",\"datePublished\":\"2025-02-05T00:05:00+00:00\",\"mainEntityOfPage\":{\"@id\":\"https:\/\/www.gaveanews.com\/index.php\/2025\/02\/04\/tite-no-botafogo-a-declaracao-de-fernanda-maia\/\"},\"wordCount\":465,\"commentCount\":0,\"image\":{\"@id\":\"https:\/\/www.gaveanews.com\/index.php\/2025\/02\/04\/tite-no-botafogo-a-declaracao-de-fernanda-maia\/#primaryimage\"},\"thumbnailUrl\":\"https:\/\/www.gaveanews.com\/wp-content\/uploads\/Tite-durante-entrevista-coletiva.webp\",\"articleSection\":[\"Botafogo\"],\"inLanguage\":\"pt-BR\",\"potentialAction\":[{\"@type\":\"CommentAction\",\"name\":\"Comment\",\"target\":[\"https:\/\/www.gaveanews.com\/index.php\/2025\/02\/04\/tite-no-botafogo-a-declaracao-de-fernanda-maia\/#respond\"]}],\"copyrightYear\":\"2025\",\"copyrightHolder\":{\"@id\":\"https:\/\/www.gaveanews.com\/#organization\"}},{\"@type\":\"WebPage\",\"@id\":\"https:\/\/www.gaveanews.com\/index.php\/2025\/02\/04\/tite-no-botafogo-a-declaracao-de-fernanda-maia\/\",\"url\":\"https:\/\/www.gaveanews.com\/index.php\/2025\/02\/04\/tite-no-botafogo-a-declaracao-de-fernanda-maia\/\",\"name\":\"Tite no Botafogo: a declara\u00e7\u00e3o de Fernanda Maia\",\"isPartOf\":{\"@id\":\"https:\/\/www.gaveanews.com\/#website\"},\"primaryImageOfPage\":{\"@id\":\"https:\/\/www.gaveanews.com\/index.php\/2025\/02\/04\/tite-no-botafogo-a-declaracao-de-fernanda-maia\/#primaryimage\"},\"image\":{\"@id\":\"https:\/\/www.gaveanews.com\/index.php\/2025\/02\/04\/tite-no-botafogo-a-declaracao-de-fernanda-maia\/#primaryimage\"},\"thumbnailUrl\":\"https:\/\/www.gaveanews.com\/wp-content\/uploads\/Tite-durante-entrevista-coletiva.webp\",\"datePublished\":\"2025-02-05T00:05:00+00:00\",\"author\":{\"@id\":\"https:\/\/www.gaveanews.com\/#\/schema\/person\/a9f62fe75380c6bada1b2fc49bc23d69\"},\"breadcrumb\":{\"@id\":\"https:\/\/www.gaveanews.com\/index.php\/2025\/02\/04\/tite-no-botafogo-a-declaracao-de-fernanda-maia\/#breadcrumb\"},\"inLanguage\":\"pt-BR\",\"potentialAction\":[{\"@type\":\"ReadAction\",\"target\":[\"https:\/\/www.gaveanews.com\/index.php\/2025\/02\/04\/tite-no-botafogo-a-declaracao-de-fernanda-maia\/\"]}]},{\"@type\":\"ImageObject\",\"inLanguage\":\"pt-BR\",\"@id\":\"https:\/\/www.gaveanews.com\/index.php\/2025\/02\/04\/tite-no-botafogo-a-declaracao-de-fernanda-maia\/#primaryimage\",\"url\":\"https:\/\/www.gaveanews.com\/wp-content\/uploads\/Tite-durante-entrevista-coletiva.webp\",\"contentUrl\":\"https:\/\/www.gaveanews.com\/wp-content\/uploads\/Tite-durante-entrevista-coletiva.webp\",\"width\":489,\"height\":349,\"caption\":\"Tite durante entrevista coletiva (Foto: Reprodu\u00e7\u00e3o\/FlaTV)\"},{\"@type\":\"BreadcrumbList\",\"@id\":\"https:\/\/www.gaveanews.com\/index.php\/2025\/02\/04\/tite-no-botafogo-a-declaracao-de-fernanda-maia\/#breadcrumb\",\"itemListElement\":[{\"@type\":\"ListItem\",\"position\":1,\"name\":\"Home\",\"item\":\"https:\/\/www.gaveanews.com\/\"},{\"@type\":\"ListItem\",\"position\":2,\"name\":\"Tite no Botafogo: a declara\u00e7\u00e3o de Fernanda Maia\"}]},{\"@type\":\"WebSite\",\"@id\":\"https:\/\/www.gaveanews.com\/#website\",\"url\":\"https:\/\/www.gaveanews.com\/\",\"name\":\"G\u00e1vea News\",\"description\":\"Veja todas as not\u00edcias sobre o Flamengo: Contrata\u00e7\u00f5es, categorias de base, resultados das partidas, tabela de classifica\u00e7\u00e3o, pr\u00f3ximos jogos!\",\"potentialAction\":[{\"@type\":\"SearchAction\",\"target\":{\"@type\":\"EntryPoint\",\"urlTemplate\":\"https:\/\/www.gaveanews.com\/?s={search_term_string}\"},\"query-input\":{\"@type\":\"PropertyValueSpecification\",\"valueRequired\":true,\"valueName\":\"search_term_string\"}}],\"inLanguage\":\"pt-BR\"},{\"@type\":\"Person\",\"@id\":\"https:\/\/www.gaveanews.com\/#\/schema\/person\/a9f62fe75380c6bada1b2fc49bc23d69\",\"name\":\"Marco Menezes\",\"image\":{\"@type\":\"ImageObject\",\"inLanguage\":\"pt-BR\",\"@id\":\"https:\/\/www.gaveanews.com\/#\/schema\/person\/image\/\",\"url\":\"https:\/\/secure.gravatar.com\/avatar\/a1d148ae17fc8bfc5dbccffd07979e8bd2c9ba494221779de86ec2c7907b71ec?s=96&d=mm&r=g\",\"contentUrl\":\"https:\/\/secure.gravatar.com\/avatar\/a1d148ae17fc8bfc5dbccffd07979e8bd2c9ba494221779de86ec2c7907b71ec?s=96&d=mm&r=g\",\"caption\":\"Marco Menezes\"}}]}<\/script>\n<!-- \/ Yoast SEO Premium plugin. -->","yoast_head_json":{"title":"Tite no Botafogo: a declara\u00e7\u00e3o de Fernanda Maia","robots":{"index":"index","follow":"follow","max-snippet":"max-snippet:-1","max-image-preview":"max-image-preview:large","max-video-preview":"max-video-preview:-1"},"canonical":"https:\/\/www.gaveanews.com\/index.php\/2025\/02\/04\/tite-no-botafogo-a-declaracao-de-fernanda-maia\/","og_locale":"pt_BR","og_type":"article","og_title":"Tite no Botafogo: a declara\u00e7\u00e3o de Fernanda Maia","og_description":"A apresentadora Fernanda Maia, do SBT Sports, repercutiu a possibilidade do treinador Tite assumir o comando do Botafogo. A apresentadora revelou que John Textor ter\u00e1 papel fundamental na escolha, mas que pela an\u00e1lise que ela tem feito, o torcedor n\u00e3o gostou muito da ideia. Desde que Artur Jorge foi embora para o Al-Rayyan, do Catar, [&hellip;]","og_url":"https:\/\/www.gaveanews.com\/index.php\/2025\/02\/04\/tite-no-botafogo-a-declaracao-de-fernanda-maia\/","og_site_name":"G\u00e1vea News","article_publisher":"https:\/\/facebook.com\/gaveaNews\/","article_published_time":"2025-02-05T00:05:00+00:00","og_image":[{"width":489,"height":349,"url":"https:\/\/www.gaveanews.com\/wp-content\/uploads\/Tite-durante-entrevista-coletiva.webp","type":"image\/jpeg"}],"author":"Marco Menezes","twitter_card":"summary_large_image","twitter_misc":{"Escrito por":"Marco Menezes","Est. tempo de leitura":"3 minutos"},"schema":{"@context":"https:\/\/schema.org","@graph":[{"@type":"NewsArticle","@id":"https:\/\/www.gaveanews.com\/index.php\/2025\/02\/04\/tite-no-botafogo-a-declaracao-de-fernanda-maia\/#article","isPartOf":{"@id":"https:\/\/www.gaveanews.com\/index.php\/2025\/02\/04\/tite-no-botafogo-a-declaracao-de-fernanda-maia\/"},"author":{"name":"Marco Menezes","@id":"https:\/\/www.gaveanews.com\/#\/schema\/person\/a9f62fe75380c6bada1b2fc49bc23d69"},"headline":"Tite no Botafogo: a declara\u00e7\u00e3o de Fernanda Maia","datePublished":"2025-02-05T00:05:00+00:00","mainEntityOfPage":{"@id":"https:\/\/www.gaveanews.com\/index.php\/2025\/02\/04\/tite-no-botafogo-a-declaracao-de-fernanda-maia\/"},"wordCount":465,"commentCount":0,"image":{"@id":"https:\/\/www.gaveanews.com\/index.php\/2025\/02\/04\/tite-no-botafogo-a-declaracao-de-fernanda-maia\/#primaryimage"},"thumbnailUrl":"https:\/\/www.gaveanews.com\/wp-content\/uploads\/Tite-durante-entrevista-coletiva.webp","articleSection":["Botafogo"],"inLanguage":"pt-BR","potentialAction":[{"@type":"CommentAction","name":"Comment","target":["https:\/\/www.gaveanews.com\/index.php\/2025\/02\/04\/tite-no-botafogo-a-declaracao-de-fernanda-maia\/#respond"]}],"copyrightYear":"2025","copyrightHolder":{"@id":"https:\/\/www.gaveanews.com\/#organization"}},{"@type":"WebPage","@id":"https:\/\/www.gaveanews.com\/index.php\/2025\/02\/04\/tite-no-botafogo-a-declaracao-de-fernanda-maia\/","url":"https:\/\/www.gaveanews.com\/index.php\/2025\/02\/04\/tite-no-botafogo-a-declaracao-de-fernanda-maia\/","name":"Tite no Botafogo: a declara\u00e7\u00e3o de Fernanda Maia","isPartOf":{"@id":"https:\/\/www.gaveanews.com\/#website"},"primaryImageOfPage":{"@id":"https:\/\/www.gaveanews.com\/index.php\/2025\/02\/04\/tite-no-botafogo-a-declaracao-de-fernanda-maia\/#primaryimage"},"image":{"@id":"https:\/\/www.gaveanews.com\/index.php\/2025\/02\/04\/tite-no-botafogo-a-declaracao-de-fernanda-maia\/#primaryimage"},"thumbnailUrl":"https:\/\/www.gaveanews.com\/wp-content\/uploads\/Tite-durante-entrevista-coletiva.webp","datePublished":"2025-02-05T00:05:00+00:00","author":{"@id":"https:\/\/www.gaveanews.com\/#\/schema\/person\/a9f62fe75380c6bada1b2fc49bc23d69"},"breadcrumb":{"@id":"https:\/\/www.gaveanews.com\/index.php\/2025\/02\/04\/tite-no-botafogo-a-declaracao-de-fernanda-maia\/#breadcrumb"},"inLanguage":"pt-BR","potentialAction":[{"@type":"ReadAction","target":["https:\/\/www.gaveanews.com\/index.php\/2025\/02\/04\/tite-no-botafogo-a-declaracao-de-fernanda-maia\/"]}]},{"@type":"ImageObject","inLanguage":"pt-BR","@id":"https:\/\/www.gaveanews.com\/index.php\/2025\/02\/04\/tite-no-botafogo-a-declaracao-de-fernanda-maia\/#primaryimage","url":"https:\/\/www.gaveanews.com\/wp-content\/uploads\/Tite-durante-entrevista-coletiva.webp","contentUrl":"https:\/\/www.gaveanews.com\/wp-content\/uploads\/Tite-durante-entrevista-coletiva.webp","width":489,"height":349,"caption":"Tite durante entrevista coletiva (Foto: Reprodu\u00e7\u00e3o\/FlaTV)"},{"@type":"BreadcrumbList","@id":"https:\/\/www.gaveanews.com\/index.php\/2025\/02\/04\/tite-no-botafogo-a-declaracao-de-fernanda-maia\/#breadcrumb","itemListElement":[{"@type":"ListItem","position":1,"name":"Home","item":"https:\/\/www.gaveanews.com\/"},{"@type":"ListItem","position":2,"name":"Tite no Botafogo: a declara\u00e7\u00e3o de Fernanda Maia"}]},{"@type":"WebSite","@id":"https:\/\/www.gaveanews.com\/#website","url":"https:\/\/www.gaveanews.com\/","name":"G\u00e1vea News","description":"Veja todas as not\u00edcias sobre o Flamengo: Contrata\u00e7\u00f5es, categorias de base, resultados das partidas, tabela de classifica\u00e7\u00e3o, pr\u00f3ximos jogos!","potentialAction":[{"@type":"SearchAction","target":{"@type":"EntryPoint","urlTemplate":"https:\/\/www.gaveanews.com\/?s={search_term_string}"},"query-input":{"@type":"PropertyValueSpecification","valueRequired":true,"valueName":"search_term_string"}}],"inLanguage":"pt-BR"},{"@type":"Person","@id":"https:\/\/www.gaveanews.com\/#\/schema\/person\/a9f62fe75380c6bada1b2fc49bc23d69","name":"Marco Menezes","image":{"@type":"ImageObject","inLanguage":"pt-BR","@id":"https:\/\/www.gaveanews.com\/#\/schema\/person\/image\/","url":"https:\/\/secure.gravatar.com\/avatar\/a1d148ae17fc8bfc5dbccffd07979e8bd2c9ba494221779de86ec2c7907b71ec?s=96&d=mm&r=g","contentUrl":"https:\/\/secure.gravatar.com\/avatar\/a1d148ae17fc8bfc5dbccffd07979e8bd2c9ba494221779de86ec2c7907b71ec?s=96&d=mm&r=g","caption":"Marco Menezes"}}]}},"_links":{"self":[{"href":"https:\/\/www.gaveanews.com\/index.php\/wp-json\/wp\/v2\/posts\/223182","targetHints":{"allow":["GET"]}}],"collection":[{"href":"https:\/\/www.gaveanews.com\/index.php\/wp-json\/wp\/v2\/posts"}],"about":[{"href":"https:\/\/www.gaveanews.com\/index.php\/wp-json\/wp\/v2\/types\/post"}],"author":[{"embeddable":true,"href":"https:\/\/www.gaveanews.com\/index.php\/wp-json\/wp\/v2\/users\/29"}],"replies":[{"embeddable":true,"href":"https:\/\/www.gaveanews.com\/index.php\/wp-json\/wp\/v2\/comments?post=223182"}],"version-history":[{"count":1,"href":"https:\/\/www.gaveanews.com\/index.php\/wp-json\/wp\/v2\/posts\/223182\/revisions"}],"predecessor-version":[{"id":223183,"href":"https:\/\/www.gaveanews.com\/index.php\/wp-json\/wp\/v2\/posts\/223182\/revisions\/223183"}],"wp:featuredmedia":[{"embeddable":true,"href":"https:\/\/www.gaveanews.com\/index.php\/wp-json\/wp\/v2\/media\/170055"}],"wp:attachment":[{"href":"https:\/\/www.gaveanews.com\/index.php\/wp-json\/wp\/v2\/media?parent=223182"}],"wp:term":[{"taxonomy":"category","embeddable":true,"href":"https:\/\/www.gaveanews.com\/index.php\/wp-json\/wp\/v2\/categories?post=223182"},{"taxonomy":"post_tag","embeddable":true,"href":"https:\/\/www.gaveanews.com\/index.php\/wp-json\/wp\/v2\/tags?post=223182"}],"curies":[{"name":"wp","href":"https:\/\/api.w.org\/{rel}","templated":true}]}}