{"id":223187,"date":"2025-02-04T21:25:00","date_gmt":"2025-02-05T00:25:00","guid":{"rendered":"https:\/\/www.gaveanews.com\/?p=223187"},"modified":"2025-02-04T20:36:21","modified_gmt":"2025-02-04T23:36:21","slug":"cristiano-ronaldo-revela-o-verdadeiro-motivo-da-saida-do-real-madrid","status":"publish","type":"post","link":"https:\/\/www.gaveanews.com\/index.php\/2025\/02\/04\/cristiano-ronaldo-revela-o-verdadeiro-motivo-da-saida-do-real-madrid\/","title":{"rendered":"Cristiano Ronaldo revela o verdadeiro motivo da sa\u00edda do Real Madrid"},"content":{"rendered":"\n<h2 class=\"wp-block-heading\" id=\"h-\"><\/h2>\n\n\n\n<p>Cristiano Ronaldo conhecido como CR7 deu uma entrevista para o canal espanhol La Sexta, onde se declarou o maior jogador da hist\u00f3ria, superando Pel\u00e9, Maradona e Messi.<\/p>\n\n\n\n<p>&#8220;Eu creio que sim. Sinceramente, nunca vi ningu\u00e9m melhor do que eu. Creio que sou o jogador mais completo que existiu, disse ele.&#8221;<\/p>\n\n\n\n<p>Segundo o craque, n\u00e3o hesitou em comentar de forma contundente sobre sua sa\u00edda do Real Madrid, em 2018. a decis\u00e3o de deixar o Santiago Bernab\u00e9u foi sua, ap\u00f3s receber uma proposta da Juventus. Assim, teve in\u00edcio um processo de persuas\u00e3o com o presidente do clube merengue, Florentino P\u00e9rez, que se mostrou r\u00edgido nas negocia\u00e7\u00f5es.<\/p>\n\n\n\n<figure class=\"wp-block-image size-large\"><img loading=\"lazy\" decoding=\"async\" width=\"1024\" height=\"576\" src=\"http:\/\/www.gaveanews.com\/wp-content\/uploads\/Florentino-Perez-posa-para-foto-apos-o-Real-Madrid-ganhar-sua-14a-Champions-League-1024x576.webp\" alt=\"\" class=\"wp-image-110238\" srcset=\"https:\/\/www.gaveanews.com\/wp-content\/uploads\/Florentino-Perez-posa-para-foto-apos-o-Real-Madrid-ganhar-sua-14a-Champions-League-1024x576.webp 1024w, https:\/\/www.gaveanews.com\/wp-content\/uploads\/Florentino-Perez-posa-para-foto-apos-o-Real-Madrid-ganhar-sua-14a-Champions-League-300x169.webp 300w, https:\/\/www.gaveanews.com\/wp-content\/uploads\/Florentino-Perez-posa-para-foto-apos-o-Real-Madrid-ganhar-sua-14a-Champions-League-768x432.webp 768w, https:\/\/www.gaveanews.com\/wp-content\/uploads\/Florentino-Perez-posa-para-foto-apos-o-Real-Madrid-ganhar-sua-14a-Champions-League-1536x864.webp 1536w, https:\/\/www.gaveanews.com\/wp-content\/uploads\/Florentino-Perez-posa-para-foto-apos-o-Real-Madrid-ganhar-sua-14a-Champions-League-747x420.webp 747w, https:\/\/www.gaveanews.com\/wp-content\/uploads\/Florentino-Perez-posa-para-foto-apos-o-Real-Madrid-ganhar-sua-14a-Champions-League-1493x840.webp 1493w, https:\/\/www.gaveanews.com\/wp-content\/uploads\/Florentino-Perez-posa-para-foto-apos-o-Real-Madrid-ganhar-sua-14a-Champions-League-640x360.webp 640w, https:\/\/www.gaveanews.com\/wp-content\/uploads\/Florentino-Perez-posa-para-foto-apos-o-Real-Madrid-ganhar-sua-14a-Champions-League-1280x720.webp 1280w, https:\/\/www.gaveanews.com\/wp-content\/uploads\/Florentino-Perez-posa-para-foto-apos-o-Real-Madrid-ganhar-sua-14a-Champions-League-681x383.webp 681w, https:\/\/www.gaveanews.com\/wp-content\/uploads\/Florentino-Perez-posa-para-foto-apos-o-Real-Madrid-ganhar-sua-14a-Champions-League-1362x766.webp 1362w, https:\/\/www.gaveanews.com\/wp-content\/uploads\/Florentino-Perez-posa-para-foto-apos-o-Real-Madrid-ganhar-sua-14a-Champions-League-100x56.webp 100w, https:\/\/www.gaveanews.com\/wp-content\/uploads\/Florentino-Perez-posa-para-foto-apos-o-Real-Madrid-ganhar-sua-14a-Champions-League.webp 1920w\" sizes=\"auto, (max-width: 1024px) 100vw, 1024px\" \/><figcaption class=\"wp-element-caption\">Florentino P\u00e9rez posa para foto ap\u00f3s o Real Madrid ganhar sua 14\u00aa Champions League (Foto: Reprodu\u00e7\u00e3o\/Real Madrid)<\/figcaption><\/figure>\n\n\n\n<p>&#8220;Eu queria um cap\u00edtulo diferente, pois sentia que minha etapa (no Real Madrid) estava encerrada. Queria uma motiva\u00e7\u00e3o diferente&#8221;, explicou, sobre os motivos que levaram \u00e0 vontade de deixar Madri.<\/p>\n\n\n\n<p>&#8220;(A sa\u00edda) N\u00e3o foi algo que me desgastou. Eu falei primeiro com o presidente e ele aceitou que eu poderia sair. Mas a\u00ed entramos em fase de negocia\u00e7\u00e3o e ele n\u00e3o se comportou t\u00e3o bem comigo&#8221;, seguiu.<\/p>\n\n\n\n<p>&#8220;Eu entendo, porque ele sempre faz isso&#8230; Mas eu n\u00e3o podia recuar, porque j\u00e1 tinha dado minha palavra \u00e0 Juventus, mesmo com o presidente querendo desistir de tudo&#8221;, explicou.<\/p>\n\n\n\n<p>&#8220;Mas aprecio muito o Florentino. \u00c9 uma pessoa s\u00e9ria, que me tratou muito bem. Ganhamos muitas coisas juntos&#8221;, completou.<\/p>\n\n\n\n<p>Em outro momento da entrevista o jogador portugu\u00eas, que completar\u00e1 40 anos na pr\u00f3xima quinta-feira, afirmou que respeita as opini\u00f5es divergentes, por\u00e9m, defendeu sua vis\u00e3o.<\/p>\n\n\n\n<p>Durante a entrevista, o atacante do Al-Nassr, da Ar\u00e1bia Saudita, voltou a se autoproclamar como o maior jogador da hist\u00f3ria, utilizando seus gols como base. Com os dois tentos marcados nesta segunda-feira na goleada de 4 a 0 sobre o Al-Wasl, pela Liga dos Campe\u00f5es da \u00c1sia, o portugu\u00eas atingiu a marca de 923 gols em partidas oficiais.<\/p>\n\n\n\n<p>&#8220;Eu fa\u00e7o tudo no futebol. Sou bom de cabe\u00e7a, bato bem faltas, chuto bem de esquerda, sou r\u00e1pido, sou forte.&nbsp;Uma coisa s\u00e3o gostos, uns gostam mais de Messi,&nbsp;Pel\u00e9&nbsp;ou Maradona. Eu entendo isso, e respeito. Mas dizer que Cristiano n\u00e3o \u00e9 completo \u00e9 mentira. Sou o mais completo ,completou.&#8221;<\/p>\n\n\n\n<p>&#8221;&nbsp;O melhor da hist\u00f3ria sou eu. Ponto final. Os n\u00fameros dizem isso. N\u00e3o vou dizer &#8220;Ah, tenho que chegar aos mil&#8221;. Se eu chegar, \u00f3timo. N\u00e3o penso a longo prazo, eu penso no momento, no presente.&#8221;<\/p>\n","protected":false},"excerpt":{"rendered":"<p>Cristiano Ronaldo conhecido como CR7 deu uma entrevista para o canal espanhol La Sexta, onde se declarou o maior jogador da hist\u00f3ria, superando Pel\u00e9, Maradona e Messi. &#8220;Eu creio que sim. Sinceramente, nunca vi ningu\u00e9m melhor do que eu. Creio que sou o jogador mais completo que existiu, disse ele.&#8221; Segundo o craque, n\u00e3o hesitou [&hellip;]<\/p>\n","protected":false},"author":16,"featured_media":167469,"comment_status":"open","ping_status":"closed","sticky":false,"template":"","format":"standard","meta":{"footnotes":""},"categories":[246,88],"tags":[],"class_list":["post-223187","post","type-post","status-publish","format-standard","has-post-thumbnail","hentry","category-al-nassr","category-real-madrid"],"yoast_head":"<!-- This site is optimized with the Yoast SEO Premium plugin v24.2 (Yoast SEO v26.9) - https:\/\/yoast.com\/product\/yoast-seo-premium-wordpress\/ -->\n<title>Cristiano Ronaldo revela o verdadeiro motivo da sa\u00edda do Real Madrid<\/title>\n<meta name=\"robots\" content=\"index, follow, max-snippet:-1, max-image-preview:large, max-video-preview:-1\" \/>\n<link rel=\"canonical\" href=\"https:\/\/www.gaveanews.com\/index.php\/2025\/02\/04\/cristiano-ronaldo-revela-o-verdadeiro-motivo-da-saida-do-real-madrid\/\" \/>\n<meta property=\"og:locale\" content=\"pt_BR\" \/>\n<meta property=\"og:type\" content=\"article\" \/>\n<meta property=\"og:title\" content=\"Cristiano Ronaldo revela o verdadeiro motivo da sa\u00edda do Real Madrid\" \/>\n<meta property=\"og:description\" content=\"Cristiano Ronaldo conhecido como CR7 deu uma entrevista para o canal espanhol La Sexta, onde se declarou o maior jogador da hist\u00f3ria, superando Pel\u00e9, Maradona e Messi. &#8220;Eu creio que sim. Sinceramente, nunca vi ningu\u00e9m melhor do que eu. Creio que sou o jogador mais completo que existiu, disse ele.&#8221; Segundo o craque, n\u00e3o hesitou [&hellip;]\" \/>\n<meta property=\"og:url\" content=\"https:\/\/www.gaveanews.com\/index.php\/2025\/02\/04\/cristiano-ronaldo-revela-o-verdadeiro-motivo-da-saida-do-real-madrid\/\" \/>\n<meta property=\"og:site_name\" content=\"G\u00e1vea News\" \/>\n<meta property=\"article:publisher\" content=\"https:\/\/facebook.com\/gaveaNews\/\" \/>\n<meta property=\"article:published_time\" content=\"2025-02-05T00:25:00+00:00\" \/>\n<meta property=\"og:image\" content=\"https:\/\/www.gaveanews.com\/wp-content\/uploads\/Cristiano-Ronaldo-com-a-camisa-do-Al-Nassr-em-2024.webp\" \/>\n\t<meta property=\"og:image:width\" content=\"1397\" \/>\n\t<meta property=\"og:image:height\" content=\"931\" \/>\n\t<meta property=\"og:image:type\" content=\"image\/webp\" \/>\n<meta name=\"author\" content=\"D\u00e9bora Figueiredo\" \/>\n<meta name=\"twitter:card\" content=\"summary_large_image\" \/>\n<meta name=\"twitter:label1\" content=\"Escrito por\" \/>\n\t<meta name=\"twitter:data1\" content=\"D\u00e9bora Figueiredo\" \/>\n\t<meta name=\"twitter:label2\" content=\"Est. tempo de leitura\" \/>\n\t<meta name=\"twitter:data2\" content=\"3 minutos\" \/>\n<script type=\"application\/ld+json\" class=\"yoast-schema-graph\">{\"@context\":\"https:\/\/schema.org\",\"@graph\":[{\"@type\":\"NewsArticle\",\"@id\":\"https:\/\/www.gaveanews.com\/index.php\/2025\/02\/04\/cristiano-ronaldo-revela-o-verdadeiro-motivo-da-saida-do-real-madrid\/#article\",\"isPartOf\":{\"@id\":\"https:\/\/www.gaveanews.com\/index.php\/2025\/02\/04\/cristiano-ronaldo-revela-o-verdadeiro-motivo-da-saida-do-real-madrid\/\"},\"author\":{\"name\":\"D\u00e9bora Figueiredo\",\"@id\":\"https:\/\/www.gaveanews.com\/#\/schema\/person\/37122681a8575a5c8db05a56f099a5e4\"},\"headline\":\"Cristiano Ronaldo revela o verdadeiro motivo da sa\u00edda do Real Madrid\",\"datePublished\":\"2025-02-05T00:25:00+00:00\",\"mainEntityOfPage\":{\"@id\":\"https:\/\/www.gaveanews.com\/index.php\/2025\/02\/04\/cristiano-ronaldo-revela-o-verdadeiro-motivo-da-saida-do-real-madrid\/\"},\"wordCount\":454,\"commentCount\":0,\"image\":{\"@id\":\"https:\/\/www.gaveanews.com\/index.php\/2025\/02\/04\/cristiano-ronaldo-revela-o-verdadeiro-motivo-da-saida-do-real-madrid\/#primaryimage\"},\"thumbnailUrl\":\"https:\/\/www.gaveanews.com\/wp-content\/uploads\/Cristiano-Ronaldo-com-a-camisa-do-Al-Nassr-em-2024.webp\",\"articleSection\":[\"Al-Nassr\",\"Real Madrid\"],\"inLanguage\":\"pt-BR\",\"potentialAction\":[{\"@type\":\"CommentAction\",\"name\":\"Comment\",\"target\":[\"https:\/\/www.gaveanews.com\/index.php\/2025\/02\/04\/cristiano-ronaldo-revela-o-verdadeiro-motivo-da-saida-do-real-madrid\/#respond\"]}],\"copyrightYear\":\"2025\",\"copyrightHolder\":{\"@id\":\"https:\/\/www.gaveanews.com\/#organization\"}},{\"@type\":\"WebPage\",\"@id\":\"https:\/\/www.gaveanews.com\/index.php\/2025\/02\/04\/cristiano-ronaldo-revela-o-verdadeiro-motivo-da-saida-do-real-madrid\/\",\"url\":\"https:\/\/www.gaveanews.com\/index.php\/2025\/02\/04\/cristiano-ronaldo-revela-o-verdadeiro-motivo-da-saida-do-real-madrid\/\",\"name\":\"Cristiano Ronaldo revela o verdadeiro motivo da sa\u00edda do Real Madrid\",\"isPartOf\":{\"@id\":\"https:\/\/www.gaveanews.com\/#website\"},\"primaryImageOfPage\":{\"@id\":\"https:\/\/www.gaveanews.com\/index.php\/2025\/02\/04\/cristiano-ronaldo-revela-o-verdadeiro-motivo-da-saida-do-real-madrid\/#primaryimage\"},\"image\":{\"@id\":\"https:\/\/www.gaveanews.com\/index.php\/2025\/02\/04\/cristiano-ronaldo-revela-o-verdadeiro-motivo-da-saida-do-real-madrid\/#primaryimage\"},\"thumbnailUrl\":\"https:\/\/www.gaveanews.com\/wp-content\/uploads\/Cristiano-Ronaldo-com-a-camisa-do-Al-Nassr-em-2024.webp\",\"datePublished\":\"2025-02-05T00:25:00+00:00\",\"author\":{\"@id\":\"https:\/\/www.gaveanews.com\/#\/schema\/person\/37122681a8575a5c8db05a56f099a5e4\"},\"breadcrumb\":{\"@id\":\"https:\/\/www.gaveanews.com\/index.php\/2025\/02\/04\/cristiano-ronaldo-revela-o-verdadeiro-motivo-da-saida-do-real-madrid\/#breadcrumb\"},\"inLanguage\":\"pt-BR\",\"potentialAction\":[{\"@type\":\"ReadAction\",\"target\":[\"https:\/\/www.gaveanews.com\/index.php\/2025\/02\/04\/cristiano-ronaldo-revela-o-verdadeiro-motivo-da-saida-do-real-madrid\/\"]}]},{\"@type\":\"ImageObject\",\"inLanguage\":\"pt-BR\",\"@id\":\"https:\/\/www.gaveanews.com\/index.php\/2025\/02\/04\/cristiano-ronaldo-revela-o-verdadeiro-motivo-da-saida-do-real-madrid\/#primaryimage\",\"url\":\"https:\/\/www.gaveanews.com\/wp-content\/uploads\/Cristiano-Ronaldo-com-a-camisa-do-Al-Nassr-em-2024.webp\",\"contentUrl\":\"https:\/\/www.gaveanews.com\/wp-content\/uploads\/Cristiano-Ronaldo-com-a-camisa-do-Al-Nassr-em-2024.webp\",\"width\":1397,\"height\":931,\"caption\":\"Cristiano Ronaldo com a camisa do Al Nassr em 2024 (Foto: Reprodu\u00e7\u00e3o\/Al Nassr)\"},{\"@type\":\"BreadcrumbList\",\"@id\":\"https:\/\/www.gaveanews.com\/index.php\/2025\/02\/04\/cristiano-ronaldo-revela-o-verdadeiro-motivo-da-saida-do-real-madrid\/#breadcrumb\",\"itemListElement\":[{\"@type\":\"ListItem\",\"position\":1,\"name\":\"Home\",\"item\":\"https:\/\/www.gaveanews.com\/\"},{\"@type\":\"ListItem\",\"position\":2,\"name\":\"Cristiano Ronaldo revela o verdadeiro motivo da sa\u00edda do Real Madrid\"}]},{\"@type\":\"WebSite\",\"@id\":\"https:\/\/www.gaveanews.com\/#website\",\"url\":\"https:\/\/www.gaveanews.com\/\",\"name\":\"G\u00e1vea News\",\"description\":\"Veja todas as not\u00edcias sobre o Flamengo: Contrata\u00e7\u00f5es, categorias de base, resultados das partidas, tabela de classifica\u00e7\u00e3o, pr\u00f3ximos jogos!\",\"potentialAction\":[{\"@type\":\"SearchAction\",\"target\":{\"@type\":\"EntryPoint\",\"urlTemplate\":\"https:\/\/www.gaveanews.com\/?s={search_term_string}\"},\"query-input\":{\"@type\":\"PropertyValueSpecification\",\"valueRequired\":true,\"valueName\":\"search_term_string\"}}],\"inLanguage\":\"pt-BR\"},{\"@type\":\"Person\",\"@id\":\"https:\/\/www.gaveanews.com\/#\/schema\/person\/37122681a8575a5c8db05a56f099a5e4\",\"name\":\"D\u00e9bora Figueiredo\",\"image\":{\"@type\":\"ImageObject\",\"inLanguage\":\"pt-BR\",\"@id\":\"https:\/\/www.gaveanews.com\/#\/schema\/person\/image\/\",\"url\":\"https:\/\/secure.gravatar.com\/avatar\/1f44802859351588499d26f52aed1d15796ce17e67602895b72837c08018868d?s=96&d=mm&r=g\",\"contentUrl\":\"https:\/\/secure.gravatar.com\/avatar\/1f44802859351588499d26f52aed1d15796ce17e67602895b72837c08018868d?s=96&d=mm&r=g\",\"caption\":\"D\u00e9bora Figueiredo\"}}]}<\/script>\n<!-- \/ Yoast SEO Premium plugin. -->","yoast_head_json":{"title":"Cristiano Ronaldo revela o verdadeiro motivo da sa\u00edda do Real Madrid","robots":{"index":"index","follow":"follow","max-snippet":"max-snippet:-1","max-image-preview":"max-image-preview:large","max-video-preview":"max-video-preview:-1"},"canonical":"https:\/\/www.gaveanews.com\/index.php\/2025\/02\/04\/cristiano-ronaldo-revela-o-verdadeiro-motivo-da-saida-do-real-madrid\/","og_locale":"pt_BR","og_type":"article","og_title":"Cristiano Ronaldo revela o verdadeiro motivo da sa\u00edda do Real Madrid","og_description":"Cristiano Ronaldo conhecido como CR7 deu uma entrevista para o canal espanhol La Sexta, onde se declarou o maior jogador da hist\u00f3ria, superando Pel\u00e9, Maradona e Messi. &#8220;Eu creio que sim. Sinceramente, nunca vi ningu\u00e9m melhor do que eu. Creio que sou o jogador mais completo que existiu, disse ele.&#8221; Segundo o craque, n\u00e3o hesitou [&hellip;]","og_url":"https:\/\/www.gaveanews.com\/index.php\/2025\/02\/04\/cristiano-ronaldo-revela-o-verdadeiro-motivo-da-saida-do-real-madrid\/","og_site_name":"G\u00e1vea News","article_publisher":"https:\/\/facebook.com\/gaveaNews\/","article_published_time":"2025-02-05T00:25:00+00:00","og_image":[{"width":1397,"height":931,"url":"https:\/\/www.gaveanews.com\/wp-content\/uploads\/Cristiano-Ronaldo-com-a-camisa-do-Al-Nassr-em-2024.webp","type":"image\/webp"}],"author":"D\u00e9bora Figueiredo","twitter_card":"summary_large_image","twitter_misc":{"Escrito por":"D\u00e9bora Figueiredo","Est. tempo de leitura":"3 minutos"},"schema":{"@context":"https:\/\/schema.org","@graph":[{"@type":"NewsArticle","@id":"https:\/\/www.gaveanews.com\/index.php\/2025\/02\/04\/cristiano-ronaldo-revela-o-verdadeiro-motivo-da-saida-do-real-madrid\/#article","isPartOf":{"@id":"https:\/\/www.gaveanews.com\/index.php\/2025\/02\/04\/cristiano-ronaldo-revela-o-verdadeiro-motivo-da-saida-do-real-madrid\/"},"author":{"name":"D\u00e9bora Figueiredo","@id":"https:\/\/www.gaveanews.com\/#\/schema\/person\/37122681a8575a5c8db05a56f099a5e4"},"headline":"Cristiano Ronaldo revela o verdadeiro motivo da sa\u00edda do Real Madrid","datePublished":"2025-02-05T00:25:00+00:00","mainEntityOfPage":{"@id":"https:\/\/www.gaveanews.com\/index.php\/2025\/02\/04\/cristiano-ronaldo-revela-o-verdadeiro-motivo-da-saida-do-real-madrid\/"},"wordCount":454,"commentCount":0,"image":{"@id":"https:\/\/www.gaveanews.com\/index.php\/2025\/02\/04\/cristiano-ronaldo-revela-o-verdadeiro-motivo-da-saida-do-real-madrid\/#primaryimage"},"thumbnailUrl":"https:\/\/www.gaveanews.com\/wp-content\/uploads\/Cristiano-Ronaldo-com-a-camisa-do-Al-Nassr-em-2024.webp","articleSection":["Al-Nassr","Real Madrid"],"inLanguage":"pt-BR","potentialAction":[{"@type":"CommentAction","name":"Comment","target":["https:\/\/www.gaveanews.com\/index.php\/2025\/02\/04\/cristiano-ronaldo-revela-o-verdadeiro-motivo-da-saida-do-real-madrid\/#respond"]}],"copyrightYear":"2025","copyrightHolder":{"@id":"https:\/\/www.gaveanews.com\/#organization"}},{"@type":"WebPage","@id":"https:\/\/www.gaveanews.com\/index.php\/2025\/02\/04\/cristiano-ronaldo-revela-o-verdadeiro-motivo-da-saida-do-real-madrid\/","url":"https:\/\/www.gaveanews.com\/index.php\/2025\/02\/04\/cristiano-ronaldo-revela-o-verdadeiro-motivo-da-saida-do-real-madrid\/","name":"Cristiano Ronaldo revela o verdadeiro motivo da sa\u00edda do Real Madrid","isPartOf":{"@id":"https:\/\/www.gaveanews.com\/#website"},"primaryImageOfPage":{"@id":"https:\/\/www.gaveanews.com\/index.php\/2025\/02\/04\/cristiano-ronaldo-revela-o-verdadeiro-motivo-da-saida-do-real-madrid\/#primaryimage"},"image":{"@id":"https:\/\/www.gaveanews.com\/index.php\/2025\/02\/04\/cristiano-ronaldo-revela-o-verdadeiro-motivo-da-saida-do-real-madrid\/#primaryimage"},"thumbnailUrl":"https:\/\/www.gaveanews.com\/wp-content\/uploads\/Cristiano-Ronaldo-com-a-camisa-do-Al-Nassr-em-2024.webp","datePublished":"2025-02-05T00:25:00+00:00","author":{"@id":"https:\/\/www.gaveanews.com\/#\/schema\/person\/37122681a8575a5c8db05a56f099a5e4"},"breadcrumb":{"@id":"https:\/\/www.gaveanews.com\/index.php\/2025\/02\/04\/cristiano-ronaldo-revela-o-verdadeiro-motivo-da-saida-do-real-madrid\/#breadcrumb"},"inLanguage":"pt-BR","potentialAction":[{"@type":"ReadAction","target":["https:\/\/www.gaveanews.com\/index.php\/2025\/02\/04\/cristiano-ronaldo-revela-o-verdadeiro-motivo-da-saida-do-real-madrid\/"]}]},{"@type":"ImageObject","inLanguage":"pt-BR","@id":"https:\/\/www.gaveanews.com\/index.php\/2025\/02\/04\/cristiano-ronaldo-revela-o-verdadeiro-motivo-da-saida-do-real-madrid\/#primaryimage","url":"https:\/\/www.gaveanews.com\/wp-content\/uploads\/Cristiano-Ronaldo-com-a-camisa-do-Al-Nassr-em-2024.webp","contentUrl":"https:\/\/www.gaveanews.com\/wp-content\/uploads\/Cristiano-Ronaldo-com-a-camisa-do-Al-Nassr-em-2024.webp","width":1397,"height":931,"caption":"Cristiano Ronaldo com a camisa do Al Nassr em 2024 (Foto: Reprodu\u00e7\u00e3o\/Al Nassr)"},{"@type":"BreadcrumbList","@id":"https:\/\/www.gaveanews.com\/index.php\/2025\/02\/04\/cristiano-ronaldo-revela-o-verdadeiro-motivo-da-saida-do-real-madrid\/#breadcrumb","itemListElement":[{"@type":"ListItem","position":1,"name":"Home","item":"https:\/\/www.gaveanews.com\/"},{"@type":"ListItem","position":2,"name":"Cristiano Ronaldo revela o verdadeiro motivo da sa\u00edda do Real Madrid"}]},{"@type":"WebSite","@id":"https:\/\/www.gaveanews.com\/#website","url":"https:\/\/www.gaveanews.com\/","name":"G\u00e1vea News","description":"Veja todas as not\u00edcias sobre o Flamengo: Contrata\u00e7\u00f5es, categorias de base, resultados das partidas, tabela de classifica\u00e7\u00e3o, pr\u00f3ximos jogos!","potentialAction":[{"@type":"SearchAction","target":{"@type":"EntryPoint","urlTemplate":"https:\/\/www.gaveanews.com\/?s={search_term_string}"},"query-input":{"@type":"PropertyValueSpecification","valueRequired":true,"valueName":"search_term_string"}}],"inLanguage":"pt-BR"},{"@type":"Person","@id":"https:\/\/www.gaveanews.com\/#\/schema\/person\/37122681a8575a5c8db05a56f099a5e4","name":"D\u00e9bora Figueiredo","image":{"@type":"ImageObject","inLanguage":"pt-BR","@id":"https:\/\/www.gaveanews.com\/#\/schema\/person\/image\/","url":"https:\/\/secure.gravatar.com\/avatar\/1f44802859351588499d26f52aed1d15796ce17e67602895b72837c08018868d?s=96&d=mm&r=g","contentUrl":"https:\/\/secure.gravatar.com\/avatar\/1f44802859351588499d26f52aed1d15796ce17e67602895b72837c08018868d?s=96&d=mm&r=g","caption":"D\u00e9bora Figueiredo"}}]}},"_links":{"self":[{"href":"https:\/\/www.gaveanews.com\/index.php\/wp-json\/wp\/v2\/posts\/223187","targetHints":{"allow":["GET"]}}],"collection":[{"href":"https:\/\/www.gaveanews.com\/index.php\/wp-json\/wp\/v2\/posts"}],"about":[{"href":"https:\/\/www.gaveanews.com\/index.php\/wp-json\/wp\/v2\/types\/post"}],"author":[{"embeddable":true,"href":"https:\/\/www.gaveanews.com\/index.php\/wp-json\/wp\/v2\/users\/16"}],"replies":[{"embeddable":true,"href":"https:\/\/www.gaveanews.com\/index.php\/wp-json\/wp\/v2\/comments?post=223187"}],"version-history":[{"count":2,"href":"https:\/\/www.gaveanews.com\/index.php\/wp-json\/wp\/v2\/posts\/223187\/revisions"}],"predecessor-version":[{"id":223286,"href":"https:\/\/www.gaveanews.com\/index.php\/wp-json\/wp\/v2\/posts\/223187\/revisions\/223286"}],"wp:featuredmedia":[{"embeddable":true,"href":"https:\/\/www.gaveanews.com\/index.php\/wp-json\/wp\/v2\/media\/167469"}],"wp:attachment":[{"href":"https:\/\/www.gaveanews.com\/index.php\/wp-json\/wp\/v2\/media?parent=223187"}],"wp:term":[{"taxonomy":"category","embeddable":true,"href":"https:\/\/www.gaveanews.com\/index.php\/wp-json\/wp\/v2\/categories?post=223187"},{"taxonomy":"post_tag","embeddable":true,"href":"https:\/\/www.gaveanews.com\/index.php\/wp-json\/wp\/v2\/tags?post=223187"}],"curies":[{"name":"wp","href":"https:\/\/api.w.org\/{rel}","templated":true}]}}