{"id":223192,"date":"2025-02-04T21:15:00","date_gmt":"2025-02-05T00:15:00","guid":{"rendered":"https:\/\/www.gaveanews.com\/?p=223192"},"modified":"2025-02-04T20:34:09","modified_gmt":"2025-02-04T23:34:09","slug":"internacional-entenda-como-rodinei-ajudou-na-contratacao-de-ramon","status":"publish","type":"post","link":"https:\/\/www.gaveanews.com\/index.php\/2025\/02\/04\/internacional-entenda-como-rodinei-ajudou-na-contratacao-de-ramon\/","title":{"rendered":"Internacional: entenda como Rodinei ajudou na contrata\u00e7\u00e3o de Ramon"},"content":{"rendered":"\n<p>O lateral-esquerdo Ramon est\u00e1 pronto para iniciar sua trajet\u00f3ria com a camisa 2 do Internacional. Com &#8216;empurr\u00e3ozinho&#8217; de Rodinei, o jogador de 23 anos assinou seu v\u00ednculo com o Colorado, sexto clube da carreira, at\u00e9 o fim de 2027. Ele escolheu a camisa n\u00famero 2 para escrever seu nome em Porto Alegre.<\/p>\n\n\n\n<p>Companheiros de posi\u00e7\u00e3o, Ramon e Rodinei foram parceiros pela primeira vez nos tempos de Flamengo, e o jovem contou com a experi\u00eancia do lateral no Colorado para buscar mais informa\u00e7\u00f5es sobre o clube. Atualmente no Olympiacos, Rodi, como \u00e9 carinhosamente chamado, defendeu a equipe ga\u00facha por empr\u00e9stimo durante a temporada 2020 &#8211; chegando ao vice do Campeonato Brasileiro daquela edi\u00e7\u00e3o.<\/p>\n\n\n\n<p>&#8220;Conversei com Rodinei, Nathan, Vit\u00e3o, que falaram do Inter e da torcida. Foram os motivos que fizeram eu estar aqui. Sou um lateral ofensivo. Gosto de apoiar, mas tamb\u00e9m marcar. Estou muito feliz por estar aqui. Agrade\u00e7o ao torcedor pelo apoio. Antes mesmo de fechar, j\u00e1 recebia mensagens e espero ajudar o Inter&#8221;, disse Ramon.<\/p>\n\n\n\n<h2 class=\"wp-block-heading\" id=\"h-chegada-ao-internacional\">Chegada ao Internacional<\/h2>\n\n\n\n<p>Conforme mencionado, o Inter ser\u00e1 o sexto clube da carreira de Ramon e quarto em solo brasileiro. O jovem deixou as categorias de base do Flamengo em 2020 para atuar pelo profissional at\u00e9 2023. Nesse per\u00edodo, contudo, foi emprestado ao Bragantino entre abril e dezembro de 2022. Ele ainda passou pelo Cuiab\u00e1 na temporada passada.<\/p>\n\n\n\n<p>Ramon reencontrou Rodinei no Olympiacos, da Gr\u00e9cia, antes de voltar ao Brasil para defender o Internacional. Apresentado oficialmente na \u00faltima segunda-feira, 3, no audit\u00f3rio do Est\u00e1dio Beira-Rio, o jovem foi um pedido do t\u00e9cnico Roger Machado.<\/p>\n\n\n\n<p>&#8220;Conversei com o Roger e ele disse que espera ver o Ramon que apareceu no Flamengo, com alegria e leve. Espero estar assim no fim do ano, comemorando coletiva e individualmente&#8221;, projetou.<\/p>\n\n\n\n<h2 class=\"wp-block-heading\" id=\"h-mais-de-ramon\">Mais de Ramon<\/h2>\n\n\n\n<p>O promissor lateral deixou o Brasil em uma negocia\u00e7\u00e3o de 1,5 milh\u00e3o de euros entre Flamengo e Olympiacos, em janeiro de 2023. Sete meses depois, ainda sem se firmar no futebol europeu, acabou emprestado ao Espanyol, da Espanha, at\u00e9 o in\u00edcio da temporada passada.<\/p>\n\n\n\n<p>Ramon mal retornou \u00e0 Gr\u00e9cia e foi novamente emprestado, mas dessa vez ao Cuiab\u00e1. Ele atuou pelo Auriverde da Baixada entre fevereiro e dezembro de 2024, com 46 partidas disputadas e dois gols marcados, al\u00e9m de quatro assist\u00eancias.<\/p>\n\n\n\n<p>O lateral destaca-se pela for\u00e7a ofensiva, com caracter\u00edsticas pr\u00f3ximas \u00e0s apresentadas por Bernabei &#8211; com quem disputar\u00e1 posi\u00e7\u00e3o. Ramon era tido como uma das promessas da base do Flamengo quando estreou no profissional sob o comando de Carpegiani.<\/p>\n","protected":false},"excerpt":{"rendered":"<p>O lateral-esquerdo Ramon est\u00e1 pronto para iniciar sua trajet\u00f3ria com a camisa 2 do Internacional. Com &#8216;empurr\u00e3ozinho&#8217; de Rodinei, o jogador de 23 anos assinou seu v\u00ednculo com o Colorado, sexto clube da carreira, at\u00e9 o fim de 2027. Ele escolheu a camisa n\u00famero 2 para escrever seu nome em Porto Alegre. Companheiros de posi\u00e7\u00e3o, [&hellip;]<\/p>\n","protected":false},"author":30,"featured_media":223194,"comment_status":"open","ping_status":"closed","sticky":false,"template":"","format":"standard","meta":{"footnotes":""},"categories":[148],"tags":[],"class_list":["post-223192","post","type-post","status-publish","format-standard","has-post-thumbnail","hentry","category-internacional"],"yoast_head":"<!-- This site is optimized with the Yoast SEO Premium plugin v24.2 (Yoast SEO v26.9) - https:\/\/yoast.com\/product\/yoast-seo-premium-wordpress\/ -->\n<title>Internacional: entenda como Rodinei ajudou na contrata\u00e7\u00e3o de Ramon<\/title>\n<meta name=\"robots\" content=\"index, follow, max-snippet:-1, max-image-preview:large, max-video-preview:-1\" \/>\n<link rel=\"canonical\" href=\"https:\/\/www.gaveanews.com\/index.php\/2025\/02\/04\/internacional-entenda-como-rodinei-ajudou-na-contratacao-de-ramon\/\" \/>\n<meta property=\"og:locale\" content=\"pt_BR\" \/>\n<meta property=\"og:type\" content=\"article\" \/>\n<meta property=\"og:title\" content=\"Internacional: entenda como Rodinei ajudou na contrata\u00e7\u00e3o de Ramon\" \/>\n<meta property=\"og:description\" content=\"O lateral-esquerdo Ramon est\u00e1 pronto para iniciar sua trajet\u00f3ria com a camisa 2 do Internacional. Com &#8216;empurr\u00e3ozinho&#8217; de Rodinei, o jogador de 23 anos assinou seu v\u00ednculo com o Colorado, sexto clube da carreira, at\u00e9 o fim de 2027. Ele escolheu a camisa n\u00famero 2 para escrever seu nome em Porto Alegre. Companheiros de posi\u00e7\u00e3o, [&hellip;]\" \/>\n<meta property=\"og:url\" content=\"https:\/\/www.gaveanews.com\/index.php\/2025\/02\/04\/internacional-entenda-como-rodinei-ajudou-na-contratacao-de-ramon\/\" \/>\n<meta property=\"og:site_name\" content=\"G\u00e1vea News\" \/>\n<meta property=\"article:publisher\" content=\"https:\/\/facebook.com\/gaveaNews\/\" \/>\n<meta property=\"article:published_time\" content=\"2025-02-05T00:15:00+00:00\" \/>\n<meta property=\"og:image\" content=\"https:\/\/www.gaveanews.com\/wp-content\/uploads\/image-34.webp\" \/>\n\t<meta property=\"og:image:width\" content=\"640\" \/>\n\t<meta property=\"og:image:height\" content=\"401\" \/>\n\t<meta property=\"og:image:type\" content=\"image\/png\" \/>\n<meta name=\"author\" content=\"Ana Teixeira\" \/>\n<meta name=\"twitter:card\" content=\"summary_large_image\" \/>\n<meta name=\"twitter:label1\" content=\"Escrito por\" \/>\n\t<meta name=\"twitter:data1\" content=\"Ana Teixeira\" \/>\n\t<meta name=\"twitter:label2\" content=\"Est. tempo de leitura\" \/>\n\t<meta name=\"twitter:data2\" content=\"3 minutos\" \/>\n<script type=\"application\/ld+json\" class=\"yoast-schema-graph\">{\"@context\":\"https:\/\/schema.org\",\"@graph\":[{\"@type\":\"NewsArticle\",\"@id\":\"https:\/\/www.gaveanews.com\/index.php\/2025\/02\/04\/internacional-entenda-como-rodinei-ajudou-na-contratacao-de-ramon\/#article\",\"isPartOf\":{\"@id\":\"https:\/\/www.gaveanews.com\/index.php\/2025\/02\/04\/internacional-entenda-como-rodinei-ajudou-na-contratacao-de-ramon\/\"},\"author\":{\"name\":\"Ana Teixeira\",\"@id\":\"https:\/\/www.gaveanews.com\/#\/schema\/person\/3b19f7288b0ce20372991275e4f2e6c2\"},\"headline\":\"Internacional: entenda como Rodinei ajudou na contrata\u00e7\u00e3o de Ramon\",\"datePublished\":\"2025-02-05T00:15:00+00:00\",\"mainEntityOfPage\":{\"@id\":\"https:\/\/www.gaveanews.com\/index.php\/2025\/02\/04\/internacional-entenda-como-rodinei-ajudou-na-contratacao-de-ramon\/\"},\"wordCount\":439,\"commentCount\":0,\"image\":{\"@id\":\"https:\/\/www.gaveanews.com\/index.php\/2025\/02\/04\/internacional-entenda-como-rodinei-ajudou-na-contratacao-de-ramon\/#primaryimage\"},\"thumbnailUrl\":\"https:\/\/www.gaveanews.com\/wp-content\/uploads\/image-34.webp\",\"articleSection\":[\"Internacional\"],\"inLanguage\":\"pt-BR\",\"potentialAction\":[{\"@type\":\"CommentAction\",\"name\":\"Comment\",\"target\":[\"https:\/\/www.gaveanews.com\/index.php\/2025\/02\/04\/internacional-entenda-como-rodinei-ajudou-na-contratacao-de-ramon\/#respond\"]}],\"copyrightYear\":\"2025\",\"copyrightHolder\":{\"@id\":\"https:\/\/www.gaveanews.com\/#organization\"}},{\"@type\":\"WebPage\",\"@id\":\"https:\/\/www.gaveanews.com\/index.php\/2025\/02\/04\/internacional-entenda-como-rodinei-ajudou-na-contratacao-de-ramon\/\",\"url\":\"https:\/\/www.gaveanews.com\/index.php\/2025\/02\/04\/internacional-entenda-como-rodinei-ajudou-na-contratacao-de-ramon\/\",\"name\":\"Internacional: entenda como Rodinei ajudou na contrata\u00e7\u00e3o de Ramon\",\"isPartOf\":{\"@id\":\"https:\/\/www.gaveanews.com\/#website\"},\"primaryImageOfPage\":{\"@id\":\"https:\/\/www.gaveanews.com\/index.php\/2025\/02\/04\/internacional-entenda-como-rodinei-ajudou-na-contratacao-de-ramon\/#primaryimage\"},\"image\":{\"@id\":\"https:\/\/www.gaveanews.com\/index.php\/2025\/02\/04\/internacional-entenda-como-rodinei-ajudou-na-contratacao-de-ramon\/#primaryimage\"},\"thumbnailUrl\":\"https:\/\/www.gaveanews.com\/wp-content\/uploads\/image-34.webp\",\"datePublished\":\"2025-02-05T00:15:00+00:00\",\"author\":{\"@id\":\"https:\/\/www.gaveanews.com\/#\/schema\/person\/3b19f7288b0ce20372991275e4f2e6c2\"},\"breadcrumb\":{\"@id\":\"https:\/\/www.gaveanews.com\/index.php\/2025\/02\/04\/internacional-entenda-como-rodinei-ajudou-na-contratacao-de-ramon\/#breadcrumb\"},\"inLanguage\":\"pt-BR\",\"potentialAction\":[{\"@type\":\"ReadAction\",\"target\":[\"https:\/\/www.gaveanews.com\/index.php\/2025\/02\/04\/internacional-entenda-como-rodinei-ajudou-na-contratacao-de-ramon\/\"]}]},{\"@type\":\"ImageObject\",\"inLanguage\":\"pt-BR\",\"@id\":\"https:\/\/www.gaveanews.com\/index.php\/2025\/02\/04\/internacional-entenda-como-rodinei-ajudou-na-contratacao-de-ramon\/#primaryimage\",\"url\":\"https:\/\/www.gaveanews.com\/wp-content\/uploads\/image-34.webp\",\"contentUrl\":\"https:\/\/www.gaveanews.com\/wp-content\/uploads\/image-34.webp\",\"width\":1536,\"height\":963,\"caption\":\"Ramon chega ao Internacional com contrato at\u00e9 2027 - Foto: Ricardo Duarte\/SCI\"},{\"@type\":\"BreadcrumbList\",\"@id\":\"https:\/\/www.gaveanews.com\/index.php\/2025\/02\/04\/internacional-entenda-como-rodinei-ajudou-na-contratacao-de-ramon\/#breadcrumb\",\"itemListElement\":[{\"@type\":\"ListItem\",\"position\":1,\"name\":\"Home\",\"item\":\"https:\/\/www.gaveanews.com\/\"},{\"@type\":\"ListItem\",\"position\":2,\"name\":\"Internacional: entenda como Rodinei ajudou na contrata\u00e7\u00e3o de Ramon\"}]},{\"@type\":\"WebSite\",\"@id\":\"https:\/\/www.gaveanews.com\/#website\",\"url\":\"https:\/\/www.gaveanews.com\/\",\"name\":\"G\u00e1vea News\",\"description\":\"Veja todas as not\u00edcias sobre o Flamengo: Contrata\u00e7\u00f5es, categorias de base, resultados das partidas, tabela de classifica\u00e7\u00e3o, pr\u00f3ximos jogos!\",\"potentialAction\":[{\"@type\":\"SearchAction\",\"target\":{\"@type\":\"EntryPoint\",\"urlTemplate\":\"https:\/\/www.gaveanews.com\/?s={search_term_string}\"},\"query-input\":{\"@type\":\"PropertyValueSpecification\",\"valueRequired\":true,\"valueName\":\"search_term_string\"}}],\"inLanguage\":\"pt-BR\"},{\"@type\":\"Person\",\"@id\":\"https:\/\/www.gaveanews.com\/#\/schema\/person\/3b19f7288b0ce20372991275e4f2e6c2\",\"name\":\"Ana Teixeira\",\"image\":{\"@type\":\"ImageObject\",\"inLanguage\":\"pt-BR\",\"@id\":\"https:\/\/www.gaveanews.com\/#\/schema\/person\/image\/\",\"url\":\"https:\/\/secure.gravatar.com\/avatar\/0a73f5a5258f3fed37fc2fa641892f3f7a4748456d4d4792f9bc550e6c19e06c?s=96&d=mm&r=g\",\"contentUrl\":\"https:\/\/secure.gravatar.com\/avatar\/0a73f5a5258f3fed37fc2fa641892f3f7a4748456d4d4792f9bc550e6c19e06c?s=96&d=mm&r=g\",\"caption\":\"Ana Teixeira\"}}]}<\/script>\n<!-- \/ Yoast SEO Premium plugin. -->","yoast_head_json":{"title":"Internacional: entenda como Rodinei ajudou na contrata\u00e7\u00e3o de Ramon","robots":{"index":"index","follow":"follow","max-snippet":"max-snippet:-1","max-image-preview":"max-image-preview:large","max-video-preview":"max-video-preview:-1"},"canonical":"https:\/\/www.gaveanews.com\/index.php\/2025\/02\/04\/internacional-entenda-como-rodinei-ajudou-na-contratacao-de-ramon\/","og_locale":"pt_BR","og_type":"article","og_title":"Internacional: entenda como Rodinei ajudou na contrata\u00e7\u00e3o de Ramon","og_description":"O lateral-esquerdo Ramon est\u00e1 pronto para iniciar sua trajet\u00f3ria com a camisa 2 do Internacional. Com &#8216;empurr\u00e3ozinho&#8217; de Rodinei, o jogador de 23 anos assinou seu v\u00ednculo com o Colorado, sexto clube da carreira, at\u00e9 o fim de 2027. Ele escolheu a camisa n\u00famero 2 para escrever seu nome em Porto Alegre. Companheiros de posi\u00e7\u00e3o, [&hellip;]","og_url":"https:\/\/www.gaveanews.com\/index.php\/2025\/02\/04\/internacional-entenda-como-rodinei-ajudou-na-contratacao-de-ramon\/","og_site_name":"G\u00e1vea News","article_publisher":"https:\/\/facebook.com\/gaveaNews\/","article_published_time":"2025-02-05T00:15:00+00:00","og_image":[{"url":"https:\/\/www.gaveanews.com\/wp-content\/uploads\/image-34.webp","width":640,"height":401,"type":"image\/png"}],"author":"Ana Teixeira","twitter_card":"summary_large_image","twitter_misc":{"Escrito por":"Ana Teixeira","Est. tempo de leitura":"3 minutos"},"schema":{"@context":"https:\/\/schema.org","@graph":[{"@type":"NewsArticle","@id":"https:\/\/www.gaveanews.com\/index.php\/2025\/02\/04\/internacional-entenda-como-rodinei-ajudou-na-contratacao-de-ramon\/#article","isPartOf":{"@id":"https:\/\/www.gaveanews.com\/index.php\/2025\/02\/04\/internacional-entenda-como-rodinei-ajudou-na-contratacao-de-ramon\/"},"author":{"name":"Ana Teixeira","@id":"https:\/\/www.gaveanews.com\/#\/schema\/person\/3b19f7288b0ce20372991275e4f2e6c2"},"headline":"Internacional: entenda como Rodinei ajudou na contrata\u00e7\u00e3o de Ramon","datePublished":"2025-02-05T00:15:00+00:00","mainEntityOfPage":{"@id":"https:\/\/www.gaveanews.com\/index.php\/2025\/02\/04\/internacional-entenda-como-rodinei-ajudou-na-contratacao-de-ramon\/"},"wordCount":439,"commentCount":0,"image":{"@id":"https:\/\/www.gaveanews.com\/index.php\/2025\/02\/04\/internacional-entenda-como-rodinei-ajudou-na-contratacao-de-ramon\/#primaryimage"},"thumbnailUrl":"https:\/\/www.gaveanews.com\/wp-content\/uploads\/image-34.webp","articleSection":["Internacional"],"inLanguage":"pt-BR","potentialAction":[{"@type":"CommentAction","name":"Comment","target":["https:\/\/www.gaveanews.com\/index.php\/2025\/02\/04\/internacional-entenda-como-rodinei-ajudou-na-contratacao-de-ramon\/#respond"]}],"copyrightYear":"2025","copyrightHolder":{"@id":"https:\/\/www.gaveanews.com\/#organization"}},{"@type":"WebPage","@id":"https:\/\/www.gaveanews.com\/index.php\/2025\/02\/04\/internacional-entenda-como-rodinei-ajudou-na-contratacao-de-ramon\/","url":"https:\/\/www.gaveanews.com\/index.php\/2025\/02\/04\/internacional-entenda-como-rodinei-ajudou-na-contratacao-de-ramon\/","name":"Internacional: entenda como Rodinei ajudou na contrata\u00e7\u00e3o de Ramon","isPartOf":{"@id":"https:\/\/www.gaveanews.com\/#website"},"primaryImageOfPage":{"@id":"https:\/\/www.gaveanews.com\/index.php\/2025\/02\/04\/internacional-entenda-como-rodinei-ajudou-na-contratacao-de-ramon\/#primaryimage"},"image":{"@id":"https:\/\/www.gaveanews.com\/index.php\/2025\/02\/04\/internacional-entenda-como-rodinei-ajudou-na-contratacao-de-ramon\/#primaryimage"},"thumbnailUrl":"https:\/\/www.gaveanews.com\/wp-content\/uploads\/image-34.webp","datePublished":"2025-02-05T00:15:00+00:00","author":{"@id":"https:\/\/www.gaveanews.com\/#\/schema\/person\/3b19f7288b0ce20372991275e4f2e6c2"},"breadcrumb":{"@id":"https:\/\/www.gaveanews.com\/index.php\/2025\/02\/04\/internacional-entenda-como-rodinei-ajudou-na-contratacao-de-ramon\/#breadcrumb"},"inLanguage":"pt-BR","potentialAction":[{"@type":"ReadAction","target":["https:\/\/www.gaveanews.com\/index.php\/2025\/02\/04\/internacional-entenda-como-rodinei-ajudou-na-contratacao-de-ramon\/"]}]},{"@type":"ImageObject","inLanguage":"pt-BR","@id":"https:\/\/www.gaveanews.com\/index.php\/2025\/02\/04\/internacional-entenda-como-rodinei-ajudou-na-contratacao-de-ramon\/#primaryimage","url":"https:\/\/www.gaveanews.com\/wp-content\/uploads\/image-34.webp","contentUrl":"https:\/\/www.gaveanews.com\/wp-content\/uploads\/image-34.webp","width":1536,"height":963,"caption":"Ramon chega ao Internacional com contrato at\u00e9 2027 - Foto: Ricardo Duarte\/SCI"},{"@type":"BreadcrumbList","@id":"https:\/\/www.gaveanews.com\/index.php\/2025\/02\/04\/internacional-entenda-como-rodinei-ajudou-na-contratacao-de-ramon\/#breadcrumb","itemListElement":[{"@type":"ListItem","position":1,"name":"Home","item":"https:\/\/www.gaveanews.com\/"},{"@type":"ListItem","position":2,"name":"Internacional: entenda como Rodinei ajudou na contrata\u00e7\u00e3o de Ramon"}]},{"@type":"WebSite","@id":"https:\/\/www.gaveanews.com\/#website","url":"https:\/\/www.gaveanews.com\/","name":"G\u00e1vea News","description":"Veja todas as not\u00edcias sobre o Flamengo: Contrata\u00e7\u00f5es, categorias de base, resultados das partidas, tabela de classifica\u00e7\u00e3o, pr\u00f3ximos jogos!","potentialAction":[{"@type":"SearchAction","target":{"@type":"EntryPoint","urlTemplate":"https:\/\/www.gaveanews.com\/?s={search_term_string}"},"query-input":{"@type":"PropertyValueSpecification","valueRequired":true,"valueName":"search_term_string"}}],"inLanguage":"pt-BR"},{"@type":"Person","@id":"https:\/\/www.gaveanews.com\/#\/schema\/person\/3b19f7288b0ce20372991275e4f2e6c2","name":"Ana Teixeira","image":{"@type":"ImageObject","inLanguage":"pt-BR","@id":"https:\/\/www.gaveanews.com\/#\/schema\/person\/image\/","url":"https:\/\/secure.gravatar.com\/avatar\/0a73f5a5258f3fed37fc2fa641892f3f7a4748456d4d4792f9bc550e6c19e06c?s=96&d=mm&r=g","contentUrl":"https:\/\/secure.gravatar.com\/avatar\/0a73f5a5258f3fed37fc2fa641892f3f7a4748456d4d4792f9bc550e6c19e06c?s=96&d=mm&r=g","caption":"Ana Teixeira"}}]}},"_links":{"self":[{"href":"https:\/\/www.gaveanews.com\/index.php\/wp-json\/wp\/v2\/posts\/223192","targetHints":{"allow":["GET"]}}],"collection":[{"href":"https:\/\/www.gaveanews.com\/index.php\/wp-json\/wp\/v2\/posts"}],"about":[{"href":"https:\/\/www.gaveanews.com\/index.php\/wp-json\/wp\/v2\/types\/post"}],"author":[{"embeddable":true,"href":"https:\/\/www.gaveanews.com\/index.php\/wp-json\/wp\/v2\/users\/30"}],"replies":[{"embeddable":true,"href":"https:\/\/www.gaveanews.com\/index.php\/wp-json\/wp\/v2\/comments?post=223192"}],"version-history":[{"count":1,"href":"https:\/\/www.gaveanews.com\/index.php\/wp-json\/wp\/v2\/posts\/223192\/revisions"}],"predecessor-version":[{"id":223201,"href":"https:\/\/www.gaveanews.com\/index.php\/wp-json\/wp\/v2\/posts\/223192\/revisions\/223201"}],"wp:featuredmedia":[{"embeddable":true,"href":"https:\/\/www.gaveanews.com\/index.php\/wp-json\/wp\/v2\/media\/223194"}],"wp:attachment":[{"href":"https:\/\/www.gaveanews.com\/index.php\/wp-json\/wp\/v2\/media?parent=223192"}],"wp:term":[{"taxonomy":"category","embeddable":true,"href":"https:\/\/www.gaveanews.com\/index.php\/wp-json\/wp\/v2\/categories?post=223192"},{"taxonomy":"post_tag","embeddable":true,"href":"https:\/\/www.gaveanews.com\/index.php\/wp-json\/wp\/v2\/tags?post=223192"}],"curies":[{"name":"wp","href":"https:\/\/api.w.org\/{rel}","templated":true}]}}