{"id":223196,"date":"2025-02-04T20:20:00","date_gmt":"2025-02-04T23:20:00","guid":{"rendered":"https:\/\/www.gaveanews.com\/?p=223196"},"modified":"2025-02-04T19:28:03","modified_gmt":"2025-02-04T22:28:03","slug":"bahia-define-contratacao-para-proxima-janela-de-transferencias","status":"publish","type":"post","link":"https:\/\/www.gaveanews.com\/index.php\/2025\/02\/04\/bahia-define-contratacao-para-proxima-janela-de-transferencias\/","title":{"rendered":"Bahia define contrata\u00e7\u00e3o para pr\u00f3xima janela de transfer\u00eancias"},"content":{"rendered":"\n<p><\/p>\n\n\n\n<p>O Bahia iniciou suas movimenta\u00e7\u00f5es no mercado mesmo antes do t\u00e9rmino da S\u00e9rie A, com o intuito de contratar um goleiro. No entanto, a equipe enfrentou dificuldades para concretizar suas principais op\u00e7\u00f5es. Em busca de um nome que se encaixasse perfeitamente, a diretoria tricolor ainda n\u00e3o fechou nenhum neg\u00f3cio para essa posi\u00e7\u00e3o e pode optar por esperar at\u00e9 a segunda janela de transfer\u00eancias do ano. Embora a atual janela de transfer\u00eancias se feche apenas no final de fevereiro, j\u00e1 \u00e9 sabido que o Bahia est\u00e1 disposto a esperar pela janela de meio de ano.<\/p>\n\n\n\n<p>De acordo com informa\u00e7\u00f5es do jornalista Matheus Barba\u00e7o, o agente de um dos goleiros analisados pelo Bahia revelou que:<\/p>\n\n\n\n<p>\u201cO que nos passaram \u00e9 que o Bahia n\u00e3o vai contratar goleiro nessa janela. Provavelmente far\u00e3o na janela de meio de ano\u201d.<\/p>\n\n\n\n<figure class=\"wp-block-image size-large\"><img loading=\"lazy\" decoding=\"async\" width=\"1024\" height=\"683\" src=\"http:\/\/www.gaveanews.com\/wp-content\/uploads\/Everson-durante-treino-do-Atletico-MG-1024x683.webp\" alt=\"\" class=\"wp-image-140586\" srcset=\"https:\/\/www.gaveanews.com\/wp-content\/uploads\/Everson-durante-treino-do-Atletico-MG-1024x683.webp 1024w, https:\/\/www.gaveanews.com\/wp-content\/uploads\/Everson-durante-treino-do-Atletico-MG-300x200.webp 300w, https:\/\/www.gaveanews.com\/wp-content\/uploads\/Everson-durante-treino-do-Atletico-MG-768x512.webp 768w, https:\/\/www.gaveanews.com\/wp-content\/uploads\/Everson-durante-treino-do-Atletico-MG-630x420.webp 630w, https:\/\/www.gaveanews.com\/wp-content\/uploads\/Everson-durante-treino-do-Atletico-MG-640x427.webp 640w, https:\/\/www.gaveanews.com\/wp-content\/uploads\/Everson-durante-treino-do-Atletico-MG-681x454.webp 681w, https:\/\/www.gaveanews.com\/wp-content\/uploads\/Everson-durante-treino-do-Atletico-MG-100x67.webp 100w, https:\/\/www.gaveanews.com\/wp-content\/uploads\/Everson-durante-treino-do-Atletico-MG.webp 1224w\" sizes=\"auto, (max-width: 1024px) 100vw, 1024px\" \/><figcaption class=\"wp-element-caption\">Everson durante treino do Atl\u00e9tico-MG (Foto: Pedro Souza\/Atl\u00e9tico)<\/figcaption><\/figure>\n\n\n\n<p>Devido \u00e0s dificuldades no mercado nacional, Everson era a prioridade, mas o acerto com o Atl\u00e9tico-MG n\u00e3o foi alcan\u00e7ado. Por outro lado, o Botafogo pediu um valor superior ao que o Esquadr\u00e3o est\u00e1 disposto a oferecer pelo goleiro. Ap\u00f3s sondar John, outros atletas tamb\u00e9m passaram a ser considerados, incluindo alguns que atuam na Europa.<\/p>\n\n\n\n<p>Ao observar o mercado europeu, o Bahia identificou e chegou a contatar alguns nomes, entre eles Pau L\u00f3pez, do Girona, que decidiu seguir para outra equipe.<\/p>\n\n\n\n<p>Matheus Magalh\u00e3es, do Braga, que esteve envolvido em negocia\u00e7\u00f5es com o Gr\u00eamio, mas assinou com o Ajax nesta janela de transfer\u00eancias, \u00e9 um nome que supostamente estaria na mesa do Tricolor.<\/p>\n\n\n\n<p>Um nome recentemente procurado \u00e9 o do goleiro da Costa Rica, Patrick Sequeira, que atua tanto pela Costa Rica quanto pelo Casa Pia, clube que compete na Liga Portuguesa e est\u00e1 concorrendo a uma vaga em competi\u00e7\u00e3o continental para a pr\u00f3xima temporada.<\/p>\n\n\n\n<p>Devido \u00e0 sua posi\u00e7\u00e3o na competi\u00e7\u00e3o, o Casa Pia enfrentou desafios para liberar seu goleiro, conforme relatado pela imprensa portuguesa em janeiro.<\/p>\n\n\n\n<p>\u201cBahia gosta bastante. Problema seria Casa Pia aceitar vender agora. Est\u00e1 muito valorizado em Portugal\u201d, afirmou o jornalista Marcus Alves, de Lisboa.<\/p>\n\n\n\n<p>Al\u00e9m do desafio de substituir um goleiro de uma equipe europeia no meio da temporada, o Bahia atualmente conta com Danilo Fernandes e Marcos Felipe na disputa pela posi\u00e7\u00e3o de goleiro titular.<\/p>\n\n\n\n<p>Cada um tem participado de uma competi\u00e7\u00e3o no in\u00edcio de 2025, com Danilo sendo visto como o principal jogador e jogando os jogos mais relevantes, como os da Copa do Nordeste e o Ba-Vi.<\/p>\n","protected":false},"excerpt":{"rendered":"<p>O Bahia iniciou suas movimenta\u00e7\u00f5es no mercado mesmo antes do t\u00e9rmino da S\u00e9rie A, com o intuito de contratar um goleiro. No entanto, a equipe enfrentou dificuldades para concretizar suas principais op\u00e7\u00f5es. Em busca de um nome que se encaixasse perfeitamente, a diretoria tricolor ainda n\u00e3o fechou nenhum neg\u00f3cio para essa posi\u00e7\u00e3o e pode optar [&hellip;]<\/p>\n","protected":false},"author":16,"featured_media":155116,"comment_status":"open","ping_status":"closed","sticky":false,"template":"","format":"standard","meta":{"footnotes":""},"categories":[137],"tags":[],"class_list":["post-223196","post","type-post","status-publish","format-standard","has-post-thumbnail","hentry","category-bahia"],"yoast_head":"<!-- This site is optimized with the Yoast SEO Premium plugin v24.2 (Yoast SEO v26.9) - https:\/\/yoast.com\/product\/yoast-seo-premium-wordpress\/ -->\n<title>Bahia define contrata\u00e7\u00e3o para pr\u00f3xima janela de transfer\u00eancias<\/title>\n<meta name=\"robots\" content=\"index, follow, max-snippet:-1, max-image-preview:large, max-video-preview:-1\" \/>\n<link rel=\"canonical\" href=\"https:\/\/www.gaveanews.com\/index.php\/2025\/02\/04\/bahia-define-contratacao-para-proxima-janela-de-transferencias\/\" \/>\n<meta property=\"og:locale\" content=\"pt_BR\" \/>\n<meta property=\"og:type\" content=\"article\" \/>\n<meta property=\"og:title\" content=\"Bahia define contrata\u00e7\u00e3o para pr\u00f3xima janela de transfer\u00eancias\" \/>\n<meta property=\"og:description\" content=\"O Bahia iniciou suas movimenta\u00e7\u00f5es no mercado mesmo antes do t\u00e9rmino da S\u00e9rie A, com o intuito de contratar um goleiro. No entanto, a equipe enfrentou dificuldades para concretizar suas principais op\u00e7\u00f5es. Em busca de um nome que se encaixasse perfeitamente, a diretoria tricolor ainda n\u00e3o fechou nenhum neg\u00f3cio para essa posi\u00e7\u00e3o e pode optar [&hellip;]\" \/>\n<meta property=\"og:url\" content=\"https:\/\/www.gaveanews.com\/index.php\/2025\/02\/04\/bahia-define-contratacao-para-proxima-janela-de-transferencias\/\" \/>\n<meta property=\"og:site_name\" content=\"G\u00e1vea News\" \/>\n<meta property=\"article:publisher\" content=\"https:\/\/facebook.com\/gaveaNews\/\" \/>\n<meta property=\"article:published_time\" content=\"2025-02-04T23:20:00+00:00\" \/>\n<meta property=\"og:image\" content=\"https:\/\/www.gaveanews.com\/wp-content\/uploads\/Escudo-do-Bahia.webp\" \/>\n\t<meta property=\"og:image:width\" content=\"2048\" \/>\n\t<meta property=\"og:image:height\" content=\"1366\" \/>\n\t<meta property=\"og:image:type\" content=\"image\/jpeg\" \/>\n<meta name=\"author\" content=\"D\u00e9bora Figueiredo\" \/>\n<meta name=\"twitter:card\" content=\"summary_large_image\" \/>\n<meta name=\"twitter:label1\" content=\"Escrito por\" \/>\n\t<meta name=\"twitter:data1\" content=\"D\u00e9bora Figueiredo\" \/>\n\t<meta name=\"twitter:label2\" content=\"Est. tempo de leitura\" \/>\n\t<meta name=\"twitter:data2\" content=\"3 minutos\" \/>\n<script type=\"application\/ld+json\" class=\"yoast-schema-graph\">{\"@context\":\"https:\/\/schema.org\",\"@graph\":[{\"@type\":\"NewsArticle\",\"@id\":\"https:\/\/www.gaveanews.com\/index.php\/2025\/02\/04\/bahia-define-contratacao-para-proxima-janela-de-transferencias\/#article\",\"isPartOf\":{\"@id\":\"https:\/\/www.gaveanews.com\/index.php\/2025\/02\/04\/bahia-define-contratacao-para-proxima-janela-de-transferencias\/\"},\"author\":{\"name\":\"D\u00e9bora Figueiredo\",\"@id\":\"https:\/\/www.gaveanews.com\/#\/schema\/person\/37122681a8575a5c8db05a56f099a5e4\"},\"headline\":\"Bahia define contrata\u00e7\u00e3o para pr\u00f3xima janela de transfer\u00eancias\",\"datePublished\":\"2025-02-04T23:20:00+00:00\",\"mainEntityOfPage\":{\"@id\":\"https:\/\/www.gaveanews.com\/index.php\/2025\/02\/04\/bahia-define-contratacao-para-proxima-janela-de-transferencias\/\"},\"wordCount\":446,\"commentCount\":0,\"image\":{\"@id\":\"https:\/\/www.gaveanews.com\/index.php\/2025\/02\/04\/bahia-define-contratacao-para-proxima-janela-de-transferencias\/#primaryimage\"},\"thumbnailUrl\":\"https:\/\/www.gaveanews.com\/wp-content\/uploads\/Escudo-do-Bahia.webp\",\"articleSection\":[\"Bahia\"],\"inLanguage\":\"pt-BR\",\"potentialAction\":[{\"@type\":\"CommentAction\",\"name\":\"Comment\",\"target\":[\"https:\/\/www.gaveanews.com\/index.php\/2025\/02\/04\/bahia-define-contratacao-para-proxima-janela-de-transferencias\/#respond\"]}],\"copyrightYear\":\"2025\",\"copyrightHolder\":{\"@id\":\"https:\/\/www.gaveanews.com\/#organization\"}},{\"@type\":\"WebPage\",\"@id\":\"https:\/\/www.gaveanews.com\/index.php\/2025\/02\/04\/bahia-define-contratacao-para-proxima-janela-de-transferencias\/\",\"url\":\"https:\/\/www.gaveanews.com\/index.php\/2025\/02\/04\/bahia-define-contratacao-para-proxima-janela-de-transferencias\/\",\"name\":\"Bahia define contrata\u00e7\u00e3o para pr\u00f3xima janela de transfer\u00eancias\",\"isPartOf\":{\"@id\":\"https:\/\/www.gaveanews.com\/#website\"},\"primaryImageOfPage\":{\"@id\":\"https:\/\/www.gaveanews.com\/index.php\/2025\/02\/04\/bahia-define-contratacao-para-proxima-janela-de-transferencias\/#primaryimage\"},\"image\":{\"@id\":\"https:\/\/www.gaveanews.com\/index.php\/2025\/02\/04\/bahia-define-contratacao-para-proxima-janela-de-transferencias\/#primaryimage\"},\"thumbnailUrl\":\"https:\/\/www.gaveanews.com\/wp-content\/uploads\/Escudo-do-Bahia.webp\",\"datePublished\":\"2025-02-04T23:20:00+00:00\",\"author\":{\"@id\":\"https:\/\/www.gaveanews.com\/#\/schema\/person\/37122681a8575a5c8db05a56f099a5e4\"},\"breadcrumb\":{\"@id\":\"https:\/\/www.gaveanews.com\/index.php\/2025\/02\/04\/bahia-define-contratacao-para-proxima-janela-de-transferencias\/#breadcrumb\"},\"inLanguage\":\"pt-BR\",\"potentialAction\":[{\"@type\":\"ReadAction\",\"target\":[\"https:\/\/www.gaveanews.com\/index.php\/2025\/02\/04\/bahia-define-contratacao-para-proxima-janela-de-transferencias\/\"]}]},{\"@type\":\"ImageObject\",\"inLanguage\":\"pt-BR\",\"@id\":\"https:\/\/www.gaveanews.com\/index.php\/2025\/02\/04\/bahia-define-contratacao-para-proxima-janela-de-transferencias\/#primaryimage\",\"url\":\"https:\/\/www.gaveanews.com\/wp-content\/uploads\/Escudo-do-Bahia.webp\",\"contentUrl\":\"https:\/\/www.gaveanews.com\/wp-content\/uploads\/Escudo-do-Bahia.webp\",\"width\":2048,\"height\":1366,\"caption\":\"Escudo do Bahia (Foto: Reprodu\u00e7\u00e3o)\"},{\"@type\":\"BreadcrumbList\",\"@id\":\"https:\/\/www.gaveanews.com\/index.php\/2025\/02\/04\/bahia-define-contratacao-para-proxima-janela-de-transferencias\/#breadcrumb\",\"itemListElement\":[{\"@type\":\"ListItem\",\"position\":1,\"name\":\"Home\",\"item\":\"https:\/\/www.gaveanews.com\/\"},{\"@type\":\"ListItem\",\"position\":2,\"name\":\"Bahia define contrata\u00e7\u00e3o para pr\u00f3xima janela de transfer\u00eancias\"}]},{\"@type\":\"WebSite\",\"@id\":\"https:\/\/www.gaveanews.com\/#website\",\"url\":\"https:\/\/www.gaveanews.com\/\",\"name\":\"G\u00e1vea News\",\"description\":\"Veja todas as not\u00edcias sobre o Flamengo: Contrata\u00e7\u00f5es, categorias de base, resultados das partidas, tabela de classifica\u00e7\u00e3o, pr\u00f3ximos jogos!\",\"potentialAction\":[{\"@type\":\"SearchAction\",\"target\":{\"@type\":\"EntryPoint\",\"urlTemplate\":\"https:\/\/www.gaveanews.com\/?s={search_term_string}\"},\"query-input\":{\"@type\":\"PropertyValueSpecification\",\"valueRequired\":true,\"valueName\":\"search_term_string\"}}],\"inLanguage\":\"pt-BR\"},{\"@type\":\"Person\",\"@id\":\"https:\/\/www.gaveanews.com\/#\/schema\/person\/37122681a8575a5c8db05a56f099a5e4\",\"name\":\"D\u00e9bora Figueiredo\",\"image\":{\"@type\":\"ImageObject\",\"inLanguage\":\"pt-BR\",\"@id\":\"https:\/\/www.gaveanews.com\/#\/schema\/person\/image\/\",\"url\":\"https:\/\/secure.gravatar.com\/avatar\/1f44802859351588499d26f52aed1d15796ce17e67602895b72837c08018868d?s=96&d=mm&r=g\",\"contentUrl\":\"https:\/\/secure.gravatar.com\/avatar\/1f44802859351588499d26f52aed1d15796ce17e67602895b72837c08018868d?s=96&d=mm&r=g\",\"caption\":\"D\u00e9bora Figueiredo\"}}]}<\/script>\n<!-- \/ Yoast SEO Premium plugin. -->","yoast_head_json":{"title":"Bahia define contrata\u00e7\u00e3o para pr\u00f3xima janela de transfer\u00eancias","robots":{"index":"index","follow":"follow","max-snippet":"max-snippet:-1","max-image-preview":"max-image-preview:large","max-video-preview":"max-video-preview:-1"},"canonical":"https:\/\/www.gaveanews.com\/index.php\/2025\/02\/04\/bahia-define-contratacao-para-proxima-janela-de-transferencias\/","og_locale":"pt_BR","og_type":"article","og_title":"Bahia define contrata\u00e7\u00e3o para pr\u00f3xima janela de transfer\u00eancias","og_description":"O Bahia iniciou suas movimenta\u00e7\u00f5es no mercado mesmo antes do t\u00e9rmino da S\u00e9rie A, com o intuito de contratar um goleiro. No entanto, a equipe enfrentou dificuldades para concretizar suas principais op\u00e7\u00f5es. Em busca de um nome que se encaixasse perfeitamente, a diretoria tricolor ainda n\u00e3o fechou nenhum neg\u00f3cio para essa posi\u00e7\u00e3o e pode optar [&hellip;]","og_url":"https:\/\/www.gaveanews.com\/index.php\/2025\/02\/04\/bahia-define-contratacao-para-proxima-janela-de-transferencias\/","og_site_name":"G\u00e1vea News","article_publisher":"https:\/\/facebook.com\/gaveaNews\/","article_published_time":"2025-02-04T23:20:00+00:00","og_image":[{"width":2048,"height":1366,"url":"https:\/\/www.gaveanews.com\/wp-content\/uploads\/Escudo-do-Bahia.webp","type":"image\/jpeg"}],"author":"D\u00e9bora Figueiredo","twitter_card":"summary_large_image","twitter_misc":{"Escrito por":"D\u00e9bora Figueiredo","Est. tempo de leitura":"3 minutos"},"schema":{"@context":"https:\/\/schema.org","@graph":[{"@type":"NewsArticle","@id":"https:\/\/www.gaveanews.com\/index.php\/2025\/02\/04\/bahia-define-contratacao-para-proxima-janela-de-transferencias\/#article","isPartOf":{"@id":"https:\/\/www.gaveanews.com\/index.php\/2025\/02\/04\/bahia-define-contratacao-para-proxima-janela-de-transferencias\/"},"author":{"name":"D\u00e9bora Figueiredo","@id":"https:\/\/www.gaveanews.com\/#\/schema\/person\/37122681a8575a5c8db05a56f099a5e4"},"headline":"Bahia define contrata\u00e7\u00e3o para pr\u00f3xima janela de transfer\u00eancias","datePublished":"2025-02-04T23:20:00+00:00","mainEntityOfPage":{"@id":"https:\/\/www.gaveanews.com\/index.php\/2025\/02\/04\/bahia-define-contratacao-para-proxima-janela-de-transferencias\/"},"wordCount":446,"commentCount":0,"image":{"@id":"https:\/\/www.gaveanews.com\/index.php\/2025\/02\/04\/bahia-define-contratacao-para-proxima-janela-de-transferencias\/#primaryimage"},"thumbnailUrl":"https:\/\/www.gaveanews.com\/wp-content\/uploads\/Escudo-do-Bahia.webp","articleSection":["Bahia"],"inLanguage":"pt-BR","potentialAction":[{"@type":"CommentAction","name":"Comment","target":["https:\/\/www.gaveanews.com\/index.php\/2025\/02\/04\/bahia-define-contratacao-para-proxima-janela-de-transferencias\/#respond"]}],"copyrightYear":"2025","copyrightHolder":{"@id":"https:\/\/www.gaveanews.com\/#organization"}},{"@type":"WebPage","@id":"https:\/\/www.gaveanews.com\/index.php\/2025\/02\/04\/bahia-define-contratacao-para-proxima-janela-de-transferencias\/","url":"https:\/\/www.gaveanews.com\/index.php\/2025\/02\/04\/bahia-define-contratacao-para-proxima-janela-de-transferencias\/","name":"Bahia define contrata\u00e7\u00e3o para pr\u00f3xima janela de transfer\u00eancias","isPartOf":{"@id":"https:\/\/www.gaveanews.com\/#website"},"primaryImageOfPage":{"@id":"https:\/\/www.gaveanews.com\/index.php\/2025\/02\/04\/bahia-define-contratacao-para-proxima-janela-de-transferencias\/#primaryimage"},"image":{"@id":"https:\/\/www.gaveanews.com\/index.php\/2025\/02\/04\/bahia-define-contratacao-para-proxima-janela-de-transferencias\/#primaryimage"},"thumbnailUrl":"https:\/\/www.gaveanews.com\/wp-content\/uploads\/Escudo-do-Bahia.webp","datePublished":"2025-02-04T23:20:00+00:00","author":{"@id":"https:\/\/www.gaveanews.com\/#\/schema\/person\/37122681a8575a5c8db05a56f099a5e4"},"breadcrumb":{"@id":"https:\/\/www.gaveanews.com\/index.php\/2025\/02\/04\/bahia-define-contratacao-para-proxima-janela-de-transferencias\/#breadcrumb"},"inLanguage":"pt-BR","potentialAction":[{"@type":"ReadAction","target":["https:\/\/www.gaveanews.com\/index.php\/2025\/02\/04\/bahia-define-contratacao-para-proxima-janela-de-transferencias\/"]}]},{"@type":"ImageObject","inLanguage":"pt-BR","@id":"https:\/\/www.gaveanews.com\/index.php\/2025\/02\/04\/bahia-define-contratacao-para-proxima-janela-de-transferencias\/#primaryimage","url":"https:\/\/www.gaveanews.com\/wp-content\/uploads\/Escudo-do-Bahia.webp","contentUrl":"https:\/\/www.gaveanews.com\/wp-content\/uploads\/Escudo-do-Bahia.webp","width":2048,"height":1366,"caption":"Escudo do Bahia (Foto: Reprodu\u00e7\u00e3o)"},{"@type":"BreadcrumbList","@id":"https:\/\/www.gaveanews.com\/index.php\/2025\/02\/04\/bahia-define-contratacao-para-proxima-janela-de-transferencias\/#breadcrumb","itemListElement":[{"@type":"ListItem","position":1,"name":"Home","item":"https:\/\/www.gaveanews.com\/"},{"@type":"ListItem","position":2,"name":"Bahia define contrata\u00e7\u00e3o para pr\u00f3xima janela de transfer\u00eancias"}]},{"@type":"WebSite","@id":"https:\/\/www.gaveanews.com\/#website","url":"https:\/\/www.gaveanews.com\/","name":"G\u00e1vea News","description":"Veja todas as not\u00edcias sobre o Flamengo: Contrata\u00e7\u00f5es, categorias de base, resultados das partidas, tabela de classifica\u00e7\u00e3o, pr\u00f3ximos jogos!","potentialAction":[{"@type":"SearchAction","target":{"@type":"EntryPoint","urlTemplate":"https:\/\/www.gaveanews.com\/?s={search_term_string}"},"query-input":{"@type":"PropertyValueSpecification","valueRequired":true,"valueName":"search_term_string"}}],"inLanguage":"pt-BR"},{"@type":"Person","@id":"https:\/\/www.gaveanews.com\/#\/schema\/person\/37122681a8575a5c8db05a56f099a5e4","name":"D\u00e9bora Figueiredo","image":{"@type":"ImageObject","inLanguage":"pt-BR","@id":"https:\/\/www.gaveanews.com\/#\/schema\/person\/image\/","url":"https:\/\/secure.gravatar.com\/avatar\/1f44802859351588499d26f52aed1d15796ce17e67602895b72837c08018868d?s=96&d=mm&r=g","contentUrl":"https:\/\/secure.gravatar.com\/avatar\/1f44802859351588499d26f52aed1d15796ce17e67602895b72837c08018868d?s=96&d=mm&r=g","caption":"D\u00e9bora Figueiredo"}}]}},"_links":{"self":[{"href":"https:\/\/www.gaveanews.com\/index.php\/wp-json\/wp\/v2\/posts\/223196","targetHints":{"allow":["GET"]}}],"collection":[{"href":"https:\/\/www.gaveanews.com\/index.php\/wp-json\/wp\/v2\/posts"}],"about":[{"href":"https:\/\/www.gaveanews.com\/index.php\/wp-json\/wp\/v2\/types\/post"}],"author":[{"embeddable":true,"href":"https:\/\/www.gaveanews.com\/index.php\/wp-json\/wp\/v2\/users\/16"}],"replies":[{"embeddable":true,"href":"https:\/\/www.gaveanews.com\/index.php\/wp-json\/wp\/v2\/comments?post=223196"}],"version-history":[{"count":2,"href":"https:\/\/www.gaveanews.com\/index.php\/wp-json\/wp\/v2\/posts\/223196\/revisions"}],"predecessor-version":[{"id":223218,"href":"https:\/\/www.gaveanews.com\/index.php\/wp-json\/wp\/v2\/posts\/223196\/revisions\/223218"}],"wp:featuredmedia":[{"embeddable":true,"href":"https:\/\/www.gaveanews.com\/index.php\/wp-json\/wp\/v2\/media\/155116"}],"wp:attachment":[{"href":"https:\/\/www.gaveanews.com\/index.php\/wp-json\/wp\/v2\/media?parent=223196"}],"wp:term":[{"taxonomy":"category","embeddable":true,"href":"https:\/\/www.gaveanews.com\/index.php\/wp-json\/wp\/v2\/categories?post=223196"},{"taxonomy":"post_tag","embeddable":true,"href":"https:\/\/www.gaveanews.com\/index.php\/wp-json\/wp\/v2\/tags?post=223196"}],"curies":[{"name":"wp","href":"https:\/\/api.w.org\/{rel}","templated":true}]}}