{"id":223209,"date":"2025-02-04T21:20:00","date_gmt":"2025-02-05T00:20:00","guid":{"rendered":"https:\/\/www.gaveanews.com\/?p=223209"},"modified":"2025-02-04T20:35:08","modified_gmt":"2025-02-04T23:35:08","slug":"mauro-cezar-nao-perdoa-e-dispara-contra-o-corinthians","status":"publish","type":"post","link":"https:\/\/www.gaveanews.com\/index.php\/2025\/02\/04\/mauro-cezar-nao-perdoa-e-dispara-contra-o-corinthians\/","title":{"rendered":"Mauro Cezar n\u00e3o perdoa e dispara contra o Corinthians"},"content":{"rendered":"\n<h2 class=\"wp-block-heading\" id=\"h-\"><\/h2>\n\n\n\n<p>A segunda-feira (03) iniciou com a revela\u00e7\u00e3o de mais um problema grave para o Corinthians. A FIFA comunicou que o Corinthians perdeu dois processos na entidade contra Talleres (ARG) e Santos Laguna (MEX), em 2024, devido aos d\u00e9bitos do clube de S\u00e3o Paulo relacionados \u00e0s transfer\u00eancias de Rodrigo Garro e F\u00e9lix Torres. Em ambas, o clube foi sentenciado, por\u00e9m interp\u00f4s recurso no CAS.<\/p>\n\n\n\n<p>Por exemplo, no caso do Talleres, o clube argentino exigiu 3 milh\u00f5es de d\u00f3lares pelas parcelas pendentes devido a um atraso. Uma cl\u00e1usula no contrato de venda de Rodrigo Garro assegurava a antecipa\u00e7\u00e3o autom\u00e1tica dos montantes das parcelas restantes em caso de atraso nos pagamentos. Portanto, o Corinthians foi derrotado na Justi\u00e7a e agora busca um recurso.<\/p>\n\n\n\n<p>Andr\u00e9s Fassi, presidente do Talleres, conhecido pela sua postura controversa e pela sua l\u00edngua afiada, falou nesta segunda-feira (03) sobre a d\u00edvida do Corinthians relacionada \u00e0 transfer\u00eancia de Rodrigo Garro. O presidente do clube argentino n\u00e3o poupou cr\u00edticas e explicou a raz\u00e3o pela qual procurou a FIFA ap\u00f3s n\u00e3o conseguir um acordo com a administra\u00e7\u00e3o de Augusto Melo.<\/p>\n\n\n\n<p>Andr\u00e9s Fassi detalhou a raz\u00e3o pela qual procurou a FIFA para recuperar o dinheiro que o Corinthians deve ao Talleres, conforme relatado por Rodrigo Garro. De acordo com o presidente, o Alvinegro tem uma d\u00edvida de aproximadamente 5 milh\u00f5es de d\u00f3lares (R$ 29 milh\u00f5es) com o clube argentino. Ele fez uma dura cr\u00edtica, declarando que acreditava que o clube de S\u00e3o Paulo era s\u00e9rio o suficiente para cumprir o acordo estabelecido entre as partes.<\/p>\n\n\n\n<p>\u201c(O Corinthians) nos deve mais de 5 milh\u00f5es de d\u00f3lares (R$ 29 milh\u00f5es). Eles t\u00eam que pagar. Compraram nosso melhor jogador e n\u00e3o nos pagaram. Sempre que voc\u00ea vende (um jogador), faz com a expectativa de receber e n\u00e3o de ir para a FIFA ou TAS. Vendemos pensando que era um clube s\u00e9rio. N\u00e3o queremos problemas com ningu\u00e9m. N\u00f3s s\u00f3 queremos ser pagos\u201d, disparou \u00e0 \u201cESPN\u201c.<\/p>\n\n\n\n<p>Depois disso tudo que rolou o jornalista Mauro Cezar Pereira durante o programa da Jovem Pan Esportes tamb\u00e9m n\u00e3o se calou e disse o que pensava sobre essa nova situa\u00e7\u00e3o do Corinthians pra ele , ser\u00e1 que as pessoas acham isso certo essa situa\u00e7\u00e3o toda de n\u00e3o pagar as d\u00edvidas, pois d\u00e1 pra entender que est\u00e3o achando certos e se n\u00e3o pagar paci\u00eancia ou negocia e tudo ok, pra ele o Tim\u00e3o n\u00e3o pode pela hist\u00f3ria que tem n\u00e3o pode estar nessa situa\u00e7\u00e3o todo dia na m\u00eddia por fama de caloteiro para o Mauro Cezar isso mancha tudo e fica feio todo a mesma not\u00edcia de v\u00e1rios times cobrando e sempre o clube paulista tentando d\u00e1 uma &#8220;desculpinha&#8221; pra sair da situa\u00e7\u00e3o, mas n\u00e3o  pode ficar nessa sempre.<\/p>\n\n\n\n<p>Para o jornalista essa situa\u00e7\u00e3o toda de ficar devendo v\u00e1rios times hoje n\u00e3o condiz o time que o Corinthians tem campo principalmente pela folha salarial que o clube tem, pois n\u00e3o tem compromisso em pagamento, assista o v\u00eddeo abaixo da fala do jornalista.<\/p>\n\n\n\n<p><\/p>\n\n\n\n<figure class=\"wp-block-embed is-type-rich is-provider-twitter wp-block-embed-twitter\"><div class=\"wp-block-embed__wrapper\">\n<blockquote class=\"twitter-tweet\" data-width=\"550\" data-dnt=\"true\"><p lang=\"pt\" dir=\"ltr\">&quot;O CORINTHIANS N\u00c3O TEM CONDI\u00c7\u00c3O DE TER O TIME QUE TEM&quot;- <a href=\"https:\/\/twitter.com\/maurocezar?ref_src=twsrc%5Etfw\">@maurocezar<\/a> comenta sobre d\u00edvidas do Corinthians com o Talleres por Rodrigo Garro e situa\u00e7\u00e3o financeira do clube.<a href=\"https:\/\/twitter.com\/hashtag\/garro?src=hash&amp;ref_src=twsrc%5Etfw\">#garro<\/a> <a href=\"https:\/\/twitter.com\/hashtag\/corinthians?src=hash&amp;ref_src=twsrc%5Etfw\">#corinthians<\/a> <a href=\"https:\/\/twitter.com\/hashtag\/talleres?src=hash&amp;ref_src=twsrc%5Etfw\">#talleres<\/a> <a href=\"https:\/\/twitter.com\/hashtag\/dividas?src=hash&amp;ref_src=twsrc%5Etfw\">#dividas<\/a> <a href=\"https:\/\/t.co\/U1jx9D19Z1\">pic.twitter.com\/U1jx9D19Z1<\/a><\/p>&mdash; Jovem Pan Esportes (@JovemPanEsporte) <a href=\"https:\/\/twitter.com\/JovemPanEsporte\/status\/1886797637598212536?ref_src=twsrc%5Etfw\">February 4, 2025<\/a><\/blockquote><script async src=\"https:\/\/platform.twitter.com\/widgets.js\" charset=\"utf-8\"><\/script>\n<\/div><\/figure>\n","protected":false},"excerpt":{"rendered":"<p>A segunda-feira (03) iniciou com a revela\u00e7\u00e3o de mais um problema grave para o Corinthians. A FIFA comunicou que o Corinthians perdeu dois processos na entidade contra Talleres (ARG) e Santos Laguna (MEX), em 2024, devido aos d\u00e9bitos do clube de S\u00e3o Paulo relacionados \u00e0s transfer\u00eancias de Rodrigo Garro e F\u00e9lix Torres. Em ambas, o [&hellip;]<\/p>\n","protected":false},"author":16,"featured_media":101020,"comment_status":"open","ping_status":"closed","sticky":false,"template":"","format":"standard","meta":{"footnotes":""},"categories":[141],"tags":[],"class_list":["post-223209","post","type-post","status-publish","format-standard","has-post-thumbnail","hentry","category-corinthians"],"yoast_head":"<!-- This site is optimized with the Yoast SEO Premium plugin v24.2 (Yoast SEO v26.9) - https:\/\/yoast.com\/product\/yoast-seo-premium-wordpress\/ -->\n<title>Mauro Cezar n\u00e3o perdoa e dispara contra o Corinthians<\/title>\n<meta name=\"robots\" content=\"index, follow, max-snippet:-1, max-image-preview:large, max-video-preview:-1\" \/>\n<link rel=\"canonical\" href=\"https:\/\/www.gaveanews.com\/index.php\/2025\/02\/04\/mauro-cezar-nao-perdoa-e-dispara-contra-o-corinthians\/\" \/>\n<meta property=\"og:locale\" content=\"pt_BR\" \/>\n<meta property=\"og:type\" content=\"article\" \/>\n<meta property=\"og:title\" content=\"Mauro Cezar n\u00e3o perdoa e dispara contra o Corinthians\" \/>\n<meta property=\"og:description\" content=\"A segunda-feira (03) iniciou com a revela\u00e7\u00e3o de mais um problema grave para o Corinthians. A FIFA comunicou que o Corinthians perdeu dois processos na entidade contra Talleres (ARG) e Santos Laguna (MEX), em 2024, devido aos d\u00e9bitos do clube de S\u00e3o Paulo relacionados \u00e0s transfer\u00eancias de Rodrigo Garro e F\u00e9lix Torres. Em ambas, o [&hellip;]\" \/>\n<meta property=\"og:url\" content=\"https:\/\/www.gaveanews.com\/index.php\/2025\/02\/04\/mauro-cezar-nao-perdoa-e-dispara-contra-o-corinthians\/\" \/>\n<meta property=\"og:site_name\" content=\"G\u00e1vea News\" \/>\n<meta property=\"article:publisher\" content=\"https:\/\/facebook.com\/gaveaNews\/\" \/>\n<meta property=\"article:published_time\" content=\"2025-02-05T00:20:00+00:00\" \/>\n<meta property=\"og:image\" content=\"https:\/\/www.gaveanews.com\/wp-content\/uploads\/Mauro-Cezar.webp\" \/>\n\t<meta property=\"og:image:width\" content=\"846\" \/>\n\t<meta property=\"og:image:height\" content=\"564\" \/>\n\t<meta property=\"og:image:type\" content=\"image\/webp\" \/>\n<meta name=\"author\" content=\"D\u00e9bora Figueiredo\" \/>\n<meta name=\"twitter:card\" content=\"summary_large_image\" \/>\n<meta name=\"twitter:label1\" content=\"Escrito por\" \/>\n\t<meta name=\"twitter:data1\" content=\"D\u00e9bora Figueiredo\" \/>\n\t<meta name=\"twitter:label2\" content=\"Est. tempo de leitura\" \/>\n\t<meta name=\"twitter:data2\" content=\"3 minutos\" \/>\n<script type=\"application\/ld+json\" class=\"yoast-schema-graph\">{\"@context\":\"https:\/\/schema.org\",\"@graph\":[{\"@type\":\"NewsArticle\",\"@id\":\"https:\/\/www.gaveanews.com\/index.php\/2025\/02\/04\/mauro-cezar-nao-perdoa-e-dispara-contra-o-corinthians\/#article\",\"isPartOf\":{\"@id\":\"https:\/\/www.gaveanews.com\/index.php\/2025\/02\/04\/mauro-cezar-nao-perdoa-e-dispara-contra-o-corinthians\/\"},\"author\":{\"name\":\"D\u00e9bora Figueiredo\",\"@id\":\"https:\/\/www.gaveanews.com\/#\/schema\/person\/37122681a8575a5c8db05a56f099a5e4\"},\"headline\":\"Mauro Cezar n\u00e3o perdoa e dispara contra o Corinthians\",\"datePublished\":\"2025-02-05T00:20:00+00:00\",\"mainEntityOfPage\":{\"@id\":\"https:\/\/www.gaveanews.com\/index.php\/2025\/02\/04\/mauro-cezar-nao-perdoa-e-dispara-contra-o-corinthians\/\"},\"wordCount\":559,\"commentCount\":0,\"image\":{\"@id\":\"https:\/\/www.gaveanews.com\/index.php\/2025\/02\/04\/mauro-cezar-nao-perdoa-e-dispara-contra-o-corinthians\/#primaryimage\"},\"thumbnailUrl\":\"https:\/\/www.gaveanews.com\/wp-content\/uploads\/Mauro-Cezar.webp\",\"articleSection\":[\"Corinthians\"],\"inLanguage\":\"pt-BR\",\"potentialAction\":[{\"@type\":\"CommentAction\",\"name\":\"Comment\",\"target\":[\"https:\/\/www.gaveanews.com\/index.php\/2025\/02\/04\/mauro-cezar-nao-perdoa-e-dispara-contra-o-corinthians\/#respond\"]}],\"copyrightYear\":\"2025\",\"copyrightHolder\":{\"@id\":\"https:\/\/www.gaveanews.com\/#organization\"}},{\"@type\":\"WebPage\",\"@id\":\"https:\/\/www.gaveanews.com\/index.php\/2025\/02\/04\/mauro-cezar-nao-perdoa-e-dispara-contra-o-corinthians\/\",\"url\":\"https:\/\/www.gaveanews.com\/index.php\/2025\/02\/04\/mauro-cezar-nao-perdoa-e-dispara-contra-o-corinthians\/\",\"name\":\"Mauro Cezar n\u00e3o perdoa e dispara contra o Corinthians\",\"isPartOf\":{\"@id\":\"https:\/\/www.gaveanews.com\/#website\"},\"primaryImageOfPage\":{\"@id\":\"https:\/\/www.gaveanews.com\/index.php\/2025\/02\/04\/mauro-cezar-nao-perdoa-e-dispara-contra-o-corinthians\/#primaryimage\"},\"image\":{\"@id\":\"https:\/\/www.gaveanews.com\/index.php\/2025\/02\/04\/mauro-cezar-nao-perdoa-e-dispara-contra-o-corinthians\/#primaryimage\"},\"thumbnailUrl\":\"https:\/\/www.gaveanews.com\/wp-content\/uploads\/Mauro-Cezar.webp\",\"datePublished\":\"2025-02-05T00:20:00+00:00\",\"author\":{\"@id\":\"https:\/\/www.gaveanews.com\/#\/schema\/person\/37122681a8575a5c8db05a56f099a5e4\"},\"breadcrumb\":{\"@id\":\"https:\/\/www.gaveanews.com\/index.php\/2025\/02\/04\/mauro-cezar-nao-perdoa-e-dispara-contra-o-corinthians\/#breadcrumb\"},\"inLanguage\":\"pt-BR\",\"potentialAction\":[{\"@type\":\"ReadAction\",\"target\":[\"https:\/\/www.gaveanews.com\/index.php\/2025\/02\/04\/mauro-cezar-nao-perdoa-e-dispara-contra-o-corinthians\/\"]}]},{\"@type\":\"ImageObject\",\"inLanguage\":\"pt-BR\",\"@id\":\"https:\/\/www.gaveanews.com\/index.php\/2025\/02\/04\/mauro-cezar-nao-perdoa-e-dispara-contra-o-corinthians\/#primaryimage\",\"url\":\"https:\/\/www.gaveanews.com\/wp-content\/uploads\/Mauro-Cezar.webp\",\"contentUrl\":\"https:\/\/www.gaveanews.com\/wp-content\/uploads\/Mauro-Cezar.webp\",\"width\":846,\"height\":564,\"caption\":\"Mauro Cesar em Programa pela Jovem Pan - Foto: Reprodu\u00e7\u00e3o\/Jovem Pan\"},{\"@type\":\"BreadcrumbList\",\"@id\":\"https:\/\/www.gaveanews.com\/index.php\/2025\/02\/04\/mauro-cezar-nao-perdoa-e-dispara-contra-o-corinthians\/#breadcrumb\",\"itemListElement\":[{\"@type\":\"ListItem\",\"position\":1,\"name\":\"Home\",\"item\":\"https:\/\/www.gaveanews.com\/\"},{\"@type\":\"ListItem\",\"position\":2,\"name\":\"Mauro Cezar n\u00e3o perdoa e dispara contra o Corinthians\"}]},{\"@type\":\"WebSite\",\"@id\":\"https:\/\/www.gaveanews.com\/#website\",\"url\":\"https:\/\/www.gaveanews.com\/\",\"name\":\"G\u00e1vea News\",\"description\":\"Veja todas as not\u00edcias sobre o Flamengo: Contrata\u00e7\u00f5es, categorias de base, resultados das partidas, tabela de classifica\u00e7\u00e3o, pr\u00f3ximos jogos!\",\"potentialAction\":[{\"@type\":\"SearchAction\",\"target\":{\"@type\":\"EntryPoint\",\"urlTemplate\":\"https:\/\/www.gaveanews.com\/?s={search_term_string}\"},\"query-input\":{\"@type\":\"PropertyValueSpecification\",\"valueRequired\":true,\"valueName\":\"search_term_string\"}}],\"inLanguage\":\"pt-BR\"},{\"@type\":\"Person\",\"@id\":\"https:\/\/www.gaveanews.com\/#\/schema\/person\/37122681a8575a5c8db05a56f099a5e4\",\"name\":\"D\u00e9bora Figueiredo\",\"image\":{\"@type\":\"ImageObject\",\"inLanguage\":\"pt-BR\",\"@id\":\"https:\/\/www.gaveanews.com\/#\/schema\/person\/image\/\",\"url\":\"https:\/\/secure.gravatar.com\/avatar\/1f44802859351588499d26f52aed1d15796ce17e67602895b72837c08018868d?s=96&d=mm&r=g\",\"contentUrl\":\"https:\/\/secure.gravatar.com\/avatar\/1f44802859351588499d26f52aed1d15796ce17e67602895b72837c08018868d?s=96&d=mm&r=g\",\"caption\":\"D\u00e9bora Figueiredo\"}}]}<\/script>\n<!-- \/ Yoast SEO Premium plugin. -->","yoast_head_json":{"title":"Mauro Cezar n\u00e3o perdoa e dispara contra o Corinthians","robots":{"index":"index","follow":"follow","max-snippet":"max-snippet:-1","max-image-preview":"max-image-preview:large","max-video-preview":"max-video-preview:-1"},"canonical":"https:\/\/www.gaveanews.com\/index.php\/2025\/02\/04\/mauro-cezar-nao-perdoa-e-dispara-contra-o-corinthians\/","og_locale":"pt_BR","og_type":"article","og_title":"Mauro Cezar n\u00e3o perdoa e dispara contra o Corinthians","og_description":"A segunda-feira (03) iniciou com a revela\u00e7\u00e3o de mais um problema grave para o Corinthians. A FIFA comunicou que o Corinthians perdeu dois processos na entidade contra Talleres (ARG) e Santos Laguna (MEX), em 2024, devido aos d\u00e9bitos do clube de S\u00e3o Paulo relacionados \u00e0s transfer\u00eancias de Rodrigo Garro e F\u00e9lix Torres. Em ambas, o [&hellip;]","og_url":"https:\/\/www.gaveanews.com\/index.php\/2025\/02\/04\/mauro-cezar-nao-perdoa-e-dispara-contra-o-corinthians\/","og_site_name":"G\u00e1vea News","article_publisher":"https:\/\/facebook.com\/gaveaNews\/","article_published_time":"2025-02-05T00:20:00+00:00","og_image":[{"width":846,"height":564,"url":"https:\/\/www.gaveanews.com\/wp-content\/uploads\/Mauro-Cezar.webp","type":"image\/webp"}],"author":"D\u00e9bora Figueiredo","twitter_card":"summary_large_image","twitter_misc":{"Escrito por":"D\u00e9bora Figueiredo","Est. tempo de leitura":"3 minutos"},"schema":{"@context":"https:\/\/schema.org","@graph":[{"@type":"NewsArticle","@id":"https:\/\/www.gaveanews.com\/index.php\/2025\/02\/04\/mauro-cezar-nao-perdoa-e-dispara-contra-o-corinthians\/#article","isPartOf":{"@id":"https:\/\/www.gaveanews.com\/index.php\/2025\/02\/04\/mauro-cezar-nao-perdoa-e-dispara-contra-o-corinthians\/"},"author":{"name":"D\u00e9bora Figueiredo","@id":"https:\/\/www.gaveanews.com\/#\/schema\/person\/37122681a8575a5c8db05a56f099a5e4"},"headline":"Mauro Cezar n\u00e3o perdoa e dispara contra o Corinthians","datePublished":"2025-02-05T00:20:00+00:00","mainEntityOfPage":{"@id":"https:\/\/www.gaveanews.com\/index.php\/2025\/02\/04\/mauro-cezar-nao-perdoa-e-dispara-contra-o-corinthians\/"},"wordCount":559,"commentCount":0,"image":{"@id":"https:\/\/www.gaveanews.com\/index.php\/2025\/02\/04\/mauro-cezar-nao-perdoa-e-dispara-contra-o-corinthians\/#primaryimage"},"thumbnailUrl":"https:\/\/www.gaveanews.com\/wp-content\/uploads\/Mauro-Cezar.webp","articleSection":["Corinthians"],"inLanguage":"pt-BR","potentialAction":[{"@type":"CommentAction","name":"Comment","target":["https:\/\/www.gaveanews.com\/index.php\/2025\/02\/04\/mauro-cezar-nao-perdoa-e-dispara-contra-o-corinthians\/#respond"]}],"copyrightYear":"2025","copyrightHolder":{"@id":"https:\/\/www.gaveanews.com\/#organization"}},{"@type":"WebPage","@id":"https:\/\/www.gaveanews.com\/index.php\/2025\/02\/04\/mauro-cezar-nao-perdoa-e-dispara-contra-o-corinthians\/","url":"https:\/\/www.gaveanews.com\/index.php\/2025\/02\/04\/mauro-cezar-nao-perdoa-e-dispara-contra-o-corinthians\/","name":"Mauro Cezar n\u00e3o perdoa e dispara contra o Corinthians","isPartOf":{"@id":"https:\/\/www.gaveanews.com\/#website"},"primaryImageOfPage":{"@id":"https:\/\/www.gaveanews.com\/index.php\/2025\/02\/04\/mauro-cezar-nao-perdoa-e-dispara-contra-o-corinthians\/#primaryimage"},"image":{"@id":"https:\/\/www.gaveanews.com\/index.php\/2025\/02\/04\/mauro-cezar-nao-perdoa-e-dispara-contra-o-corinthians\/#primaryimage"},"thumbnailUrl":"https:\/\/www.gaveanews.com\/wp-content\/uploads\/Mauro-Cezar.webp","datePublished":"2025-02-05T00:20:00+00:00","author":{"@id":"https:\/\/www.gaveanews.com\/#\/schema\/person\/37122681a8575a5c8db05a56f099a5e4"},"breadcrumb":{"@id":"https:\/\/www.gaveanews.com\/index.php\/2025\/02\/04\/mauro-cezar-nao-perdoa-e-dispara-contra-o-corinthians\/#breadcrumb"},"inLanguage":"pt-BR","potentialAction":[{"@type":"ReadAction","target":["https:\/\/www.gaveanews.com\/index.php\/2025\/02\/04\/mauro-cezar-nao-perdoa-e-dispara-contra-o-corinthians\/"]}]},{"@type":"ImageObject","inLanguage":"pt-BR","@id":"https:\/\/www.gaveanews.com\/index.php\/2025\/02\/04\/mauro-cezar-nao-perdoa-e-dispara-contra-o-corinthians\/#primaryimage","url":"https:\/\/www.gaveanews.com\/wp-content\/uploads\/Mauro-Cezar.webp","contentUrl":"https:\/\/www.gaveanews.com\/wp-content\/uploads\/Mauro-Cezar.webp","width":846,"height":564,"caption":"Mauro Cesar em Programa pela Jovem Pan - Foto: Reprodu\u00e7\u00e3o\/Jovem Pan"},{"@type":"BreadcrumbList","@id":"https:\/\/www.gaveanews.com\/index.php\/2025\/02\/04\/mauro-cezar-nao-perdoa-e-dispara-contra-o-corinthians\/#breadcrumb","itemListElement":[{"@type":"ListItem","position":1,"name":"Home","item":"https:\/\/www.gaveanews.com\/"},{"@type":"ListItem","position":2,"name":"Mauro Cezar n\u00e3o perdoa e dispara contra o Corinthians"}]},{"@type":"WebSite","@id":"https:\/\/www.gaveanews.com\/#website","url":"https:\/\/www.gaveanews.com\/","name":"G\u00e1vea News","description":"Veja todas as not\u00edcias sobre o Flamengo: Contrata\u00e7\u00f5es, categorias de base, resultados das partidas, tabela de classifica\u00e7\u00e3o, pr\u00f3ximos jogos!","potentialAction":[{"@type":"SearchAction","target":{"@type":"EntryPoint","urlTemplate":"https:\/\/www.gaveanews.com\/?s={search_term_string}"},"query-input":{"@type":"PropertyValueSpecification","valueRequired":true,"valueName":"search_term_string"}}],"inLanguage":"pt-BR"},{"@type":"Person","@id":"https:\/\/www.gaveanews.com\/#\/schema\/person\/37122681a8575a5c8db05a56f099a5e4","name":"D\u00e9bora Figueiredo","image":{"@type":"ImageObject","inLanguage":"pt-BR","@id":"https:\/\/www.gaveanews.com\/#\/schema\/person\/image\/","url":"https:\/\/secure.gravatar.com\/avatar\/1f44802859351588499d26f52aed1d15796ce17e67602895b72837c08018868d?s=96&d=mm&r=g","contentUrl":"https:\/\/secure.gravatar.com\/avatar\/1f44802859351588499d26f52aed1d15796ce17e67602895b72837c08018868d?s=96&d=mm&r=g","caption":"D\u00e9bora Figueiredo"}}]}},"_links":{"self":[{"href":"https:\/\/www.gaveanews.com\/index.php\/wp-json\/wp\/v2\/posts\/223209","targetHints":{"allow":["GET"]}}],"collection":[{"href":"https:\/\/www.gaveanews.com\/index.php\/wp-json\/wp\/v2\/posts"}],"about":[{"href":"https:\/\/www.gaveanews.com\/index.php\/wp-json\/wp\/v2\/types\/post"}],"author":[{"embeddable":true,"href":"https:\/\/www.gaveanews.com\/index.php\/wp-json\/wp\/v2\/users\/16"}],"replies":[{"embeddable":true,"href":"https:\/\/www.gaveanews.com\/index.php\/wp-json\/wp\/v2\/comments?post=223209"}],"version-history":[{"count":2,"href":"https:\/\/www.gaveanews.com\/index.php\/wp-json\/wp\/v2\/posts\/223209\/revisions"}],"predecessor-version":[{"id":223284,"href":"https:\/\/www.gaveanews.com\/index.php\/wp-json\/wp\/v2\/posts\/223209\/revisions\/223284"}],"wp:featuredmedia":[{"embeddable":true,"href":"https:\/\/www.gaveanews.com\/index.php\/wp-json\/wp\/v2\/media\/101020"}],"wp:attachment":[{"href":"https:\/\/www.gaveanews.com\/index.php\/wp-json\/wp\/v2\/media?parent=223209"}],"wp:term":[{"taxonomy":"category","embeddable":true,"href":"https:\/\/www.gaveanews.com\/index.php\/wp-json\/wp\/v2\/categories?post=223209"},{"taxonomy":"post_tag","embeddable":true,"href":"https:\/\/www.gaveanews.com\/index.php\/wp-json\/wp\/v2\/tags?post=223209"}],"curies":[{"name":"wp","href":"https:\/\/api.w.org\/{rel}","templated":true}]}}