{"id":223223,"date":"2025-02-04T22:05:00","date_gmt":"2025-02-05T01:05:00","guid":{"rendered":"https:\/\/www.gaveanews.com\/?p=223223"},"modified":"2025-02-04T20:44:36","modified_gmt":"2025-02-04T23:44:36","slug":"santos-a-declaracao-de-marcelo-teixeira-direcionada-a-ze-rafael","status":"publish","type":"post","link":"https:\/\/www.gaveanews.com\/index.php\/2025\/02\/04\/santos-a-declaracao-de-marcelo-teixeira-direcionada-a-ze-rafael\/","title":{"rendered":"Santos: a declara\u00e7\u00e3o de Marcelo Teixeira direcionada a Z\u00e9 Rafael"},"content":{"rendered":"\n<p>A demora na oficializa\u00e7\u00e3o da contrata\u00e7\u00e3o de Z\u00e9 Rafael junto ao Palmeiras causou estranheza nos torcedores do Santos. Nesta ter\u00e7a-feira, 4, o presidente Marcelo Teixeira tratou de explicar que o &#8216;atraso&#8217; se deu pelo consentimento do departamento m\u00e9dico dos clubes sobre a necessidade de uma cirurgia na coluna do atleta.<\/p>\n\n\n\n<p>Estima-se que Z\u00e9 Rafael leve cerca de dois a dois meses e meio para retornar aos gramados. Nesse sentido, o atleta s\u00f3 dever\u00e1 ser oficializado caso a recupera\u00e7\u00e3o ocorra como planejado, mas Marcelo Teixeira entende que isto n\u00e3o inviabilizar\u00e1 o desfecho final do neg\u00f3cio.<\/p>\n\n\n\n<p>&#8220;Z\u00e9 Rafael j\u00e1 \u00e9 not\u00f3rio, ano passado j\u00e1 teve uma certa dificuldade nas apresenta\u00e7\u00f5es junto ao Palmeiras. N\u00f3s conversamos com o Palmeiras, chegamos \u00e0 conclus\u00e3o da negocia\u00e7\u00e3o com o Palmeiras, e de forma muito clara condicionamos que o neg\u00f3cio estava fechado, como est\u00e1 nas condi\u00e7\u00f5es j\u00e1 apalavradas e concretizadas&#8221;, iniciou Marcelo em entrevista \u00e0 TV Bandeirantes.<\/p>\n\n\n\n<p>&#8220;O departamento m\u00e9dico do Palmeiras com o do Santos entenderam que deveria ser feita uma cirurgia r\u00e1pida na coluna, onde o atleta possa realizar o procedimento e estar bem e livre para atuar de forma normal. Isto incomoda bastante no momento de hoje. Santos e Palmeiras chegaram a este denominador. O prazo, segundo os m\u00e9dicos, \u00e9 de cerca de dois a dois meses e meio para se chegar a uma conclus\u00e3o. Portanto, tr\u00eas meses&#8221;, e completou:<\/p>\n\n\n\n<p>&#8220;O procedimento \u00e9 necess\u00e1rio e ser\u00e1 feito. Aguardaremos o diagn\u00f3stico final. Caso tudo d\u00ea certo, o jogador far\u00e1 parte do Santos. Caso n\u00e3o tenha o sucesso, ou seja averiguado algo mais grave, o que os m\u00e9dicos dizem que n\u00e3o \u00e9 o caso\u2026 Acredito que a tend\u00eancia seja confirmada e ele assinar\u00e1 o contrato. Assinaturas existem, e o acordo no contrato est\u00e1 condicionado a isso, com essa cl\u00e1usula. Se tudo for confirmado, ser\u00e1 jogador do Santos. Se n\u00e3o for, o Palmeiras n\u00e3o faria uma negocia\u00e7\u00e3o&#8221;.<\/p>\n\n\n\n<h2 class=\"wp-block-heading\" id=\"h-acordo-com-o-palmeiras\">Acordo com o Palmeiras<\/h2>\n\n\n\n<p>O neg\u00f3cio entre Santos e Palmeiras foi firmado na \u00faltima semana por um valor de 2,5 milh\u00f5es de euros (cerca de R$ 15 milh\u00f5es), com contrato at\u00e9 o fim de 2027. Z\u00e9 Rafael j\u00e1 est\u00e1 trabalhando no CT Rei Pel\u00e9 e sendo monitorado pelo departamento m\u00e9dico do clube. Vale destacar que o problema de coluna do jogador n\u00e3o \u00e9 novidade, visto que lida com a condi\u00e7\u00e3o desde o ano passado.<\/p>\n\n\n\n<p>Inscrito no Paulist\u00e3o como jogador do Palmeiras, Z\u00e9 Rafael n\u00e3o poderia disputar a competi\u00e7\u00e3o pelo Santos. Fator esse que contribui para &#8216;tranquilidade&#8217; do Peixe no processo de recupera\u00e7\u00e3o do jogador. A ideia \u00e9 aproveitar esse per\u00edodo para resolver a condi\u00e7\u00e3o cl\u00ednica do atleta e, ent\u00e3o, anunciar o refor\u00e7o.<\/p>\n\n\n\n<p>&#8220;O jogador foi inscrito pelo Palmeiras no Paulista, ent\u00e3o j\u00e1 n\u00e3o poder\u00edamos usar o jogador, s\u00f3 a partir da Copa do Brasil. Ent\u00e3o o procedimento ser\u00e1 feito, \u00e9 necess\u00e1rio, e vamos aguardar para o jogador ter o diagn\u00f3stico&#8221;, explicou Marcelo.<\/p>\n","protected":false},"excerpt":{"rendered":"<p>A demora na oficializa\u00e7\u00e3o da contrata\u00e7\u00e3o de Z\u00e9 Rafael junto ao Palmeiras causou estranheza nos torcedores do Santos. Nesta ter\u00e7a-feira, 4, o presidente Marcelo Teixeira tratou de explicar que o &#8216;atraso&#8217; se deu pelo consentimento do departamento m\u00e9dico dos clubes sobre a necessidade de uma cirurgia na coluna do atleta. Estima-se que Z\u00e9 Rafael leve [&hellip;]<\/p>\n","protected":false},"author":30,"featured_media":171704,"comment_status":"open","ping_status":"closed","sticky":false,"template":"","format":"standard","meta":{"footnotes":""},"categories":[139],"tags":[],"class_list":["post-223223","post","type-post","status-publish","format-standard","has-post-thumbnail","hentry","category-santos"],"yoast_head":"<!-- This site is optimized with the Yoast SEO Premium plugin v24.2 (Yoast SEO v26.9) - https:\/\/yoast.com\/product\/yoast-seo-premium-wordpress\/ -->\n<title>Santos: a declara\u00e7\u00e3o de Marcelo Teixeira direcionada a Z\u00e9 Rafael<\/title>\n<meta name=\"robots\" content=\"index, follow, max-snippet:-1, max-image-preview:large, max-video-preview:-1\" \/>\n<link rel=\"canonical\" href=\"https:\/\/www.gaveanews.com\/index.php\/2025\/02\/04\/santos-a-declaracao-de-marcelo-teixeira-direcionada-a-ze-rafael\/\" \/>\n<meta property=\"og:locale\" content=\"pt_BR\" \/>\n<meta property=\"og:type\" content=\"article\" \/>\n<meta property=\"og:title\" content=\"Santos: a declara\u00e7\u00e3o de Marcelo Teixeira direcionada a Z\u00e9 Rafael\" \/>\n<meta property=\"og:description\" content=\"A demora na oficializa\u00e7\u00e3o da contrata\u00e7\u00e3o de Z\u00e9 Rafael junto ao Palmeiras causou estranheza nos torcedores do Santos. Nesta ter\u00e7a-feira, 4, o presidente Marcelo Teixeira tratou de explicar que o &#8216;atraso&#8217; se deu pelo consentimento do departamento m\u00e9dico dos clubes sobre a necessidade de uma cirurgia na coluna do atleta. Estima-se que Z\u00e9 Rafael leve [&hellip;]\" \/>\n<meta property=\"og:url\" content=\"https:\/\/www.gaveanews.com\/index.php\/2025\/02\/04\/santos-a-declaracao-de-marcelo-teixeira-direcionada-a-ze-rafael\/\" \/>\n<meta property=\"og:site_name\" content=\"G\u00e1vea News\" \/>\n<meta property=\"article:publisher\" content=\"https:\/\/facebook.com\/gaveaNews\/\" \/>\n<meta property=\"article:published_time\" content=\"2025-02-05T01:05:00+00:00\" \/>\n<meta property=\"og:image\" content=\"https:\/\/www.gaveanews.com\/wp-content\/uploads\/Ze-Rafael-em-acao-pelo-Palmeiras.webp\" \/>\n\t<meta property=\"og:image:width\" content=\"952\" \/>\n\t<meta property=\"og:image:height\" content=\"678\" \/>\n\t<meta property=\"og:image:type\" content=\"image\/jpeg\" \/>\n<meta name=\"author\" content=\"Ana Teixeira\" \/>\n<meta name=\"twitter:card\" content=\"summary_large_image\" \/>\n<meta name=\"twitter:label1\" content=\"Escrito por\" \/>\n\t<meta name=\"twitter:data1\" content=\"Ana Teixeira\" \/>\n\t<meta name=\"twitter:label2\" content=\"Est. tempo de leitura\" \/>\n\t<meta name=\"twitter:data2\" content=\"3 minutos\" \/>\n<script type=\"application\/ld+json\" class=\"yoast-schema-graph\">{\"@context\":\"https:\/\/schema.org\",\"@graph\":[{\"@type\":\"NewsArticle\",\"@id\":\"https:\/\/www.gaveanews.com\/index.php\/2025\/02\/04\/santos-a-declaracao-de-marcelo-teixeira-direcionada-a-ze-rafael\/#article\",\"isPartOf\":{\"@id\":\"https:\/\/www.gaveanews.com\/index.php\/2025\/02\/04\/santos-a-declaracao-de-marcelo-teixeira-direcionada-a-ze-rafael\/\"},\"author\":{\"name\":\"Ana Teixeira\",\"@id\":\"https:\/\/www.gaveanews.com\/#\/schema\/person\/3b19f7288b0ce20372991275e4f2e6c2\"},\"headline\":\"Santos: a declara\u00e7\u00e3o de Marcelo Teixeira direcionada a Z\u00e9 Rafael\",\"datePublished\":\"2025-02-05T01:05:00+00:00\",\"mainEntityOfPage\":{\"@id\":\"https:\/\/www.gaveanews.com\/index.php\/2025\/02\/04\/santos-a-declaracao-de-marcelo-teixeira-direcionada-a-ze-rafael\/\"},\"wordCount\":520,\"commentCount\":0,\"image\":{\"@id\":\"https:\/\/www.gaveanews.com\/index.php\/2025\/02\/04\/santos-a-declaracao-de-marcelo-teixeira-direcionada-a-ze-rafael\/#primaryimage\"},\"thumbnailUrl\":\"https:\/\/www.gaveanews.com\/wp-content\/uploads\/Ze-Rafael-em-acao-pelo-Palmeiras.webp\",\"articleSection\":[\"Santos\"],\"inLanguage\":\"pt-BR\",\"potentialAction\":[{\"@type\":\"CommentAction\",\"name\":\"Comment\",\"target\":[\"https:\/\/www.gaveanews.com\/index.php\/2025\/02\/04\/santos-a-declaracao-de-marcelo-teixeira-direcionada-a-ze-rafael\/#respond\"]}],\"copyrightYear\":\"2025\",\"copyrightHolder\":{\"@id\":\"https:\/\/www.gaveanews.com\/#organization\"}},{\"@type\":\"WebPage\",\"@id\":\"https:\/\/www.gaveanews.com\/index.php\/2025\/02\/04\/santos-a-declaracao-de-marcelo-teixeira-direcionada-a-ze-rafael\/\",\"url\":\"https:\/\/www.gaveanews.com\/index.php\/2025\/02\/04\/santos-a-declaracao-de-marcelo-teixeira-direcionada-a-ze-rafael\/\",\"name\":\"Santos: a declara\u00e7\u00e3o de Marcelo Teixeira direcionada a Z\u00e9 Rafael\",\"isPartOf\":{\"@id\":\"https:\/\/www.gaveanews.com\/#website\"},\"primaryImageOfPage\":{\"@id\":\"https:\/\/www.gaveanews.com\/index.php\/2025\/02\/04\/santos-a-declaracao-de-marcelo-teixeira-direcionada-a-ze-rafael\/#primaryimage\"},\"image\":{\"@id\":\"https:\/\/www.gaveanews.com\/index.php\/2025\/02\/04\/santos-a-declaracao-de-marcelo-teixeira-direcionada-a-ze-rafael\/#primaryimage\"},\"thumbnailUrl\":\"https:\/\/www.gaveanews.com\/wp-content\/uploads\/Ze-Rafael-em-acao-pelo-Palmeiras.webp\",\"datePublished\":\"2025-02-05T01:05:00+00:00\",\"author\":{\"@id\":\"https:\/\/www.gaveanews.com\/#\/schema\/person\/3b19f7288b0ce20372991275e4f2e6c2\"},\"breadcrumb\":{\"@id\":\"https:\/\/www.gaveanews.com\/index.php\/2025\/02\/04\/santos-a-declaracao-de-marcelo-teixeira-direcionada-a-ze-rafael\/#breadcrumb\"},\"inLanguage\":\"pt-BR\",\"potentialAction\":[{\"@type\":\"ReadAction\",\"target\":[\"https:\/\/www.gaveanews.com\/index.php\/2025\/02\/04\/santos-a-declaracao-de-marcelo-teixeira-direcionada-a-ze-rafael\/\"]}]},{\"@type\":\"ImageObject\",\"inLanguage\":\"pt-BR\",\"@id\":\"https:\/\/www.gaveanews.com\/index.php\/2025\/02\/04\/santos-a-declaracao-de-marcelo-teixeira-direcionada-a-ze-rafael\/#primaryimage\",\"url\":\"https:\/\/www.gaveanews.com\/wp-content\/uploads\/Ze-Rafael-em-acao-pelo-Palmeiras.webp\",\"contentUrl\":\"https:\/\/www.gaveanews.com\/wp-content\/uploads\/Ze-Rafael-em-acao-pelo-Palmeiras.webp\",\"width\":952,\"height\":678,\"caption\":\"Z\u00e9 Rafael em a\u00e7\u00e3o pelo Palmeiras (Foto: Fabio Menotti\/ Palmeiras)\"},{\"@type\":\"BreadcrumbList\",\"@id\":\"https:\/\/www.gaveanews.com\/index.php\/2025\/02\/04\/santos-a-declaracao-de-marcelo-teixeira-direcionada-a-ze-rafael\/#breadcrumb\",\"itemListElement\":[{\"@type\":\"ListItem\",\"position\":1,\"name\":\"Home\",\"item\":\"https:\/\/www.gaveanews.com\/\"},{\"@type\":\"ListItem\",\"position\":2,\"name\":\"Santos: a declara\u00e7\u00e3o de Marcelo Teixeira direcionada a Z\u00e9 Rafael\"}]},{\"@type\":\"WebSite\",\"@id\":\"https:\/\/www.gaveanews.com\/#website\",\"url\":\"https:\/\/www.gaveanews.com\/\",\"name\":\"G\u00e1vea News\",\"description\":\"Veja todas as not\u00edcias sobre o Flamengo: Contrata\u00e7\u00f5es, categorias de base, resultados das partidas, tabela de classifica\u00e7\u00e3o, pr\u00f3ximos jogos!\",\"potentialAction\":[{\"@type\":\"SearchAction\",\"target\":{\"@type\":\"EntryPoint\",\"urlTemplate\":\"https:\/\/www.gaveanews.com\/?s={search_term_string}\"},\"query-input\":{\"@type\":\"PropertyValueSpecification\",\"valueRequired\":true,\"valueName\":\"search_term_string\"}}],\"inLanguage\":\"pt-BR\"},{\"@type\":\"Person\",\"@id\":\"https:\/\/www.gaveanews.com\/#\/schema\/person\/3b19f7288b0ce20372991275e4f2e6c2\",\"name\":\"Ana Teixeira\",\"image\":{\"@type\":\"ImageObject\",\"inLanguage\":\"pt-BR\",\"@id\":\"https:\/\/www.gaveanews.com\/#\/schema\/person\/image\/\",\"url\":\"https:\/\/secure.gravatar.com\/avatar\/0a73f5a5258f3fed37fc2fa641892f3f7a4748456d4d4792f9bc550e6c19e06c?s=96&d=mm&r=g\",\"contentUrl\":\"https:\/\/secure.gravatar.com\/avatar\/0a73f5a5258f3fed37fc2fa641892f3f7a4748456d4d4792f9bc550e6c19e06c?s=96&d=mm&r=g\",\"caption\":\"Ana Teixeira\"}}]}<\/script>\n<!-- \/ Yoast SEO Premium plugin. -->","yoast_head_json":{"title":"Santos: a declara\u00e7\u00e3o de Marcelo Teixeira direcionada a Z\u00e9 Rafael","robots":{"index":"index","follow":"follow","max-snippet":"max-snippet:-1","max-image-preview":"max-image-preview:large","max-video-preview":"max-video-preview:-1"},"canonical":"https:\/\/www.gaveanews.com\/index.php\/2025\/02\/04\/santos-a-declaracao-de-marcelo-teixeira-direcionada-a-ze-rafael\/","og_locale":"pt_BR","og_type":"article","og_title":"Santos: a declara\u00e7\u00e3o de Marcelo Teixeira direcionada a Z\u00e9 Rafael","og_description":"A demora na oficializa\u00e7\u00e3o da contrata\u00e7\u00e3o de Z\u00e9 Rafael junto ao Palmeiras causou estranheza nos torcedores do Santos. Nesta ter\u00e7a-feira, 4, o presidente Marcelo Teixeira tratou de explicar que o &#8216;atraso&#8217; se deu pelo consentimento do departamento m\u00e9dico dos clubes sobre a necessidade de uma cirurgia na coluna do atleta. Estima-se que Z\u00e9 Rafael leve [&hellip;]","og_url":"https:\/\/www.gaveanews.com\/index.php\/2025\/02\/04\/santos-a-declaracao-de-marcelo-teixeira-direcionada-a-ze-rafael\/","og_site_name":"G\u00e1vea News","article_publisher":"https:\/\/facebook.com\/gaveaNews\/","article_published_time":"2025-02-05T01:05:00+00:00","og_image":[{"width":952,"height":678,"url":"https:\/\/www.gaveanews.com\/wp-content\/uploads\/Ze-Rafael-em-acao-pelo-Palmeiras.webp","type":"image\/jpeg"}],"author":"Ana Teixeira","twitter_card":"summary_large_image","twitter_misc":{"Escrito por":"Ana Teixeira","Est. tempo de leitura":"3 minutos"},"schema":{"@context":"https:\/\/schema.org","@graph":[{"@type":"NewsArticle","@id":"https:\/\/www.gaveanews.com\/index.php\/2025\/02\/04\/santos-a-declaracao-de-marcelo-teixeira-direcionada-a-ze-rafael\/#article","isPartOf":{"@id":"https:\/\/www.gaveanews.com\/index.php\/2025\/02\/04\/santos-a-declaracao-de-marcelo-teixeira-direcionada-a-ze-rafael\/"},"author":{"name":"Ana Teixeira","@id":"https:\/\/www.gaveanews.com\/#\/schema\/person\/3b19f7288b0ce20372991275e4f2e6c2"},"headline":"Santos: a declara\u00e7\u00e3o de Marcelo Teixeira direcionada a Z\u00e9 Rafael","datePublished":"2025-02-05T01:05:00+00:00","mainEntityOfPage":{"@id":"https:\/\/www.gaveanews.com\/index.php\/2025\/02\/04\/santos-a-declaracao-de-marcelo-teixeira-direcionada-a-ze-rafael\/"},"wordCount":520,"commentCount":0,"image":{"@id":"https:\/\/www.gaveanews.com\/index.php\/2025\/02\/04\/santos-a-declaracao-de-marcelo-teixeira-direcionada-a-ze-rafael\/#primaryimage"},"thumbnailUrl":"https:\/\/www.gaveanews.com\/wp-content\/uploads\/Ze-Rafael-em-acao-pelo-Palmeiras.webp","articleSection":["Santos"],"inLanguage":"pt-BR","potentialAction":[{"@type":"CommentAction","name":"Comment","target":["https:\/\/www.gaveanews.com\/index.php\/2025\/02\/04\/santos-a-declaracao-de-marcelo-teixeira-direcionada-a-ze-rafael\/#respond"]}],"copyrightYear":"2025","copyrightHolder":{"@id":"https:\/\/www.gaveanews.com\/#organization"}},{"@type":"WebPage","@id":"https:\/\/www.gaveanews.com\/index.php\/2025\/02\/04\/santos-a-declaracao-de-marcelo-teixeira-direcionada-a-ze-rafael\/","url":"https:\/\/www.gaveanews.com\/index.php\/2025\/02\/04\/santos-a-declaracao-de-marcelo-teixeira-direcionada-a-ze-rafael\/","name":"Santos: a declara\u00e7\u00e3o de Marcelo Teixeira direcionada a Z\u00e9 Rafael","isPartOf":{"@id":"https:\/\/www.gaveanews.com\/#website"},"primaryImageOfPage":{"@id":"https:\/\/www.gaveanews.com\/index.php\/2025\/02\/04\/santos-a-declaracao-de-marcelo-teixeira-direcionada-a-ze-rafael\/#primaryimage"},"image":{"@id":"https:\/\/www.gaveanews.com\/index.php\/2025\/02\/04\/santos-a-declaracao-de-marcelo-teixeira-direcionada-a-ze-rafael\/#primaryimage"},"thumbnailUrl":"https:\/\/www.gaveanews.com\/wp-content\/uploads\/Ze-Rafael-em-acao-pelo-Palmeiras.webp","datePublished":"2025-02-05T01:05:00+00:00","author":{"@id":"https:\/\/www.gaveanews.com\/#\/schema\/person\/3b19f7288b0ce20372991275e4f2e6c2"},"breadcrumb":{"@id":"https:\/\/www.gaveanews.com\/index.php\/2025\/02\/04\/santos-a-declaracao-de-marcelo-teixeira-direcionada-a-ze-rafael\/#breadcrumb"},"inLanguage":"pt-BR","potentialAction":[{"@type":"ReadAction","target":["https:\/\/www.gaveanews.com\/index.php\/2025\/02\/04\/santos-a-declaracao-de-marcelo-teixeira-direcionada-a-ze-rafael\/"]}]},{"@type":"ImageObject","inLanguage":"pt-BR","@id":"https:\/\/www.gaveanews.com\/index.php\/2025\/02\/04\/santos-a-declaracao-de-marcelo-teixeira-direcionada-a-ze-rafael\/#primaryimage","url":"https:\/\/www.gaveanews.com\/wp-content\/uploads\/Ze-Rafael-em-acao-pelo-Palmeiras.webp","contentUrl":"https:\/\/www.gaveanews.com\/wp-content\/uploads\/Ze-Rafael-em-acao-pelo-Palmeiras.webp","width":952,"height":678,"caption":"Z\u00e9 Rafael em a\u00e7\u00e3o pelo Palmeiras (Foto: Fabio Menotti\/ Palmeiras)"},{"@type":"BreadcrumbList","@id":"https:\/\/www.gaveanews.com\/index.php\/2025\/02\/04\/santos-a-declaracao-de-marcelo-teixeira-direcionada-a-ze-rafael\/#breadcrumb","itemListElement":[{"@type":"ListItem","position":1,"name":"Home","item":"https:\/\/www.gaveanews.com\/"},{"@type":"ListItem","position":2,"name":"Santos: a declara\u00e7\u00e3o de Marcelo Teixeira direcionada a Z\u00e9 Rafael"}]},{"@type":"WebSite","@id":"https:\/\/www.gaveanews.com\/#website","url":"https:\/\/www.gaveanews.com\/","name":"G\u00e1vea News","description":"Veja todas as not\u00edcias sobre o Flamengo: Contrata\u00e7\u00f5es, categorias de base, resultados das partidas, tabela de classifica\u00e7\u00e3o, pr\u00f3ximos jogos!","potentialAction":[{"@type":"SearchAction","target":{"@type":"EntryPoint","urlTemplate":"https:\/\/www.gaveanews.com\/?s={search_term_string}"},"query-input":{"@type":"PropertyValueSpecification","valueRequired":true,"valueName":"search_term_string"}}],"inLanguage":"pt-BR"},{"@type":"Person","@id":"https:\/\/www.gaveanews.com\/#\/schema\/person\/3b19f7288b0ce20372991275e4f2e6c2","name":"Ana Teixeira","image":{"@type":"ImageObject","inLanguage":"pt-BR","@id":"https:\/\/www.gaveanews.com\/#\/schema\/person\/image\/","url":"https:\/\/secure.gravatar.com\/avatar\/0a73f5a5258f3fed37fc2fa641892f3f7a4748456d4d4792f9bc550e6c19e06c?s=96&d=mm&r=g","contentUrl":"https:\/\/secure.gravatar.com\/avatar\/0a73f5a5258f3fed37fc2fa641892f3f7a4748456d4d4792f9bc550e6c19e06c?s=96&d=mm&r=g","caption":"Ana Teixeira"}}]}},"_links":{"self":[{"href":"https:\/\/www.gaveanews.com\/index.php\/wp-json\/wp\/v2\/posts\/223223","targetHints":{"allow":["GET"]}}],"collection":[{"href":"https:\/\/www.gaveanews.com\/index.php\/wp-json\/wp\/v2\/posts"}],"about":[{"href":"https:\/\/www.gaveanews.com\/index.php\/wp-json\/wp\/v2\/types\/post"}],"author":[{"embeddable":true,"href":"https:\/\/www.gaveanews.com\/index.php\/wp-json\/wp\/v2\/users\/30"}],"replies":[{"embeddable":true,"href":"https:\/\/www.gaveanews.com\/index.php\/wp-json\/wp\/v2\/comments?post=223223"}],"version-history":[{"count":2,"href":"https:\/\/www.gaveanews.com\/index.php\/wp-json\/wp\/v2\/posts\/223223\/revisions"}],"predecessor-version":[{"id":223228,"href":"https:\/\/www.gaveanews.com\/index.php\/wp-json\/wp\/v2\/posts\/223223\/revisions\/223228"}],"wp:featuredmedia":[{"embeddable":true,"href":"https:\/\/www.gaveanews.com\/index.php\/wp-json\/wp\/v2\/media\/171704"}],"wp:attachment":[{"href":"https:\/\/www.gaveanews.com\/index.php\/wp-json\/wp\/v2\/media?parent=223223"}],"wp:term":[{"taxonomy":"category","embeddable":true,"href":"https:\/\/www.gaveanews.com\/index.php\/wp-json\/wp\/v2\/categories?post=223223"},{"taxonomy":"post_tag","embeddable":true,"href":"https:\/\/www.gaveanews.com\/index.php\/wp-json\/wp\/v2\/tags?post=223223"}],"curies":[{"name":"wp","href":"https:\/\/api.w.org\/{rel}","templated":true}]}}