{"id":22323,"date":"2019-06-29T17:58:08","date_gmt":"2019-06-29T20:58:08","guid":{"rendered":"https:\/\/www.gaveanews.com\/?p=22323"},"modified":"2019-06-29T18:05:22","modified_gmt":"2019-06-29T21:05:22","slug":"flamengo-revela-prazo-para-resposta-de-filipe-luis-e-abre-o-jogo-sobre-o-que-trava-acerto-assista","status":"publish","type":"post","link":"https:\/\/www.gaveanews.com\/index.php\/2019\/06\/29\/flamengo-revela-prazo-para-resposta-de-filipe-luis-e-abre-o-jogo-sobre-o-que-trava-acerto-assista\/","title":{"rendered":"Flamengo revela prazo para resposta de Filipe Lu\u00eds e abre o jogo sobre o que trava acerto; assista"},"content":{"rendered":"\n<p>O Flamengo segue em busca de refor\u00e7os para a segundo semestre da atual temporada. E durante entrevista concedido aos canais Fox Sports, na manh\u00e3 deste s\u00e1bado (29 de junho), o vice-presidente de do Flamengo, Marcos Braz, falou sobre a possibilidade de refor\u00e7os socilitados pelo t\u00e9cnico portugu\u00eas Jorge Jesus para a sequ\u00eancia do ano. <\/p>\n\n\n\n<p>O mandat\u00e1rio contou que teve uma conversa pessoal com o lateral do Atl\u00e9tico de Madrid e ainda trabalha na possibilidade de contar com o lateral.<\/p>\n\n\n\n<p>&#8216;O Filipe Lu\u00eds pediu um prazo ao final da Copa Am\u00e9rica, vai analisar as alternativas, estive l\u00e1 com eles como chefe de delega\u00e7\u00e3o, tive uma conversa pessoal com ele, mas ele disse exatamente o que falou nas entrevistas. Estamos aguardando&#8217;, disse o presidente. Por outro lado, Marcos Braz, vice-presidente de futebol do Flamengo, abriu mais o jogo a respeito da situa\u00e7\u00e3o do lateral do Atl\u00e9tico de Madrid e explicou qual o grande entrave da negocia\u00e7\u00e3o.<\/p>\n\n\n\n<p>&#8216;At\u00e9 semana passada n\u00f3s n\u00e3o trabalh\u00e1vamos com outro nome. A quest\u00e3o do Filipe Lu\u00eds no Flamengo \u00e9 muito mais uma decis\u00e3o de vida do que de clube. Se o Flamengo fosse de Madri, ele j\u00e1 teria vindo. Ele est\u00e1 l\u00e1 h\u00e1 14 anos e \u00e9 uma decis\u00e3o importante. N\u00f3s n\u00e3o vamos ficar ref\u00e9m de nenhum nome e estamos estudando outras oportunidades de mercado&#8217;, contou o vice-presidente.<\/p>\n\n\n\n<p><strong>Assista a declara\u00e7\u00e3o completa de Marcos Braz abaixo:<\/strong><\/p>\n\n\n\n<figure class=\"wp-block-embed-youtube wp-block-embed is-type-video is-provider-youtube wp-embed-aspect-16-9 wp-has-aspect-ratio\"><div class=\"wp-block-embed__wrapper\">\n<iframe loading=\"lazy\" title=\"&#039;O FLAMENGO VAI FAZER UMA SEGUNDA PROPOSTA&#039;: Marcos Braz fala sobre interesse no Pedro\" width=\"640\" height=\"360\" src=\"https:\/\/www.youtube.com\/embed\/uQufj8ImklE?feature=oembed\" frameborder=\"0\" allow=\"accelerometer; autoplay; clipboard-write; encrypted-media; gyroscope; picture-in-picture; web-share\" referrerpolicy=\"strict-origin-when-cross-origin\" allowfullscreen><\/iframe>\n<\/div><\/figure>\n\n\n\n<p>Filipe Lu\u00eds adota uma postura conservadora na negocia\u00e7\u00e3o e disse que n\u00e3o tomar\u00e1 nenhuma decis\u00e3o a respeito de uma ida ao Flamengo antes do t\u00e9rmino da Copa Am\u00e9rica. O time carioca tem a concorr\u00eancia do Lyon e da Inter de Mil\u00e3o na contrata\u00e7\u00e3o do nome da Sele\u00e7\u00e3o Brasileira. O pr\u00f3prio atleta confirmou \u00e0 reportagem do site &#8216;Fox Sports&#8217; que recebeu uma oferta do time franc\u00eas, mas s\u00f3 tomar\u00e1 uma decis\u00e3o em julho.<\/p>\n\n\n\n\n\n<p>Retirado de: Fox Sports<\/p>\n","protected":false},"excerpt":{"rendered":"<p>O Flamengo segue em busca de refor\u00e7os para a segundo semestre da atual temporada. E durante entrevista concedido aos canais Fox Sports, na manh\u00e3 deste s\u00e1bado (29 de junho), o vice-presidente de do Flamengo, Marcos Braz, falou sobre a possibilidade de refor\u00e7os socilitados pelo t\u00e9cnico portugu\u00eas Jorge Jesus para a sequ\u00eancia do ano. O mandat\u00e1rio [&hellip;]<\/p>\n","protected":false},"author":1,"featured_media":17006,"comment_status":"open","ping_status":"open","sticky":false,"template":"","format":"standard","meta":{"footnotes":""},"categories":[1],"tags":[],"class_list":["post-22323","post","type-post","status-publish","format-standard","has-post-thumbnail","hentry","category-flamengo"],"yoast_head":"<!-- This site is optimized with the Yoast SEO Premium plugin v24.2 (Yoast SEO v26.9) - https:\/\/yoast.com\/product\/yoast-seo-premium-wordpress\/ -->\n<title>Flamengo revela prazo para resposta de Filipe Lu\u00eds e abre o jogo sobre o que trava acerto; assista<\/title>\n<meta name=\"description\" content=\"Marcos Braz e Rodolfo Landim falaram sobre a poss\u00edvel vinda de mais um lateral-esquerdo para o atual elenco.\" \/>\n<meta name=\"robots\" content=\"index, follow, max-snippet:-1, max-image-preview:large, max-video-preview:-1\" \/>\n<link rel=\"canonical\" href=\"https:\/\/www.gaveanews.com\/index.php\/2019\/06\/29\/flamengo-revela-prazo-para-resposta-de-filipe-luis-e-abre-o-jogo-sobre-o-que-trava-acerto-assista\/\" \/>\n<meta property=\"og:locale\" content=\"pt_BR\" \/>\n<meta property=\"og:type\" content=\"article\" \/>\n<meta property=\"og:title\" content=\"Flamengo revela prazo para resposta de Filipe Lu\u00eds e abre o jogo sobre o que trava acerto; assista\" \/>\n<meta property=\"og:description\" content=\"Marcos Braz e Rodolfo Landim falaram sobre a poss\u00edvel vinda de mais um lateral-esquerdo para o atual elenco.\" \/>\n<meta property=\"og:url\" content=\"https:\/\/www.gaveanews.com\/index.php\/2019\/06\/29\/flamengo-revela-prazo-para-resposta-de-filipe-luis-e-abre-o-jogo-sobre-o-que-trava-acerto-assista\/\" \/>\n<meta property=\"og:site_name\" content=\"G\u00e1vea News\" \/>\n<meta property=\"article:publisher\" content=\"https:\/\/facebook.com\/gaveaNews\/\" \/>\n<meta property=\"article:published_time\" content=\"2019-06-29T20:58:08+00:00\" \/>\n<meta property=\"article:modified_time\" content=\"2019-06-29T21:05:22+00:00\" \/>\n<meta property=\"og:image\" content=\"https:\/\/www.gaveanews.com\/wp-content\/uploads\/2019\/04\/Filipe-Luis-em-acao-pelo-Brasil.webp\" \/>\n\t<meta property=\"og:image:width\" content=\"1\" \/>\n\t<meta property=\"og:image:height\" content=\"1\" \/>\n\t<meta property=\"og:image:type\" content=\"image\/jpeg\" \/>\n<meta name=\"author\" content=\"Equipe G\u00e1vea News\" \/>\n<meta name=\"twitter:card\" content=\"summary_large_image\" \/>\n<meta name=\"twitter:label1\" content=\"Escrito por\" \/>\n\t<meta name=\"twitter:data1\" content=\"Equipe G\u00e1vea News\" \/>\n\t<meta name=\"twitter:label2\" content=\"Est. tempo de leitura\" \/>\n\t<meta name=\"twitter:data2\" content=\"2 minutos\" \/>\n<script type=\"application\/ld+json\" class=\"yoast-schema-graph\">{\"@context\":\"https:\/\/schema.org\",\"@graph\":[{\"@type\":\"NewsArticle\",\"@id\":\"https:\/\/www.gaveanews.com\/index.php\/2019\/06\/29\/flamengo-revela-prazo-para-resposta-de-filipe-luis-e-abre-o-jogo-sobre-o-que-trava-acerto-assista\/#article\",\"isPartOf\":{\"@id\":\"https:\/\/www.gaveanews.com\/index.php\/2019\/06\/29\/flamengo-revela-prazo-para-resposta-de-filipe-luis-e-abre-o-jogo-sobre-o-que-trava-acerto-assista\/\"},\"author\":{\"name\":\"Equipe G\u00e1vea News\",\"@id\":\"https:\/\/www.gaveanews.com\/#\/schema\/person\/2ec14f73fb96be2caf28f91afb14749d\"},\"headline\":\"Flamengo revela prazo para resposta de Filipe Lu\u00eds e abre o jogo sobre o que trava acerto; assista\",\"datePublished\":\"2019-06-29T20:58:08+00:00\",\"dateModified\":\"2019-06-29T21:05:22+00:00\",\"mainEntityOfPage\":{\"@id\":\"https:\/\/www.gaveanews.com\/index.php\/2019\/06\/29\/flamengo-revela-prazo-para-resposta-de-filipe-luis-e-abre-o-jogo-sobre-o-que-trava-acerto-assista\/\"},\"wordCount\":363,\"commentCount\":0,\"image\":{\"@id\":\"https:\/\/www.gaveanews.com\/index.php\/2019\/06\/29\/flamengo-revela-prazo-para-resposta-de-filipe-luis-e-abre-o-jogo-sobre-o-que-trava-acerto-assista\/#primaryimage\"},\"thumbnailUrl\":\"https:\/\/www.gaveanews.com\/wp-content\/uploads\/2019\/04\/Filipe-Luis-em-acao-pelo-Brasil.webp\",\"articleSection\":[\"Flamengo\"],\"inLanguage\":\"pt-BR\",\"potentialAction\":[{\"@type\":\"CommentAction\",\"name\":\"Comment\",\"target\":[\"https:\/\/www.gaveanews.com\/index.php\/2019\/06\/29\/flamengo-revela-prazo-para-resposta-de-filipe-luis-e-abre-o-jogo-sobre-o-que-trava-acerto-assista\/#respond\"]}],\"copyrightYear\":\"2019\",\"copyrightHolder\":{\"@id\":\"https:\/\/www.gaveanews.com\/#organization\"}},{\"@type\":\"WebPage\",\"@id\":\"https:\/\/www.gaveanews.com\/index.php\/2019\/06\/29\/flamengo-revela-prazo-para-resposta-de-filipe-luis-e-abre-o-jogo-sobre-o-que-trava-acerto-assista\/\",\"url\":\"https:\/\/www.gaveanews.com\/index.php\/2019\/06\/29\/flamengo-revela-prazo-para-resposta-de-filipe-luis-e-abre-o-jogo-sobre-o-que-trava-acerto-assista\/\",\"name\":\"Flamengo revela prazo para resposta de Filipe Lu\u00eds e abre o jogo sobre o que trava acerto; assista\",\"isPartOf\":{\"@id\":\"https:\/\/www.gaveanews.com\/#website\"},\"primaryImageOfPage\":{\"@id\":\"https:\/\/www.gaveanews.com\/index.php\/2019\/06\/29\/flamengo-revela-prazo-para-resposta-de-filipe-luis-e-abre-o-jogo-sobre-o-que-trava-acerto-assista\/#primaryimage\"},\"image\":{\"@id\":\"https:\/\/www.gaveanews.com\/index.php\/2019\/06\/29\/flamengo-revela-prazo-para-resposta-de-filipe-luis-e-abre-o-jogo-sobre-o-que-trava-acerto-assista\/#primaryimage\"},\"thumbnailUrl\":\"https:\/\/www.gaveanews.com\/wp-content\/uploads\/2019\/04\/Filipe-Luis-em-acao-pelo-Brasil.webp\",\"datePublished\":\"2019-06-29T20:58:08+00:00\",\"dateModified\":\"2019-06-29T21:05:22+00:00\",\"author\":{\"@id\":\"https:\/\/www.gaveanews.com\/#\/schema\/person\/2ec14f73fb96be2caf28f91afb14749d\"},\"description\":\"Marcos Braz e Rodolfo Landim falaram sobre a poss\u00edvel vinda de mais um lateral-esquerdo para o atual elenco.\",\"breadcrumb\":{\"@id\":\"https:\/\/www.gaveanews.com\/index.php\/2019\/06\/29\/flamengo-revela-prazo-para-resposta-de-filipe-luis-e-abre-o-jogo-sobre-o-que-trava-acerto-assista\/#breadcrumb\"},\"inLanguage\":\"pt-BR\",\"potentialAction\":[{\"@type\":\"ReadAction\",\"target\":[\"https:\/\/www.gaveanews.com\/index.php\/2019\/06\/29\/flamengo-revela-prazo-para-resposta-de-filipe-luis-e-abre-o-jogo-sobre-o-que-trava-acerto-assista\/\"]}]},{\"@type\":\"ImageObject\",\"inLanguage\":\"pt-BR\",\"@id\":\"https:\/\/www.gaveanews.com\/index.php\/2019\/06\/29\/flamengo-revela-prazo-para-resposta-de-filipe-luis-e-abre-o-jogo-sobre-o-que-trava-acerto-assista\/#primaryimage\",\"url\":\"https:\/\/www.gaveanews.com\/wp-content\/uploads\/2019\/04\/Filipe-Luis-em-acao-pelo-Brasil.webp\",\"contentUrl\":\"https:\/\/www.gaveanews.com\/wp-content\/uploads\/2019\/04\/Filipe-Luis-em-acao-pelo-Brasil.webp\",\"caption\":\"Filipe Luis em a\u00e7\u00e3o pelo Brasil (Foto: Leo Correa\/MoWa Press)\"},{\"@type\":\"BreadcrumbList\",\"@id\":\"https:\/\/www.gaveanews.com\/index.php\/2019\/06\/29\/flamengo-revela-prazo-para-resposta-de-filipe-luis-e-abre-o-jogo-sobre-o-que-trava-acerto-assista\/#breadcrumb\",\"itemListElement\":[{\"@type\":\"ListItem\",\"position\":1,\"name\":\"Home\",\"item\":\"https:\/\/www.gaveanews.com\/\"},{\"@type\":\"ListItem\",\"position\":2,\"name\":\"Flamengo revela prazo para resposta de Filipe Lu\u00eds e abre o jogo sobre o que trava acerto; assista\"}]},{\"@type\":\"WebSite\",\"@id\":\"https:\/\/www.gaveanews.com\/#website\",\"url\":\"https:\/\/www.gaveanews.com\/\",\"name\":\"G\u00e1vea News\",\"description\":\"Veja todas as not\u00edcias sobre o Flamengo: Contrata\u00e7\u00f5es, categorias de base, resultados das partidas, tabela de classifica\u00e7\u00e3o, pr\u00f3ximos jogos!\",\"potentialAction\":[{\"@type\":\"SearchAction\",\"target\":{\"@type\":\"EntryPoint\",\"urlTemplate\":\"https:\/\/www.gaveanews.com\/?s={search_term_string}\"},\"query-input\":{\"@type\":\"PropertyValueSpecification\",\"valueRequired\":true,\"valueName\":\"search_term_string\"}}],\"inLanguage\":\"pt-BR\"},{\"@type\":\"Person\",\"@id\":\"https:\/\/www.gaveanews.com\/#\/schema\/person\/2ec14f73fb96be2caf28f91afb14749d\",\"name\":\"Equipe G\u00e1vea News\",\"image\":{\"@type\":\"ImageObject\",\"inLanguage\":\"pt-BR\",\"@id\":\"https:\/\/www.gaveanews.com\/#\/schema\/person\/image\/\",\"url\":\"https:\/\/secure.gravatar.com\/avatar\/1e1956f1facbffd3f8fa53a326721950116b3b9dc9bd44939c01180fd4a745a9?s=96&d=mm&r=g\",\"contentUrl\":\"https:\/\/secure.gravatar.com\/avatar\/1e1956f1facbffd3f8fa53a326721950116b3b9dc9bd44939c01180fd4a745a9?s=96&d=mm&r=g\",\"caption\":\"Equipe G\u00e1vea News\"}}]}<\/script>\n<!-- \/ Yoast SEO Premium plugin. -->","yoast_head_json":{"title":"Flamengo revela prazo para resposta de Filipe Lu\u00eds e abre o jogo sobre o que trava acerto; assista","description":"Marcos Braz e Rodolfo Landim falaram sobre a poss\u00edvel vinda de mais um lateral-esquerdo para o atual elenco.","robots":{"index":"index","follow":"follow","max-snippet":"max-snippet:-1","max-image-preview":"max-image-preview:large","max-video-preview":"max-video-preview:-1"},"canonical":"https:\/\/www.gaveanews.com\/index.php\/2019\/06\/29\/flamengo-revela-prazo-para-resposta-de-filipe-luis-e-abre-o-jogo-sobre-o-que-trava-acerto-assista\/","og_locale":"pt_BR","og_type":"article","og_title":"Flamengo revela prazo para resposta de Filipe Lu\u00eds e abre o jogo sobre o que trava acerto; assista","og_description":"Marcos Braz e Rodolfo Landim falaram sobre a poss\u00edvel vinda de mais um lateral-esquerdo para o atual elenco.","og_url":"https:\/\/www.gaveanews.com\/index.php\/2019\/06\/29\/flamengo-revela-prazo-para-resposta-de-filipe-luis-e-abre-o-jogo-sobre-o-que-trava-acerto-assista\/","og_site_name":"G\u00e1vea News","article_publisher":"https:\/\/facebook.com\/gaveaNews\/","article_published_time":"2019-06-29T20:58:08+00:00","article_modified_time":"2019-06-29T21:05:22+00:00","og_image":[{"url":"https:\/\/www.gaveanews.com\/wp-content\/uploads\/2019\/04\/Filipe-Luis-em-acao-pelo-Brasil.webp","width":1,"height":1,"type":"image\/jpeg"}],"author":"Equipe G\u00e1vea News","twitter_card":"summary_large_image","twitter_misc":{"Escrito por":"Equipe G\u00e1vea News","Est. tempo de leitura":"2 minutos"},"schema":{"@context":"https:\/\/schema.org","@graph":[{"@type":"NewsArticle","@id":"https:\/\/www.gaveanews.com\/index.php\/2019\/06\/29\/flamengo-revela-prazo-para-resposta-de-filipe-luis-e-abre-o-jogo-sobre-o-que-trava-acerto-assista\/#article","isPartOf":{"@id":"https:\/\/www.gaveanews.com\/index.php\/2019\/06\/29\/flamengo-revela-prazo-para-resposta-de-filipe-luis-e-abre-o-jogo-sobre-o-que-trava-acerto-assista\/"},"author":{"name":"Equipe G\u00e1vea News","@id":"https:\/\/www.gaveanews.com\/#\/schema\/person\/2ec14f73fb96be2caf28f91afb14749d"},"headline":"Flamengo revela prazo para resposta de Filipe Lu\u00eds e abre o jogo sobre o que trava acerto; assista","datePublished":"2019-06-29T20:58:08+00:00","dateModified":"2019-06-29T21:05:22+00:00","mainEntityOfPage":{"@id":"https:\/\/www.gaveanews.com\/index.php\/2019\/06\/29\/flamengo-revela-prazo-para-resposta-de-filipe-luis-e-abre-o-jogo-sobre-o-que-trava-acerto-assista\/"},"wordCount":363,"commentCount":0,"image":{"@id":"https:\/\/www.gaveanews.com\/index.php\/2019\/06\/29\/flamengo-revela-prazo-para-resposta-de-filipe-luis-e-abre-o-jogo-sobre-o-que-trava-acerto-assista\/#primaryimage"},"thumbnailUrl":"https:\/\/www.gaveanews.com\/wp-content\/uploads\/2019\/04\/Filipe-Luis-em-acao-pelo-Brasil.webp","articleSection":["Flamengo"],"inLanguage":"pt-BR","potentialAction":[{"@type":"CommentAction","name":"Comment","target":["https:\/\/www.gaveanews.com\/index.php\/2019\/06\/29\/flamengo-revela-prazo-para-resposta-de-filipe-luis-e-abre-o-jogo-sobre-o-que-trava-acerto-assista\/#respond"]}],"copyrightYear":"2019","copyrightHolder":{"@id":"https:\/\/www.gaveanews.com\/#organization"}},{"@type":"WebPage","@id":"https:\/\/www.gaveanews.com\/index.php\/2019\/06\/29\/flamengo-revela-prazo-para-resposta-de-filipe-luis-e-abre-o-jogo-sobre-o-que-trava-acerto-assista\/","url":"https:\/\/www.gaveanews.com\/index.php\/2019\/06\/29\/flamengo-revela-prazo-para-resposta-de-filipe-luis-e-abre-o-jogo-sobre-o-que-trava-acerto-assista\/","name":"Flamengo revela prazo para resposta de Filipe Lu\u00eds e abre o jogo sobre o que trava acerto; assista","isPartOf":{"@id":"https:\/\/www.gaveanews.com\/#website"},"primaryImageOfPage":{"@id":"https:\/\/www.gaveanews.com\/index.php\/2019\/06\/29\/flamengo-revela-prazo-para-resposta-de-filipe-luis-e-abre-o-jogo-sobre-o-que-trava-acerto-assista\/#primaryimage"},"image":{"@id":"https:\/\/www.gaveanews.com\/index.php\/2019\/06\/29\/flamengo-revela-prazo-para-resposta-de-filipe-luis-e-abre-o-jogo-sobre-o-que-trava-acerto-assista\/#primaryimage"},"thumbnailUrl":"https:\/\/www.gaveanews.com\/wp-content\/uploads\/2019\/04\/Filipe-Luis-em-acao-pelo-Brasil.webp","datePublished":"2019-06-29T20:58:08+00:00","dateModified":"2019-06-29T21:05:22+00:00","author":{"@id":"https:\/\/www.gaveanews.com\/#\/schema\/person\/2ec14f73fb96be2caf28f91afb14749d"},"description":"Marcos Braz e Rodolfo Landim falaram sobre a poss\u00edvel vinda de mais um lateral-esquerdo para o atual elenco.","breadcrumb":{"@id":"https:\/\/www.gaveanews.com\/index.php\/2019\/06\/29\/flamengo-revela-prazo-para-resposta-de-filipe-luis-e-abre-o-jogo-sobre-o-que-trava-acerto-assista\/#breadcrumb"},"inLanguage":"pt-BR","potentialAction":[{"@type":"ReadAction","target":["https:\/\/www.gaveanews.com\/index.php\/2019\/06\/29\/flamengo-revela-prazo-para-resposta-de-filipe-luis-e-abre-o-jogo-sobre-o-que-trava-acerto-assista\/"]}]},{"@type":"ImageObject","inLanguage":"pt-BR","@id":"https:\/\/www.gaveanews.com\/index.php\/2019\/06\/29\/flamengo-revela-prazo-para-resposta-de-filipe-luis-e-abre-o-jogo-sobre-o-que-trava-acerto-assista\/#primaryimage","url":"https:\/\/www.gaveanews.com\/wp-content\/uploads\/2019\/04\/Filipe-Luis-em-acao-pelo-Brasil.webp","contentUrl":"https:\/\/www.gaveanews.com\/wp-content\/uploads\/2019\/04\/Filipe-Luis-em-acao-pelo-Brasil.webp","caption":"Filipe Luis em a\u00e7\u00e3o pelo Brasil (Foto: Leo Correa\/MoWa Press)"},{"@type":"BreadcrumbList","@id":"https:\/\/www.gaveanews.com\/index.php\/2019\/06\/29\/flamengo-revela-prazo-para-resposta-de-filipe-luis-e-abre-o-jogo-sobre-o-que-trava-acerto-assista\/#breadcrumb","itemListElement":[{"@type":"ListItem","position":1,"name":"Home","item":"https:\/\/www.gaveanews.com\/"},{"@type":"ListItem","position":2,"name":"Flamengo revela prazo para resposta de Filipe Lu\u00eds e abre o jogo sobre o que trava acerto; assista"}]},{"@type":"WebSite","@id":"https:\/\/www.gaveanews.com\/#website","url":"https:\/\/www.gaveanews.com\/","name":"G\u00e1vea News","description":"Veja todas as not\u00edcias sobre o Flamengo: Contrata\u00e7\u00f5es, categorias de base, resultados das partidas, tabela de classifica\u00e7\u00e3o, pr\u00f3ximos jogos!","potentialAction":[{"@type":"SearchAction","target":{"@type":"EntryPoint","urlTemplate":"https:\/\/www.gaveanews.com\/?s={search_term_string}"},"query-input":{"@type":"PropertyValueSpecification","valueRequired":true,"valueName":"search_term_string"}}],"inLanguage":"pt-BR"},{"@type":"Person","@id":"https:\/\/www.gaveanews.com\/#\/schema\/person\/2ec14f73fb96be2caf28f91afb14749d","name":"Equipe G\u00e1vea News","image":{"@type":"ImageObject","inLanguage":"pt-BR","@id":"https:\/\/www.gaveanews.com\/#\/schema\/person\/image\/","url":"https:\/\/secure.gravatar.com\/avatar\/1e1956f1facbffd3f8fa53a326721950116b3b9dc9bd44939c01180fd4a745a9?s=96&d=mm&r=g","contentUrl":"https:\/\/secure.gravatar.com\/avatar\/1e1956f1facbffd3f8fa53a326721950116b3b9dc9bd44939c01180fd4a745a9?s=96&d=mm&r=g","caption":"Equipe G\u00e1vea News"}}]}},"_links":{"self":[{"href":"https:\/\/www.gaveanews.com\/index.php\/wp-json\/wp\/v2\/posts\/22323","targetHints":{"allow":["GET"]}}],"collection":[{"href":"https:\/\/www.gaveanews.com\/index.php\/wp-json\/wp\/v2\/posts"}],"about":[{"href":"https:\/\/www.gaveanews.com\/index.php\/wp-json\/wp\/v2\/types\/post"}],"author":[{"embeddable":true,"href":"https:\/\/www.gaveanews.com\/index.php\/wp-json\/wp\/v2\/users\/1"}],"replies":[{"embeddable":true,"href":"https:\/\/www.gaveanews.com\/index.php\/wp-json\/wp\/v2\/comments?post=22323"}],"version-history":[{"count":0,"href":"https:\/\/www.gaveanews.com\/index.php\/wp-json\/wp\/v2\/posts\/22323\/revisions"}],"wp:featuredmedia":[{"embeddable":true,"href":"https:\/\/www.gaveanews.com\/index.php\/wp-json\/wp\/v2\/media\/17006"}],"wp:attachment":[{"href":"https:\/\/www.gaveanews.com\/index.php\/wp-json\/wp\/v2\/media?parent=22323"}],"wp:term":[{"taxonomy":"category","embeddable":true,"href":"https:\/\/www.gaveanews.com\/index.php\/wp-json\/wp\/v2\/categories?post=22323"},{"taxonomy":"post_tag","embeddable":true,"href":"https:\/\/www.gaveanews.com\/index.php\/wp-json\/wp\/v2\/tags?post=22323"}],"curies":[{"name":"wp","href":"https:\/\/api.w.org\/{rel}","templated":true}]}}