{"id":223236,"date":"2025-02-05T04:30:00","date_gmt":"2025-02-05T07:30:00","guid":{"rendered":"https:\/\/www.gaveanews.com\/?p=223236"},"modified":"2025-02-04T19:49:59","modified_gmt":"2025-02-04T22:49:59","slug":"multa-astronomica-declaracao-de-neto-e-recado-de-zetti-as-ultimas-noticias-do-sao-paulo","status":"publish","type":"post","link":"https:\/\/www.gaveanews.com\/index.php\/2025\/02\/05\/multa-astronomica-declaracao-de-neto-e-recado-de-zetti-as-ultimas-noticias-do-sao-paulo\/","title":{"rendered":"Multa astron\u00f4mica, declara\u00e7\u00e3o de Neto e recado de Zetti: as \u00faltimas not\u00edcias do S\u00e3o Paulo"},"content":{"rendered":"\n<p>Nas \u00faltimas horas, o foco das not\u00edcias sobre o S\u00e3o Paulo se concentram nos bastidores do<br>clube, com destaques do dia a dia do time.<\/p>\n\n\n\n<p>Por conta deste contexto, leia abaixo um resumo preparado pela equipe do portal G\u00e1vea News para lhe manter muito bem informado!<\/p>\n\n\n\n<h2 class=\"wp-block-heading\" id=\"h-recado-de-zetti\">Recado de Zetti<\/h2>\n\n\n\n<p>O ex-goleiro Zetti elogiou publicamente o jovem atacante Ryan Francisco, do S\u00e3o Paulo, ap\u00f3s seu desempenho na vit\u00f3ria por 2 a 1 contra a Portuguesa pelo Campeonato Paulista. O jogador de 19 anos, promovido ao elenco principal depois de se destacar na Copa S\u00e3o Paulo de Futebol J\u00fanior, entrou no segundo tempo e marcou o gol decisivo. Zetti celebrou a atua\u00e7\u00e3o do atleta nas redes sociais, destacando seu talento e prevendo um futuro promissor no clube<strong><a href=\"https:\/\/www.gaveanews.com\/index.php\/2025\/02\/03\/sao-paulo-a-declaracao-de-zetti-direcionada-a-ryan-francisco\/\"> (leia a mat\u00e9ria completa).<\/a><\/strong><\/p>\n\n\n\n<figure class=\"wp-block-image size-full\"><img loading=\"lazy\" decoding=\"async\" width=\"729\" height=\"400\" src=\"http:\/\/www.gaveanews.com\/wp-content\/uploads\/Zetti-durante-coletiva-de-imprensa-no-CT-so-Sao-Paulo.webp\" alt=\"\" class=\"wp-image-154941\" srcset=\"https:\/\/www.gaveanews.com\/wp-content\/uploads\/Zetti-durante-coletiva-de-imprensa-no-CT-so-Sao-Paulo.webp 729w, https:\/\/www.gaveanews.com\/wp-content\/uploads\/Zetti-durante-coletiva-de-imprensa-no-CT-so-Sao-Paulo-300x165.webp 300w, https:\/\/www.gaveanews.com\/wp-content\/uploads\/Zetti-durante-coletiva-de-imprensa-no-CT-so-Sao-Paulo-640x350.webp 640w, https:\/\/www.gaveanews.com\/wp-content\/uploads\/Zetti-durante-coletiva-de-imprensa-no-CT-so-Sao-Paulo-681x374.webp 681w, https:\/\/www.gaveanews.com\/wp-content\/uploads\/Zetti-durante-coletiva-de-imprensa-no-CT-so-Sao-Paulo-100x55.webp 100w\" sizes=\"auto, (max-width: 729px) 100vw, 729px\" \/><figcaption class=\"wp-element-caption\">Zetti durante coletiva de imprensa no CT so S\u00e3o Paulo (Foto: Reprodu\u00e7\u00e3o\/S\u00e3o Paulo)<\/figcaption><\/figure>\n\n\n\n<p>Al\u00e9m de Zetti, Muricy Ramalho tamb\u00e9m reconheceu as qualidades de Ryan Francisco, elogiando sua frieza nas finaliza\u00e7\u00f5es e movimenta\u00e7\u00e3o dentro de campo. <\/p>\n\n\n\n<p>No entanto, o supervisor t\u00e9cnico do S\u00e3o Paulo pediu cautela no processo de transi\u00e7\u00e3o do jogador da base para o profissional, ressaltando a import\u00e2ncia de um desenvolvimento gradual para que ele possa alcan\u00e7ar todo seu potencial.<\/p>\n\n\n\n<p>Ryan Francisco j\u00e1 come\u00e7ou a ganhar espa\u00e7o sob o comando do t\u00e9cnico Luis Zubeld\u00eda e tem recebido oportunidades no elenco principal. O jovem atacante se junta a outras promessas reveladas pelo S\u00e3o Paulo em Cotia, refor\u00e7ando a tradi\u00e7\u00e3o do clube em formar talentos. Com boas atua\u00e7\u00f5es, ele busca consolidar sua posi\u00e7\u00e3o e contribuir para a equipe na temporada.<\/p>\n\n\n\n<h2 class=\"wp-block-heading\" id=\"h-declaracao-de-neto\">Declara\u00e7\u00e3o de Neto<\/h2>\n\n\n\n<p>O comentarista Craque Neto criticou duramente a diretoria do S\u00e3o Paulo pela venda do jovem atacante William Gomes ao Porto por cerca de 9 milh\u00f5es de euros (aproximadamente R$ 55 milh\u00f5es). Durante uma transmiss\u00e3o no YouTube, Neto classificou o valor da negocia\u00e7\u00e3o como &#8220;dinheiro de pinga&#8221; e argumentou que a sa\u00edda precoce do jogador reflete a crise financeira do clube, que precisa vender promessas rapidamente para equilibrar suas contas <strong><a href=\"https:\/\/www.gaveanews.com\/index.php\/2025\/02\/03\/a-declaracao-de-craque-neto-direcionada-a-diretoria-do-sao-paulo\/\">(leia a mat\u00e9ria completa).<\/a><\/strong><\/p>\n\n\n\n<figure class=\"wp-block-image size-full\"><img loading=\"lazy\" decoding=\"async\" width=\"846\" height=\"476\" src=\"http:\/\/www.gaveanews.com\/wp-content\/uploads\/Comentarista-Neto-em-programa-da-Band.webp\" alt=\"\" class=\"wp-image-71983\" srcset=\"https:\/\/www.gaveanews.com\/wp-content\/uploads\/Comentarista-Neto-em-programa-da-Band.webp 846w, https:\/\/www.gaveanews.com\/wp-content\/uploads\/Comentarista-Neto-em-programa-da-Band-300x169.webp 300w, https:\/\/www.gaveanews.com\/wp-content\/uploads\/Comentarista-Neto-em-programa-da-Band-768x432.webp 768w, https:\/\/www.gaveanews.com\/wp-content\/uploads\/Comentarista-Neto-em-programa-da-Band-746x420.webp 746w, https:\/\/www.gaveanews.com\/wp-content\/uploads\/Comentarista-Neto-em-programa-da-Band-640x360.webp 640w, https:\/\/www.gaveanews.com\/wp-content\/uploads\/Comentarista-Neto-em-programa-da-Band-681x383.webp 681w, https:\/\/www.gaveanews.com\/wp-content\/uploads\/Comentarista-Neto-em-programa-da-Band-100x56.webp 100w\" sizes=\"auto, (max-width: 846px) 100vw, 846px\" \/><figcaption class=\"wp-element-caption\">Comentarista Neto em programa da Band (Foto: Reprodu\u00e7\u00e3o\/Band)<\/figcaption><\/figure>\n\n\n\n<p>Neto comparou a situa\u00e7\u00e3o do S\u00e3o Paulo com a do Palmeiras, destacando que o rival conseguiu vender Vitor Reis ao Manchester City por cerca de R$ 300 milh\u00f5es, enquanto o Tricolor n\u00e3o tem a mesma capacidade de segurar seus talentos. Para ele, a diferen\u00e7a na gest\u00e3o financeira entre os clubes \u00e9 evidente e compromete a competitividade do S\u00e3o Paulo a longo prazo.<\/p>\n\n\n\n<p>A venda de jovens jogadores tem sido uma pr\u00e1tica recorrente no S\u00e3o Paulo, especialmente ap\u00f3s a Copa S\u00e3o Paulo de Futebol J\u00fanior, e tem gerado preocupa\u00e7\u00e3o entre os torcedores. Neto refor\u00e7ou que a diretoria precisa encontrar um equil\u00edbrio entre a necessidade financeira e a forma\u00e7\u00e3o de um elenco competitivo para evitar que o clube continue perdendo suas principais promessas sem retorno t\u00e9cnico.<\/p>\n\n\n\n<h2 class=\"wp-block-heading\" id=\"h-multa-astronomica\">Multa astr\u00f4nomica<\/h2>\n\n\n\n<p>O jovem atacante Henrique Carmo, do S\u00e3o Paulo, \u00e9 considerado uma grande promessa do clube e tem uma multa rescis\u00f3ria astron\u00f4mica de R$ 410 milh\u00f5es. Apesar de ser um dos destaques das categorias de base, o jogador teve poucas oportunidades no time principal em 2024, atuando apenas 12 minutos em uma partida oficial. Agora, ele busca mais espa\u00e7o na equipe em 2025 para consolidar sua trajet\u00f3ria no futebol profissional <strong><a href=\"https:\/\/www.gaveanews.com\/index.php\/2025\/02\/03\/410-milhoes-conheca-a-promessa-do-sao-paulo-com-multa-rescisoria-astronomica\/\">(leia a mat\u00e9ria completa).<\/a><\/strong><\/p>\n\n\n\n<figure class=\"wp-block-image size-full\"><img loading=\"lazy\" decoding=\"async\" width=\"1000\" height=\"500\" src=\"http:\/\/www.gaveanews.com\/wp-content\/uploads\/dinheiro_futebol.webp\" alt=\"\" class=\"wp-image-100607\" srcset=\"https:\/\/www.gaveanews.com\/wp-content\/uploads\/dinheiro_futebol.webp 1000w, https:\/\/www.gaveanews.com\/wp-content\/uploads\/dinheiro_futebol-300x150.webp 300w, https:\/\/www.gaveanews.com\/wp-content\/uploads\/dinheiro_futebol-768x384.webp 768w, https:\/\/www.gaveanews.com\/wp-content\/uploads\/dinheiro_futebol-840x420.webp 840w, https:\/\/www.gaveanews.com\/wp-content\/uploads\/dinheiro_futebol-640x320.webp 640w, https:\/\/www.gaveanews.com\/wp-content\/uploads\/dinheiro_futebol-681x341.webp 681w, https:\/\/www.gaveanews.com\/wp-content\/uploads\/dinheiro_futebol-100x50.webp 100w\" sizes=\"auto, (max-width: 1000px) 100vw, 1000px\" \/><figcaption class=\"wp-element-caption\">Foto meramente ilustrativa<\/figcaption><\/figure>\n\n\n\n<p>O talento do atacante j\u00e1 chamou a aten\u00e7\u00e3o de clubes europeus. PSV Eindhoven, Shakhtar Donetsk e Bayern de Munique sondaram sua situa\u00e7\u00e3o recentemente, e no passado, o S\u00e3o Paulo recusou propostas do Shakhtar e do PSV, que queria um empr\u00e9stimo com op\u00e7\u00e3o de compra. A diretoria tricolor acredita no potencial do jovem e pretende dar mais chances para que ele se desenvolva no elenco principal.<\/p>\n\n\n\n<p>Com a nova temporada em andamento, Henrique Carmo espera conquistar mais minutos em campo e demonstrar seu valor para o clube. Caso consiga se firmar, o atacante pode voltar a atrair o interesse de grandes clubes do futebol europeu e, eventualmente, render uma grande venda para o S\u00e3o Paulo.<\/p>\n","protected":false},"excerpt":{"rendered":"<p>Nas \u00faltimas horas, o foco das not\u00edcias sobre o S\u00e3o Paulo se concentram nos bastidores doclube, com destaques do dia a dia do time. Por conta deste contexto, leia abaixo um resumo preparado pela equipe do portal G\u00e1vea News para lhe manter muito bem informado! Recado de Zetti O ex-goleiro Zetti elogiou publicamente o jovem [&hellip;]<\/p>\n","protected":false},"author":27,"featured_media":154451,"comment_status":"open","ping_status":"closed","sticky":false,"template":"","format":"standard","meta":{"footnotes":""},"categories":[151],"tags":[],"class_list":["post-223236","post","type-post","status-publish","format-standard","has-post-thumbnail","hentry","category-sao-paulo"],"yoast_head":"<!-- This site is optimized with the Yoast SEO Premium plugin v24.2 (Yoast SEO v26.9) - https:\/\/yoast.com\/product\/yoast-seo-premium-wordpress\/ -->\n<title>Multa astron\u00f4mica, declara\u00e7\u00e3o de Neto e recado de Zetti: as \u00faltimas not\u00edcias do S\u00e3o Paulo<\/title>\n<meta name=\"robots\" content=\"index, follow, max-snippet:-1, max-image-preview:large, max-video-preview:-1\" \/>\n<link rel=\"canonical\" href=\"https:\/\/www.gaveanews.com\/index.php\/2025\/02\/05\/multa-astronomica-declaracao-de-neto-e-recado-de-zetti-as-ultimas-noticias-do-sao-paulo\/\" \/>\n<meta property=\"og:locale\" content=\"pt_BR\" \/>\n<meta property=\"og:type\" content=\"article\" \/>\n<meta property=\"og:title\" content=\"Multa astron\u00f4mica, declara\u00e7\u00e3o de Neto e recado de Zetti: as \u00faltimas not\u00edcias do S\u00e3o Paulo\" \/>\n<meta property=\"og:description\" content=\"Nas \u00faltimas horas, o foco das not\u00edcias sobre o S\u00e3o Paulo se concentram nos bastidores doclube, com destaques do dia a dia do time. Por conta deste contexto, leia abaixo um resumo preparado pela equipe do portal G\u00e1vea News para lhe manter muito bem informado! Recado de Zetti O ex-goleiro Zetti elogiou publicamente o jovem [&hellip;]\" \/>\n<meta property=\"og:url\" content=\"https:\/\/www.gaveanews.com\/index.php\/2025\/02\/05\/multa-astronomica-declaracao-de-neto-e-recado-de-zetti-as-ultimas-noticias-do-sao-paulo\/\" \/>\n<meta property=\"og:site_name\" content=\"G\u00e1vea News\" \/>\n<meta property=\"article:publisher\" content=\"https:\/\/facebook.com\/gaveaNews\/\" \/>\n<meta property=\"article:published_time\" content=\"2025-02-05T07:30:00+00:00\" \/>\n<meta property=\"og:image\" content=\"https:\/\/www.gaveanews.com\/wp-content\/uploads\/Escudo-do-Sao-Paulo.webp\" \/>\n\t<meta property=\"og:image:width\" content=\"977\" \/>\n\t<meta property=\"og:image:height\" content=\"651\" \/>\n\t<meta property=\"og:image:type\" content=\"image\/webp\" \/>\n<meta name=\"author\" content=\"Matheus Felipe\" \/>\n<meta name=\"twitter:card\" content=\"summary_large_image\" \/>\n<meta name=\"twitter:label1\" content=\"Escrito por\" \/>\n\t<meta name=\"twitter:data1\" content=\"Matheus Felipe\" \/>\n\t<meta name=\"twitter:label2\" content=\"Est. tempo de leitura\" \/>\n\t<meta name=\"twitter:data2\" content=\"5 minutos\" \/>\n<script type=\"application\/ld+json\" class=\"yoast-schema-graph\">{\"@context\":\"https:\/\/schema.org\",\"@graph\":[{\"@type\":\"NewsArticle\",\"@id\":\"https:\/\/www.gaveanews.com\/index.php\/2025\/02\/05\/multa-astronomica-declaracao-de-neto-e-recado-de-zetti-as-ultimas-noticias-do-sao-paulo\/#article\",\"isPartOf\":{\"@id\":\"https:\/\/www.gaveanews.com\/index.php\/2025\/02\/05\/multa-astronomica-declaracao-de-neto-e-recado-de-zetti-as-ultimas-noticias-do-sao-paulo\/\"},\"author\":{\"name\":\"Matheus Felipe\",\"@id\":\"https:\/\/www.gaveanews.com\/#\/schema\/person\/8207cd4627f56151707418bfc835b2fb\"},\"headline\":\"Multa astron\u00f4mica, declara\u00e7\u00e3o de Neto e recado de Zetti: as \u00faltimas not\u00edcias do S\u00e3o Paulo\",\"datePublished\":\"2025-02-05T07:30:00+00:00\",\"mainEntityOfPage\":{\"@id\":\"https:\/\/www.gaveanews.com\/index.php\/2025\/02\/05\/multa-astronomica-declaracao-de-neto-e-recado-de-zetti-as-ultimas-noticias-do-sao-paulo\/\"},\"wordCount\":737,\"commentCount\":0,\"image\":{\"@id\":\"https:\/\/www.gaveanews.com\/index.php\/2025\/02\/05\/multa-astronomica-declaracao-de-neto-e-recado-de-zetti-as-ultimas-noticias-do-sao-paulo\/#primaryimage\"},\"thumbnailUrl\":\"https:\/\/www.gaveanews.com\/wp-content\/uploads\/Escudo-do-Sao-Paulo.webp\",\"articleSection\":[\"S\u00e3o Paulo\"],\"inLanguage\":\"pt-BR\",\"potentialAction\":[{\"@type\":\"CommentAction\",\"name\":\"Comment\",\"target\":[\"https:\/\/www.gaveanews.com\/index.php\/2025\/02\/05\/multa-astronomica-declaracao-de-neto-e-recado-de-zetti-as-ultimas-noticias-do-sao-paulo\/#respond\"]}],\"copyrightYear\":\"2025\",\"copyrightHolder\":{\"@id\":\"https:\/\/www.gaveanews.com\/#organization\"}},{\"@type\":\"WebPage\",\"@id\":\"https:\/\/www.gaveanews.com\/index.php\/2025\/02\/05\/multa-astronomica-declaracao-de-neto-e-recado-de-zetti-as-ultimas-noticias-do-sao-paulo\/\",\"url\":\"https:\/\/www.gaveanews.com\/index.php\/2025\/02\/05\/multa-astronomica-declaracao-de-neto-e-recado-de-zetti-as-ultimas-noticias-do-sao-paulo\/\",\"name\":\"Multa astron\u00f4mica, declara\u00e7\u00e3o de Neto e recado de Zetti: as \u00faltimas not\u00edcias do S\u00e3o Paulo\",\"isPartOf\":{\"@id\":\"https:\/\/www.gaveanews.com\/#website\"},\"primaryImageOfPage\":{\"@id\":\"https:\/\/www.gaveanews.com\/index.php\/2025\/02\/05\/multa-astronomica-declaracao-de-neto-e-recado-de-zetti-as-ultimas-noticias-do-sao-paulo\/#primaryimage\"},\"image\":{\"@id\":\"https:\/\/www.gaveanews.com\/index.php\/2025\/02\/05\/multa-astronomica-declaracao-de-neto-e-recado-de-zetti-as-ultimas-noticias-do-sao-paulo\/#primaryimage\"},\"thumbnailUrl\":\"https:\/\/www.gaveanews.com\/wp-content\/uploads\/Escudo-do-Sao-Paulo.webp\",\"datePublished\":\"2025-02-05T07:30:00+00:00\",\"author\":{\"@id\":\"https:\/\/www.gaveanews.com\/#\/schema\/person\/8207cd4627f56151707418bfc835b2fb\"},\"breadcrumb\":{\"@id\":\"https:\/\/www.gaveanews.com\/index.php\/2025\/02\/05\/multa-astronomica-declaracao-de-neto-e-recado-de-zetti-as-ultimas-noticias-do-sao-paulo\/#breadcrumb\"},\"inLanguage\":\"pt-BR\",\"potentialAction\":[{\"@type\":\"ReadAction\",\"target\":[\"https:\/\/www.gaveanews.com\/index.php\/2025\/02\/05\/multa-astronomica-declaracao-de-neto-e-recado-de-zetti-as-ultimas-noticias-do-sao-paulo\/\"]}]},{\"@type\":\"ImageObject\",\"inLanguage\":\"pt-BR\",\"@id\":\"https:\/\/www.gaveanews.com\/index.php\/2025\/02\/05\/multa-astronomica-declaracao-de-neto-e-recado-de-zetti-as-ultimas-noticias-do-sao-paulo\/#primaryimage\",\"url\":\"https:\/\/www.gaveanews.com\/wp-content\/uploads\/Escudo-do-Sao-Paulo.webp\",\"contentUrl\":\"https:\/\/www.gaveanews.com\/wp-content\/uploads\/Escudo-do-Sao-Paulo.webp\",\"width\":977,\"height\":651,\"caption\":\"Escudo do S\u00e3o Paulo (Foto: Reprodu\u00e7\u00e3o\/S\u00e3o Paulo)\"},{\"@type\":\"BreadcrumbList\",\"@id\":\"https:\/\/www.gaveanews.com\/index.php\/2025\/02\/05\/multa-astronomica-declaracao-de-neto-e-recado-de-zetti-as-ultimas-noticias-do-sao-paulo\/#breadcrumb\",\"itemListElement\":[{\"@type\":\"ListItem\",\"position\":1,\"name\":\"Home\",\"item\":\"https:\/\/www.gaveanews.com\/\"},{\"@type\":\"ListItem\",\"position\":2,\"name\":\"Multa astron\u00f4mica, declara\u00e7\u00e3o de Neto e recado de Zetti: as \u00faltimas not\u00edcias do S\u00e3o Paulo\"}]},{\"@type\":\"WebSite\",\"@id\":\"https:\/\/www.gaveanews.com\/#website\",\"url\":\"https:\/\/www.gaveanews.com\/\",\"name\":\"G\u00e1vea News\",\"description\":\"Veja todas as not\u00edcias sobre o Flamengo: Contrata\u00e7\u00f5es, categorias de base, resultados das partidas, tabela de classifica\u00e7\u00e3o, pr\u00f3ximos jogos!\",\"potentialAction\":[{\"@type\":\"SearchAction\",\"target\":{\"@type\":\"EntryPoint\",\"urlTemplate\":\"https:\/\/www.gaveanews.com\/?s={search_term_string}\"},\"query-input\":{\"@type\":\"PropertyValueSpecification\",\"valueRequired\":true,\"valueName\":\"search_term_string\"}}],\"inLanguage\":\"pt-BR\"},{\"@type\":\"Person\",\"@id\":\"https:\/\/www.gaveanews.com\/#\/schema\/person\/8207cd4627f56151707418bfc835b2fb\",\"name\":\"Matheus Felipe\",\"image\":{\"@type\":\"ImageObject\",\"inLanguage\":\"pt-BR\",\"@id\":\"https:\/\/www.gaveanews.com\/#\/schema\/person\/image\/\",\"url\":\"https:\/\/secure.gravatar.com\/avatar\/a452ffbed9130f726358b298bb3a99ce4bd3c5338411f8440e87e14d74c7c087?s=96&d=mm&r=g\",\"contentUrl\":\"https:\/\/secure.gravatar.com\/avatar\/a452ffbed9130f726358b298bb3a99ce4bd3c5338411f8440e87e14d74c7c087?s=96&d=mm&r=g\",\"caption\":\"Matheus Felipe\"}}]}<\/script>\n<!-- \/ Yoast SEO Premium plugin. -->","yoast_head_json":{"title":"Multa astron\u00f4mica, declara\u00e7\u00e3o de Neto e recado de Zetti: as \u00faltimas not\u00edcias do S\u00e3o Paulo","robots":{"index":"index","follow":"follow","max-snippet":"max-snippet:-1","max-image-preview":"max-image-preview:large","max-video-preview":"max-video-preview:-1"},"canonical":"https:\/\/www.gaveanews.com\/index.php\/2025\/02\/05\/multa-astronomica-declaracao-de-neto-e-recado-de-zetti-as-ultimas-noticias-do-sao-paulo\/","og_locale":"pt_BR","og_type":"article","og_title":"Multa astron\u00f4mica, declara\u00e7\u00e3o de Neto e recado de Zetti: as \u00faltimas not\u00edcias do S\u00e3o Paulo","og_description":"Nas \u00faltimas horas, o foco das not\u00edcias sobre o S\u00e3o Paulo se concentram nos bastidores doclube, com destaques do dia a dia do time. Por conta deste contexto, leia abaixo um resumo preparado pela equipe do portal G\u00e1vea News para lhe manter muito bem informado! Recado de Zetti O ex-goleiro Zetti elogiou publicamente o jovem [&hellip;]","og_url":"https:\/\/www.gaveanews.com\/index.php\/2025\/02\/05\/multa-astronomica-declaracao-de-neto-e-recado-de-zetti-as-ultimas-noticias-do-sao-paulo\/","og_site_name":"G\u00e1vea News","article_publisher":"https:\/\/facebook.com\/gaveaNews\/","article_published_time":"2025-02-05T07:30:00+00:00","og_image":[{"width":977,"height":651,"url":"https:\/\/www.gaveanews.com\/wp-content\/uploads\/Escudo-do-Sao-Paulo.webp","type":"image\/webp"}],"author":"Matheus Felipe","twitter_card":"summary_large_image","twitter_misc":{"Escrito por":"Matheus Felipe","Est. tempo de leitura":"5 minutos"},"schema":{"@context":"https:\/\/schema.org","@graph":[{"@type":"NewsArticle","@id":"https:\/\/www.gaveanews.com\/index.php\/2025\/02\/05\/multa-astronomica-declaracao-de-neto-e-recado-de-zetti-as-ultimas-noticias-do-sao-paulo\/#article","isPartOf":{"@id":"https:\/\/www.gaveanews.com\/index.php\/2025\/02\/05\/multa-astronomica-declaracao-de-neto-e-recado-de-zetti-as-ultimas-noticias-do-sao-paulo\/"},"author":{"name":"Matheus Felipe","@id":"https:\/\/www.gaveanews.com\/#\/schema\/person\/8207cd4627f56151707418bfc835b2fb"},"headline":"Multa astron\u00f4mica, declara\u00e7\u00e3o de Neto e recado de Zetti: as \u00faltimas not\u00edcias do S\u00e3o Paulo","datePublished":"2025-02-05T07:30:00+00:00","mainEntityOfPage":{"@id":"https:\/\/www.gaveanews.com\/index.php\/2025\/02\/05\/multa-astronomica-declaracao-de-neto-e-recado-de-zetti-as-ultimas-noticias-do-sao-paulo\/"},"wordCount":737,"commentCount":0,"image":{"@id":"https:\/\/www.gaveanews.com\/index.php\/2025\/02\/05\/multa-astronomica-declaracao-de-neto-e-recado-de-zetti-as-ultimas-noticias-do-sao-paulo\/#primaryimage"},"thumbnailUrl":"https:\/\/www.gaveanews.com\/wp-content\/uploads\/Escudo-do-Sao-Paulo.webp","articleSection":["S\u00e3o Paulo"],"inLanguage":"pt-BR","potentialAction":[{"@type":"CommentAction","name":"Comment","target":["https:\/\/www.gaveanews.com\/index.php\/2025\/02\/05\/multa-astronomica-declaracao-de-neto-e-recado-de-zetti-as-ultimas-noticias-do-sao-paulo\/#respond"]}],"copyrightYear":"2025","copyrightHolder":{"@id":"https:\/\/www.gaveanews.com\/#organization"}},{"@type":"WebPage","@id":"https:\/\/www.gaveanews.com\/index.php\/2025\/02\/05\/multa-astronomica-declaracao-de-neto-e-recado-de-zetti-as-ultimas-noticias-do-sao-paulo\/","url":"https:\/\/www.gaveanews.com\/index.php\/2025\/02\/05\/multa-astronomica-declaracao-de-neto-e-recado-de-zetti-as-ultimas-noticias-do-sao-paulo\/","name":"Multa astron\u00f4mica, declara\u00e7\u00e3o de Neto e recado de Zetti: as \u00faltimas not\u00edcias do S\u00e3o Paulo","isPartOf":{"@id":"https:\/\/www.gaveanews.com\/#website"},"primaryImageOfPage":{"@id":"https:\/\/www.gaveanews.com\/index.php\/2025\/02\/05\/multa-astronomica-declaracao-de-neto-e-recado-de-zetti-as-ultimas-noticias-do-sao-paulo\/#primaryimage"},"image":{"@id":"https:\/\/www.gaveanews.com\/index.php\/2025\/02\/05\/multa-astronomica-declaracao-de-neto-e-recado-de-zetti-as-ultimas-noticias-do-sao-paulo\/#primaryimage"},"thumbnailUrl":"https:\/\/www.gaveanews.com\/wp-content\/uploads\/Escudo-do-Sao-Paulo.webp","datePublished":"2025-02-05T07:30:00+00:00","author":{"@id":"https:\/\/www.gaveanews.com\/#\/schema\/person\/8207cd4627f56151707418bfc835b2fb"},"breadcrumb":{"@id":"https:\/\/www.gaveanews.com\/index.php\/2025\/02\/05\/multa-astronomica-declaracao-de-neto-e-recado-de-zetti-as-ultimas-noticias-do-sao-paulo\/#breadcrumb"},"inLanguage":"pt-BR","potentialAction":[{"@type":"ReadAction","target":["https:\/\/www.gaveanews.com\/index.php\/2025\/02\/05\/multa-astronomica-declaracao-de-neto-e-recado-de-zetti-as-ultimas-noticias-do-sao-paulo\/"]}]},{"@type":"ImageObject","inLanguage":"pt-BR","@id":"https:\/\/www.gaveanews.com\/index.php\/2025\/02\/05\/multa-astronomica-declaracao-de-neto-e-recado-de-zetti-as-ultimas-noticias-do-sao-paulo\/#primaryimage","url":"https:\/\/www.gaveanews.com\/wp-content\/uploads\/Escudo-do-Sao-Paulo.webp","contentUrl":"https:\/\/www.gaveanews.com\/wp-content\/uploads\/Escudo-do-Sao-Paulo.webp","width":977,"height":651,"caption":"Escudo do S\u00e3o Paulo (Foto: Reprodu\u00e7\u00e3o\/S\u00e3o Paulo)"},{"@type":"BreadcrumbList","@id":"https:\/\/www.gaveanews.com\/index.php\/2025\/02\/05\/multa-astronomica-declaracao-de-neto-e-recado-de-zetti-as-ultimas-noticias-do-sao-paulo\/#breadcrumb","itemListElement":[{"@type":"ListItem","position":1,"name":"Home","item":"https:\/\/www.gaveanews.com\/"},{"@type":"ListItem","position":2,"name":"Multa astron\u00f4mica, declara\u00e7\u00e3o de Neto e recado de Zetti: as \u00faltimas not\u00edcias do S\u00e3o Paulo"}]},{"@type":"WebSite","@id":"https:\/\/www.gaveanews.com\/#website","url":"https:\/\/www.gaveanews.com\/","name":"G\u00e1vea News","description":"Veja todas as not\u00edcias sobre o Flamengo: Contrata\u00e7\u00f5es, categorias de base, resultados das partidas, tabela de classifica\u00e7\u00e3o, pr\u00f3ximos jogos!","potentialAction":[{"@type":"SearchAction","target":{"@type":"EntryPoint","urlTemplate":"https:\/\/www.gaveanews.com\/?s={search_term_string}"},"query-input":{"@type":"PropertyValueSpecification","valueRequired":true,"valueName":"search_term_string"}}],"inLanguage":"pt-BR"},{"@type":"Person","@id":"https:\/\/www.gaveanews.com\/#\/schema\/person\/8207cd4627f56151707418bfc835b2fb","name":"Matheus Felipe","image":{"@type":"ImageObject","inLanguage":"pt-BR","@id":"https:\/\/www.gaveanews.com\/#\/schema\/person\/image\/","url":"https:\/\/secure.gravatar.com\/avatar\/a452ffbed9130f726358b298bb3a99ce4bd3c5338411f8440e87e14d74c7c087?s=96&d=mm&r=g","contentUrl":"https:\/\/secure.gravatar.com\/avatar\/a452ffbed9130f726358b298bb3a99ce4bd3c5338411f8440e87e14d74c7c087?s=96&d=mm&r=g","caption":"Matheus Felipe"}}]}},"_links":{"self":[{"href":"https:\/\/www.gaveanews.com\/index.php\/wp-json\/wp\/v2\/posts\/223236","targetHints":{"allow":["GET"]}}],"collection":[{"href":"https:\/\/www.gaveanews.com\/index.php\/wp-json\/wp\/v2\/posts"}],"about":[{"href":"https:\/\/www.gaveanews.com\/index.php\/wp-json\/wp\/v2\/types\/post"}],"author":[{"embeddable":true,"href":"https:\/\/www.gaveanews.com\/index.php\/wp-json\/wp\/v2\/users\/27"}],"replies":[{"embeddable":true,"href":"https:\/\/www.gaveanews.com\/index.php\/wp-json\/wp\/v2\/comments?post=223236"}],"version-history":[{"count":1,"href":"https:\/\/www.gaveanews.com\/index.php\/wp-json\/wp\/v2\/posts\/223236\/revisions"}],"predecessor-version":[{"id":223239,"href":"https:\/\/www.gaveanews.com\/index.php\/wp-json\/wp\/v2\/posts\/223236\/revisions\/223239"}],"wp:featuredmedia":[{"embeddable":true,"href":"https:\/\/www.gaveanews.com\/index.php\/wp-json\/wp\/v2\/media\/154451"}],"wp:attachment":[{"href":"https:\/\/www.gaveanews.com\/index.php\/wp-json\/wp\/v2\/media?parent=223236"}],"wp:term":[{"taxonomy":"category","embeddable":true,"href":"https:\/\/www.gaveanews.com\/index.php\/wp-json\/wp\/v2\/categories?post=223236"},{"taxonomy":"post_tag","embeddable":true,"href":"https:\/\/www.gaveanews.com\/index.php\/wp-json\/wp\/v2\/tags?post=223236"}],"curies":[{"name":"wp","href":"https:\/\/api.w.org\/{rel}","templated":true}]}}