{"id":223241,"date":"2025-02-05T04:35:00","date_gmt":"2025-02-05T07:35:00","guid":{"rendered":"https:\/\/www.gaveanews.com\/?p=223241"},"modified":"2025-02-04T20:03:20","modified_gmt":"2025-02-04T23:03:20","slug":"aumento-salarial-declaracao-de-pedrosa-e-saida-de-ganso-as-ultimas-noticias-do-fluminense","status":"publish","type":"post","link":"https:\/\/www.gaveanews.com\/index.php\/2025\/02\/05\/aumento-salarial-declaracao-de-pedrosa-e-saida-de-ganso-as-ultimas-noticias-do-fluminense\/","title":{"rendered":"Aumento salarial, declara\u00e7\u00e3o de Pedrosa e sa\u00edda de Ganso: as \u00faltimas not\u00edcias do Fluminense"},"content":{"rendered":"\n<p>Nas \u00faltimas horas, o foco das not\u00edcias sobre o Fluminense se concentram nos bastidores do<br>clube, com destaques do dia a dia do time.<\/p>\n\n\n\n<p>Por conta deste contexto, leia abaixo um resumo preparado pela equipe do portal G\u00e1vea News para lhe manter muito bem informado!<\/p>\n\n\n\n<h2 class=\"wp-block-heading\" id=\"h-saida-de-ganso\">Sa\u00edda de Ganso<\/h2>\n\n\n\n<p>Paulo Henrique Ganso pode deixar o Fluminense no meio do ano para retornar ao Santos. O meia, que tem contrato com o Tricolor at\u00e9 dezembro, estaria interessado em voltar ao clube paulista para atuar ao lado de Neymar. A informa\u00e7\u00e3o foi divulgada pelo jornalista Felipe Takashi, que afirmou que a negocia\u00e7\u00e3o pode avan\u00e7ar assim que Ganso for liberado pelo departamento m\u00e9dico do Fluminense <strong><a href=\"https:\/\/www.gaveanews.com\/index.php\/2025\/02\/04\/fluminense-atualizacao-sobre-a-saida-de-paulo-henrique-ganso\/\">(leia a mat\u00e9ria completa).<\/a><\/strong><\/p>\n\n\n\n<figure class=\"wp-block-image size-large\"><img loading=\"lazy\" decoding=\"async\" width=\"1024\" height=\"801\" src=\"http:\/\/www.gaveanews.com\/wp-content\/uploads\/Paulo-Henrique-Ganso-durante-jogo-do-Fluminense-1024x801.webp\" alt=\"Paulo Henrique Ganso durante jogo do Fluminense (Foto: Reprodu\u00e7\u00e3o\/Fluminense)\" class=\"wp-image-150553\" srcset=\"https:\/\/www.gaveanews.com\/wp-content\/uploads\/Paulo-Henrique-Ganso-durante-jogo-do-Fluminense-1024x801.webp 1024w, https:\/\/www.gaveanews.com\/wp-content\/uploads\/Paulo-Henrique-Ganso-durante-jogo-do-Fluminense-300x235.webp 300w, https:\/\/www.gaveanews.com\/wp-content\/uploads\/Paulo-Henrique-Ganso-durante-jogo-do-Fluminense-768x601.webp 768w, https:\/\/www.gaveanews.com\/wp-content\/uploads\/Paulo-Henrique-Ganso-durante-jogo-do-Fluminense-1536x1202.webp 1536w, https:\/\/www.gaveanews.com\/wp-content\/uploads\/Paulo-Henrique-Ganso-durante-jogo-do-Fluminense-537x420.webp 537w, https:\/\/www.gaveanews.com\/wp-content\/uploads\/Paulo-Henrique-Ganso-durante-jogo-do-Fluminense-1073x840.webp 1073w, https:\/\/www.gaveanews.com\/wp-content\/uploads\/Paulo-Henrique-Ganso-durante-jogo-do-Fluminense-640x501.webp 640w, https:\/\/www.gaveanews.com\/wp-content\/uploads\/Paulo-Henrique-Ganso-durante-jogo-do-Fluminense-1280x1002.webp 1280w, https:\/\/www.gaveanews.com\/wp-content\/uploads\/Paulo-Henrique-Ganso-durante-jogo-do-Fluminense-681x533.webp 681w, https:\/\/www.gaveanews.com\/wp-content\/uploads\/Paulo-Henrique-Ganso-durante-jogo-do-Fluminense-1362x1066.webp 1362w, https:\/\/www.gaveanews.com\/wp-content\/uploads\/Paulo-Henrique-Ganso-durante-jogo-do-Fluminense-511x400.webp 511w, https:\/\/www.gaveanews.com\/wp-content\/uploads\/Paulo-Henrique-Ganso-durante-jogo-do-Fluminense-1022x800.webp 1022w, https:\/\/www.gaveanews.com\/wp-content\/uploads\/Paulo-Henrique-Ganso-durante-jogo-do-Fluminense-100x78.webp 100w, https:\/\/www.gaveanews.com\/wp-content\/uploads\/Paulo-Henrique-Ganso-durante-jogo-do-Fluminense.webp 1600w\" sizes=\"auto, (max-width: 1024px) 100vw, 1024px\" \/><figcaption class=\"wp-element-caption\">Paulo Henrique Ganso durante jogo do Fluminense (Foto: Reprodu\u00e7\u00e3o\/Fluminense)<\/figcaption><\/figure>\n\n\n\n<p>O jogador est\u00e1 afastado das atividades devido a um quadro de miocardite, uma inflama\u00e7\u00e3o no m\u00fasculo do cora\u00e7\u00e3o que exige cuidados para evitar complica\u00e7\u00f5es graves. <\/p>\n\n\n\n<p>O Fluminense informou que o problema pode ter sido causado por um v\u00edrus, j\u00e1 que Ganso teve uma forte gripe em novembro. O diagn\u00f3stico foi feito nos exames de pr\u00e9-temporada, e o jogador n\u00e3o apresentou sintomas antes da detec\u00e7\u00e3o.<\/p>\n\n\n\n<p>O retorno de Neymar ao Santos movimentou o futebol brasileiro e pode influenciar a decis\u00e3o de Ganso, que v\u00ea com bons olhos a possibilidade de reencontrar o ex-companheiro de equipe. No entanto, a prioridade no momento \u00e9 sua recupera\u00e7\u00e3o, e qualquer negocia\u00e7\u00e3o depender\u00e1 da evolu\u00e7\u00e3o de seu quadro cl\u00ednico.<\/p>\n\n\n\n<h2 class=\"wp-block-heading\" id=\"h-declaracao-de-pedrosa\">Declara\u00e7\u00e3o de Pedrosa<\/h2>\n\n\n\n<p>O jornalista Lucas Pedrosa analisou o cl\u00e1ssico entre Vasco e Fluminense, destacando que o Cruz-Maltino chega mais preparado para o confronto. Segundo ele, o time de F\u00e1bio Carille apresenta um trabalho mais consolidado, enquanto o Tricolor, comandado por Mano Menezes, enfrenta dificuldades e ocupa apenas a 10\u00aa posi\u00e7\u00e3o no Campeonato Carioca. O Vasco, por sua vez, \u00e9 vice-l\u00edder da competi\u00e7\u00e3o, o que d\u00e1 \u00e0 equipe uma situa\u00e7\u00e3o mais confort\u00e1vel para o duelo <strong><a href=\"https:\/\/www.gaveanews.com\/index.php\/2025\/02\/04\/vasco-x-fluminense-a-declaracao-de-lucas-pedrosa\/\">(leia a mat\u00e9ria completa).<\/a><\/strong><\/p>\n\n\n\n<figure class=\"wp-block-image size-full\"><img loading=\"lazy\" decoding=\"async\" width=\"944\" height=\"531\" src=\"http:\/\/www.gaveanews.com\/wp-content\/uploads\/Vasco-e-Fluminense.webp\" alt=\"\" class=\"wp-image-118064\" srcset=\"https:\/\/www.gaveanews.com\/wp-content\/uploads\/Vasco-e-Fluminense.webp 944w, https:\/\/www.gaveanews.com\/wp-content\/uploads\/Vasco-e-Fluminense-300x169.webp 300w, https:\/\/www.gaveanews.com\/wp-content\/uploads\/Vasco-e-Fluminense-768x432.webp 768w, https:\/\/www.gaveanews.com\/wp-content\/uploads\/Vasco-e-Fluminense-747x420.webp 747w, https:\/\/www.gaveanews.com\/wp-content\/uploads\/Vasco-e-Fluminense-640x360.webp 640w, https:\/\/www.gaveanews.com\/wp-content\/uploads\/Vasco-e-Fluminense-681x383.webp 681w, https:\/\/www.gaveanews.com\/wp-content\/uploads\/Vasco-e-Fluminense-100x56.webp 100w\" sizes=\"auto, (max-width: 944px) 100vw, 944px\" \/><figcaption class=\"wp-element-caption\">Partida ente Vasco e Fluminense (Foto: Marcelo Gon\u00e7alves\/Fluminense)<\/figcaption><\/figure>\n\n\n\n<p>Pedrosa alertou para a press\u00e3o sobre o Fluminense, que pode ficar fora das semifinais do estadual caso n\u00e3o ven\u00e7a o Vasco e o Flamengo nas pr\u00f3ximas rodadas. Ele explicou que a proje\u00e7\u00e3o de corte para a classifica\u00e7\u00e3o est\u00e1 entre 20 e 21 pontos, e o Tricolor, atualmente com 7, corre o risco de precisar garantir vaga na Libertadores via Brasileir\u00e3o para disputar a Copa do Brasil em 2026.<\/p>\n\n\n\n<p>O cl\u00e1ssico ser\u00e1 disputado na pr\u00f3xima quarta-feira (5\/2), no est\u00e1dio Man\u00e9 Garrincha, em Bras\u00edlia, \u00e0s 21h30. O resultado pode ser determinante para o futuro do Fluminense no campeonato, enquanto o Vasco busca consolidar sua boa fase e se aproximar da fase final do torneio.<\/p>\n\n\n\n<h2 class=\"wp-block-heading\" id=\"h-aumento-salarial\">Aumento salarial <\/h2>\n\n\n\n<p>O Fluminense concedeu um aumento salarial ao goleiro F\u00e1bio ap\u00f3s mais um ano de destaque na equipe. O jogador de 44 anos, pe\u00e7a fundamental no elenco, j\u00e1 havia recebido uma valoriza\u00e7\u00e3o ao final de 2023, quando renovou seu contrato ap\u00f3s conquistar a Copa Libertadores. Agora, diante de novas sondagens de clubes brasileiros, o Tricolor das Laranjeiras decidiu aumentar novamente seus vencimentos para assegurar sua perman\u00eancia at\u00e9 o fim de 2025 <strong><a href=\"https:\/\/www.gaveanews.com\/index.php\/2025\/02\/04\/apos-se-destacar-em-2024-ele-recebeu-um-aumento-salarial-no-fluminense\/\">(leia a mat\u00e9ria completa).<\/a><\/strong><\/p>\n\n\n\n<figure class=\"wp-block-image size-full\"><img loading=\"lazy\" decoding=\"async\" width=\"1000\" height=\"500\" src=\"http:\/\/www.gaveanews.com\/wp-content\/uploads\/dinheiro_futebol.webp\" alt=\"\" class=\"wp-image-100607\" srcset=\"https:\/\/www.gaveanews.com\/wp-content\/uploads\/dinheiro_futebol.webp 1000w, https:\/\/www.gaveanews.com\/wp-content\/uploads\/dinheiro_futebol-300x150.webp 300w, https:\/\/www.gaveanews.com\/wp-content\/uploads\/dinheiro_futebol-768x384.webp 768w, https:\/\/www.gaveanews.com\/wp-content\/uploads\/dinheiro_futebol-840x420.webp 840w, https:\/\/www.gaveanews.com\/wp-content\/uploads\/dinheiro_futebol-640x320.webp 640w, https:\/\/www.gaveanews.com\/wp-content\/uploads\/dinheiro_futebol-681x341.webp 681w, https:\/\/www.gaveanews.com\/wp-content\/uploads\/dinheiro_futebol-100x50.webp 100w\" sizes=\"auto, (max-width: 1000px) 100vw, 1000px\" \/><figcaption class=\"wp-element-caption\">Foto meramente ilustrativa<\/figcaption><\/figure>\n\n\n\n<p>F\u00e1bio foi contratado pelo Fluminense em 2023, depois de encerrar um longo ciclo no Cruzeiro, onde atuou entre 2005 e 2021. Desde ent\u00e3o, tornou-se titular absoluto e refer\u00eancia no elenco, acumulando 191 jogos com a camisa tricolor. Na atual temporada, j\u00e1 entrou em campo quatro vezes pelo Campeonato Carioca e se prepara para enfrentar o Vasco, clube que o revelou para o futebol, na pr\u00f3xima rodada do estadual.<\/p>\n\n\n\n<p>O Fluminense ocupa atualmente a 10\u00aa coloca\u00e7\u00e3o do Carioc\u00e3o, com sete pontos, quatro a menos que a zona de classifica\u00e7\u00e3o para as semifinais. O confronto contra o Vasco, al\u00e9m de marcar um reencontro especial para F\u00e1bio, pode representar uma virada na campanha da equipe no torneio. Com um hist\u00f3rico favor\u00e1vel diante do Cruz-Maltino, o goleiro buscar\u00e1 manter sua boa fase e ajudar o Flu a reagir na competi\u00e7\u00e3o.<\/p>\n","protected":false},"excerpt":{"rendered":"<p>Nas \u00faltimas horas, o foco das not\u00edcias sobre o Fluminense se concentram nos bastidores doclube, com destaques do dia a dia do time. Por conta deste contexto, leia abaixo um resumo preparado pela equipe do portal G\u00e1vea News para lhe manter muito bem informado! Sa\u00edda de Ganso Paulo Henrique Ganso pode deixar o Fluminense no [&hellip;]<\/p>\n","protected":false},"author":27,"featured_media":152558,"comment_status":"open","ping_status":"closed","sticky":false,"template":"","format":"standard","meta":{"footnotes":""},"categories":[145],"tags":[],"class_list":["post-223241","post","type-post","status-publish","format-standard","has-post-thumbnail","hentry","category-fluminense"],"yoast_head":"<!-- This site is optimized with the Yoast SEO Premium plugin v24.2 (Yoast SEO v26.9) - https:\/\/yoast.com\/product\/yoast-seo-premium-wordpress\/ -->\n<title>Aumento salarial, declara\u00e7\u00e3o de Pedrosa e sa\u00edda de Ganso: as \u00faltimas not\u00edcias do Fluminense<\/title>\n<meta name=\"robots\" content=\"index, follow, max-snippet:-1, max-image-preview:large, max-video-preview:-1\" \/>\n<link rel=\"canonical\" href=\"https:\/\/www.gaveanews.com\/index.php\/2025\/02\/05\/aumento-salarial-declaracao-de-pedrosa-e-saida-de-ganso-as-ultimas-noticias-do-fluminense\/\" \/>\n<meta property=\"og:locale\" content=\"pt_BR\" \/>\n<meta property=\"og:type\" content=\"article\" \/>\n<meta property=\"og:title\" content=\"Aumento salarial, declara\u00e7\u00e3o de Pedrosa e sa\u00edda de Ganso: as \u00faltimas not\u00edcias do Fluminense\" \/>\n<meta property=\"og:description\" content=\"Nas \u00faltimas horas, o foco das not\u00edcias sobre o Fluminense se concentram nos bastidores doclube, com destaques do dia a dia do time. Por conta deste contexto, leia abaixo um resumo preparado pela equipe do portal G\u00e1vea News para lhe manter muito bem informado! Sa\u00edda de Ganso Paulo Henrique Ganso pode deixar o Fluminense no [&hellip;]\" \/>\n<meta property=\"og:url\" content=\"https:\/\/www.gaveanews.com\/index.php\/2025\/02\/05\/aumento-salarial-declaracao-de-pedrosa-e-saida-de-ganso-as-ultimas-noticias-do-fluminense\/\" \/>\n<meta property=\"og:site_name\" content=\"G\u00e1vea News\" \/>\n<meta property=\"article:publisher\" content=\"https:\/\/facebook.com\/gaveaNews\/\" \/>\n<meta property=\"article:published_time\" content=\"2025-02-05T07:35:00+00:00\" \/>\n<meta property=\"og:image\" content=\"https:\/\/www.gaveanews.com\/wp-content\/uploads\/Bandeira-do-Fluminense.webp\" \/>\n\t<meta property=\"og:image:width\" content=\"1440\" \/>\n\t<meta property=\"og:image:height\" content=\"1080\" \/>\n\t<meta property=\"og:image:type\" content=\"image\/webp\" \/>\n<meta name=\"author\" content=\"Matheus Felipe\" \/>\n<meta name=\"twitter:card\" content=\"summary_large_image\" \/>\n<meta name=\"twitter:label1\" content=\"Escrito por\" \/>\n\t<meta name=\"twitter:data1\" content=\"Matheus Felipe\" \/>\n\t<meta name=\"twitter:label2\" content=\"Est. tempo de leitura\" \/>\n\t<meta name=\"twitter:data2\" content=\"5 minutos\" \/>\n<script type=\"application\/ld+json\" class=\"yoast-schema-graph\">{\"@context\":\"https:\/\/schema.org\",\"@graph\":[{\"@type\":\"NewsArticle\",\"@id\":\"https:\/\/www.gaveanews.com\/index.php\/2025\/02\/05\/aumento-salarial-declaracao-de-pedrosa-e-saida-de-ganso-as-ultimas-noticias-do-fluminense\/#article\",\"isPartOf\":{\"@id\":\"https:\/\/www.gaveanews.com\/index.php\/2025\/02\/05\/aumento-salarial-declaracao-de-pedrosa-e-saida-de-ganso-as-ultimas-noticias-do-fluminense\/\"},\"author\":{\"name\":\"Matheus Felipe\",\"@id\":\"https:\/\/www.gaveanews.com\/#\/schema\/person\/8207cd4627f56151707418bfc835b2fb\"},\"headline\":\"Aumento salarial, declara\u00e7\u00e3o de Pedrosa e sa\u00edda de Ganso: as \u00faltimas not\u00edcias do Fluminense\",\"datePublished\":\"2025-02-05T07:35:00+00:00\",\"mainEntityOfPage\":{\"@id\":\"https:\/\/www.gaveanews.com\/index.php\/2025\/02\/05\/aumento-salarial-declaracao-de-pedrosa-e-saida-de-ganso-as-ultimas-noticias-do-fluminense\/\"},\"wordCount\":715,\"commentCount\":0,\"image\":{\"@id\":\"https:\/\/www.gaveanews.com\/index.php\/2025\/02\/05\/aumento-salarial-declaracao-de-pedrosa-e-saida-de-ganso-as-ultimas-noticias-do-fluminense\/#primaryimage\"},\"thumbnailUrl\":\"https:\/\/www.gaveanews.com\/wp-content\/uploads\/Bandeira-do-Fluminense.webp\",\"articleSection\":[\"Fluminense\"],\"inLanguage\":\"pt-BR\",\"potentialAction\":[{\"@type\":\"CommentAction\",\"name\":\"Comment\",\"target\":[\"https:\/\/www.gaveanews.com\/index.php\/2025\/02\/05\/aumento-salarial-declaracao-de-pedrosa-e-saida-de-ganso-as-ultimas-noticias-do-fluminense\/#respond\"]}],\"copyrightYear\":\"2025\",\"copyrightHolder\":{\"@id\":\"https:\/\/www.gaveanews.com\/#organization\"}},{\"@type\":\"WebPage\",\"@id\":\"https:\/\/www.gaveanews.com\/index.php\/2025\/02\/05\/aumento-salarial-declaracao-de-pedrosa-e-saida-de-ganso-as-ultimas-noticias-do-fluminense\/\",\"url\":\"https:\/\/www.gaveanews.com\/index.php\/2025\/02\/05\/aumento-salarial-declaracao-de-pedrosa-e-saida-de-ganso-as-ultimas-noticias-do-fluminense\/\",\"name\":\"Aumento salarial, declara\u00e7\u00e3o de Pedrosa e sa\u00edda de Ganso: as \u00faltimas not\u00edcias do Fluminense\",\"isPartOf\":{\"@id\":\"https:\/\/www.gaveanews.com\/#website\"},\"primaryImageOfPage\":{\"@id\":\"https:\/\/www.gaveanews.com\/index.php\/2025\/02\/05\/aumento-salarial-declaracao-de-pedrosa-e-saida-de-ganso-as-ultimas-noticias-do-fluminense\/#primaryimage\"},\"image\":{\"@id\":\"https:\/\/www.gaveanews.com\/index.php\/2025\/02\/05\/aumento-salarial-declaracao-de-pedrosa-e-saida-de-ganso-as-ultimas-noticias-do-fluminense\/#primaryimage\"},\"thumbnailUrl\":\"https:\/\/www.gaveanews.com\/wp-content\/uploads\/Bandeira-do-Fluminense.webp\",\"datePublished\":\"2025-02-05T07:35:00+00:00\",\"author\":{\"@id\":\"https:\/\/www.gaveanews.com\/#\/schema\/person\/8207cd4627f56151707418bfc835b2fb\"},\"breadcrumb\":{\"@id\":\"https:\/\/www.gaveanews.com\/index.php\/2025\/02\/05\/aumento-salarial-declaracao-de-pedrosa-e-saida-de-ganso-as-ultimas-noticias-do-fluminense\/#breadcrumb\"},\"inLanguage\":\"pt-BR\",\"potentialAction\":[{\"@type\":\"ReadAction\",\"target\":[\"https:\/\/www.gaveanews.com\/index.php\/2025\/02\/05\/aumento-salarial-declaracao-de-pedrosa-e-saida-de-ganso-as-ultimas-noticias-do-fluminense\/\"]}]},{\"@type\":\"ImageObject\",\"inLanguage\":\"pt-BR\",\"@id\":\"https:\/\/www.gaveanews.com\/index.php\/2025\/02\/05\/aumento-salarial-declaracao-de-pedrosa-e-saida-de-ganso-as-ultimas-noticias-do-fluminense\/#primaryimage\",\"url\":\"https:\/\/www.gaveanews.com\/wp-content\/uploads\/Bandeira-do-Fluminense.webp\",\"contentUrl\":\"https:\/\/www.gaveanews.com\/wp-content\/uploads\/Bandeira-do-Fluminense.webp\",\"width\":1440,\"height\":1080,\"caption\":\"Bandeira do Fluminense (Foto: Reprodu\u00e7\u00e3o\/Fluminense)\"},{\"@type\":\"BreadcrumbList\",\"@id\":\"https:\/\/www.gaveanews.com\/index.php\/2025\/02\/05\/aumento-salarial-declaracao-de-pedrosa-e-saida-de-ganso-as-ultimas-noticias-do-fluminense\/#breadcrumb\",\"itemListElement\":[{\"@type\":\"ListItem\",\"position\":1,\"name\":\"Home\",\"item\":\"https:\/\/www.gaveanews.com\/\"},{\"@type\":\"ListItem\",\"position\":2,\"name\":\"Aumento salarial, declara\u00e7\u00e3o de Pedrosa e sa\u00edda de Ganso: as \u00faltimas not\u00edcias do Fluminense\"}]},{\"@type\":\"WebSite\",\"@id\":\"https:\/\/www.gaveanews.com\/#website\",\"url\":\"https:\/\/www.gaveanews.com\/\",\"name\":\"G\u00e1vea News\",\"description\":\"Veja todas as not\u00edcias sobre o Flamengo: Contrata\u00e7\u00f5es, categorias de base, resultados das partidas, tabela de classifica\u00e7\u00e3o, pr\u00f3ximos jogos!\",\"potentialAction\":[{\"@type\":\"SearchAction\",\"target\":{\"@type\":\"EntryPoint\",\"urlTemplate\":\"https:\/\/www.gaveanews.com\/?s={search_term_string}\"},\"query-input\":{\"@type\":\"PropertyValueSpecification\",\"valueRequired\":true,\"valueName\":\"search_term_string\"}}],\"inLanguage\":\"pt-BR\"},{\"@type\":\"Person\",\"@id\":\"https:\/\/www.gaveanews.com\/#\/schema\/person\/8207cd4627f56151707418bfc835b2fb\",\"name\":\"Matheus Felipe\",\"image\":{\"@type\":\"ImageObject\",\"inLanguage\":\"pt-BR\",\"@id\":\"https:\/\/www.gaveanews.com\/#\/schema\/person\/image\/\",\"url\":\"https:\/\/secure.gravatar.com\/avatar\/a452ffbed9130f726358b298bb3a99ce4bd3c5338411f8440e87e14d74c7c087?s=96&d=mm&r=g\",\"contentUrl\":\"https:\/\/secure.gravatar.com\/avatar\/a452ffbed9130f726358b298bb3a99ce4bd3c5338411f8440e87e14d74c7c087?s=96&d=mm&r=g\",\"caption\":\"Matheus Felipe\"}}]}<\/script>\n<!-- \/ Yoast SEO Premium plugin. -->","yoast_head_json":{"title":"Aumento salarial, declara\u00e7\u00e3o de Pedrosa e sa\u00edda de Ganso: as \u00faltimas not\u00edcias do Fluminense","robots":{"index":"index","follow":"follow","max-snippet":"max-snippet:-1","max-image-preview":"max-image-preview:large","max-video-preview":"max-video-preview:-1"},"canonical":"https:\/\/www.gaveanews.com\/index.php\/2025\/02\/05\/aumento-salarial-declaracao-de-pedrosa-e-saida-de-ganso-as-ultimas-noticias-do-fluminense\/","og_locale":"pt_BR","og_type":"article","og_title":"Aumento salarial, declara\u00e7\u00e3o de Pedrosa e sa\u00edda de Ganso: as \u00faltimas not\u00edcias do Fluminense","og_description":"Nas \u00faltimas horas, o foco das not\u00edcias sobre o Fluminense se concentram nos bastidores doclube, com destaques do dia a dia do time. Por conta deste contexto, leia abaixo um resumo preparado pela equipe do portal G\u00e1vea News para lhe manter muito bem informado! Sa\u00edda de Ganso Paulo Henrique Ganso pode deixar o Fluminense no [&hellip;]","og_url":"https:\/\/www.gaveanews.com\/index.php\/2025\/02\/05\/aumento-salarial-declaracao-de-pedrosa-e-saida-de-ganso-as-ultimas-noticias-do-fluminense\/","og_site_name":"G\u00e1vea News","article_publisher":"https:\/\/facebook.com\/gaveaNews\/","article_published_time":"2025-02-05T07:35:00+00:00","og_image":[{"width":1440,"height":1080,"url":"https:\/\/www.gaveanews.com\/wp-content\/uploads\/Bandeira-do-Fluminense.webp","type":"image\/webp"}],"author":"Matheus Felipe","twitter_card":"summary_large_image","twitter_misc":{"Escrito por":"Matheus Felipe","Est. tempo de leitura":"5 minutos"},"schema":{"@context":"https:\/\/schema.org","@graph":[{"@type":"NewsArticle","@id":"https:\/\/www.gaveanews.com\/index.php\/2025\/02\/05\/aumento-salarial-declaracao-de-pedrosa-e-saida-de-ganso-as-ultimas-noticias-do-fluminense\/#article","isPartOf":{"@id":"https:\/\/www.gaveanews.com\/index.php\/2025\/02\/05\/aumento-salarial-declaracao-de-pedrosa-e-saida-de-ganso-as-ultimas-noticias-do-fluminense\/"},"author":{"name":"Matheus Felipe","@id":"https:\/\/www.gaveanews.com\/#\/schema\/person\/8207cd4627f56151707418bfc835b2fb"},"headline":"Aumento salarial, declara\u00e7\u00e3o de Pedrosa e sa\u00edda de Ganso: as \u00faltimas not\u00edcias do Fluminense","datePublished":"2025-02-05T07:35:00+00:00","mainEntityOfPage":{"@id":"https:\/\/www.gaveanews.com\/index.php\/2025\/02\/05\/aumento-salarial-declaracao-de-pedrosa-e-saida-de-ganso-as-ultimas-noticias-do-fluminense\/"},"wordCount":715,"commentCount":0,"image":{"@id":"https:\/\/www.gaveanews.com\/index.php\/2025\/02\/05\/aumento-salarial-declaracao-de-pedrosa-e-saida-de-ganso-as-ultimas-noticias-do-fluminense\/#primaryimage"},"thumbnailUrl":"https:\/\/www.gaveanews.com\/wp-content\/uploads\/Bandeira-do-Fluminense.webp","articleSection":["Fluminense"],"inLanguage":"pt-BR","potentialAction":[{"@type":"CommentAction","name":"Comment","target":["https:\/\/www.gaveanews.com\/index.php\/2025\/02\/05\/aumento-salarial-declaracao-de-pedrosa-e-saida-de-ganso-as-ultimas-noticias-do-fluminense\/#respond"]}],"copyrightYear":"2025","copyrightHolder":{"@id":"https:\/\/www.gaveanews.com\/#organization"}},{"@type":"WebPage","@id":"https:\/\/www.gaveanews.com\/index.php\/2025\/02\/05\/aumento-salarial-declaracao-de-pedrosa-e-saida-de-ganso-as-ultimas-noticias-do-fluminense\/","url":"https:\/\/www.gaveanews.com\/index.php\/2025\/02\/05\/aumento-salarial-declaracao-de-pedrosa-e-saida-de-ganso-as-ultimas-noticias-do-fluminense\/","name":"Aumento salarial, declara\u00e7\u00e3o de Pedrosa e sa\u00edda de Ganso: as \u00faltimas not\u00edcias do Fluminense","isPartOf":{"@id":"https:\/\/www.gaveanews.com\/#website"},"primaryImageOfPage":{"@id":"https:\/\/www.gaveanews.com\/index.php\/2025\/02\/05\/aumento-salarial-declaracao-de-pedrosa-e-saida-de-ganso-as-ultimas-noticias-do-fluminense\/#primaryimage"},"image":{"@id":"https:\/\/www.gaveanews.com\/index.php\/2025\/02\/05\/aumento-salarial-declaracao-de-pedrosa-e-saida-de-ganso-as-ultimas-noticias-do-fluminense\/#primaryimage"},"thumbnailUrl":"https:\/\/www.gaveanews.com\/wp-content\/uploads\/Bandeira-do-Fluminense.webp","datePublished":"2025-02-05T07:35:00+00:00","author":{"@id":"https:\/\/www.gaveanews.com\/#\/schema\/person\/8207cd4627f56151707418bfc835b2fb"},"breadcrumb":{"@id":"https:\/\/www.gaveanews.com\/index.php\/2025\/02\/05\/aumento-salarial-declaracao-de-pedrosa-e-saida-de-ganso-as-ultimas-noticias-do-fluminense\/#breadcrumb"},"inLanguage":"pt-BR","potentialAction":[{"@type":"ReadAction","target":["https:\/\/www.gaveanews.com\/index.php\/2025\/02\/05\/aumento-salarial-declaracao-de-pedrosa-e-saida-de-ganso-as-ultimas-noticias-do-fluminense\/"]}]},{"@type":"ImageObject","inLanguage":"pt-BR","@id":"https:\/\/www.gaveanews.com\/index.php\/2025\/02\/05\/aumento-salarial-declaracao-de-pedrosa-e-saida-de-ganso-as-ultimas-noticias-do-fluminense\/#primaryimage","url":"https:\/\/www.gaveanews.com\/wp-content\/uploads\/Bandeira-do-Fluminense.webp","contentUrl":"https:\/\/www.gaveanews.com\/wp-content\/uploads\/Bandeira-do-Fluminense.webp","width":1440,"height":1080,"caption":"Bandeira do Fluminense (Foto: Reprodu\u00e7\u00e3o\/Fluminense)"},{"@type":"BreadcrumbList","@id":"https:\/\/www.gaveanews.com\/index.php\/2025\/02\/05\/aumento-salarial-declaracao-de-pedrosa-e-saida-de-ganso-as-ultimas-noticias-do-fluminense\/#breadcrumb","itemListElement":[{"@type":"ListItem","position":1,"name":"Home","item":"https:\/\/www.gaveanews.com\/"},{"@type":"ListItem","position":2,"name":"Aumento salarial, declara\u00e7\u00e3o de Pedrosa e sa\u00edda de Ganso: as \u00faltimas not\u00edcias do Fluminense"}]},{"@type":"WebSite","@id":"https:\/\/www.gaveanews.com\/#website","url":"https:\/\/www.gaveanews.com\/","name":"G\u00e1vea News","description":"Veja todas as not\u00edcias sobre o Flamengo: Contrata\u00e7\u00f5es, categorias de base, resultados das partidas, tabela de classifica\u00e7\u00e3o, pr\u00f3ximos jogos!","potentialAction":[{"@type":"SearchAction","target":{"@type":"EntryPoint","urlTemplate":"https:\/\/www.gaveanews.com\/?s={search_term_string}"},"query-input":{"@type":"PropertyValueSpecification","valueRequired":true,"valueName":"search_term_string"}}],"inLanguage":"pt-BR"},{"@type":"Person","@id":"https:\/\/www.gaveanews.com\/#\/schema\/person\/8207cd4627f56151707418bfc835b2fb","name":"Matheus Felipe","image":{"@type":"ImageObject","inLanguage":"pt-BR","@id":"https:\/\/www.gaveanews.com\/#\/schema\/person\/image\/","url":"https:\/\/secure.gravatar.com\/avatar\/a452ffbed9130f726358b298bb3a99ce4bd3c5338411f8440e87e14d74c7c087?s=96&d=mm&r=g","contentUrl":"https:\/\/secure.gravatar.com\/avatar\/a452ffbed9130f726358b298bb3a99ce4bd3c5338411f8440e87e14d74c7c087?s=96&d=mm&r=g","caption":"Matheus Felipe"}}]}},"_links":{"self":[{"href":"https:\/\/www.gaveanews.com\/index.php\/wp-json\/wp\/v2\/posts\/223241","targetHints":{"allow":["GET"]}}],"collection":[{"href":"https:\/\/www.gaveanews.com\/index.php\/wp-json\/wp\/v2\/posts"}],"about":[{"href":"https:\/\/www.gaveanews.com\/index.php\/wp-json\/wp\/v2\/types\/post"}],"author":[{"embeddable":true,"href":"https:\/\/www.gaveanews.com\/index.php\/wp-json\/wp\/v2\/users\/27"}],"replies":[{"embeddable":true,"href":"https:\/\/www.gaveanews.com\/index.php\/wp-json\/wp\/v2\/comments?post=223241"}],"version-history":[{"count":1,"href":"https:\/\/www.gaveanews.com\/index.php\/wp-json\/wp\/v2\/posts\/223241\/revisions"}],"predecessor-version":[{"id":223249,"href":"https:\/\/www.gaveanews.com\/index.php\/wp-json\/wp\/v2\/posts\/223241\/revisions\/223249"}],"wp:featuredmedia":[{"embeddable":true,"href":"https:\/\/www.gaveanews.com\/index.php\/wp-json\/wp\/v2\/media\/152558"}],"wp:attachment":[{"href":"https:\/\/www.gaveanews.com\/index.php\/wp-json\/wp\/v2\/media?parent=223241"}],"wp:term":[{"taxonomy":"category","embeddable":true,"href":"https:\/\/www.gaveanews.com\/index.php\/wp-json\/wp\/v2\/categories?post=223241"},{"taxonomy":"post_tag","embeddable":true,"href":"https:\/\/www.gaveanews.com\/index.php\/wp-json\/wp\/v2\/tags?post=223241"}],"curies":[{"name":"wp","href":"https:\/\/api.w.org\/{rel}","templated":true}]}}