{"id":223258,"date":"2025-02-04T22:10:00","date_gmt":"2025-02-05T01:10:00","guid":{"rendered":"https:\/\/www.gaveanews.com\/?p=223258"},"modified":"2025-02-04T20:45:27","modified_gmt":"2025-02-04T23:45:27","slug":"vasco-edmundo-manda-forte-recado-para-pedrinho","status":"publish","type":"post","link":"https:\/\/www.gaveanews.com\/index.php\/2025\/02\/04\/vasco-edmundo-manda-forte-recado-para-pedrinho\/","title":{"rendered":"Vasco: Edmundo manda forte recado para Pedrinho"},"content":{"rendered":"\n<h2 class=\"wp-block-heading\" id=\"h-edmundo-critica-diretoria-do-vasco-apos-negociacao-frustrada-por-bruma\">Edmundo critica diretoria do Vasco ap\u00f3s negocia\u00e7\u00e3o frustrada por Bruma<\/h2>\n\n\n\n<p>O Vasco da Gama enfrentou mais uma dificuldade no mercado de transfer\u00eancias e n\u00e3o conseguiu fechar a contrata\u00e7\u00e3o do atacante Bruma, que acabou anunciado pelo Benfica, de Portugal. A situa\u00e7\u00e3o gerou cr\u00edticas de Edmundo, \u00eddolo do clube, que afirmou que a diretoria cruz-maltina deveria ser mais \u201cagressiva\u201d nas negocia\u00e7\u00f5es.<\/p>\n\n\n\n<p>Em seu canal \u201cMundo Ed\u201d, o ex-atacante questionou a atua\u00e7\u00e3o da diretoria na tentativa de refor\u00e7ar o setor ofensivo da equipe. Ele criticou a postura do diretor de futebol, Marcelo Sant\u2019Ana, e cobrou uma participa\u00e7\u00e3o mais ativa do presidente Pedrinho nas decis\u00f5es.<\/p>\n\n\n\n<p>\u201c A diretoria parece que dormiu, bobeou nessa a\u00ed. Eu nunca fui muito f\u00e3 do Marcelo Sant\u2019Ana, embora n\u00e3o o conhe\u00e7a muito bem. Acho que ele \u00e9 meio devagar no mercado. Nunca fui a favor desse modelo de neg\u00f3cio que tem um diretor de futebol. Acho que o Pedrinho tem que botar a cara e tomar todas as decis\u00f5es mais importantes. Se n\u00e3o for desse jeito, acaba que as cr\u00edticas ficam sobrando para ele\u201d, afirmou Edmundo.<\/p>\n\n\n\n<p>O ex-jogador tamb\u00e9m destacou que, em sua vis\u00e3o, um contato mais direto do presidente com os jogadores poderia fazer a diferen\u00e7a nas negocia\u00e7\u00f5es.<\/p>\n\n\n\n<p>\u201cGosto muito do Pedrinho, do Felipe, mas penso muito diferente deles. Eu seria mais agressivo, mais determinado. Me colocaria mais \u00e0 frente nas decis\u00f5es. Eu gostava muito de quando um dirigente vinha at\u00e9 mim, apertasse minha m\u00e3o, me olhasse nos olhos e falasse que queria que eu jogasse naquele time. Se o Pedrinho fizesse isso, acho que geraria menos transtorno\u201d, completou.<\/p>\n\n\n\n<p>A busca do Vasco por um ponta-esquerda tem sido um desafio nesta janela de transfer\u00eancias. Al\u00e9m de Bruma, o clube tentou a contrata\u00e7\u00e3o de Cuello, Wanderson, Ram\u00f3n Sosa e Brian Rodr\u00edguez, mas n\u00e3o conseguiu concretizar nenhuma das negocia\u00e7\u00f5es.<\/p>\n\n\n\n<p>No elenco atual, o Vasco enfrenta dificuldades na posi\u00e7\u00e3o. David, que seria uma op\u00e7\u00e3o para o setor, est\u00e1 se recuperando de les\u00e3o. Jean David ainda n\u00e3o conseguiu se firmar na equipe. A necessidade de um jogador que ataque os espa\u00e7os e ofere\u00e7a profundidade ao time tem sido um problema recorrente, aumentando a urg\u00eancia da diretoria por um novo refor\u00e7o.<\/p>\n","protected":false},"excerpt":{"rendered":"<p>Edmundo critica diretoria do Vasco ap\u00f3s negocia\u00e7\u00e3o frustrada por Bruma O Vasco da Gama enfrentou mais uma dificuldade no mercado de transfer\u00eancias e n\u00e3o conseguiu fechar a contrata\u00e7\u00e3o do atacante Bruma, que acabou anunciado pelo Benfica, de Portugal. A situa\u00e7\u00e3o gerou cr\u00edticas de Edmundo, \u00eddolo do clube, que afirmou que a diretoria cruz-maltina deveria ser [&hellip;]<\/p>\n","protected":false},"author":17,"featured_media":145853,"comment_status":"open","ping_status":"closed","sticky":false,"template":"","format":"standard","meta":{"footnotes":""},"categories":[152],"tags":[],"class_list":["post-223258","post","type-post","status-publish","format-standard","has-post-thumbnail","hentry","category-vasco"],"yoast_head":"<!-- This site is optimized with the Yoast SEO Premium plugin v24.2 (Yoast SEO v26.9) - https:\/\/yoast.com\/product\/yoast-seo-premium-wordpress\/ -->\n<title>Vasco: Edmundo manda forte recado para Pedrinho<\/title>\n<meta name=\"robots\" content=\"index, follow, max-snippet:-1, max-image-preview:large, max-video-preview:-1\" \/>\n<link rel=\"canonical\" href=\"https:\/\/www.gaveanews.com\/index.php\/2025\/02\/04\/vasco-edmundo-manda-forte-recado-para-pedrinho\/\" \/>\n<meta property=\"og:locale\" content=\"pt_BR\" \/>\n<meta property=\"og:type\" content=\"article\" \/>\n<meta property=\"og:title\" content=\"Vasco: Edmundo manda forte recado para Pedrinho\" \/>\n<meta property=\"og:description\" content=\"Edmundo critica diretoria do Vasco ap\u00f3s negocia\u00e7\u00e3o frustrada por Bruma O Vasco da Gama enfrentou mais uma dificuldade no mercado de transfer\u00eancias e n\u00e3o conseguiu fechar a contrata\u00e7\u00e3o do atacante Bruma, que acabou anunciado pelo Benfica, de Portugal. A situa\u00e7\u00e3o gerou cr\u00edticas de Edmundo, \u00eddolo do clube, que afirmou que a diretoria cruz-maltina deveria ser [&hellip;]\" \/>\n<meta property=\"og:url\" content=\"https:\/\/www.gaveanews.com\/index.php\/2025\/02\/04\/vasco-edmundo-manda-forte-recado-para-pedrinho\/\" \/>\n<meta property=\"og:site_name\" content=\"G\u00e1vea News\" \/>\n<meta property=\"article:publisher\" content=\"https:\/\/facebook.com\/gaveaNews\/\" \/>\n<meta property=\"article:published_time\" content=\"2025-02-05T01:10:00+00:00\" \/>\n<meta property=\"og:image\" content=\"https:\/\/www.gaveanews.com\/wp-content\/uploads\/edmundo-band-729x400-1.webp\" \/>\n\t<meta property=\"og:image:width\" content=\"729\" \/>\n\t<meta property=\"og:image:height\" content=\"400\" \/>\n\t<meta property=\"og:image:type\" content=\"image\/jpeg\" \/>\n<meta name=\"author\" content=\"Geovanna Thomaz\" \/>\n<meta name=\"twitter:card\" content=\"summary_large_image\" \/>\n<meta name=\"twitter:label1\" content=\"Escrito por\" \/>\n\t<meta name=\"twitter:data1\" content=\"Geovanna Thomaz\" \/>\n\t<meta name=\"twitter:label2\" content=\"Est. tempo de leitura\" \/>\n\t<meta name=\"twitter:data2\" content=\"3 minutos\" \/>\n<script type=\"application\/ld+json\" class=\"yoast-schema-graph\">{\"@context\":\"https:\/\/schema.org\",\"@graph\":[{\"@type\":\"NewsArticle\",\"@id\":\"https:\/\/www.gaveanews.com\/index.php\/2025\/02\/04\/vasco-edmundo-manda-forte-recado-para-pedrinho\/#article\",\"isPartOf\":{\"@id\":\"https:\/\/www.gaveanews.com\/index.php\/2025\/02\/04\/vasco-edmundo-manda-forte-recado-para-pedrinho\/\"},\"author\":{\"name\":\"Geovanna Thomaz\",\"@id\":\"https:\/\/www.gaveanews.com\/#\/schema\/person\/f42654babcd2b2014a1a65af82b081f1\"},\"headline\":\"Vasco: Edmundo manda forte recado para Pedrinho\",\"datePublished\":\"2025-02-05T01:10:00+00:00\",\"mainEntityOfPage\":{\"@id\":\"https:\/\/www.gaveanews.com\/index.php\/2025\/02\/04\/vasco-edmundo-manda-forte-recado-para-pedrinho\/\"},\"wordCount\":403,\"commentCount\":0,\"image\":{\"@id\":\"https:\/\/www.gaveanews.com\/index.php\/2025\/02\/04\/vasco-edmundo-manda-forte-recado-para-pedrinho\/#primaryimage\"},\"thumbnailUrl\":\"https:\/\/www.gaveanews.com\/wp-content\/uploads\/edmundo-band-729x400-1.webp\",\"articleSection\":[\"Vasco\"],\"inLanguage\":\"pt-BR\",\"potentialAction\":[{\"@type\":\"CommentAction\",\"name\":\"Comment\",\"target\":[\"https:\/\/www.gaveanews.com\/index.php\/2025\/02\/04\/vasco-edmundo-manda-forte-recado-para-pedrinho\/#respond\"]}],\"copyrightYear\":\"2025\",\"copyrightHolder\":{\"@id\":\"https:\/\/www.gaveanews.com\/#organization\"}},{\"@type\":\"WebPage\",\"@id\":\"https:\/\/www.gaveanews.com\/index.php\/2025\/02\/04\/vasco-edmundo-manda-forte-recado-para-pedrinho\/\",\"url\":\"https:\/\/www.gaveanews.com\/index.php\/2025\/02\/04\/vasco-edmundo-manda-forte-recado-para-pedrinho\/\",\"name\":\"Vasco: Edmundo manda forte recado para Pedrinho\",\"isPartOf\":{\"@id\":\"https:\/\/www.gaveanews.com\/#website\"},\"primaryImageOfPage\":{\"@id\":\"https:\/\/www.gaveanews.com\/index.php\/2025\/02\/04\/vasco-edmundo-manda-forte-recado-para-pedrinho\/#primaryimage\"},\"image\":{\"@id\":\"https:\/\/www.gaveanews.com\/index.php\/2025\/02\/04\/vasco-edmundo-manda-forte-recado-para-pedrinho\/#primaryimage\"},\"thumbnailUrl\":\"https:\/\/www.gaveanews.com\/wp-content\/uploads\/edmundo-band-729x400-1.webp\",\"datePublished\":\"2025-02-05T01:10:00+00:00\",\"author\":{\"@id\":\"https:\/\/www.gaveanews.com\/#\/schema\/person\/f42654babcd2b2014a1a65af82b081f1\"},\"breadcrumb\":{\"@id\":\"https:\/\/www.gaveanews.com\/index.php\/2025\/02\/04\/vasco-edmundo-manda-forte-recado-para-pedrinho\/#breadcrumb\"},\"inLanguage\":\"pt-BR\",\"potentialAction\":[{\"@type\":\"ReadAction\",\"target\":[\"https:\/\/www.gaveanews.com\/index.php\/2025\/02\/04\/vasco-edmundo-manda-forte-recado-para-pedrinho\/\"]}]},{\"@type\":\"ImageObject\",\"inLanguage\":\"pt-BR\",\"@id\":\"https:\/\/www.gaveanews.com\/index.php\/2025\/02\/04\/vasco-edmundo-manda-forte-recado-para-pedrinho\/#primaryimage\",\"url\":\"https:\/\/www.gaveanews.com\/wp-content\/uploads\/edmundo-band-729x400-1.webp\",\"contentUrl\":\"https:\/\/www.gaveanews.com\/wp-content\/uploads\/edmundo-band-729x400-1.webp\",\"width\":729,\"height\":400,\"caption\":\"Edmundo (Foto: Reprodu\u00e7\u00e3o)\"},{\"@type\":\"BreadcrumbList\",\"@id\":\"https:\/\/www.gaveanews.com\/index.php\/2025\/02\/04\/vasco-edmundo-manda-forte-recado-para-pedrinho\/#breadcrumb\",\"itemListElement\":[{\"@type\":\"ListItem\",\"position\":1,\"name\":\"Home\",\"item\":\"https:\/\/www.gaveanews.com\/\"},{\"@type\":\"ListItem\",\"position\":2,\"name\":\"Vasco: Edmundo manda forte recado para Pedrinho\"}]},{\"@type\":\"WebSite\",\"@id\":\"https:\/\/www.gaveanews.com\/#website\",\"url\":\"https:\/\/www.gaveanews.com\/\",\"name\":\"G\u00e1vea News\",\"description\":\"Veja todas as not\u00edcias sobre o Flamengo: Contrata\u00e7\u00f5es, categorias de base, resultados das partidas, tabela de classifica\u00e7\u00e3o, pr\u00f3ximos jogos!\",\"potentialAction\":[{\"@type\":\"SearchAction\",\"target\":{\"@type\":\"EntryPoint\",\"urlTemplate\":\"https:\/\/www.gaveanews.com\/?s={search_term_string}\"},\"query-input\":{\"@type\":\"PropertyValueSpecification\",\"valueRequired\":true,\"valueName\":\"search_term_string\"}}],\"inLanguage\":\"pt-BR\"},{\"@type\":\"Person\",\"@id\":\"https:\/\/www.gaveanews.com\/#\/schema\/person\/f42654babcd2b2014a1a65af82b081f1\",\"name\":\"Geovanna Thomaz\",\"image\":{\"@type\":\"ImageObject\",\"inLanguage\":\"pt-BR\",\"@id\":\"https:\/\/www.gaveanews.com\/#\/schema\/person\/image\/\",\"url\":\"https:\/\/secure.gravatar.com\/avatar\/4092073255489533afb558984b49b64268c47198af8623cc82a925ae9fb7118a?s=96&d=mm&r=g\",\"contentUrl\":\"https:\/\/secure.gravatar.com\/avatar\/4092073255489533afb558984b49b64268c47198af8623cc82a925ae9fb7118a?s=96&d=mm&r=g\",\"caption\":\"Geovanna Thomaz\"}}]}<\/script>\n<!-- \/ Yoast SEO Premium plugin. -->","yoast_head_json":{"title":"Vasco: Edmundo manda forte recado para Pedrinho","robots":{"index":"index","follow":"follow","max-snippet":"max-snippet:-1","max-image-preview":"max-image-preview:large","max-video-preview":"max-video-preview:-1"},"canonical":"https:\/\/www.gaveanews.com\/index.php\/2025\/02\/04\/vasco-edmundo-manda-forte-recado-para-pedrinho\/","og_locale":"pt_BR","og_type":"article","og_title":"Vasco: Edmundo manda forte recado para Pedrinho","og_description":"Edmundo critica diretoria do Vasco ap\u00f3s negocia\u00e7\u00e3o frustrada por Bruma O Vasco da Gama enfrentou mais uma dificuldade no mercado de transfer\u00eancias e n\u00e3o conseguiu fechar a contrata\u00e7\u00e3o do atacante Bruma, que acabou anunciado pelo Benfica, de Portugal. A situa\u00e7\u00e3o gerou cr\u00edticas de Edmundo, \u00eddolo do clube, que afirmou que a diretoria cruz-maltina deveria ser [&hellip;]","og_url":"https:\/\/www.gaveanews.com\/index.php\/2025\/02\/04\/vasco-edmundo-manda-forte-recado-para-pedrinho\/","og_site_name":"G\u00e1vea News","article_publisher":"https:\/\/facebook.com\/gaveaNews\/","article_published_time":"2025-02-05T01:10:00+00:00","og_image":[{"width":729,"height":400,"url":"https:\/\/www.gaveanews.com\/wp-content\/uploads\/edmundo-band-729x400-1.webp","type":"image\/jpeg"}],"author":"Geovanna Thomaz","twitter_card":"summary_large_image","twitter_misc":{"Escrito por":"Geovanna Thomaz","Est. tempo de leitura":"3 minutos"},"schema":{"@context":"https:\/\/schema.org","@graph":[{"@type":"NewsArticle","@id":"https:\/\/www.gaveanews.com\/index.php\/2025\/02\/04\/vasco-edmundo-manda-forte-recado-para-pedrinho\/#article","isPartOf":{"@id":"https:\/\/www.gaveanews.com\/index.php\/2025\/02\/04\/vasco-edmundo-manda-forte-recado-para-pedrinho\/"},"author":{"name":"Geovanna Thomaz","@id":"https:\/\/www.gaveanews.com\/#\/schema\/person\/f42654babcd2b2014a1a65af82b081f1"},"headline":"Vasco: Edmundo manda forte recado para Pedrinho","datePublished":"2025-02-05T01:10:00+00:00","mainEntityOfPage":{"@id":"https:\/\/www.gaveanews.com\/index.php\/2025\/02\/04\/vasco-edmundo-manda-forte-recado-para-pedrinho\/"},"wordCount":403,"commentCount":0,"image":{"@id":"https:\/\/www.gaveanews.com\/index.php\/2025\/02\/04\/vasco-edmundo-manda-forte-recado-para-pedrinho\/#primaryimage"},"thumbnailUrl":"https:\/\/www.gaveanews.com\/wp-content\/uploads\/edmundo-band-729x400-1.webp","articleSection":["Vasco"],"inLanguage":"pt-BR","potentialAction":[{"@type":"CommentAction","name":"Comment","target":["https:\/\/www.gaveanews.com\/index.php\/2025\/02\/04\/vasco-edmundo-manda-forte-recado-para-pedrinho\/#respond"]}],"copyrightYear":"2025","copyrightHolder":{"@id":"https:\/\/www.gaveanews.com\/#organization"}},{"@type":"WebPage","@id":"https:\/\/www.gaveanews.com\/index.php\/2025\/02\/04\/vasco-edmundo-manda-forte-recado-para-pedrinho\/","url":"https:\/\/www.gaveanews.com\/index.php\/2025\/02\/04\/vasco-edmundo-manda-forte-recado-para-pedrinho\/","name":"Vasco: Edmundo manda forte recado para Pedrinho","isPartOf":{"@id":"https:\/\/www.gaveanews.com\/#website"},"primaryImageOfPage":{"@id":"https:\/\/www.gaveanews.com\/index.php\/2025\/02\/04\/vasco-edmundo-manda-forte-recado-para-pedrinho\/#primaryimage"},"image":{"@id":"https:\/\/www.gaveanews.com\/index.php\/2025\/02\/04\/vasco-edmundo-manda-forte-recado-para-pedrinho\/#primaryimage"},"thumbnailUrl":"https:\/\/www.gaveanews.com\/wp-content\/uploads\/edmundo-band-729x400-1.webp","datePublished":"2025-02-05T01:10:00+00:00","author":{"@id":"https:\/\/www.gaveanews.com\/#\/schema\/person\/f42654babcd2b2014a1a65af82b081f1"},"breadcrumb":{"@id":"https:\/\/www.gaveanews.com\/index.php\/2025\/02\/04\/vasco-edmundo-manda-forte-recado-para-pedrinho\/#breadcrumb"},"inLanguage":"pt-BR","potentialAction":[{"@type":"ReadAction","target":["https:\/\/www.gaveanews.com\/index.php\/2025\/02\/04\/vasco-edmundo-manda-forte-recado-para-pedrinho\/"]}]},{"@type":"ImageObject","inLanguage":"pt-BR","@id":"https:\/\/www.gaveanews.com\/index.php\/2025\/02\/04\/vasco-edmundo-manda-forte-recado-para-pedrinho\/#primaryimage","url":"https:\/\/www.gaveanews.com\/wp-content\/uploads\/edmundo-band-729x400-1.webp","contentUrl":"https:\/\/www.gaveanews.com\/wp-content\/uploads\/edmundo-band-729x400-1.webp","width":729,"height":400,"caption":"Edmundo (Foto: Reprodu\u00e7\u00e3o)"},{"@type":"BreadcrumbList","@id":"https:\/\/www.gaveanews.com\/index.php\/2025\/02\/04\/vasco-edmundo-manda-forte-recado-para-pedrinho\/#breadcrumb","itemListElement":[{"@type":"ListItem","position":1,"name":"Home","item":"https:\/\/www.gaveanews.com\/"},{"@type":"ListItem","position":2,"name":"Vasco: Edmundo manda forte recado para Pedrinho"}]},{"@type":"WebSite","@id":"https:\/\/www.gaveanews.com\/#website","url":"https:\/\/www.gaveanews.com\/","name":"G\u00e1vea News","description":"Veja todas as not\u00edcias sobre o Flamengo: Contrata\u00e7\u00f5es, categorias de base, resultados das partidas, tabela de classifica\u00e7\u00e3o, pr\u00f3ximos jogos!","potentialAction":[{"@type":"SearchAction","target":{"@type":"EntryPoint","urlTemplate":"https:\/\/www.gaveanews.com\/?s={search_term_string}"},"query-input":{"@type":"PropertyValueSpecification","valueRequired":true,"valueName":"search_term_string"}}],"inLanguage":"pt-BR"},{"@type":"Person","@id":"https:\/\/www.gaveanews.com\/#\/schema\/person\/f42654babcd2b2014a1a65af82b081f1","name":"Geovanna Thomaz","image":{"@type":"ImageObject","inLanguage":"pt-BR","@id":"https:\/\/www.gaveanews.com\/#\/schema\/person\/image\/","url":"https:\/\/secure.gravatar.com\/avatar\/4092073255489533afb558984b49b64268c47198af8623cc82a925ae9fb7118a?s=96&d=mm&r=g","contentUrl":"https:\/\/secure.gravatar.com\/avatar\/4092073255489533afb558984b49b64268c47198af8623cc82a925ae9fb7118a?s=96&d=mm&r=g","caption":"Geovanna Thomaz"}}]}},"_links":{"self":[{"href":"https:\/\/www.gaveanews.com\/index.php\/wp-json\/wp\/v2\/posts\/223258","targetHints":{"allow":["GET"]}}],"collection":[{"href":"https:\/\/www.gaveanews.com\/index.php\/wp-json\/wp\/v2\/posts"}],"about":[{"href":"https:\/\/www.gaveanews.com\/index.php\/wp-json\/wp\/v2\/types\/post"}],"author":[{"embeddable":true,"href":"https:\/\/www.gaveanews.com\/index.php\/wp-json\/wp\/v2\/users\/17"}],"replies":[{"embeddable":true,"href":"https:\/\/www.gaveanews.com\/index.php\/wp-json\/wp\/v2\/comments?post=223258"}],"version-history":[{"count":1,"href":"https:\/\/www.gaveanews.com\/index.php\/wp-json\/wp\/v2\/posts\/223258\/revisions"}],"predecessor-version":[{"id":223260,"href":"https:\/\/www.gaveanews.com\/index.php\/wp-json\/wp\/v2\/posts\/223258\/revisions\/223260"}],"wp:featuredmedia":[{"embeddable":true,"href":"https:\/\/www.gaveanews.com\/index.php\/wp-json\/wp\/v2\/media\/145853"}],"wp:attachment":[{"href":"https:\/\/www.gaveanews.com\/index.php\/wp-json\/wp\/v2\/media?parent=223258"}],"wp:term":[{"taxonomy":"category","embeddable":true,"href":"https:\/\/www.gaveanews.com\/index.php\/wp-json\/wp\/v2\/categories?post=223258"},{"taxonomy":"post_tag","embeddable":true,"href":"https:\/\/www.gaveanews.com\/index.php\/wp-json\/wp\/v2\/tags?post=223258"}],"curies":[{"name":"wp","href":"https:\/\/api.w.org\/{rel}","templated":true}]}}