{"id":223262,"date":"2025-02-05T04:45:00","date_gmt":"2025-02-05T07:45:00","guid":{"rendered":"https:\/\/www.gaveanews.com\/?p=223262"},"modified":"2025-02-04T20:24:46","modified_gmt":"2025-02-04T23:24:46","slug":"declaracao-de-mariano-recado-de-tiago-leifert-e-atacantes-acima-de-neymar-as-ultimas-noticias-do-santos","status":"publish","type":"post","link":"https:\/\/www.gaveanews.com\/index.php\/2025\/02\/05\/declaracao-de-mariano-recado-de-tiago-leifert-e-atacantes-acima-de-neymar-as-ultimas-noticias-do-santos\/","title":{"rendered":"Declara\u00e7\u00e3o de Mariano, recado de Tiago Leifert e atacantes acima de Neymar: as \u00faltimas not\u00edcias do Santos"},"content":{"rendered":"\n<p>Nas \u00faltimas horas, o foco das not\u00edcias sobre o Santos se concentram nos bastidores do<br>clube, com destaques do dia a dia do time.<\/p>\n\n\n\n<p>Por conta deste contexto, leia abaixo um resumo preparado pela equipe do portal G\u00e1vea News para lhe manter muito bem informado!<\/p>\n\n\n\n<h2 class=\"wp-block-heading\" id=\"h-atacantes-acima-de-neymar\">Atacantes acima de Neymar<\/h2>\n\n\n\n<p>O retorno de Neymar ao Santos reacendeu discuss\u00f5es sobre sua poss\u00edvel volta \u00e0 sele\u00e7\u00e3o brasileira, mas o comentarista Dod\u00f4 ponderou que o atacante precisa recuperar a forma f\u00edsica antes de ser convocado. Durante o programa <em>Esporte Record<\/em>, ele afirmou que, no momento, Neymar n\u00e3o seria titular, destacando outros nomes que vivem melhor fase, como Vinicius Jr., Rodrygo, Raphinha, Est\u00eav\u00e3o, Savinho e Luiz Henrique <strong><a href=\"https:\/\/www.gaveanews.com\/index.php\/2025\/02\/03\/vini-jr-estevao-raphinha-rodrygo-savinho-luiz-henrique-dodo-aponta-atacantes-estao-acima-de-neymar-em-2025\/\">(leia a mat\u00e9ria completa).<\/a><\/strong><\/p>\n\n\n\n<figure class=\"wp-block-image size-full\"><img loading=\"lazy\" decoding=\"async\" width=\"573\" height=\"636\" src=\"http:\/\/www.gaveanews.com\/wp-content\/uploads\/Neymar-volta-ao-Santos.webp\" alt=\"\" class=\"wp-image-221593\"\/><figcaption class=\"wp-element-caption\">Neymar volta ao Santos (Foto: GuilhermeKastner \/ Santos FC)<\/figcaption><\/figure>\n\n\n\n<p>Desde a les\u00e3o de Neymar em outubro de 2023, a sele\u00e7\u00e3o brasileira oscilou, registrando seis vit\u00f3rias, sete empates e tr\u00eas derrotas. <\/p>\n\n\n\n<p>As dificuldades aumentaram contra sele\u00e7\u00f5es mais fortes, como Argentina, Uruguai e Col\u00f4mbia, e a equipe foi eliminada precocemente na Copa Am\u00e9rica. Apesar da experi\u00eancia do camisa 10, Dod\u00f4 acredita que a comiss\u00e3o t\u00e9cnica deve priorizar jogadores em melhor ritmo de competi\u00e7\u00e3o.<\/p>\n\n\n\n<p>Enquanto isso, Neymar se prepara para retomar sua carreira no futebol brasileiro, buscando ritmo e consist\u00eancia para voltar ao radar da sele\u00e7\u00e3o. A evolu\u00e7\u00e3o de seu desempenho pelo Santos ser\u00e1 determinante para definir se ele voltar\u00e1 a ser pe\u00e7a-chave no time nacional ou se enfrentar\u00e1 ainda mais concorr\u00eancia no setor ofensivo.<\/p>\n\n\n\n<h2 class=\"wp-block-heading\" id=\"h-recado-de-tiago-leifert\">Recado de Tiago Leifert<\/h2>\n\n\n\n<p>O jornalista Thiago Leifert comentou sobre o retorno de Neymar ao Santos, afirmando que a decis\u00e3o do jogador foi puramente emocional. Durante o programa <em>SBT Sports<\/em>, ele destacou que, se Neymar tivesse pensado racionalmente, teria escolhido um clube com um projeto mais estruturado, como Flamengo ou Palmeiras. Para Leifert, o craque voltou ao Peixe pelo v\u00ednculo afetivo com o clube, sem considerar fatores como elenco competitivo e poder financeiro<strong><a href=\"https:\/\/www.gaveanews.com\/index.php\/2025\/02\/03\/video-thiago-leifert-manda-a-real-sobre-neymar-no-santos\/\"> (leia a mat\u00e9ria completa).<\/a><\/strong><\/p>\n\n\n\n<figure class=\"wp-block-image size-full\"><img loading=\"lazy\" decoding=\"async\" width=\"640\" height=\"400\" src=\"http:\/\/www.gaveanews.com\/wp-content\/uploads\/tiago-leifert-morte-torcedora-palmeiras-flamengo.webp\" alt=\"\" class=\"wp-image-102417\" srcset=\"https:\/\/www.gaveanews.com\/wp-content\/uploads\/tiago-leifert-morte-torcedora-palmeiras-flamengo.webp 640w, https:\/\/www.gaveanews.com\/wp-content\/uploads\/tiago-leifert-morte-torcedora-palmeiras-flamengo-300x188.webp 300w, https:\/\/www.gaveanews.com\/wp-content\/uploads\/tiago-leifert-morte-torcedora-palmeiras-flamengo-100x63.webp 100w\" sizes=\"auto, (max-width: 640px) 100vw, 640px\" \/><figcaption class=\"wp-element-caption\">Tiago Leifert (Foto: Reprodu\u00e7\u00e3o)<\/figcaption><\/figure>\n\n\n\n<p>Mesmo questionando a escolha, Leifert acredita que a volta de Neymar ao Brasil \u00e9 positiva para o futebol nacional. Ele ressaltou que o jogador pode elevar o n\u00edvel da competi\u00e7\u00e3o e recuperar sua melhor forma. Al\u00e9m disso, torce para que Neymar reencontre sua felicidade em campo, receba apoio da torcida e volte a ser pe\u00e7a fundamental na Sele\u00e7\u00e3o Brasileira.<\/p>\n\n\n\n<p>O jornalista tamb\u00e9m lembrou que o Santos vem de uma temporada dif\u00edcil, tendo disputado a S\u00e9rie B sem grande brilho. No entanto, a chegada de Neymar pode mudar o patamar do time e atrair mais investimentos e visibilidade. Agora, resta saber se o camisa 10 conseguir\u00e1 liderar o Peixe a uma nova fase de sucesso e se consolidar novamente como protagonista do futebol brasileiro.<\/p>\n\n\n\n<h2 class=\"wp-block-heading\" id=\"h-declaracao-de-mariano\">Declara\u00e7\u00e3o de Mariano<\/h2>\n\n\n\n<p>O lateral-direito Mariano, ex-Atl\u00e9tico-MG, relembrou seus duelos contra Neymar durante sua passagem pelo Sevilla, na Espanha. Em entrevista ao programa <em>Resenha ESPN<\/em>, ele destacou que marcar o craque brasileiro foi um dos maiores desafios de sua carreira, especialmente porque Neymar, j\u00e1 naquela \u00e9poca, demonstrava caracter\u00edsticas de centroavante, alternando entre as pontas e o meio do ataque. Mariano enfatizou que enfrentou o jogador no auge de sua forma, tornando a marca\u00e7\u00e3o ainda mais complicada <strong><a href=\"https:\/\/www.gaveanews.com\/index.php\/2025\/01\/31\/a-declaracao-de-mariano-ex-atletico-direcionada-a-neymar-do-santos\/\">(leia a mat\u00e9ria completa).<\/a><\/strong><\/p>\n\n\n\n<figure class=\"wp-block-image size-full\"><img loading=\"lazy\" decoding=\"async\" width=\"561\" height=\"517\" src=\"http:\/\/www.gaveanews.com\/wp-content\/uploads\/Mariano-em-acao-pelo-Atletico-MG.webp\" alt=\"\" class=\"wp-image-171356\" srcset=\"https:\/\/www.gaveanews.com\/wp-content\/uploads\/Mariano-em-acao-pelo-Atletico-MG.webp 561w, https:\/\/www.gaveanews.com\/wp-content\/uploads\/Mariano-em-acao-pelo-Atletico-MG-300x276.webp 300w, https:\/\/www.gaveanews.com\/wp-content\/uploads\/Mariano-em-acao-pelo-Atletico-MG-456x420.webp 456w, https:\/\/www.gaveanews.com\/wp-content\/uploads\/Mariano-em-acao-pelo-Atletico-MG-100x92.webp 100w\" sizes=\"auto, (max-width: 561px) 100vw, 561px\" \/><figcaption class=\"wp-element-caption\">Mariano em a\u00e7\u00e3o pelo Atl\u00e9tico-MG (Foto: Pedro Souza\/Atl\u00e9tico)<\/figcaption><\/figure>\n\n\n\n<p>O ex-lateral tamb\u00e9m revelou que recebeu instru\u00e7\u00f5es incomuns da comiss\u00e3o t\u00e9cnica do Sevilla, comandada por Unai Emery. Segundo ele, o auxiliar t\u00e9cnico pedia que aplicasse entradas mais duras em Neymar, mas Mariano afirmou que nunca foi um jogador agressivo e preferia se concentrar na marca\u00e7\u00e3o t\u00e9cnica. &#8220;Quando eu podia marcar, fazia o meu melhor. Se ele passasse, era m\u00e9rito dele. P\u00f4, era o Neymar, t\u00e1 louco&#8221;, brincou o jogador.<\/p>\n\n\n\n<p>Atualmente sem clube, Mariano busca novas oportunidades no futebol, enquanto Neymar retornou ao Santos, reacendendo a possibilidade de um novo confronto entre os dois em 2025, caso seus caminhos voltem a se cruzar nos gramados.<\/p>\n","protected":false},"excerpt":{"rendered":"<p>Nas \u00faltimas horas, o foco das not\u00edcias sobre o Santos se concentram nos bastidores doclube, com destaques do dia a dia do time. Por conta deste contexto, leia abaixo um resumo preparado pela equipe do portal G\u00e1vea News para lhe manter muito bem informado! Atacantes acima de Neymar O retorno de Neymar ao Santos reacendeu [&hellip;]<\/p>\n","protected":false},"author":27,"featured_media":165619,"comment_status":"open","ping_status":"closed","sticky":false,"template":"","format":"standard","meta":{"footnotes":""},"categories":[139],"tags":[],"class_list":["post-223262","post","type-post","status-publish","format-standard","has-post-thumbnail","hentry","category-santos"],"yoast_head":"<!-- This site is optimized with the Yoast SEO Premium plugin v24.2 (Yoast SEO v26.9) - https:\/\/yoast.com\/product\/yoast-seo-premium-wordpress\/ -->\n<title>Declara\u00e7\u00e3o de Mariano, recado de Tiago Leifert e atacantes acima de Neymar: as \u00faltimas not\u00edcias do Santos<\/title>\n<meta name=\"robots\" content=\"index, follow, max-snippet:-1, max-image-preview:large, max-video-preview:-1\" \/>\n<link rel=\"canonical\" href=\"https:\/\/www.gaveanews.com\/index.php\/2025\/02\/05\/declaracao-de-mariano-recado-de-tiago-leifert-e-atacantes-acima-de-neymar-as-ultimas-noticias-do-santos\/\" \/>\n<meta property=\"og:locale\" content=\"pt_BR\" \/>\n<meta property=\"og:type\" content=\"article\" \/>\n<meta property=\"og:title\" content=\"Declara\u00e7\u00e3o de Mariano, recado de Tiago Leifert e atacantes acima de Neymar: as \u00faltimas not\u00edcias do Santos\" \/>\n<meta property=\"og:description\" content=\"Nas \u00faltimas horas, o foco das not\u00edcias sobre o Santos se concentram nos bastidores doclube, com destaques do dia a dia do time. Por conta deste contexto, leia abaixo um resumo preparado pela equipe do portal G\u00e1vea News para lhe manter muito bem informado! Atacantes acima de Neymar O retorno de Neymar ao Santos reacendeu [&hellip;]\" \/>\n<meta property=\"og:url\" content=\"https:\/\/www.gaveanews.com\/index.php\/2025\/02\/05\/declaracao-de-mariano-recado-de-tiago-leifert-e-atacantes-acima-de-neymar-as-ultimas-noticias-do-santos\/\" \/>\n<meta property=\"og:site_name\" content=\"G\u00e1vea News\" \/>\n<meta property=\"article:publisher\" content=\"https:\/\/facebook.com\/gaveaNews\/\" \/>\n<meta property=\"article:published_time\" content=\"2025-02-05T07:45:00+00:00\" \/>\n<meta property=\"og:image\" content=\"https:\/\/www.gaveanews.com\/wp-content\/uploads\/Escudo-do-Santos-2.webp\" \/>\n\t<meta property=\"og:image:width\" content=\"1424\" \/>\n\t<meta property=\"og:image:height\" content=\"949\" \/>\n\t<meta property=\"og:image:type\" content=\"image\/webp\" \/>\n<meta name=\"author\" content=\"Matheus Felipe\" \/>\n<meta name=\"twitter:card\" content=\"summary_large_image\" \/>\n<meta name=\"twitter:label1\" content=\"Escrito por\" \/>\n\t<meta name=\"twitter:data1\" content=\"Matheus Felipe\" \/>\n\t<meta name=\"twitter:label2\" content=\"Est. tempo de leitura\" \/>\n\t<meta name=\"twitter:data2\" content=\"5 minutos\" \/>\n<script type=\"application\/ld+json\" class=\"yoast-schema-graph\">{\"@context\":\"https:\/\/schema.org\",\"@graph\":[{\"@type\":\"NewsArticle\",\"@id\":\"https:\/\/www.gaveanews.com\/index.php\/2025\/02\/05\/declaracao-de-mariano-recado-de-tiago-leifert-e-atacantes-acima-de-neymar-as-ultimas-noticias-do-santos\/#article\",\"isPartOf\":{\"@id\":\"https:\/\/www.gaveanews.com\/index.php\/2025\/02\/05\/declaracao-de-mariano-recado-de-tiago-leifert-e-atacantes-acima-de-neymar-as-ultimas-noticias-do-santos\/\"},\"author\":{\"name\":\"Matheus Felipe\",\"@id\":\"https:\/\/www.gaveanews.com\/#\/schema\/person\/8207cd4627f56151707418bfc835b2fb\"},\"headline\":\"Declara\u00e7\u00e3o de Mariano, recado de Tiago Leifert e atacantes acima de Neymar: as \u00faltimas not\u00edcias do Santos\",\"datePublished\":\"2025-02-05T07:45:00+00:00\",\"mainEntityOfPage\":{\"@id\":\"https:\/\/www.gaveanews.com\/index.php\/2025\/02\/05\/declaracao-de-mariano-recado-de-tiago-leifert-e-atacantes-acima-de-neymar-as-ultimas-noticias-do-santos\/\"},\"wordCount\":700,\"commentCount\":0,\"image\":{\"@id\":\"https:\/\/www.gaveanews.com\/index.php\/2025\/02\/05\/declaracao-de-mariano-recado-de-tiago-leifert-e-atacantes-acima-de-neymar-as-ultimas-noticias-do-santos\/#primaryimage\"},\"thumbnailUrl\":\"https:\/\/www.gaveanews.com\/wp-content\/uploads\/Escudo-do-Santos-2.webp\",\"articleSection\":[\"Santos\"],\"inLanguage\":\"pt-BR\",\"potentialAction\":[{\"@type\":\"CommentAction\",\"name\":\"Comment\",\"target\":[\"https:\/\/www.gaveanews.com\/index.php\/2025\/02\/05\/declaracao-de-mariano-recado-de-tiago-leifert-e-atacantes-acima-de-neymar-as-ultimas-noticias-do-santos\/#respond\"]}],\"copyrightYear\":\"2025\",\"copyrightHolder\":{\"@id\":\"https:\/\/www.gaveanews.com\/#organization\"}},{\"@type\":\"WebPage\",\"@id\":\"https:\/\/www.gaveanews.com\/index.php\/2025\/02\/05\/declaracao-de-mariano-recado-de-tiago-leifert-e-atacantes-acima-de-neymar-as-ultimas-noticias-do-santos\/\",\"url\":\"https:\/\/www.gaveanews.com\/index.php\/2025\/02\/05\/declaracao-de-mariano-recado-de-tiago-leifert-e-atacantes-acima-de-neymar-as-ultimas-noticias-do-santos\/\",\"name\":\"Declara\u00e7\u00e3o de Mariano, recado de Tiago Leifert e atacantes acima de Neymar: as \u00faltimas not\u00edcias do Santos\",\"isPartOf\":{\"@id\":\"https:\/\/www.gaveanews.com\/#website\"},\"primaryImageOfPage\":{\"@id\":\"https:\/\/www.gaveanews.com\/index.php\/2025\/02\/05\/declaracao-de-mariano-recado-de-tiago-leifert-e-atacantes-acima-de-neymar-as-ultimas-noticias-do-santos\/#primaryimage\"},\"image\":{\"@id\":\"https:\/\/www.gaveanews.com\/index.php\/2025\/02\/05\/declaracao-de-mariano-recado-de-tiago-leifert-e-atacantes-acima-de-neymar-as-ultimas-noticias-do-santos\/#primaryimage\"},\"thumbnailUrl\":\"https:\/\/www.gaveanews.com\/wp-content\/uploads\/Escudo-do-Santos-2.webp\",\"datePublished\":\"2025-02-05T07:45:00+00:00\",\"author\":{\"@id\":\"https:\/\/www.gaveanews.com\/#\/schema\/person\/8207cd4627f56151707418bfc835b2fb\"},\"breadcrumb\":{\"@id\":\"https:\/\/www.gaveanews.com\/index.php\/2025\/02\/05\/declaracao-de-mariano-recado-de-tiago-leifert-e-atacantes-acima-de-neymar-as-ultimas-noticias-do-santos\/#breadcrumb\"},\"inLanguage\":\"pt-BR\",\"potentialAction\":[{\"@type\":\"ReadAction\",\"target\":[\"https:\/\/www.gaveanews.com\/index.php\/2025\/02\/05\/declaracao-de-mariano-recado-de-tiago-leifert-e-atacantes-acima-de-neymar-as-ultimas-noticias-do-santos\/\"]}]},{\"@type\":\"ImageObject\",\"inLanguage\":\"pt-BR\",\"@id\":\"https:\/\/www.gaveanews.com\/index.php\/2025\/02\/05\/declaracao-de-mariano-recado-de-tiago-leifert-e-atacantes-acima-de-neymar-as-ultimas-noticias-do-santos\/#primaryimage\",\"url\":\"https:\/\/www.gaveanews.com\/wp-content\/uploads\/Escudo-do-Santos-2.webp\",\"contentUrl\":\"https:\/\/www.gaveanews.com\/wp-content\/uploads\/Escudo-do-Santos-2.webp\",\"width\":1424,\"height\":949,\"caption\":\"Escudo do Santos (Foto: Raul Baretta\/Santos FC)\"},{\"@type\":\"BreadcrumbList\",\"@id\":\"https:\/\/www.gaveanews.com\/index.php\/2025\/02\/05\/declaracao-de-mariano-recado-de-tiago-leifert-e-atacantes-acima-de-neymar-as-ultimas-noticias-do-santos\/#breadcrumb\",\"itemListElement\":[{\"@type\":\"ListItem\",\"position\":1,\"name\":\"Home\",\"item\":\"https:\/\/www.gaveanews.com\/\"},{\"@type\":\"ListItem\",\"position\":2,\"name\":\"Declara\u00e7\u00e3o de Mariano, recado de Tiago Leifert e atacantes acima de Neymar: as \u00faltimas not\u00edcias do Santos\"}]},{\"@type\":\"WebSite\",\"@id\":\"https:\/\/www.gaveanews.com\/#website\",\"url\":\"https:\/\/www.gaveanews.com\/\",\"name\":\"G\u00e1vea News\",\"description\":\"Veja todas as not\u00edcias sobre o Flamengo: Contrata\u00e7\u00f5es, categorias de base, resultados das partidas, tabela de classifica\u00e7\u00e3o, pr\u00f3ximos jogos!\",\"potentialAction\":[{\"@type\":\"SearchAction\",\"target\":{\"@type\":\"EntryPoint\",\"urlTemplate\":\"https:\/\/www.gaveanews.com\/?s={search_term_string}\"},\"query-input\":{\"@type\":\"PropertyValueSpecification\",\"valueRequired\":true,\"valueName\":\"search_term_string\"}}],\"inLanguage\":\"pt-BR\"},{\"@type\":\"Person\",\"@id\":\"https:\/\/www.gaveanews.com\/#\/schema\/person\/8207cd4627f56151707418bfc835b2fb\",\"name\":\"Matheus Felipe\",\"image\":{\"@type\":\"ImageObject\",\"inLanguage\":\"pt-BR\",\"@id\":\"https:\/\/www.gaveanews.com\/#\/schema\/person\/image\/\",\"url\":\"https:\/\/secure.gravatar.com\/avatar\/a452ffbed9130f726358b298bb3a99ce4bd3c5338411f8440e87e14d74c7c087?s=96&d=mm&r=g\",\"contentUrl\":\"https:\/\/secure.gravatar.com\/avatar\/a452ffbed9130f726358b298bb3a99ce4bd3c5338411f8440e87e14d74c7c087?s=96&d=mm&r=g\",\"caption\":\"Matheus Felipe\"}}]}<\/script>\n<!-- \/ Yoast SEO Premium plugin. -->","yoast_head_json":{"title":"Declara\u00e7\u00e3o de Mariano, recado de Tiago Leifert e atacantes acima de Neymar: as \u00faltimas not\u00edcias do Santos","robots":{"index":"index","follow":"follow","max-snippet":"max-snippet:-1","max-image-preview":"max-image-preview:large","max-video-preview":"max-video-preview:-1"},"canonical":"https:\/\/www.gaveanews.com\/index.php\/2025\/02\/05\/declaracao-de-mariano-recado-de-tiago-leifert-e-atacantes-acima-de-neymar-as-ultimas-noticias-do-santos\/","og_locale":"pt_BR","og_type":"article","og_title":"Declara\u00e7\u00e3o de Mariano, recado de Tiago Leifert e atacantes acima de Neymar: as \u00faltimas not\u00edcias do Santos","og_description":"Nas \u00faltimas horas, o foco das not\u00edcias sobre o Santos se concentram nos bastidores doclube, com destaques do dia a dia do time. Por conta deste contexto, leia abaixo um resumo preparado pela equipe do portal G\u00e1vea News para lhe manter muito bem informado! Atacantes acima de Neymar O retorno de Neymar ao Santos reacendeu [&hellip;]","og_url":"https:\/\/www.gaveanews.com\/index.php\/2025\/02\/05\/declaracao-de-mariano-recado-de-tiago-leifert-e-atacantes-acima-de-neymar-as-ultimas-noticias-do-santos\/","og_site_name":"G\u00e1vea News","article_publisher":"https:\/\/facebook.com\/gaveaNews\/","article_published_time":"2025-02-05T07:45:00+00:00","og_image":[{"width":1424,"height":949,"url":"https:\/\/www.gaveanews.com\/wp-content\/uploads\/Escudo-do-Santos-2.webp","type":"image\/webp"}],"author":"Matheus Felipe","twitter_card":"summary_large_image","twitter_misc":{"Escrito por":"Matheus Felipe","Est. tempo de leitura":"5 minutos"},"schema":{"@context":"https:\/\/schema.org","@graph":[{"@type":"NewsArticle","@id":"https:\/\/www.gaveanews.com\/index.php\/2025\/02\/05\/declaracao-de-mariano-recado-de-tiago-leifert-e-atacantes-acima-de-neymar-as-ultimas-noticias-do-santos\/#article","isPartOf":{"@id":"https:\/\/www.gaveanews.com\/index.php\/2025\/02\/05\/declaracao-de-mariano-recado-de-tiago-leifert-e-atacantes-acima-de-neymar-as-ultimas-noticias-do-santos\/"},"author":{"name":"Matheus Felipe","@id":"https:\/\/www.gaveanews.com\/#\/schema\/person\/8207cd4627f56151707418bfc835b2fb"},"headline":"Declara\u00e7\u00e3o de Mariano, recado de Tiago Leifert e atacantes acima de Neymar: as \u00faltimas not\u00edcias do Santos","datePublished":"2025-02-05T07:45:00+00:00","mainEntityOfPage":{"@id":"https:\/\/www.gaveanews.com\/index.php\/2025\/02\/05\/declaracao-de-mariano-recado-de-tiago-leifert-e-atacantes-acima-de-neymar-as-ultimas-noticias-do-santos\/"},"wordCount":700,"commentCount":0,"image":{"@id":"https:\/\/www.gaveanews.com\/index.php\/2025\/02\/05\/declaracao-de-mariano-recado-de-tiago-leifert-e-atacantes-acima-de-neymar-as-ultimas-noticias-do-santos\/#primaryimage"},"thumbnailUrl":"https:\/\/www.gaveanews.com\/wp-content\/uploads\/Escudo-do-Santos-2.webp","articleSection":["Santos"],"inLanguage":"pt-BR","potentialAction":[{"@type":"CommentAction","name":"Comment","target":["https:\/\/www.gaveanews.com\/index.php\/2025\/02\/05\/declaracao-de-mariano-recado-de-tiago-leifert-e-atacantes-acima-de-neymar-as-ultimas-noticias-do-santos\/#respond"]}],"copyrightYear":"2025","copyrightHolder":{"@id":"https:\/\/www.gaveanews.com\/#organization"}},{"@type":"WebPage","@id":"https:\/\/www.gaveanews.com\/index.php\/2025\/02\/05\/declaracao-de-mariano-recado-de-tiago-leifert-e-atacantes-acima-de-neymar-as-ultimas-noticias-do-santos\/","url":"https:\/\/www.gaveanews.com\/index.php\/2025\/02\/05\/declaracao-de-mariano-recado-de-tiago-leifert-e-atacantes-acima-de-neymar-as-ultimas-noticias-do-santos\/","name":"Declara\u00e7\u00e3o de Mariano, recado de Tiago Leifert e atacantes acima de Neymar: as \u00faltimas not\u00edcias do Santos","isPartOf":{"@id":"https:\/\/www.gaveanews.com\/#website"},"primaryImageOfPage":{"@id":"https:\/\/www.gaveanews.com\/index.php\/2025\/02\/05\/declaracao-de-mariano-recado-de-tiago-leifert-e-atacantes-acima-de-neymar-as-ultimas-noticias-do-santos\/#primaryimage"},"image":{"@id":"https:\/\/www.gaveanews.com\/index.php\/2025\/02\/05\/declaracao-de-mariano-recado-de-tiago-leifert-e-atacantes-acima-de-neymar-as-ultimas-noticias-do-santos\/#primaryimage"},"thumbnailUrl":"https:\/\/www.gaveanews.com\/wp-content\/uploads\/Escudo-do-Santos-2.webp","datePublished":"2025-02-05T07:45:00+00:00","author":{"@id":"https:\/\/www.gaveanews.com\/#\/schema\/person\/8207cd4627f56151707418bfc835b2fb"},"breadcrumb":{"@id":"https:\/\/www.gaveanews.com\/index.php\/2025\/02\/05\/declaracao-de-mariano-recado-de-tiago-leifert-e-atacantes-acima-de-neymar-as-ultimas-noticias-do-santos\/#breadcrumb"},"inLanguage":"pt-BR","potentialAction":[{"@type":"ReadAction","target":["https:\/\/www.gaveanews.com\/index.php\/2025\/02\/05\/declaracao-de-mariano-recado-de-tiago-leifert-e-atacantes-acima-de-neymar-as-ultimas-noticias-do-santos\/"]}]},{"@type":"ImageObject","inLanguage":"pt-BR","@id":"https:\/\/www.gaveanews.com\/index.php\/2025\/02\/05\/declaracao-de-mariano-recado-de-tiago-leifert-e-atacantes-acima-de-neymar-as-ultimas-noticias-do-santos\/#primaryimage","url":"https:\/\/www.gaveanews.com\/wp-content\/uploads\/Escudo-do-Santos-2.webp","contentUrl":"https:\/\/www.gaveanews.com\/wp-content\/uploads\/Escudo-do-Santos-2.webp","width":1424,"height":949,"caption":"Escudo do Santos (Foto: Raul Baretta\/Santos FC)"},{"@type":"BreadcrumbList","@id":"https:\/\/www.gaveanews.com\/index.php\/2025\/02\/05\/declaracao-de-mariano-recado-de-tiago-leifert-e-atacantes-acima-de-neymar-as-ultimas-noticias-do-santos\/#breadcrumb","itemListElement":[{"@type":"ListItem","position":1,"name":"Home","item":"https:\/\/www.gaveanews.com\/"},{"@type":"ListItem","position":2,"name":"Declara\u00e7\u00e3o de Mariano, recado de Tiago Leifert e atacantes acima de Neymar: as \u00faltimas not\u00edcias do Santos"}]},{"@type":"WebSite","@id":"https:\/\/www.gaveanews.com\/#website","url":"https:\/\/www.gaveanews.com\/","name":"G\u00e1vea News","description":"Veja todas as not\u00edcias sobre o Flamengo: Contrata\u00e7\u00f5es, categorias de base, resultados das partidas, tabela de classifica\u00e7\u00e3o, pr\u00f3ximos jogos!","potentialAction":[{"@type":"SearchAction","target":{"@type":"EntryPoint","urlTemplate":"https:\/\/www.gaveanews.com\/?s={search_term_string}"},"query-input":{"@type":"PropertyValueSpecification","valueRequired":true,"valueName":"search_term_string"}}],"inLanguage":"pt-BR"},{"@type":"Person","@id":"https:\/\/www.gaveanews.com\/#\/schema\/person\/8207cd4627f56151707418bfc835b2fb","name":"Matheus Felipe","image":{"@type":"ImageObject","inLanguage":"pt-BR","@id":"https:\/\/www.gaveanews.com\/#\/schema\/person\/image\/","url":"https:\/\/secure.gravatar.com\/avatar\/a452ffbed9130f726358b298bb3a99ce4bd3c5338411f8440e87e14d74c7c087?s=96&d=mm&r=g","contentUrl":"https:\/\/secure.gravatar.com\/avatar\/a452ffbed9130f726358b298bb3a99ce4bd3c5338411f8440e87e14d74c7c087?s=96&d=mm&r=g","caption":"Matheus Felipe"}}]}},"_links":{"self":[{"href":"https:\/\/www.gaveanews.com\/index.php\/wp-json\/wp\/v2\/posts\/223262","targetHints":{"allow":["GET"]}}],"collection":[{"href":"https:\/\/www.gaveanews.com\/index.php\/wp-json\/wp\/v2\/posts"}],"about":[{"href":"https:\/\/www.gaveanews.com\/index.php\/wp-json\/wp\/v2\/types\/post"}],"author":[{"embeddable":true,"href":"https:\/\/www.gaveanews.com\/index.php\/wp-json\/wp\/v2\/users\/27"}],"replies":[{"embeddable":true,"href":"https:\/\/www.gaveanews.com\/index.php\/wp-json\/wp\/v2\/comments?post=223262"}],"version-history":[{"count":1,"href":"https:\/\/www.gaveanews.com\/index.php\/wp-json\/wp\/v2\/posts\/223262\/revisions"}],"predecessor-version":[{"id":223266,"href":"https:\/\/www.gaveanews.com\/index.php\/wp-json\/wp\/v2\/posts\/223262\/revisions\/223266"}],"wp:featuredmedia":[{"embeddable":true,"href":"https:\/\/www.gaveanews.com\/index.php\/wp-json\/wp\/v2\/media\/165619"}],"wp:attachment":[{"href":"https:\/\/www.gaveanews.com\/index.php\/wp-json\/wp\/v2\/media?parent=223262"}],"wp:term":[{"taxonomy":"category","embeddable":true,"href":"https:\/\/www.gaveanews.com\/index.php\/wp-json\/wp\/v2\/categories?post=223262"},{"taxonomy":"post_tag","embeddable":true,"href":"https:\/\/www.gaveanews.com\/index.php\/wp-json\/wp\/v2\/tags?post=223262"}],"curies":[{"name":"wp","href":"https:\/\/api.w.org\/{rel}","templated":true}]}}