{"id":223269,"date":"2025-02-05T04:50:00","date_gmt":"2025-02-05T07:50:00","guid":{"rendered":"https:\/\/www.gaveanews.com\/?p=223269"},"modified":"2025-02-04T20:36:32","modified_gmt":"2025-02-04T23:36:32","slug":"oportunidade-para-endrick-problema-para-ancelotti-e-recado-para-cristiano-ronaldo-as-ultimas-noticias-do-real-madrid","status":"publish","type":"post","link":"https:\/\/www.gaveanews.com\/index.php\/2025\/02\/05\/oportunidade-para-endrick-problema-para-ancelotti-e-recado-para-cristiano-ronaldo-as-ultimas-noticias-do-real-madrid\/","title":{"rendered":"Oportunidade para Endrick, problema para Ancelotti e recado para Cristiano Ronaldo: as \u00faltimas not\u00edcias do Real Madrid"},"content":{"rendered":"\n<p>Nas \u00faltimas horas, o foco das not\u00edcias sobre o Real Madrid se concentram nos bastidores do<br>clube, com destaques do dia a dia do time.<\/p>\n\n\n\n<p>Por conta deste contexto, leia abaixo um resumo preparado pela equipe do portal G\u00e1vea News para lhe manter muito bem informado!<\/p>\n\n\n\n<h2 class=\"wp-block-heading\" id=\"h-recado-para-cristiano-ronaldo\">Recado para Cristiano Ronaldo<\/h2>\n\n\n\n<p>O t\u00e9cnico Carlo Ancelotti relembrou sua parceria com Cristiano Ronaldo no Real Madrid, destacando a import\u00e2ncia do portugu\u00eas para o sucesso da equipe entre 2013 e 2015. Em entrevista coletiva antes do duelo contra o Legan\u00e9s pela Copa do Rei, Ancelotti afirmou que Ronaldo foi o melhor jogador com quem trabalhou e ressaltou a tranquilidade que o craque proporcionava ao comando do time com seus gols decisivos <strong><a href=\"https:\/\/www.gaveanews.com\/index.php\/2025\/02\/04\/real-madrid-a-declaracao-de-ancelotti-direcionada-a-cristiano-ronaldo\/\">(leia a mat\u00e9ria completa).<\/a><\/strong><\/p>\n\n\n\n<figure class=\"wp-block-image size-full\"><img loading=\"lazy\" decoding=\"async\" width=\"640\" height=\"480\" src=\"http:\/\/www.gaveanews.com\/wp-content\/uploads\/Ronaldo-Fenomeno-durante-premiacao-da-FIFA.webp\" alt=\"\" class=\"wp-image-157476\" srcset=\"https:\/\/www.gaveanews.com\/wp-content\/uploads\/Ronaldo-Fenomeno-durante-premiacao-da-FIFA.webp 640w, https:\/\/www.gaveanews.com\/wp-content\/uploads\/Ronaldo-Fenomeno-durante-premiacao-da-FIFA-300x225.webp 300w, https:\/\/www.gaveanews.com\/wp-content\/uploads\/Ronaldo-Fenomeno-durante-premiacao-da-FIFA-560x420.webp 560w, https:\/\/www.gaveanews.com\/wp-content\/uploads\/Ronaldo-Fenomeno-durante-premiacao-da-FIFA-80x60.webp 80w, https:\/\/www.gaveanews.com\/wp-content\/uploads\/Ronaldo-Fenomeno-durante-premiacao-da-FIFA-160x120.webp 160w, https:\/\/www.gaveanews.com\/wp-content\/uploads\/Ronaldo-Fenomeno-durante-premiacao-da-FIFA-100x75.webp 100w, https:\/\/www.gaveanews.com\/wp-content\/uploads\/Ronaldo-Fenomeno-durante-premiacao-da-FIFA-200x150.webp 200w, https:\/\/www.gaveanews.com\/wp-content\/uploads\/Ronaldo-Fenomeno-durante-premiacao-da-FIFA-180x135.webp 180w, https:\/\/www.gaveanews.com\/wp-content\/uploads\/Ronaldo-Fenomeno-durante-premiacao-da-FIFA-360x270.webp 360w, https:\/\/www.gaveanews.com\/wp-content\/uploads\/Ronaldo-Fenomeno-durante-premiacao-da-FIFA-238x178.webp 238w, https:\/\/www.gaveanews.com\/wp-content\/uploads\/Ronaldo-Fenomeno-durante-premiacao-da-FIFA-476x356.webp 476w\" sizes=\"auto, (max-width: 640px) 100vw, 640px\" \/><figcaption class=\"wp-element-caption\">Ronaldo Fen\u00f4meno durante premia\u00e7\u00e3o da FIFA (Foto: Reprodu\u00e7\u00e3o)<\/figcaption><\/figure>\n\n\n\n<p>Durante o per\u00edodo em que estiveram juntos, o Real Madrid conquistou t\u00edtulos importantes, incluindo a Liga dos Campe\u00f5es, o Mundial de Clubes, a Supercopa Europeia e a Copa do Rei. <\/p>\n\n\n\n<p>A sinergia entre treinador e jogador fortaleceu a identidade vencedora do clube, consolidando sua posi\u00e7\u00e3o de destaque no futebol mundial. Ancelotti enfatizou que a efici\u00eancia ofensiva e a solidez defensiva foram fundamentais para potencializar o desempenho de Ronaldo.<\/p>\n\n\n\n<p>Al\u00e9m dos t\u00edtulos, Ancelotti destacou que o legado de Cristiano no Real Madrid vai al\u00e9m das conquistas, influenciando o estilo de jogo e a mentalidade vencedora da equipe. Mesmo atuando atualmente no Al-Nassr, Ronaldo continua sendo uma refer\u00eancia para o futebol e um dos maiores \u00eddolos da hist\u00f3ria merengue. O treinador encerrou sua fala refor\u00e7ando a admira\u00e7\u00e3o pelo craque e seu impacto duradouro no clube espanhol.<\/p>\n\n\n\n<h2 class=\"wp-block-heading\" id=\"h-problema-para-ancelotti\">Problema para Ancelotti<\/h2>\n\n\n\n<p>Carlo Ancelotti enfrenta press\u00e3o no Real Madrid devido a decis\u00f5es contestadas sobre o elenco, e uma das principais cr\u00edticas envolve a falta de oportunidades para Endrick. O jovem brasileiro j\u00e1 demonstrou seu talento, marcando gols decisivos, como na vit\u00f3ria contra o Celta de Vigo, mas continua recebendo poucos minutos em campo. Torcedores e jornalistas n\u00e3o compreendem por que o t\u00e9cnico ainda n\u00e3o confia mais no atacante <strong><a href=\"https:\/\/www.gaveanews.com\/index.php\/2025\/02\/04\/situacao-de-endrick-causa-problemao-para-ancelotti-no-real-madrid\/\">(leia a mat\u00e9ria completa).<\/a><\/strong><\/p>\n\n\n\n<figure class=\"wp-block-image size-full\"><img loading=\"lazy\" decoding=\"async\" width=\"984\" height=\"678\" src=\"http:\/\/www.gaveanews.com\/wp-content\/uploads\/2023-04-29t184531z-1598421574-up1ej4t1g3tth-rtrmadp-3-soccer-spain-mad-uda-report.webp\" alt=\"\" class=\"wp-image-119629\" srcset=\"https:\/\/www.gaveanews.com\/wp-content\/uploads\/2023-04-29t184531z-1598421574-up1ej4t1g3tth-rtrmadp-3-soccer-spain-mad-uda-report.webp 984w, https:\/\/www.gaveanews.com\/wp-content\/uploads\/2023-04-29t184531z-1598421574-up1ej4t1g3tth-rtrmadp-3-soccer-spain-mad-uda-report-300x207.webp 300w, https:\/\/www.gaveanews.com\/wp-content\/uploads\/2023-04-29t184531z-1598421574-up1ej4t1g3tth-rtrmadp-3-soccer-spain-mad-uda-report-768x529.webp 768w, https:\/\/www.gaveanews.com\/wp-content\/uploads\/2023-04-29t184531z-1598421574-up1ej4t1g3tth-rtrmadp-3-soccer-spain-mad-uda-report-610x420.webp 610w, https:\/\/www.gaveanews.com\/wp-content\/uploads\/2023-04-29t184531z-1598421574-up1ej4t1g3tth-rtrmadp-3-soccer-spain-mad-uda-report-640x441.webp 640w, https:\/\/www.gaveanews.com\/wp-content\/uploads\/2023-04-29t184531z-1598421574-up1ej4t1g3tth-rtrmadp-3-soccer-spain-mad-uda-report-681x469.webp 681w, https:\/\/www.gaveanews.com\/wp-content\/uploads\/2023-04-29t184531z-1598421574-up1ej4t1g3tth-rtrmadp-3-soccer-spain-mad-uda-report-100x69.webp 100w\" sizes=\"auto, (max-width: 984px) 100vw, 984px\" \/><figcaption class=\"wp-element-caption\">Carlo Ancelotti, t\u00e9cnico do Real Madrid (Foto: Reuters)<\/figcaption><\/figure>\n\n\n\n<p>Outro problema para Ancelotti \u00e9 a zaga, especialmente na partida contra o Manchester City pela Champions League, onde precisar\u00e1 improvisar Tchouam\u00e9ni na defesa devido \u00e0 aus\u00eancia de R\u00fcdiger. Apesar da presen\u00e7a de Jesus Vallejo no elenco, o treinador insiste em n\u00e3o utiliz\u00e1-lo, o que aumenta as cr\u00edticas sobre suas escolhas. A falta de um setor defensivo s\u00f3lido gera preocupa\u00e7\u00e3o para os torcedores merengues.<\/p>\n\n\n\n<p>Com a reta final da temporada se aproximando, Ancelotti precisar\u00e1 encontrar solu\u00e7\u00f5es tanto para os problemas defensivos quanto para a utiliza\u00e7\u00e3o de Endrick. Se as cr\u00edticas continuarem e os resultados n\u00e3o corresponderem \u00e0s expectativas, a perman\u00eancia do treinador no comando do Real Madrid pode ser colocada em xeque.<\/p>\n\n\n\n<h2 class=\"wp-block-heading\" id=\"h-oportunidade-para-endrick\">Oportunidade para Endrick<\/h2>\n\n\n\n<p>Carlo Ancelotti pode dar a Endrick sua primeira grande oportunidade como titular no Real Madrid. Com as aus\u00eancias de Mbapp\u00e9 e Bellingham, que est\u00e3o fora do jogo contra o Legan\u00e9s pelas quartas de final da Copa do Rei, o t\u00e9cnico italiano cogita escalar o jovem brasileiro no ataque. Al\u00e9m de Endrick, o turco Arda G\u00fcller tamb\u00e9m pode ganhar espa\u00e7o na equipe, j\u00e1 que ambos se destacaram na vit\u00f3ria sobre o Celta nas oitavas de final<strong>.<\/strong><\/p>\n\n\n\n<figure class=\"wp-block-image size-large\"><img loading=\"lazy\" decoding=\"async\" width=\"1024\" height=\"576\" src=\"http:\/\/www.gaveanews.com\/wp-content\/uploads\/endrick_-_real_madrid_1.jpg_554688468-1024x576.webp\" alt=\"\" class=\"wp-image-161086\" srcset=\"https:\/\/www.gaveanews.com\/wp-content\/uploads\/endrick_-_real_madrid_1.jpg_554688468-1024x576.webp 1024w, https:\/\/www.gaveanews.com\/wp-content\/uploads\/endrick_-_real_madrid_1.jpg_554688468-300x169.webp 300w, https:\/\/www.gaveanews.com\/wp-content\/uploads\/endrick_-_real_madrid_1.jpg_554688468-768x432.webp 768w, https:\/\/www.gaveanews.com\/wp-content\/uploads\/endrick_-_real_madrid_1.jpg_554688468-747x420.webp 747w, https:\/\/www.gaveanews.com\/wp-content\/uploads\/endrick_-_real_madrid_1.jpg_554688468-640x360.webp 640w, https:\/\/www.gaveanews.com\/wp-content\/uploads\/endrick_-_real_madrid_1.jpg_554688468-681x383.webp 681w, https:\/\/www.gaveanews.com\/wp-content\/uploads\/endrick_-_real_madrid_1.jpg_554688468-100x56.webp 100w, https:\/\/www.gaveanews.com\/wp-content\/uploads\/endrick_-_real_madrid_1.jpg_554688468.webp 1200w\" sizes=\"auto, (max-width: 1024px) 100vw, 1024px\" \/><figcaption class=\"wp-element-caption\">Endrick marcou seu primeiro gol pelo Real Madrid &#8211; Angel Martinez (2024 Getty Images, Getty Images Europe)\n<\/figcaption><\/figure>\n\n\n\n<p>A escolha por Endrick e G\u00fcller faz sentido para Ancelotti, que busca manter um perfil ofensivo no time. Os dois jogadores s\u00e3o \u00e1geis, habilidosos e t\u00eam demonstrado potencial nos treinamentos. O treinador explicou que Mbapp\u00e9 n\u00e3o estar\u00e1 dispon\u00edvel devido a um hematoma na panturrilha, enquanto Bellingham ser\u00e1 preservado para o cl\u00e1ssico contra o Atl\u00e9tico de Madrid e o confronto com o Manchester City pela Liga dos Campe\u00f5es.<\/p>\n\n\n\n<p>Al\u00e9m disso, o Real Madrid entrou com um protesto formal contra a arbitragem do jogo contra o Espanyol, reclamando da entrada dura de Carlos Romero em Mbapp\u00e9. O clube considera que o lance, que rendeu apenas um cart\u00e3o amarelo ao advers\u00e1rio, influenciou diretamente na partida, vencida pelo Espanyol por 1 a 0.<\/p>\n","protected":false},"excerpt":{"rendered":"<p>Nas \u00faltimas horas, o foco das not\u00edcias sobre o Real Madrid se concentram nos bastidores doclube, com destaques do dia a dia do time. Por conta deste contexto, leia abaixo um resumo preparado pela equipe do portal G\u00e1vea News para lhe manter muito bem informado! Recado para Cristiano Ronaldo O t\u00e9cnico Carlo Ancelotti relembrou sua [&hellip;]<\/p>\n","protected":false},"author":27,"featured_media":124645,"comment_status":"open","ping_status":"closed","sticky":false,"template":"","format":"standard","meta":{"footnotes":""},"categories":[88],"tags":[],"class_list":["post-223269","post","type-post","status-publish","format-standard","has-post-thumbnail","hentry","category-real-madrid"],"yoast_head":"<!-- This site is optimized with the Yoast SEO Premium plugin v24.2 (Yoast SEO v26.9) - https:\/\/yoast.com\/product\/yoast-seo-premium-wordpress\/ -->\n<title>Oportunidade para Endrick, problema para Ancelotti e recado para Cristiano Ronaldo: as \u00faltimas not\u00edcias do Real Madrid<\/title>\n<meta name=\"robots\" content=\"index, follow, max-snippet:-1, max-image-preview:large, max-video-preview:-1\" \/>\n<link rel=\"canonical\" href=\"https:\/\/www.gaveanews.com\/index.php\/2025\/02\/05\/oportunidade-para-endrick-problema-para-ancelotti-e-recado-para-cristiano-ronaldo-as-ultimas-noticias-do-real-madrid\/\" \/>\n<meta property=\"og:locale\" content=\"pt_BR\" \/>\n<meta property=\"og:type\" content=\"article\" \/>\n<meta property=\"og:title\" content=\"Oportunidade para Endrick, problema para Ancelotti e recado para Cristiano Ronaldo: as \u00faltimas not\u00edcias do Real Madrid\" \/>\n<meta property=\"og:description\" content=\"Nas \u00faltimas horas, o foco das not\u00edcias sobre o Real Madrid se concentram nos bastidores doclube, com destaques do dia a dia do time. Por conta deste contexto, leia abaixo um resumo preparado pela equipe do portal G\u00e1vea News para lhe manter muito bem informado! Recado para Cristiano Ronaldo O t\u00e9cnico Carlo Ancelotti relembrou sua [&hellip;]\" \/>\n<meta property=\"og:url\" content=\"https:\/\/www.gaveanews.com\/index.php\/2025\/02\/05\/oportunidade-para-endrick-problema-para-ancelotti-e-recado-para-cristiano-ronaldo-as-ultimas-noticias-do-real-madrid\/\" \/>\n<meta property=\"og:site_name\" content=\"G\u00e1vea News\" \/>\n<meta property=\"article:publisher\" content=\"https:\/\/facebook.com\/gaveaNews\/\" \/>\n<meta property=\"article:published_time\" content=\"2025-02-05T07:50:00+00:00\" \/>\n<meta property=\"og:image\" content=\"https:\/\/www.gaveanews.com\/wp-content\/uploads\/realmadrid.webp\" \/>\n\t<meta property=\"og:image:width\" content=\"1200\" \/>\n\t<meta property=\"og:image:height\" content=\"900\" \/>\n\t<meta property=\"og:image:type\" content=\"image\/jpeg\" \/>\n<meta name=\"author\" content=\"Matheus Felipe\" \/>\n<meta name=\"twitter:card\" content=\"summary_large_image\" \/>\n<meta name=\"twitter:label1\" content=\"Escrito por\" \/>\n\t<meta name=\"twitter:data1\" content=\"Matheus Felipe\" \/>\n\t<meta name=\"twitter:label2\" content=\"Est. tempo de leitura\" \/>\n\t<meta name=\"twitter:data2\" content=\"5 minutos\" \/>\n<script type=\"application\/ld+json\" class=\"yoast-schema-graph\">{\"@context\":\"https:\/\/schema.org\",\"@graph\":[{\"@type\":\"NewsArticle\",\"@id\":\"https:\/\/www.gaveanews.com\/index.php\/2025\/02\/05\/oportunidade-para-endrick-problema-para-ancelotti-e-recado-para-cristiano-ronaldo-as-ultimas-noticias-do-real-madrid\/#article\",\"isPartOf\":{\"@id\":\"https:\/\/www.gaveanews.com\/index.php\/2025\/02\/05\/oportunidade-para-endrick-problema-para-ancelotti-e-recado-para-cristiano-ronaldo-as-ultimas-noticias-do-real-madrid\/\"},\"author\":{\"name\":\"Matheus Felipe\",\"@id\":\"https:\/\/www.gaveanews.com\/#\/schema\/person\/8207cd4627f56151707418bfc835b2fb\"},\"headline\":\"Oportunidade para Endrick, problema para Ancelotti e recado para Cristiano Ronaldo: as \u00faltimas not\u00edcias do Real Madrid\",\"datePublished\":\"2025-02-05T07:50:00+00:00\",\"mainEntityOfPage\":{\"@id\":\"https:\/\/www.gaveanews.com\/index.php\/2025\/02\/05\/oportunidade-para-endrick-problema-para-ancelotti-e-recado-para-cristiano-ronaldo-as-ultimas-noticias-do-real-madrid\/\"},\"wordCount\":744,\"commentCount\":0,\"image\":{\"@id\":\"https:\/\/www.gaveanews.com\/index.php\/2025\/02\/05\/oportunidade-para-endrick-problema-para-ancelotti-e-recado-para-cristiano-ronaldo-as-ultimas-noticias-do-real-madrid\/#primaryimage\"},\"thumbnailUrl\":\"https:\/\/www.gaveanews.com\/wp-content\/uploads\/realmadrid.webp\",\"articleSection\":[\"Real Madrid\"],\"inLanguage\":\"pt-BR\",\"potentialAction\":[{\"@type\":\"CommentAction\",\"name\":\"Comment\",\"target\":[\"https:\/\/www.gaveanews.com\/index.php\/2025\/02\/05\/oportunidade-para-endrick-problema-para-ancelotti-e-recado-para-cristiano-ronaldo-as-ultimas-noticias-do-real-madrid\/#respond\"]}],\"copyrightYear\":\"2025\",\"copyrightHolder\":{\"@id\":\"https:\/\/www.gaveanews.com\/#organization\"}},{\"@type\":\"WebPage\",\"@id\":\"https:\/\/www.gaveanews.com\/index.php\/2025\/02\/05\/oportunidade-para-endrick-problema-para-ancelotti-e-recado-para-cristiano-ronaldo-as-ultimas-noticias-do-real-madrid\/\",\"url\":\"https:\/\/www.gaveanews.com\/index.php\/2025\/02\/05\/oportunidade-para-endrick-problema-para-ancelotti-e-recado-para-cristiano-ronaldo-as-ultimas-noticias-do-real-madrid\/\",\"name\":\"Oportunidade para Endrick, problema para Ancelotti e recado para Cristiano Ronaldo: as \u00faltimas not\u00edcias do Real Madrid\",\"isPartOf\":{\"@id\":\"https:\/\/www.gaveanews.com\/#website\"},\"primaryImageOfPage\":{\"@id\":\"https:\/\/www.gaveanews.com\/index.php\/2025\/02\/05\/oportunidade-para-endrick-problema-para-ancelotti-e-recado-para-cristiano-ronaldo-as-ultimas-noticias-do-real-madrid\/#primaryimage\"},\"image\":{\"@id\":\"https:\/\/www.gaveanews.com\/index.php\/2025\/02\/05\/oportunidade-para-endrick-problema-para-ancelotti-e-recado-para-cristiano-ronaldo-as-ultimas-noticias-do-real-madrid\/#primaryimage\"},\"thumbnailUrl\":\"https:\/\/www.gaveanews.com\/wp-content\/uploads\/realmadrid.webp\",\"datePublished\":\"2025-02-05T07:50:00+00:00\",\"author\":{\"@id\":\"https:\/\/www.gaveanews.com\/#\/schema\/person\/8207cd4627f56151707418bfc835b2fb\"},\"breadcrumb\":{\"@id\":\"https:\/\/www.gaveanews.com\/index.php\/2025\/02\/05\/oportunidade-para-endrick-problema-para-ancelotti-e-recado-para-cristiano-ronaldo-as-ultimas-noticias-do-real-madrid\/#breadcrumb\"},\"inLanguage\":\"pt-BR\",\"potentialAction\":[{\"@type\":\"ReadAction\",\"target\":[\"https:\/\/www.gaveanews.com\/index.php\/2025\/02\/05\/oportunidade-para-endrick-problema-para-ancelotti-e-recado-para-cristiano-ronaldo-as-ultimas-noticias-do-real-madrid\/\"]}]},{\"@type\":\"ImageObject\",\"inLanguage\":\"pt-BR\",\"@id\":\"https:\/\/www.gaveanews.com\/index.php\/2025\/02\/05\/oportunidade-para-endrick-problema-para-ancelotti-e-recado-para-cristiano-ronaldo-as-ultimas-noticias-do-real-madrid\/#primaryimage\",\"url\":\"https:\/\/www.gaveanews.com\/wp-content\/uploads\/realmadrid.webp\",\"contentUrl\":\"https:\/\/www.gaveanews.com\/wp-content\/uploads\/realmadrid.webp\",\"width\":1200,\"height\":900,\"caption\":\"Escudo do Real Madrid (Foto: Reprodu\u00e7\u00e3o)\"},{\"@type\":\"BreadcrumbList\",\"@id\":\"https:\/\/www.gaveanews.com\/index.php\/2025\/02\/05\/oportunidade-para-endrick-problema-para-ancelotti-e-recado-para-cristiano-ronaldo-as-ultimas-noticias-do-real-madrid\/#breadcrumb\",\"itemListElement\":[{\"@type\":\"ListItem\",\"position\":1,\"name\":\"Home\",\"item\":\"https:\/\/www.gaveanews.com\/\"},{\"@type\":\"ListItem\",\"position\":2,\"name\":\"Oportunidade para Endrick, problema para Ancelotti e recado para Cristiano Ronaldo: as \u00faltimas not\u00edcias do Real Madrid\"}]},{\"@type\":\"WebSite\",\"@id\":\"https:\/\/www.gaveanews.com\/#website\",\"url\":\"https:\/\/www.gaveanews.com\/\",\"name\":\"G\u00e1vea News\",\"description\":\"Veja todas as not\u00edcias sobre o Flamengo: Contrata\u00e7\u00f5es, categorias de base, resultados das partidas, tabela de classifica\u00e7\u00e3o, pr\u00f3ximos jogos!\",\"potentialAction\":[{\"@type\":\"SearchAction\",\"target\":{\"@type\":\"EntryPoint\",\"urlTemplate\":\"https:\/\/www.gaveanews.com\/?s={search_term_string}\"},\"query-input\":{\"@type\":\"PropertyValueSpecification\",\"valueRequired\":true,\"valueName\":\"search_term_string\"}}],\"inLanguage\":\"pt-BR\"},{\"@type\":\"Person\",\"@id\":\"https:\/\/www.gaveanews.com\/#\/schema\/person\/8207cd4627f56151707418bfc835b2fb\",\"name\":\"Matheus Felipe\",\"image\":{\"@type\":\"ImageObject\",\"inLanguage\":\"pt-BR\",\"@id\":\"https:\/\/www.gaveanews.com\/#\/schema\/person\/image\/\",\"url\":\"https:\/\/secure.gravatar.com\/avatar\/a452ffbed9130f726358b298bb3a99ce4bd3c5338411f8440e87e14d74c7c087?s=96&d=mm&r=g\",\"contentUrl\":\"https:\/\/secure.gravatar.com\/avatar\/a452ffbed9130f726358b298bb3a99ce4bd3c5338411f8440e87e14d74c7c087?s=96&d=mm&r=g\",\"caption\":\"Matheus Felipe\"}}]}<\/script>\n<!-- \/ Yoast SEO Premium plugin. -->","yoast_head_json":{"title":"Oportunidade para Endrick, problema para Ancelotti e recado para Cristiano Ronaldo: as \u00faltimas not\u00edcias do Real Madrid","robots":{"index":"index","follow":"follow","max-snippet":"max-snippet:-1","max-image-preview":"max-image-preview:large","max-video-preview":"max-video-preview:-1"},"canonical":"https:\/\/www.gaveanews.com\/index.php\/2025\/02\/05\/oportunidade-para-endrick-problema-para-ancelotti-e-recado-para-cristiano-ronaldo-as-ultimas-noticias-do-real-madrid\/","og_locale":"pt_BR","og_type":"article","og_title":"Oportunidade para Endrick, problema para Ancelotti e recado para Cristiano Ronaldo: as \u00faltimas not\u00edcias do Real Madrid","og_description":"Nas \u00faltimas horas, o foco das not\u00edcias sobre o Real Madrid se concentram nos bastidores doclube, com destaques do dia a dia do time. Por conta deste contexto, leia abaixo um resumo preparado pela equipe do portal G\u00e1vea News para lhe manter muito bem informado! Recado para Cristiano Ronaldo O t\u00e9cnico Carlo Ancelotti relembrou sua [&hellip;]","og_url":"https:\/\/www.gaveanews.com\/index.php\/2025\/02\/05\/oportunidade-para-endrick-problema-para-ancelotti-e-recado-para-cristiano-ronaldo-as-ultimas-noticias-do-real-madrid\/","og_site_name":"G\u00e1vea News","article_publisher":"https:\/\/facebook.com\/gaveaNews\/","article_published_time":"2025-02-05T07:50:00+00:00","og_image":[{"width":1200,"height":900,"url":"https:\/\/www.gaveanews.com\/wp-content\/uploads\/realmadrid.webp","type":"image\/jpeg"}],"author":"Matheus Felipe","twitter_card":"summary_large_image","twitter_misc":{"Escrito por":"Matheus Felipe","Est. tempo de leitura":"5 minutos"},"schema":{"@context":"https:\/\/schema.org","@graph":[{"@type":"NewsArticle","@id":"https:\/\/www.gaveanews.com\/index.php\/2025\/02\/05\/oportunidade-para-endrick-problema-para-ancelotti-e-recado-para-cristiano-ronaldo-as-ultimas-noticias-do-real-madrid\/#article","isPartOf":{"@id":"https:\/\/www.gaveanews.com\/index.php\/2025\/02\/05\/oportunidade-para-endrick-problema-para-ancelotti-e-recado-para-cristiano-ronaldo-as-ultimas-noticias-do-real-madrid\/"},"author":{"name":"Matheus Felipe","@id":"https:\/\/www.gaveanews.com\/#\/schema\/person\/8207cd4627f56151707418bfc835b2fb"},"headline":"Oportunidade para Endrick, problema para Ancelotti e recado para Cristiano Ronaldo: as \u00faltimas not\u00edcias do Real Madrid","datePublished":"2025-02-05T07:50:00+00:00","mainEntityOfPage":{"@id":"https:\/\/www.gaveanews.com\/index.php\/2025\/02\/05\/oportunidade-para-endrick-problema-para-ancelotti-e-recado-para-cristiano-ronaldo-as-ultimas-noticias-do-real-madrid\/"},"wordCount":744,"commentCount":0,"image":{"@id":"https:\/\/www.gaveanews.com\/index.php\/2025\/02\/05\/oportunidade-para-endrick-problema-para-ancelotti-e-recado-para-cristiano-ronaldo-as-ultimas-noticias-do-real-madrid\/#primaryimage"},"thumbnailUrl":"https:\/\/www.gaveanews.com\/wp-content\/uploads\/realmadrid.webp","articleSection":["Real Madrid"],"inLanguage":"pt-BR","potentialAction":[{"@type":"CommentAction","name":"Comment","target":["https:\/\/www.gaveanews.com\/index.php\/2025\/02\/05\/oportunidade-para-endrick-problema-para-ancelotti-e-recado-para-cristiano-ronaldo-as-ultimas-noticias-do-real-madrid\/#respond"]}],"copyrightYear":"2025","copyrightHolder":{"@id":"https:\/\/www.gaveanews.com\/#organization"}},{"@type":"WebPage","@id":"https:\/\/www.gaveanews.com\/index.php\/2025\/02\/05\/oportunidade-para-endrick-problema-para-ancelotti-e-recado-para-cristiano-ronaldo-as-ultimas-noticias-do-real-madrid\/","url":"https:\/\/www.gaveanews.com\/index.php\/2025\/02\/05\/oportunidade-para-endrick-problema-para-ancelotti-e-recado-para-cristiano-ronaldo-as-ultimas-noticias-do-real-madrid\/","name":"Oportunidade para Endrick, problema para Ancelotti e recado para Cristiano Ronaldo: as \u00faltimas not\u00edcias do Real Madrid","isPartOf":{"@id":"https:\/\/www.gaveanews.com\/#website"},"primaryImageOfPage":{"@id":"https:\/\/www.gaveanews.com\/index.php\/2025\/02\/05\/oportunidade-para-endrick-problema-para-ancelotti-e-recado-para-cristiano-ronaldo-as-ultimas-noticias-do-real-madrid\/#primaryimage"},"image":{"@id":"https:\/\/www.gaveanews.com\/index.php\/2025\/02\/05\/oportunidade-para-endrick-problema-para-ancelotti-e-recado-para-cristiano-ronaldo-as-ultimas-noticias-do-real-madrid\/#primaryimage"},"thumbnailUrl":"https:\/\/www.gaveanews.com\/wp-content\/uploads\/realmadrid.webp","datePublished":"2025-02-05T07:50:00+00:00","author":{"@id":"https:\/\/www.gaveanews.com\/#\/schema\/person\/8207cd4627f56151707418bfc835b2fb"},"breadcrumb":{"@id":"https:\/\/www.gaveanews.com\/index.php\/2025\/02\/05\/oportunidade-para-endrick-problema-para-ancelotti-e-recado-para-cristiano-ronaldo-as-ultimas-noticias-do-real-madrid\/#breadcrumb"},"inLanguage":"pt-BR","potentialAction":[{"@type":"ReadAction","target":["https:\/\/www.gaveanews.com\/index.php\/2025\/02\/05\/oportunidade-para-endrick-problema-para-ancelotti-e-recado-para-cristiano-ronaldo-as-ultimas-noticias-do-real-madrid\/"]}]},{"@type":"ImageObject","inLanguage":"pt-BR","@id":"https:\/\/www.gaveanews.com\/index.php\/2025\/02\/05\/oportunidade-para-endrick-problema-para-ancelotti-e-recado-para-cristiano-ronaldo-as-ultimas-noticias-do-real-madrid\/#primaryimage","url":"https:\/\/www.gaveanews.com\/wp-content\/uploads\/realmadrid.webp","contentUrl":"https:\/\/www.gaveanews.com\/wp-content\/uploads\/realmadrid.webp","width":1200,"height":900,"caption":"Escudo do Real Madrid (Foto: Reprodu\u00e7\u00e3o)"},{"@type":"BreadcrumbList","@id":"https:\/\/www.gaveanews.com\/index.php\/2025\/02\/05\/oportunidade-para-endrick-problema-para-ancelotti-e-recado-para-cristiano-ronaldo-as-ultimas-noticias-do-real-madrid\/#breadcrumb","itemListElement":[{"@type":"ListItem","position":1,"name":"Home","item":"https:\/\/www.gaveanews.com\/"},{"@type":"ListItem","position":2,"name":"Oportunidade para Endrick, problema para Ancelotti e recado para Cristiano Ronaldo: as \u00faltimas not\u00edcias do Real Madrid"}]},{"@type":"WebSite","@id":"https:\/\/www.gaveanews.com\/#website","url":"https:\/\/www.gaveanews.com\/","name":"G\u00e1vea News","description":"Veja todas as not\u00edcias sobre o Flamengo: Contrata\u00e7\u00f5es, categorias de base, resultados das partidas, tabela de classifica\u00e7\u00e3o, pr\u00f3ximos jogos!","potentialAction":[{"@type":"SearchAction","target":{"@type":"EntryPoint","urlTemplate":"https:\/\/www.gaveanews.com\/?s={search_term_string}"},"query-input":{"@type":"PropertyValueSpecification","valueRequired":true,"valueName":"search_term_string"}}],"inLanguage":"pt-BR"},{"@type":"Person","@id":"https:\/\/www.gaveanews.com\/#\/schema\/person\/8207cd4627f56151707418bfc835b2fb","name":"Matheus Felipe","image":{"@type":"ImageObject","inLanguage":"pt-BR","@id":"https:\/\/www.gaveanews.com\/#\/schema\/person\/image\/","url":"https:\/\/secure.gravatar.com\/avatar\/a452ffbed9130f726358b298bb3a99ce4bd3c5338411f8440e87e14d74c7c087?s=96&d=mm&r=g","contentUrl":"https:\/\/secure.gravatar.com\/avatar\/a452ffbed9130f726358b298bb3a99ce4bd3c5338411f8440e87e14d74c7c087?s=96&d=mm&r=g","caption":"Matheus Felipe"}}]}},"_links":{"self":[{"href":"https:\/\/www.gaveanews.com\/index.php\/wp-json\/wp\/v2\/posts\/223269","targetHints":{"allow":["GET"]}}],"collection":[{"href":"https:\/\/www.gaveanews.com\/index.php\/wp-json\/wp\/v2\/posts"}],"about":[{"href":"https:\/\/www.gaveanews.com\/index.php\/wp-json\/wp\/v2\/types\/post"}],"author":[{"embeddable":true,"href":"https:\/\/www.gaveanews.com\/index.php\/wp-json\/wp\/v2\/users\/27"}],"replies":[{"embeddable":true,"href":"https:\/\/www.gaveanews.com\/index.php\/wp-json\/wp\/v2\/comments?post=223269"}],"version-history":[{"count":1,"href":"https:\/\/www.gaveanews.com\/index.php\/wp-json\/wp\/v2\/posts\/223269\/revisions"}],"predecessor-version":[{"id":223283,"href":"https:\/\/www.gaveanews.com\/index.php\/wp-json\/wp\/v2\/posts\/223269\/revisions\/223283"}],"wp:featuredmedia":[{"embeddable":true,"href":"https:\/\/www.gaveanews.com\/index.php\/wp-json\/wp\/v2\/media\/124645"}],"wp:attachment":[{"href":"https:\/\/www.gaveanews.com\/index.php\/wp-json\/wp\/v2\/media?parent=223269"}],"wp:term":[{"taxonomy":"category","embeddable":true,"href":"https:\/\/www.gaveanews.com\/index.php\/wp-json\/wp\/v2\/categories?post=223269"},{"taxonomy":"post_tag","embeddable":true,"href":"https:\/\/www.gaveanews.com\/index.php\/wp-json\/wp\/v2\/tags?post=223269"}],"curies":[{"name":"wp","href":"https:\/\/api.w.org\/{rel}","templated":true}]}}