{"id":223329,"date":"2025-02-05T00:05:00","date_gmt":"2025-02-05T03:05:00","guid":{"rendered":"https:\/\/www.gaveanews.com\/?p=223329"},"modified":"2025-02-04T23:28:25","modified_gmt":"2025-02-05T02:28:25","slug":"o-novo-time-de-casemiro-na-europa","status":"publish","type":"post","link":"https:\/\/www.gaveanews.com\/index.php\/2025\/02\/05\/o-novo-time-de-casemiro-na-europa\/","title":{"rendered":"O novo time de Casemiro na Europa"},"content":{"rendered":"\n<h2 class=\"wp-block-heading\" id=\"h-casemiro-pode-deixar-manchester-united-e-e-alvo-de-clubes-brasileiros-e-turcos\">Casemiro pode deixar Manchester United e \u00e9 alvo de clubes brasileiros e turcos<\/h2>\n\n\n\n<p>Casemiro, volante do Manchester United, est\u00e1 vivendo uma fase inst\u00e1vel na equipe inglesa, onde n\u00e3o conseguiu se firmar como titular absoluto. Considerado um dos melhores volantes do mundo por muitos anos, o jogador brasileiro j\u00e1 foi pe\u00e7a fundamental no Real Madrid, onde conquistou uma s\u00e9rie de t\u00edtulos, incluindo v\u00e1rias edi\u00e7\u00f5es da Liga dos Campe\u00f5es. No entanto, sua passagem pelo United tem sido marcada por altos e baixos, e agora, o futuro de Casemiro no clube est\u00e1 cada vez mais incerto. Embora o volante tenha sido um dos principais nomes do futebol mundial em sua posi\u00e7\u00e3o, ele n\u00e3o tem sido t\u00e3o aproveitado pelo t\u00e9cnico Ruben Amorim, o que levanta a possibilidade de uma sa\u00edda.<\/p>\n\n\n\n<p>Com sua situa\u00e7\u00e3o em baixa no Manchester United, Casemiro ganhou destaque em especula\u00e7\u00f5es sobre seu futuro, com v\u00e1rios clubes, incluindo Flamengo e S\u00e3o Paulo, demonstrando interesse em seu futebol. Ambos os clubes brasileiros teriam feito consultas sobre a possibilidade de contar com o volante, mas at\u00e9 o momento nenhuma proposta formal foi apresentada. A possibilidade de uma volta ao Brasil, onde o jogador iniciou sua carreira no S\u00e3o Paulo, tem animado os torcedores dessas equipes, mas a decis\u00e3o final depender\u00e1 da vontade do pr\u00f3prio jogador, que tamb\u00e9m tem outras op\u00e7\u00f5es fora do pa\u00eds.<\/p>\n\n\n\n<p>Entretanto, o Brasil n\u00e3o \u00e9 o \u00fanico destino poss\u00edvel para Casemiro. De acordo com o portal Fichajes, da Espanha, o jogador tem sido monitorado pelo Fenerbah\u00e7e, tradicional clube da Turquia. A principal motiva\u00e7\u00e3o para essa poss\u00edvel transfer\u00eancia seria o pedido de Jos\u00e9 Mourinho, atual treinador da equipe turca. Mourinho e Casemiro j\u00e1 trabalharam juntos no Real Madrid, e o t\u00e9cnico portugu\u00eas acredita que a experi\u00eancia e a qualidade do volante podem ser fundamentais para a equipe do Fenerbah\u00e7e, que luta pelo t\u00edtulo da Superliga Turca. O clube turco v\u00ea Casemiro como uma pe\u00e7a-chave para fortalecer seu elenco e aumentar suas chances de conquistar a competi\u00e7\u00e3o, que atualmente tem o Galatasaray como l\u00edder isolado.<\/p>\n\n\n\n<p>Embora o Manchester United esteja disposto a liberar Casemiro, o que depender\u00e1, em grande parte, da decis\u00e3o do pr\u00f3prio jogador, o futuro imediato do volante ainda \u00e9 uma inc\u00f3gnita. O Fenerbah\u00e7e acredita que a contrata\u00e7\u00e3o de Casemiro pode ser um movimento decisivo para impulsionar a equipe na reta final da temporada, mas o clube turco ainda precisar\u00e1 convencer o volante a se transferir para o futebol turco.<\/p>\n\n\n\n<p>Al\u00e9m de Flamengo e S\u00e3o Paulo, Casemiro tamb\u00e9m foi alvo de rumores envolvendo a Roma, da It\u00e1lia, onde o t\u00e9cnico Claudio Ranieri demonstrou interesse em contar com o volante. A negocia\u00e7\u00e3o com clubes brasileiros e europeus, no entanto, pode esbarrar nas altas expectativas financeiras do Manchester United, que sabe do valor de mercado do jogador e de sua import\u00e2ncia no futebol mundial.<\/p>\n\n\n\n<p>Casemiro, que aos 32 anos j\u00e1 passou por grandes clubes, como Real Madrid, Manchester United e Porto, \u00e9 considerado um dos maiores volantes de sua gera\u00e7\u00e3o. Seu hist\u00f3rico inclui conquistas de peso, como as vit\u00f3rias na Liga dos Campe\u00f5es com o Real Madrid, al\u00e9m de t\u00edtulos nacionais e internacionais com a sele\u00e7\u00e3o brasileira, incluindo a Copa Am\u00e9rica de 2013 e a Copa do Mundo de 2022.<\/p>\n","protected":false},"excerpt":{"rendered":"<p>Casemiro pode deixar Manchester United e \u00e9 alvo de clubes brasileiros e turcos Casemiro, volante do Manchester United, est\u00e1 vivendo uma fase inst\u00e1vel na equipe inglesa, onde n\u00e3o conseguiu se firmar como titular absoluto. Considerado um dos melhores volantes do mundo por muitos anos, o jogador brasileiro j\u00e1 foi pe\u00e7a fundamental no Real Madrid, onde [&hellip;]<\/p>\n","protected":false},"author":17,"featured_media":168658,"comment_status":"open","ping_status":"closed","sticky":false,"template":"","format":"standard","meta":{"footnotes":""},"categories":[90],"tags":[],"class_list":["post-223329","post","type-post","status-publish","format-standard","has-post-thumbnail","hentry","category-manchester-united"],"yoast_head":"<!-- This site is optimized with the Yoast SEO Premium plugin v24.2 (Yoast SEO v26.9) - https:\/\/yoast.com\/product\/yoast-seo-premium-wordpress\/ -->\n<title>O novo time de Casemiro na Europa<\/title>\n<meta name=\"robots\" content=\"index, follow, max-snippet:-1, max-image-preview:large, max-video-preview:-1\" \/>\n<link rel=\"canonical\" href=\"https:\/\/www.gaveanews.com\/index.php\/2025\/02\/05\/o-novo-time-de-casemiro-na-europa\/\" \/>\n<meta property=\"og:locale\" content=\"pt_BR\" \/>\n<meta property=\"og:type\" content=\"article\" \/>\n<meta property=\"og:title\" content=\"O novo time de Casemiro na Europa\" \/>\n<meta property=\"og:description\" content=\"Casemiro pode deixar Manchester United e \u00e9 alvo de clubes brasileiros e turcos Casemiro, volante do Manchester United, est\u00e1 vivendo uma fase inst\u00e1vel na equipe inglesa, onde n\u00e3o conseguiu se firmar como titular absoluto. Considerado um dos melhores volantes do mundo por muitos anos, o jogador brasileiro j\u00e1 foi pe\u00e7a fundamental no Real Madrid, onde [&hellip;]\" \/>\n<meta property=\"og:url\" content=\"https:\/\/www.gaveanews.com\/index.php\/2025\/02\/05\/o-novo-time-de-casemiro-na-europa\/\" \/>\n<meta property=\"og:site_name\" content=\"G\u00e1vea News\" \/>\n<meta property=\"article:publisher\" content=\"https:\/\/facebook.com\/gaveaNews\/\" \/>\n<meta property=\"article:published_time\" content=\"2025-02-05T03:05:00+00:00\" \/>\n<meta property=\"og:image\" content=\"https:\/\/www.gaveanews.com\/wp-content\/uploads\/Casemiro-com-a-camisa-do-Manchester-United-em-2024.webp\" \/>\n\t<meta property=\"og:image:width\" content=\"1421\" \/>\n\t<meta property=\"og:image:height\" content=\"947\" \/>\n\t<meta property=\"og:image:type\" content=\"image\/webp\" \/>\n<meta name=\"author\" content=\"Geovanna Thomaz\" \/>\n<meta name=\"twitter:card\" content=\"summary_large_image\" \/>\n<meta name=\"twitter:label1\" content=\"Escrito por\" \/>\n\t<meta name=\"twitter:data1\" content=\"Geovanna Thomaz\" \/>\n\t<meta name=\"twitter:label2\" content=\"Est. tempo de leitura\" \/>\n\t<meta name=\"twitter:data2\" content=\"4 minutos\" \/>\n<script type=\"application\/ld+json\" class=\"yoast-schema-graph\">{\"@context\":\"https:\/\/schema.org\",\"@graph\":[{\"@type\":\"NewsArticle\",\"@id\":\"https:\/\/www.gaveanews.com\/index.php\/2025\/02\/05\/o-novo-time-de-casemiro-na-europa\/#article\",\"isPartOf\":{\"@id\":\"https:\/\/www.gaveanews.com\/index.php\/2025\/02\/05\/o-novo-time-de-casemiro-na-europa\/\"},\"author\":{\"name\":\"Geovanna Thomaz\",\"@id\":\"https:\/\/www.gaveanews.com\/#\/schema\/person\/f42654babcd2b2014a1a65af82b081f1\"},\"headline\":\"O novo time de Casemiro na Europa\",\"datePublished\":\"2025-02-05T03:05:00+00:00\",\"mainEntityOfPage\":{\"@id\":\"https:\/\/www.gaveanews.com\/index.php\/2025\/02\/05\/o-novo-time-de-casemiro-na-europa\/\"},\"wordCount\":584,\"commentCount\":0,\"image\":{\"@id\":\"https:\/\/www.gaveanews.com\/index.php\/2025\/02\/05\/o-novo-time-de-casemiro-na-europa\/#primaryimage\"},\"thumbnailUrl\":\"https:\/\/www.gaveanews.com\/wp-content\/uploads\/Casemiro-com-a-camisa-do-Manchester-United-em-2024.webp\",\"articleSection\":[\"Manchester United\"],\"inLanguage\":\"pt-BR\",\"potentialAction\":[{\"@type\":\"CommentAction\",\"name\":\"Comment\",\"target\":[\"https:\/\/www.gaveanews.com\/index.php\/2025\/02\/05\/o-novo-time-de-casemiro-na-europa\/#respond\"]}],\"copyrightYear\":\"2025\",\"copyrightHolder\":{\"@id\":\"https:\/\/www.gaveanews.com\/#organization\"}},{\"@type\":\"WebPage\",\"@id\":\"https:\/\/www.gaveanews.com\/index.php\/2025\/02\/05\/o-novo-time-de-casemiro-na-europa\/\",\"url\":\"https:\/\/www.gaveanews.com\/index.php\/2025\/02\/05\/o-novo-time-de-casemiro-na-europa\/\",\"name\":\"O novo time de Casemiro na Europa\",\"isPartOf\":{\"@id\":\"https:\/\/www.gaveanews.com\/#website\"},\"primaryImageOfPage\":{\"@id\":\"https:\/\/www.gaveanews.com\/index.php\/2025\/02\/05\/o-novo-time-de-casemiro-na-europa\/#primaryimage\"},\"image\":{\"@id\":\"https:\/\/www.gaveanews.com\/index.php\/2025\/02\/05\/o-novo-time-de-casemiro-na-europa\/#primaryimage\"},\"thumbnailUrl\":\"https:\/\/www.gaveanews.com\/wp-content\/uploads\/Casemiro-com-a-camisa-do-Manchester-United-em-2024.webp\",\"datePublished\":\"2025-02-05T03:05:00+00:00\",\"author\":{\"@id\":\"https:\/\/www.gaveanews.com\/#\/schema\/person\/f42654babcd2b2014a1a65af82b081f1\"},\"breadcrumb\":{\"@id\":\"https:\/\/www.gaveanews.com\/index.php\/2025\/02\/05\/o-novo-time-de-casemiro-na-europa\/#breadcrumb\"},\"inLanguage\":\"pt-BR\",\"potentialAction\":[{\"@type\":\"ReadAction\",\"target\":[\"https:\/\/www.gaveanews.com\/index.php\/2025\/02\/05\/o-novo-time-de-casemiro-na-europa\/\"]}]},{\"@type\":\"ImageObject\",\"inLanguage\":\"pt-BR\",\"@id\":\"https:\/\/www.gaveanews.com\/index.php\/2025\/02\/05\/o-novo-time-de-casemiro-na-europa\/#primaryimage\",\"url\":\"https:\/\/www.gaveanews.com\/wp-content\/uploads\/Casemiro-com-a-camisa-do-Manchester-United-em-2024.webp\",\"contentUrl\":\"https:\/\/www.gaveanews.com\/wp-content\/uploads\/Casemiro-com-a-camisa-do-Manchester-United-em-2024.webp\",\"width\":1421,\"height\":947,\"caption\":\"Casemiro com a camisa do Manchester United em 2024 (Foto: Reprodu\u00e7\u00e3o\/Instagram)\"},{\"@type\":\"BreadcrumbList\",\"@id\":\"https:\/\/www.gaveanews.com\/index.php\/2025\/02\/05\/o-novo-time-de-casemiro-na-europa\/#breadcrumb\",\"itemListElement\":[{\"@type\":\"ListItem\",\"position\":1,\"name\":\"Home\",\"item\":\"https:\/\/www.gaveanews.com\/\"},{\"@type\":\"ListItem\",\"position\":2,\"name\":\"O novo time de Casemiro na Europa\"}]},{\"@type\":\"WebSite\",\"@id\":\"https:\/\/www.gaveanews.com\/#website\",\"url\":\"https:\/\/www.gaveanews.com\/\",\"name\":\"G\u00e1vea News\",\"description\":\"Veja todas as not\u00edcias sobre o Flamengo: Contrata\u00e7\u00f5es, categorias de base, resultados das partidas, tabela de classifica\u00e7\u00e3o, pr\u00f3ximos jogos!\",\"potentialAction\":[{\"@type\":\"SearchAction\",\"target\":{\"@type\":\"EntryPoint\",\"urlTemplate\":\"https:\/\/www.gaveanews.com\/?s={search_term_string}\"},\"query-input\":{\"@type\":\"PropertyValueSpecification\",\"valueRequired\":true,\"valueName\":\"search_term_string\"}}],\"inLanguage\":\"pt-BR\"},{\"@type\":\"Person\",\"@id\":\"https:\/\/www.gaveanews.com\/#\/schema\/person\/f42654babcd2b2014a1a65af82b081f1\",\"name\":\"Geovanna Thomaz\",\"image\":{\"@type\":\"ImageObject\",\"inLanguage\":\"pt-BR\",\"@id\":\"https:\/\/www.gaveanews.com\/#\/schema\/person\/image\/\",\"url\":\"https:\/\/secure.gravatar.com\/avatar\/4092073255489533afb558984b49b64268c47198af8623cc82a925ae9fb7118a?s=96&d=mm&r=g\",\"contentUrl\":\"https:\/\/secure.gravatar.com\/avatar\/4092073255489533afb558984b49b64268c47198af8623cc82a925ae9fb7118a?s=96&d=mm&r=g\",\"caption\":\"Geovanna Thomaz\"}}]}<\/script>\n<!-- \/ Yoast SEO Premium plugin. -->","yoast_head_json":{"title":"O novo time de Casemiro na Europa","robots":{"index":"index","follow":"follow","max-snippet":"max-snippet:-1","max-image-preview":"max-image-preview:large","max-video-preview":"max-video-preview:-1"},"canonical":"https:\/\/www.gaveanews.com\/index.php\/2025\/02\/05\/o-novo-time-de-casemiro-na-europa\/","og_locale":"pt_BR","og_type":"article","og_title":"O novo time de Casemiro na Europa","og_description":"Casemiro pode deixar Manchester United e \u00e9 alvo de clubes brasileiros e turcos Casemiro, volante do Manchester United, est\u00e1 vivendo uma fase inst\u00e1vel na equipe inglesa, onde n\u00e3o conseguiu se firmar como titular absoluto. Considerado um dos melhores volantes do mundo por muitos anos, o jogador brasileiro j\u00e1 foi pe\u00e7a fundamental no Real Madrid, onde [&hellip;]","og_url":"https:\/\/www.gaveanews.com\/index.php\/2025\/02\/05\/o-novo-time-de-casemiro-na-europa\/","og_site_name":"G\u00e1vea News","article_publisher":"https:\/\/facebook.com\/gaveaNews\/","article_published_time":"2025-02-05T03:05:00+00:00","og_image":[{"width":1421,"height":947,"url":"https:\/\/www.gaveanews.com\/wp-content\/uploads\/Casemiro-com-a-camisa-do-Manchester-United-em-2024.webp","type":"image\/webp"}],"author":"Geovanna Thomaz","twitter_card":"summary_large_image","twitter_misc":{"Escrito por":"Geovanna Thomaz","Est. tempo de leitura":"4 minutos"},"schema":{"@context":"https:\/\/schema.org","@graph":[{"@type":"NewsArticle","@id":"https:\/\/www.gaveanews.com\/index.php\/2025\/02\/05\/o-novo-time-de-casemiro-na-europa\/#article","isPartOf":{"@id":"https:\/\/www.gaveanews.com\/index.php\/2025\/02\/05\/o-novo-time-de-casemiro-na-europa\/"},"author":{"name":"Geovanna Thomaz","@id":"https:\/\/www.gaveanews.com\/#\/schema\/person\/f42654babcd2b2014a1a65af82b081f1"},"headline":"O novo time de Casemiro na Europa","datePublished":"2025-02-05T03:05:00+00:00","mainEntityOfPage":{"@id":"https:\/\/www.gaveanews.com\/index.php\/2025\/02\/05\/o-novo-time-de-casemiro-na-europa\/"},"wordCount":584,"commentCount":0,"image":{"@id":"https:\/\/www.gaveanews.com\/index.php\/2025\/02\/05\/o-novo-time-de-casemiro-na-europa\/#primaryimage"},"thumbnailUrl":"https:\/\/www.gaveanews.com\/wp-content\/uploads\/Casemiro-com-a-camisa-do-Manchester-United-em-2024.webp","articleSection":["Manchester United"],"inLanguage":"pt-BR","potentialAction":[{"@type":"CommentAction","name":"Comment","target":["https:\/\/www.gaveanews.com\/index.php\/2025\/02\/05\/o-novo-time-de-casemiro-na-europa\/#respond"]}],"copyrightYear":"2025","copyrightHolder":{"@id":"https:\/\/www.gaveanews.com\/#organization"}},{"@type":"WebPage","@id":"https:\/\/www.gaveanews.com\/index.php\/2025\/02\/05\/o-novo-time-de-casemiro-na-europa\/","url":"https:\/\/www.gaveanews.com\/index.php\/2025\/02\/05\/o-novo-time-de-casemiro-na-europa\/","name":"O novo time de Casemiro na Europa","isPartOf":{"@id":"https:\/\/www.gaveanews.com\/#website"},"primaryImageOfPage":{"@id":"https:\/\/www.gaveanews.com\/index.php\/2025\/02\/05\/o-novo-time-de-casemiro-na-europa\/#primaryimage"},"image":{"@id":"https:\/\/www.gaveanews.com\/index.php\/2025\/02\/05\/o-novo-time-de-casemiro-na-europa\/#primaryimage"},"thumbnailUrl":"https:\/\/www.gaveanews.com\/wp-content\/uploads\/Casemiro-com-a-camisa-do-Manchester-United-em-2024.webp","datePublished":"2025-02-05T03:05:00+00:00","author":{"@id":"https:\/\/www.gaveanews.com\/#\/schema\/person\/f42654babcd2b2014a1a65af82b081f1"},"breadcrumb":{"@id":"https:\/\/www.gaveanews.com\/index.php\/2025\/02\/05\/o-novo-time-de-casemiro-na-europa\/#breadcrumb"},"inLanguage":"pt-BR","potentialAction":[{"@type":"ReadAction","target":["https:\/\/www.gaveanews.com\/index.php\/2025\/02\/05\/o-novo-time-de-casemiro-na-europa\/"]}]},{"@type":"ImageObject","inLanguage":"pt-BR","@id":"https:\/\/www.gaveanews.com\/index.php\/2025\/02\/05\/o-novo-time-de-casemiro-na-europa\/#primaryimage","url":"https:\/\/www.gaveanews.com\/wp-content\/uploads\/Casemiro-com-a-camisa-do-Manchester-United-em-2024.webp","contentUrl":"https:\/\/www.gaveanews.com\/wp-content\/uploads\/Casemiro-com-a-camisa-do-Manchester-United-em-2024.webp","width":1421,"height":947,"caption":"Casemiro com a camisa do Manchester United em 2024 (Foto: Reprodu\u00e7\u00e3o\/Instagram)"},{"@type":"BreadcrumbList","@id":"https:\/\/www.gaveanews.com\/index.php\/2025\/02\/05\/o-novo-time-de-casemiro-na-europa\/#breadcrumb","itemListElement":[{"@type":"ListItem","position":1,"name":"Home","item":"https:\/\/www.gaveanews.com\/"},{"@type":"ListItem","position":2,"name":"O novo time de Casemiro na Europa"}]},{"@type":"WebSite","@id":"https:\/\/www.gaveanews.com\/#website","url":"https:\/\/www.gaveanews.com\/","name":"G\u00e1vea News","description":"Veja todas as not\u00edcias sobre o Flamengo: Contrata\u00e7\u00f5es, categorias de base, resultados das partidas, tabela de classifica\u00e7\u00e3o, pr\u00f3ximos jogos!","potentialAction":[{"@type":"SearchAction","target":{"@type":"EntryPoint","urlTemplate":"https:\/\/www.gaveanews.com\/?s={search_term_string}"},"query-input":{"@type":"PropertyValueSpecification","valueRequired":true,"valueName":"search_term_string"}}],"inLanguage":"pt-BR"},{"@type":"Person","@id":"https:\/\/www.gaveanews.com\/#\/schema\/person\/f42654babcd2b2014a1a65af82b081f1","name":"Geovanna Thomaz","image":{"@type":"ImageObject","inLanguage":"pt-BR","@id":"https:\/\/www.gaveanews.com\/#\/schema\/person\/image\/","url":"https:\/\/secure.gravatar.com\/avatar\/4092073255489533afb558984b49b64268c47198af8623cc82a925ae9fb7118a?s=96&d=mm&r=g","contentUrl":"https:\/\/secure.gravatar.com\/avatar\/4092073255489533afb558984b49b64268c47198af8623cc82a925ae9fb7118a?s=96&d=mm&r=g","caption":"Geovanna Thomaz"}}]}},"_links":{"self":[{"href":"https:\/\/www.gaveanews.com\/index.php\/wp-json\/wp\/v2\/posts\/223329","targetHints":{"allow":["GET"]}}],"collection":[{"href":"https:\/\/www.gaveanews.com\/index.php\/wp-json\/wp\/v2\/posts"}],"about":[{"href":"https:\/\/www.gaveanews.com\/index.php\/wp-json\/wp\/v2\/types\/post"}],"author":[{"embeddable":true,"href":"https:\/\/www.gaveanews.com\/index.php\/wp-json\/wp\/v2\/users\/17"}],"replies":[{"embeddable":true,"href":"https:\/\/www.gaveanews.com\/index.php\/wp-json\/wp\/v2\/comments?post=223329"}],"version-history":[{"count":1,"href":"https:\/\/www.gaveanews.com\/index.php\/wp-json\/wp\/v2\/posts\/223329\/revisions"}],"predecessor-version":[{"id":223337,"href":"https:\/\/www.gaveanews.com\/index.php\/wp-json\/wp\/v2\/posts\/223329\/revisions\/223337"}],"wp:featuredmedia":[{"embeddable":true,"href":"https:\/\/www.gaveanews.com\/index.php\/wp-json\/wp\/v2\/media\/168658"}],"wp:attachment":[{"href":"https:\/\/www.gaveanews.com\/index.php\/wp-json\/wp\/v2\/media?parent=223329"}],"wp:term":[{"taxonomy":"category","embeddable":true,"href":"https:\/\/www.gaveanews.com\/index.php\/wp-json\/wp\/v2\/categories?post=223329"},{"taxonomy":"post_tag","embeddable":true,"href":"https:\/\/www.gaveanews.com\/index.php\/wp-json\/wp\/v2\/tags?post=223329"}],"curies":[{"name":"wp","href":"https:\/\/api.w.org\/{rel}","templated":true}]}}