{"id":223330,"date":"2025-02-05T07:25:00","date_gmt":"2025-02-05T10:25:00","guid":{"rendered":"https:\/\/www.gaveanews.com\/?p=223330"},"modified":"2025-02-05T00:36:43","modified_gmt":"2025-02-05T03:36:43","slug":"recado-de-sormani-contratacao-de-nathan-e-declaracao-de-ana-thais-matos-as-ultimas-noticias-do-palmeiras","status":"publish","type":"post","link":"https:\/\/www.gaveanews.com\/index.php\/2025\/02\/05\/recado-de-sormani-contratacao-de-nathan-e-declaracao-de-ana-thais-matos-as-ultimas-noticias-do-palmeiras\/","title":{"rendered":"Recado de Sormani, contrata\u00e7\u00e3o de Nathan e declara\u00e7\u00e3o de Ana Tha\u00eds Matos: as \u00faltimas not\u00edcias do Palmeiras"},"content":{"rendered":"\n<p>Nas \u00faltimas horas, o foco das not\u00edcias sobre o Palmeiras se concentram nos bastidores do clube, com destaques do dia a dia do time.<\/p>\n\n\n\n<p>Por conta deste contexto, leia abaixo um resumo preparado pela equipe do portal G\u00e1vea News para lhe manter muito bem informado!<\/p>\n\n\n\n<h2 class=\"wp-block-heading\" id=\"h-declaracao-de-ana-thais-matos\">Declara\u00e7\u00e3o de Ana Tha\u00eds Matos<\/h2>\n\n\n\n<p>Abel Ferreira anunciou que 2025 ser\u00e1 sua \u00faltima temporada no Palmeiras, o que intensificou as discuss\u00f5es sobre seu trabalho e o desempenho do time. Apesar de seu hist\u00f3rico vitorioso no clube, com t\u00edtulos como duas Libertadores e dois Campeonatos Brasileiros, o treinador tem sido alvo de cr\u00edticas, especialmente pelo desempenho ofensivo da equipe. No \u00faltimo jogo, contra o Red Bull Bragantino, o Verd\u00e3o empatou sem gols, aumentando a press\u00e3o da torcida. No entanto, a comentarista Ana Tha\u00eds Matos saiu em defesa do t\u00e9cnico, destacando sua capacidade de gerenciar o elenco e avaliar os resultados com cautela <strong><a href=\"https:\/\/www.gaveanews.com\/index.php\/2025\/01\/30\/a-declaracao-de-ana-thais-matos-direcionada-a-abel-ferreira-do-palmeiras\/\">(leia a mat\u00e9ria completa).<\/a><\/strong><\/p>\n\n\n\n<figure class=\"wp-block-image size-large\"><img loading=\"lazy\" decoding=\"async\" width=\"1024\" height=\"576\" src=\"http:\/\/www.gaveanews.com\/wp-content\/uploads\/Ana-Thais-Matos-jornalista-do-Sportv-1024x576.webp\" alt=\"\" class=\"wp-image-55460\" srcset=\"https:\/\/www.gaveanews.com\/wp-content\/uploads\/Ana-Thais-Matos-jornalista-do-Sportv-1024x576.webp 1024w, https:\/\/www.gaveanews.com\/wp-content\/uploads\/Ana-Thais-Matos-jornalista-do-Sportv-300x169.webp 300w, https:\/\/www.gaveanews.com\/wp-content\/uploads\/Ana-Thais-Matos-jornalista-do-Sportv-768x432.webp 768w, https:\/\/www.gaveanews.com\/wp-content\/uploads\/Ana-Thais-Matos-jornalista-do-Sportv-746x420.webp 746w, https:\/\/www.gaveanews.com\/wp-content\/uploads\/Ana-Thais-Matos-jornalista-do-Sportv-640x360.webp 640w, https:\/\/www.gaveanews.com\/wp-content\/uploads\/Ana-Thais-Matos-jornalista-do-Sportv-1280x721.webp 1280w, https:\/\/www.gaveanews.com\/wp-content\/uploads\/Ana-Thais-Matos-jornalista-do-Sportv-681x383.webp 681w, https:\/\/www.gaveanews.com\/wp-content\/uploads\/Ana-Thais-Matos-jornalista-do-Sportv-1362x767.webp 1362w, https:\/\/www.gaveanews.com\/wp-content\/uploads\/Ana-Thais-Matos-jornalista-do-Sportv-100x56.webp 100w, https:\/\/www.gaveanews.com\/wp-content\/uploads\/Ana-Thais-Matos-jornalista-do-Sportv.webp 1366w\" sizes=\"auto, (max-width: 1024px) 100vw, 1024px\" \/><figcaption class=\"wp-element-caption\">Ana Thais Matos, jornalista do Sportv (Foto: Reprodu\u00e7\u00e3o)<\/figcaption><\/figure>\n\n\n\n<p>Para Ana Tha\u00eds, a estrat\u00e9gia adotada por Abel e pela diretoria est\u00e1 alinhada com a realidade do clube, permitindo uma constru\u00e7\u00e3o gradual do time ao longo da temporada. <\/p>\n\n\n\n<p>A comentarista ressaltou que o portugu\u00eas \u00e9 um dos treinadores que melhor conhece seu elenco no futebol brasileiro, sabendo como extrair o m\u00e1ximo de seus jogadores. Embora o Palmeiras tenha mantido uma base s\u00f3lida nos \u00faltimos anos, as cobran\u00e7as da torcida aumentaram devido a atua\u00e7\u00f5es pouco criativas e \u00e0 falta de refor\u00e7os para posi\u00e7\u00f5es-chave.<\/p>\n\n\n\n<p>Com contrato at\u00e9 dezembro, Abel ainda tem grandes desafios pela frente, incluindo o Campeonato Paulista, a Libertadores, o Mundial de Clubes e o Brasileir\u00e3o. Apesar das incertezas sobre sua perman\u00eancia no clube no futuro, a expectativa \u00e9 que o treinador busque encerrar sua passagem pelo Palmeiras com mais t\u00edtulos, consolidando ainda mais sua trajet\u00f3ria como um dos t\u00e9cnicos mais vitoriosos da hist\u00f3ria alviverde.<\/p>\n\n\n\n<h2 class=\"wp-block-heading\" id=\"h-contratacao-de-nathan\">Contrata\u00e7\u00e3o de Nathan<\/h2>\n\n\n\n<p>O Cuiab\u00e1 acertou a contrata\u00e7\u00e3o do zagueiro Nathan, formado nas categorias de base do Palmeiras. O defensor, que atuou pelo Tacoma Defiance (EUA) em 2023, retorna ao Brasil sem custos, ap\u00f3s ficar livre no mercado. Aos 29 anos, Nathan traz no curr\u00edculo passagens por clubes brasileiros como Crici\u00fama e Chapecoense, al\u00e9m de experi\u00eancias no futebol su\u00ed\u00e7o e norte-americano. No Cuiab\u00e1, ele poder\u00e1 atuar tanto na zaga quanto como volante, oferecendo mais op\u00e7\u00f5es t\u00e1ticas para a equipe na disputa do Campeonato Mato-Grossense, S\u00e9rie B do Brasileir\u00e3o e Copa do Brasil <strong><a href=\"https:\/\/www.gaveanews.com\/index.php\/2025\/02\/03\/ele-foi-revelado-pelo-palmeiras-mas-vai-voltar-ao-brasil-para-jogar-por-outro-clube\/\">(leia a mat\u00e9ria completa).<\/a><\/strong><\/p>\n\n\n\n<figure class=\"wp-block-image size-full\"><img loading=\"lazy\" decoding=\"async\" width=\"1023\" height=\"767\" src=\"http:\/\/www.gaveanews.com\/wp-content\/uploads\/Allianz-Parque-estadio-do-Palmeiras.webp\" alt=\"\" class=\"wp-image-155182\" srcset=\"https:\/\/www.gaveanews.com\/wp-content\/uploads\/Allianz-Parque-estadio-do-Palmeiras.webp 1023w, https:\/\/www.gaveanews.com\/wp-content\/uploads\/Allianz-Parque-estadio-do-Palmeiras-300x225.webp 300w, https:\/\/www.gaveanews.com\/wp-content\/uploads\/Allianz-Parque-estadio-do-Palmeiras-768x576.webp 768w, https:\/\/www.gaveanews.com\/wp-content\/uploads\/Allianz-Parque-estadio-do-Palmeiras-560x420.webp 560w, https:\/\/www.gaveanews.com\/wp-content\/uploads\/Allianz-Parque-estadio-do-Palmeiras-80x60.webp 80w, https:\/\/www.gaveanews.com\/wp-content\/uploads\/Allianz-Parque-estadio-do-Palmeiras-160x120.webp 160w, https:\/\/www.gaveanews.com\/wp-content\/uploads\/Allianz-Parque-estadio-do-Palmeiras-100x75.webp 100w, https:\/\/www.gaveanews.com\/wp-content\/uploads\/Allianz-Parque-estadio-do-Palmeiras-200x150.webp 200w, https:\/\/www.gaveanews.com\/wp-content\/uploads\/Allianz-Parque-estadio-do-Palmeiras-180x135.webp 180w, https:\/\/www.gaveanews.com\/wp-content\/uploads\/Allianz-Parque-estadio-do-Palmeiras-360x270.webp 360w, https:\/\/www.gaveanews.com\/wp-content\/uploads\/Allianz-Parque-estadio-do-Palmeiras-238x178.webp 238w, https:\/\/www.gaveanews.com\/wp-content\/uploads\/Allianz-Parque-estadio-do-Palmeiras-476x356.webp 476w, https:\/\/www.gaveanews.com\/wp-content\/uploads\/Allianz-Parque-estadio-do-Palmeiras-640x480.webp 640w, https:\/\/www.gaveanews.com\/wp-content\/uploads\/Allianz-Parque-estadio-do-Palmeiras-681x511.webp 681w\" sizes=\"auto, (max-width: 1023px) 100vw, 1023px\" \/><figcaption class=\"wp-element-caption\">Allianz Parque, est\u00e1dio do Palmeiras (Foto: Reprodu\u00e7\u00e3o\/Palmeiras)<\/figcaption><\/figure>\n\n\n\n<p>Com essa contrata\u00e7\u00e3o, o Cuiab\u00e1 segue refor\u00e7ando seu elenco para a temporada, tendo anunciado recentemente jogadores como o goleiro Arthur, os laterais Sander e L\u00e9o Ata\u00edde, o zagueiro Jo\u00e3o Victor, o meia Ruan Oliveira e o atacante Pedrinho. A diretoria do clube aposta em um equil\u00edbrio entre defesa, meio-campo e ataque para fortalecer a equipe em todas as frentes. A experi\u00eancia internacional de Nathan tamb\u00e9m \u00e9 vista como um trunfo para trazer mais seguran\u00e7a ao sistema defensivo.<\/p>\n\n\n\n<p>O jogador j\u00e1 iniciou os treinamentos no CT Manoel Dresch e ser\u00e1 integrado gradualmente ao time. A expectativa \u00e9 que sua viv\u00eancia em diferentes ligas contribua com lideran\u00e7a e solidez defensiva, especialmente em momentos decisivos. Com um elenco em constante evolu\u00e7\u00e3o, o Cuiab\u00e1 espera alcan\u00e7ar bons resultados e se consolidar como uma equipe competitiva nas competi\u00e7\u00f5es de 2025.<\/p>\n\n\n\n<h2 class=\"wp-block-heading\" id=\"h-recado-de-sormani\">Recado de Sormani<\/h2>\n\n\n\n<p>O jornalista F\u00e1bio Sormani criticou o poss\u00edvel interesse do Palmeiras na contrata\u00e7\u00e3o do zagueiro Wagner Leonardo, do Vit\u00f3ria. Durante sua participa\u00e7\u00e3o no programa <em>Opini\u00e3o Placar<\/em>, no YouTube, Sormani afirmou que o jogador de 25 anos n\u00e3o tem n\u00edvel para atuar no Verd\u00e3o e destacou que ele se encaixa melhor em equipes de menor express\u00e3o. Segundo o comentarista, o clube deveria ser mais criterioso em suas contrata\u00e7\u00f5es, principalmente ap\u00f3s a venda de Vitor Reis ao Manchester City por 35 milh\u00f5es de euros <strong><a href=\"https:\/\/www.gaveanews.com\/index.php\/2025\/02\/03\/sormani-reprova-contratacao-de-reforco-no-palmeiras\/\">(leia a mat\u00e9ria completa).<\/a><\/strong><\/p>\n\n\n\n<figure class=\"wp-block-image size-full\"><img loading=\"lazy\" decoding=\"async\" width=\"650\" height=\"325\" src=\"http:\/\/www.gaveanews.com\/wp-content\/uploads\/Sormani-durante-um-programa-da-emissora-Fox-Sports.webp\" alt=\"\" class=\"wp-image-52970\" srcset=\"https:\/\/www.gaveanews.com\/wp-content\/uploads\/Sormani-durante-um-programa-da-emissora-Fox-Sports.webp 650w, https:\/\/www.gaveanews.com\/wp-content\/uploads\/Sormani-durante-um-programa-da-emissora-Fox-Sports-300x150.webp 300w, https:\/\/www.gaveanews.com\/wp-content\/uploads\/Sormani-durante-um-programa-da-emissora-Fox-Sports-640x320.webp 640w, https:\/\/www.gaveanews.com\/wp-content\/uploads\/Sormani-durante-um-programa-da-emissora-Fox-Sports-100x50.webp 100w\" sizes=\"auto, (max-width: 650px) 100vw, 650px\" \/><figcaption class=\"wp-element-caption\">Sormani durante um programa da emissora Fox Sports (Foto: Reprodu\u00e7\u00e3o)<\/figcaption><\/figure>\n\n\n\n<p>Wagner Leonardo foi revelado pelo Santos e j\u00e1 passou por N\u00e1utico, Cruzeiro, Fortaleza e Portimonense, antes de se destacar no Vit\u00f3ria. Apesar das cr\u00edticas de Sormani, o Palmeiras segue atento ao mercado em busca de refor\u00e7os para sua defesa. Paralelamente, o clube tamb\u00e9m negocia a contrata\u00e7\u00e3o de um lateral-direito junto ao Santa Clara, de Portugal, al\u00e9m de ter fechado um empr\u00e9stimo com o Moreirense, outro clube da liga portuguesa.<\/p>\n\n\n\n<p>Enquanto define seus pr\u00f3ximos refor\u00e7os, o Palmeiras se prepara para o cl\u00e1ssico contra o Corinthians, que acontecer\u00e1 na quinta-feira (6), \u00e0s 20h, no Allianz Parque, pela s\u00e9tima rodada do Campeonato Paulista. Ap\u00f3s golear o Guarani por 4 a 1 no \u00faltimo domingo, a equipe comandada por Abel Ferreira busca manter o embalo e consolidar seu desempenho na competi\u00e7\u00e3o estadual.<\/p>\n","protected":false},"excerpt":{"rendered":"<p>Nas \u00faltimas horas, o foco das not\u00edcias sobre o Palmeiras se concentram nos bastidores do clube, com destaques do dia a dia do time. Por conta deste contexto, leia abaixo um resumo preparado pela equipe do portal G\u00e1vea News para lhe manter muito bem informado! Declara\u00e7\u00e3o de Ana Tha\u00eds Matos Abel Ferreira anunciou que 2025 [&hellip;]<\/p>\n","protected":false},"author":27,"featured_media":158318,"comment_status":"open","ping_status":"closed","sticky":false,"template":"","format":"standard","meta":{"footnotes":""},"categories":[150],"tags":[],"class_list":["post-223330","post","type-post","status-publish","format-standard","has-post-thumbnail","hentry","category-palmeiras"],"yoast_head":"<!-- This site is optimized with the Yoast SEO Premium plugin v24.2 (Yoast SEO v26.9) - https:\/\/yoast.com\/product\/yoast-seo-premium-wordpress\/ -->\n<title>Recado de Sormani, contrata\u00e7\u00e3o de Nathan e declara\u00e7\u00e3o de Ana Tha\u00eds Matos: as \u00faltimas not\u00edcias do Palmeiras<\/title>\n<meta name=\"robots\" content=\"index, follow, max-snippet:-1, max-image-preview:large, max-video-preview:-1\" \/>\n<link rel=\"canonical\" href=\"https:\/\/www.gaveanews.com\/index.php\/2025\/02\/05\/recado-de-sormani-contratacao-de-nathan-e-declaracao-de-ana-thais-matos-as-ultimas-noticias-do-palmeiras\/\" \/>\n<meta property=\"og:locale\" content=\"pt_BR\" \/>\n<meta property=\"og:type\" content=\"article\" \/>\n<meta property=\"og:title\" content=\"Recado de Sormani, contrata\u00e7\u00e3o de Nathan e declara\u00e7\u00e3o de Ana Tha\u00eds Matos: as \u00faltimas not\u00edcias do Palmeiras\" \/>\n<meta property=\"og:description\" content=\"Nas \u00faltimas horas, o foco das not\u00edcias sobre o Palmeiras se concentram nos bastidores do clube, com destaques do dia a dia do time. Por conta deste contexto, leia abaixo um resumo preparado pela equipe do portal G\u00e1vea News para lhe manter muito bem informado! Declara\u00e7\u00e3o de Ana Tha\u00eds Matos Abel Ferreira anunciou que 2025 [&hellip;]\" \/>\n<meta property=\"og:url\" content=\"https:\/\/www.gaveanews.com\/index.php\/2025\/02\/05\/recado-de-sormani-contratacao-de-nathan-e-declaracao-de-ana-thais-matos-as-ultimas-noticias-do-palmeiras\/\" \/>\n<meta property=\"og:site_name\" content=\"G\u00e1vea News\" \/>\n<meta property=\"article:publisher\" content=\"https:\/\/facebook.com\/gaveaNews\/\" \/>\n<meta property=\"article:published_time\" content=\"2025-02-05T10:25:00+00:00\" \/>\n<meta property=\"og:image\" content=\"https:\/\/www.gaveanews.com\/wp-content\/uploads\/Jogadores-do-Palmeiras-durante-partida-valida-pela-Copa-do-Brasil-2024.webp\" \/>\n\t<meta property=\"og:image:width\" content=\"1051\" \/>\n\t<meta property=\"og:image:height\" content=\"701\" \/>\n\t<meta property=\"og:image:type\" content=\"image\/webp\" \/>\n<meta name=\"author\" content=\"Matheus Felipe\" \/>\n<meta name=\"twitter:card\" content=\"summary_large_image\" \/>\n<meta name=\"twitter:label1\" content=\"Escrito por\" \/>\n\t<meta name=\"twitter:data1\" content=\"Matheus Felipe\" \/>\n\t<meta name=\"twitter:label2\" content=\"Est. tempo de leitura\" \/>\n\t<meta name=\"twitter:data2\" content=\"6 minutos\" \/>\n<script type=\"application\/ld+json\" class=\"yoast-schema-graph\">{\"@context\":\"https:\/\/schema.org\",\"@graph\":[{\"@type\":\"NewsArticle\",\"@id\":\"https:\/\/www.gaveanews.com\/index.php\/2025\/02\/05\/recado-de-sormani-contratacao-de-nathan-e-declaracao-de-ana-thais-matos-as-ultimas-noticias-do-palmeiras\/#article\",\"isPartOf\":{\"@id\":\"https:\/\/www.gaveanews.com\/index.php\/2025\/02\/05\/recado-de-sormani-contratacao-de-nathan-e-declaracao-de-ana-thais-matos-as-ultimas-noticias-do-palmeiras\/\"},\"author\":{\"name\":\"Matheus Felipe\",\"@id\":\"https:\/\/www.gaveanews.com\/#\/schema\/person\/8207cd4627f56151707418bfc835b2fb\"},\"headline\":\"Recado de Sormani, contrata\u00e7\u00e3o de Nathan e declara\u00e7\u00e3o de Ana Tha\u00eds Matos: as \u00faltimas not\u00edcias do Palmeiras\",\"datePublished\":\"2025-02-05T10:25:00+00:00\",\"mainEntityOfPage\":{\"@id\":\"https:\/\/www.gaveanews.com\/index.php\/2025\/02\/05\/recado-de-sormani-contratacao-de-nathan-e-declaracao-de-ana-thais-matos-as-ultimas-noticias-do-palmeiras\/\"},\"wordCount\":863,\"commentCount\":0,\"image\":{\"@id\":\"https:\/\/www.gaveanews.com\/index.php\/2025\/02\/05\/recado-de-sormani-contratacao-de-nathan-e-declaracao-de-ana-thais-matos-as-ultimas-noticias-do-palmeiras\/#primaryimage\"},\"thumbnailUrl\":\"https:\/\/www.gaveanews.com\/wp-content\/uploads\/Jogadores-do-Palmeiras-durante-partida-valida-pela-Copa-do-Brasil-2024.webp\",\"articleSection\":[\"Palmeiras\"],\"inLanguage\":\"pt-BR\",\"potentialAction\":[{\"@type\":\"CommentAction\",\"name\":\"Comment\",\"target\":[\"https:\/\/www.gaveanews.com\/index.php\/2025\/02\/05\/recado-de-sormani-contratacao-de-nathan-e-declaracao-de-ana-thais-matos-as-ultimas-noticias-do-palmeiras\/#respond\"]}],\"copyrightYear\":\"2025\",\"copyrightHolder\":{\"@id\":\"https:\/\/www.gaveanews.com\/#organization\"}},{\"@type\":\"WebPage\",\"@id\":\"https:\/\/www.gaveanews.com\/index.php\/2025\/02\/05\/recado-de-sormani-contratacao-de-nathan-e-declaracao-de-ana-thais-matos-as-ultimas-noticias-do-palmeiras\/\",\"url\":\"https:\/\/www.gaveanews.com\/index.php\/2025\/02\/05\/recado-de-sormani-contratacao-de-nathan-e-declaracao-de-ana-thais-matos-as-ultimas-noticias-do-palmeiras\/\",\"name\":\"Recado de Sormani, contrata\u00e7\u00e3o de Nathan e declara\u00e7\u00e3o de Ana Tha\u00eds Matos: as \u00faltimas not\u00edcias do Palmeiras\",\"isPartOf\":{\"@id\":\"https:\/\/www.gaveanews.com\/#website\"},\"primaryImageOfPage\":{\"@id\":\"https:\/\/www.gaveanews.com\/index.php\/2025\/02\/05\/recado-de-sormani-contratacao-de-nathan-e-declaracao-de-ana-thais-matos-as-ultimas-noticias-do-palmeiras\/#primaryimage\"},\"image\":{\"@id\":\"https:\/\/www.gaveanews.com\/index.php\/2025\/02\/05\/recado-de-sormani-contratacao-de-nathan-e-declaracao-de-ana-thais-matos-as-ultimas-noticias-do-palmeiras\/#primaryimage\"},\"thumbnailUrl\":\"https:\/\/www.gaveanews.com\/wp-content\/uploads\/Jogadores-do-Palmeiras-durante-partida-valida-pela-Copa-do-Brasil-2024.webp\",\"datePublished\":\"2025-02-05T10:25:00+00:00\",\"author\":{\"@id\":\"https:\/\/www.gaveanews.com\/#\/schema\/person\/8207cd4627f56151707418bfc835b2fb\"},\"breadcrumb\":{\"@id\":\"https:\/\/www.gaveanews.com\/index.php\/2025\/02\/05\/recado-de-sormani-contratacao-de-nathan-e-declaracao-de-ana-thais-matos-as-ultimas-noticias-do-palmeiras\/#breadcrumb\"},\"inLanguage\":\"pt-BR\",\"potentialAction\":[{\"@type\":\"ReadAction\",\"target\":[\"https:\/\/www.gaveanews.com\/index.php\/2025\/02\/05\/recado-de-sormani-contratacao-de-nathan-e-declaracao-de-ana-thais-matos-as-ultimas-noticias-do-palmeiras\/\"]}]},{\"@type\":\"ImageObject\",\"inLanguage\":\"pt-BR\",\"@id\":\"https:\/\/www.gaveanews.com\/index.php\/2025\/02\/05\/recado-de-sormani-contratacao-de-nathan-e-declaracao-de-ana-thais-matos-as-ultimas-noticias-do-palmeiras\/#primaryimage\",\"url\":\"https:\/\/www.gaveanews.com\/wp-content\/uploads\/Jogadores-do-Palmeiras-durante-partida-valida-pela-Copa-do-Brasil-2024.webp\",\"contentUrl\":\"https:\/\/www.gaveanews.com\/wp-content\/uploads\/Jogadores-do-Palmeiras-durante-partida-valida-pela-Copa-do-Brasil-2024.webp\",\"width\":1051,\"height\":701,\"caption\":\"Jogadores do Palmeiras durante partida v\u00e1lida pela Copa do Brasil 2024 (Foto: Reprodu\u00e7\u00e3o\/Palmeiras)\"},{\"@type\":\"BreadcrumbList\",\"@id\":\"https:\/\/www.gaveanews.com\/index.php\/2025\/02\/05\/recado-de-sormani-contratacao-de-nathan-e-declaracao-de-ana-thais-matos-as-ultimas-noticias-do-palmeiras\/#breadcrumb\",\"itemListElement\":[{\"@type\":\"ListItem\",\"position\":1,\"name\":\"Home\",\"item\":\"https:\/\/www.gaveanews.com\/\"},{\"@type\":\"ListItem\",\"position\":2,\"name\":\"Recado de Sormani, contrata\u00e7\u00e3o de Nathan e declara\u00e7\u00e3o de Ana Tha\u00eds Matos: as \u00faltimas not\u00edcias do Palmeiras\"}]},{\"@type\":\"WebSite\",\"@id\":\"https:\/\/www.gaveanews.com\/#website\",\"url\":\"https:\/\/www.gaveanews.com\/\",\"name\":\"G\u00e1vea News\",\"description\":\"Veja todas as not\u00edcias sobre o Flamengo: Contrata\u00e7\u00f5es, categorias de base, resultados das partidas, tabela de classifica\u00e7\u00e3o, pr\u00f3ximos jogos!\",\"potentialAction\":[{\"@type\":\"SearchAction\",\"target\":{\"@type\":\"EntryPoint\",\"urlTemplate\":\"https:\/\/www.gaveanews.com\/?s={search_term_string}\"},\"query-input\":{\"@type\":\"PropertyValueSpecification\",\"valueRequired\":true,\"valueName\":\"search_term_string\"}}],\"inLanguage\":\"pt-BR\"},{\"@type\":\"Person\",\"@id\":\"https:\/\/www.gaveanews.com\/#\/schema\/person\/8207cd4627f56151707418bfc835b2fb\",\"name\":\"Matheus Felipe\",\"image\":{\"@type\":\"ImageObject\",\"inLanguage\":\"pt-BR\",\"@id\":\"https:\/\/www.gaveanews.com\/#\/schema\/person\/image\/\",\"url\":\"https:\/\/secure.gravatar.com\/avatar\/a452ffbed9130f726358b298bb3a99ce4bd3c5338411f8440e87e14d74c7c087?s=96&d=mm&r=g\",\"contentUrl\":\"https:\/\/secure.gravatar.com\/avatar\/a452ffbed9130f726358b298bb3a99ce4bd3c5338411f8440e87e14d74c7c087?s=96&d=mm&r=g\",\"caption\":\"Matheus Felipe\"}}]}<\/script>\n<!-- \/ Yoast SEO Premium plugin. -->","yoast_head_json":{"title":"Recado de Sormani, contrata\u00e7\u00e3o de Nathan e declara\u00e7\u00e3o de Ana Tha\u00eds Matos: as \u00faltimas not\u00edcias do Palmeiras","robots":{"index":"index","follow":"follow","max-snippet":"max-snippet:-1","max-image-preview":"max-image-preview:large","max-video-preview":"max-video-preview:-1"},"canonical":"https:\/\/www.gaveanews.com\/index.php\/2025\/02\/05\/recado-de-sormani-contratacao-de-nathan-e-declaracao-de-ana-thais-matos-as-ultimas-noticias-do-palmeiras\/","og_locale":"pt_BR","og_type":"article","og_title":"Recado de Sormani, contrata\u00e7\u00e3o de Nathan e declara\u00e7\u00e3o de Ana Tha\u00eds Matos: as \u00faltimas not\u00edcias do Palmeiras","og_description":"Nas \u00faltimas horas, o foco das not\u00edcias sobre o Palmeiras se concentram nos bastidores do clube, com destaques do dia a dia do time. Por conta deste contexto, leia abaixo um resumo preparado pela equipe do portal G\u00e1vea News para lhe manter muito bem informado! Declara\u00e7\u00e3o de Ana Tha\u00eds Matos Abel Ferreira anunciou que 2025 [&hellip;]","og_url":"https:\/\/www.gaveanews.com\/index.php\/2025\/02\/05\/recado-de-sormani-contratacao-de-nathan-e-declaracao-de-ana-thais-matos-as-ultimas-noticias-do-palmeiras\/","og_site_name":"G\u00e1vea News","article_publisher":"https:\/\/facebook.com\/gaveaNews\/","article_published_time":"2025-02-05T10:25:00+00:00","og_image":[{"width":1051,"height":701,"url":"https:\/\/www.gaveanews.com\/wp-content\/uploads\/Jogadores-do-Palmeiras-durante-partida-valida-pela-Copa-do-Brasil-2024.webp","type":"image\/webp"}],"author":"Matheus Felipe","twitter_card":"summary_large_image","twitter_misc":{"Escrito por":"Matheus Felipe","Est. tempo de leitura":"6 minutos"},"schema":{"@context":"https:\/\/schema.org","@graph":[{"@type":"NewsArticle","@id":"https:\/\/www.gaveanews.com\/index.php\/2025\/02\/05\/recado-de-sormani-contratacao-de-nathan-e-declaracao-de-ana-thais-matos-as-ultimas-noticias-do-palmeiras\/#article","isPartOf":{"@id":"https:\/\/www.gaveanews.com\/index.php\/2025\/02\/05\/recado-de-sormani-contratacao-de-nathan-e-declaracao-de-ana-thais-matos-as-ultimas-noticias-do-palmeiras\/"},"author":{"name":"Matheus Felipe","@id":"https:\/\/www.gaveanews.com\/#\/schema\/person\/8207cd4627f56151707418bfc835b2fb"},"headline":"Recado de Sormani, contrata\u00e7\u00e3o de Nathan e declara\u00e7\u00e3o de Ana Tha\u00eds Matos: as \u00faltimas not\u00edcias do Palmeiras","datePublished":"2025-02-05T10:25:00+00:00","mainEntityOfPage":{"@id":"https:\/\/www.gaveanews.com\/index.php\/2025\/02\/05\/recado-de-sormani-contratacao-de-nathan-e-declaracao-de-ana-thais-matos-as-ultimas-noticias-do-palmeiras\/"},"wordCount":863,"commentCount":0,"image":{"@id":"https:\/\/www.gaveanews.com\/index.php\/2025\/02\/05\/recado-de-sormani-contratacao-de-nathan-e-declaracao-de-ana-thais-matos-as-ultimas-noticias-do-palmeiras\/#primaryimage"},"thumbnailUrl":"https:\/\/www.gaveanews.com\/wp-content\/uploads\/Jogadores-do-Palmeiras-durante-partida-valida-pela-Copa-do-Brasil-2024.webp","articleSection":["Palmeiras"],"inLanguage":"pt-BR","potentialAction":[{"@type":"CommentAction","name":"Comment","target":["https:\/\/www.gaveanews.com\/index.php\/2025\/02\/05\/recado-de-sormani-contratacao-de-nathan-e-declaracao-de-ana-thais-matos-as-ultimas-noticias-do-palmeiras\/#respond"]}],"copyrightYear":"2025","copyrightHolder":{"@id":"https:\/\/www.gaveanews.com\/#organization"}},{"@type":"WebPage","@id":"https:\/\/www.gaveanews.com\/index.php\/2025\/02\/05\/recado-de-sormani-contratacao-de-nathan-e-declaracao-de-ana-thais-matos-as-ultimas-noticias-do-palmeiras\/","url":"https:\/\/www.gaveanews.com\/index.php\/2025\/02\/05\/recado-de-sormani-contratacao-de-nathan-e-declaracao-de-ana-thais-matos-as-ultimas-noticias-do-palmeiras\/","name":"Recado de Sormani, contrata\u00e7\u00e3o de Nathan e declara\u00e7\u00e3o de Ana Tha\u00eds Matos: as \u00faltimas not\u00edcias do Palmeiras","isPartOf":{"@id":"https:\/\/www.gaveanews.com\/#website"},"primaryImageOfPage":{"@id":"https:\/\/www.gaveanews.com\/index.php\/2025\/02\/05\/recado-de-sormani-contratacao-de-nathan-e-declaracao-de-ana-thais-matos-as-ultimas-noticias-do-palmeiras\/#primaryimage"},"image":{"@id":"https:\/\/www.gaveanews.com\/index.php\/2025\/02\/05\/recado-de-sormani-contratacao-de-nathan-e-declaracao-de-ana-thais-matos-as-ultimas-noticias-do-palmeiras\/#primaryimage"},"thumbnailUrl":"https:\/\/www.gaveanews.com\/wp-content\/uploads\/Jogadores-do-Palmeiras-durante-partida-valida-pela-Copa-do-Brasil-2024.webp","datePublished":"2025-02-05T10:25:00+00:00","author":{"@id":"https:\/\/www.gaveanews.com\/#\/schema\/person\/8207cd4627f56151707418bfc835b2fb"},"breadcrumb":{"@id":"https:\/\/www.gaveanews.com\/index.php\/2025\/02\/05\/recado-de-sormani-contratacao-de-nathan-e-declaracao-de-ana-thais-matos-as-ultimas-noticias-do-palmeiras\/#breadcrumb"},"inLanguage":"pt-BR","potentialAction":[{"@type":"ReadAction","target":["https:\/\/www.gaveanews.com\/index.php\/2025\/02\/05\/recado-de-sormani-contratacao-de-nathan-e-declaracao-de-ana-thais-matos-as-ultimas-noticias-do-palmeiras\/"]}]},{"@type":"ImageObject","inLanguage":"pt-BR","@id":"https:\/\/www.gaveanews.com\/index.php\/2025\/02\/05\/recado-de-sormani-contratacao-de-nathan-e-declaracao-de-ana-thais-matos-as-ultimas-noticias-do-palmeiras\/#primaryimage","url":"https:\/\/www.gaveanews.com\/wp-content\/uploads\/Jogadores-do-Palmeiras-durante-partida-valida-pela-Copa-do-Brasil-2024.webp","contentUrl":"https:\/\/www.gaveanews.com\/wp-content\/uploads\/Jogadores-do-Palmeiras-durante-partida-valida-pela-Copa-do-Brasil-2024.webp","width":1051,"height":701,"caption":"Jogadores do Palmeiras durante partida v\u00e1lida pela Copa do Brasil 2024 (Foto: Reprodu\u00e7\u00e3o\/Palmeiras)"},{"@type":"BreadcrumbList","@id":"https:\/\/www.gaveanews.com\/index.php\/2025\/02\/05\/recado-de-sormani-contratacao-de-nathan-e-declaracao-de-ana-thais-matos-as-ultimas-noticias-do-palmeiras\/#breadcrumb","itemListElement":[{"@type":"ListItem","position":1,"name":"Home","item":"https:\/\/www.gaveanews.com\/"},{"@type":"ListItem","position":2,"name":"Recado de Sormani, contrata\u00e7\u00e3o de Nathan e declara\u00e7\u00e3o de Ana Tha\u00eds Matos: as \u00faltimas not\u00edcias do Palmeiras"}]},{"@type":"WebSite","@id":"https:\/\/www.gaveanews.com\/#website","url":"https:\/\/www.gaveanews.com\/","name":"G\u00e1vea News","description":"Veja todas as not\u00edcias sobre o Flamengo: Contrata\u00e7\u00f5es, categorias de base, resultados das partidas, tabela de classifica\u00e7\u00e3o, pr\u00f3ximos jogos!","potentialAction":[{"@type":"SearchAction","target":{"@type":"EntryPoint","urlTemplate":"https:\/\/www.gaveanews.com\/?s={search_term_string}"},"query-input":{"@type":"PropertyValueSpecification","valueRequired":true,"valueName":"search_term_string"}}],"inLanguage":"pt-BR"},{"@type":"Person","@id":"https:\/\/www.gaveanews.com\/#\/schema\/person\/8207cd4627f56151707418bfc835b2fb","name":"Matheus Felipe","image":{"@type":"ImageObject","inLanguage":"pt-BR","@id":"https:\/\/www.gaveanews.com\/#\/schema\/person\/image\/","url":"https:\/\/secure.gravatar.com\/avatar\/a452ffbed9130f726358b298bb3a99ce4bd3c5338411f8440e87e14d74c7c087?s=96&d=mm&r=g","contentUrl":"https:\/\/secure.gravatar.com\/avatar\/a452ffbed9130f726358b298bb3a99ce4bd3c5338411f8440e87e14d74c7c087?s=96&d=mm&r=g","caption":"Matheus Felipe"}}]}},"_links":{"self":[{"href":"https:\/\/www.gaveanews.com\/index.php\/wp-json\/wp\/v2\/posts\/223330","targetHints":{"allow":["GET"]}}],"collection":[{"href":"https:\/\/www.gaveanews.com\/index.php\/wp-json\/wp\/v2\/posts"}],"about":[{"href":"https:\/\/www.gaveanews.com\/index.php\/wp-json\/wp\/v2\/types\/post"}],"author":[{"embeddable":true,"href":"https:\/\/www.gaveanews.com\/index.php\/wp-json\/wp\/v2\/users\/27"}],"replies":[{"embeddable":true,"href":"https:\/\/www.gaveanews.com\/index.php\/wp-json\/wp\/v2\/comments?post=223330"}],"version-history":[{"count":1,"href":"https:\/\/www.gaveanews.com\/index.php\/wp-json\/wp\/v2\/posts\/223330\/revisions"}],"predecessor-version":[{"id":223438,"href":"https:\/\/www.gaveanews.com\/index.php\/wp-json\/wp\/v2\/posts\/223330\/revisions\/223438"}],"wp:featuredmedia":[{"embeddable":true,"href":"https:\/\/www.gaveanews.com\/index.php\/wp-json\/wp\/v2\/media\/158318"}],"wp:attachment":[{"href":"https:\/\/www.gaveanews.com\/index.php\/wp-json\/wp\/v2\/media?parent=223330"}],"wp:term":[{"taxonomy":"category","embeddable":true,"href":"https:\/\/www.gaveanews.com\/index.php\/wp-json\/wp\/v2\/categories?post=223330"},{"taxonomy":"post_tag","embeddable":true,"href":"https:\/\/www.gaveanews.com\/index.php\/wp-json\/wp\/v2\/tags?post=223330"}],"curies":[{"name":"wp","href":"https:\/\/api.w.org\/{rel}","templated":true}]}}