{"id":223427,"date":"2025-02-05T05:05:00","date_gmt":"2025-02-05T08:05:00","guid":{"rendered":"https:\/\/www.gaveanews.com\/?p=223427"},"modified":"2025-02-05T00:24:15","modified_gmt":"2025-02-05T03:24:15","slug":"situacao-de-lyanco-chegada-de-marcelo-ex-flu-e-maiores-campeoes-do-seculo-as-ultimas-noticias-do-atletico-mg","status":"publish","type":"post","link":"https:\/\/www.gaveanews.com\/index.php\/2025\/02\/05\/situacao-de-lyanco-chegada-de-marcelo-ex-flu-e-maiores-campeoes-do-seculo-as-ultimas-noticias-do-atletico-mg\/","title":{"rendered":"Situa\u00e7\u00e3o de Lyanco, chegada de Marcelo ex-Flu e maiores campe\u00f5es do S\u00e9culo: as \u00faltimas not\u00edcias do Atl\u00e9tico-MG"},"content":{"rendered":"\n<p>Nas \u00faltimas horas, o foco das not\u00edcias sobre o Atl\u00e9tico-MG se concentram nos bastidores do<br>clube, com destaques do dia a dia do time.<\/p>\n\n\n\n<p>Por conta deste contexto, leia abaixo um resumo preparado pela equipe do portal G\u00e1vea News para lhe manter muito bem informado!<\/p>\n\n\n\n<h2 class=\"wp-block-heading\" id=\"h-maiores-campeoes-do-seculo\">Maiores campe\u00f5es do S\u00e9culo<\/h2>\n\n\n\n<p>O Flamengo se consolidou como o clube brasileiro mais vitorioso do s\u00e9culo 21 ao conquistar a Supercopa do Brasil, elevando seu total de t\u00edtulos para 26 desde 2001. O Rubro-Negro ampliou sua vantagem sobre Fortaleza, Cruzeiro e Internacional, que ocupam a segunda posi\u00e7\u00e3o com 18 trof\u00e9us cada. Atl\u00e9tico-MG, Corinthians e Paysandu aparecem logo atr\u00e1s, com 17 conquistas <strong><a href=\"https:\/\/www.gaveanews.com\/index.php\/2025\/02\/03\/flamengo-lidera-ranking-de-clubes-brasileiros-com-mais-titulos-no-seculo-21-veja\/\">(leia a mat\u00e9ria completa).<\/a><\/strong><\/p>\n\n\n\n<figure class=\"wp-block-image size-full\"><img loading=\"lazy\" decoding=\"async\" width=\"984\" height=\"656\" src=\"http:\/\/www.gaveanews.com\/wp-content\/uploads\/trofeu-brasileirao.webp\" alt=\"\" class=\"wp-image-110475\" srcset=\"https:\/\/www.gaveanews.com\/wp-content\/uploads\/trofeu-brasileirao.webp 984w, https:\/\/www.gaveanews.com\/wp-content\/uploads\/trofeu-brasileirao-300x200.webp 300w, https:\/\/www.gaveanews.com\/wp-content\/uploads\/trofeu-brasileirao-768x512.webp 768w, https:\/\/www.gaveanews.com\/wp-content\/uploads\/trofeu-brasileirao-630x420.webp 630w, https:\/\/www.gaveanews.com\/wp-content\/uploads\/trofeu-brasileirao-640x427.webp 640w, https:\/\/www.gaveanews.com\/wp-content\/uploads\/trofeu-brasileirao-681x454.webp 681w, https:\/\/www.gaveanews.com\/wp-content\/uploads\/trofeu-brasileirao-100x67.webp 100w\" sizes=\"auto, (max-width: 984px) 100vw, 984px\" \/><figcaption class=\"wp-element-caption\">Trof\u00e9u do Brasileir\u00e3o (Foto: Lucas Figueiredo\/ CBF)<\/figcaption><\/figure>\n\n\n\n<p>A supremacia flamenguista n\u00e3o se restringe a t\u00edtulos estaduais. O clube ergueu duas Libertadores, tr\u00eas Campeonatos Brasileiros e quatro Copas do Brasil, al\u00e9m de tr\u00eas Supercopas do Brasil e uma Recopa Sul-Americana. <\/p>\n\n\n\n<p>O projeto s\u00f3lido e os investimentos estrat\u00e9gicos t\u00eam sido fundamentais para manter o time como protagonista em diversas competi\u00e7\u00f5es, consolidando sua for\u00e7a no futebol nacional e internacional.<\/p>\n\n\n\n<p>Para 2025, o Flamengo tem mais cinco competi\u00e7\u00f5es em disputa: Campeonato Carioca, Brasileir\u00e3o, Copa do Brasil, Libertadores e Super Mundial de Clubes. Com um elenco forte e competitivo, a expectativa \u00e9 que o clube continue ampliando sua galeria de trof\u00e9us e reafirmando seu dom\u00ednio no futebol brasileiro.<\/p>\n\n\n\n<h2 class=\"wp-block-heading\" id=\"h-chegada-de-marcelo-ex-flu\">Chegada de Marcelo ex-Flu<\/h2>\n\n\n\n<p>O lateral-esquerdo Marcelo, sem clube desde sua sa\u00edda do Fluminense, teve seu nome ligado ao Atl\u00e9tico-MG, principalmente devido \u00e0 parceria do clube com a H2Bet, empresa da qual o jogador \u00e9 embaixador. A especula\u00e7\u00e3o surgiu porque a patrocinadora recentemente assinou um contrato milion\u00e1rio com o Galo, garantindo maior seguran\u00e7a financeira e possibilitando refor\u00e7os para o elenco. Diante dos rumores, Ueltom Lima, CEO da H2Bet, esclareceu que a decis\u00e3o sobre uma poss\u00edvel contrata\u00e7\u00e3o de Marcelo cabe exclusivamente ao jogador e ao clube, sem interfer\u00eancia direta da empresa <strong><a href=\"https:\/\/www.gaveanews.com\/index.php\/2025\/02\/03\/marcelo-no-atletico-mg-patrocinador-do-clube-se-manifesta\/\">(leia a mat\u00e9ria completa).<\/a><\/strong><\/p>\n\n\n\n<figure class=\"wp-block-image size-full\"><img loading=\"lazy\" decoding=\"async\" width=\"774\" height=\"436\" src=\"http:\/\/www.gaveanews.com\/wp-content\/uploads\/Marcelo-pelo-Fluminense.webp\" alt=\"\" class=\"wp-image-167658\" srcset=\"https:\/\/www.gaveanews.com\/wp-content\/uploads\/Marcelo-pelo-Fluminense.webp 774w, https:\/\/www.gaveanews.com\/wp-content\/uploads\/Marcelo-pelo-Fluminense-300x169.webp 300w, https:\/\/www.gaveanews.com\/wp-content\/uploads\/Marcelo-pelo-Fluminense-768x433.webp 768w, https:\/\/www.gaveanews.com\/wp-content\/uploads\/Marcelo-pelo-Fluminense-746x420.webp 746w, https:\/\/www.gaveanews.com\/wp-content\/uploads\/Marcelo-pelo-Fluminense-640x361.webp 640w, https:\/\/www.gaveanews.com\/wp-content\/uploads\/Marcelo-pelo-Fluminense-681x384.webp 681w, https:\/\/www.gaveanews.com\/wp-content\/uploads\/Marcelo-pelo-Fluminense-100x56.webp 100w\" sizes=\"auto, (max-width: 774px) 100vw, 774px\" \/><figcaption class=\"wp-element-caption\">Marcelo pelo Fluminense (Foto: Mailson Santana\/Fluminense)<\/figcaption><\/figure>\n\n\n\n<p>O Atl\u00e9tico-MG, que fechou um contrato de tr\u00eas anos com a H2Bet no valor de R$ 180 milh\u00f5es, tem investido fortemente no mercado de transfer\u00eancias. O clube negociou Paulinho com o Palmeiras e, em troca, trouxe Gabriel Menino e Patrick. Al\u00e9m disso, contratou J\u00fanior Santos e Cuello para refor\u00e7ar o setor ofensivo. A poss\u00edvel chegada de Marcelo animou a torcida, j\u00e1 que o jogador traria experi\u00eancia e qualidade para disputar posi\u00e7\u00e3o com Guilherme Arana, titular da equipe e presen\u00e7a constante na Sele\u00e7\u00e3o Brasileira.<\/p>\n\n\n\n<p>Apesar do entusiasmo dos torcedores, Ueltom Lima refor\u00e7ou que a patrocinadora apenas fornece aporte financeiro, sem participa\u00e7\u00e3o direta em negocia\u00e7\u00f5es de jogadores. Assim, qualquer acerto depende do interesse de Marcelo e da diretoria do Atl\u00e9tico-MG. A declara\u00e7\u00e3o do CEO afastou a possibilidade imediata da contrata\u00e7\u00e3o, mas n\u00e3o descartou completamente a chance de um acordo no futuro, caso haja interesse m\u00fatuo entre o clube e o atleta.<\/p>\n\n\n\n<h2 class=\"wp-block-heading\" id=\"h-situacao-de-lyanco\">Situa\u00e7\u00e3o de Lyanco<\/h2>\n\n\n\n<p>O Atl\u00e9tico-MG enfrenta uma semana decisiva no Campeonato Mineiro, com dois jogos importantes: primeiro contra o Athletic, nesta ter\u00e7a-feira, e depois no cl\u00e1ssico contra o Cruzeiro, no domingo. A presen\u00e7a do zagueiro Lyanco no duelo contra a Raposa ainda \u00e9 incerta, j\u00e1 que ele est\u00e1 pendurado com dois cart\u00f5es amarelos. Caso receba mais um no confronto contra o Athletic, ficar\u00e1 suspenso e n\u00e3o poder\u00e1 atuar no cl\u00e1ssico <strong><a href=\"https:\/\/www.gaveanews.com\/index.php\/2025\/02\/03\/cruzeiro-x-atletico-mg-lyanco-vai-jogar\/\">(leia a mat\u00e9ria completa).<\/a><\/strong><\/p>\n\n\n\n<figure class=\"wp-block-image size-full\"><img loading=\"lazy\" decoding=\"async\" width=\"795\" height=\"448\" src=\"http:\/\/www.gaveanews.com\/wp-content\/uploads\/lyanco-1.webp\" alt=\"\" class=\"wp-image-149654\" srcset=\"https:\/\/www.gaveanews.com\/wp-content\/uploads\/lyanco-1.webp 795w, https:\/\/www.gaveanews.com\/wp-content\/uploads\/lyanco-1-300x169.webp 300w, https:\/\/www.gaveanews.com\/wp-content\/uploads\/lyanco-1-768x433.webp 768w, https:\/\/www.gaveanews.com\/wp-content\/uploads\/lyanco-1-745x420.webp 745w, https:\/\/www.gaveanews.com\/wp-content\/uploads\/lyanco-1-640x361.webp 640w, https:\/\/www.gaveanews.com\/wp-content\/uploads\/lyanco-1-681x384.webp 681w, https:\/\/www.gaveanews.com\/wp-content\/uploads\/lyanco-1-100x56.webp 100w\" sizes=\"auto, (max-width: 795px) 100vw, 795px\" \/><figcaption class=\"wp-element-caption\">Foto: Divulga\u00e7\u00e3o\/Al-Gharafa\n<\/figcaption><\/figure>\n\n\n\n<p>Diante desse cen\u00e1rio, a comiss\u00e3o t\u00e9cnica pode optar por poupar Lyanco na partida desta ter\u00e7a-feira para garantir sua presen\u00e7a contra o Cruzeiro. O defensor tem sido um dos pilares da equipe desde a pr\u00e9-temporada, com atua\u00e7\u00f5es seguras e lideran\u00e7a defensiva, tornando-se pe\u00e7a fundamental no esquema do t\u00e9cnico Cuca.<\/p>\n\n\n\n<p>Com a classifica\u00e7\u00e3o no Campeonato Mineiro em jogo, o Atl\u00e9tico-MG precisa de bons resultados nos dois confrontos para seguir com chances de avan\u00e7ar \u00e0 pr\u00f3xima fase. O cl\u00e1ssico contra o Cruzeiro promete ser um dos momentos mais aguardados da temporada, com a torcida celeste lotando o Mineir\u00e3o. Resta saber qual ser\u00e1 a estrat\u00e9gia do Galo para administrar o desgaste e evitar desfalques em um duelo t\u00e3o crucial.<\/p>\n","protected":false},"excerpt":{"rendered":"<p>Nas \u00faltimas horas, o foco das not\u00edcias sobre o Atl\u00e9tico-MG se concentram nos bastidores doclube, com destaques do dia a dia do time. Por conta deste contexto, leia abaixo um resumo preparado pela equipe do portal G\u00e1vea News para lhe manter muito bem informado! Maiores campe\u00f5es do S\u00e9culo O Flamengo se consolidou como o clube [&hellip;]<\/p>\n","protected":false},"author":27,"featured_media":150828,"comment_status":"open","ping_status":"closed","sticky":false,"template":"","format":"standard","meta":{"footnotes":""},"categories":[136],"tags":[],"class_list":["post-223427","post","type-post","status-publish","format-standard","has-post-thumbnail","hentry","category-atletico-mg"],"yoast_head":"<!-- This site is optimized with the Yoast SEO Premium plugin v24.2 (Yoast SEO v26.9) - https:\/\/yoast.com\/product\/yoast-seo-premium-wordpress\/ -->\n<title>Situa\u00e7\u00e3o de Lyanco, chegada de Marcelo ex-Flu e maiores campe\u00f5es do S\u00e9culo: as \u00faltimas not\u00edcias do Atl\u00e9tico-MG<\/title>\n<meta name=\"robots\" content=\"index, follow, max-snippet:-1, max-image-preview:large, max-video-preview:-1\" \/>\n<link rel=\"canonical\" href=\"https:\/\/www.gaveanews.com\/index.php\/2025\/02\/05\/situacao-de-lyanco-chegada-de-marcelo-ex-flu-e-maiores-campeoes-do-seculo-as-ultimas-noticias-do-atletico-mg\/\" \/>\n<meta property=\"og:locale\" content=\"pt_BR\" \/>\n<meta property=\"og:type\" content=\"article\" \/>\n<meta property=\"og:title\" content=\"Situa\u00e7\u00e3o de Lyanco, chegada de Marcelo ex-Flu e maiores campe\u00f5es do S\u00e9culo: as \u00faltimas not\u00edcias do Atl\u00e9tico-MG\" \/>\n<meta property=\"og:description\" content=\"Nas \u00faltimas horas, o foco das not\u00edcias sobre o Atl\u00e9tico-MG se concentram nos bastidores doclube, com destaques do dia a dia do time. Por conta deste contexto, leia abaixo um resumo preparado pela equipe do portal G\u00e1vea News para lhe manter muito bem informado! Maiores campe\u00f5es do S\u00e9culo O Flamengo se consolidou como o clube [&hellip;]\" \/>\n<meta property=\"og:url\" content=\"https:\/\/www.gaveanews.com\/index.php\/2025\/02\/05\/situacao-de-lyanco-chegada-de-marcelo-ex-flu-e-maiores-campeoes-do-seculo-as-ultimas-noticias-do-atletico-mg\/\" \/>\n<meta property=\"og:site_name\" content=\"G\u00e1vea News\" \/>\n<meta property=\"article:publisher\" content=\"https:\/\/facebook.com\/gaveaNews\/\" \/>\n<meta property=\"article:published_time\" content=\"2025-02-05T08:05:00+00:00\" \/>\n<meta property=\"og:image\" content=\"https:\/\/www.gaveanews.com\/wp-content\/uploads\/Torcida-do-Atletico-MG.webp\" \/>\n\t<meta property=\"og:image:width\" content=\"1066\" \/>\n\t<meta property=\"og:image:height\" content=\"711\" \/>\n\t<meta property=\"og:image:type\" content=\"image\/webp\" \/>\n<meta name=\"author\" content=\"Matheus Felipe\" \/>\n<meta name=\"twitter:card\" content=\"summary_large_image\" \/>\n<meta name=\"twitter:label1\" content=\"Escrito por\" \/>\n\t<meta name=\"twitter:data1\" content=\"Matheus Felipe\" \/>\n\t<meta name=\"twitter:label2\" content=\"Est. tempo de leitura\" \/>\n\t<meta name=\"twitter:data2\" content=\"5 minutos\" \/>\n<script type=\"application\/ld+json\" class=\"yoast-schema-graph\">{\"@context\":\"https:\/\/schema.org\",\"@graph\":[{\"@type\":\"NewsArticle\",\"@id\":\"https:\/\/www.gaveanews.com\/index.php\/2025\/02\/05\/situacao-de-lyanco-chegada-de-marcelo-ex-flu-e-maiores-campeoes-do-seculo-as-ultimas-noticias-do-atletico-mg\/#article\",\"isPartOf\":{\"@id\":\"https:\/\/www.gaveanews.com\/index.php\/2025\/02\/05\/situacao-de-lyanco-chegada-de-marcelo-ex-flu-e-maiores-campeoes-do-seculo-as-ultimas-noticias-do-atletico-mg\/\"},\"author\":{\"name\":\"Matheus Felipe\",\"@id\":\"https:\/\/www.gaveanews.com\/#\/schema\/person\/8207cd4627f56151707418bfc835b2fb\"},\"headline\":\"Situa\u00e7\u00e3o de Lyanco, chegada de Marcelo ex-Flu e maiores campe\u00f5es do S\u00e9culo: as \u00faltimas not\u00edcias do Atl\u00e9tico-MG\",\"datePublished\":\"2025-02-05T08:05:00+00:00\",\"mainEntityOfPage\":{\"@id\":\"https:\/\/www.gaveanews.com\/index.php\/2025\/02\/05\/situacao-de-lyanco-chegada-de-marcelo-ex-flu-e-maiores-campeoes-do-seculo-as-ultimas-noticias-do-atletico-mg\/\"},\"wordCount\":764,\"commentCount\":0,\"image\":{\"@id\":\"https:\/\/www.gaveanews.com\/index.php\/2025\/02\/05\/situacao-de-lyanco-chegada-de-marcelo-ex-flu-e-maiores-campeoes-do-seculo-as-ultimas-noticias-do-atletico-mg\/#primaryimage\"},\"thumbnailUrl\":\"https:\/\/www.gaveanews.com\/wp-content\/uploads\/Torcida-do-Atletico-MG.webp\",\"articleSection\":[\"Atl\u00e9tico-MG\"],\"inLanguage\":\"pt-BR\",\"potentialAction\":[{\"@type\":\"CommentAction\",\"name\":\"Comment\",\"target\":[\"https:\/\/www.gaveanews.com\/index.php\/2025\/02\/05\/situacao-de-lyanco-chegada-de-marcelo-ex-flu-e-maiores-campeoes-do-seculo-as-ultimas-noticias-do-atletico-mg\/#respond\"]}],\"copyrightYear\":\"2025\",\"copyrightHolder\":{\"@id\":\"https:\/\/www.gaveanews.com\/#organization\"}},{\"@type\":\"WebPage\",\"@id\":\"https:\/\/www.gaveanews.com\/index.php\/2025\/02\/05\/situacao-de-lyanco-chegada-de-marcelo-ex-flu-e-maiores-campeoes-do-seculo-as-ultimas-noticias-do-atletico-mg\/\",\"url\":\"https:\/\/www.gaveanews.com\/index.php\/2025\/02\/05\/situacao-de-lyanco-chegada-de-marcelo-ex-flu-e-maiores-campeoes-do-seculo-as-ultimas-noticias-do-atletico-mg\/\",\"name\":\"Situa\u00e7\u00e3o de Lyanco, chegada de Marcelo ex-Flu e maiores campe\u00f5es do S\u00e9culo: as \u00faltimas not\u00edcias do Atl\u00e9tico-MG\",\"isPartOf\":{\"@id\":\"https:\/\/www.gaveanews.com\/#website\"},\"primaryImageOfPage\":{\"@id\":\"https:\/\/www.gaveanews.com\/index.php\/2025\/02\/05\/situacao-de-lyanco-chegada-de-marcelo-ex-flu-e-maiores-campeoes-do-seculo-as-ultimas-noticias-do-atletico-mg\/#primaryimage\"},\"image\":{\"@id\":\"https:\/\/www.gaveanews.com\/index.php\/2025\/02\/05\/situacao-de-lyanco-chegada-de-marcelo-ex-flu-e-maiores-campeoes-do-seculo-as-ultimas-noticias-do-atletico-mg\/#primaryimage\"},\"thumbnailUrl\":\"https:\/\/www.gaveanews.com\/wp-content\/uploads\/Torcida-do-Atletico-MG.webp\",\"datePublished\":\"2025-02-05T08:05:00+00:00\",\"author\":{\"@id\":\"https:\/\/www.gaveanews.com\/#\/schema\/person\/8207cd4627f56151707418bfc835b2fb\"},\"breadcrumb\":{\"@id\":\"https:\/\/www.gaveanews.com\/index.php\/2025\/02\/05\/situacao-de-lyanco-chegada-de-marcelo-ex-flu-e-maiores-campeoes-do-seculo-as-ultimas-noticias-do-atletico-mg\/#breadcrumb\"},\"inLanguage\":\"pt-BR\",\"potentialAction\":[{\"@type\":\"ReadAction\",\"target\":[\"https:\/\/www.gaveanews.com\/index.php\/2025\/02\/05\/situacao-de-lyanco-chegada-de-marcelo-ex-flu-e-maiores-campeoes-do-seculo-as-ultimas-noticias-do-atletico-mg\/\"]}]},{\"@type\":\"ImageObject\",\"inLanguage\":\"pt-BR\",\"@id\":\"https:\/\/www.gaveanews.com\/index.php\/2025\/02\/05\/situacao-de-lyanco-chegada-de-marcelo-ex-flu-e-maiores-campeoes-do-seculo-as-ultimas-noticias-do-atletico-mg\/#primaryimage\",\"url\":\"https:\/\/www.gaveanews.com\/wp-content\/uploads\/Torcida-do-Atletico-MG.webp\",\"contentUrl\":\"https:\/\/www.gaveanews.com\/wp-content\/uploads\/Torcida-do-Atletico-MG.webp\",\"width\":1066,\"height\":711,\"caption\":\"Torcida do Atl\u00e9tico-MG (Foto: Reprodu\u00e7\u00e3o\/Instagram)\"},{\"@type\":\"BreadcrumbList\",\"@id\":\"https:\/\/www.gaveanews.com\/index.php\/2025\/02\/05\/situacao-de-lyanco-chegada-de-marcelo-ex-flu-e-maiores-campeoes-do-seculo-as-ultimas-noticias-do-atletico-mg\/#breadcrumb\",\"itemListElement\":[{\"@type\":\"ListItem\",\"position\":1,\"name\":\"Home\",\"item\":\"https:\/\/www.gaveanews.com\/\"},{\"@type\":\"ListItem\",\"position\":2,\"name\":\"Situa\u00e7\u00e3o de Lyanco, chegada de Marcelo ex-Flu e maiores campe\u00f5es do S\u00e9culo: as \u00faltimas not\u00edcias do Atl\u00e9tico-MG\"}]},{\"@type\":\"WebSite\",\"@id\":\"https:\/\/www.gaveanews.com\/#website\",\"url\":\"https:\/\/www.gaveanews.com\/\",\"name\":\"G\u00e1vea News\",\"description\":\"Veja todas as not\u00edcias sobre o Flamengo: Contrata\u00e7\u00f5es, categorias de base, resultados das partidas, tabela de classifica\u00e7\u00e3o, pr\u00f3ximos jogos!\",\"potentialAction\":[{\"@type\":\"SearchAction\",\"target\":{\"@type\":\"EntryPoint\",\"urlTemplate\":\"https:\/\/www.gaveanews.com\/?s={search_term_string}\"},\"query-input\":{\"@type\":\"PropertyValueSpecification\",\"valueRequired\":true,\"valueName\":\"search_term_string\"}}],\"inLanguage\":\"pt-BR\"},{\"@type\":\"Person\",\"@id\":\"https:\/\/www.gaveanews.com\/#\/schema\/person\/8207cd4627f56151707418bfc835b2fb\",\"name\":\"Matheus Felipe\",\"image\":{\"@type\":\"ImageObject\",\"inLanguage\":\"pt-BR\",\"@id\":\"https:\/\/www.gaveanews.com\/#\/schema\/person\/image\/\",\"url\":\"https:\/\/secure.gravatar.com\/avatar\/a452ffbed9130f726358b298bb3a99ce4bd3c5338411f8440e87e14d74c7c087?s=96&d=mm&r=g\",\"contentUrl\":\"https:\/\/secure.gravatar.com\/avatar\/a452ffbed9130f726358b298bb3a99ce4bd3c5338411f8440e87e14d74c7c087?s=96&d=mm&r=g\",\"caption\":\"Matheus Felipe\"}}]}<\/script>\n<!-- \/ Yoast SEO Premium plugin. -->","yoast_head_json":{"title":"Situa\u00e7\u00e3o de Lyanco, chegada de Marcelo ex-Flu e maiores campe\u00f5es do S\u00e9culo: as \u00faltimas not\u00edcias do Atl\u00e9tico-MG","robots":{"index":"index","follow":"follow","max-snippet":"max-snippet:-1","max-image-preview":"max-image-preview:large","max-video-preview":"max-video-preview:-1"},"canonical":"https:\/\/www.gaveanews.com\/index.php\/2025\/02\/05\/situacao-de-lyanco-chegada-de-marcelo-ex-flu-e-maiores-campeoes-do-seculo-as-ultimas-noticias-do-atletico-mg\/","og_locale":"pt_BR","og_type":"article","og_title":"Situa\u00e7\u00e3o de Lyanco, chegada de Marcelo ex-Flu e maiores campe\u00f5es do S\u00e9culo: as \u00faltimas not\u00edcias do Atl\u00e9tico-MG","og_description":"Nas \u00faltimas horas, o foco das not\u00edcias sobre o Atl\u00e9tico-MG se concentram nos bastidores doclube, com destaques do dia a dia do time. Por conta deste contexto, leia abaixo um resumo preparado pela equipe do portal G\u00e1vea News para lhe manter muito bem informado! Maiores campe\u00f5es do S\u00e9culo O Flamengo se consolidou como o clube [&hellip;]","og_url":"https:\/\/www.gaveanews.com\/index.php\/2025\/02\/05\/situacao-de-lyanco-chegada-de-marcelo-ex-flu-e-maiores-campeoes-do-seculo-as-ultimas-noticias-do-atletico-mg\/","og_site_name":"G\u00e1vea News","article_publisher":"https:\/\/facebook.com\/gaveaNews\/","article_published_time":"2025-02-05T08:05:00+00:00","og_image":[{"width":1066,"height":711,"url":"https:\/\/www.gaveanews.com\/wp-content\/uploads\/Torcida-do-Atletico-MG.webp","type":"image\/webp"}],"author":"Matheus Felipe","twitter_card":"summary_large_image","twitter_misc":{"Escrito por":"Matheus Felipe","Est. tempo de leitura":"5 minutos"},"schema":{"@context":"https:\/\/schema.org","@graph":[{"@type":"NewsArticle","@id":"https:\/\/www.gaveanews.com\/index.php\/2025\/02\/05\/situacao-de-lyanco-chegada-de-marcelo-ex-flu-e-maiores-campeoes-do-seculo-as-ultimas-noticias-do-atletico-mg\/#article","isPartOf":{"@id":"https:\/\/www.gaveanews.com\/index.php\/2025\/02\/05\/situacao-de-lyanco-chegada-de-marcelo-ex-flu-e-maiores-campeoes-do-seculo-as-ultimas-noticias-do-atletico-mg\/"},"author":{"name":"Matheus Felipe","@id":"https:\/\/www.gaveanews.com\/#\/schema\/person\/8207cd4627f56151707418bfc835b2fb"},"headline":"Situa\u00e7\u00e3o de Lyanco, chegada de Marcelo ex-Flu e maiores campe\u00f5es do S\u00e9culo: as \u00faltimas not\u00edcias do Atl\u00e9tico-MG","datePublished":"2025-02-05T08:05:00+00:00","mainEntityOfPage":{"@id":"https:\/\/www.gaveanews.com\/index.php\/2025\/02\/05\/situacao-de-lyanco-chegada-de-marcelo-ex-flu-e-maiores-campeoes-do-seculo-as-ultimas-noticias-do-atletico-mg\/"},"wordCount":764,"commentCount":0,"image":{"@id":"https:\/\/www.gaveanews.com\/index.php\/2025\/02\/05\/situacao-de-lyanco-chegada-de-marcelo-ex-flu-e-maiores-campeoes-do-seculo-as-ultimas-noticias-do-atletico-mg\/#primaryimage"},"thumbnailUrl":"https:\/\/www.gaveanews.com\/wp-content\/uploads\/Torcida-do-Atletico-MG.webp","articleSection":["Atl\u00e9tico-MG"],"inLanguage":"pt-BR","potentialAction":[{"@type":"CommentAction","name":"Comment","target":["https:\/\/www.gaveanews.com\/index.php\/2025\/02\/05\/situacao-de-lyanco-chegada-de-marcelo-ex-flu-e-maiores-campeoes-do-seculo-as-ultimas-noticias-do-atletico-mg\/#respond"]}],"copyrightYear":"2025","copyrightHolder":{"@id":"https:\/\/www.gaveanews.com\/#organization"}},{"@type":"WebPage","@id":"https:\/\/www.gaveanews.com\/index.php\/2025\/02\/05\/situacao-de-lyanco-chegada-de-marcelo-ex-flu-e-maiores-campeoes-do-seculo-as-ultimas-noticias-do-atletico-mg\/","url":"https:\/\/www.gaveanews.com\/index.php\/2025\/02\/05\/situacao-de-lyanco-chegada-de-marcelo-ex-flu-e-maiores-campeoes-do-seculo-as-ultimas-noticias-do-atletico-mg\/","name":"Situa\u00e7\u00e3o de Lyanco, chegada de Marcelo ex-Flu e maiores campe\u00f5es do S\u00e9culo: as \u00faltimas not\u00edcias do Atl\u00e9tico-MG","isPartOf":{"@id":"https:\/\/www.gaveanews.com\/#website"},"primaryImageOfPage":{"@id":"https:\/\/www.gaveanews.com\/index.php\/2025\/02\/05\/situacao-de-lyanco-chegada-de-marcelo-ex-flu-e-maiores-campeoes-do-seculo-as-ultimas-noticias-do-atletico-mg\/#primaryimage"},"image":{"@id":"https:\/\/www.gaveanews.com\/index.php\/2025\/02\/05\/situacao-de-lyanco-chegada-de-marcelo-ex-flu-e-maiores-campeoes-do-seculo-as-ultimas-noticias-do-atletico-mg\/#primaryimage"},"thumbnailUrl":"https:\/\/www.gaveanews.com\/wp-content\/uploads\/Torcida-do-Atletico-MG.webp","datePublished":"2025-02-05T08:05:00+00:00","author":{"@id":"https:\/\/www.gaveanews.com\/#\/schema\/person\/8207cd4627f56151707418bfc835b2fb"},"breadcrumb":{"@id":"https:\/\/www.gaveanews.com\/index.php\/2025\/02\/05\/situacao-de-lyanco-chegada-de-marcelo-ex-flu-e-maiores-campeoes-do-seculo-as-ultimas-noticias-do-atletico-mg\/#breadcrumb"},"inLanguage":"pt-BR","potentialAction":[{"@type":"ReadAction","target":["https:\/\/www.gaveanews.com\/index.php\/2025\/02\/05\/situacao-de-lyanco-chegada-de-marcelo-ex-flu-e-maiores-campeoes-do-seculo-as-ultimas-noticias-do-atletico-mg\/"]}]},{"@type":"ImageObject","inLanguage":"pt-BR","@id":"https:\/\/www.gaveanews.com\/index.php\/2025\/02\/05\/situacao-de-lyanco-chegada-de-marcelo-ex-flu-e-maiores-campeoes-do-seculo-as-ultimas-noticias-do-atletico-mg\/#primaryimage","url":"https:\/\/www.gaveanews.com\/wp-content\/uploads\/Torcida-do-Atletico-MG.webp","contentUrl":"https:\/\/www.gaveanews.com\/wp-content\/uploads\/Torcida-do-Atletico-MG.webp","width":1066,"height":711,"caption":"Torcida do Atl\u00e9tico-MG (Foto: Reprodu\u00e7\u00e3o\/Instagram)"},{"@type":"BreadcrumbList","@id":"https:\/\/www.gaveanews.com\/index.php\/2025\/02\/05\/situacao-de-lyanco-chegada-de-marcelo-ex-flu-e-maiores-campeoes-do-seculo-as-ultimas-noticias-do-atletico-mg\/#breadcrumb","itemListElement":[{"@type":"ListItem","position":1,"name":"Home","item":"https:\/\/www.gaveanews.com\/"},{"@type":"ListItem","position":2,"name":"Situa\u00e7\u00e3o de Lyanco, chegada de Marcelo ex-Flu e maiores campe\u00f5es do S\u00e9culo: as \u00faltimas not\u00edcias do Atl\u00e9tico-MG"}]},{"@type":"WebSite","@id":"https:\/\/www.gaveanews.com\/#website","url":"https:\/\/www.gaveanews.com\/","name":"G\u00e1vea News","description":"Veja todas as not\u00edcias sobre o Flamengo: Contrata\u00e7\u00f5es, categorias de base, resultados das partidas, tabela de classifica\u00e7\u00e3o, pr\u00f3ximos jogos!","potentialAction":[{"@type":"SearchAction","target":{"@type":"EntryPoint","urlTemplate":"https:\/\/www.gaveanews.com\/?s={search_term_string}"},"query-input":{"@type":"PropertyValueSpecification","valueRequired":true,"valueName":"search_term_string"}}],"inLanguage":"pt-BR"},{"@type":"Person","@id":"https:\/\/www.gaveanews.com\/#\/schema\/person\/8207cd4627f56151707418bfc835b2fb","name":"Matheus Felipe","image":{"@type":"ImageObject","inLanguage":"pt-BR","@id":"https:\/\/www.gaveanews.com\/#\/schema\/person\/image\/","url":"https:\/\/secure.gravatar.com\/avatar\/a452ffbed9130f726358b298bb3a99ce4bd3c5338411f8440e87e14d74c7c087?s=96&d=mm&r=g","contentUrl":"https:\/\/secure.gravatar.com\/avatar\/a452ffbed9130f726358b298bb3a99ce4bd3c5338411f8440e87e14d74c7c087?s=96&d=mm&r=g","caption":"Matheus Felipe"}}]}},"_links":{"self":[{"href":"https:\/\/www.gaveanews.com\/index.php\/wp-json\/wp\/v2\/posts\/223427","targetHints":{"allow":["GET"]}}],"collection":[{"href":"https:\/\/www.gaveanews.com\/index.php\/wp-json\/wp\/v2\/posts"}],"about":[{"href":"https:\/\/www.gaveanews.com\/index.php\/wp-json\/wp\/v2\/types\/post"}],"author":[{"embeddable":true,"href":"https:\/\/www.gaveanews.com\/index.php\/wp-json\/wp\/v2\/users\/27"}],"replies":[{"embeddable":true,"href":"https:\/\/www.gaveanews.com\/index.php\/wp-json\/wp\/v2\/comments?post=223427"}],"version-history":[{"count":1,"href":"https:\/\/www.gaveanews.com\/index.php\/wp-json\/wp\/v2\/posts\/223427\/revisions"}],"predecessor-version":[{"id":223429,"href":"https:\/\/www.gaveanews.com\/index.php\/wp-json\/wp\/v2\/posts\/223427\/revisions\/223429"}],"wp:featuredmedia":[{"embeddable":true,"href":"https:\/\/www.gaveanews.com\/index.php\/wp-json\/wp\/v2\/media\/150828"}],"wp:attachment":[{"href":"https:\/\/www.gaveanews.com\/index.php\/wp-json\/wp\/v2\/media?parent=223427"}],"wp:term":[{"taxonomy":"category","embeddable":true,"href":"https:\/\/www.gaveanews.com\/index.php\/wp-json\/wp\/v2\/categories?post=223427"},{"taxonomy":"post_tag","embeddable":true,"href":"https:\/\/www.gaveanews.com\/index.php\/wp-json\/wp\/v2\/tags?post=223427"}],"curies":[{"name":"wp","href":"https:\/\/api.w.org\/{rel}","templated":true}]}}