{"id":223430,"date":"2025-02-05T05:10:00","date_gmt":"2025-02-05T08:10:00","guid":{"rendered":"https:\/\/www.gaveanews.com\/?p=223430"},"modified":"2025-02-05T00:29:34","modified_gmt":"2025-02-05T03:29:34","slug":"repercussao-no-exterior-declaracao-de-galvao-bueno-e-tecnicos-livres-as-ultimas-noticias-do-botafogo","status":"publish","type":"post","link":"https:\/\/www.gaveanews.com\/index.php\/2025\/02\/05\/repercussao-no-exterior-declaracao-de-galvao-bueno-e-tecnicos-livres-as-ultimas-noticias-do-botafogo\/","title":{"rendered":"Repercuss\u00e3o no exterior, declara\u00e7\u00e3o de Galv\u00e3o Bueno e t\u00e9cnicos livres: as \u00faltimas not\u00edcias do Botafogo"},"content":{"rendered":"\n<p>Nas \u00faltimas horas, o foco das not\u00edcias sobre o Botafogo se concentram nos bastidores do<br>clube, com destaques do dia a dia do time.<\/p>\n\n\n\n<p>Por conta deste contexto, leia abaixo um resumo preparado pela equipe do portal G\u00e1vea News para lhe manter muito bem informado!<\/p>\n\n\n\n<h2 class=\"wp-block-heading\" id=\"h-tecnicos-livres\">T\u00e9cnicos livres<\/h2>\n\n\n\n<p>Com o in\u00edcio da temporada, diversos clubes buscam treinadores para refor\u00e7ar seus projetos, enquanto alguns nomes conhecidos seguem sem equipe. Entre eles, Tite, ex-Flamengo e Sele\u00e7\u00e3o Brasileira, prioriza oportunidades na Europa ap\u00f3s sua sa\u00edda do clube carioca. Fernando Diniz, recentemente demitido do Cruzeiro ap\u00f3s um in\u00edcio ruim no Campeonato Mineiro, tamb\u00e9m aguarda uma nova chance. Outros nomes no mercado incluem Gabriel Heinze, que deixou o Newell\u2019s Old Boys no fim de 2023, e \u00c1lvaro Pacheco, ex-Vasco e Al-Orobah, que teve passagem apagada pelo futebol brasileiro <strong><a href=\"https:\/\/www.gaveanews.com\/index.php\/2025\/02\/03\/tite-fernando-diniz-gabriel-heinze-alvaro-pacheco-claudio-cacapa-elano-lisca-os-tecnicos-que-estao-livres-no-mercado\/\">(leia a mat\u00e9ria completa).<\/a><\/strong><\/p>\n\n\n\n<figure class=\"wp-block-image size-full\"><img loading=\"lazy\" decoding=\"async\" width=\"531\" height=\"429\" src=\"http:\/\/www.gaveanews.com\/wp-content\/uploads\/Tite-concede-entrevista-coletiva.webp\" alt=\"\" class=\"wp-image-170056\" srcset=\"https:\/\/www.gaveanews.com\/wp-content\/uploads\/Tite-concede-entrevista-coletiva.webp 531w, https:\/\/www.gaveanews.com\/wp-content\/uploads\/Tite-concede-entrevista-coletiva-300x242.webp 300w, https:\/\/www.gaveanews.com\/wp-content\/uploads\/Tite-concede-entrevista-coletiva-520x420.webp 520w, https:\/\/www.gaveanews.com\/wp-content\/uploads\/Tite-concede-entrevista-coletiva-100x81.webp 100w\" sizes=\"auto, (max-width: 531px) 100vw, 531px\" \/><figcaption class=\"wp-element-caption\">Tite concede entrevista coletiva (Foto: Reprodu\u00e7\u00e3o\/FlaTV)<\/figcaption><\/figure>\n\n\n\n<p>Al\u00e9m desses, Cl\u00e1udio Ca\u00e7apa, ex-zagueiro e t\u00e9cnico do RWD Molenbeek, e Elano, ex-jogador que passou por clubes como Ferrovi\u00e1ria e N\u00e1utico, tamb\u00e9m est\u00e3o dispon\u00edveis. Lisca, que saiu do Am\u00e9rica-MG em novembro de 2024 ap\u00f3s curta passagem, completa a lista de treinadores livres. <\/p>\n\n\n\n<p>A movimenta\u00e7\u00e3o dos clubes pode definir o destino desses profissionais nos pr\u00f3ximos meses, especialmente com as trocas frequentes de comando no futebol brasileiro.<\/p>\n\n\n\n<p>A procura por treinadores experientes e qualificados segue intensa, e os t\u00e9cnicos sem clube podem se tornar op\u00e7\u00f5es estrat\u00e9gicas para equipes que buscam reformula\u00e7\u00f5es. Com um cen\u00e1rio din\u00e2mico, a expectativa \u00e9 que muitos desses nomes encontrem novos desafios em breve, seja no Brasil ou no exterior, dependendo das oportunidades e das necessidades dos clubes interessados.<\/p>\n\n\n\n<h2 class=\"wp-block-heading\" id=\"h-declaracao-de-galvao\">Declara\u00e7\u00e3o de Galv\u00e3o<\/h2>\n\n\n\n<p>Galv\u00e3o Bueno fez uma an\u00e1lise sincera sobre o momento do Botafogo em 2025, destacando a queda de desempenho da equipe em rela\u00e7\u00e3o \u00e0 temporada anterior. O narrador ressaltou que as sa\u00eddas de jogadores importantes, como Luiz Henrique e Thiago Almada, impactaram negativamente o time, que ainda est\u00e1 sem treinador. Segundo ele, o pr\u00f3ximo t\u00e9cnico ter\u00e1 um grande desafio para reorganizar a equipe e recuperar o futebol envolvente apresentado em 2024<strong><a href=\"https:\/\/www.gaveanews.com\/index.php\/2025\/02\/03\/galvao-bueno-e-sincero-ao-falar-sobre-o-time-do-botafogo-em-2025\/\"> (leia a mat\u00e9ria completa).<\/a><\/strong><\/p>\n\n\n\n<figure class=\"wp-block-image size-full\"><img loading=\"lazy\" decoding=\"async\" width=\"620\" height=\"372\" src=\"http:\/\/www.gaveanews.com\/wp-content\/uploads\/Galvao-Bueno-ex-narrador-do-Grupo-Globo.webp\" alt=\"\" class=\"wp-image-171275\" srcset=\"https:\/\/www.gaveanews.com\/wp-content\/uploads\/Galvao-Bueno-ex-narrador-do-Grupo-Globo.webp 620w, https:\/\/www.gaveanews.com\/wp-content\/uploads\/Galvao-Bueno-ex-narrador-do-Grupo-Globo-300x180.webp 300w, https:\/\/www.gaveanews.com\/wp-content\/uploads\/Galvao-Bueno-ex-narrador-do-Grupo-Globo-100x60.webp 100w\" sizes=\"auto, (max-width: 620px) 100vw, 620px\" \/><figcaption class=\"wp-element-caption\">Galv\u00e3o Bueno, ex-narrador do Grupo Globo (Foto: Reprodu\u00e7\u00e3o)<\/figcaption><\/figure>\n\n\n\n<p>O coment\u00e1rio de Galv\u00e3o veio ap\u00f3s a derrota do Botafogo para o Flamengo por 3 a 1 na final da Supercopa do Brasil. Ele elogiou a for\u00e7a coletiva do time rubro-negro e destacou o brilho individual de Bruno Henrique, que marcou dois gols e chegou a 14 t\u00edtulos pelo clube, ao lado de Arrascaeta. O Flamengo, sob o comando de Filipe Lu\u00eds, conquistou sua segunda ta\u00e7a em pouco tempo, consolidando-se como um dos times mais fortes do pa\u00eds.<\/p>\n\n\n\n<p>Diante desse cen\u00e1rio, o Botafogo precisa agir rapidamente para encontrar um novo treinador e refor\u00e7ar o elenco. A diretoria busca solu\u00e7\u00f5es no mercado para manter o time competitivo e evitar que a equipe perca for\u00e7a ao longo da temporada. Enquanto isso, a torcida alvinegra espera que as mudan\u00e7as tragam resultados positivos e que o clube volte a brigar por t\u00edtulos em 2025.<\/p>\n\n\n\n<h2 class=\"wp-block-heading\" id=\"h-repercussao-no-exterior\">Repercuss\u00e3o no exterior<\/h2>\n\n\n\n<p>A vit\u00f3ria do Flamengo sobre o Botafogo por 3 a 1 na Supercopa do Brasil teve grande repercuss\u00e3o internacional, sendo destacada por ve\u00edculos de imprensa europeus, como o jornal espanhol <em>As<\/em>. O time comandado por Filipe Lu\u00eds demonstrou um futebol organizado e eficiente, com Bruno Henrique sendo o grande destaque ao marcar dois gols na decis\u00e3o <strong><a href=\"https:\/\/www.gaveanews.com\/index.php\/2025\/02\/03\/vitoria-do-flamengo-sobre-o-botafogo-na-supercopa-do-brasil-repercute-no-exterior\/\">(leia a mat\u00e9ria completa).<\/a><\/strong><\/p>\n\n\n\n<figure class=\"wp-block-image size-full\"><img loading=\"lazy\" decoding=\"async\" width=\"544\" height=\"437\" src=\"http:\/\/www.gaveanews.com\/wp-content\/uploads\/Taca-da-Supercopa-do-Brasil.webp\" alt=\"\" class=\"wp-image-220322\"\/><figcaption class=\"wp-element-caption\">Ta\u00e7a da Supercopa do Brasil (Foto: Divulga\u00e7\u00e3o)<\/figcaption><\/figure>\n\n\n\n<p>O <em>As<\/em> enfatizou a superioridade do Flamengo no confronto, destacando a contund\u00eancia da equipe e a profundidade do elenco, j\u00e1 que jogadores como Arrascaeta e Danilo ficaram no banco. A publica\u00e7\u00e3o ressaltou que o Rubro-Negro tem um time altamente competitivo, capaz de impor seu ritmo de jogo mesmo sem algumas de suas principais estrelas em campo.<\/p>\n\n\n\n<p>Com essa conquista, o Flamengo reafirma seu status como uma das maiores for\u00e7as do futebol brasileiro e atrai cada vez mais aten\u00e7\u00e3o internacional. O clube agora foca no Campeonato Carioca, onde enfrentar\u00e1 a Portuguesa-RJ na pr\u00f3xima quarta-feira (5), enquanto segue em busca de mais t\u00edtulos na temporada.<\/p>\n","protected":false},"excerpt":{"rendered":"<p>Nas \u00faltimas horas, o foco das not\u00edcias sobre o Botafogo se concentram nos bastidores doclube, com destaques do dia a dia do time. Por conta deste contexto, leia abaixo um resumo preparado pela equipe do portal G\u00e1vea News para lhe manter muito bem informado! T\u00e9cnicos livres Com o in\u00edcio da temporada, diversos clubes buscam treinadores [&hellip;]<\/p>\n","protected":false},"author":27,"featured_media":158965,"comment_status":"open","ping_status":"closed","sticky":false,"template":"","format":"standard","meta":{"footnotes":""},"categories":[138],"tags":[],"class_list":["post-223430","post","type-post","status-publish","format-standard","has-post-thumbnail","hentry","category-botafogo"],"yoast_head":"<!-- This site is optimized with the Yoast SEO Premium plugin v24.2 (Yoast SEO v26.9) - https:\/\/yoast.com\/product\/yoast-seo-premium-wordpress\/ -->\n<title>Repercuss\u00e3o no exterior, declara\u00e7\u00e3o de Galv\u00e3o Bueno e t\u00e9cnicos livres: as \u00faltimas not\u00edcias do Botafogo<\/title>\n<meta name=\"robots\" content=\"index, follow, max-snippet:-1, max-image-preview:large, max-video-preview:-1\" \/>\n<link rel=\"canonical\" href=\"https:\/\/www.gaveanews.com\/index.php\/2025\/02\/05\/repercussao-no-exterior-declaracao-de-galvao-bueno-e-tecnicos-livres-as-ultimas-noticias-do-botafogo\/\" \/>\n<meta property=\"og:locale\" content=\"pt_BR\" \/>\n<meta property=\"og:type\" content=\"article\" \/>\n<meta property=\"og:title\" content=\"Repercuss\u00e3o no exterior, declara\u00e7\u00e3o de Galv\u00e3o Bueno e t\u00e9cnicos livres: as \u00faltimas not\u00edcias do Botafogo\" \/>\n<meta property=\"og:description\" content=\"Nas \u00faltimas horas, o foco das not\u00edcias sobre o Botafogo se concentram nos bastidores doclube, com destaques do dia a dia do time. Por conta deste contexto, leia abaixo um resumo preparado pela equipe do portal G\u00e1vea News para lhe manter muito bem informado! T\u00e9cnicos livres Com o in\u00edcio da temporada, diversos clubes buscam treinadores [&hellip;]\" \/>\n<meta property=\"og:url\" content=\"https:\/\/www.gaveanews.com\/index.php\/2025\/02\/05\/repercussao-no-exterior-declaracao-de-galvao-bueno-e-tecnicos-livres-as-ultimas-noticias-do-botafogo\/\" \/>\n<meta property=\"og:site_name\" content=\"G\u00e1vea News\" \/>\n<meta property=\"article:publisher\" content=\"https:\/\/facebook.com\/gaveaNews\/\" \/>\n<meta property=\"article:published_time\" content=\"2025-02-05T08:10:00+00:00\" \/>\n<meta property=\"og:image\" content=\"https:\/\/www.gaveanews.com\/wp-content\/uploads\/53924402764_6b4493792f_o-e1723743312178.webp\" \/>\n\t<meta property=\"og:image:width\" content=\"1220\" \/>\n\t<meta property=\"og:image:height\" content=\"674\" \/>\n\t<meta property=\"og:image:type\" content=\"image\/webp\" \/>\n<meta name=\"author\" content=\"Matheus Felipe\" \/>\n<meta name=\"twitter:card\" content=\"summary_large_image\" \/>\n<meta name=\"twitter:label1\" content=\"Escrito por\" \/>\n\t<meta name=\"twitter:data1\" content=\"Matheus Felipe\" \/>\n\t<meta name=\"twitter:label2\" content=\"Est. tempo de leitura\" \/>\n\t<meta name=\"twitter:data2\" content=\"5 minutos\" \/>\n<script type=\"application\/ld+json\" class=\"yoast-schema-graph\">{\"@context\":\"https:\/\/schema.org\",\"@graph\":[{\"@type\":\"NewsArticle\",\"@id\":\"https:\/\/www.gaveanews.com\/index.php\/2025\/02\/05\/repercussao-no-exterior-declaracao-de-galvao-bueno-e-tecnicos-livres-as-ultimas-noticias-do-botafogo\/#article\",\"isPartOf\":{\"@id\":\"https:\/\/www.gaveanews.com\/index.php\/2025\/02\/05\/repercussao-no-exterior-declaracao-de-galvao-bueno-e-tecnicos-livres-as-ultimas-noticias-do-botafogo\/\"},\"author\":{\"name\":\"Matheus Felipe\",\"@id\":\"https:\/\/www.gaveanews.com\/#\/schema\/person\/8207cd4627f56151707418bfc835b2fb\"},\"headline\":\"Repercuss\u00e3o no exterior, declara\u00e7\u00e3o de Galv\u00e3o Bueno e t\u00e9cnicos livres: as \u00faltimas not\u00edcias do Botafogo\",\"datePublished\":\"2025-02-05T08:10:00+00:00\",\"mainEntityOfPage\":{\"@id\":\"https:\/\/www.gaveanews.com\/index.php\/2025\/02\/05\/repercussao-no-exterior-declaracao-de-galvao-bueno-e-tecnicos-livres-as-ultimas-noticias-do-botafogo\/\"},\"wordCount\":740,\"commentCount\":0,\"image\":{\"@id\":\"https:\/\/www.gaveanews.com\/index.php\/2025\/02\/05\/repercussao-no-exterior-declaracao-de-galvao-bueno-e-tecnicos-livres-as-ultimas-noticias-do-botafogo\/#primaryimage\"},\"thumbnailUrl\":\"https:\/\/www.gaveanews.com\/wp-content\/uploads\/53924402764_6b4493792f_o-e1723743312178.webp\",\"articleSection\":[\"Botafogo\"],\"inLanguage\":\"pt-BR\",\"potentialAction\":[{\"@type\":\"CommentAction\",\"name\":\"Comment\",\"target\":[\"https:\/\/www.gaveanews.com\/index.php\/2025\/02\/05\/repercussao-no-exterior-declaracao-de-galvao-bueno-e-tecnicos-livres-as-ultimas-noticias-do-botafogo\/#respond\"]}],\"copyrightYear\":\"2025\",\"copyrightHolder\":{\"@id\":\"https:\/\/www.gaveanews.com\/#organization\"}},{\"@type\":\"WebPage\",\"@id\":\"https:\/\/www.gaveanews.com\/index.php\/2025\/02\/05\/repercussao-no-exterior-declaracao-de-galvao-bueno-e-tecnicos-livres-as-ultimas-noticias-do-botafogo\/\",\"url\":\"https:\/\/www.gaveanews.com\/index.php\/2025\/02\/05\/repercussao-no-exterior-declaracao-de-galvao-bueno-e-tecnicos-livres-as-ultimas-noticias-do-botafogo\/\",\"name\":\"Repercuss\u00e3o no exterior, declara\u00e7\u00e3o de Galv\u00e3o Bueno e t\u00e9cnicos livres: as \u00faltimas not\u00edcias do Botafogo\",\"isPartOf\":{\"@id\":\"https:\/\/www.gaveanews.com\/#website\"},\"primaryImageOfPage\":{\"@id\":\"https:\/\/www.gaveanews.com\/index.php\/2025\/02\/05\/repercussao-no-exterior-declaracao-de-galvao-bueno-e-tecnicos-livres-as-ultimas-noticias-do-botafogo\/#primaryimage\"},\"image\":{\"@id\":\"https:\/\/www.gaveanews.com\/index.php\/2025\/02\/05\/repercussao-no-exterior-declaracao-de-galvao-bueno-e-tecnicos-livres-as-ultimas-noticias-do-botafogo\/#primaryimage\"},\"thumbnailUrl\":\"https:\/\/www.gaveanews.com\/wp-content\/uploads\/53924402764_6b4493792f_o-e1723743312178.webp\",\"datePublished\":\"2025-02-05T08:10:00+00:00\",\"author\":{\"@id\":\"https:\/\/www.gaveanews.com\/#\/schema\/person\/8207cd4627f56151707418bfc835b2fb\"},\"breadcrumb\":{\"@id\":\"https:\/\/www.gaveanews.com\/index.php\/2025\/02\/05\/repercussao-no-exterior-declaracao-de-galvao-bueno-e-tecnicos-livres-as-ultimas-noticias-do-botafogo\/#breadcrumb\"},\"inLanguage\":\"pt-BR\",\"potentialAction\":[{\"@type\":\"ReadAction\",\"target\":[\"https:\/\/www.gaveanews.com\/index.php\/2025\/02\/05\/repercussao-no-exterior-declaracao-de-galvao-bueno-e-tecnicos-livres-as-ultimas-noticias-do-botafogo\/\"]}]},{\"@type\":\"ImageObject\",\"inLanguage\":\"pt-BR\",\"@id\":\"https:\/\/www.gaveanews.com\/index.php\/2025\/02\/05\/repercussao-no-exterior-declaracao-de-galvao-bueno-e-tecnicos-livres-as-ultimas-noticias-do-botafogo\/#primaryimage\",\"url\":\"https:\/\/www.gaveanews.com\/wp-content\/uploads\/53924402764_6b4493792f_o-e1723743312178.webp\",\"contentUrl\":\"https:\/\/www.gaveanews.com\/wp-content\/uploads\/53924402764_6b4493792f_o-e1723743312178.webp\",\"width\":1220,\"height\":674,\"caption\":\"Torcida do Botafogo no jogo contra o Palmeiras pela Libertadores - Foto: Botafogo\/Flickr\"},{\"@type\":\"BreadcrumbList\",\"@id\":\"https:\/\/www.gaveanews.com\/index.php\/2025\/02\/05\/repercussao-no-exterior-declaracao-de-galvao-bueno-e-tecnicos-livres-as-ultimas-noticias-do-botafogo\/#breadcrumb\",\"itemListElement\":[{\"@type\":\"ListItem\",\"position\":1,\"name\":\"Home\",\"item\":\"https:\/\/www.gaveanews.com\/\"},{\"@type\":\"ListItem\",\"position\":2,\"name\":\"Repercuss\u00e3o no exterior, declara\u00e7\u00e3o de Galv\u00e3o Bueno e t\u00e9cnicos livres: as \u00faltimas not\u00edcias do Botafogo\"}]},{\"@type\":\"WebSite\",\"@id\":\"https:\/\/www.gaveanews.com\/#website\",\"url\":\"https:\/\/www.gaveanews.com\/\",\"name\":\"G\u00e1vea News\",\"description\":\"Veja todas as not\u00edcias sobre o Flamengo: Contrata\u00e7\u00f5es, categorias de base, resultados das partidas, tabela de classifica\u00e7\u00e3o, pr\u00f3ximos jogos!\",\"potentialAction\":[{\"@type\":\"SearchAction\",\"target\":{\"@type\":\"EntryPoint\",\"urlTemplate\":\"https:\/\/www.gaveanews.com\/?s={search_term_string}\"},\"query-input\":{\"@type\":\"PropertyValueSpecification\",\"valueRequired\":true,\"valueName\":\"search_term_string\"}}],\"inLanguage\":\"pt-BR\"},{\"@type\":\"Person\",\"@id\":\"https:\/\/www.gaveanews.com\/#\/schema\/person\/8207cd4627f56151707418bfc835b2fb\",\"name\":\"Matheus Felipe\",\"image\":{\"@type\":\"ImageObject\",\"inLanguage\":\"pt-BR\",\"@id\":\"https:\/\/www.gaveanews.com\/#\/schema\/person\/image\/\",\"url\":\"https:\/\/secure.gravatar.com\/avatar\/a452ffbed9130f726358b298bb3a99ce4bd3c5338411f8440e87e14d74c7c087?s=96&d=mm&r=g\",\"contentUrl\":\"https:\/\/secure.gravatar.com\/avatar\/a452ffbed9130f726358b298bb3a99ce4bd3c5338411f8440e87e14d74c7c087?s=96&d=mm&r=g\",\"caption\":\"Matheus Felipe\"}}]}<\/script>\n<!-- \/ Yoast SEO Premium plugin. -->","yoast_head_json":{"title":"Repercuss\u00e3o no exterior, declara\u00e7\u00e3o de Galv\u00e3o Bueno e t\u00e9cnicos livres: as \u00faltimas not\u00edcias do Botafogo","robots":{"index":"index","follow":"follow","max-snippet":"max-snippet:-1","max-image-preview":"max-image-preview:large","max-video-preview":"max-video-preview:-1"},"canonical":"https:\/\/www.gaveanews.com\/index.php\/2025\/02\/05\/repercussao-no-exterior-declaracao-de-galvao-bueno-e-tecnicos-livres-as-ultimas-noticias-do-botafogo\/","og_locale":"pt_BR","og_type":"article","og_title":"Repercuss\u00e3o no exterior, declara\u00e7\u00e3o de Galv\u00e3o Bueno e t\u00e9cnicos livres: as \u00faltimas not\u00edcias do Botafogo","og_description":"Nas \u00faltimas horas, o foco das not\u00edcias sobre o Botafogo se concentram nos bastidores doclube, com destaques do dia a dia do time. Por conta deste contexto, leia abaixo um resumo preparado pela equipe do portal G\u00e1vea News para lhe manter muito bem informado! T\u00e9cnicos livres Com o in\u00edcio da temporada, diversos clubes buscam treinadores [&hellip;]","og_url":"https:\/\/www.gaveanews.com\/index.php\/2025\/02\/05\/repercussao-no-exterior-declaracao-de-galvao-bueno-e-tecnicos-livres-as-ultimas-noticias-do-botafogo\/","og_site_name":"G\u00e1vea News","article_publisher":"https:\/\/facebook.com\/gaveaNews\/","article_published_time":"2025-02-05T08:10:00+00:00","og_image":[{"width":1220,"height":674,"url":"https:\/\/www.gaveanews.com\/wp-content\/uploads\/53924402764_6b4493792f_o-e1723743312178.webp","type":"image\/webp"}],"author":"Matheus Felipe","twitter_card":"summary_large_image","twitter_misc":{"Escrito por":"Matheus Felipe","Est. tempo de leitura":"5 minutos"},"schema":{"@context":"https:\/\/schema.org","@graph":[{"@type":"NewsArticle","@id":"https:\/\/www.gaveanews.com\/index.php\/2025\/02\/05\/repercussao-no-exterior-declaracao-de-galvao-bueno-e-tecnicos-livres-as-ultimas-noticias-do-botafogo\/#article","isPartOf":{"@id":"https:\/\/www.gaveanews.com\/index.php\/2025\/02\/05\/repercussao-no-exterior-declaracao-de-galvao-bueno-e-tecnicos-livres-as-ultimas-noticias-do-botafogo\/"},"author":{"name":"Matheus Felipe","@id":"https:\/\/www.gaveanews.com\/#\/schema\/person\/8207cd4627f56151707418bfc835b2fb"},"headline":"Repercuss\u00e3o no exterior, declara\u00e7\u00e3o de Galv\u00e3o Bueno e t\u00e9cnicos livres: as \u00faltimas not\u00edcias do Botafogo","datePublished":"2025-02-05T08:10:00+00:00","mainEntityOfPage":{"@id":"https:\/\/www.gaveanews.com\/index.php\/2025\/02\/05\/repercussao-no-exterior-declaracao-de-galvao-bueno-e-tecnicos-livres-as-ultimas-noticias-do-botafogo\/"},"wordCount":740,"commentCount":0,"image":{"@id":"https:\/\/www.gaveanews.com\/index.php\/2025\/02\/05\/repercussao-no-exterior-declaracao-de-galvao-bueno-e-tecnicos-livres-as-ultimas-noticias-do-botafogo\/#primaryimage"},"thumbnailUrl":"https:\/\/www.gaveanews.com\/wp-content\/uploads\/53924402764_6b4493792f_o-e1723743312178.webp","articleSection":["Botafogo"],"inLanguage":"pt-BR","potentialAction":[{"@type":"CommentAction","name":"Comment","target":["https:\/\/www.gaveanews.com\/index.php\/2025\/02\/05\/repercussao-no-exterior-declaracao-de-galvao-bueno-e-tecnicos-livres-as-ultimas-noticias-do-botafogo\/#respond"]}],"copyrightYear":"2025","copyrightHolder":{"@id":"https:\/\/www.gaveanews.com\/#organization"}},{"@type":"WebPage","@id":"https:\/\/www.gaveanews.com\/index.php\/2025\/02\/05\/repercussao-no-exterior-declaracao-de-galvao-bueno-e-tecnicos-livres-as-ultimas-noticias-do-botafogo\/","url":"https:\/\/www.gaveanews.com\/index.php\/2025\/02\/05\/repercussao-no-exterior-declaracao-de-galvao-bueno-e-tecnicos-livres-as-ultimas-noticias-do-botafogo\/","name":"Repercuss\u00e3o no exterior, declara\u00e7\u00e3o de Galv\u00e3o Bueno e t\u00e9cnicos livres: as \u00faltimas not\u00edcias do Botafogo","isPartOf":{"@id":"https:\/\/www.gaveanews.com\/#website"},"primaryImageOfPage":{"@id":"https:\/\/www.gaveanews.com\/index.php\/2025\/02\/05\/repercussao-no-exterior-declaracao-de-galvao-bueno-e-tecnicos-livres-as-ultimas-noticias-do-botafogo\/#primaryimage"},"image":{"@id":"https:\/\/www.gaveanews.com\/index.php\/2025\/02\/05\/repercussao-no-exterior-declaracao-de-galvao-bueno-e-tecnicos-livres-as-ultimas-noticias-do-botafogo\/#primaryimage"},"thumbnailUrl":"https:\/\/www.gaveanews.com\/wp-content\/uploads\/53924402764_6b4493792f_o-e1723743312178.webp","datePublished":"2025-02-05T08:10:00+00:00","author":{"@id":"https:\/\/www.gaveanews.com\/#\/schema\/person\/8207cd4627f56151707418bfc835b2fb"},"breadcrumb":{"@id":"https:\/\/www.gaveanews.com\/index.php\/2025\/02\/05\/repercussao-no-exterior-declaracao-de-galvao-bueno-e-tecnicos-livres-as-ultimas-noticias-do-botafogo\/#breadcrumb"},"inLanguage":"pt-BR","potentialAction":[{"@type":"ReadAction","target":["https:\/\/www.gaveanews.com\/index.php\/2025\/02\/05\/repercussao-no-exterior-declaracao-de-galvao-bueno-e-tecnicos-livres-as-ultimas-noticias-do-botafogo\/"]}]},{"@type":"ImageObject","inLanguage":"pt-BR","@id":"https:\/\/www.gaveanews.com\/index.php\/2025\/02\/05\/repercussao-no-exterior-declaracao-de-galvao-bueno-e-tecnicos-livres-as-ultimas-noticias-do-botafogo\/#primaryimage","url":"https:\/\/www.gaveanews.com\/wp-content\/uploads\/53924402764_6b4493792f_o-e1723743312178.webp","contentUrl":"https:\/\/www.gaveanews.com\/wp-content\/uploads\/53924402764_6b4493792f_o-e1723743312178.webp","width":1220,"height":674,"caption":"Torcida do Botafogo no jogo contra o Palmeiras pela Libertadores - Foto: Botafogo\/Flickr"},{"@type":"BreadcrumbList","@id":"https:\/\/www.gaveanews.com\/index.php\/2025\/02\/05\/repercussao-no-exterior-declaracao-de-galvao-bueno-e-tecnicos-livres-as-ultimas-noticias-do-botafogo\/#breadcrumb","itemListElement":[{"@type":"ListItem","position":1,"name":"Home","item":"https:\/\/www.gaveanews.com\/"},{"@type":"ListItem","position":2,"name":"Repercuss\u00e3o no exterior, declara\u00e7\u00e3o de Galv\u00e3o Bueno e t\u00e9cnicos livres: as \u00faltimas not\u00edcias do Botafogo"}]},{"@type":"WebSite","@id":"https:\/\/www.gaveanews.com\/#website","url":"https:\/\/www.gaveanews.com\/","name":"G\u00e1vea News","description":"Veja todas as not\u00edcias sobre o Flamengo: Contrata\u00e7\u00f5es, categorias de base, resultados das partidas, tabela de classifica\u00e7\u00e3o, pr\u00f3ximos jogos!","potentialAction":[{"@type":"SearchAction","target":{"@type":"EntryPoint","urlTemplate":"https:\/\/www.gaveanews.com\/?s={search_term_string}"},"query-input":{"@type":"PropertyValueSpecification","valueRequired":true,"valueName":"search_term_string"}}],"inLanguage":"pt-BR"},{"@type":"Person","@id":"https:\/\/www.gaveanews.com\/#\/schema\/person\/8207cd4627f56151707418bfc835b2fb","name":"Matheus Felipe","image":{"@type":"ImageObject","inLanguage":"pt-BR","@id":"https:\/\/www.gaveanews.com\/#\/schema\/person\/image\/","url":"https:\/\/secure.gravatar.com\/avatar\/a452ffbed9130f726358b298bb3a99ce4bd3c5338411f8440e87e14d74c7c087?s=96&d=mm&r=g","contentUrl":"https:\/\/secure.gravatar.com\/avatar\/a452ffbed9130f726358b298bb3a99ce4bd3c5338411f8440e87e14d74c7c087?s=96&d=mm&r=g","caption":"Matheus Felipe"}}]}},"_links":{"self":[{"href":"https:\/\/www.gaveanews.com\/index.php\/wp-json\/wp\/v2\/posts\/223430","targetHints":{"allow":["GET"]}}],"collection":[{"href":"https:\/\/www.gaveanews.com\/index.php\/wp-json\/wp\/v2\/posts"}],"about":[{"href":"https:\/\/www.gaveanews.com\/index.php\/wp-json\/wp\/v2\/types\/post"}],"author":[{"embeddable":true,"href":"https:\/\/www.gaveanews.com\/index.php\/wp-json\/wp\/v2\/users\/27"}],"replies":[{"embeddable":true,"href":"https:\/\/www.gaveanews.com\/index.php\/wp-json\/wp\/v2\/comments?post=223430"}],"version-history":[{"count":1,"href":"https:\/\/www.gaveanews.com\/index.php\/wp-json\/wp\/v2\/posts\/223430\/revisions"}],"predecessor-version":[{"id":223433,"href":"https:\/\/www.gaveanews.com\/index.php\/wp-json\/wp\/v2\/posts\/223430\/revisions\/223433"}],"wp:featuredmedia":[{"embeddable":true,"href":"https:\/\/www.gaveanews.com\/index.php\/wp-json\/wp\/v2\/media\/158965"}],"wp:attachment":[{"href":"https:\/\/www.gaveanews.com\/index.php\/wp-json\/wp\/v2\/media?parent=223430"}],"wp:term":[{"taxonomy":"category","embeddable":true,"href":"https:\/\/www.gaveanews.com\/index.php\/wp-json\/wp\/v2\/categories?post=223430"},{"taxonomy":"post_tag","embeddable":true,"href":"https:\/\/www.gaveanews.com\/index.php\/wp-json\/wp\/v2\/tags?post=223430"}],"curies":[{"name":"wp","href":"https:\/\/api.w.org\/{rel}","templated":true}]}}