{"id":223440,"date":"2025-02-05T05:20:00","date_gmt":"2025-02-05T08:20:00","guid":{"rendered":"https:\/\/www.gaveanews.com\/?p=223440"},"modified":"2025-02-05T00:49:07","modified_gmt":"2025-02-05T03:49:07","slug":"nota-oficial-sobre-felix-torres-declaracao-de-neto-e-recado-de-casagrande-as-ultimas-noticias-do-corinthians","status":"publish","type":"post","link":"https:\/\/www.gaveanews.com\/index.php\/2025\/02\/05\/nota-oficial-sobre-felix-torres-declaracao-de-neto-e-recado-de-casagrande-as-ultimas-noticias-do-corinthians\/","title":{"rendered":"Nota oficial sobre F\u00e9lix Torres, declara\u00e7\u00e3o de Neto e recado de Casagrande: as \u00faltimas not\u00edcias do Corinthians"},"content":{"rendered":"\n<p>Nas \u00faltimas horas, o foco das not\u00edcias sobre o Corinthians se concentram nos bastidores do<br>clube, com destaques do dia a dia do time.<\/p>\n\n\n\n<p>Por conta deste contexto, leia abaixo um resumo preparado pela equipe do portal G\u00e1vea News para lhe manter muito bem informado!<\/p>\n\n\n\n<h2 class=\"wp-block-heading\" id=\"h-recado-de-casagrande\">Recado de Casagrande<\/h2>\n\n\n\n<p>Walter Casagrande analisou o momento do Corinthians e destacou um problema recorrente da equipe: o desempenho ruim em cl\u00e1ssicos. Apesar da boa fase desde a reta final da \u00faltima temporada, o ex-jogador e comentarista criticou o hist\u00f3rico recente do time em confrontos contra seus principais rivais. No Campeonato Paulista de 2025, o Corinthians venceu todas as equipes do interior, mas perdeu seu \u00fanico cl\u00e1ssico at\u00e9 agora, um 3 a 1 contra o S\u00e3o Paulo <strong><a href=\"https:\/\/www.gaveanews.com\/index.php\/2025\/02\/03\/casagrande-e-sincero-ao-falar-sobre-o-time-do-corinthians-em-2025\/\">(leia a mat\u00e9ria completa).<\/a><\/strong><\/p>\n\n\n\n<figure class=\"wp-block-image size-full\"><img loading=\"lazy\" decoding=\"async\" width=\"1920\" height=\"1080\" src=\"http:\/\/www.gaveanews.com\/wp-content\/uploads\/casagrande-comentarista.webp\" alt=\"\" class=\"wp-image-222284\"\/><figcaption class=\"wp-element-caption\">Casagrande, comentarista do UOL Esporte (Foto: Reprodu\u00e7\u00e3o)<\/figcaption><\/figure>\n\n\n\n<p>Casagrande alertou que o Corinthians precisar\u00e1 vencer ao menos um dos dois pr\u00f3ximos cl\u00e1ssicos, contra Palmeiras e Santos, para evitar o que chamou de \u201cs\u00edndrome de cl\u00e1ssico\u201d. <\/p>\n\n\n\n<p>Ele destacou que a sequ\u00eancia de derrotas em jogos desse porte pode gerar press\u00e3o extra sobre o elenco e a comiss\u00e3o t\u00e9cnica, prejudicando o time nas fases decisivas da temporada. O pr\u00f3ximo desafio ser\u00e1 contra o Palmeiras, no Allianz Parque, pela s\u00e9tima rodada do Paulist\u00e3o.<\/p>\n\n\n\n<p>Al\u00e9m das quest\u00f5es dentro de campo, o Corinthians enfrenta problemas financeiros. A FIFA condenou o clube a pagar cerca de 55 milh\u00f5es de reais por pend\u00eancias nas contrata\u00e7\u00f5es de Rodrigo Garro e F\u00e9lix Torres. O caso foi levado \u00e0 Corte Arbitral do Esporte (CAS), e o desfecho pode levar mais de um ano. Essa situa\u00e7\u00e3o adiciona mais um obst\u00e1culo ao planejamento do clube para a temporada.<\/p>\n\n\n\n<h2 class=\"wp-block-heading\" id=\"h-declaracao-de-neto\">Declara\u00e7\u00e3o de Neto<\/h2>\n\n\n\n<p>Durante sua participa\u00e7\u00e3o no programa <em>Apito Final<\/em>, Craque Neto criticou duramente a administra\u00e7\u00e3o do Corinthians nas \u00faltimas d\u00e9cadas, destacando a grave crise financeira do clube. Ele afirmou que sucessivos presidentes comprometeram as finan\u00e7as da equipe, resultando em uma d\u00edvida superior a R$ 2 bilh\u00f5es. Al\u00e9m disso, Neto expressou sua percep\u00e7\u00e3o de que a m\u00eddia tende a dar mais destaque aos problemas do Corinthians do que a dificuldades financeiras enfrentadas por outros clubes, como S\u00e3o Paulo, Flamengo e Palmeiras<strong><a href=\"https:\/\/www.gaveanews.com\/index.php\/2025\/02\/03\/craque-neto-e-sincero-ao-falar-sobre-o-time-do-corinthians\/\"> (leia a mat\u00e9ria completa).<\/a><\/strong><\/p>\n\n\n\n<figure class=\"wp-block-image size-full\"><img loading=\"lazy\" decoding=\"async\" width=\"846\" height=\"476\" src=\"http:\/\/www.gaveanews.com\/wp-content\/uploads\/Comentarista-Neto-em-programa-da-Band.webp\" alt=\"\" class=\"wp-image-71983\" srcset=\"https:\/\/www.gaveanews.com\/wp-content\/uploads\/Comentarista-Neto-em-programa-da-Band.webp 846w, https:\/\/www.gaveanews.com\/wp-content\/uploads\/Comentarista-Neto-em-programa-da-Band-300x169.webp 300w, https:\/\/www.gaveanews.com\/wp-content\/uploads\/Comentarista-Neto-em-programa-da-Band-768x432.webp 768w, https:\/\/www.gaveanews.com\/wp-content\/uploads\/Comentarista-Neto-em-programa-da-Band-746x420.webp 746w, https:\/\/www.gaveanews.com\/wp-content\/uploads\/Comentarista-Neto-em-programa-da-Band-640x360.webp 640w, https:\/\/www.gaveanews.com\/wp-content\/uploads\/Comentarista-Neto-em-programa-da-Band-681x383.webp 681w, https:\/\/www.gaveanews.com\/wp-content\/uploads\/Comentarista-Neto-em-programa-da-Band-100x56.webp 100w\" sizes=\"auto, (max-width: 846px) 100vw, 846px\" \/><figcaption class=\"wp-element-caption\">Comentarista Neto em programa da Band (Foto: Reprodu\u00e7\u00e3o\/Band)<\/figcaption><\/figure>\n\n\n\n<p>O comentarista tamb\u00e9m abordou recentes condena\u00e7\u00f5es impostas pela Fifa ao Corinthians, relacionadas \u00e0s contrata\u00e7\u00f5es do meia Rodrigo Garro e do zagueiro F\u00e9lix Torres. O clube foi acionado na Justi\u00e7a por Talleres (Argentina) e Santos Laguna (M\u00e9xico), resultando em uma d\u00edvida de aproximadamente R$ 55 milh\u00f5es. Caso n\u00e3o cumpra as determina\u00e7\u00f5es, o Corinthians corre o risco de sofrer um <em>transfer ban<\/em>, que impediria novas contrata\u00e7\u00f5es por tr\u00eas janelas de transfer\u00eancias.<\/p>\n\n\n\n<p>Diante dessa situa\u00e7\u00e3o, o Corinthians recorreu \u00e0 Corte Arbitral do Esporte (CAS) para tentar reverter as decis\u00f5es da Fifa, o que pode atrasar a aplica\u00e7\u00e3o de san\u00e7\u00f5es. No entanto, o cen\u00e1rio financeiro do clube segue preocupante, e a gest\u00e3o atual enfrenta grande press\u00e3o para equilibrar as contas e evitar novas puni\u00e7\u00f5es que possam comprometer ainda mais a competitividade da equipe.<\/p>\n\n\n\n<h2 class=\"wp-block-heading\" id=\"h-nota-oficial-sobre-felix-torres\">Nota oficial sobre F\u00e9lix Torres<\/h2>\n\n\n\n<p>O Corinthians foi condenado pela Fifa a pagar US$ 4,5 milh\u00f5es ao Santos Laguna, do M\u00e9xico, devido a pend\u00eancias na contrata\u00e7\u00e3o do zagueiro F\u00e9lix Torres. Al\u00e9m do valor principal, o clube paulista ter\u00e1 que arcar com uma multa de US$ 675 mil e juros anuais de 18% sobre o montante devido, que come\u00e7aram a contar em maio de 2024. A puni\u00e7\u00e3o ocorreu porque o Corinthians n\u00e3o pagou a segunda parcela do acordo, o que levou o Santos Laguna a acionar a Fifa, que determinou a quita\u00e7\u00e3o imediata do saldo restante<strong><a href=\"https:\/\/www.gaveanews.com\/index.php\/2025\/02\/03\/corinthians-emite-nota-oficial-sobre-felix-torres\/\"> (leia a mat\u00e9ria completa).<\/a><\/strong><\/p>\n\n\n\n<figure class=\"wp-block-image size-full\"><img loading=\"lazy\" decoding=\"async\" width=\"645\" height=\"430\" src=\"http:\/\/www.gaveanews.com\/wp-content\/uploads\/Felix-Torres-em-acao-pelo-Corinthians.webp\" alt=\"\" class=\"wp-image-146992\" srcset=\"https:\/\/www.gaveanews.com\/wp-content\/uploads\/Felix-Torres-em-acao-pelo-Corinthians.webp 645w, https:\/\/www.gaveanews.com\/wp-content\/uploads\/Felix-Torres-em-acao-pelo-Corinthians-300x200.webp 300w, https:\/\/www.gaveanews.com\/wp-content\/uploads\/Felix-Torres-em-acao-pelo-Corinthians-630x420.webp 630w, https:\/\/www.gaveanews.com\/wp-content\/uploads\/Felix-Torres-em-acao-pelo-Corinthians-640x427.webp 640w, https:\/\/www.gaveanews.com\/wp-content\/uploads\/Felix-Torres-em-acao-pelo-Corinthians-100x67.webp 100w\" sizes=\"auto, (max-width: 645px) 100vw, 645px\" \/><figcaption class=\"wp-element-caption\">F\u00e9lix Torres em a\u00e7\u00e3o pelo Corinthians (Foto: Reprodu\u00e7\u00e3o\/Instagram)<\/figcaption><\/figure>\n\n\n\n<p>O Corinthians havia adquirido 80% dos direitos do jogador por US$ 6,5 milh\u00f5es, mas quitou apenas a primeira parcela de US$ 2 milh\u00f5es. O clube brasileiro recorreu ao Tribunal Arbitral do Esporte (TAS) para tentar reverter ou suspender a decis\u00e3o. Em nota oficial, a diretoria afirmou que est\u00e1 acompanhando o caso de perto e que respeitar\u00e1 todos os tr\u00e2mites legais.<\/p>\n\n\n\n<p>A situa\u00e7\u00e3o financeira do Corinthians segue sendo um desafio, e a disputa judicial pode impactar ainda mais o planejamento do clube. A diretoria busca uma solu\u00e7\u00e3o para minimizar os danos e evitar novas san\u00e7\u00f5es, enquanto aguarda o desfecho do caso no TAS.<\/p>\n","protected":false},"excerpt":{"rendered":"<p>Nas \u00faltimas horas, o foco das not\u00edcias sobre o Corinthians se concentram nos bastidores doclube, com destaques do dia a dia do time. Por conta deste contexto, leia abaixo um resumo preparado pela equipe do portal G\u00e1vea News para lhe manter muito bem informado! Recado de Casagrande Walter Casagrande analisou o momento do Corinthians e [&hellip;]<\/p>\n","protected":false},"author":27,"featured_media":155584,"comment_status":"open","ping_status":"closed","sticky":false,"template":"","format":"standard","meta":{"footnotes":""},"categories":[141],"tags":[],"class_list":["post-223440","post","type-post","status-publish","format-standard","has-post-thumbnail","hentry","category-corinthians"],"yoast_head":"<!-- This site is optimized with the Yoast SEO Premium plugin v24.2 (Yoast SEO v26.9) - https:\/\/yoast.com\/product\/yoast-seo-premium-wordpress\/ -->\n<title>Nota oficial sobre F\u00e9lix Torres, declara\u00e7\u00e3o de Neto e recado de Casagrande: as \u00faltimas not\u00edcias do Corinthians<\/title>\n<meta name=\"robots\" content=\"index, follow, max-snippet:-1, max-image-preview:large, max-video-preview:-1\" \/>\n<link rel=\"canonical\" href=\"https:\/\/www.gaveanews.com\/index.php\/2025\/02\/05\/nota-oficial-sobre-felix-torres-declaracao-de-neto-e-recado-de-casagrande-as-ultimas-noticias-do-corinthians\/\" \/>\n<meta property=\"og:locale\" content=\"pt_BR\" \/>\n<meta property=\"og:type\" content=\"article\" \/>\n<meta property=\"og:title\" content=\"Nota oficial sobre F\u00e9lix Torres, declara\u00e7\u00e3o de Neto e recado de Casagrande: as \u00faltimas not\u00edcias do Corinthians\" \/>\n<meta property=\"og:description\" content=\"Nas \u00faltimas horas, o foco das not\u00edcias sobre o Corinthians se concentram nos bastidores doclube, com destaques do dia a dia do time. Por conta deste contexto, leia abaixo um resumo preparado pela equipe do portal G\u00e1vea News para lhe manter muito bem informado! Recado de Casagrande Walter Casagrande analisou o momento do Corinthians e [&hellip;]\" \/>\n<meta property=\"og:url\" content=\"https:\/\/www.gaveanews.com\/index.php\/2025\/02\/05\/nota-oficial-sobre-felix-torres-declaracao-de-neto-e-recado-de-casagrande-as-ultimas-noticias-do-corinthians\/\" \/>\n<meta property=\"og:site_name\" content=\"G\u00e1vea News\" \/>\n<meta property=\"article:publisher\" content=\"https:\/\/facebook.com\/gaveaNews\/\" \/>\n<meta property=\"article:published_time\" content=\"2025-02-05T08:20:00+00:00\" \/>\n<meta property=\"og:image\" content=\"https:\/\/www.gaveanews.com\/wp-content\/uploads\/Elenco-do-Corinthians-durante-partida-do-Brasileirao-2024.webp\" \/>\n\t<meta property=\"og:image:width\" content=\"1814\" \/>\n\t<meta property=\"og:image:height\" content=\"1440\" \/>\n\t<meta property=\"og:image:type\" content=\"image\/jpeg\" \/>\n<meta name=\"author\" content=\"Matheus Felipe\" \/>\n<meta name=\"twitter:card\" content=\"summary_large_image\" \/>\n<meta name=\"twitter:label1\" content=\"Escrito por\" \/>\n\t<meta name=\"twitter:data1\" content=\"Matheus Felipe\" \/>\n\t<meta name=\"twitter:label2\" content=\"Est. tempo de leitura\" \/>\n\t<meta name=\"twitter:data2\" content=\"5 minutos\" \/>\n<script type=\"application\/ld+json\" class=\"yoast-schema-graph\">{\"@context\":\"https:\/\/schema.org\",\"@graph\":[{\"@type\":\"NewsArticle\",\"@id\":\"https:\/\/www.gaveanews.com\/index.php\/2025\/02\/05\/nota-oficial-sobre-felix-torres-declaracao-de-neto-e-recado-de-casagrande-as-ultimas-noticias-do-corinthians\/#article\",\"isPartOf\":{\"@id\":\"https:\/\/www.gaveanews.com\/index.php\/2025\/02\/05\/nota-oficial-sobre-felix-torres-declaracao-de-neto-e-recado-de-casagrande-as-ultimas-noticias-do-corinthians\/\"},\"author\":{\"name\":\"Matheus Felipe\",\"@id\":\"https:\/\/www.gaveanews.com\/#\/schema\/person\/8207cd4627f56151707418bfc835b2fb\"},\"headline\":\"Nota oficial sobre F\u00e9lix Torres, declara\u00e7\u00e3o de Neto e recado de Casagrande: as \u00faltimas not\u00edcias do Corinthians\",\"datePublished\":\"2025-02-05T08:20:00+00:00\",\"mainEntityOfPage\":{\"@id\":\"https:\/\/www.gaveanews.com\/index.php\/2025\/02\/05\/nota-oficial-sobre-felix-torres-declaracao-de-neto-e-recado-de-casagrande-as-ultimas-noticias-do-corinthians\/\"},\"wordCount\":791,\"commentCount\":0,\"image\":{\"@id\":\"https:\/\/www.gaveanews.com\/index.php\/2025\/02\/05\/nota-oficial-sobre-felix-torres-declaracao-de-neto-e-recado-de-casagrande-as-ultimas-noticias-do-corinthians\/#primaryimage\"},\"thumbnailUrl\":\"https:\/\/www.gaveanews.com\/wp-content\/uploads\/Elenco-do-Corinthians-durante-partida-do-Brasileirao-2024.webp\",\"articleSection\":[\"Corinthians\"],\"inLanguage\":\"pt-BR\",\"potentialAction\":[{\"@type\":\"CommentAction\",\"name\":\"Comment\",\"target\":[\"https:\/\/www.gaveanews.com\/index.php\/2025\/02\/05\/nota-oficial-sobre-felix-torres-declaracao-de-neto-e-recado-de-casagrande-as-ultimas-noticias-do-corinthians\/#respond\"]}],\"copyrightYear\":\"2025\",\"copyrightHolder\":{\"@id\":\"https:\/\/www.gaveanews.com\/#organization\"}},{\"@type\":\"WebPage\",\"@id\":\"https:\/\/www.gaveanews.com\/index.php\/2025\/02\/05\/nota-oficial-sobre-felix-torres-declaracao-de-neto-e-recado-de-casagrande-as-ultimas-noticias-do-corinthians\/\",\"url\":\"https:\/\/www.gaveanews.com\/index.php\/2025\/02\/05\/nota-oficial-sobre-felix-torres-declaracao-de-neto-e-recado-de-casagrande-as-ultimas-noticias-do-corinthians\/\",\"name\":\"Nota oficial sobre F\u00e9lix Torres, declara\u00e7\u00e3o de Neto e recado de Casagrande: as \u00faltimas not\u00edcias do Corinthians\",\"isPartOf\":{\"@id\":\"https:\/\/www.gaveanews.com\/#website\"},\"primaryImageOfPage\":{\"@id\":\"https:\/\/www.gaveanews.com\/index.php\/2025\/02\/05\/nota-oficial-sobre-felix-torres-declaracao-de-neto-e-recado-de-casagrande-as-ultimas-noticias-do-corinthians\/#primaryimage\"},\"image\":{\"@id\":\"https:\/\/www.gaveanews.com\/index.php\/2025\/02\/05\/nota-oficial-sobre-felix-torres-declaracao-de-neto-e-recado-de-casagrande-as-ultimas-noticias-do-corinthians\/#primaryimage\"},\"thumbnailUrl\":\"https:\/\/www.gaveanews.com\/wp-content\/uploads\/Elenco-do-Corinthians-durante-partida-do-Brasileirao-2024.webp\",\"datePublished\":\"2025-02-05T08:20:00+00:00\",\"author\":{\"@id\":\"https:\/\/www.gaveanews.com\/#\/schema\/person\/8207cd4627f56151707418bfc835b2fb\"},\"breadcrumb\":{\"@id\":\"https:\/\/www.gaveanews.com\/index.php\/2025\/02\/05\/nota-oficial-sobre-felix-torres-declaracao-de-neto-e-recado-de-casagrande-as-ultimas-noticias-do-corinthians\/#breadcrumb\"},\"inLanguage\":\"pt-BR\",\"potentialAction\":[{\"@type\":\"ReadAction\",\"target\":[\"https:\/\/www.gaveanews.com\/index.php\/2025\/02\/05\/nota-oficial-sobre-felix-torres-declaracao-de-neto-e-recado-de-casagrande-as-ultimas-noticias-do-corinthians\/\"]}]},{\"@type\":\"ImageObject\",\"inLanguage\":\"pt-BR\",\"@id\":\"https:\/\/www.gaveanews.com\/index.php\/2025\/02\/05\/nota-oficial-sobre-felix-torres-declaracao-de-neto-e-recado-de-casagrande-as-ultimas-noticias-do-corinthians\/#primaryimage\",\"url\":\"https:\/\/www.gaveanews.com\/wp-content\/uploads\/Elenco-do-Corinthians-durante-partida-do-Brasileirao-2024.webp\",\"contentUrl\":\"https:\/\/www.gaveanews.com\/wp-content\/uploads\/Elenco-do-Corinthians-durante-partida-do-Brasileirao-2024.webp\",\"width\":1814,\"height\":1440,\"caption\":\"Elenco do Corinthians durante partida do Brasileir\u00e3o 2024 (Foto: Reprodu\u00e7\u00e3o\/Instagram)\"},{\"@type\":\"BreadcrumbList\",\"@id\":\"https:\/\/www.gaveanews.com\/index.php\/2025\/02\/05\/nota-oficial-sobre-felix-torres-declaracao-de-neto-e-recado-de-casagrande-as-ultimas-noticias-do-corinthians\/#breadcrumb\",\"itemListElement\":[{\"@type\":\"ListItem\",\"position\":1,\"name\":\"Home\",\"item\":\"https:\/\/www.gaveanews.com\/\"},{\"@type\":\"ListItem\",\"position\":2,\"name\":\"Nota oficial sobre F\u00e9lix Torres, declara\u00e7\u00e3o de Neto e recado de Casagrande: as \u00faltimas not\u00edcias do Corinthians\"}]},{\"@type\":\"WebSite\",\"@id\":\"https:\/\/www.gaveanews.com\/#website\",\"url\":\"https:\/\/www.gaveanews.com\/\",\"name\":\"G\u00e1vea News\",\"description\":\"Veja todas as not\u00edcias sobre o Flamengo: Contrata\u00e7\u00f5es, categorias de base, resultados das partidas, tabela de classifica\u00e7\u00e3o, pr\u00f3ximos jogos!\",\"potentialAction\":[{\"@type\":\"SearchAction\",\"target\":{\"@type\":\"EntryPoint\",\"urlTemplate\":\"https:\/\/www.gaveanews.com\/?s={search_term_string}\"},\"query-input\":{\"@type\":\"PropertyValueSpecification\",\"valueRequired\":true,\"valueName\":\"search_term_string\"}}],\"inLanguage\":\"pt-BR\"},{\"@type\":\"Person\",\"@id\":\"https:\/\/www.gaveanews.com\/#\/schema\/person\/8207cd4627f56151707418bfc835b2fb\",\"name\":\"Matheus Felipe\",\"image\":{\"@type\":\"ImageObject\",\"inLanguage\":\"pt-BR\",\"@id\":\"https:\/\/www.gaveanews.com\/#\/schema\/person\/image\/\",\"url\":\"https:\/\/secure.gravatar.com\/avatar\/a452ffbed9130f726358b298bb3a99ce4bd3c5338411f8440e87e14d74c7c087?s=96&d=mm&r=g\",\"contentUrl\":\"https:\/\/secure.gravatar.com\/avatar\/a452ffbed9130f726358b298bb3a99ce4bd3c5338411f8440e87e14d74c7c087?s=96&d=mm&r=g\",\"caption\":\"Matheus Felipe\"}}]}<\/script>\n<!-- \/ Yoast SEO Premium plugin. -->","yoast_head_json":{"title":"Nota oficial sobre F\u00e9lix Torres, declara\u00e7\u00e3o de Neto e recado de Casagrande: as \u00faltimas not\u00edcias do Corinthians","robots":{"index":"index","follow":"follow","max-snippet":"max-snippet:-1","max-image-preview":"max-image-preview:large","max-video-preview":"max-video-preview:-1"},"canonical":"https:\/\/www.gaveanews.com\/index.php\/2025\/02\/05\/nota-oficial-sobre-felix-torres-declaracao-de-neto-e-recado-de-casagrande-as-ultimas-noticias-do-corinthians\/","og_locale":"pt_BR","og_type":"article","og_title":"Nota oficial sobre F\u00e9lix Torres, declara\u00e7\u00e3o de Neto e recado de Casagrande: as \u00faltimas not\u00edcias do Corinthians","og_description":"Nas \u00faltimas horas, o foco das not\u00edcias sobre o Corinthians se concentram nos bastidores doclube, com destaques do dia a dia do time. Por conta deste contexto, leia abaixo um resumo preparado pela equipe do portal G\u00e1vea News para lhe manter muito bem informado! Recado de Casagrande Walter Casagrande analisou o momento do Corinthians e [&hellip;]","og_url":"https:\/\/www.gaveanews.com\/index.php\/2025\/02\/05\/nota-oficial-sobre-felix-torres-declaracao-de-neto-e-recado-de-casagrande-as-ultimas-noticias-do-corinthians\/","og_site_name":"G\u00e1vea News","article_publisher":"https:\/\/facebook.com\/gaveaNews\/","article_published_time":"2025-02-05T08:20:00+00:00","og_image":[{"width":1814,"height":1440,"url":"https:\/\/www.gaveanews.com\/wp-content\/uploads\/Elenco-do-Corinthians-durante-partida-do-Brasileirao-2024.webp","type":"image\/jpeg"}],"author":"Matheus Felipe","twitter_card":"summary_large_image","twitter_misc":{"Escrito por":"Matheus Felipe","Est. tempo de leitura":"5 minutos"},"schema":{"@context":"https:\/\/schema.org","@graph":[{"@type":"NewsArticle","@id":"https:\/\/www.gaveanews.com\/index.php\/2025\/02\/05\/nota-oficial-sobre-felix-torres-declaracao-de-neto-e-recado-de-casagrande-as-ultimas-noticias-do-corinthians\/#article","isPartOf":{"@id":"https:\/\/www.gaveanews.com\/index.php\/2025\/02\/05\/nota-oficial-sobre-felix-torres-declaracao-de-neto-e-recado-de-casagrande-as-ultimas-noticias-do-corinthians\/"},"author":{"name":"Matheus Felipe","@id":"https:\/\/www.gaveanews.com\/#\/schema\/person\/8207cd4627f56151707418bfc835b2fb"},"headline":"Nota oficial sobre F\u00e9lix Torres, declara\u00e7\u00e3o de Neto e recado de Casagrande: as \u00faltimas not\u00edcias do Corinthians","datePublished":"2025-02-05T08:20:00+00:00","mainEntityOfPage":{"@id":"https:\/\/www.gaveanews.com\/index.php\/2025\/02\/05\/nota-oficial-sobre-felix-torres-declaracao-de-neto-e-recado-de-casagrande-as-ultimas-noticias-do-corinthians\/"},"wordCount":791,"commentCount":0,"image":{"@id":"https:\/\/www.gaveanews.com\/index.php\/2025\/02\/05\/nota-oficial-sobre-felix-torres-declaracao-de-neto-e-recado-de-casagrande-as-ultimas-noticias-do-corinthians\/#primaryimage"},"thumbnailUrl":"https:\/\/www.gaveanews.com\/wp-content\/uploads\/Elenco-do-Corinthians-durante-partida-do-Brasileirao-2024.webp","articleSection":["Corinthians"],"inLanguage":"pt-BR","potentialAction":[{"@type":"CommentAction","name":"Comment","target":["https:\/\/www.gaveanews.com\/index.php\/2025\/02\/05\/nota-oficial-sobre-felix-torres-declaracao-de-neto-e-recado-de-casagrande-as-ultimas-noticias-do-corinthians\/#respond"]}],"copyrightYear":"2025","copyrightHolder":{"@id":"https:\/\/www.gaveanews.com\/#organization"}},{"@type":"WebPage","@id":"https:\/\/www.gaveanews.com\/index.php\/2025\/02\/05\/nota-oficial-sobre-felix-torres-declaracao-de-neto-e-recado-de-casagrande-as-ultimas-noticias-do-corinthians\/","url":"https:\/\/www.gaveanews.com\/index.php\/2025\/02\/05\/nota-oficial-sobre-felix-torres-declaracao-de-neto-e-recado-de-casagrande-as-ultimas-noticias-do-corinthians\/","name":"Nota oficial sobre F\u00e9lix Torres, declara\u00e7\u00e3o de Neto e recado de Casagrande: as \u00faltimas not\u00edcias do Corinthians","isPartOf":{"@id":"https:\/\/www.gaveanews.com\/#website"},"primaryImageOfPage":{"@id":"https:\/\/www.gaveanews.com\/index.php\/2025\/02\/05\/nota-oficial-sobre-felix-torres-declaracao-de-neto-e-recado-de-casagrande-as-ultimas-noticias-do-corinthians\/#primaryimage"},"image":{"@id":"https:\/\/www.gaveanews.com\/index.php\/2025\/02\/05\/nota-oficial-sobre-felix-torres-declaracao-de-neto-e-recado-de-casagrande-as-ultimas-noticias-do-corinthians\/#primaryimage"},"thumbnailUrl":"https:\/\/www.gaveanews.com\/wp-content\/uploads\/Elenco-do-Corinthians-durante-partida-do-Brasileirao-2024.webp","datePublished":"2025-02-05T08:20:00+00:00","author":{"@id":"https:\/\/www.gaveanews.com\/#\/schema\/person\/8207cd4627f56151707418bfc835b2fb"},"breadcrumb":{"@id":"https:\/\/www.gaveanews.com\/index.php\/2025\/02\/05\/nota-oficial-sobre-felix-torres-declaracao-de-neto-e-recado-de-casagrande-as-ultimas-noticias-do-corinthians\/#breadcrumb"},"inLanguage":"pt-BR","potentialAction":[{"@type":"ReadAction","target":["https:\/\/www.gaveanews.com\/index.php\/2025\/02\/05\/nota-oficial-sobre-felix-torres-declaracao-de-neto-e-recado-de-casagrande-as-ultimas-noticias-do-corinthians\/"]}]},{"@type":"ImageObject","inLanguage":"pt-BR","@id":"https:\/\/www.gaveanews.com\/index.php\/2025\/02\/05\/nota-oficial-sobre-felix-torres-declaracao-de-neto-e-recado-de-casagrande-as-ultimas-noticias-do-corinthians\/#primaryimage","url":"https:\/\/www.gaveanews.com\/wp-content\/uploads\/Elenco-do-Corinthians-durante-partida-do-Brasileirao-2024.webp","contentUrl":"https:\/\/www.gaveanews.com\/wp-content\/uploads\/Elenco-do-Corinthians-durante-partida-do-Brasileirao-2024.webp","width":1814,"height":1440,"caption":"Elenco do Corinthians durante partida do Brasileir\u00e3o 2024 (Foto: Reprodu\u00e7\u00e3o\/Instagram)"},{"@type":"BreadcrumbList","@id":"https:\/\/www.gaveanews.com\/index.php\/2025\/02\/05\/nota-oficial-sobre-felix-torres-declaracao-de-neto-e-recado-de-casagrande-as-ultimas-noticias-do-corinthians\/#breadcrumb","itemListElement":[{"@type":"ListItem","position":1,"name":"Home","item":"https:\/\/www.gaveanews.com\/"},{"@type":"ListItem","position":2,"name":"Nota oficial sobre F\u00e9lix Torres, declara\u00e7\u00e3o de Neto e recado de Casagrande: as \u00faltimas not\u00edcias do Corinthians"}]},{"@type":"WebSite","@id":"https:\/\/www.gaveanews.com\/#website","url":"https:\/\/www.gaveanews.com\/","name":"G\u00e1vea News","description":"Veja todas as not\u00edcias sobre o Flamengo: Contrata\u00e7\u00f5es, categorias de base, resultados das partidas, tabela de classifica\u00e7\u00e3o, pr\u00f3ximos jogos!","potentialAction":[{"@type":"SearchAction","target":{"@type":"EntryPoint","urlTemplate":"https:\/\/www.gaveanews.com\/?s={search_term_string}"},"query-input":{"@type":"PropertyValueSpecification","valueRequired":true,"valueName":"search_term_string"}}],"inLanguage":"pt-BR"},{"@type":"Person","@id":"https:\/\/www.gaveanews.com\/#\/schema\/person\/8207cd4627f56151707418bfc835b2fb","name":"Matheus Felipe","image":{"@type":"ImageObject","inLanguage":"pt-BR","@id":"https:\/\/www.gaveanews.com\/#\/schema\/person\/image\/","url":"https:\/\/secure.gravatar.com\/avatar\/a452ffbed9130f726358b298bb3a99ce4bd3c5338411f8440e87e14d74c7c087?s=96&d=mm&r=g","contentUrl":"https:\/\/secure.gravatar.com\/avatar\/a452ffbed9130f726358b298bb3a99ce4bd3c5338411f8440e87e14d74c7c087?s=96&d=mm&r=g","caption":"Matheus Felipe"}}]}},"_links":{"self":[{"href":"https:\/\/www.gaveanews.com\/index.php\/wp-json\/wp\/v2\/posts\/223440","targetHints":{"allow":["GET"]}}],"collection":[{"href":"https:\/\/www.gaveanews.com\/index.php\/wp-json\/wp\/v2\/posts"}],"about":[{"href":"https:\/\/www.gaveanews.com\/index.php\/wp-json\/wp\/v2\/types\/post"}],"author":[{"embeddable":true,"href":"https:\/\/www.gaveanews.com\/index.php\/wp-json\/wp\/v2\/users\/27"}],"replies":[{"embeddable":true,"href":"https:\/\/www.gaveanews.com\/index.php\/wp-json\/wp\/v2\/comments?post=223440"}],"version-history":[{"count":1,"href":"https:\/\/www.gaveanews.com\/index.php\/wp-json\/wp\/v2\/posts\/223440\/revisions"}],"predecessor-version":[{"id":223447,"href":"https:\/\/www.gaveanews.com\/index.php\/wp-json\/wp\/v2\/posts\/223440\/revisions\/223447"}],"wp:featuredmedia":[{"embeddable":true,"href":"https:\/\/www.gaveanews.com\/index.php\/wp-json\/wp\/v2\/media\/155584"}],"wp:attachment":[{"href":"https:\/\/www.gaveanews.com\/index.php\/wp-json\/wp\/v2\/media?parent=223440"}],"wp:term":[{"taxonomy":"category","embeddable":true,"href":"https:\/\/www.gaveanews.com\/index.php\/wp-json\/wp\/v2\/categories?post=223440"},{"taxonomy":"post_tag","embeddable":true,"href":"https:\/\/www.gaveanews.com\/index.php\/wp-json\/wp\/v2\/tags?post=223440"}],"curies":[{"name":"wp","href":"https:\/\/api.w.org\/{rel}","templated":true}]}}