{"id":223448,"date":"2025-02-05T05:25:00","date_gmt":"2025-02-05T08:25:00","guid":{"rendered":"https:\/\/www.gaveanews.com\/?p=223448"},"modified":"2025-02-05T02:00:38","modified_gmt":"2025-02-05T05:00:38","slug":"irritacao-de-abel-contratacoes-aprovadas-e-problemas-com-torcedor-as-ultimas-noticias-do-palmeiras","status":"publish","type":"post","link":"https:\/\/www.gaveanews.com\/index.php\/2025\/02\/05\/irritacao-de-abel-contratacoes-aprovadas-e-problemas-com-torcedor-as-ultimas-noticias-do-palmeiras\/","title":{"rendered":"Irrita\u00e7\u00e3o de Abel, contrata\u00e7\u00f5es aprovadas e problemas com torcedor: as \u00faltimas not\u00edcias do Palmeiras"},"content":{"rendered":"\n<p>Nas \u00faltimas horas, o foco das not\u00edcias sobre o Palmeiras se concentram nos bastidores do<br>clube, com destaques do dia a dia do time.<\/p>\n\n\n\n<p>Por conta deste contexto, leia abaixo um resumo preparado pela equipe do portal G\u00e1vea News para lhe manter muito bem informado!<\/p>\n\n\n\n<h2 class=\"wp-block-heading\" id=\"h-problemas-com-torcedor\">Problemas com torcedor<\/h2>\n\n\n\n<p>Durante uma transmiss\u00e3o ao vivo no YouTube, o comentarista Felippe Facincani se irritou com um torcedor do Flamengo que provocou sobre a conquista da Supercopa. Facincani n\u00e3o deixou passar a oportunidade e ironizou a situa\u00e7\u00e3o, mencionando a derrota do Flamengo na final da Libertadores de 2021 para o Palmeiras. Ele ainda criticou o fato de o flamenguista estar assistindo a uma live do Palmeiras em vez de comemorar a recente conquista do time carioca <strong><a href=\"https:\/\/www.gaveanews.com\/index.php\/2025\/02\/04\/felippe-facincani-se-irrita-com-torcedor-do-flamengo\/\">(leia a mat\u00e9ria completa).<\/a><\/strong><\/p>\n\n\n\n<figure class=\"wp-block-image size-large\"><img loading=\"lazy\" decoding=\"async\" width=\"1024\" height=\"566\" src=\"http:\/\/www.gaveanews.com\/wp-content\/uploads\/Torcida-do-Flamengo-no-estadio-do-Maracana-1024x566.webp\" alt=\"\" class=\"wp-image-151089\" srcset=\"https:\/\/www.gaveanews.com\/wp-content\/uploads\/Torcida-do-Flamengo-no-estadio-do-Maracana-1024x566.webp 1024w, https:\/\/www.gaveanews.com\/wp-content\/uploads\/Torcida-do-Flamengo-no-estadio-do-Maracana-300x166.webp 300w, https:\/\/www.gaveanews.com\/wp-content\/uploads\/Torcida-do-Flamengo-no-estadio-do-Maracana-768x424.webp 768w, https:\/\/www.gaveanews.com\/wp-content\/uploads\/Torcida-do-Flamengo-no-estadio-do-Maracana-760x420.webp 760w, https:\/\/www.gaveanews.com\/wp-content\/uploads\/Torcida-do-Flamengo-no-estadio-do-Maracana-640x354.webp 640w, https:\/\/www.gaveanews.com\/wp-content\/uploads\/Torcida-do-Flamengo-no-estadio-do-Maracana-681x376.webp 681w, https:\/\/www.gaveanews.com\/wp-content\/uploads\/Torcida-do-Flamengo-no-estadio-do-Maracana-100x55.webp 100w, https:\/\/www.gaveanews.com\/wp-content\/uploads\/Torcida-do-Flamengo-no-estadio-do-Maracana.webp 1220w\" sizes=\"auto, (max-width: 1024px) 100vw, 1024px\" \/><figcaption class=\"wp-element-caption\">Torcida do Flamengo no est\u00e1dio do Maracan\u00e3 (Foto: Paula Reis)<\/figcaption><\/figure>\n\n\n\n<p>Al\u00e9m da troca de farpas, Facincani aproveitou o momento para criticar a diretoria do Palmeiras, cobrando uma postura mais agressiva no mercado de transfer\u00eancias. <\/p>\n\n\n\n<p>Ele destacou a necessidade de contratar um centroavante de peso, mencionando Roberto Firmino, atualmente no futebol saudita, como uma poss\u00edvel solu\u00e7\u00e3o para refor\u00e7ar o elenco comandado por Abel Ferreira.<\/p>\n\n\n\n<p>O Palmeiras, que venceu o Guarani no Paulist\u00e3o e ocupa a segunda posi\u00e7\u00e3o do Grupo D, agora se prepara para o cl\u00e1ssico contra o Corinthians. O Verd\u00e3o busca manter sua invencibilidade contra o rival no Allianz Parque, que j\u00e1 dura desde 2019. O confronto promete ser um dos mais aguardados da rodada, dada a rivalidade entre as equipes.<\/p>\n\n\n\n<h2 class=\"wp-block-heading\" id=\"h-contratacoes-aprovadas\">Contrata\u00e7\u00f5es aprovadas<\/h2>\n\n\n\n<p>O comentarista Felippe Facincani criticou a postura do Palmeiras no mercado de transfer\u00eancias e afirmou que o clube deveria ter buscado a contrata\u00e7\u00e3o de Roberto Firmino. Segundo ele, o time tem recursos financeiros, mas n\u00e3o investe de maneira eficaz para refor\u00e7ar o elenco. Ele citou as altas cifras gastas com Claudinho e Andreas Pereira e a venda de Vitor Reis, argumentando que o clube poderia ter tentado uma negocia\u00e7\u00e3o com o Al-Ahly pelo atacante brasileiro<strong><a href=\"https:\/\/www.gaveanews.com\/index.php\/2025\/02\/03\/felippe-facincani-aprova-contratacao-de-atacante-no-palmeiras\/\"> (leia a mat\u00e9ria completa).<\/a><\/strong><\/p>\n\n\n\n<figure class=\"wp-block-image size-full\"><img loading=\"lazy\" decoding=\"async\" width=\"750\" height=\"485\" src=\"http:\/\/www.gaveanews.com\/wp-content\/uploads\/RobertoFirmino-750x485-1.webp\" alt=\"\" class=\"wp-image-144107\" srcset=\"https:\/\/www.gaveanews.com\/wp-content\/uploads\/RobertoFirmino-750x485-1.webp 750w, https:\/\/www.gaveanews.com\/wp-content\/uploads\/RobertoFirmino-750x485-1-300x194.webp 300w, https:\/\/www.gaveanews.com\/wp-content\/uploads\/RobertoFirmino-750x485-1-649x420.webp 649w, https:\/\/www.gaveanews.com\/wp-content\/uploads\/RobertoFirmino-750x485-1-600x388.webp 600w, https:\/\/www.gaveanews.com\/wp-content\/uploads\/RobertoFirmino-750x485-1-341x220.webp 341w, https:\/\/www.gaveanews.com\/wp-content\/uploads\/RobertoFirmino-750x485-1-682x440.webp 682w, https:\/\/www.gaveanews.com\/wp-content\/uploads\/RobertoFirmino-750x485-1-640x414.webp 640w, https:\/\/www.gaveanews.com\/wp-content\/uploads\/RobertoFirmino-750x485-1-681x440.webp 681w, https:\/\/www.gaveanews.com\/wp-content\/uploads\/RobertoFirmino-750x485-1-100x65.webp 100w\" sizes=\"auto, (max-width: 750px) 100vw, 750px\" \/><\/figure>\n\n\n\n<p>Facincani destacou que Abel Ferreira h\u00e1 tempos pede um centroavante de peso, mas a diretoria n\u00e3o demonstrou interesse em Firmino. Para o comentarista, a falta de movimenta\u00e7\u00e3o no mercado mostra incompet\u00eancia, j\u00e1 que o Palmeiras tem dinheiro em caixa e poderia ter feito uma proposta concreta para refor\u00e7ar o ataque.<\/p>\n\n\n\n<p>Enquanto as cr\u00edticas ao planejamento seguem, o Palmeiras se prepara para o cl\u00e1ssico contra o Corinthians, v\u00e1lido pela s\u00e9tima rodada do Campeonato Paulista. O time ocupa a segunda posi\u00e7\u00e3o do Grupo D, com 11 pontos, e busca uma vit\u00f3ria no D\u00e9rbi para se aproximar da lideran\u00e7a do grupo, atualmente ocupada pelo S\u00e3o Bernardo.<\/p>\n\n\n\n<h2 class=\"wp-block-heading\" id=\"h-irritacao-de-abel\">Irrita\u00e7\u00e3o de Abel<\/h2>\n\n\n\n<p>Ap\u00f3s a vit\u00f3ria do Palmeiras sobre o Guarani por 4 a 1, o t\u00e9cnico Abel Ferreira protagonizou um momento tenso na coletiva de imprensa ao ser questionado sobre refor\u00e7os. Apesar das contrata\u00e7\u00f5es de Facundo Torres, Paulinho e Emiliano Martinez, a torcida segue cobrando a chegada de um centroavante. A insist\u00eancia no tema irritou o treinador, que refor\u00e7ou que sua fun\u00e7\u00e3o \u00e9 trabalhar com os jogadores dispon\u00edveis, embora o clube esteja atento ao mercado (<strong><a href=\"https:\/\/www.gaveanews.com\/index.php\/2025\/02\/03\/video-abel-ferreira-do-palmeiras-se-irrita-durante-coletiva\/\">leia a mat\u00e9ria completa).<\/a><\/strong><\/p>\n\n\n\n<figure class=\"wp-block-image size-large\"><img loading=\"lazy\" decoding=\"async\" width=\"1024\" height=\"1024\" src=\"http:\/\/www.gaveanews.com\/wp-content\/uploads\/Abel-Ferreira-fazendo-anotacoes-apos-um-treino-do-Palmeiras-1024x1024.webp\" alt=\"\" class=\"wp-image-157842\" srcset=\"https:\/\/www.gaveanews.com\/wp-content\/uploads\/Abel-Ferreira-fazendo-anotacoes-apos-um-treino-do-Palmeiras-1024x1024.webp 1024w, https:\/\/www.gaveanews.com\/wp-content\/uploads\/Abel-Ferreira-fazendo-anotacoes-apos-um-treino-do-Palmeiras-300x300.webp 300w, https:\/\/www.gaveanews.com\/wp-content\/uploads\/Abel-Ferreira-fazendo-anotacoes-apos-um-treino-do-Palmeiras-150x150.webp 150w, https:\/\/www.gaveanews.com\/wp-content\/uploads\/Abel-Ferreira-fazendo-anotacoes-apos-um-treino-do-Palmeiras-768x768.webp 768w, https:\/\/www.gaveanews.com\/wp-content\/uploads\/Abel-Ferreira-fazendo-anotacoes-apos-um-treino-do-Palmeiras-420x420.webp 420w, https:\/\/www.gaveanews.com\/wp-content\/uploads\/Abel-Ferreira-fazendo-anotacoes-apos-um-treino-do-Palmeiras-840x840.webp 840w, https:\/\/www.gaveanews.com\/wp-content\/uploads\/Abel-Ferreira-fazendo-anotacoes-apos-um-treino-do-Palmeiras-640x640.webp 640w, https:\/\/www.gaveanews.com\/wp-content\/uploads\/Abel-Ferreira-fazendo-anotacoes-apos-um-treino-do-Palmeiras-1280x1280.webp 1280w, https:\/\/www.gaveanews.com\/wp-content\/uploads\/Abel-Ferreira-fazendo-anotacoes-apos-um-treino-do-Palmeiras-681x681.webp 681w, https:\/\/www.gaveanews.com\/wp-content\/uploads\/Abel-Ferreira-fazendo-anotacoes-apos-um-treino-do-Palmeiras-1362x1362.webp 1362w, https:\/\/www.gaveanews.com\/wp-content\/uploads\/Abel-Ferreira-fazendo-anotacoes-apos-um-treino-do-Palmeiras-100x100.webp 100w, https:\/\/www.gaveanews.com\/wp-content\/uploads\/Abel-Ferreira-fazendo-anotacoes-apos-um-treino-do-Palmeiras.webp 1500w\" sizes=\"auto, (max-width: 1024px) 100vw, 1024px\" \/><figcaption class=\"wp-element-caption\">Abel Ferreira fazendo anota\u00e7\u00f5es ap\u00f3s um treino do Palmeiras (Foto: Cesar Greco\/Palmeiras)<\/figcaption><\/figure>\n\n\n\n<p>Al\u00e9m da pol\u00eamica sobre refor\u00e7os, o Palmeiras recusou uma proposta do Orlando City pelo meio-campista Atuesta. A diretoria alviverde n\u00e3o concordou com os termos da negocia\u00e7\u00e3o, que inclu\u00eda o pagamento parcial dos sal\u00e1rios do jogador em um poss\u00edvel empr\u00e9stimo. Apesar da recusa inicial, o clube segue aberto a novas ofertas e a possibilidade de transfer\u00eancia ainda n\u00e3o est\u00e1 descartada.<\/p>\n\n\n\n<p>O Palmeiras agora se prepara para o cl\u00e1ssico contra o Corinthians, v\u00e1lido pela s\u00e9tima rodada do Campeonato Paulista. A equipe ocupa a segunda posi\u00e7\u00e3o do Grupo D, com 11 pontos, atr\u00e1s do l\u00edder S\u00e3o Bernardo, que soma 15. Com o ambiente de cobran\u00e7as e expectativas, a partida contra o rival pode ser decisiva para amenizar as press\u00f5es sobre Abel Ferreira e sua comiss\u00e3o t\u00e9cnica.<\/p>\n","protected":false},"excerpt":{"rendered":"<p>Nas \u00faltimas horas, o foco das not\u00edcias sobre o Palmeiras se concentram nos bastidores doclube, com destaques do dia a dia do time. Por conta deste contexto, leia abaixo um resumo preparado pela equipe do portal G\u00e1vea News para lhe manter muito bem informado! Problemas com torcedor Durante uma transmiss\u00e3o ao vivo no YouTube, o [&hellip;]<\/p>\n","protected":false},"author":27,"featured_media":142887,"comment_status":"open","ping_status":"closed","sticky":false,"template":"","format":"standard","meta":{"footnotes":""},"categories":[150],"tags":[],"class_list":["post-223448","post","type-post","status-publish","format-standard","has-post-thumbnail","hentry","category-palmeiras"],"yoast_head":"<!-- This site is optimized with the Yoast SEO Premium plugin v24.2 (Yoast SEO v26.9) - https:\/\/yoast.com\/product\/yoast-seo-premium-wordpress\/ -->\n<title>Irrita\u00e7\u00e3o de Abel, contrata\u00e7\u00f5es aprovadas e problemas com torcedor: as \u00faltimas not\u00edcias do Palmeiras<\/title>\n<meta name=\"robots\" content=\"index, follow, max-snippet:-1, max-image-preview:large, max-video-preview:-1\" \/>\n<link rel=\"canonical\" href=\"https:\/\/www.gaveanews.com\/index.php\/2025\/02\/05\/irritacao-de-abel-contratacoes-aprovadas-e-problemas-com-torcedor-as-ultimas-noticias-do-palmeiras\/\" \/>\n<meta property=\"og:locale\" content=\"pt_BR\" \/>\n<meta property=\"og:type\" content=\"article\" \/>\n<meta property=\"og:title\" content=\"Irrita\u00e7\u00e3o de Abel, contrata\u00e7\u00f5es aprovadas e problemas com torcedor: as \u00faltimas not\u00edcias do Palmeiras\" \/>\n<meta property=\"og:description\" content=\"Nas \u00faltimas horas, o foco das not\u00edcias sobre o Palmeiras se concentram nos bastidores doclube, com destaques do dia a dia do time. Por conta deste contexto, leia abaixo um resumo preparado pela equipe do portal G\u00e1vea News para lhe manter muito bem informado! Problemas com torcedor Durante uma transmiss\u00e3o ao vivo no YouTube, o [&hellip;]\" \/>\n<meta property=\"og:url\" content=\"https:\/\/www.gaveanews.com\/index.php\/2025\/02\/05\/irritacao-de-abel-contratacoes-aprovadas-e-problemas-com-torcedor-as-ultimas-noticias-do-palmeiras\/\" \/>\n<meta property=\"og:site_name\" content=\"G\u00e1vea News\" \/>\n<meta property=\"article:publisher\" content=\"https:\/\/facebook.com\/gaveaNews\/\" \/>\n<meta property=\"article:published_time\" content=\"2025-02-05T08:25:00+00:00\" \/>\n<meta property=\"og:image\" content=\"https:\/\/www.gaveanews.com\/wp-content\/uploads\/Escudo-do-Palmeiras.webp\" \/>\n\t<meta property=\"og:image:width\" content=\"680\" \/>\n\t<meta property=\"og:image:height\" content=\"510\" \/>\n\t<meta property=\"og:image:type\" content=\"image\/jpeg\" \/>\n<meta name=\"author\" content=\"Matheus Felipe\" \/>\n<meta name=\"twitter:card\" content=\"summary_large_image\" \/>\n<meta name=\"twitter:label1\" content=\"Escrito por\" \/>\n\t<meta name=\"twitter:data1\" content=\"Matheus Felipe\" \/>\n\t<meta name=\"twitter:label2\" content=\"Est. tempo de leitura\" \/>\n\t<meta name=\"twitter:data2\" content=\"5 minutos\" \/>\n<script type=\"application\/ld+json\" class=\"yoast-schema-graph\">{\"@context\":\"https:\/\/schema.org\",\"@graph\":[{\"@type\":\"NewsArticle\",\"@id\":\"https:\/\/www.gaveanews.com\/index.php\/2025\/02\/05\/irritacao-de-abel-contratacoes-aprovadas-e-problemas-com-torcedor-as-ultimas-noticias-do-palmeiras\/#article\",\"isPartOf\":{\"@id\":\"https:\/\/www.gaveanews.com\/index.php\/2025\/02\/05\/irritacao-de-abel-contratacoes-aprovadas-e-problemas-com-torcedor-as-ultimas-noticias-do-palmeiras\/\"},\"author\":{\"name\":\"Matheus Felipe\",\"@id\":\"https:\/\/www.gaveanews.com\/#\/schema\/person\/8207cd4627f56151707418bfc835b2fb\"},\"headline\":\"Irrita\u00e7\u00e3o de Abel, contrata\u00e7\u00f5es aprovadas e problemas com torcedor: as \u00faltimas not\u00edcias do Palmeiras\",\"datePublished\":\"2025-02-05T08:25:00+00:00\",\"mainEntityOfPage\":{\"@id\":\"https:\/\/www.gaveanews.com\/index.php\/2025\/02\/05\/irritacao-de-abel-contratacoes-aprovadas-e-problemas-com-torcedor-as-ultimas-noticias-do-palmeiras\/\"},\"wordCount\":726,\"commentCount\":0,\"image\":{\"@id\":\"https:\/\/www.gaveanews.com\/index.php\/2025\/02\/05\/irritacao-de-abel-contratacoes-aprovadas-e-problemas-com-torcedor-as-ultimas-noticias-do-palmeiras\/#primaryimage\"},\"thumbnailUrl\":\"https:\/\/www.gaveanews.com\/wp-content\/uploads\/Escudo-do-Palmeiras.webp\",\"articleSection\":[\"Palmeiras\"],\"inLanguage\":\"pt-BR\",\"potentialAction\":[{\"@type\":\"CommentAction\",\"name\":\"Comment\",\"target\":[\"https:\/\/www.gaveanews.com\/index.php\/2025\/02\/05\/irritacao-de-abel-contratacoes-aprovadas-e-problemas-com-torcedor-as-ultimas-noticias-do-palmeiras\/#respond\"]}],\"copyrightYear\":\"2025\",\"copyrightHolder\":{\"@id\":\"https:\/\/www.gaveanews.com\/#organization\"}},{\"@type\":\"WebPage\",\"@id\":\"https:\/\/www.gaveanews.com\/index.php\/2025\/02\/05\/irritacao-de-abel-contratacoes-aprovadas-e-problemas-com-torcedor-as-ultimas-noticias-do-palmeiras\/\",\"url\":\"https:\/\/www.gaveanews.com\/index.php\/2025\/02\/05\/irritacao-de-abel-contratacoes-aprovadas-e-problemas-com-torcedor-as-ultimas-noticias-do-palmeiras\/\",\"name\":\"Irrita\u00e7\u00e3o de Abel, contrata\u00e7\u00f5es aprovadas e problemas com torcedor: as \u00faltimas not\u00edcias do Palmeiras\",\"isPartOf\":{\"@id\":\"https:\/\/www.gaveanews.com\/#website\"},\"primaryImageOfPage\":{\"@id\":\"https:\/\/www.gaveanews.com\/index.php\/2025\/02\/05\/irritacao-de-abel-contratacoes-aprovadas-e-problemas-com-torcedor-as-ultimas-noticias-do-palmeiras\/#primaryimage\"},\"image\":{\"@id\":\"https:\/\/www.gaveanews.com\/index.php\/2025\/02\/05\/irritacao-de-abel-contratacoes-aprovadas-e-problemas-com-torcedor-as-ultimas-noticias-do-palmeiras\/#primaryimage\"},\"thumbnailUrl\":\"https:\/\/www.gaveanews.com\/wp-content\/uploads\/Escudo-do-Palmeiras.webp\",\"datePublished\":\"2025-02-05T08:25:00+00:00\",\"author\":{\"@id\":\"https:\/\/www.gaveanews.com\/#\/schema\/person\/8207cd4627f56151707418bfc835b2fb\"},\"breadcrumb\":{\"@id\":\"https:\/\/www.gaveanews.com\/index.php\/2025\/02\/05\/irritacao-de-abel-contratacoes-aprovadas-e-problemas-com-torcedor-as-ultimas-noticias-do-palmeiras\/#breadcrumb\"},\"inLanguage\":\"pt-BR\",\"potentialAction\":[{\"@type\":\"ReadAction\",\"target\":[\"https:\/\/www.gaveanews.com\/index.php\/2025\/02\/05\/irritacao-de-abel-contratacoes-aprovadas-e-problemas-com-torcedor-as-ultimas-noticias-do-palmeiras\/\"]}]},{\"@type\":\"ImageObject\",\"inLanguage\":\"pt-BR\",\"@id\":\"https:\/\/www.gaveanews.com\/index.php\/2025\/02\/05\/irritacao-de-abel-contratacoes-aprovadas-e-problemas-com-torcedor-as-ultimas-noticias-do-palmeiras\/#primaryimage\",\"url\":\"https:\/\/www.gaveanews.com\/wp-content\/uploads\/Escudo-do-Palmeiras.webp\",\"contentUrl\":\"https:\/\/www.gaveanews.com\/wp-content\/uploads\/Escudo-do-Palmeiras.webp\",\"width\":680,\"height\":510,\"caption\":\"Escudo do Palmeiras (Foto Reprodu\u00e7\u00e3o\/Instagram)\"},{\"@type\":\"BreadcrumbList\",\"@id\":\"https:\/\/www.gaveanews.com\/index.php\/2025\/02\/05\/irritacao-de-abel-contratacoes-aprovadas-e-problemas-com-torcedor-as-ultimas-noticias-do-palmeiras\/#breadcrumb\",\"itemListElement\":[{\"@type\":\"ListItem\",\"position\":1,\"name\":\"Home\",\"item\":\"https:\/\/www.gaveanews.com\/\"},{\"@type\":\"ListItem\",\"position\":2,\"name\":\"Irrita\u00e7\u00e3o de Abel, contrata\u00e7\u00f5es aprovadas e problemas com torcedor: as \u00faltimas not\u00edcias do Palmeiras\"}]},{\"@type\":\"WebSite\",\"@id\":\"https:\/\/www.gaveanews.com\/#website\",\"url\":\"https:\/\/www.gaveanews.com\/\",\"name\":\"G\u00e1vea News\",\"description\":\"Veja todas as not\u00edcias sobre o Flamengo: Contrata\u00e7\u00f5es, categorias de base, resultados das partidas, tabela de classifica\u00e7\u00e3o, pr\u00f3ximos jogos!\",\"potentialAction\":[{\"@type\":\"SearchAction\",\"target\":{\"@type\":\"EntryPoint\",\"urlTemplate\":\"https:\/\/www.gaveanews.com\/?s={search_term_string}\"},\"query-input\":{\"@type\":\"PropertyValueSpecification\",\"valueRequired\":true,\"valueName\":\"search_term_string\"}}],\"inLanguage\":\"pt-BR\"},{\"@type\":\"Person\",\"@id\":\"https:\/\/www.gaveanews.com\/#\/schema\/person\/8207cd4627f56151707418bfc835b2fb\",\"name\":\"Matheus Felipe\",\"image\":{\"@type\":\"ImageObject\",\"inLanguage\":\"pt-BR\",\"@id\":\"https:\/\/www.gaveanews.com\/#\/schema\/person\/image\/\",\"url\":\"https:\/\/secure.gravatar.com\/avatar\/a452ffbed9130f726358b298bb3a99ce4bd3c5338411f8440e87e14d74c7c087?s=96&d=mm&r=g\",\"contentUrl\":\"https:\/\/secure.gravatar.com\/avatar\/a452ffbed9130f726358b298bb3a99ce4bd3c5338411f8440e87e14d74c7c087?s=96&d=mm&r=g\",\"caption\":\"Matheus Felipe\"}}]}<\/script>\n<!-- \/ Yoast SEO Premium plugin. -->","yoast_head_json":{"title":"Irrita\u00e7\u00e3o de Abel, contrata\u00e7\u00f5es aprovadas e problemas com torcedor: as \u00faltimas not\u00edcias do Palmeiras","robots":{"index":"index","follow":"follow","max-snippet":"max-snippet:-1","max-image-preview":"max-image-preview:large","max-video-preview":"max-video-preview:-1"},"canonical":"https:\/\/www.gaveanews.com\/index.php\/2025\/02\/05\/irritacao-de-abel-contratacoes-aprovadas-e-problemas-com-torcedor-as-ultimas-noticias-do-palmeiras\/","og_locale":"pt_BR","og_type":"article","og_title":"Irrita\u00e7\u00e3o de Abel, contrata\u00e7\u00f5es aprovadas e problemas com torcedor: as \u00faltimas not\u00edcias do Palmeiras","og_description":"Nas \u00faltimas horas, o foco das not\u00edcias sobre o Palmeiras se concentram nos bastidores doclube, com destaques do dia a dia do time. Por conta deste contexto, leia abaixo um resumo preparado pela equipe do portal G\u00e1vea News para lhe manter muito bem informado! Problemas com torcedor Durante uma transmiss\u00e3o ao vivo no YouTube, o [&hellip;]","og_url":"https:\/\/www.gaveanews.com\/index.php\/2025\/02\/05\/irritacao-de-abel-contratacoes-aprovadas-e-problemas-com-torcedor-as-ultimas-noticias-do-palmeiras\/","og_site_name":"G\u00e1vea News","article_publisher":"https:\/\/facebook.com\/gaveaNews\/","article_published_time":"2025-02-05T08:25:00+00:00","og_image":[{"width":680,"height":510,"url":"https:\/\/www.gaveanews.com\/wp-content\/uploads\/Escudo-do-Palmeiras.webp","type":"image\/jpeg"}],"author":"Matheus Felipe","twitter_card":"summary_large_image","twitter_misc":{"Escrito por":"Matheus Felipe","Est. tempo de leitura":"5 minutos"},"schema":{"@context":"https:\/\/schema.org","@graph":[{"@type":"NewsArticle","@id":"https:\/\/www.gaveanews.com\/index.php\/2025\/02\/05\/irritacao-de-abel-contratacoes-aprovadas-e-problemas-com-torcedor-as-ultimas-noticias-do-palmeiras\/#article","isPartOf":{"@id":"https:\/\/www.gaveanews.com\/index.php\/2025\/02\/05\/irritacao-de-abel-contratacoes-aprovadas-e-problemas-com-torcedor-as-ultimas-noticias-do-palmeiras\/"},"author":{"name":"Matheus Felipe","@id":"https:\/\/www.gaveanews.com\/#\/schema\/person\/8207cd4627f56151707418bfc835b2fb"},"headline":"Irrita\u00e7\u00e3o de Abel, contrata\u00e7\u00f5es aprovadas e problemas com torcedor: as \u00faltimas not\u00edcias do Palmeiras","datePublished":"2025-02-05T08:25:00+00:00","mainEntityOfPage":{"@id":"https:\/\/www.gaveanews.com\/index.php\/2025\/02\/05\/irritacao-de-abel-contratacoes-aprovadas-e-problemas-com-torcedor-as-ultimas-noticias-do-palmeiras\/"},"wordCount":726,"commentCount":0,"image":{"@id":"https:\/\/www.gaveanews.com\/index.php\/2025\/02\/05\/irritacao-de-abel-contratacoes-aprovadas-e-problemas-com-torcedor-as-ultimas-noticias-do-palmeiras\/#primaryimage"},"thumbnailUrl":"https:\/\/www.gaveanews.com\/wp-content\/uploads\/Escudo-do-Palmeiras.webp","articleSection":["Palmeiras"],"inLanguage":"pt-BR","potentialAction":[{"@type":"CommentAction","name":"Comment","target":["https:\/\/www.gaveanews.com\/index.php\/2025\/02\/05\/irritacao-de-abel-contratacoes-aprovadas-e-problemas-com-torcedor-as-ultimas-noticias-do-palmeiras\/#respond"]}],"copyrightYear":"2025","copyrightHolder":{"@id":"https:\/\/www.gaveanews.com\/#organization"}},{"@type":"WebPage","@id":"https:\/\/www.gaveanews.com\/index.php\/2025\/02\/05\/irritacao-de-abel-contratacoes-aprovadas-e-problemas-com-torcedor-as-ultimas-noticias-do-palmeiras\/","url":"https:\/\/www.gaveanews.com\/index.php\/2025\/02\/05\/irritacao-de-abel-contratacoes-aprovadas-e-problemas-com-torcedor-as-ultimas-noticias-do-palmeiras\/","name":"Irrita\u00e7\u00e3o de Abel, contrata\u00e7\u00f5es aprovadas e problemas com torcedor: as \u00faltimas not\u00edcias do Palmeiras","isPartOf":{"@id":"https:\/\/www.gaveanews.com\/#website"},"primaryImageOfPage":{"@id":"https:\/\/www.gaveanews.com\/index.php\/2025\/02\/05\/irritacao-de-abel-contratacoes-aprovadas-e-problemas-com-torcedor-as-ultimas-noticias-do-palmeiras\/#primaryimage"},"image":{"@id":"https:\/\/www.gaveanews.com\/index.php\/2025\/02\/05\/irritacao-de-abel-contratacoes-aprovadas-e-problemas-com-torcedor-as-ultimas-noticias-do-palmeiras\/#primaryimage"},"thumbnailUrl":"https:\/\/www.gaveanews.com\/wp-content\/uploads\/Escudo-do-Palmeiras.webp","datePublished":"2025-02-05T08:25:00+00:00","author":{"@id":"https:\/\/www.gaveanews.com\/#\/schema\/person\/8207cd4627f56151707418bfc835b2fb"},"breadcrumb":{"@id":"https:\/\/www.gaveanews.com\/index.php\/2025\/02\/05\/irritacao-de-abel-contratacoes-aprovadas-e-problemas-com-torcedor-as-ultimas-noticias-do-palmeiras\/#breadcrumb"},"inLanguage":"pt-BR","potentialAction":[{"@type":"ReadAction","target":["https:\/\/www.gaveanews.com\/index.php\/2025\/02\/05\/irritacao-de-abel-contratacoes-aprovadas-e-problemas-com-torcedor-as-ultimas-noticias-do-palmeiras\/"]}]},{"@type":"ImageObject","inLanguage":"pt-BR","@id":"https:\/\/www.gaveanews.com\/index.php\/2025\/02\/05\/irritacao-de-abel-contratacoes-aprovadas-e-problemas-com-torcedor-as-ultimas-noticias-do-palmeiras\/#primaryimage","url":"https:\/\/www.gaveanews.com\/wp-content\/uploads\/Escudo-do-Palmeiras.webp","contentUrl":"https:\/\/www.gaveanews.com\/wp-content\/uploads\/Escudo-do-Palmeiras.webp","width":680,"height":510,"caption":"Escudo do Palmeiras (Foto Reprodu\u00e7\u00e3o\/Instagram)"},{"@type":"BreadcrumbList","@id":"https:\/\/www.gaveanews.com\/index.php\/2025\/02\/05\/irritacao-de-abel-contratacoes-aprovadas-e-problemas-com-torcedor-as-ultimas-noticias-do-palmeiras\/#breadcrumb","itemListElement":[{"@type":"ListItem","position":1,"name":"Home","item":"https:\/\/www.gaveanews.com\/"},{"@type":"ListItem","position":2,"name":"Irrita\u00e7\u00e3o de Abel, contrata\u00e7\u00f5es aprovadas e problemas com torcedor: as \u00faltimas not\u00edcias do Palmeiras"}]},{"@type":"WebSite","@id":"https:\/\/www.gaveanews.com\/#website","url":"https:\/\/www.gaveanews.com\/","name":"G\u00e1vea News","description":"Veja todas as not\u00edcias sobre o Flamengo: Contrata\u00e7\u00f5es, categorias de base, resultados das partidas, tabela de classifica\u00e7\u00e3o, pr\u00f3ximos jogos!","potentialAction":[{"@type":"SearchAction","target":{"@type":"EntryPoint","urlTemplate":"https:\/\/www.gaveanews.com\/?s={search_term_string}"},"query-input":{"@type":"PropertyValueSpecification","valueRequired":true,"valueName":"search_term_string"}}],"inLanguage":"pt-BR"},{"@type":"Person","@id":"https:\/\/www.gaveanews.com\/#\/schema\/person\/8207cd4627f56151707418bfc835b2fb","name":"Matheus Felipe","image":{"@type":"ImageObject","inLanguage":"pt-BR","@id":"https:\/\/www.gaveanews.com\/#\/schema\/person\/image\/","url":"https:\/\/secure.gravatar.com\/avatar\/a452ffbed9130f726358b298bb3a99ce4bd3c5338411f8440e87e14d74c7c087?s=96&d=mm&r=g","contentUrl":"https:\/\/secure.gravatar.com\/avatar\/a452ffbed9130f726358b298bb3a99ce4bd3c5338411f8440e87e14d74c7c087?s=96&d=mm&r=g","caption":"Matheus Felipe"}}]}},"_links":{"self":[{"href":"https:\/\/www.gaveanews.com\/index.php\/wp-json\/wp\/v2\/posts\/223448","targetHints":{"allow":["GET"]}}],"collection":[{"href":"https:\/\/www.gaveanews.com\/index.php\/wp-json\/wp\/v2\/posts"}],"about":[{"href":"https:\/\/www.gaveanews.com\/index.php\/wp-json\/wp\/v2\/types\/post"}],"author":[{"embeddable":true,"href":"https:\/\/www.gaveanews.com\/index.php\/wp-json\/wp\/v2\/users\/27"}],"replies":[{"embeddable":true,"href":"https:\/\/www.gaveanews.com\/index.php\/wp-json\/wp\/v2\/comments?post=223448"}],"version-history":[{"count":1,"href":"https:\/\/www.gaveanews.com\/index.php\/wp-json\/wp\/v2\/posts\/223448\/revisions"}],"predecessor-version":[{"id":223456,"href":"https:\/\/www.gaveanews.com\/index.php\/wp-json\/wp\/v2\/posts\/223448\/revisions\/223456"}],"wp:featuredmedia":[{"embeddable":true,"href":"https:\/\/www.gaveanews.com\/index.php\/wp-json\/wp\/v2\/media\/142887"}],"wp:attachment":[{"href":"https:\/\/www.gaveanews.com\/index.php\/wp-json\/wp\/v2\/media?parent=223448"}],"wp:term":[{"taxonomy":"category","embeddable":true,"href":"https:\/\/www.gaveanews.com\/index.php\/wp-json\/wp\/v2\/categories?post=223448"},{"taxonomy":"post_tag","embeddable":true,"href":"https:\/\/www.gaveanews.com\/index.php\/wp-json\/wp\/v2\/tags?post=223448"}],"curies":[{"name":"wp","href":"https:\/\/api.w.org\/{rel}","templated":true}]}}