{"id":223449,"date":"2025-02-05T07:50:00","date_gmt":"2025-02-05T10:50:00","guid":{"rendered":"https:\/\/www.gaveanews.com\/?p=223449"},"modified":"2025-02-05T01:39:34","modified_gmt":"2025-02-05T04:39:34","slug":"parte-medico-de-alaba-situacao-de-vini-jr-e-declaracao-de-cristiano-ronaldo-as-ultimas-noticias-do-real-madrid","status":"publish","type":"post","link":"https:\/\/www.gaveanews.com\/index.php\/2025\/02\/05\/parte-medico-de-alaba-situacao-de-vini-jr-e-declaracao-de-cristiano-ronaldo-as-ultimas-noticias-do-real-madrid\/","title":{"rendered":"Parte m\u00e9dico de Alaba, situa\u00e7\u00e3o de Vini Jr e declara\u00e7\u00e3o de Cristiano Ronaldo: as \u00faltimas not\u00edcias do Real Madrid"},"content":{"rendered":"\n<p>Nas \u00faltimas horas, o foco das not\u00edcias sobre o Real Madrid se concentram nos bastidores do clube, com destaques do dia a dia do time.<\/p>\n\n\n\n<p>Por conta deste contexto, leia abaixo um resumo preparado pela equipe do portal G\u00e1vea News para lhe manter muito bem informado!<\/p>\n\n\n\n<h2 class=\"wp-block-heading\" id=\"h-declaracao-de-cristiano-ronaldo\">Declara\u00e7\u00e3o de Cristiano Ronaldo<\/h2>\n\n\n\n<p>Cristiano Ronaldo relembrou com nostalgia a intensidade dos cl\u00e1ssicos entre Real Madrid e Barcelona durante sua passagem pelo futebol espanhol. Em entrevista ao programa &#8220;La Sexta&#8221;, o craque portugu\u00eas destacou o impacto dessa rivalidade hist\u00f3rica, afirmando que a expectativa para os confrontos era enorme, tanto para os jogadores quanto para os torcedores. Segundo ele, a atmosfera antes de um El Cl\u00e1sico era eletrizante, com a m\u00eddia e os f\u00e3s vivendo a semana inteira focados na partida<strong><a href=\"https:\/\/www.gaveanews.com\/index.php\/2025\/02\/04\/a-declaracao-de-cristiano-ronaldo-sobre-o-el-clasico-entre-real-madrid-e-barcelona\/\"> (leia a mat\u00e9ria completa).<\/a><\/strong><\/p>\n\n\n\n<figure class=\"wp-block-image size-large\"><img loading=\"lazy\" decoding=\"async\" width=\"1024\" height=\"683\" src=\"http:\/\/www.gaveanews.com\/wp-content\/uploads\/Cristiano-Ronaldo-em-acao-pelo-Manchester-United-1024x683.webp\" alt=\"\" class=\"wp-image-89697\" srcset=\"https:\/\/www.gaveanews.com\/wp-content\/uploads\/Cristiano-Ronaldo-em-acao-pelo-Manchester-United-1024x683.webp 1024w, https:\/\/www.gaveanews.com\/wp-content\/uploads\/Cristiano-Ronaldo-em-acao-pelo-Manchester-United-300x200.webp 300w, https:\/\/www.gaveanews.com\/wp-content\/uploads\/Cristiano-Ronaldo-em-acao-pelo-Manchester-United-768x512.webp 768w, https:\/\/www.gaveanews.com\/wp-content\/uploads\/Cristiano-Ronaldo-em-acao-pelo-Manchester-United-630x420.webp 630w, https:\/\/www.gaveanews.com\/wp-content\/uploads\/Cristiano-Ronaldo-em-acao-pelo-Manchester-United-1260x840.webp 1260w, https:\/\/www.gaveanews.com\/wp-content\/uploads\/Cristiano-Ronaldo-em-acao-pelo-Manchester-United-640x427.webp 640w, https:\/\/www.gaveanews.com\/wp-content\/uploads\/Cristiano-Ronaldo-em-acao-pelo-Manchester-United-1280x853.webp 1280w, https:\/\/www.gaveanews.com\/wp-content\/uploads\/Cristiano-Ronaldo-em-acao-pelo-Manchester-United-681x454.webp 681w, https:\/\/www.gaveanews.com\/wp-content\/uploads\/Cristiano-Ronaldo-em-acao-pelo-Manchester-United-100x67.webp 100w, https:\/\/www.gaveanews.com\/wp-content\/uploads\/Cristiano-Ronaldo-em-acao-pelo-Manchester-United.webp 1350w\" sizes=\"auto, (max-width: 1024px) 100vw, 1024px\" \/><figcaption class=\"wp-element-caption\">Cristiano Ronaldo em a\u00e7\u00e3o pelo Manchester United (Foto: Divulga\u00e7\u00e3o)<\/figcaption><\/figure>\n\n\n\n<p>O atacante tamb\u00e9m ressaltou a competitividade entre os elencos e os duelos individuais que marcaram \u00e9poca, como suas disputas com Lionel Messi e as batalhas entre Sergio Ramos e Gerard Piqu\u00e9. <\/p>\n\n\n\n<p>No entanto, Cristiano fez quest\u00e3o de enfatizar que, apesar da rivalidade acirrada, os embates sempre foram saud\u00e1veis e contribu\u00edram para elevar o n\u00edvel do futebol mundial. Para ele, essa fase deixou uma marca especial na hist\u00f3ria do esporte, sendo lembrada at\u00e9 hoje pelos torcedores.<\/p>\n\n\n\n<p>Com o passar dos anos, tanto Cristiano Ronaldo quanto Messi seguiram caminhos diferentes, encerrando uma era de confrontos inesquec\u00edveis entre os gigantes espanh\u00f3is. No entanto, o impacto deixado por esses duelos segue vivo na mem\u00f3ria dos f\u00e3s, que ainda sonham com um reencontro entre os dois craques. O legado constru\u00eddo durante esses anos permanece como um dos per\u00edodos mais marcantes da hist\u00f3ria do futebol.<\/p>\n\n\n\n<h2 class=\"wp-block-heading\" id=\"h-situacao-de-vini-jr\">Situa\u00e7\u00e3o de Vini Jr <\/h2>\n\n\n\n<p>Uma obra do artista espanhol V\u00edctor Navarro Granero tem gerado grande pol\u00eamica ao retratar Vini Jr, do Real Madrid, como um &#8220;ninot&#8221;, boneco t\u00edpico da festa tradicional Fallas, em Val\u00eancia. A escultura mostra o jogador segurando um &#8220;coc\u00f4 dourado&#8221;, o que foi interpretado por muitos como uma provoca\u00e7\u00e3o ao atleta brasileiro. A pe\u00e7a gerou rea\u00e7\u00f5es extremas nas redes sociais, levando a uma onda de cr\u00edticas e at\u00e9 amea\u00e7as de morte contra o artista <strong><a href=\"https:\/\/www.gaveanews.com\/index.php\/2025\/02\/04\/artista-recebe-ameacas-apos-obra-provocativa-direcionada-a-vini-jr\/\">(leia a mat\u00e9ria completa).<\/a><\/strong><\/p>\n\n\n\n<figure class=\"wp-block-image size-large\"><img loading=\"lazy\" decoding=\"async\" width=\"1024\" height=\"576\" src=\"http:\/\/www.gaveanews.com\/wp-content\/uploads\/vinicius-junior-hat-trick-real-madrid-barcelona-1024x576.webp\" alt=\"\" class=\"wp-image-131354\" srcset=\"https:\/\/www.gaveanews.com\/wp-content\/uploads\/vinicius-junior-hat-trick-real-madrid-barcelona-1024x576.webp 1024w, https:\/\/www.gaveanews.com\/wp-content\/uploads\/vinicius-junior-hat-trick-real-madrid-barcelona-300x169.webp 300w, https:\/\/www.gaveanews.com\/wp-content\/uploads\/vinicius-junior-hat-trick-real-madrid-barcelona-768x432.webp 768w, https:\/\/www.gaveanews.com\/wp-content\/uploads\/vinicius-junior-hat-trick-real-madrid-barcelona-747x420.webp 747w, https:\/\/www.gaveanews.com\/wp-content\/uploads\/vinicius-junior-hat-trick-real-madrid-barcelona-640x360.webp 640w, https:\/\/www.gaveanews.com\/wp-content\/uploads\/vinicius-junior-hat-trick-real-madrid-barcelona-681x383.webp 681w, https:\/\/www.gaveanews.com\/wp-content\/uploads\/vinicius-junior-hat-trick-real-madrid-barcelona-100x56.webp 100w, https:\/\/www.gaveanews.com\/wp-content\/uploads\/vinicius-junior-hat-trick-real-madrid-barcelona.webp 1080w\" sizes=\"auto, (max-width: 1024px) 100vw, 1024px\" \/><figcaption class=\"wp-element-caption\">Vin\u00edcius J\u00fanior comemora gol marcado contra o Barcelona (Foto: Reprodu\u00e7\u00e3o\/Real Madrid)<\/figcaption><\/figure>\n\n\n\n<p>A est\u00e1tua, que mede quase dois metros, exibe Vini Jr com uma camisa dividida entre Real Madrid e Sele\u00e7\u00e3o Brasileira, acompanhada de uma placa sat\u00edrica sobre a frustra\u00e7\u00e3o pela n\u00e3o-conquista da Bola de Ouro. Segundo Navarro Granero, a inten\u00e7\u00e3o n\u00e3o era atacar o jogador, mas sim ironizar a postura do clube merengue em rela\u00e7\u00e3o \u00e0 premia\u00e7\u00e3o. No entanto, muitos torcedores viram a obra como ofensiva e acusaram o artista de desrespeito.<\/p>\n\n\n\n<p>Diante da repercuss\u00e3o negativa, Navarro tornou suas redes sociais privadas e se manifestou publicamente para esclarecer suas inten\u00e7\u00f5es. O caso reacendeu debates sobre os limites da arte e da s\u00e1tira no futebol, destacando a intensidade das rivalidades e a sensibilidade em torno de figuras ic\u00f4nicas do esporte.<\/p>\n\n\n\n<h2 class=\"wp-block-heading\" id=\"h-parte-medico-de-alaba\">Parte m\u00e9dico de Alaba<\/h2>\n\n\n\n<p>O Real Madrid divulgou uma nota oficial confirmando que o zagueiro David Alaba sofreu uma les\u00e3o no adutor da perna esquerda, tornando-se mais um desfalque na defesa da equipe. O jogador, que havia retornado recentemente ap\u00f3s mais de um ano afastado, ficar\u00e1 fora dos pr\u00f3ximos compromissos do time. Al\u00e9m dele, Antonio R\u00fcdiger tamb\u00e9m se lesionou na \u00faltima partida contra o Mallorca, agravando ainda mais os problemas defensivos do t\u00e9cnico Carlo Ancelotti<strong><a href=\"https:\/\/www.gaveanews.com\/index.php\/2025\/02\/04\/real-madrid-emite-nota-oficial-e-confirma-lesao\/\"> (leia a mat\u00e9ria completa).<\/a><\/strong><\/p>\n\n\n\n<figure class=\"wp-block-image size-large\"><img loading=\"lazy\" decoding=\"async\" width=\"1024\" height=\"768\" src=\"http:\/\/www.gaveanews.com\/wp-content\/uploads\/realmadrid-1024x768.webp\" alt=\"\" class=\"wp-image-124645\" srcset=\"https:\/\/www.gaveanews.com\/wp-content\/uploads\/realmadrid-1024x768.webp 1024w, https:\/\/www.gaveanews.com\/wp-content\/uploads\/realmadrid-300x225.webp 300w, https:\/\/www.gaveanews.com\/wp-content\/uploads\/realmadrid-768x576.webp 768w, https:\/\/www.gaveanews.com\/wp-content\/uploads\/realmadrid-560x420.webp 560w, https:\/\/www.gaveanews.com\/wp-content\/uploads\/realmadrid-1120x840.webp 1120w, https:\/\/www.gaveanews.com\/wp-content\/uploads\/realmadrid-80x60.webp 80w, https:\/\/www.gaveanews.com\/wp-content\/uploads\/realmadrid-160x120.webp 160w, https:\/\/www.gaveanews.com\/wp-content\/uploads\/realmadrid-100x75.webp 100w, https:\/\/www.gaveanews.com\/wp-content\/uploads\/realmadrid-200x150.webp 200w, https:\/\/www.gaveanews.com\/wp-content\/uploads\/realmadrid-180x135.webp 180w, https:\/\/www.gaveanews.com\/wp-content\/uploads\/realmadrid-360x270.webp 360w, https:\/\/www.gaveanews.com\/wp-content\/uploads\/realmadrid-238x178.webp 238w, https:\/\/www.gaveanews.com\/wp-content\/uploads\/realmadrid-476x356.webp 476w, https:\/\/www.gaveanews.com\/wp-content\/uploads\/realmadrid-640x480.webp 640w, https:\/\/www.gaveanews.com\/wp-content\/uploads\/realmadrid-681x511.webp 681w, https:\/\/www.gaveanews.com\/wp-content\/uploads\/realmadrid.webp 1200w\" sizes=\"auto, (max-width: 1024px) 100vw, 1024px\" \/><figcaption class=\"wp-element-caption\">Escudo do Real Madrid (Foto: Reprodu\u00e7\u00e3o)<\/figcaption><\/figure>\n\n\n\n<p>Com essas baixas, o setor defensivo do Real Madrid fica extremamente limitado, j\u00e1 que \u00c9der Milit\u00e3o tamb\u00e9m segue fora da temporada devido a uma grave les\u00e3o. Atualmente, Ancelotti conta apenas com Raul Asencio e Jesus Vallejo como op\u00e7\u00f5es para a zaga, nenhum deles sendo titular absoluto. O cen\u00e1rio se torna ainda mais preocupante com a proximidade do confronto contra o Manchester City pela Champions League, e sem refor\u00e7os na \u00faltima janela de transfer\u00eancias, o treinador precisar\u00e1 buscar solu\u00e7\u00f5es dentro do elenco.<\/p>\n\n\n\n<p>O clube informou que a recupera\u00e7\u00e3o de Alaba ainda est\u00e1 em andamento, com previs\u00e3o de afastamento entre duas e tr\u00eas semanas. A aus\u00eancia de seus principais defensores representa um grande desafio para o Real Madrid, que precisar\u00e1 ajustar sua estrat\u00e9gia para manter o alto n\u00edvel competitivo nas pr\u00f3ximas partidas. A adapta\u00e7\u00e3o t\u00e1tica de Ancelotti ser\u00e1 crucial para que a equipe siga firme nas disputas nacionais e internacionais.<\/p>\n","protected":false},"excerpt":{"rendered":"<p>Nas \u00faltimas horas, o foco das not\u00edcias sobre o Real Madrid se concentram nos bastidores do clube, com destaques do dia a dia do time. Por conta deste contexto, leia abaixo um resumo preparado pela equipe do portal G\u00e1vea News para lhe manter muito bem informado! Declara\u00e7\u00e3o de Cristiano Ronaldo Cristiano Ronaldo relembrou com nostalgia [&hellip;]<\/p>\n","protected":false},"author":27,"featured_media":110553,"comment_status":"open","ping_status":"closed","sticky":false,"template":"","format":"standard","meta":{"footnotes":""},"categories":[88],"tags":[],"class_list":["post-223449","post","type-post","status-publish","format-standard","has-post-thumbnail","hentry","category-real-madrid"],"yoast_head":"<!-- This site is optimized with the Yoast SEO Premium plugin v24.2 (Yoast SEO v26.9) - https:\/\/yoast.com\/product\/yoast-seo-premium-wordpress\/ -->\n<title>Parte m\u00e9dico de Alaba, situa\u00e7\u00e3o de Vini Jr e declara\u00e7\u00e3o de Cristiano Ronaldo: as \u00faltimas not\u00edcias do Real Madrid<\/title>\n<meta name=\"robots\" content=\"index, follow, max-snippet:-1, max-image-preview:large, max-video-preview:-1\" \/>\n<link rel=\"canonical\" href=\"https:\/\/www.gaveanews.com\/index.php\/2025\/02\/05\/parte-medico-de-alaba-situacao-de-vini-jr-e-declaracao-de-cristiano-ronaldo-as-ultimas-noticias-do-real-madrid\/\" \/>\n<meta property=\"og:locale\" content=\"pt_BR\" \/>\n<meta property=\"og:type\" content=\"article\" \/>\n<meta property=\"og:title\" content=\"Parte m\u00e9dico de Alaba, situa\u00e7\u00e3o de Vini Jr e declara\u00e7\u00e3o de Cristiano Ronaldo: as \u00faltimas not\u00edcias do Real Madrid\" \/>\n<meta property=\"og:description\" content=\"Nas \u00faltimas horas, o foco das not\u00edcias sobre o Real Madrid se concentram nos bastidores do clube, com destaques do dia a dia do time. Por conta deste contexto, leia abaixo um resumo preparado pela equipe do portal G\u00e1vea News para lhe manter muito bem informado! Declara\u00e7\u00e3o de Cristiano Ronaldo Cristiano Ronaldo relembrou com nostalgia [&hellip;]\" \/>\n<meta property=\"og:url\" content=\"https:\/\/www.gaveanews.com\/index.php\/2025\/02\/05\/parte-medico-de-alaba-situacao-de-vini-jr-e-declaracao-de-cristiano-ronaldo-as-ultimas-noticias-do-real-madrid\/\" \/>\n<meta property=\"og:site_name\" content=\"G\u00e1vea News\" \/>\n<meta property=\"article:publisher\" content=\"https:\/\/facebook.com\/gaveaNews\/\" \/>\n<meta property=\"article:published_time\" content=\"2025-02-05T10:50:00+00:00\" \/>\n<meta property=\"og:image\" content=\"https:\/\/www.gaveanews.com\/wp-content\/uploads\/Jogadores-do-Real-Madrid-durante-treinamento-da-equipe.webp\" \/>\n\t<meta property=\"og:image:width\" content=\"1080\" \/>\n\t<meta property=\"og:image:height\" content=\"1351\" \/>\n\t<meta property=\"og:image:type\" content=\"image\/jpeg\" \/>\n<meta name=\"author\" content=\"Matheus Felipe\" \/>\n<meta name=\"twitter:card\" content=\"summary_large_image\" \/>\n<meta name=\"twitter:label1\" content=\"Escrito por\" \/>\n\t<meta name=\"twitter:data1\" content=\"Matheus Felipe\" \/>\n\t<meta name=\"twitter:label2\" content=\"Est. tempo de leitura\" \/>\n\t<meta name=\"twitter:data2\" content=\"5 minutos\" \/>\n<script type=\"application\/ld+json\" class=\"yoast-schema-graph\">{\"@context\":\"https:\/\/schema.org\",\"@graph\":[{\"@type\":\"NewsArticle\",\"@id\":\"https:\/\/www.gaveanews.com\/index.php\/2025\/02\/05\/parte-medico-de-alaba-situacao-de-vini-jr-e-declaracao-de-cristiano-ronaldo-as-ultimas-noticias-do-real-madrid\/#article\",\"isPartOf\":{\"@id\":\"https:\/\/www.gaveanews.com\/index.php\/2025\/02\/05\/parte-medico-de-alaba-situacao-de-vini-jr-e-declaracao-de-cristiano-ronaldo-as-ultimas-noticias-do-real-madrid\/\"},\"author\":{\"name\":\"Matheus Felipe\",\"@id\":\"https:\/\/www.gaveanews.com\/#\/schema\/person\/8207cd4627f56151707418bfc835b2fb\"},\"headline\":\"Parte m\u00e9dico de Alaba, situa\u00e7\u00e3o de Vini Jr e declara\u00e7\u00e3o de Cristiano Ronaldo: as \u00faltimas not\u00edcias do Real Madrid\",\"datePublished\":\"2025-02-05T10:50:00+00:00\",\"mainEntityOfPage\":{\"@id\":\"https:\/\/www.gaveanews.com\/index.php\/2025\/02\/05\/parte-medico-de-alaba-situacao-de-vini-jr-e-declaracao-de-cristiano-ronaldo-as-ultimas-noticias-do-real-madrid\/\"},\"wordCount\":823,\"commentCount\":0,\"image\":{\"@id\":\"https:\/\/www.gaveanews.com\/index.php\/2025\/02\/05\/parte-medico-de-alaba-situacao-de-vini-jr-e-declaracao-de-cristiano-ronaldo-as-ultimas-noticias-do-real-madrid\/#primaryimage\"},\"thumbnailUrl\":\"https:\/\/www.gaveanews.com\/wp-content\/uploads\/Jogadores-do-Real-Madrid-durante-treinamento-da-equipe.webp\",\"articleSection\":[\"Real Madrid\"],\"inLanguage\":\"pt-BR\",\"potentialAction\":[{\"@type\":\"CommentAction\",\"name\":\"Comment\",\"target\":[\"https:\/\/www.gaveanews.com\/index.php\/2025\/02\/05\/parte-medico-de-alaba-situacao-de-vini-jr-e-declaracao-de-cristiano-ronaldo-as-ultimas-noticias-do-real-madrid\/#respond\"]}],\"copyrightYear\":\"2025\",\"copyrightHolder\":{\"@id\":\"https:\/\/www.gaveanews.com\/#organization\"}},{\"@type\":\"WebPage\",\"@id\":\"https:\/\/www.gaveanews.com\/index.php\/2025\/02\/05\/parte-medico-de-alaba-situacao-de-vini-jr-e-declaracao-de-cristiano-ronaldo-as-ultimas-noticias-do-real-madrid\/\",\"url\":\"https:\/\/www.gaveanews.com\/index.php\/2025\/02\/05\/parte-medico-de-alaba-situacao-de-vini-jr-e-declaracao-de-cristiano-ronaldo-as-ultimas-noticias-do-real-madrid\/\",\"name\":\"Parte m\u00e9dico de Alaba, situa\u00e7\u00e3o de Vini Jr e declara\u00e7\u00e3o de Cristiano Ronaldo: as \u00faltimas not\u00edcias do Real Madrid\",\"isPartOf\":{\"@id\":\"https:\/\/www.gaveanews.com\/#website\"},\"primaryImageOfPage\":{\"@id\":\"https:\/\/www.gaveanews.com\/index.php\/2025\/02\/05\/parte-medico-de-alaba-situacao-de-vini-jr-e-declaracao-de-cristiano-ronaldo-as-ultimas-noticias-do-real-madrid\/#primaryimage\"},\"image\":{\"@id\":\"https:\/\/www.gaveanews.com\/index.php\/2025\/02\/05\/parte-medico-de-alaba-situacao-de-vini-jr-e-declaracao-de-cristiano-ronaldo-as-ultimas-noticias-do-real-madrid\/#primaryimage\"},\"thumbnailUrl\":\"https:\/\/www.gaveanews.com\/wp-content\/uploads\/Jogadores-do-Real-Madrid-durante-treinamento-da-equipe.webp\",\"datePublished\":\"2025-02-05T10:50:00+00:00\",\"author\":{\"@id\":\"https:\/\/www.gaveanews.com\/#\/schema\/person\/8207cd4627f56151707418bfc835b2fb\"},\"breadcrumb\":{\"@id\":\"https:\/\/www.gaveanews.com\/index.php\/2025\/02\/05\/parte-medico-de-alaba-situacao-de-vini-jr-e-declaracao-de-cristiano-ronaldo-as-ultimas-noticias-do-real-madrid\/#breadcrumb\"},\"inLanguage\":\"pt-BR\",\"potentialAction\":[{\"@type\":\"ReadAction\",\"target\":[\"https:\/\/www.gaveanews.com\/index.php\/2025\/02\/05\/parte-medico-de-alaba-situacao-de-vini-jr-e-declaracao-de-cristiano-ronaldo-as-ultimas-noticias-do-real-madrid\/\"]}]},{\"@type\":\"ImageObject\",\"inLanguage\":\"pt-BR\",\"@id\":\"https:\/\/www.gaveanews.com\/index.php\/2025\/02\/05\/parte-medico-de-alaba-situacao-de-vini-jr-e-declaracao-de-cristiano-ronaldo-as-ultimas-noticias-do-real-madrid\/#primaryimage\",\"url\":\"https:\/\/www.gaveanews.com\/wp-content\/uploads\/Jogadores-do-Real-Madrid-durante-treinamento-da-equipe.webp\",\"contentUrl\":\"https:\/\/www.gaveanews.com\/wp-content\/uploads\/Jogadores-do-Real-Madrid-durante-treinamento-da-equipe.webp\",\"width\":1080,\"height\":1351,\"caption\":\"Jogadores do Real Madrid durante treinamento da equipe (Foto: Reprodu\u00e7\u00e3o\/Instagram)\"},{\"@type\":\"BreadcrumbList\",\"@id\":\"https:\/\/www.gaveanews.com\/index.php\/2025\/02\/05\/parte-medico-de-alaba-situacao-de-vini-jr-e-declaracao-de-cristiano-ronaldo-as-ultimas-noticias-do-real-madrid\/#breadcrumb\",\"itemListElement\":[{\"@type\":\"ListItem\",\"position\":1,\"name\":\"Home\",\"item\":\"https:\/\/www.gaveanews.com\/\"},{\"@type\":\"ListItem\",\"position\":2,\"name\":\"Parte m\u00e9dico de Alaba, situa\u00e7\u00e3o de Vini Jr e declara\u00e7\u00e3o de Cristiano Ronaldo: as \u00faltimas not\u00edcias do Real Madrid\"}]},{\"@type\":\"WebSite\",\"@id\":\"https:\/\/www.gaveanews.com\/#website\",\"url\":\"https:\/\/www.gaveanews.com\/\",\"name\":\"G\u00e1vea News\",\"description\":\"Veja todas as not\u00edcias sobre o Flamengo: Contrata\u00e7\u00f5es, categorias de base, resultados das partidas, tabela de classifica\u00e7\u00e3o, pr\u00f3ximos jogos!\",\"potentialAction\":[{\"@type\":\"SearchAction\",\"target\":{\"@type\":\"EntryPoint\",\"urlTemplate\":\"https:\/\/www.gaveanews.com\/?s={search_term_string}\"},\"query-input\":{\"@type\":\"PropertyValueSpecification\",\"valueRequired\":true,\"valueName\":\"search_term_string\"}}],\"inLanguage\":\"pt-BR\"},{\"@type\":\"Person\",\"@id\":\"https:\/\/www.gaveanews.com\/#\/schema\/person\/8207cd4627f56151707418bfc835b2fb\",\"name\":\"Matheus Felipe\",\"image\":{\"@type\":\"ImageObject\",\"inLanguage\":\"pt-BR\",\"@id\":\"https:\/\/www.gaveanews.com\/#\/schema\/person\/image\/\",\"url\":\"https:\/\/secure.gravatar.com\/avatar\/a452ffbed9130f726358b298bb3a99ce4bd3c5338411f8440e87e14d74c7c087?s=96&d=mm&r=g\",\"contentUrl\":\"https:\/\/secure.gravatar.com\/avatar\/a452ffbed9130f726358b298bb3a99ce4bd3c5338411f8440e87e14d74c7c087?s=96&d=mm&r=g\",\"caption\":\"Matheus Felipe\"}}]}<\/script>\n<!-- \/ Yoast SEO Premium plugin. -->","yoast_head_json":{"title":"Parte m\u00e9dico de Alaba, situa\u00e7\u00e3o de Vini Jr e declara\u00e7\u00e3o de Cristiano Ronaldo: as \u00faltimas not\u00edcias do Real Madrid","robots":{"index":"index","follow":"follow","max-snippet":"max-snippet:-1","max-image-preview":"max-image-preview:large","max-video-preview":"max-video-preview:-1"},"canonical":"https:\/\/www.gaveanews.com\/index.php\/2025\/02\/05\/parte-medico-de-alaba-situacao-de-vini-jr-e-declaracao-de-cristiano-ronaldo-as-ultimas-noticias-do-real-madrid\/","og_locale":"pt_BR","og_type":"article","og_title":"Parte m\u00e9dico de Alaba, situa\u00e7\u00e3o de Vini Jr e declara\u00e7\u00e3o de Cristiano Ronaldo: as \u00faltimas not\u00edcias do Real Madrid","og_description":"Nas \u00faltimas horas, o foco das not\u00edcias sobre o Real Madrid se concentram nos bastidores do clube, com destaques do dia a dia do time. Por conta deste contexto, leia abaixo um resumo preparado pela equipe do portal G\u00e1vea News para lhe manter muito bem informado! Declara\u00e7\u00e3o de Cristiano Ronaldo Cristiano Ronaldo relembrou com nostalgia [&hellip;]","og_url":"https:\/\/www.gaveanews.com\/index.php\/2025\/02\/05\/parte-medico-de-alaba-situacao-de-vini-jr-e-declaracao-de-cristiano-ronaldo-as-ultimas-noticias-do-real-madrid\/","og_site_name":"G\u00e1vea News","article_publisher":"https:\/\/facebook.com\/gaveaNews\/","article_published_time":"2025-02-05T10:50:00+00:00","og_image":[{"width":1080,"height":1351,"url":"https:\/\/www.gaveanews.com\/wp-content\/uploads\/Jogadores-do-Real-Madrid-durante-treinamento-da-equipe.webp","type":"image\/jpeg"}],"author":"Matheus Felipe","twitter_card":"summary_large_image","twitter_misc":{"Escrito por":"Matheus Felipe","Est. tempo de leitura":"5 minutos"},"schema":{"@context":"https:\/\/schema.org","@graph":[{"@type":"NewsArticle","@id":"https:\/\/www.gaveanews.com\/index.php\/2025\/02\/05\/parte-medico-de-alaba-situacao-de-vini-jr-e-declaracao-de-cristiano-ronaldo-as-ultimas-noticias-do-real-madrid\/#article","isPartOf":{"@id":"https:\/\/www.gaveanews.com\/index.php\/2025\/02\/05\/parte-medico-de-alaba-situacao-de-vini-jr-e-declaracao-de-cristiano-ronaldo-as-ultimas-noticias-do-real-madrid\/"},"author":{"name":"Matheus Felipe","@id":"https:\/\/www.gaveanews.com\/#\/schema\/person\/8207cd4627f56151707418bfc835b2fb"},"headline":"Parte m\u00e9dico de Alaba, situa\u00e7\u00e3o de Vini Jr e declara\u00e7\u00e3o de Cristiano Ronaldo: as \u00faltimas not\u00edcias do Real Madrid","datePublished":"2025-02-05T10:50:00+00:00","mainEntityOfPage":{"@id":"https:\/\/www.gaveanews.com\/index.php\/2025\/02\/05\/parte-medico-de-alaba-situacao-de-vini-jr-e-declaracao-de-cristiano-ronaldo-as-ultimas-noticias-do-real-madrid\/"},"wordCount":823,"commentCount":0,"image":{"@id":"https:\/\/www.gaveanews.com\/index.php\/2025\/02\/05\/parte-medico-de-alaba-situacao-de-vini-jr-e-declaracao-de-cristiano-ronaldo-as-ultimas-noticias-do-real-madrid\/#primaryimage"},"thumbnailUrl":"https:\/\/www.gaveanews.com\/wp-content\/uploads\/Jogadores-do-Real-Madrid-durante-treinamento-da-equipe.webp","articleSection":["Real Madrid"],"inLanguage":"pt-BR","potentialAction":[{"@type":"CommentAction","name":"Comment","target":["https:\/\/www.gaveanews.com\/index.php\/2025\/02\/05\/parte-medico-de-alaba-situacao-de-vini-jr-e-declaracao-de-cristiano-ronaldo-as-ultimas-noticias-do-real-madrid\/#respond"]}],"copyrightYear":"2025","copyrightHolder":{"@id":"https:\/\/www.gaveanews.com\/#organization"}},{"@type":"WebPage","@id":"https:\/\/www.gaveanews.com\/index.php\/2025\/02\/05\/parte-medico-de-alaba-situacao-de-vini-jr-e-declaracao-de-cristiano-ronaldo-as-ultimas-noticias-do-real-madrid\/","url":"https:\/\/www.gaveanews.com\/index.php\/2025\/02\/05\/parte-medico-de-alaba-situacao-de-vini-jr-e-declaracao-de-cristiano-ronaldo-as-ultimas-noticias-do-real-madrid\/","name":"Parte m\u00e9dico de Alaba, situa\u00e7\u00e3o de Vini Jr e declara\u00e7\u00e3o de Cristiano Ronaldo: as \u00faltimas not\u00edcias do Real Madrid","isPartOf":{"@id":"https:\/\/www.gaveanews.com\/#website"},"primaryImageOfPage":{"@id":"https:\/\/www.gaveanews.com\/index.php\/2025\/02\/05\/parte-medico-de-alaba-situacao-de-vini-jr-e-declaracao-de-cristiano-ronaldo-as-ultimas-noticias-do-real-madrid\/#primaryimage"},"image":{"@id":"https:\/\/www.gaveanews.com\/index.php\/2025\/02\/05\/parte-medico-de-alaba-situacao-de-vini-jr-e-declaracao-de-cristiano-ronaldo-as-ultimas-noticias-do-real-madrid\/#primaryimage"},"thumbnailUrl":"https:\/\/www.gaveanews.com\/wp-content\/uploads\/Jogadores-do-Real-Madrid-durante-treinamento-da-equipe.webp","datePublished":"2025-02-05T10:50:00+00:00","author":{"@id":"https:\/\/www.gaveanews.com\/#\/schema\/person\/8207cd4627f56151707418bfc835b2fb"},"breadcrumb":{"@id":"https:\/\/www.gaveanews.com\/index.php\/2025\/02\/05\/parte-medico-de-alaba-situacao-de-vini-jr-e-declaracao-de-cristiano-ronaldo-as-ultimas-noticias-do-real-madrid\/#breadcrumb"},"inLanguage":"pt-BR","potentialAction":[{"@type":"ReadAction","target":["https:\/\/www.gaveanews.com\/index.php\/2025\/02\/05\/parte-medico-de-alaba-situacao-de-vini-jr-e-declaracao-de-cristiano-ronaldo-as-ultimas-noticias-do-real-madrid\/"]}]},{"@type":"ImageObject","inLanguage":"pt-BR","@id":"https:\/\/www.gaveanews.com\/index.php\/2025\/02\/05\/parte-medico-de-alaba-situacao-de-vini-jr-e-declaracao-de-cristiano-ronaldo-as-ultimas-noticias-do-real-madrid\/#primaryimage","url":"https:\/\/www.gaveanews.com\/wp-content\/uploads\/Jogadores-do-Real-Madrid-durante-treinamento-da-equipe.webp","contentUrl":"https:\/\/www.gaveanews.com\/wp-content\/uploads\/Jogadores-do-Real-Madrid-durante-treinamento-da-equipe.webp","width":1080,"height":1351,"caption":"Jogadores do Real Madrid durante treinamento da equipe (Foto: Reprodu\u00e7\u00e3o\/Instagram)"},{"@type":"BreadcrumbList","@id":"https:\/\/www.gaveanews.com\/index.php\/2025\/02\/05\/parte-medico-de-alaba-situacao-de-vini-jr-e-declaracao-de-cristiano-ronaldo-as-ultimas-noticias-do-real-madrid\/#breadcrumb","itemListElement":[{"@type":"ListItem","position":1,"name":"Home","item":"https:\/\/www.gaveanews.com\/"},{"@type":"ListItem","position":2,"name":"Parte m\u00e9dico de Alaba, situa\u00e7\u00e3o de Vini Jr e declara\u00e7\u00e3o de Cristiano Ronaldo: as \u00faltimas not\u00edcias do Real Madrid"}]},{"@type":"WebSite","@id":"https:\/\/www.gaveanews.com\/#website","url":"https:\/\/www.gaveanews.com\/","name":"G\u00e1vea News","description":"Veja todas as not\u00edcias sobre o Flamengo: Contrata\u00e7\u00f5es, categorias de base, resultados das partidas, tabela de classifica\u00e7\u00e3o, pr\u00f3ximos jogos!","potentialAction":[{"@type":"SearchAction","target":{"@type":"EntryPoint","urlTemplate":"https:\/\/www.gaveanews.com\/?s={search_term_string}"},"query-input":{"@type":"PropertyValueSpecification","valueRequired":true,"valueName":"search_term_string"}}],"inLanguage":"pt-BR"},{"@type":"Person","@id":"https:\/\/www.gaveanews.com\/#\/schema\/person\/8207cd4627f56151707418bfc835b2fb","name":"Matheus Felipe","image":{"@type":"ImageObject","inLanguage":"pt-BR","@id":"https:\/\/www.gaveanews.com\/#\/schema\/person\/image\/","url":"https:\/\/secure.gravatar.com\/avatar\/a452ffbed9130f726358b298bb3a99ce4bd3c5338411f8440e87e14d74c7c087?s=96&d=mm&r=g","contentUrl":"https:\/\/secure.gravatar.com\/avatar\/a452ffbed9130f726358b298bb3a99ce4bd3c5338411f8440e87e14d74c7c087?s=96&d=mm&r=g","caption":"Matheus Felipe"}}]}},"_links":{"self":[{"href":"https:\/\/www.gaveanews.com\/index.php\/wp-json\/wp\/v2\/posts\/223449","targetHints":{"allow":["GET"]}}],"collection":[{"href":"https:\/\/www.gaveanews.com\/index.php\/wp-json\/wp\/v2\/posts"}],"about":[{"href":"https:\/\/www.gaveanews.com\/index.php\/wp-json\/wp\/v2\/types\/post"}],"author":[{"embeddable":true,"href":"https:\/\/www.gaveanews.com\/index.php\/wp-json\/wp\/v2\/users\/27"}],"replies":[{"embeddable":true,"href":"https:\/\/www.gaveanews.com\/index.php\/wp-json\/wp\/v2\/comments?post=223449"}],"version-history":[{"count":1,"href":"https:\/\/www.gaveanews.com\/index.php\/wp-json\/wp\/v2\/posts\/223449\/revisions"}],"predecessor-version":[{"id":223470,"href":"https:\/\/www.gaveanews.com\/index.php\/wp-json\/wp\/v2\/posts\/223449\/revisions\/223470"}],"wp:featuredmedia":[{"embeddable":true,"href":"https:\/\/www.gaveanews.com\/index.php\/wp-json\/wp\/v2\/media\/110553"}],"wp:attachment":[{"href":"https:\/\/www.gaveanews.com\/index.php\/wp-json\/wp\/v2\/media?parent=223449"}],"wp:term":[{"taxonomy":"category","embeddable":true,"href":"https:\/\/www.gaveanews.com\/index.php\/wp-json\/wp\/v2\/categories?post=223449"},{"taxonomy":"post_tag","embeddable":true,"href":"https:\/\/www.gaveanews.com\/index.php\/wp-json\/wp\/v2\/tags?post=223449"}],"curies":[{"name":"wp","href":"https:\/\/api.w.org\/{rel}","templated":true}]}}