{"id":223457,"date":"2025-02-05T05:30:00","date_gmt":"2025-02-05T08:30:00","guid":{"rendered":"https:\/\/www.gaveanews.com\/?p=223457"},"modified":"2025-02-05T01:24:09","modified_gmt":"2025-02-05T04:24:09","slug":"apresentacao-de-wendell-publicacao-de-lucas-e-declaracao-de-pablo-maia-as-ultimas-noticias-do-sao-paulo","status":"publish","type":"post","link":"https:\/\/www.gaveanews.com\/index.php\/2025\/02\/05\/apresentacao-de-wendell-publicacao-de-lucas-e-declaracao-de-pablo-maia-as-ultimas-noticias-do-sao-paulo\/","title":{"rendered":"Apresenta\u00e7\u00e3o de Wendell, publica\u00e7\u00e3o de Lucas e declara\u00e7\u00e3o de Pablo Maia: as \u00faltimas not\u00edcias do S\u00e3o Paulo"},"content":{"rendered":"\n<p>Nas \u00faltimas horas, o foco das not\u00edcias sobre o S\u00e3o Paulo se concentram nos bastidores do<br>clube, com destaques do dia a dia do time.<\/p>\n\n\n\n<p>Por conta deste contexto, leia abaixo um resumo preparado pela equipe do portal G\u00e1vea News para lhe manter muito bem informado!<\/p>\n\n\n\n<h2 class=\"wp-block-heading\" id=\"h-declaracao-de-pablo-maia\">Declara\u00e7\u00e3o de Pablo Maia<\/h2>\n\n\n\n<p>Ap\u00f3s nove meses afastado devido a uma les\u00e3o na coxa, Pablo Maia est\u00e1 de volta ao S\u00e3o Paulo e \u00e0 disposi\u00e7\u00e3o do t\u00e9cnico Zubeld\u00eda. O volante de 23 anos sofreu uma les\u00e3o grave no tend\u00e3o da coxa esquerda e passou por duas cirurgias no per\u00edodo de recupera\u00e7\u00e3o. Agora, ele busca retomar seu espa\u00e7o na equipe, destacando que aprendeu a valorizar cada momento em campo e que seu foco est\u00e1 em ajudar o Tricolor na temporada, deixando o futuro profissional acontecer naturalmente <strong><a href=\"https:\/\/www.gaveanews.com\/index.php\/2025\/02\/03\/sao-paulo-a-declaracao-de-pablo-maia-apos-voltar-de-lesao-2\/\">(leia a mat\u00e9ria completa)<\/a><\/strong>.<\/p>\n\n\n\n<figure class=\"wp-block-image size-large\"><img loading=\"lazy\" decoding=\"async\" width=\"1024\" height=\"935\" src=\"http:\/\/www.gaveanews.com\/wp-content\/uploads\/Pablo-Maia-em-acao-pelo-time-do-Sao-Paulo-1024x935.webp\" alt=\"\" class=\"wp-image-161874\" srcset=\"https:\/\/www.gaveanews.com\/wp-content\/uploads\/Pablo-Maia-em-acao-pelo-time-do-Sao-Paulo-1024x935.webp 1024w, https:\/\/www.gaveanews.com\/wp-content\/uploads\/Pablo-Maia-em-acao-pelo-time-do-Sao-Paulo-300x274.webp 300w, https:\/\/www.gaveanews.com\/wp-content\/uploads\/Pablo-Maia-em-acao-pelo-time-do-Sao-Paulo-768x701.webp 768w, https:\/\/www.gaveanews.com\/wp-content\/uploads\/Pablo-Maia-em-acao-pelo-time-do-Sao-Paulo-460x420.webp 460w, https:\/\/www.gaveanews.com\/wp-content\/uploads\/Pablo-Maia-em-acao-pelo-time-do-Sao-Paulo-920x840.webp 920w, https:\/\/www.gaveanews.com\/wp-content\/uploads\/Pablo-Maia-em-acao-pelo-time-do-Sao-Paulo-640x584.webp 640w, https:\/\/www.gaveanews.com\/wp-content\/uploads\/Pablo-Maia-em-acao-pelo-time-do-Sao-Paulo-681x622.webp 681w, https:\/\/www.gaveanews.com\/wp-content\/uploads\/Pablo-Maia-em-acao-pelo-time-do-Sao-Paulo-100x91.webp 100w, https:\/\/www.gaveanews.com\/wp-content\/uploads\/Pablo-Maia-em-acao-pelo-time-do-Sao-Paulo.webp 1242w\" sizes=\"auto, (max-width: 1024px) 100vw, 1024px\" \/><figcaption class=\"wp-element-caption\">Pablo Maia em a\u00e7\u00e3o pelo time do S\u00e3o Paulo (Foto: Reprodu\u00e7\u00e3o\/Instagram)<\/figcaption><\/figure>\n\n\n\n<p>Mesmo sendo alvo de sondagens no mercado, Pablo Maia n\u00e3o tem planos imediatos de sair do clube. O jogador elogiou a confian\u00e7a que Zubeld\u00eda tem passado a ele e ressaltou o apoio que recebeu do treinador durante o per\u00edodo de recupera\u00e7\u00e3o. <\/p>\n\n\n\n<p>Desde seu retorno, o volante tem ganhado minutos em campo e j\u00e1 participou de cinco partidas em 2025, incluindo cl\u00e1ssicos contra Corinthians e Santos, al\u00e9m de amistosos da FC Series.<\/p>\n\n\n\n<p>O S\u00e3o Paulo segue monitorando a minutagem do jogador para evitar um desgaste excessivo, o que pode influenciar sua titularidade na partida contra o Mirassol. A expectativa \u00e9 que Pablo Maia recupere a melhor forma f\u00edsica e se firme como uma pe\u00e7a importante no elenco ao longo da temporada.<\/p>\n\n\n\n<h2 class=\"wp-block-heading\" id=\"h-publicacao-de-lucas\">Publica\u00e7\u00e3o de Lucas <\/h2>\n\n\n\n<p>Ap\u00f3s a derrota do S\u00e3o Paulo para o Santos no Campeonato Paulista, Lucas Moura usou as redes sociais para admitir o desempenho abaixo do esperado da equipe no cl\u00e1ssico. O camisa 7, que marcou o \u00fanico gol do Tricolor na partida, destacou que o time pode jogar muito melhor e afirmou que o grupo seguir\u00e1 focado para os pr\u00f3ximos desafios <strong><a href=\"https:\/\/www.gaveanews.com\/index.php\/2025\/02\/03\/lucas-moura-faz-publicacao-apos-vitoria-do-sao-paulo\/\">(leia a mat\u00e9ria completa).<\/a><\/strong><\/p>\n\n\n\n<figure class=\"wp-block-image size-large\"><img loading=\"lazy\" decoding=\"async\" width=\"820\" height=\"1024\" src=\"http:\/\/www.gaveanews.com\/wp-content\/uploads\/Lucas-Moura-corre-e-vibra-apos-marcar-um-gol-pelo-Sao-Paulo-no-estadio-do-Morumbi-820x1024.webp\" alt=\"\" class=\"wp-image-157849\" srcset=\"https:\/\/www.gaveanews.com\/wp-content\/uploads\/Lucas-Moura-corre-e-vibra-apos-marcar-um-gol-pelo-Sao-Paulo-no-estadio-do-Morumbi-820x1024.webp 820w, https:\/\/www.gaveanews.com\/wp-content\/uploads\/Lucas-Moura-corre-e-vibra-apos-marcar-um-gol-pelo-Sao-Paulo-no-estadio-do-Morumbi-240x300.webp 240w, https:\/\/www.gaveanews.com\/wp-content\/uploads\/Lucas-Moura-corre-e-vibra-apos-marcar-um-gol-pelo-Sao-Paulo-no-estadio-do-Morumbi-768x960.webp 768w, https:\/\/www.gaveanews.com\/wp-content\/uploads\/Lucas-Moura-corre-e-vibra-apos-marcar-um-gol-pelo-Sao-Paulo-no-estadio-do-Morumbi-336x420.webp 336w, https:\/\/www.gaveanews.com\/wp-content\/uploads\/Lucas-Moura-corre-e-vibra-apos-marcar-um-gol-pelo-Sao-Paulo-no-estadio-do-Morumbi-672x840.webp 672w, https:\/\/www.gaveanews.com\/wp-content\/uploads\/Lucas-Moura-corre-e-vibra-apos-marcar-um-gol-pelo-Sao-Paulo-no-estadio-do-Morumbi-640x800.webp 640w, https:\/\/www.gaveanews.com\/wp-content\/uploads\/Lucas-Moura-corre-e-vibra-apos-marcar-um-gol-pelo-Sao-Paulo-no-estadio-do-Morumbi-681x851.webp 681w, https:\/\/www.gaveanews.com\/wp-content\/uploads\/Lucas-Moura-corre-e-vibra-apos-marcar-um-gol-pelo-Sao-Paulo-no-estadio-do-Morumbi-100x125.webp 100w, https:\/\/www.gaveanews.com\/wp-content\/uploads\/Lucas-Moura-corre-e-vibra-apos-marcar-um-gol-pelo-Sao-Paulo-no-estadio-do-Morumbi.webp 1066w\" sizes=\"auto, (max-width: 820px) 100vw, 820px\" \/><figcaption class=\"wp-element-caption\">Lucas Moura corre e vibra ap\u00f3s marcar um gol pelo S\u00e3o Paulo no est\u00e1dio do Morumbi (Foto: Reprodu\u00e7\u00e3o\/Instagram)<\/figcaption><\/figure>\n\n\n\n<p>Apesar do rev\u00e9s, o S\u00e3o Paulo segue na lideran\u00e7a do Grupo C, com dez pontos e um jogo a menos que os advers\u00e1rios diretos. O pr\u00f3ximo compromisso ser\u00e1 contra o Mirassol, nesta quarta-feira (5), no Morumbi. A equipe busca recupera\u00e7\u00e3o para manter a boa campanha no Paulist\u00e3o.<\/p>\n\n\n\n<p>Lucas Moura tamb\u00e9m recebeu elogios do ex-jogador Casagrande, que destacou sua consist\u00eancia desde o retorno ao clube em 2023. Para ele, o meia-atacante tem sido um dos principais nomes do S\u00e3o Paulo e merece mais oportunidades na sele\u00e7\u00e3o brasileira. Al\u00e9m disso, o clube anunciou a contrata\u00e7\u00e3o do lateral-direito C\u00e9dric Soares, que assinou um contrato de tr\u00eas meses e j\u00e1 est\u00e1 treinando com o elenco.<\/p>\n\n\n\n<h2 class=\"wp-block-heading\" id=\"h-apresentacao-de-wendell\">Apresenta\u00e7\u00e3o de Wendell<\/h2>\n\n\n\n<p>O S\u00e3o Paulo anunciou a chegada do lateral-esquerdo Wendell, ex-Porto, como refor\u00e7o para a temporada de 2025. O jogador, de 31 anos, desembarcou no Brasil e ser\u00e1 oficialmente apresentado no dia 4 de fevereiro. Ele chega para disputar posi\u00e7\u00e3o com Enzo D\u00edaz, outro rec\u00e9m-contratado, trazendo experi\u00eancia e qualidade ao setor defensivo do time comandado por Lu\u00eds Zubeldia (<strong><a href=\"https:\/\/www.gaveanews.com\/index.php\/2025\/02\/03\/reforco-do-sao-paulo-ja-tem-data-para-ser-apresentado\/\">leia a mat\u00e9ria completa).<\/a><\/strong><\/p>\n\n\n\n<figure class=\"wp-block-image size-full\"><img loading=\"lazy\" decoding=\"async\" width=\"860\" height=\"484\" src=\"http:\/\/www.gaveanews.com\/wp-content\/uploads\/Wendel-cria-do-Flamengo-deixa-o-Porto-para-acertar-com-o-Santos.webp\" alt=\"\" class=\"wp-image-158121\" srcset=\"https:\/\/www.gaveanews.com\/wp-content\/uploads\/Wendel-cria-do-Flamengo-deixa-o-Porto-para-acertar-com-o-Santos.webp 860w, https:\/\/www.gaveanews.com\/wp-content\/uploads\/Wendel-cria-do-Flamengo-deixa-o-Porto-para-acertar-com-o-Santos-300x169.webp 300w, https:\/\/www.gaveanews.com\/wp-content\/uploads\/Wendel-cria-do-Flamengo-deixa-o-Porto-para-acertar-com-o-Santos-768x432.webp 768w, https:\/\/www.gaveanews.com\/wp-content\/uploads\/Wendel-cria-do-Flamengo-deixa-o-Porto-para-acertar-com-o-Santos-746x420.webp 746w, https:\/\/www.gaveanews.com\/wp-content\/uploads\/Wendel-cria-do-Flamengo-deixa-o-Porto-para-acertar-com-o-Santos-640x360.webp 640w, https:\/\/www.gaveanews.com\/wp-content\/uploads\/Wendel-cria-do-Flamengo-deixa-o-Porto-para-acertar-com-o-Santos-681x383.webp 681w, https:\/\/www.gaveanews.com\/wp-content\/uploads\/Wendel-cria-do-Flamengo-deixa-o-Porto-para-acertar-com-o-Santos-100x56.webp 100w\" sizes=\"auto, (max-width: 860px) 100vw, 860px\" \/><figcaption class=\"wp-element-caption\">Wendel, cria do Flamengo, deixa o Porto para acertar com o Santos (Foto: Divulga\u00e7\u00e3o\/Porto)<\/figcaption><\/figure>\n\n\n\n<p>A contrata\u00e7\u00e3o de Wendell \u00e9 vista como uma estrat\u00e9gia do clube para fortalecer a lateral esquerda, especialmente considerando o or\u00e7amento restrito da equipe. Com passagens por grandes clubes europeus, o lateral se destaca tanto defensivamente quanto ofensivamente, sendo um jogador conhecido por sua capacidade de desarme e cruzamentos precisos. Sua chegada \u00e9 esperada para dar mais estabilidade ao sistema defensivo tricolor.<\/p>\n\n\n\n<p>O jogador j\u00e1 iniciou sua integra\u00e7\u00e3o ao elenco e deve ser observado de perto pela comiss\u00e3o t\u00e9cnica. A expectativa \u00e9 que ele seja uma pe\u00e7a-chave na equipe durante o Campeonato Paulista e outras competi\u00e7\u00f5es ao longo do ano. A diretoria e os torcedores esperam que sua experi\u00eancia contribua para a busca por t\u00edtulos e um desempenho s\u00f3lido na temporada.<\/p>\n","protected":false},"excerpt":{"rendered":"<p>Nas \u00faltimas horas, o foco das not\u00edcias sobre o S\u00e3o Paulo se concentram nos bastidores doclube, com destaques do dia a dia do time. Por conta deste contexto, leia abaixo um resumo preparado pela equipe do portal G\u00e1vea News para lhe manter muito bem informado! Declara\u00e7\u00e3o de Pablo Maia Ap\u00f3s nove meses afastado devido a [&hellip;]<\/p>\n","protected":false},"author":27,"featured_media":155630,"comment_status":"open","ping_status":"closed","sticky":false,"template":"","format":"standard","meta":{"footnotes":""},"categories":[151],"tags":[],"class_list":["post-223457","post","type-post","status-publish","format-standard","has-post-thumbnail","hentry","category-sao-paulo"],"yoast_head":"<!-- This site is optimized with the Yoast SEO Premium plugin v24.2 (Yoast SEO v26.9) - https:\/\/yoast.com\/product\/yoast-seo-premium-wordpress\/ -->\n<title>Apresenta\u00e7\u00e3o de Wendell, publica\u00e7\u00e3o de Lucas e declara\u00e7\u00e3o de Pablo Maia: as \u00faltimas not\u00edcias do S\u00e3o Paulo<\/title>\n<meta name=\"robots\" content=\"index, follow, max-snippet:-1, max-image-preview:large, max-video-preview:-1\" \/>\n<link rel=\"canonical\" href=\"https:\/\/www.gaveanews.com\/index.php\/2025\/02\/05\/apresentacao-de-wendell-publicacao-de-lucas-e-declaracao-de-pablo-maia-as-ultimas-noticias-do-sao-paulo\/\" \/>\n<meta property=\"og:locale\" content=\"pt_BR\" \/>\n<meta property=\"og:type\" content=\"article\" \/>\n<meta property=\"og:title\" content=\"Apresenta\u00e7\u00e3o de Wendell, publica\u00e7\u00e3o de Lucas e declara\u00e7\u00e3o de Pablo Maia: as \u00faltimas not\u00edcias do S\u00e3o Paulo\" \/>\n<meta property=\"og:description\" content=\"Nas \u00faltimas horas, o foco das not\u00edcias sobre o S\u00e3o Paulo se concentram nos bastidores doclube, com destaques do dia a dia do time. Por conta deste contexto, leia abaixo um resumo preparado pela equipe do portal G\u00e1vea News para lhe manter muito bem informado! Declara\u00e7\u00e3o de Pablo Maia Ap\u00f3s nove meses afastado devido a [&hellip;]\" \/>\n<meta property=\"og:url\" content=\"https:\/\/www.gaveanews.com\/index.php\/2025\/02\/05\/apresentacao-de-wendell-publicacao-de-lucas-e-declaracao-de-pablo-maia-as-ultimas-noticias-do-sao-paulo\/\" \/>\n<meta property=\"og:site_name\" content=\"G\u00e1vea News\" \/>\n<meta property=\"article:publisher\" content=\"https:\/\/facebook.com\/gaveaNews\/\" \/>\n<meta property=\"article:published_time\" content=\"2025-02-05T08:30:00+00:00\" \/>\n<meta property=\"og:image\" content=\"https:\/\/www.gaveanews.com\/wp-content\/uploads\/Estadio-do-MorumBis-na-final-da-Copa-do-Brasil-de-2023.webp\" \/>\n\t<meta property=\"og:image:width\" content=\"1440\" \/>\n\t<meta property=\"og:image:height\" content=\"960\" \/>\n\t<meta property=\"og:image:type\" content=\"image\/jpeg\" \/>\n<meta name=\"author\" content=\"Matheus Felipe\" \/>\n<meta name=\"twitter:card\" content=\"summary_large_image\" \/>\n<meta name=\"twitter:label1\" content=\"Escrito por\" \/>\n\t<meta name=\"twitter:data1\" content=\"Matheus Felipe\" \/>\n\t<meta name=\"twitter:label2\" content=\"Est. tempo de leitura\" \/>\n\t<meta name=\"twitter:data2\" content=\"5 minutos\" \/>\n<script type=\"application\/ld+json\" class=\"yoast-schema-graph\">{\"@context\":\"https:\/\/schema.org\",\"@graph\":[{\"@type\":\"NewsArticle\",\"@id\":\"https:\/\/www.gaveanews.com\/index.php\/2025\/02\/05\/apresentacao-de-wendell-publicacao-de-lucas-e-declaracao-de-pablo-maia-as-ultimas-noticias-do-sao-paulo\/#article\",\"isPartOf\":{\"@id\":\"https:\/\/www.gaveanews.com\/index.php\/2025\/02\/05\/apresentacao-de-wendell-publicacao-de-lucas-e-declaracao-de-pablo-maia-as-ultimas-noticias-do-sao-paulo\/\"},\"author\":{\"name\":\"Matheus Felipe\",\"@id\":\"https:\/\/www.gaveanews.com\/#\/schema\/person\/8207cd4627f56151707418bfc835b2fb\"},\"headline\":\"Apresenta\u00e7\u00e3o de Wendell, publica\u00e7\u00e3o de Lucas e declara\u00e7\u00e3o de Pablo Maia: as \u00faltimas not\u00edcias do S\u00e3o Paulo\",\"datePublished\":\"2025-02-05T08:30:00+00:00\",\"mainEntityOfPage\":{\"@id\":\"https:\/\/www.gaveanews.com\/index.php\/2025\/02\/05\/apresentacao-de-wendell-publicacao-de-lucas-e-declaracao-de-pablo-maia-as-ultimas-noticias-do-sao-paulo\/\"},\"wordCount\":746,\"commentCount\":0,\"image\":{\"@id\":\"https:\/\/www.gaveanews.com\/index.php\/2025\/02\/05\/apresentacao-de-wendell-publicacao-de-lucas-e-declaracao-de-pablo-maia-as-ultimas-noticias-do-sao-paulo\/#primaryimage\"},\"thumbnailUrl\":\"https:\/\/www.gaveanews.com\/wp-content\/uploads\/Estadio-do-MorumBis-na-final-da-Copa-do-Brasil-de-2023.webp\",\"articleSection\":[\"S\u00e3o Paulo\"],\"inLanguage\":\"pt-BR\",\"potentialAction\":[{\"@type\":\"CommentAction\",\"name\":\"Comment\",\"target\":[\"https:\/\/www.gaveanews.com\/index.php\/2025\/02\/05\/apresentacao-de-wendell-publicacao-de-lucas-e-declaracao-de-pablo-maia-as-ultimas-noticias-do-sao-paulo\/#respond\"]}],\"copyrightYear\":\"2025\",\"copyrightHolder\":{\"@id\":\"https:\/\/www.gaveanews.com\/#organization\"}},{\"@type\":\"WebPage\",\"@id\":\"https:\/\/www.gaveanews.com\/index.php\/2025\/02\/05\/apresentacao-de-wendell-publicacao-de-lucas-e-declaracao-de-pablo-maia-as-ultimas-noticias-do-sao-paulo\/\",\"url\":\"https:\/\/www.gaveanews.com\/index.php\/2025\/02\/05\/apresentacao-de-wendell-publicacao-de-lucas-e-declaracao-de-pablo-maia-as-ultimas-noticias-do-sao-paulo\/\",\"name\":\"Apresenta\u00e7\u00e3o de Wendell, publica\u00e7\u00e3o de Lucas e declara\u00e7\u00e3o de Pablo Maia: as \u00faltimas not\u00edcias do S\u00e3o Paulo\",\"isPartOf\":{\"@id\":\"https:\/\/www.gaveanews.com\/#website\"},\"primaryImageOfPage\":{\"@id\":\"https:\/\/www.gaveanews.com\/index.php\/2025\/02\/05\/apresentacao-de-wendell-publicacao-de-lucas-e-declaracao-de-pablo-maia-as-ultimas-noticias-do-sao-paulo\/#primaryimage\"},\"image\":{\"@id\":\"https:\/\/www.gaveanews.com\/index.php\/2025\/02\/05\/apresentacao-de-wendell-publicacao-de-lucas-e-declaracao-de-pablo-maia-as-ultimas-noticias-do-sao-paulo\/#primaryimage\"},\"thumbnailUrl\":\"https:\/\/www.gaveanews.com\/wp-content\/uploads\/Estadio-do-MorumBis-na-final-da-Copa-do-Brasil-de-2023.webp\",\"datePublished\":\"2025-02-05T08:30:00+00:00\",\"author\":{\"@id\":\"https:\/\/www.gaveanews.com\/#\/schema\/person\/8207cd4627f56151707418bfc835b2fb\"},\"breadcrumb\":{\"@id\":\"https:\/\/www.gaveanews.com\/index.php\/2025\/02\/05\/apresentacao-de-wendell-publicacao-de-lucas-e-declaracao-de-pablo-maia-as-ultimas-noticias-do-sao-paulo\/#breadcrumb\"},\"inLanguage\":\"pt-BR\",\"potentialAction\":[{\"@type\":\"ReadAction\",\"target\":[\"https:\/\/www.gaveanews.com\/index.php\/2025\/02\/05\/apresentacao-de-wendell-publicacao-de-lucas-e-declaracao-de-pablo-maia-as-ultimas-noticias-do-sao-paulo\/\"]}]},{\"@type\":\"ImageObject\",\"inLanguage\":\"pt-BR\",\"@id\":\"https:\/\/www.gaveanews.com\/index.php\/2025\/02\/05\/apresentacao-de-wendell-publicacao-de-lucas-e-declaracao-de-pablo-maia-as-ultimas-noticias-do-sao-paulo\/#primaryimage\",\"url\":\"https:\/\/www.gaveanews.com\/wp-content\/uploads\/Estadio-do-MorumBis-na-final-da-Copa-do-Brasil-de-2023.webp\",\"contentUrl\":\"https:\/\/www.gaveanews.com\/wp-content\/uploads\/Estadio-do-MorumBis-na-final-da-Copa-do-Brasil-de-2023.webp\",\"width\":1440,\"height\":960,\"caption\":\"Est\u00e1dio do MorumBis na final da Copa do Brasil de 2023 (Foto: Reprodu\u00e7\u00e3o\/S\u00e3o Paulo)\"},{\"@type\":\"BreadcrumbList\",\"@id\":\"https:\/\/www.gaveanews.com\/index.php\/2025\/02\/05\/apresentacao-de-wendell-publicacao-de-lucas-e-declaracao-de-pablo-maia-as-ultimas-noticias-do-sao-paulo\/#breadcrumb\",\"itemListElement\":[{\"@type\":\"ListItem\",\"position\":1,\"name\":\"Home\",\"item\":\"https:\/\/www.gaveanews.com\/\"},{\"@type\":\"ListItem\",\"position\":2,\"name\":\"Apresenta\u00e7\u00e3o de Wendell, publica\u00e7\u00e3o de Lucas e declara\u00e7\u00e3o de Pablo Maia: as \u00faltimas not\u00edcias do S\u00e3o Paulo\"}]},{\"@type\":\"WebSite\",\"@id\":\"https:\/\/www.gaveanews.com\/#website\",\"url\":\"https:\/\/www.gaveanews.com\/\",\"name\":\"G\u00e1vea News\",\"description\":\"Veja todas as not\u00edcias sobre o Flamengo: Contrata\u00e7\u00f5es, categorias de base, resultados das partidas, tabela de classifica\u00e7\u00e3o, pr\u00f3ximos jogos!\",\"potentialAction\":[{\"@type\":\"SearchAction\",\"target\":{\"@type\":\"EntryPoint\",\"urlTemplate\":\"https:\/\/www.gaveanews.com\/?s={search_term_string}\"},\"query-input\":{\"@type\":\"PropertyValueSpecification\",\"valueRequired\":true,\"valueName\":\"search_term_string\"}}],\"inLanguage\":\"pt-BR\"},{\"@type\":\"Person\",\"@id\":\"https:\/\/www.gaveanews.com\/#\/schema\/person\/8207cd4627f56151707418bfc835b2fb\",\"name\":\"Matheus Felipe\",\"image\":{\"@type\":\"ImageObject\",\"inLanguage\":\"pt-BR\",\"@id\":\"https:\/\/www.gaveanews.com\/#\/schema\/person\/image\/\",\"url\":\"https:\/\/secure.gravatar.com\/avatar\/a452ffbed9130f726358b298bb3a99ce4bd3c5338411f8440e87e14d74c7c087?s=96&d=mm&r=g\",\"contentUrl\":\"https:\/\/secure.gravatar.com\/avatar\/a452ffbed9130f726358b298bb3a99ce4bd3c5338411f8440e87e14d74c7c087?s=96&d=mm&r=g\",\"caption\":\"Matheus Felipe\"}}]}<\/script>\n<!-- \/ Yoast SEO Premium plugin. -->","yoast_head_json":{"title":"Apresenta\u00e7\u00e3o de Wendell, publica\u00e7\u00e3o de Lucas e declara\u00e7\u00e3o de Pablo Maia: as \u00faltimas not\u00edcias do S\u00e3o Paulo","robots":{"index":"index","follow":"follow","max-snippet":"max-snippet:-1","max-image-preview":"max-image-preview:large","max-video-preview":"max-video-preview:-1"},"canonical":"https:\/\/www.gaveanews.com\/index.php\/2025\/02\/05\/apresentacao-de-wendell-publicacao-de-lucas-e-declaracao-de-pablo-maia-as-ultimas-noticias-do-sao-paulo\/","og_locale":"pt_BR","og_type":"article","og_title":"Apresenta\u00e7\u00e3o de Wendell, publica\u00e7\u00e3o de Lucas e declara\u00e7\u00e3o de Pablo Maia: as \u00faltimas not\u00edcias do S\u00e3o Paulo","og_description":"Nas \u00faltimas horas, o foco das not\u00edcias sobre o S\u00e3o Paulo se concentram nos bastidores doclube, com destaques do dia a dia do time. Por conta deste contexto, leia abaixo um resumo preparado pela equipe do portal G\u00e1vea News para lhe manter muito bem informado! Declara\u00e7\u00e3o de Pablo Maia Ap\u00f3s nove meses afastado devido a [&hellip;]","og_url":"https:\/\/www.gaveanews.com\/index.php\/2025\/02\/05\/apresentacao-de-wendell-publicacao-de-lucas-e-declaracao-de-pablo-maia-as-ultimas-noticias-do-sao-paulo\/","og_site_name":"G\u00e1vea News","article_publisher":"https:\/\/facebook.com\/gaveaNews\/","article_published_time":"2025-02-05T08:30:00+00:00","og_image":[{"width":1440,"height":960,"url":"https:\/\/www.gaveanews.com\/wp-content\/uploads\/Estadio-do-MorumBis-na-final-da-Copa-do-Brasil-de-2023.webp","type":"image\/jpeg"}],"author":"Matheus Felipe","twitter_card":"summary_large_image","twitter_misc":{"Escrito por":"Matheus Felipe","Est. tempo de leitura":"5 minutos"},"schema":{"@context":"https:\/\/schema.org","@graph":[{"@type":"NewsArticle","@id":"https:\/\/www.gaveanews.com\/index.php\/2025\/02\/05\/apresentacao-de-wendell-publicacao-de-lucas-e-declaracao-de-pablo-maia-as-ultimas-noticias-do-sao-paulo\/#article","isPartOf":{"@id":"https:\/\/www.gaveanews.com\/index.php\/2025\/02\/05\/apresentacao-de-wendell-publicacao-de-lucas-e-declaracao-de-pablo-maia-as-ultimas-noticias-do-sao-paulo\/"},"author":{"name":"Matheus Felipe","@id":"https:\/\/www.gaveanews.com\/#\/schema\/person\/8207cd4627f56151707418bfc835b2fb"},"headline":"Apresenta\u00e7\u00e3o de Wendell, publica\u00e7\u00e3o de Lucas e declara\u00e7\u00e3o de Pablo Maia: as \u00faltimas not\u00edcias do S\u00e3o Paulo","datePublished":"2025-02-05T08:30:00+00:00","mainEntityOfPage":{"@id":"https:\/\/www.gaveanews.com\/index.php\/2025\/02\/05\/apresentacao-de-wendell-publicacao-de-lucas-e-declaracao-de-pablo-maia-as-ultimas-noticias-do-sao-paulo\/"},"wordCount":746,"commentCount":0,"image":{"@id":"https:\/\/www.gaveanews.com\/index.php\/2025\/02\/05\/apresentacao-de-wendell-publicacao-de-lucas-e-declaracao-de-pablo-maia-as-ultimas-noticias-do-sao-paulo\/#primaryimage"},"thumbnailUrl":"https:\/\/www.gaveanews.com\/wp-content\/uploads\/Estadio-do-MorumBis-na-final-da-Copa-do-Brasil-de-2023.webp","articleSection":["S\u00e3o Paulo"],"inLanguage":"pt-BR","potentialAction":[{"@type":"CommentAction","name":"Comment","target":["https:\/\/www.gaveanews.com\/index.php\/2025\/02\/05\/apresentacao-de-wendell-publicacao-de-lucas-e-declaracao-de-pablo-maia-as-ultimas-noticias-do-sao-paulo\/#respond"]}],"copyrightYear":"2025","copyrightHolder":{"@id":"https:\/\/www.gaveanews.com\/#organization"}},{"@type":"WebPage","@id":"https:\/\/www.gaveanews.com\/index.php\/2025\/02\/05\/apresentacao-de-wendell-publicacao-de-lucas-e-declaracao-de-pablo-maia-as-ultimas-noticias-do-sao-paulo\/","url":"https:\/\/www.gaveanews.com\/index.php\/2025\/02\/05\/apresentacao-de-wendell-publicacao-de-lucas-e-declaracao-de-pablo-maia-as-ultimas-noticias-do-sao-paulo\/","name":"Apresenta\u00e7\u00e3o de Wendell, publica\u00e7\u00e3o de Lucas e declara\u00e7\u00e3o de Pablo Maia: as \u00faltimas not\u00edcias do S\u00e3o Paulo","isPartOf":{"@id":"https:\/\/www.gaveanews.com\/#website"},"primaryImageOfPage":{"@id":"https:\/\/www.gaveanews.com\/index.php\/2025\/02\/05\/apresentacao-de-wendell-publicacao-de-lucas-e-declaracao-de-pablo-maia-as-ultimas-noticias-do-sao-paulo\/#primaryimage"},"image":{"@id":"https:\/\/www.gaveanews.com\/index.php\/2025\/02\/05\/apresentacao-de-wendell-publicacao-de-lucas-e-declaracao-de-pablo-maia-as-ultimas-noticias-do-sao-paulo\/#primaryimage"},"thumbnailUrl":"https:\/\/www.gaveanews.com\/wp-content\/uploads\/Estadio-do-MorumBis-na-final-da-Copa-do-Brasil-de-2023.webp","datePublished":"2025-02-05T08:30:00+00:00","author":{"@id":"https:\/\/www.gaveanews.com\/#\/schema\/person\/8207cd4627f56151707418bfc835b2fb"},"breadcrumb":{"@id":"https:\/\/www.gaveanews.com\/index.php\/2025\/02\/05\/apresentacao-de-wendell-publicacao-de-lucas-e-declaracao-de-pablo-maia-as-ultimas-noticias-do-sao-paulo\/#breadcrumb"},"inLanguage":"pt-BR","potentialAction":[{"@type":"ReadAction","target":["https:\/\/www.gaveanews.com\/index.php\/2025\/02\/05\/apresentacao-de-wendell-publicacao-de-lucas-e-declaracao-de-pablo-maia-as-ultimas-noticias-do-sao-paulo\/"]}]},{"@type":"ImageObject","inLanguage":"pt-BR","@id":"https:\/\/www.gaveanews.com\/index.php\/2025\/02\/05\/apresentacao-de-wendell-publicacao-de-lucas-e-declaracao-de-pablo-maia-as-ultimas-noticias-do-sao-paulo\/#primaryimage","url":"https:\/\/www.gaveanews.com\/wp-content\/uploads\/Estadio-do-MorumBis-na-final-da-Copa-do-Brasil-de-2023.webp","contentUrl":"https:\/\/www.gaveanews.com\/wp-content\/uploads\/Estadio-do-MorumBis-na-final-da-Copa-do-Brasil-de-2023.webp","width":1440,"height":960,"caption":"Est\u00e1dio do MorumBis na final da Copa do Brasil de 2023 (Foto: Reprodu\u00e7\u00e3o\/S\u00e3o Paulo)"},{"@type":"BreadcrumbList","@id":"https:\/\/www.gaveanews.com\/index.php\/2025\/02\/05\/apresentacao-de-wendell-publicacao-de-lucas-e-declaracao-de-pablo-maia-as-ultimas-noticias-do-sao-paulo\/#breadcrumb","itemListElement":[{"@type":"ListItem","position":1,"name":"Home","item":"https:\/\/www.gaveanews.com\/"},{"@type":"ListItem","position":2,"name":"Apresenta\u00e7\u00e3o de Wendell, publica\u00e7\u00e3o de Lucas e declara\u00e7\u00e3o de Pablo Maia: as \u00faltimas not\u00edcias do S\u00e3o Paulo"}]},{"@type":"WebSite","@id":"https:\/\/www.gaveanews.com\/#website","url":"https:\/\/www.gaveanews.com\/","name":"G\u00e1vea News","description":"Veja todas as not\u00edcias sobre o Flamengo: Contrata\u00e7\u00f5es, categorias de base, resultados das partidas, tabela de classifica\u00e7\u00e3o, pr\u00f3ximos jogos!","potentialAction":[{"@type":"SearchAction","target":{"@type":"EntryPoint","urlTemplate":"https:\/\/www.gaveanews.com\/?s={search_term_string}"},"query-input":{"@type":"PropertyValueSpecification","valueRequired":true,"valueName":"search_term_string"}}],"inLanguage":"pt-BR"},{"@type":"Person","@id":"https:\/\/www.gaveanews.com\/#\/schema\/person\/8207cd4627f56151707418bfc835b2fb","name":"Matheus Felipe","image":{"@type":"ImageObject","inLanguage":"pt-BR","@id":"https:\/\/www.gaveanews.com\/#\/schema\/person\/image\/","url":"https:\/\/secure.gravatar.com\/avatar\/a452ffbed9130f726358b298bb3a99ce4bd3c5338411f8440e87e14d74c7c087?s=96&d=mm&r=g","contentUrl":"https:\/\/secure.gravatar.com\/avatar\/a452ffbed9130f726358b298bb3a99ce4bd3c5338411f8440e87e14d74c7c087?s=96&d=mm&r=g","caption":"Matheus Felipe"}}]}},"_links":{"self":[{"href":"https:\/\/www.gaveanews.com\/index.php\/wp-json\/wp\/v2\/posts\/223457","targetHints":{"allow":["GET"]}}],"collection":[{"href":"https:\/\/www.gaveanews.com\/index.php\/wp-json\/wp\/v2\/posts"}],"about":[{"href":"https:\/\/www.gaveanews.com\/index.php\/wp-json\/wp\/v2\/types\/post"}],"author":[{"embeddable":true,"href":"https:\/\/www.gaveanews.com\/index.php\/wp-json\/wp\/v2\/users\/27"}],"replies":[{"embeddable":true,"href":"https:\/\/www.gaveanews.com\/index.php\/wp-json\/wp\/v2\/comments?post=223457"}],"version-history":[{"count":1,"href":"https:\/\/www.gaveanews.com\/index.php\/wp-json\/wp\/v2\/posts\/223457\/revisions"}],"predecessor-version":[{"id":223461,"href":"https:\/\/www.gaveanews.com\/index.php\/wp-json\/wp\/v2\/posts\/223457\/revisions\/223461"}],"wp:featuredmedia":[{"embeddable":true,"href":"https:\/\/www.gaveanews.com\/index.php\/wp-json\/wp\/v2\/media\/155630"}],"wp:attachment":[{"href":"https:\/\/www.gaveanews.com\/index.php\/wp-json\/wp\/v2\/media?parent=223457"}],"wp:term":[{"taxonomy":"category","embeddable":true,"href":"https:\/\/www.gaveanews.com\/index.php\/wp-json\/wp\/v2\/categories?post=223457"},{"taxonomy":"post_tag","embeddable":true,"href":"https:\/\/www.gaveanews.com\/index.php\/wp-json\/wp\/v2\/tags?post=223457"}],"curies":[{"name":"wp","href":"https:\/\/api.w.org\/{rel}","templated":true}]}}