{"id":223462,"date":"2025-02-05T05:40:00","date_gmt":"2025-02-05T08:40:00","guid":{"rendered":"https:\/\/www.gaveanews.com\/?p=223462"},"modified":"2025-02-05T01:56:47","modified_gmt":"2025-02-05T04:56:47","slug":"atitude-questionada-chapeu-de-europeu-e-declaracao-de-carille-as-ultimas-noticias-do-vasco","status":"publish","type":"post","link":"https:\/\/www.gaveanews.com\/index.php\/2025\/02\/05\/atitude-questionada-chapeu-de-europeu-e-declaracao-de-carille-as-ultimas-noticias-do-vasco\/","title":{"rendered":"Atitude questionada, chap\u00e9u de europeu e declara\u00e7\u00e3o de Carille: as \u00faltimas not\u00edcias do Vasco"},"content":{"rendered":"\n<p>Nas \u00faltimas horas, o foco das not\u00edcias sobre o Vasco se concentram nos bastidores do<br>clube, com destaques do dia a dia do time.<\/p>\n\n\n\n<p>Por conta deste contexto, leia abaixo um resumo preparado pela equipe do portal G\u00e1vea News para lhe manter muito bem informado!<\/p>\n\n\n\n<h2 class=\"wp-block-heading\" id=\"h-declaracao-de-carille\">Declara\u00e7\u00e3o de Carille<\/h2>\n\n\n\n<p>No empate por 2 a 2 contra o Volta Redonda, os torcedores do Vasco puderam ver pela primeira vez em 2025 a dupla Philippe Coutinho e Dimitri Payet atuando junta. No entanto, o desempenho dos dois jogadores ficou abaixo das expectativas, evidenciando a falta de entrosamento. O t\u00e9cnico F\u00e1bio Carille analisou a situa\u00e7\u00e3o e destacou que a equipe precisa de mais tempo e organiza\u00e7\u00e3o para que a parceria funcione de maneira eficiente dentro de campo <strong><a href=\"https:\/\/www.gaveanews.com\/index.php\/2025\/02\/03\/a-declaracao-de-carille-direcionada-a-coutinho-e-payet-no-vasco\/\">(leia a mat\u00e9ria completa).<\/a><\/strong><\/p>\n\n\n\n<figure class=\"wp-block-image size-full\"><img loading=\"lazy\" decoding=\"async\" width=\"1501\" height=\"1000\" src=\"http:\/\/www.gaveanews.com\/wp-content\/uploads\/Carille-apresentado-pelo-Vasco.webp\" alt=\"Carille apresentado pelo Vasco\" class=\"wp-image-220356\"\/><figcaption class=\"wp-element-caption\">Carille apresentado pelo Vasco (Foto: Divulga\u00e7\u00e3o)<\/figcaption><\/figure>\n\n\n\n<p>Carille reconheceu a qualidade t\u00e9cnica dos dois atletas, mas ressaltou que ajustes t\u00e1ticos s\u00e3o necess\u00e1rios para integr\u00e1-los ao esquema do time. <\/p>\n\n\n\n<p>Segundo ele, a compacta\u00e7\u00e3o da equipe e um melhor alinhamento estrat\u00e9gico s\u00e3o fundamentais para que Coutinho e Payet rendam o esperado. Apesar do desempenho discreto, o treinador demonstrou confian\u00e7a na evolu\u00e7\u00e3o da dupla, afirmando que pretende observ\u00e1-los mais nos treinamentos e em futuras partidas.<\/p>\n\n\n\n<p>Com contratos v\u00e1lidos at\u00e9 o meio do ano, o futuro da parceria entre Coutinho e Payet no Vasco ainda \u00e9 incerto. A diretoria j\u00e1 iniciou negocia\u00e7\u00f5es para uma poss\u00edvel renova\u00e7\u00e3o com o franc\u00eas, enquanto o rendimento dos jogadores nos pr\u00f3ximos jogos pode ser decisivo para a perman\u00eancia de ambos. O sucesso dessa dupla ser\u00e1 essencial para as ambi\u00e7\u00f5es do clube na temporada.<\/p>\n\n\n\n<h2 class=\"wp-block-heading\" id=\"h-chapeu-de-europeu\">Chap\u00e9u de europeu <\/h2>\n\n\n\n<p>O Vasco da Gama estava pr\u00f3ximo de contratar o atacante Bruma, do Braga, mas acabou perdendo a disputa para o Benfica. O clube portugu\u00eas entrou forte na negocia\u00e7\u00e3o e convenceu o jogador a permanecer na Europa, mesmo oferecendo valores similares aos do time carioca. A decis\u00e3o de Bruma foi influenciada pelo prest\u00edgio do Benfica e a possibilidade de continuar atuando no futebol europeu (l<strong><a href=\"https:\/\/www.gaveanews.com\/index.php\/2025\/02\/03\/vasco-leva-chapeu-de-clube-da-europa-e-fica-sem-atacante\/\">eia a mat\u00e9ria completa).<\/a><\/strong><\/p>\n\n\n\n<figure class=\"wp-block-image size-large\"><img loading=\"lazy\" decoding=\"async\" width=\"1024\" height=\"683\" src=\"http:\/\/www.gaveanews.com\/wp-content\/uploads\/Jogador-de-futebol-com-o-pe-na-bola-1024x683.webp\" alt=\"\" class=\"wp-image-165059\" srcset=\"https:\/\/www.gaveanews.com\/wp-content\/uploads\/Jogador-de-futebol-com-o-pe-na-bola-1024x683.webp 1024w, https:\/\/www.gaveanews.com\/wp-content\/uploads\/Jogador-de-futebol-com-o-pe-na-bola-300x200.webp 300w, https:\/\/www.gaveanews.com\/wp-content\/uploads\/Jogador-de-futebol-com-o-pe-na-bola-768x512.webp 768w, https:\/\/www.gaveanews.com\/wp-content\/uploads\/Jogador-de-futebol-com-o-pe-na-bola-1536x1025.webp 1536w, https:\/\/www.gaveanews.com\/wp-content\/uploads\/Jogador-de-futebol-com-o-pe-na-bola-2048x1366.webp 2048w, https:\/\/www.gaveanews.com\/wp-content\/uploads\/Jogador-de-futebol-com-o-pe-na-bola-630x420.webp 630w, https:\/\/www.gaveanews.com\/wp-content\/uploads\/Jogador-de-futebol-com-o-pe-na-bola-1259x840.webp 1259w, https:\/\/www.gaveanews.com\/wp-content\/uploads\/Jogador-de-futebol-com-o-pe-na-bola-640x427.webp 640w, https:\/\/www.gaveanews.com\/wp-content\/uploads\/Jogador-de-futebol-com-o-pe-na-bola-1280x854.webp 1280w, https:\/\/www.gaveanews.com\/wp-content\/uploads\/Jogador-de-futebol-com-o-pe-na-bola-681x454.webp 681w, https:\/\/www.gaveanews.com\/wp-content\/uploads\/Jogador-de-futebol-com-o-pe-na-bola-1362x909.webp 1362w, https:\/\/www.gaveanews.com\/wp-content\/uploads\/Jogador-de-futebol-com-o-pe-na-bola-100x67.webp 100w\" sizes=\"auto, (max-width: 1024px) 100vw, 1024px\" \/><figcaption class=\"wp-element-caption\">Jogador de futebol com o p\u00e9 na bola (Foto: Pexels)<\/figcaption><\/figure>\n\n\n\n<p>A diretoria vasca\u00edna, que j\u00e1 havia tentado outros nomes como Rony, Brian Rodr\u00edguez e Cuello, agora volta ao mercado em busca de um novo atacante. O objetivo \u00e9 encontrar um jogador de qualidade que possa atuar pelas pontas e chegar com status de titular para fortalecer o elenco na temporada.<\/p>\n\n\n\n<p>Mesmo com esse rev\u00e9s, o Vasco segue determinado a refor\u00e7ar seu time e manter sua competitividade. A busca por um substituto para Bruma continua, e a expectativa \u00e9 que novas op\u00e7\u00f5es sejam analisadas nos pr\u00f3ximos dias.<\/p>\n\n\n\n<h2 class=\"wp-block-heading\" id=\"h-atitude-questionada\">Atitude questionada<\/h2>\n\n\n\n<p>O jornalista Lucas Pedrosa criticou duramente a diretoria do Vasco por sua atua\u00e7\u00e3o no mercado de transfer\u00eancias. Ele destacou que o clube j\u00e1 havia formalizado uma proposta pelo atacante Bruma e aguardava apenas a assinatura do jogador. No entanto, o Benfica entrou na disputa e acabou levando o atleta, evidenciando a fragilidade da gest\u00e3o vasca\u00edna nas negocia\u00e7\u00f5es. Pedrosa ressaltou que a falta de refor\u00e7os \u00e9 um problema recorrente e, caso o clube n\u00e3o consiga contratar pelo menos dois pontas at\u00e9 o fim da janela, a incompet\u00eancia da diretoria deixar\u00e1 de ser apenas uma opini\u00e3o para se tornar um fato <strong><a href=\"https:\/\/www.gaveanews.com\/index.php\/2025\/02\/03\/lucas-pedrosa-detona-postura-da-diretoria-do-vasco\/\">(leia a mat\u00e9ria completa).<\/a><\/strong><\/p>\n\n\n\n<figure class=\"wp-block-image size-full\"><img loading=\"lazy\" decoding=\"async\" width=\"1024\" height=\"562\" src=\"http:\/\/www.gaveanews.com\/wp-content\/uploads\/Pedrinho-presidente-do-Vasco.webp\" alt=\"\" class=\"wp-image-146559\" srcset=\"https:\/\/www.gaveanews.com\/wp-content\/uploads\/Pedrinho-presidente-do-Vasco.webp 1024w, https:\/\/www.gaveanews.com\/wp-content\/uploads\/Pedrinho-presidente-do-Vasco-300x165.webp 300w, https:\/\/www.gaveanews.com\/wp-content\/uploads\/Pedrinho-presidente-do-Vasco-768x422.webp 768w, https:\/\/www.gaveanews.com\/wp-content\/uploads\/Pedrinho-presidente-do-Vasco-765x420.webp 765w, https:\/\/www.gaveanews.com\/wp-content\/uploads\/Pedrinho-presidente-do-Vasco-640x350.webp 640w, https:\/\/www.gaveanews.com\/wp-content\/uploads\/Pedrinho-presidente-do-Vasco-681x374.webp 681w, https:\/\/www.gaveanews.com\/wp-content\/uploads\/Pedrinho-presidente-do-Vasco-1022x562.webp 1022w, https:\/\/www.gaveanews.com\/wp-content\/uploads\/Pedrinho-presidente-do-Vasco-100x55.webp 100w\" sizes=\"auto, (max-width: 1024px) 100vw, 1024px\" \/><figcaption class=\"wp-element-caption\">Pedrinho, presidente do Vasco (Foto: Reprodu\u00e7\u00e3o\/Vasco TV)<\/figcaption><\/figure>\n\n\n\n<p>Al\u00e9m das cr\u00edticas sobre as contrata\u00e7\u00f5es, o jornalista tamb\u00e9m apontou que o t\u00e9cnico do Vasco n\u00e3o tem recebido o suporte necess\u00e1rio para implementar seu estilo de jogo. Ele mencionou que o treinador fez pedidos espec\u00edficos \u00e0 diretoria, mas at\u00e9 o momento n\u00e3o teve suas exig\u00eancias atendidas, prejudicando o desempenho da equipe.<\/p>\n\n\n\n<p>O Vasco se prepara agora para o cl\u00e1ssico contra o Fluminense, que ser\u00e1 realizado no Est\u00e1dio Man\u00e9 Garrincha, em Bras\u00edlia, devido a um acordo comercial firmado pela SAF do clube. A decis\u00e3o de levar a partida para fora do Rio de Janeiro gerou insatisfa\u00e7\u00e3o na diretoria e entre torcedores, pois pode impactar o desempenho do time em um confronto t\u00e3o importante.<\/p>\n","protected":false},"excerpt":{"rendered":"<p>Nas \u00faltimas horas, o foco das not\u00edcias sobre o Vasco se concentram nos bastidores doclube, com destaques do dia a dia do time. Por conta deste contexto, leia abaixo um resumo preparado pela equipe do portal G\u00e1vea News para lhe manter muito bem informado! Declara\u00e7\u00e3o de Carille No empate por 2 a 2 contra o [&hellip;]<\/p>\n","protected":false},"author":27,"featured_media":147443,"comment_status":"open","ping_status":"closed","sticky":false,"template":"","format":"standard","meta":{"footnotes":""},"categories":[152],"tags":[],"class_list":["post-223462","post","type-post","status-publish","format-standard","has-post-thumbnail","hentry","category-vasco"],"yoast_head":"<!-- This site is optimized with the Yoast SEO Premium plugin v24.2 (Yoast SEO v26.9) - https:\/\/yoast.com\/product\/yoast-seo-premium-wordpress\/ -->\n<title>Atitude questionada, chap\u00e9u de europeu e declara\u00e7\u00e3o de Carille: as \u00faltimas not\u00edcias do Vasco<\/title>\n<meta name=\"robots\" content=\"index, follow, max-snippet:-1, max-image-preview:large, max-video-preview:-1\" \/>\n<link rel=\"canonical\" href=\"https:\/\/www.gaveanews.com\/index.php\/2025\/02\/05\/atitude-questionada-chapeu-de-europeu-e-declaracao-de-carille-as-ultimas-noticias-do-vasco\/\" \/>\n<meta property=\"og:locale\" content=\"pt_BR\" \/>\n<meta property=\"og:type\" content=\"article\" \/>\n<meta property=\"og:title\" content=\"Atitude questionada, chap\u00e9u de europeu e declara\u00e7\u00e3o de Carille: as \u00faltimas not\u00edcias do Vasco\" \/>\n<meta property=\"og:description\" content=\"Nas \u00faltimas horas, o foco das not\u00edcias sobre o Vasco se concentram nos bastidores doclube, com destaques do dia a dia do time. Por conta deste contexto, leia abaixo um resumo preparado pela equipe do portal G\u00e1vea News para lhe manter muito bem informado! Declara\u00e7\u00e3o de Carille No empate por 2 a 2 contra o [&hellip;]\" \/>\n<meta property=\"og:url\" content=\"https:\/\/www.gaveanews.com\/index.php\/2025\/02\/05\/atitude-questionada-chapeu-de-europeu-e-declaracao-de-carille-as-ultimas-noticias-do-vasco\/\" \/>\n<meta property=\"og:site_name\" content=\"G\u00e1vea News\" \/>\n<meta property=\"article:publisher\" content=\"https:\/\/facebook.com\/gaveaNews\/\" \/>\n<meta property=\"article:published_time\" content=\"2025-02-05T08:40:00+00:00\" \/>\n<meta property=\"og:image\" content=\"https:\/\/www.gaveanews.com\/wp-content\/uploads\/Camisa-do-Vasco-da-Gama.webp\" \/>\n\t<meta property=\"og:image:width\" content=\"1440\" \/>\n\t<meta property=\"og:image:height\" content=\"960\" \/>\n\t<meta property=\"og:image:type\" content=\"image\/jpeg\" \/>\n<meta name=\"author\" content=\"Matheus Felipe\" \/>\n<meta name=\"twitter:card\" content=\"summary_large_image\" \/>\n<meta name=\"twitter:label1\" content=\"Escrito por\" \/>\n\t<meta name=\"twitter:data1\" content=\"Matheus Felipe\" \/>\n\t<meta name=\"twitter:label2\" content=\"Est. tempo de leitura\" \/>\n\t<meta name=\"twitter:data2\" content=\"5 minutos\" \/>\n<script type=\"application\/ld+json\" class=\"yoast-schema-graph\">{\"@context\":\"https:\/\/schema.org\",\"@graph\":[{\"@type\":\"NewsArticle\",\"@id\":\"https:\/\/www.gaveanews.com\/index.php\/2025\/02\/05\/atitude-questionada-chapeu-de-europeu-e-declaracao-de-carille-as-ultimas-noticias-do-vasco\/#article\",\"isPartOf\":{\"@id\":\"https:\/\/www.gaveanews.com\/index.php\/2025\/02\/05\/atitude-questionada-chapeu-de-europeu-e-declaracao-de-carille-as-ultimas-noticias-do-vasco\/\"},\"author\":{\"name\":\"Matheus Felipe\",\"@id\":\"https:\/\/www.gaveanews.com\/#\/schema\/person\/8207cd4627f56151707418bfc835b2fb\"},\"headline\":\"Atitude questionada, chap\u00e9u de europeu e declara\u00e7\u00e3o de Carille: as \u00faltimas not\u00edcias do Vasco\",\"datePublished\":\"2025-02-05T08:40:00+00:00\",\"mainEntityOfPage\":{\"@id\":\"https:\/\/www.gaveanews.com\/index.php\/2025\/02\/05\/atitude-questionada-chapeu-de-europeu-e-declaracao-de-carille-as-ultimas-noticias-do-vasco\/\"},\"wordCount\":728,\"commentCount\":0,\"image\":{\"@id\":\"https:\/\/www.gaveanews.com\/index.php\/2025\/02\/05\/atitude-questionada-chapeu-de-europeu-e-declaracao-de-carille-as-ultimas-noticias-do-vasco\/#primaryimage\"},\"thumbnailUrl\":\"https:\/\/www.gaveanews.com\/wp-content\/uploads\/Camisa-do-Vasco-da-Gama.webp\",\"articleSection\":[\"Vasco\"],\"inLanguage\":\"pt-BR\",\"potentialAction\":[{\"@type\":\"CommentAction\",\"name\":\"Comment\",\"target\":[\"https:\/\/www.gaveanews.com\/index.php\/2025\/02\/05\/atitude-questionada-chapeu-de-europeu-e-declaracao-de-carille-as-ultimas-noticias-do-vasco\/#respond\"]}],\"copyrightYear\":\"2025\",\"copyrightHolder\":{\"@id\":\"https:\/\/www.gaveanews.com\/#organization\"}},{\"@type\":\"WebPage\",\"@id\":\"https:\/\/www.gaveanews.com\/index.php\/2025\/02\/05\/atitude-questionada-chapeu-de-europeu-e-declaracao-de-carille-as-ultimas-noticias-do-vasco\/\",\"url\":\"https:\/\/www.gaveanews.com\/index.php\/2025\/02\/05\/atitude-questionada-chapeu-de-europeu-e-declaracao-de-carille-as-ultimas-noticias-do-vasco\/\",\"name\":\"Atitude questionada, chap\u00e9u de europeu e declara\u00e7\u00e3o de Carille: as \u00faltimas not\u00edcias do Vasco\",\"isPartOf\":{\"@id\":\"https:\/\/www.gaveanews.com\/#website\"},\"primaryImageOfPage\":{\"@id\":\"https:\/\/www.gaveanews.com\/index.php\/2025\/02\/05\/atitude-questionada-chapeu-de-europeu-e-declaracao-de-carille-as-ultimas-noticias-do-vasco\/#primaryimage\"},\"image\":{\"@id\":\"https:\/\/www.gaveanews.com\/index.php\/2025\/02\/05\/atitude-questionada-chapeu-de-europeu-e-declaracao-de-carille-as-ultimas-noticias-do-vasco\/#primaryimage\"},\"thumbnailUrl\":\"https:\/\/www.gaveanews.com\/wp-content\/uploads\/Camisa-do-Vasco-da-Gama.webp\",\"datePublished\":\"2025-02-05T08:40:00+00:00\",\"author\":{\"@id\":\"https:\/\/www.gaveanews.com\/#\/schema\/person\/8207cd4627f56151707418bfc835b2fb\"},\"breadcrumb\":{\"@id\":\"https:\/\/www.gaveanews.com\/index.php\/2025\/02\/05\/atitude-questionada-chapeu-de-europeu-e-declaracao-de-carille-as-ultimas-noticias-do-vasco\/#breadcrumb\"},\"inLanguage\":\"pt-BR\",\"potentialAction\":[{\"@type\":\"ReadAction\",\"target\":[\"https:\/\/www.gaveanews.com\/index.php\/2025\/02\/05\/atitude-questionada-chapeu-de-europeu-e-declaracao-de-carille-as-ultimas-noticias-do-vasco\/\"]}]},{\"@type\":\"ImageObject\",\"inLanguage\":\"pt-BR\",\"@id\":\"https:\/\/www.gaveanews.com\/index.php\/2025\/02\/05\/atitude-questionada-chapeu-de-europeu-e-declaracao-de-carille-as-ultimas-noticias-do-vasco\/#primaryimage\",\"url\":\"https:\/\/www.gaveanews.com\/wp-content\/uploads\/Camisa-do-Vasco-da-Gama.webp\",\"contentUrl\":\"https:\/\/www.gaveanews.com\/wp-content\/uploads\/Camisa-do-Vasco-da-Gama.webp\",\"width\":1440,\"height\":960,\"caption\":\"Camisa do Vasco da Gama (Foto: Reprodu\u00e7\u00e3o\/Instagram)\"},{\"@type\":\"BreadcrumbList\",\"@id\":\"https:\/\/www.gaveanews.com\/index.php\/2025\/02\/05\/atitude-questionada-chapeu-de-europeu-e-declaracao-de-carille-as-ultimas-noticias-do-vasco\/#breadcrumb\",\"itemListElement\":[{\"@type\":\"ListItem\",\"position\":1,\"name\":\"Home\",\"item\":\"https:\/\/www.gaveanews.com\/\"},{\"@type\":\"ListItem\",\"position\":2,\"name\":\"Atitude questionada, chap\u00e9u de europeu e declara\u00e7\u00e3o de Carille: as \u00faltimas not\u00edcias do Vasco\"}]},{\"@type\":\"WebSite\",\"@id\":\"https:\/\/www.gaveanews.com\/#website\",\"url\":\"https:\/\/www.gaveanews.com\/\",\"name\":\"G\u00e1vea News\",\"description\":\"Veja todas as not\u00edcias sobre o Flamengo: Contrata\u00e7\u00f5es, categorias de base, resultados das partidas, tabela de classifica\u00e7\u00e3o, pr\u00f3ximos jogos!\",\"potentialAction\":[{\"@type\":\"SearchAction\",\"target\":{\"@type\":\"EntryPoint\",\"urlTemplate\":\"https:\/\/www.gaveanews.com\/?s={search_term_string}\"},\"query-input\":{\"@type\":\"PropertyValueSpecification\",\"valueRequired\":true,\"valueName\":\"search_term_string\"}}],\"inLanguage\":\"pt-BR\"},{\"@type\":\"Person\",\"@id\":\"https:\/\/www.gaveanews.com\/#\/schema\/person\/8207cd4627f56151707418bfc835b2fb\",\"name\":\"Matheus Felipe\",\"image\":{\"@type\":\"ImageObject\",\"inLanguage\":\"pt-BR\",\"@id\":\"https:\/\/www.gaveanews.com\/#\/schema\/person\/image\/\",\"url\":\"https:\/\/secure.gravatar.com\/avatar\/a452ffbed9130f726358b298bb3a99ce4bd3c5338411f8440e87e14d74c7c087?s=96&d=mm&r=g\",\"contentUrl\":\"https:\/\/secure.gravatar.com\/avatar\/a452ffbed9130f726358b298bb3a99ce4bd3c5338411f8440e87e14d74c7c087?s=96&d=mm&r=g\",\"caption\":\"Matheus Felipe\"}}]}<\/script>\n<!-- \/ Yoast SEO Premium plugin. -->","yoast_head_json":{"title":"Atitude questionada, chap\u00e9u de europeu e declara\u00e7\u00e3o de Carille: as \u00faltimas not\u00edcias do Vasco","robots":{"index":"index","follow":"follow","max-snippet":"max-snippet:-1","max-image-preview":"max-image-preview:large","max-video-preview":"max-video-preview:-1"},"canonical":"https:\/\/www.gaveanews.com\/index.php\/2025\/02\/05\/atitude-questionada-chapeu-de-europeu-e-declaracao-de-carille-as-ultimas-noticias-do-vasco\/","og_locale":"pt_BR","og_type":"article","og_title":"Atitude questionada, chap\u00e9u de europeu e declara\u00e7\u00e3o de Carille: as \u00faltimas not\u00edcias do Vasco","og_description":"Nas \u00faltimas horas, o foco das not\u00edcias sobre o Vasco se concentram nos bastidores doclube, com destaques do dia a dia do time. Por conta deste contexto, leia abaixo um resumo preparado pela equipe do portal G\u00e1vea News para lhe manter muito bem informado! Declara\u00e7\u00e3o de Carille No empate por 2 a 2 contra o [&hellip;]","og_url":"https:\/\/www.gaveanews.com\/index.php\/2025\/02\/05\/atitude-questionada-chapeu-de-europeu-e-declaracao-de-carille-as-ultimas-noticias-do-vasco\/","og_site_name":"G\u00e1vea News","article_publisher":"https:\/\/facebook.com\/gaveaNews\/","article_published_time":"2025-02-05T08:40:00+00:00","og_image":[{"width":1440,"height":960,"url":"https:\/\/www.gaveanews.com\/wp-content\/uploads\/Camisa-do-Vasco-da-Gama.webp","type":"image\/jpeg"}],"author":"Matheus Felipe","twitter_card":"summary_large_image","twitter_misc":{"Escrito por":"Matheus Felipe","Est. tempo de leitura":"5 minutos"},"schema":{"@context":"https:\/\/schema.org","@graph":[{"@type":"NewsArticle","@id":"https:\/\/www.gaveanews.com\/index.php\/2025\/02\/05\/atitude-questionada-chapeu-de-europeu-e-declaracao-de-carille-as-ultimas-noticias-do-vasco\/#article","isPartOf":{"@id":"https:\/\/www.gaveanews.com\/index.php\/2025\/02\/05\/atitude-questionada-chapeu-de-europeu-e-declaracao-de-carille-as-ultimas-noticias-do-vasco\/"},"author":{"name":"Matheus Felipe","@id":"https:\/\/www.gaveanews.com\/#\/schema\/person\/8207cd4627f56151707418bfc835b2fb"},"headline":"Atitude questionada, chap\u00e9u de europeu e declara\u00e7\u00e3o de Carille: as \u00faltimas not\u00edcias do Vasco","datePublished":"2025-02-05T08:40:00+00:00","mainEntityOfPage":{"@id":"https:\/\/www.gaveanews.com\/index.php\/2025\/02\/05\/atitude-questionada-chapeu-de-europeu-e-declaracao-de-carille-as-ultimas-noticias-do-vasco\/"},"wordCount":728,"commentCount":0,"image":{"@id":"https:\/\/www.gaveanews.com\/index.php\/2025\/02\/05\/atitude-questionada-chapeu-de-europeu-e-declaracao-de-carille-as-ultimas-noticias-do-vasco\/#primaryimage"},"thumbnailUrl":"https:\/\/www.gaveanews.com\/wp-content\/uploads\/Camisa-do-Vasco-da-Gama.webp","articleSection":["Vasco"],"inLanguage":"pt-BR","potentialAction":[{"@type":"CommentAction","name":"Comment","target":["https:\/\/www.gaveanews.com\/index.php\/2025\/02\/05\/atitude-questionada-chapeu-de-europeu-e-declaracao-de-carille-as-ultimas-noticias-do-vasco\/#respond"]}],"copyrightYear":"2025","copyrightHolder":{"@id":"https:\/\/www.gaveanews.com\/#organization"}},{"@type":"WebPage","@id":"https:\/\/www.gaveanews.com\/index.php\/2025\/02\/05\/atitude-questionada-chapeu-de-europeu-e-declaracao-de-carille-as-ultimas-noticias-do-vasco\/","url":"https:\/\/www.gaveanews.com\/index.php\/2025\/02\/05\/atitude-questionada-chapeu-de-europeu-e-declaracao-de-carille-as-ultimas-noticias-do-vasco\/","name":"Atitude questionada, chap\u00e9u de europeu e declara\u00e7\u00e3o de Carille: as \u00faltimas not\u00edcias do Vasco","isPartOf":{"@id":"https:\/\/www.gaveanews.com\/#website"},"primaryImageOfPage":{"@id":"https:\/\/www.gaveanews.com\/index.php\/2025\/02\/05\/atitude-questionada-chapeu-de-europeu-e-declaracao-de-carille-as-ultimas-noticias-do-vasco\/#primaryimage"},"image":{"@id":"https:\/\/www.gaveanews.com\/index.php\/2025\/02\/05\/atitude-questionada-chapeu-de-europeu-e-declaracao-de-carille-as-ultimas-noticias-do-vasco\/#primaryimage"},"thumbnailUrl":"https:\/\/www.gaveanews.com\/wp-content\/uploads\/Camisa-do-Vasco-da-Gama.webp","datePublished":"2025-02-05T08:40:00+00:00","author":{"@id":"https:\/\/www.gaveanews.com\/#\/schema\/person\/8207cd4627f56151707418bfc835b2fb"},"breadcrumb":{"@id":"https:\/\/www.gaveanews.com\/index.php\/2025\/02\/05\/atitude-questionada-chapeu-de-europeu-e-declaracao-de-carille-as-ultimas-noticias-do-vasco\/#breadcrumb"},"inLanguage":"pt-BR","potentialAction":[{"@type":"ReadAction","target":["https:\/\/www.gaveanews.com\/index.php\/2025\/02\/05\/atitude-questionada-chapeu-de-europeu-e-declaracao-de-carille-as-ultimas-noticias-do-vasco\/"]}]},{"@type":"ImageObject","inLanguage":"pt-BR","@id":"https:\/\/www.gaveanews.com\/index.php\/2025\/02\/05\/atitude-questionada-chapeu-de-europeu-e-declaracao-de-carille-as-ultimas-noticias-do-vasco\/#primaryimage","url":"https:\/\/www.gaveanews.com\/wp-content\/uploads\/Camisa-do-Vasco-da-Gama.webp","contentUrl":"https:\/\/www.gaveanews.com\/wp-content\/uploads\/Camisa-do-Vasco-da-Gama.webp","width":1440,"height":960,"caption":"Camisa do Vasco da Gama (Foto: Reprodu\u00e7\u00e3o\/Instagram)"},{"@type":"BreadcrumbList","@id":"https:\/\/www.gaveanews.com\/index.php\/2025\/02\/05\/atitude-questionada-chapeu-de-europeu-e-declaracao-de-carille-as-ultimas-noticias-do-vasco\/#breadcrumb","itemListElement":[{"@type":"ListItem","position":1,"name":"Home","item":"https:\/\/www.gaveanews.com\/"},{"@type":"ListItem","position":2,"name":"Atitude questionada, chap\u00e9u de europeu e declara\u00e7\u00e3o de Carille: as \u00faltimas not\u00edcias do Vasco"}]},{"@type":"WebSite","@id":"https:\/\/www.gaveanews.com\/#website","url":"https:\/\/www.gaveanews.com\/","name":"G\u00e1vea News","description":"Veja todas as not\u00edcias sobre o Flamengo: Contrata\u00e7\u00f5es, categorias de base, resultados das partidas, tabela de classifica\u00e7\u00e3o, pr\u00f3ximos jogos!","potentialAction":[{"@type":"SearchAction","target":{"@type":"EntryPoint","urlTemplate":"https:\/\/www.gaveanews.com\/?s={search_term_string}"},"query-input":{"@type":"PropertyValueSpecification","valueRequired":true,"valueName":"search_term_string"}}],"inLanguage":"pt-BR"},{"@type":"Person","@id":"https:\/\/www.gaveanews.com\/#\/schema\/person\/8207cd4627f56151707418bfc835b2fb","name":"Matheus Felipe","image":{"@type":"ImageObject","inLanguage":"pt-BR","@id":"https:\/\/www.gaveanews.com\/#\/schema\/person\/image\/","url":"https:\/\/secure.gravatar.com\/avatar\/a452ffbed9130f726358b298bb3a99ce4bd3c5338411f8440e87e14d74c7c087?s=96&d=mm&r=g","contentUrl":"https:\/\/secure.gravatar.com\/avatar\/a452ffbed9130f726358b298bb3a99ce4bd3c5338411f8440e87e14d74c7c087?s=96&d=mm&r=g","caption":"Matheus Felipe"}}]}},"_links":{"self":[{"href":"https:\/\/www.gaveanews.com\/index.php\/wp-json\/wp\/v2\/posts\/223462","targetHints":{"allow":["GET"]}}],"collection":[{"href":"https:\/\/www.gaveanews.com\/index.php\/wp-json\/wp\/v2\/posts"}],"about":[{"href":"https:\/\/www.gaveanews.com\/index.php\/wp-json\/wp\/v2\/types\/post"}],"author":[{"embeddable":true,"href":"https:\/\/www.gaveanews.com\/index.php\/wp-json\/wp\/v2\/users\/27"}],"replies":[{"embeddable":true,"href":"https:\/\/www.gaveanews.com\/index.php\/wp-json\/wp\/v2\/comments?post=223462"}],"version-history":[{"count":1,"href":"https:\/\/www.gaveanews.com\/index.php\/wp-json\/wp\/v2\/posts\/223462\/revisions"}],"predecessor-version":[{"id":223465,"href":"https:\/\/www.gaveanews.com\/index.php\/wp-json\/wp\/v2\/posts\/223462\/revisions\/223465"}],"wp:featuredmedia":[{"embeddable":true,"href":"https:\/\/www.gaveanews.com\/index.php\/wp-json\/wp\/v2\/media\/147443"}],"wp:attachment":[{"href":"https:\/\/www.gaveanews.com\/index.php\/wp-json\/wp\/v2\/media?parent=223462"}],"wp:term":[{"taxonomy":"category","embeddable":true,"href":"https:\/\/www.gaveanews.com\/index.php\/wp-json\/wp\/v2\/categories?post=223462"},{"taxonomy":"post_tag","embeddable":true,"href":"https:\/\/www.gaveanews.com\/index.php\/wp-json\/wp\/v2\/tags?post=223462"}],"curies":[{"name":"wp","href":"https:\/\/api.w.org\/{rel}","templated":true}]}}