{"id":223469,"date":"2025-02-05T05:50:00","date_gmt":"2025-02-05T08:50:00","guid":{"rendered":"https:\/\/www.gaveanews.com\/?p=223469"},"modified":"2025-02-05T01:55:33","modified_gmt":"2025-02-05T04:55:33","slug":"saida-de-ancelotti-declaracao-de-cristiano-ronaldo-e-irritacao-de-vini-jr-as-ultimas-noticias-do-real-madrid","status":"publish","type":"post","link":"https:\/\/www.gaveanews.com\/index.php\/2025\/02\/05\/saida-de-ancelotti-declaracao-de-cristiano-ronaldo-e-irritacao-de-vini-jr-as-ultimas-noticias-do-real-madrid\/","title":{"rendered":"Sa\u00edda de Ancelotti, declara\u00e7\u00e3o de Cristiano Ronaldo e irrita\u00e7\u00e3o de Vini Jr: as \u00faltimas not\u00edcias do Real Madrid"},"content":{"rendered":"\n<p>Nas \u00faltimas horas, o foco das not\u00edcias sobre o Real Madrid se concentram nos bastidores do<br>clube, com destaques do dia a dia do time.<\/p>\n\n\n\n<p>Por conta deste contexto, leia abaixo um resumo preparado pela equipe do portal G\u00e1vea News para lhe manter muito bem informado!<\/p>\n\n\n\n<h2 class=\"wp-block-heading\" id=\"h-irritacao-de-vini-jr\">Irrita\u00e7\u00e3o de Vini Jr<\/h2>\n\n\n\n<p>Durante a partida entre Real Madrid e Espanyol, Vin\u00edcius J\u00fanior demonstrou irrita\u00e7\u00e3o com seu companheiro de equipe, Dani Ceballos. O brasileiro se frustrou ap\u00f3s o meia ignorar uma instru\u00e7\u00e3o do t\u00e9cnico Carlo Ancelotti para acion\u00e1-lo na ponta esquerda, o que resultou em um momento de tens\u00e3o capturado pelas c\u00e2meras. A cena viralizou rapidamente nas redes sociais, destacando a insatisfa\u00e7\u00e3o do atacante com a falta de passes em sua dire\u00e7\u00e3o (<strong><a href=\"https:\/\/www.gaveanews.com\/index.php\/2025\/02\/04\/video-vini-jr-perde-a-paciencia-com-jogador-do-real-madrid\/\">leia a mat\u00e9ria completa).<\/a><\/strong><\/p>\n\n\n\n<figure class=\"wp-block-image size-large\"><img loading=\"lazy\" decoding=\"async\" width=\"1024\" height=\"576\" src=\"http:\/\/www.gaveanews.com\/wp-content\/uploads\/vinicius-junior-hat-trick-real-madrid-barcelona-1024x576.webp\" alt=\"\" class=\"wp-image-131354\" srcset=\"https:\/\/www.gaveanews.com\/wp-content\/uploads\/vinicius-junior-hat-trick-real-madrid-barcelona-1024x576.webp 1024w, https:\/\/www.gaveanews.com\/wp-content\/uploads\/vinicius-junior-hat-trick-real-madrid-barcelona-300x169.webp 300w, https:\/\/www.gaveanews.com\/wp-content\/uploads\/vinicius-junior-hat-trick-real-madrid-barcelona-768x432.webp 768w, https:\/\/www.gaveanews.com\/wp-content\/uploads\/vinicius-junior-hat-trick-real-madrid-barcelona-747x420.webp 747w, https:\/\/www.gaveanews.com\/wp-content\/uploads\/vinicius-junior-hat-trick-real-madrid-barcelona-640x360.webp 640w, https:\/\/www.gaveanews.com\/wp-content\/uploads\/vinicius-junior-hat-trick-real-madrid-barcelona-681x383.webp 681w, https:\/\/www.gaveanews.com\/wp-content\/uploads\/vinicius-junior-hat-trick-real-madrid-barcelona-100x56.webp 100w, https:\/\/www.gaveanews.com\/wp-content\/uploads\/vinicius-junior-hat-trick-real-madrid-barcelona.webp 1080w\" sizes=\"auto, (max-width: 1024px) 100vw, 1024px\" \/><figcaption class=\"wp-element-caption\">Vin\u00edcius J\u00fanior comemora gol marcado contra o Barcelona (Foto: Reprodu\u00e7\u00e3o\/Real Madrid)<\/figcaption><\/figure>\n\n\n\n<p>Al\u00e9m do desentendimento com Ceballos, Vini Jr. tamb\u00e9m teve um momento de irrita\u00e7\u00e3o com Fran Garc\u00eda, o que levou Lucas V\u00e1zquez a intervir para acalmar os \u00e2nimos. <\/p>\n\n\n\n<p>O clima tenso foi agravado pela derrota do Real Madrid por 1 a 0, aumentando a press\u00e3o sobre a equipe. Ancelotti tentou corrigir o problema durante a partida, orientando o time a explorar mais o lado esquerdo, mas a mudan\u00e7a n\u00e3o ocorreu no ritmo esperado pelo brasileiro.<\/p>\n\n\n\n<p>O Real Madrid agora se prepara para uma sequ\u00eancia de jogos decisivos, incluindo as quartas de final da Copa do Rei contra o Legan\u00e9s e um confronto direto com o Atl\u00e9tico de Madrid pela lideran\u00e7a de La Liga. Al\u00e9m disso, a equipe enfrentar\u00e1 o Manchester City pela Champions League em 11 de fevereiro, o que torna essencial a recupera\u00e7\u00e3o do time e a harmonia entre os jogadores para manter o alto n\u00edvel competitivo na temporada.<\/p>\n\n\n\n<h2 class=\"wp-block-heading\" id=\"h-declaracao-de-cristiano-ronaldo\">Declara\u00e7\u00e3o de Cristiano Ronaldo<\/h2>\n\n\n\n<p>Cristiano Ronaldo deixou aberta a possibilidade de voltar ao Real Madrid para um jogo simb\u00f3lico de despedida. Em entrevista recente, o craque portugu\u00eas afirmou que n\u00e3o descarta vestir novamente a camisa merengue, destacando o legado que deixou no clube. Embora sem dar certezas, sua fala gerou grande expectativa entre os torcedores madridistas (l<strong><a href=\"https:\/\/www.gaveanews.com\/index.php\/2025\/02\/04\/a-declaracao-de-cristiano-ronaldo-sobre-voltar-ao-real-madrid\/\">eia a mat\u00e9ria completa).<\/a><\/strong><\/p>\n\n\n\n<figure class=\"wp-block-image size-large\"><img loading=\"lazy\" decoding=\"async\" width=\"1024\" height=\"682\" src=\"http:\/\/www.gaveanews.com\/wp-content\/uploads\/Cristiano-Ronaldo-com-a-camisa-do-Al-Nassr-em-2024-1024x682.webp\" alt=\"\" class=\"wp-image-167469\" srcset=\"https:\/\/www.gaveanews.com\/wp-content\/uploads\/Cristiano-Ronaldo-com-a-camisa-do-Al-Nassr-em-2024-1024x682.webp 1024w, https:\/\/www.gaveanews.com\/wp-content\/uploads\/Cristiano-Ronaldo-com-a-camisa-do-Al-Nassr-em-2024-300x200.webp 300w, https:\/\/www.gaveanews.com\/wp-content\/uploads\/Cristiano-Ronaldo-com-a-camisa-do-Al-Nassr-em-2024-768x512.webp 768w, https:\/\/www.gaveanews.com\/wp-content\/uploads\/Cristiano-Ronaldo-com-a-camisa-do-Al-Nassr-em-2024-630x420.webp 630w, https:\/\/www.gaveanews.com\/wp-content\/uploads\/Cristiano-Ronaldo-com-a-camisa-do-Al-Nassr-em-2024-1260x840.webp 1260w, https:\/\/www.gaveanews.com\/wp-content\/uploads\/Cristiano-Ronaldo-com-a-camisa-do-Al-Nassr-em-2024-640x427.webp 640w, https:\/\/www.gaveanews.com\/wp-content\/uploads\/Cristiano-Ronaldo-com-a-camisa-do-Al-Nassr-em-2024-1280x853.webp 1280w, https:\/\/www.gaveanews.com\/wp-content\/uploads\/Cristiano-Ronaldo-com-a-camisa-do-Al-Nassr-em-2024-681x454.webp 681w, https:\/\/www.gaveanews.com\/wp-content\/uploads\/Cristiano-Ronaldo-com-a-camisa-do-Al-Nassr-em-2024-1362x908.webp 1362w, https:\/\/www.gaveanews.com\/wp-content\/uploads\/Cristiano-Ronaldo-com-a-camisa-do-Al-Nassr-em-2024-100x67.webp 100w, https:\/\/www.gaveanews.com\/wp-content\/uploads\/Cristiano-Ronaldo-com-a-camisa-do-Al-Nassr-em-2024.webp 1397w\" sizes=\"auto, (max-width: 1024px) 100vw, 1024px\" \/><figcaption class=\"wp-element-caption\">Cristiano Ronaldo com a camisa do Al Nassr em 2024 (Foto: Reprodu\u00e7\u00e3o\/Al Nassr)<\/figcaption><\/figure>\n\n\n\n<p>Ronaldo tamb\u00e9m sugeriu a realiza\u00e7\u00e3o de um evento grandioso no Santiago Bernab\u00e9u ap\u00f3s o fim de sua carreira, mencionando a possibilidade de uma celebra\u00e7\u00e3o para 80 mil pessoas. Ele refor\u00e7ou que seu v\u00ednculo com o Real Madrid \u00e9 eterno e que um evento desse porte seria a maneira ideal de encerrar sua trajet\u00f3ria no clube onde conquistou quatro Ligas dos Campe\u00f5es e se tornou o maior artilheiro da hist\u00f3ria.<\/p>\n\n\n\n<p>Atualmente no Al-Nassr, Cristiano segue focado em sua carreira, mas seu carinho pelo Real Madrid permanece evidente. A ideia de um retorno, mesmo que apenas para um jogo festivo, refor\u00e7a a conex\u00e3o duradoura entre o jogador e a torcida merengue.<\/p>\n\n\n\n<h2 class=\"wp-block-heading\" id=\"h-saida-de-ancelotti\">Sa\u00edda de Ancelotti<\/h2>\n\n\n\n<p>A Roma est\u00e1 disposta a fazer uma investida para tirar Carlo Ancelotti do comando do Real Madrid. Segundo o jornal espanhol <em>As<\/em>, os propriet\u00e1rios do clube italiano, liderados pelo bilion\u00e1rio Dan Friedkin, j\u00e1 se encontraram pessoalmente com o treinador para apresentar um projeto ambicioso e uma proposta financeira atrativa. A equipe romana busca estabilidade ap\u00f3s diversas trocas no comando t\u00e9cnico e v\u00ea Ancelotti como o nome ideal para recuperar o protagonismo no futebol europeu <strong><a href=\"https:\/\/www.gaveanews.com\/index.php\/2025\/02\/04\/time-da-europa-prepara-oferta-para-tirar-ancelotti-do-real-madrid\/\">(leia a mat\u00e9ria completa).<\/a><\/strong><\/p>\n\n\n\n<figure class=\"wp-block-image size-full\"><img loading=\"lazy\" decoding=\"async\" width=\"984\" height=\"678\" src=\"http:\/\/www.gaveanews.com\/wp-content\/uploads\/2023-04-29t184531z-1598421574-up1ej4t1g3tth-rtrmadp-3-soccer-spain-mad-uda-report.webp\" alt=\"\" class=\"wp-image-119629\" srcset=\"https:\/\/www.gaveanews.com\/wp-content\/uploads\/2023-04-29t184531z-1598421574-up1ej4t1g3tth-rtrmadp-3-soccer-spain-mad-uda-report.webp 984w, https:\/\/www.gaveanews.com\/wp-content\/uploads\/2023-04-29t184531z-1598421574-up1ej4t1g3tth-rtrmadp-3-soccer-spain-mad-uda-report-300x207.webp 300w, https:\/\/www.gaveanews.com\/wp-content\/uploads\/2023-04-29t184531z-1598421574-up1ej4t1g3tth-rtrmadp-3-soccer-spain-mad-uda-report-768x529.webp 768w, https:\/\/www.gaveanews.com\/wp-content\/uploads\/2023-04-29t184531z-1598421574-up1ej4t1g3tth-rtrmadp-3-soccer-spain-mad-uda-report-610x420.webp 610w, https:\/\/www.gaveanews.com\/wp-content\/uploads\/2023-04-29t184531z-1598421574-up1ej4t1g3tth-rtrmadp-3-soccer-spain-mad-uda-report-640x441.webp 640w, https:\/\/www.gaveanews.com\/wp-content\/uploads\/2023-04-29t184531z-1598421574-up1ej4t1g3tth-rtrmadp-3-soccer-spain-mad-uda-report-681x469.webp 681w, https:\/\/www.gaveanews.com\/wp-content\/uploads\/2023-04-29t184531z-1598421574-up1ej4t1g3tth-rtrmadp-3-soccer-spain-mad-uda-report-100x69.webp 100w\" sizes=\"auto, (max-width: 984px) 100vw, 984px\" \/><figcaption class=\"wp-element-caption\">Carlo Ancelotti, t\u00e9cnico do Real Madrid (Foto: Reuters)<\/figcaption><\/figure>\n\n\n\n<p>Ancelotti tem uma forte liga\u00e7\u00e3o com a Roma, onde atuou como jogador entre 1979 e 1987, conquistando quatro Copas da It\u00e1lia e um Campeonato Italiano. Apesar do interesse, o treinador enfrenta um momento delicado no Real Madrid, recebendo cr\u00edticas tanto pelo desempenho do time quanto por algumas de suas decis\u00f5es t\u00e1ticas, como a utiliza\u00e7\u00e3o de Tchouam\u00e9ni na defesa e a falta de minutos concedidos a Endrick.<\/p>\n\n\n\n<p>A indefini\u00e7\u00e3o sobre o futuro de Ancelotti deve se estender pelos pr\u00f3ximos meses, j\u00e1 que ele tamb\u00e9m \u00e9 cogitado para assumir a sele\u00e7\u00e3o brasileira no futuro. No entanto, a Roma acredita que pode convenc\u00ea-lo a retornar \u00e0 It\u00e1lia, oferecendo um projeto de longo prazo e a oportunidade de comandar um clube pelo qual tem grande identifica\u00e7\u00e3o.<\/p>\n","protected":false},"excerpt":{"rendered":"<p>Nas \u00faltimas horas, o foco das not\u00edcias sobre o Real Madrid se concentram nos bastidores doclube, com destaques do dia a dia do time. Por conta deste contexto, leia abaixo um resumo preparado pela equipe do portal G\u00e1vea News para lhe manter muito bem informado! Irrita\u00e7\u00e3o de Vini Jr Durante a partida entre Real Madrid [&hellip;]<\/p>\n","protected":false},"author":27,"featured_media":120916,"comment_status":"open","ping_status":"closed","sticky":false,"template":"","format":"standard","meta":{"footnotes":""},"categories":[88],"tags":[],"class_list":["post-223469","post","type-post","status-publish","format-standard","has-post-thumbnail","hentry","category-real-madrid"],"yoast_head":"<!-- This site is optimized with the Yoast SEO Premium plugin v24.2 (Yoast SEO v26.9) - https:\/\/yoast.com\/product\/yoast-seo-premium-wordpress\/ -->\n<title>Sa\u00edda de Ancelotti, declara\u00e7\u00e3o de Cristiano Ronaldo e irrita\u00e7\u00e3o de Vini Jr: as \u00faltimas not\u00edcias do Real Madrid<\/title>\n<meta name=\"robots\" content=\"index, follow, max-snippet:-1, max-image-preview:large, max-video-preview:-1\" \/>\n<link rel=\"canonical\" href=\"https:\/\/www.gaveanews.com\/index.php\/2025\/02\/05\/saida-de-ancelotti-declaracao-de-cristiano-ronaldo-e-irritacao-de-vini-jr-as-ultimas-noticias-do-real-madrid\/\" \/>\n<meta property=\"og:locale\" content=\"pt_BR\" \/>\n<meta property=\"og:type\" content=\"article\" \/>\n<meta property=\"og:title\" content=\"Sa\u00edda de Ancelotti, declara\u00e7\u00e3o de Cristiano Ronaldo e irrita\u00e7\u00e3o de Vini Jr: as \u00faltimas not\u00edcias do Real Madrid\" \/>\n<meta property=\"og:description\" content=\"Nas \u00faltimas horas, o foco das not\u00edcias sobre o Real Madrid se concentram nos bastidores doclube, com destaques do dia a dia do time. Por conta deste contexto, leia abaixo um resumo preparado pela equipe do portal G\u00e1vea News para lhe manter muito bem informado! Irrita\u00e7\u00e3o de Vini Jr Durante a partida entre Real Madrid [&hellip;]\" \/>\n<meta property=\"og:url\" content=\"https:\/\/www.gaveanews.com\/index.php\/2025\/02\/05\/saida-de-ancelotti-declaracao-de-cristiano-ronaldo-e-irritacao-de-vini-jr-as-ultimas-noticias-do-real-madrid\/\" \/>\n<meta property=\"og:site_name\" content=\"G\u00e1vea News\" \/>\n<meta property=\"article:publisher\" content=\"https:\/\/facebook.com\/gaveaNews\/\" \/>\n<meta property=\"article:published_time\" content=\"2025-02-05T08:50:00+00:00\" \/>\n<meta property=\"og:image\" content=\"https:\/\/www.gaveanews.com\/wp-content\/uploads\/real-madrid.webp\" \/>\n\t<meta property=\"og:image:width\" content=\"906\" \/>\n\t<meta property=\"og:image:height\" content=\"509\" \/>\n\t<meta property=\"og:image:type\" content=\"image\/jpeg\" \/>\n<meta name=\"author\" content=\"Matheus Felipe\" \/>\n<meta name=\"twitter:card\" content=\"summary_large_image\" \/>\n<meta name=\"twitter:label1\" content=\"Escrito por\" \/>\n\t<meta name=\"twitter:data1\" content=\"Matheus Felipe\" \/>\n\t<meta name=\"twitter:label2\" content=\"Est. tempo de leitura\" \/>\n\t<meta name=\"twitter:data2\" content=\"5 minutos\" \/>\n<script type=\"application\/ld+json\" class=\"yoast-schema-graph\">{\"@context\":\"https:\/\/schema.org\",\"@graph\":[{\"@type\":\"NewsArticle\",\"@id\":\"https:\/\/www.gaveanews.com\/index.php\/2025\/02\/05\/saida-de-ancelotti-declaracao-de-cristiano-ronaldo-e-irritacao-de-vini-jr-as-ultimas-noticias-do-real-madrid\/#article\",\"isPartOf\":{\"@id\":\"https:\/\/www.gaveanews.com\/index.php\/2025\/02\/05\/saida-de-ancelotti-declaracao-de-cristiano-ronaldo-e-irritacao-de-vini-jr-as-ultimas-noticias-do-real-madrid\/\"},\"author\":{\"name\":\"Matheus Felipe\",\"@id\":\"https:\/\/www.gaveanews.com\/#\/schema\/person\/8207cd4627f56151707418bfc835b2fb\"},\"headline\":\"Sa\u00edda de Ancelotti, declara\u00e7\u00e3o de Cristiano Ronaldo e irrita\u00e7\u00e3o de Vini Jr: as \u00faltimas not\u00edcias do Real Madrid\",\"datePublished\":\"2025-02-05T08:50:00+00:00\",\"mainEntityOfPage\":{\"@id\":\"https:\/\/www.gaveanews.com\/index.php\/2025\/02\/05\/saida-de-ancelotti-declaracao-de-cristiano-ronaldo-e-irritacao-de-vini-jr-as-ultimas-noticias-do-real-madrid\/\"},\"wordCount\":762,\"commentCount\":0,\"image\":{\"@id\":\"https:\/\/www.gaveanews.com\/index.php\/2025\/02\/05\/saida-de-ancelotti-declaracao-de-cristiano-ronaldo-e-irritacao-de-vini-jr-as-ultimas-noticias-do-real-madrid\/#primaryimage\"},\"thumbnailUrl\":\"https:\/\/www.gaveanews.com\/wp-content\/uploads\/real-madrid.webp\",\"articleSection\":[\"Real Madrid\"],\"inLanguage\":\"pt-BR\",\"potentialAction\":[{\"@type\":\"CommentAction\",\"name\":\"Comment\",\"target\":[\"https:\/\/www.gaveanews.com\/index.php\/2025\/02\/05\/saida-de-ancelotti-declaracao-de-cristiano-ronaldo-e-irritacao-de-vini-jr-as-ultimas-noticias-do-real-madrid\/#respond\"]}],\"copyrightYear\":\"2025\",\"copyrightHolder\":{\"@id\":\"https:\/\/www.gaveanews.com\/#organization\"}},{\"@type\":\"WebPage\",\"@id\":\"https:\/\/www.gaveanews.com\/index.php\/2025\/02\/05\/saida-de-ancelotti-declaracao-de-cristiano-ronaldo-e-irritacao-de-vini-jr-as-ultimas-noticias-do-real-madrid\/\",\"url\":\"https:\/\/www.gaveanews.com\/index.php\/2025\/02\/05\/saida-de-ancelotti-declaracao-de-cristiano-ronaldo-e-irritacao-de-vini-jr-as-ultimas-noticias-do-real-madrid\/\",\"name\":\"Sa\u00edda de Ancelotti, declara\u00e7\u00e3o de Cristiano Ronaldo e irrita\u00e7\u00e3o de Vini Jr: as \u00faltimas not\u00edcias do Real Madrid\",\"isPartOf\":{\"@id\":\"https:\/\/www.gaveanews.com\/#website\"},\"primaryImageOfPage\":{\"@id\":\"https:\/\/www.gaveanews.com\/index.php\/2025\/02\/05\/saida-de-ancelotti-declaracao-de-cristiano-ronaldo-e-irritacao-de-vini-jr-as-ultimas-noticias-do-real-madrid\/#primaryimage\"},\"image\":{\"@id\":\"https:\/\/www.gaveanews.com\/index.php\/2025\/02\/05\/saida-de-ancelotti-declaracao-de-cristiano-ronaldo-e-irritacao-de-vini-jr-as-ultimas-noticias-do-real-madrid\/#primaryimage\"},\"thumbnailUrl\":\"https:\/\/www.gaveanews.com\/wp-content\/uploads\/real-madrid.webp\",\"datePublished\":\"2025-02-05T08:50:00+00:00\",\"author\":{\"@id\":\"https:\/\/www.gaveanews.com\/#\/schema\/person\/8207cd4627f56151707418bfc835b2fb\"},\"breadcrumb\":{\"@id\":\"https:\/\/www.gaveanews.com\/index.php\/2025\/02\/05\/saida-de-ancelotti-declaracao-de-cristiano-ronaldo-e-irritacao-de-vini-jr-as-ultimas-noticias-do-real-madrid\/#breadcrumb\"},\"inLanguage\":\"pt-BR\",\"potentialAction\":[{\"@type\":\"ReadAction\",\"target\":[\"https:\/\/www.gaveanews.com\/index.php\/2025\/02\/05\/saida-de-ancelotti-declaracao-de-cristiano-ronaldo-e-irritacao-de-vini-jr-as-ultimas-noticias-do-real-madrid\/\"]}]},{\"@type\":\"ImageObject\",\"inLanguage\":\"pt-BR\",\"@id\":\"https:\/\/www.gaveanews.com\/index.php\/2025\/02\/05\/saida-de-ancelotti-declaracao-de-cristiano-ronaldo-e-irritacao-de-vini-jr-as-ultimas-noticias-do-real-madrid\/#primaryimage\",\"url\":\"https:\/\/www.gaveanews.com\/wp-content\/uploads\/real-madrid.webp\",\"contentUrl\":\"https:\/\/www.gaveanews.com\/wp-content\/uploads\/real-madrid.webp\",\"width\":906,\"height\":509,\"caption\":\"Escudo do Real Madrid (Foto: Reprodu\u00e7\u00e3o)\"},{\"@type\":\"BreadcrumbList\",\"@id\":\"https:\/\/www.gaveanews.com\/index.php\/2025\/02\/05\/saida-de-ancelotti-declaracao-de-cristiano-ronaldo-e-irritacao-de-vini-jr-as-ultimas-noticias-do-real-madrid\/#breadcrumb\",\"itemListElement\":[{\"@type\":\"ListItem\",\"position\":1,\"name\":\"Home\",\"item\":\"https:\/\/www.gaveanews.com\/\"},{\"@type\":\"ListItem\",\"position\":2,\"name\":\"Sa\u00edda de Ancelotti, declara\u00e7\u00e3o de Cristiano Ronaldo e irrita\u00e7\u00e3o de Vini Jr: as \u00faltimas not\u00edcias do Real Madrid\"}]},{\"@type\":\"WebSite\",\"@id\":\"https:\/\/www.gaveanews.com\/#website\",\"url\":\"https:\/\/www.gaveanews.com\/\",\"name\":\"G\u00e1vea News\",\"description\":\"Veja todas as not\u00edcias sobre o Flamengo: Contrata\u00e7\u00f5es, categorias de base, resultados das partidas, tabela de classifica\u00e7\u00e3o, pr\u00f3ximos jogos!\",\"potentialAction\":[{\"@type\":\"SearchAction\",\"target\":{\"@type\":\"EntryPoint\",\"urlTemplate\":\"https:\/\/www.gaveanews.com\/?s={search_term_string}\"},\"query-input\":{\"@type\":\"PropertyValueSpecification\",\"valueRequired\":true,\"valueName\":\"search_term_string\"}}],\"inLanguage\":\"pt-BR\"},{\"@type\":\"Person\",\"@id\":\"https:\/\/www.gaveanews.com\/#\/schema\/person\/8207cd4627f56151707418bfc835b2fb\",\"name\":\"Matheus Felipe\",\"image\":{\"@type\":\"ImageObject\",\"inLanguage\":\"pt-BR\",\"@id\":\"https:\/\/www.gaveanews.com\/#\/schema\/person\/image\/\",\"url\":\"https:\/\/secure.gravatar.com\/avatar\/a452ffbed9130f726358b298bb3a99ce4bd3c5338411f8440e87e14d74c7c087?s=96&d=mm&r=g\",\"contentUrl\":\"https:\/\/secure.gravatar.com\/avatar\/a452ffbed9130f726358b298bb3a99ce4bd3c5338411f8440e87e14d74c7c087?s=96&d=mm&r=g\",\"caption\":\"Matheus Felipe\"}}]}<\/script>\n<!-- \/ Yoast SEO Premium plugin. -->","yoast_head_json":{"title":"Sa\u00edda de Ancelotti, declara\u00e7\u00e3o de Cristiano Ronaldo e irrita\u00e7\u00e3o de Vini Jr: as \u00faltimas not\u00edcias do Real Madrid","robots":{"index":"index","follow":"follow","max-snippet":"max-snippet:-1","max-image-preview":"max-image-preview:large","max-video-preview":"max-video-preview:-1"},"canonical":"https:\/\/www.gaveanews.com\/index.php\/2025\/02\/05\/saida-de-ancelotti-declaracao-de-cristiano-ronaldo-e-irritacao-de-vini-jr-as-ultimas-noticias-do-real-madrid\/","og_locale":"pt_BR","og_type":"article","og_title":"Sa\u00edda de Ancelotti, declara\u00e7\u00e3o de Cristiano Ronaldo e irrita\u00e7\u00e3o de Vini Jr: as \u00faltimas not\u00edcias do Real Madrid","og_description":"Nas \u00faltimas horas, o foco das not\u00edcias sobre o Real Madrid se concentram nos bastidores doclube, com destaques do dia a dia do time. Por conta deste contexto, leia abaixo um resumo preparado pela equipe do portal G\u00e1vea News para lhe manter muito bem informado! Irrita\u00e7\u00e3o de Vini Jr Durante a partida entre Real Madrid [&hellip;]","og_url":"https:\/\/www.gaveanews.com\/index.php\/2025\/02\/05\/saida-de-ancelotti-declaracao-de-cristiano-ronaldo-e-irritacao-de-vini-jr-as-ultimas-noticias-do-real-madrid\/","og_site_name":"G\u00e1vea News","article_publisher":"https:\/\/facebook.com\/gaveaNews\/","article_published_time":"2025-02-05T08:50:00+00:00","og_image":[{"width":906,"height":509,"url":"https:\/\/www.gaveanews.com\/wp-content\/uploads\/real-madrid.webp","type":"image\/jpeg"}],"author":"Matheus Felipe","twitter_card":"summary_large_image","twitter_misc":{"Escrito por":"Matheus Felipe","Est. tempo de leitura":"5 minutos"},"schema":{"@context":"https:\/\/schema.org","@graph":[{"@type":"NewsArticle","@id":"https:\/\/www.gaveanews.com\/index.php\/2025\/02\/05\/saida-de-ancelotti-declaracao-de-cristiano-ronaldo-e-irritacao-de-vini-jr-as-ultimas-noticias-do-real-madrid\/#article","isPartOf":{"@id":"https:\/\/www.gaveanews.com\/index.php\/2025\/02\/05\/saida-de-ancelotti-declaracao-de-cristiano-ronaldo-e-irritacao-de-vini-jr-as-ultimas-noticias-do-real-madrid\/"},"author":{"name":"Matheus Felipe","@id":"https:\/\/www.gaveanews.com\/#\/schema\/person\/8207cd4627f56151707418bfc835b2fb"},"headline":"Sa\u00edda de Ancelotti, declara\u00e7\u00e3o de Cristiano Ronaldo e irrita\u00e7\u00e3o de Vini Jr: as \u00faltimas not\u00edcias do Real Madrid","datePublished":"2025-02-05T08:50:00+00:00","mainEntityOfPage":{"@id":"https:\/\/www.gaveanews.com\/index.php\/2025\/02\/05\/saida-de-ancelotti-declaracao-de-cristiano-ronaldo-e-irritacao-de-vini-jr-as-ultimas-noticias-do-real-madrid\/"},"wordCount":762,"commentCount":0,"image":{"@id":"https:\/\/www.gaveanews.com\/index.php\/2025\/02\/05\/saida-de-ancelotti-declaracao-de-cristiano-ronaldo-e-irritacao-de-vini-jr-as-ultimas-noticias-do-real-madrid\/#primaryimage"},"thumbnailUrl":"https:\/\/www.gaveanews.com\/wp-content\/uploads\/real-madrid.webp","articleSection":["Real Madrid"],"inLanguage":"pt-BR","potentialAction":[{"@type":"CommentAction","name":"Comment","target":["https:\/\/www.gaveanews.com\/index.php\/2025\/02\/05\/saida-de-ancelotti-declaracao-de-cristiano-ronaldo-e-irritacao-de-vini-jr-as-ultimas-noticias-do-real-madrid\/#respond"]}],"copyrightYear":"2025","copyrightHolder":{"@id":"https:\/\/www.gaveanews.com\/#organization"}},{"@type":"WebPage","@id":"https:\/\/www.gaveanews.com\/index.php\/2025\/02\/05\/saida-de-ancelotti-declaracao-de-cristiano-ronaldo-e-irritacao-de-vini-jr-as-ultimas-noticias-do-real-madrid\/","url":"https:\/\/www.gaveanews.com\/index.php\/2025\/02\/05\/saida-de-ancelotti-declaracao-de-cristiano-ronaldo-e-irritacao-de-vini-jr-as-ultimas-noticias-do-real-madrid\/","name":"Sa\u00edda de Ancelotti, declara\u00e7\u00e3o de Cristiano Ronaldo e irrita\u00e7\u00e3o de Vini Jr: as \u00faltimas not\u00edcias do Real Madrid","isPartOf":{"@id":"https:\/\/www.gaveanews.com\/#website"},"primaryImageOfPage":{"@id":"https:\/\/www.gaveanews.com\/index.php\/2025\/02\/05\/saida-de-ancelotti-declaracao-de-cristiano-ronaldo-e-irritacao-de-vini-jr-as-ultimas-noticias-do-real-madrid\/#primaryimage"},"image":{"@id":"https:\/\/www.gaveanews.com\/index.php\/2025\/02\/05\/saida-de-ancelotti-declaracao-de-cristiano-ronaldo-e-irritacao-de-vini-jr-as-ultimas-noticias-do-real-madrid\/#primaryimage"},"thumbnailUrl":"https:\/\/www.gaveanews.com\/wp-content\/uploads\/real-madrid.webp","datePublished":"2025-02-05T08:50:00+00:00","author":{"@id":"https:\/\/www.gaveanews.com\/#\/schema\/person\/8207cd4627f56151707418bfc835b2fb"},"breadcrumb":{"@id":"https:\/\/www.gaveanews.com\/index.php\/2025\/02\/05\/saida-de-ancelotti-declaracao-de-cristiano-ronaldo-e-irritacao-de-vini-jr-as-ultimas-noticias-do-real-madrid\/#breadcrumb"},"inLanguage":"pt-BR","potentialAction":[{"@type":"ReadAction","target":["https:\/\/www.gaveanews.com\/index.php\/2025\/02\/05\/saida-de-ancelotti-declaracao-de-cristiano-ronaldo-e-irritacao-de-vini-jr-as-ultimas-noticias-do-real-madrid\/"]}]},{"@type":"ImageObject","inLanguage":"pt-BR","@id":"https:\/\/www.gaveanews.com\/index.php\/2025\/02\/05\/saida-de-ancelotti-declaracao-de-cristiano-ronaldo-e-irritacao-de-vini-jr-as-ultimas-noticias-do-real-madrid\/#primaryimage","url":"https:\/\/www.gaveanews.com\/wp-content\/uploads\/real-madrid.webp","contentUrl":"https:\/\/www.gaveanews.com\/wp-content\/uploads\/real-madrid.webp","width":906,"height":509,"caption":"Escudo do Real Madrid (Foto: Reprodu\u00e7\u00e3o)"},{"@type":"BreadcrumbList","@id":"https:\/\/www.gaveanews.com\/index.php\/2025\/02\/05\/saida-de-ancelotti-declaracao-de-cristiano-ronaldo-e-irritacao-de-vini-jr-as-ultimas-noticias-do-real-madrid\/#breadcrumb","itemListElement":[{"@type":"ListItem","position":1,"name":"Home","item":"https:\/\/www.gaveanews.com\/"},{"@type":"ListItem","position":2,"name":"Sa\u00edda de Ancelotti, declara\u00e7\u00e3o de Cristiano Ronaldo e irrita\u00e7\u00e3o de Vini Jr: as \u00faltimas not\u00edcias do Real Madrid"}]},{"@type":"WebSite","@id":"https:\/\/www.gaveanews.com\/#website","url":"https:\/\/www.gaveanews.com\/","name":"G\u00e1vea News","description":"Veja todas as not\u00edcias sobre o Flamengo: Contrata\u00e7\u00f5es, categorias de base, resultados das partidas, tabela de classifica\u00e7\u00e3o, pr\u00f3ximos jogos!","potentialAction":[{"@type":"SearchAction","target":{"@type":"EntryPoint","urlTemplate":"https:\/\/www.gaveanews.com\/?s={search_term_string}"},"query-input":{"@type":"PropertyValueSpecification","valueRequired":true,"valueName":"search_term_string"}}],"inLanguage":"pt-BR"},{"@type":"Person","@id":"https:\/\/www.gaveanews.com\/#\/schema\/person\/8207cd4627f56151707418bfc835b2fb","name":"Matheus Felipe","image":{"@type":"ImageObject","inLanguage":"pt-BR","@id":"https:\/\/www.gaveanews.com\/#\/schema\/person\/image\/","url":"https:\/\/secure.gravatar.com\/avatar\/a452ffbed9130f726358b298bb3a99ce4bd3c5338411f8440e87e14d74c7c087?s=96&d=mm&r=g","contentUrl":"https:\/\/secure.gravatar.com\/avatar\/a452ffbed9130f726358b298bb3a99ce4bd3c5338411f8440e87e14d74c7c087?s=96&d=mm&r=g","caption":"Matheus Felipe"}}]}},"_links":{"self":[{"href":"https:\/\/www.gaveanews.com\/index.php\/wp-json\/wp\/v2\/posts\/223469","targetHints":{"allow":["GET"]}}],"collection":[{"href":"https:\/\/www.gaveanews.com\/index.php\/wp-json\/wp\/v2\/posts"}],"about":[{"href":"https:\/\/www.gaveanews.com\/index.php\/wp-json\/wp\/v2\/types\/post"}],"author":[{"embeddable":true,"href":"https:\/\/www.gaveanews.com\/index.php\/wp-json\/wp\/v2\/users\/27"}],"replies":[{"embeddable":true,"href":"https:\/\/www.gaveanews.com\/index.php\/wp-json\/wp\/v2\/comments?post=223469"}],"version-history":[{"count":1,"href":"https:\/\/www.gaveanews.com\/index.php\/wp-json\/wp\/v2\/posts\/223469\/revisions"}],"predecessor-version":[{"id":223471,"href":"https:\/\/www.gaveanews.com\/index.php\/wp-json\/wp\/v2\/posts\/223469\/revisions\/223471"}],"wp:featuredmedia":[{"embeddable":true,"href":"https:\/\/www.gaveanews.com\/index.php\/wp-json\/wp\/v2\/media\/120916"}],"wp:attachment":[{"href":"https:\/\/www.gaveanews.com\/index.php\/wp-json\/wp\/v2\/media?parent=223469"}],"wp:term":[{"taxonomy":"category","embeddable":true,"href":"https:\/\/www.gaveanews.com\/index.php\/wp-json\/wp\/v2\/categories?post=223469"},{"taxonomy":"post_tag","embeddable":true,"href":"https:\/\/www.gaveanews.com\/index.php\/wp-json\/wp\/v2\/tags?post=223469"}],"curies":[{"name":"wp","href":"https:\/\/api.w.org\/{rel}","templated":true}]}}