{"id":223555,"date":"2025-02-05T13:40:28","date_gmt":"2025-02-05T16:40:28","guid":{"rendered":"https:\/\/www.gaveanews.com\/?p=223555"},"modified":"2025-02-05T13:25:51","modified_gmt":"2025-02-05T16:25:51","slug":"atletico-mg-perde-jogador-importante-para-o-classico-contra-o-cruzeiro","status":"publish","type":"post","link":"https:\/\/www.gaveanews.com\/index.php\/2025\/02\/05\/atletico-mg-perde-jogador-importante-para-o-classico-contra-o-cruzeiro\/","title":{"rendered":"Atl\u00e9tico-MG perde jogador importante para o cl\u00e1ssico contra o Cruzeiro"},"content":{"rendered":"\n<h2 class=\"wp-block-heading\" id=\"h-junior-santos-e-expulso-e-desfalca-atletico-em-classico\">J\u00fanior Santos \u00e9 expulso e desfalca Atl\u00e9tico em cl\u00e1ssico\u00a0<\/h2>\n\n\n\n<p>J\u00fanior Santos, o principal refor\u00e7o do Atl\u00e9tico para 2025, n\u00e3o estar\u00e1 presente no cl\u00e1ssico de domingo que vem. O atacante foi expulso na vit\u00f3ria por 1 a 0 sobre o Athletic, nesta ter\u00e7a-feira (4), no Mineir\u00e3o, em partida v\u00e1lida pela sexta rodada do Campeonato Mineiro, e est\u00e1 fora da partida contra o Cruzeiro, marcada para as 16h (hor\u00e1rio de Bras\u00edlia), no mesmo est\u00e1dio Gigante da Pampulha. O jogador de n\u00famero 37 foi penalizado com dois cart\u00f5es amarelos e, consequentemente, com o vermelho.<\/p>\n\n\n\n<p>O segundo cart\u00e3o amarelo apareceu j\u00e1 nos momentos finais do per\u00edodo final. No incidente, J\u00fanior Santos deu um pis\u00e3o em um atleta advers\u00e1rio e recebeu uma puni\u00e7\u00e3o do \u00e1rbitro.<\/p>\n\n\n\n<p>Apenas o terceiro jogo do atleta com a camisa do Galo foi realizado. No jogo contra o Athletic, o ex-Botafogo iniciou no banco de reservas, mas entrou durante o primeiro tempo, devido a uma les\u00e3o de Tom\u00e1s Cuello.<\/p>\n\n\n\n<figure class=\"wp-block-embed is-type-photo is-provider-flickr wp-block-embed-flickr\"><div class=\"wp-block-embed__wrapper\">\n<a href=\"https:\/\/www.flickr.com\/photos\/201636948@N07\/54308713254\/in\/dateposted-public\/\"><img loading=\"lazy\" decoding=\"async\" src=\"https:\/\/live.staticflickr.com\/65535\/54308713254_75fb63b43f_z.webp\" alt=\"54306866457_565be0b261_c-570x321\" width=\"570\" height=\"321\" \/><\/a>\n<\/div><\/figure>\n\n\n\n<p>Depois do jogo, o atleta elucidou a jogada e afirmou que n\u00e3o concordou com a decis\u00e3o do juiz de aplicar o segundo cart\u00e3o amarelo.<\/p>\n\n\n\n<p>\u00a0\u201cSempre joguei aqui no Brasil e nunca havia sido expulso ou fiquei tomando cart\u00e3o. No primeiro lance eu s\u00f3 toquei na bola e ele me amarelou. No segundo lance n\u00e3o me recordo, mas eu recebi uma falta e n\u00e3o sei se toquei no advers\u00e1rio. Foi uma expuls\u00e3o precipitada\u201d, disse o atacante do Atl\u00e9tico.\u00a0<\/p>\n\n\n\n<p>Embora tenha come\u00e7ado a partida no banco de reservas, o atacante teve que entrar em campo ainda no primeiro tempo, devido a uma les\u00e3o sofrida pelo argentino Cuello e a necessidade de ser substitu\u00eddo.<\/p>\n\n\n\n<p>J\u00fanior Santos foi advertido com dois cart\u00f5es amarelos. O primeiro aconteceu aos seis minutos da etapa complementar, ap\u00f3s uma falta vigorosa no meio campo. O segundo ocorreu nos minutos finais, aos 49 minutos. Durante um jogo de futebol, o magistrado considerou que o atacante agiu com mais viol\u00eancia e aplicou o segundo cart\u00e3o amarelo.<\/p>\n\n\n\n<p>\u201cEntrei no jogo com muita vontade de ajudar na marca\u00e7\u00e3o, ajudar meus companheiros. Infelizmente fui expulso, n\u00e3o vou participar no cl\u00e1ssico, mas o juiz se precipitou em me expulsar. O primeiro lance j\u00e1 havia sido parado\u201d, contou o jogador.&nbsp;<\/p>\n","protected":false},"excerpt":{"rendered":"<p>J\u00fanior Santos \u00e9 expulso e desfalca Atl\u00e9tico em cl\u00e1ssico\u00a0 J\u00fanior Santos, o principal refor\u00e7o do Atl\u00e9tico para 2025, n\u00e3o estar\u00e1 presente no cl\u00e1ssico de domingo que vem. O atacante foi expulso na vit\u00f3ria por 1 a 0 sobre o Athletic, nesta ter\u00e7a-feira (4), no Mineir\u00e3o, em partida v\u00e1lida pela sexta rodada do Campeonato Mineiro, e [&hellip;]<\/p>\n","protected":false},"author":16,"featured_media":153999,"comment_status":"open","ping_status":"closed","sticky":false,"template":"","format":"standard","meta":{"footnotes":""},"categories":[136],"tags":[],"class_list":["post-223555","post","type-post","status-publish","format-standard","has-post-thumbnail","hentry","category-atletico-mg"],"yoast_head":"<!-- This site is optimized with the Yoast SEO Premium plugin v24.2 (Yoast SEO v26.9) - https:\/\/yoast.com\/product\/yoast-seo-premium-wordpress\/ -->\n<title>Atl\u00e9tico-MG perde jogador importante para o cl\u00e1ssico contra o Cruzeiro<\/title>\n<meta name=\"robots\" content=\"index, follow, max-snippet:-1, max-image-preview:large, max-video-preview:-1\" \/>\n<link rel=\"canonical\" href=\"https:\/\/www.gaveanews.com\/index.php\/2025\/02\/05\/atletico-mg-perde-jogador-importante-para-o-classico-contra-o-cruzeiro\/\" \/>\n<meta property=\"og:locale\" content=\"pt_BR\" \/>\n<meta property=\"og:type\" content=\"article\" \/>\n<meta property=\"og:title\" content=\"Atl\u00e9tico-MG perde jogador importante para o cl\u00e1ssico contra o Cruzeiro\" \/>\n<meta property=\"og:description\" content=\"J\u00fanior Santos \u00e9 expulso e desfalca Atl\u00e9tico em cl\u00e1ssico\u00a0 J\u00fanior Santos, o principal refor\u00e7o do Atl\u00e9tico para 2025, n\u00e3o estar\u00e1 presente no cl\u00e1ssico de domingo que vem. O atacante foi expulso na vit\u00f3ria por 1 a 0 sobre o Athletic, nesta ter\u00e7a-feira (4), no Mineir\u00e3o, em partida v\u00e1lida pela sexta rodada do Campeonato Mineiro, e [&hellip;]\" \/>\n<meta property=\"og:url\" content=\"https:\/\/www.gaveanews.com\/index.php\/2025\/02\/05\/atletico-mg-perde-jogador-importante-para-o-classico-contra-o-cruzeiro\/\" \/>\n<meta property=\"og:site_name\" content=\"G\u00e1vea News\" \/>\n<meta property=\"article:publisher\" content=\"https:\/\/facebook.com\/gaveaNews\/\" \/>\n<meta property=\"article:published_time\" content=\"2025-02-05T16:40:28+00:00\" \/>\n<meta property=\"og:image\" content=\"https:\/\/www.gaveanews.com\/wp-content\/uploads\/Estadio-do-Atletico-MG.webp\" \/>\n\t<meta property=\"og:image:width\" content=\"900\" \/>\n\t<meta property=\"og:image:height\" content=\"600\" \/>\n\t<meta property=\"og:image:type\" content=\"image\/webp\" \/>\n<meta name=\"author\" content=\"D\u00e9bora Figueiredo\" \/>\n<meta name=\"twitter:card\" content=\"summary_large_image\" \/>\n<meta name=\"twitter:label1\" content=\"Escrito por\" \/>\n\t<meta name=\"twitter:data1\" content=\"D\u00e9bora Figueiredo\" \/>\n\t<meta name=\"twitter:label2\" content=\"Est. tempo de leitura\" \/>\n\t<meta name=\"twitter:data2\" content=\"3 minutos\" \/>\n<script type=\"application\/ld+json\" class=\"yoast-schema-graph\">{\"@context\":\"https:\/\/schema.org\",\"@graph\":[{\"@type\":\"NewsArticle\",\"@id\":\"https:\/\/www.gaveanews.com\/index.php\/2025\/02\/05\/atletico-mg-perde-jogador-importante-para-o-classico-contra-o-cruzeiro\/#article\",\"isPartOf\":{\"@id\":\"https:\/\/www.gaveanews.com\/index.php\/2025\/02\/05\/atletico-mg-perde-jogador-importante-para-o-classico-contra-o-cruzeiro\/\"},\"author\":{\"name\":\"D\u00e9bora Figueiredo\",\"@id\":\"https:\/\/www.gaveanews.com\/#\/schema\/person\/37122681a8575a5c8db05a56f099a5e4\"},\"headline\":\"Atl\u00e9tico-MG perde jogador importante para o cl\u00e1ssico contra o Cruzeiro\",\"datePublished\":\"2025-02-05T16:40:28+00:00\",\"mainEntityOfPage\":{\"@id\":\"https:\/\/www.gaveanews.com\/index.php\/2025\/02\/05\/atletico-mg-perde-jogador-importante-para-o-classico-contra-o-cruzeiro\/\"},\"wordCount\":421,\"commentCount\":0,\"image\":{\"@id\":\"https:\/\/www.gaveanews.com\/index.php\/2025\/02\/05\/atletico-mg-perde-jogador-importante-para-o-classico-contra-o-cruzeiro\/#primaryimage\"},\"thumbnailUrl\":\"https:\/\/www.gaveanews.com\/wp-content\/uploads\/Estadio-do-Atletico-MG.webp\",\"articleSection\":[\"Atl\u00e9tico-MG\"],\"inLanguage\":\"pt-BR\",\"potentialAction\":[{\"@type\":\"CommentAction\",\"name\":\"Comment\",\"target\":[\"https:\/\/www.gaveanews.com\/index.php\/2025\/02\/05\/atletico-mg-perde-jogador-importante-para-o-classico-contra-o-cruzeiro\/#respond\"]}],\"copyrightYear\":\"2025\",\"copyrightHolder\":{\"@id\":\"https:\/\/www.gaveanews.com\/#organization\"}},{\"@type\":\"WebPage\",\"@id\":\"https:\/\/www.gaveanews.com\/index.php\/2025\/02\/05\/atletico-mg-perde-jogador-importante-para-o-classico-contra-o-cruzeiro\/\",\"url\":\"https:\/\/www.gaveanews.com\/index.php\/2025\/02\/05\/atletico-mg-perde-jogador-importante-para-o-classico-contra-o-cruzeiro\/\",\"name\":\"Atl\u00e9tico-MG perde jogador importante para o cl\u00e1ssico contra o Cruzeiro\",\"isPartOf\":{\"@id\":\"https:\/\/www.gaveanews.com\/#website\"},\"primaryImageOfPage\":{\"@id\":\"https:\/\/www.gaveanews.com\/index.php\/2025\/02\/05\/atletico-mg-perde-jogador-importante-para-o-classico-contra-o-cruzeiro\/#primaryimage\"},\"image\":{\"@id\":\"https:\/\/www.gaveanews.com\/index.php\/2025\/02\/05\/atletico-mg-perde-jogador-importante-para-o-classico-contra-o-cruzeiro\/#primaryimage\"},\"thumbnailUrl\":\"https:\/\/www.gaveanews.com\/wp-content\/uploads\/Estadio-do-Atletico-MG.webp\",\"datePublished\":\"2025-02-05T16:40:28+00:00\",\"author\":{\"@id\":\"https:\/\/www.gaveanews.com\/#\/schema\/person\/37122681a8575a5c8db05a56f099a5e4\"},\"breadcrumb\":{\"@id\":\"https:\/\/www.gaveanews.com\/index.php\/2025\/02\/05\/atletico-mg-perde-jogador-importante-para-o-classico-contra-o-cruzeiro\/#breadcrumb\"},\"inLanguage\":\"pt-BR\",\"potentialAction\":[{\"@type\":\"ReadAction\",\"target\":[\"https:\/\/www.gaveanews.com\/index.php\/2025\/02\/05\/atletico-mg-perde-jogador-importante-para-o-classico-contra-o-cruzeiro\/\"]}]},{\"@type\":\"ImageObject\",\"inLanguage\":\"pt-BR\",\"@id\":\"https:\/\/www.gaveanews.com\/index.php\/2025\/02\/05\/atletico-mg-perde-jogador-importante-para-o-classico-contra-o-cruzeiro\/#primaryimage\",\"url\":\"https:\/\/www.gaveanews.com\/wp-content\/uploads\/Estadio-do-Atletico-MG.webp\",\"contentUrl\":\"https:\/\/www.gaveanews.com\/wp-content\/uploads\/Estadio-do-Atletico-MG.webp\",\"width\":900,\"height\":600,\"caption\":\"Arena MRV, est\u00e1dio do Atl\u00e9tico-MG (Foto: Reprodu\u00e7\u00e3o\/Atl\u00e9tico)\"},{\"@type\":\"BreadcrumbList\",\"@id\":\"https:\/\/www.gaveanews.com\/index.php\/2025\/02\/05\/atletico-mg-perde-jogador-importante-para-o-classico-contra-o-cruzeiro\/#breadcrumb\",\"itemListElement\":[{\"@type\":\"ListItem\",\"position\":1,\"name\":\"Home\",\"item\":\"https:\/\/www.gaveanews.com\/\"},{\"@type\":\"ListItem\",\"position\":2,\"name\":\"Atl\u00e9tico-MG perde jogador importante para o cl\u00e1ssico contra o Cruzeiro\"}]},{\"@type\":\"WebSite\",\"@id\":\"https:\/\/www.gaveanews.com\/#website\",\"url\":\"https:\/\/www.gaveanews.com\/\",\"name\":\"G\u00e1vea News\",\"description\":\"Veja todas as not\u00edcias sobre o Flamengo: Contrata\u00e7\u00f5es, categorias de base, resultados das partidas, tabela de classifica\u00e7\u00e3o, pr\u00f3ximos jogos!\",\"potentialAction\":[{\"@type\":\"SearchAction\",\"target\":{\"@type\":\"EntryPoint\",\"urlTemplate\":\"https:\/\/www.gaveanews.com\/?s={search_term_string}\"},\"query-input\":{\"@type\":\"PropertyValueSpecification\",\"valueRequired\":true,\"valueName\":\"search_term_string\"}}],\"inLanguage\":\"pt-BR\"},{\"@type\":\"Person\",\"@id\":\"https:\/\/www.gaveanews.com\/#\/schema\/person\/37122681a8575a5c8db05a56f099a5e4\",\"name\":\"D\u00e9bora Figueiredo\",\"image\":{\"@type\":\"ImageObject\",\"inLanguage\":\"pt-BR\",\"@id\":\"https:\/\/www.gaveanews.com\/#\/schema\/person\/image\/\",\"url\":\"https:\/\/secure.gravatar.com\/avatar\/1f44802859351588499d26f52aed1d15796ce17e67602895b72837c08018868d?s=96&d=mm&r=g\",\"contentUrl\":\"https:\/\/secure.gravatar.com\/avatar\/1f44802859351588499d26f52aed1d15796ce17e67602895b72837c08018868d?s=96&d=mm&r=g\",\"caption\":\"D\u00e9bora Figueiredo\"}}]}<\/script>\n<!-- \/ Yoast SEO Premium plugin. -->","yoast_head_json":{"title":"Atl\u00e9tico-MG perde jogador importante para o cl\u00e1ssico contra o Cruzeiro","robots":{"index":"index","follow":"follow","max-snippet":"max-snippet:-1","max-image-preview":"max-image-preview:large","max-video-preview":"max-video-preview:-1"},"canonical":"https:\/\/www.gaveanews.com\/index.php\/2025\/02\/05\/atletico-mg-perde-jogador-importante-para-o-classico-contra-o-cruzeiro\/","og_locale":"pt_BR","og_type":"article","og_title":"Atl\u00e9tico-MG perde jogador importante para o cl\u00e1ssico contra o Cruzeiro","og_description":"J\u00fanior Santos \u00e9 expulso e desfalca Atl\u00e9tico em cl\u00e1ssico\u00a0 J\u00fanior Santos, o principal refor\u00e7o do Atl\u00e9tico para 2025, n\u00e3o estar\u00e1 presente no cl\u00e1ssico de domingo que vem. O atacante foi expulso na vit\u00f3ria por 1 a 0 sobre o Athletic, nesta ter\u00e7a-feira (4), no Mineir\u00e3o, em partida v\u00e1lida pela sexta rodada do Campeonato Mineiro, e [&hellip;]","og_url":"https:\/\/www.gaveanews.com\/index.php\/2025\/02\/05\/atletico-mg-perde-jogador-importante-para-o-classico-contra-o-cruzeiro\/","og_site_name":"G\u00e1vea News","article_publisher":"https:\/\/facebook.com\/gaveaNews\/","article_published_time":"2025-02-05T16:40:28+00:00","og_image":[{"width":900,"height":600,"url":"https:\/\/www.gaveanews.com\/wp-content\/uploads\/Estadio-do-Atletico-MG.webp","type":"image\/webp"}],"author":"D\u00e9bora Figueiredo","twitter_card":"summary_large_image","twitter_misc":{"Escrito por":"D\u00e9bora Figueiredo","Est. tempo de leitura":"3 minutos"},"schema":{"@context":"https:\/\/schema.org","@graph":[{"@type":"NewsArticle","@id":"https:\/\/www.gaveanews.com\/index.php\/2025\/02\/05\/atletico-mg-perde-jogador-importante-para-o-classico-contra-o-cruzeiro\/#article","isPartOf":{"@id":"https:\/\/www.gaveanews.com\/index.php\/2025\/02\/05\/atletico-mg-perde-jogador-importante-para-o-classico-contra-o-cruzeiro\/"},"author":{"name":"D\u00e9bora Figueiredo","@id":"https:\/\/www.gaveanews.com\/#\/schema\/person\/37122681a8575a5c8db05a56f099a5e4"},"headline":"Atl\u00e9tico-MG perde jogador importante para o cl\u00e1ssico contra o Cruzeiro","datePublished":"2025-02-05T16:40:28+00:00","mainEntityOfPage":{"@id":"https:\/\/www.gaveanews.com\/index.php\/2025\/02\/05\/atletico-mg-perde-jogador-importante-para-o-classico-contra-o-cruzeiro\/"},"wordCount":421,"commentCount":0,"image":{"@id":"https:\/\/www.gaveanews.com\/index.php\/2025\/02\/05\/atletico-mg-perde-jogador-importante-para-o-classico-contra-o-cruzeiro\/#primaryimage"},"thumbnailUrl":"https:\/\/www.gaveanews.com\/wp-content\/uploads\/Estadio-do-Atletico-MG.webp","articleSection":["Atl\u00e9tico-MG"],"inLanguage":"pt-BR","potentialAction":[{"@type":"CommentAction","name":"Comment","target":["https:\/\/www.gaveanews.com\/index.php\/2025\/02\/05\/atletico-mg-perde-jogador-importante-para-o-classico-contra-o-cruzeiro\/#respond"]}],"copyrightYear":"2025","copyrightHolder":{"@id":"https:\/\/www.gaveanews.com\/#organization"}},{"@type":"WebPage","@id":"https:\/\/www.gaveanews.com\/index.php\/2025\/02\/05\/atletico-mg-perde-jogador-importante-para-o-classico-contra-o-cruzeiro\/","url":"https:\/\/www.gaveanews.com\/index.php\/2025\/02\/05\/atletico-mg-perde-jogador-importante-para-o-classico-contra-o-cruzeiro\/","name":"Atl\u00e9tico-MG perde jogador importante para o cl\u00e1ssico contra o Cruzeiro","isPartOf":{"@id":"https:\/\/www.gaveanews.com\/#website"},"primaryImageOfPage":{"@id":"https:\/\/www.gaveanews.com\/index.php\/2025\/02\/05\/atletico-mg-perde-jogador-importante-para-o-classico-contra-o-cruzeiro\/#primaryimage"},"image":{"@id":"https:\/\/www.gaveanews.com\/index.php\/2025\/02\/05\/atletico-mg-perde-jogador-importante-para-o-classico-contra-o-cruzeiro\/#primaryimage"},"thumbnailUrl":"https:\/\/www.gaveanews.com\/wp-content\/uploads\/Estadio-do-Atletico-MG.webp","datePublished":"2025-02-05T16:40:28+00:00","author":{"@id":"https:\/\/www.gaveanews.com\/#\/schema\/person\/37122681a8575a5c8db05a56f099a5e4"},"breadcrumb":{"@id":"https:\/\/www.gaveanews.com\/index.php\/2025\/02\/05\/atletico-mg-perde-jogador-importante-para-o-classico-contra-o-cruzeiro\/#breadcrumb"},"inLanguage":"pt-BR","potentialAction":[{"@type":"ReadAction","target":["https:\/\/www.gaveanews.com\/index.php\/2025\/02\/05\/atletico-mg-perde-jogador-importante-para-o-classico-contra-o-cruzeiro\/"]}]},{"@type":"ImageObject","inLanguage":"pt-BR","@id":"https:\/\/www.gaveanews.com\/index.php\/2025\/02\/05\/atletico-mg-perde-jogador-importante-para-o-classico-contra-o-cruzeiro\/#primaryimage","url":"https:\/\/www.gaveanews.com\/wp-content\/uploads\/Estadio-do-Atletico-MG.webp","contentUrl":"https:\/\/www.gaveanews.com\/wp-content\/uploads\/Estadio-do-Atletico-MG.webp","width":900,"height":600,"caption":"Arena MRV, est\u00e1dio do Atl\u00e9tico-MG (Foto: Reprodu\u00e7\u00e3o\/Atl\u00e9tico)"},{"@type":"BreadcrumbList","@id":"https:\/\/www.gaveanews.com\/index.php\/2025\/02\/05\/atletico-mg-perde-jogador-importante-para-o-classico-contra-o-cruzeiro\/#breadcrumb","itemListElement":[{"@type":"ListItem","position":1,"name":"Home","item":"https:\/\/www.gaveanews.com\/"},{"@type":"ListItem","position":2,"name":"Atl\u00e9tico-MG perde jogador importante para o cl\u00e1ssico contra o Cruzeiro"}]},{"@type":"WebSite","@id":"https:\/\/www.gaveanews.com\/#website","url":"https:\/\/www.gaveanews.com\/","name":"G\u00e1vea News","description":"Veja todas as not\u00edcias sobre o Flamengo: Contrata\u00e7\u00f5es, categorias de base, resultados das partidas, tabela de classifica\u00e7\u00e3o, pr\u00f3ximos jogos!","potentialAction":[{"@type":"SearchAction","target":{"@type":"EntryPoint","urlTemplate":"https:\/\/www.gaveanews.com\/?s={search_term_string}"},"query-input":{"@type":"PropertyValueSpecification","valueRequired":true,"valueName":"search_term_string"}}],"inLanguage":"pt-BR"},{"@type":"Person","@id":"https:\/\/www.gaveanews.com\/#\/schema\/person\/37122681a8575a5c8db05a56f099a5e4","name":"D\u00e9bora Figueiredo","image":{"@type":"ImageObject","inLanguage":"pt-BR","@id":"https:\/\/www.gaveanews.com\/#\/schema\/person\/image\/","url":"https:\/\/secure.gravatar.com\/avatar\/1f44802859351588499d26f52aed1d15796ce17e67602895b72837c08018868d?s=96&d=mm&r=g","contentUrl":"https:\/\/secure.gravatar.com\/avatar\/1f44802859351588499d26f52aed1d15796ce17e67602895b72837c08018868d?s=96&d=mm&r=g","caption":"D\u00e9bora Figueiredo"}}]}},"_links":{"self":[{"href":"https:\/\/www.gaveanews.com\/index.php\/wp-json\/wp\/v2\/posts\/223555","targetHints":{"allow":["GET"]}}],"collection":[{"href":"https:\/\/www.gaveanews.com\/index.php\/wp-json\/wp\/v2\/posts"}],"about":[{"href":"https:\/\/www.gaveanews.com\/index.php\/wp-json\/wp\/v2\/types\/post"}],"author":[{"embeddable":true,"href":"https:\/\/www.gaveanews.com\/index.php\/wp-json\/wp\/v2\/users\/16"}],"replies":[{"embeddable":true,"href":"https:\/\/www.gaveanews.com\/index.php\/wp-json\/wp\/v2\/comments?post=223555"}],"version-history":[{"count":1,"href":"https:\/\/www.gaveanews.com\/index.php\/wp-json\/wp\/v2\/posts\/223555\/revisions"}],"predecessor-version":[{"id":223561,"href":"https:\/\/www.gaveanews.com\/index.php\/wp-json\/wp\/v2\/posts\/223555\/revisions\/223561"}],"wp:featuredmedia":[{"embeddable":true,"href":"https:\/\/www.gaveanews.com\/index.php\/wp-json\/wp\/v2\/media\/153999"}],"wp:attachment":[{"href":"https:\/\/www.gaveanews.com\/index.php\/wp-json\/wp\/v2\/media?parent=223555"}],"wp:term":[{"taxonomy":"category","embeddable":true,"href":"https:\/\/www.gaveanews.com\/index.php\/wp-json\/wp\/v2\/categories?post=223555"},{"taxonomy":"post_tag","embeddable":true,"href":"https:\/\/www.gaveanews.com\/index.php\/wp-json\/wp\/v2\/tags?post=223555"}],"curies":[{"name":"wp","href":"https:\/\/api.w.org\/{rel}","templated":true}]}}